{"id":46679,"date":"2026-08-31T13:00:00","date_gmt":"2026-08-31T16:00:00","guid":{"rendered":"https:\/\/agenciainfra.com\/blog\/?p=46679"},"modified":"2026-08-31T13:00:01","modified_gmt":"2026-08-31T16:00:01","slug":"anac-avalia-suspender-operacao-da-total-linhas-aereas-focada-em-carga","status":"publish","type":"post","link":"https:\/\/agenciainfra.com\/blog\/anac-avalia-suspender-operacao-da-total-linhas-aereas-focada-em-carga\/","title":{"rendered":"ANAC avalia suspender opera\u00e7\u00e3o da Total Linhas A\u00e9reas, focada em carga"},"content":{"rendered":"\n<p class=\"has-text-align-right\"><strong>Amanda Pupo, da Ag\u00eancia iNFRA<\/strong><\/p>\n\n\n\n<figure class=\"wp-block-image aligncenter size-full is-resized\"><a href=\"https:\/\/agenciainfra.com\/blog\/assine-nossos-servicos\/\" target=\"_blank\" rel=\" noreferrer noopener\"><img fetchpriority=\"high\" decoding=\"async\" width=\"966\" height=\"117\" src=\"https:\/\/agenciainfra.com\/blog\/wp-content\/uploads\/2026\/01\/selo-assinantes-1.png\" alt=\"\" class=\"wp-image-35239\" style=\"width:400px\" srcset=\"https:\/\/agenciainfra.com\/blog\/wp-content\/uploads\/2026\/01\/selo-assinantes-1.png 966w, https:\/\/agenciainfra.com\/blog\/wp-content\/uploads\/2026\/01\/selo-assinantes-1-300x36.png 300w, https:\/\/agenciainfra.com\/blog\/wp-content\/uploads\/2026\/01\/selo-assinantes-1-768x93.png 768w\" sizes=\"(max-width: 966px) 100vw, 966px\" \/><\/a><\/figure>\n\n\n\n<p>A ANAC (Ag\u00eancia Nacional de Avia\u00e7\u00e3o Civil) avalia suspender as opera\u00e7\u00f5es da Total Linhas A\u00e9reas, companhia com atua\u00e7\u00e3o focada em transporte de cargas e itens postais \u2013 os Correios est\u00e3o entre os principais clientes. Segundo apurou a\u00a0<strong>Ag\u00eancia iNFRA<\/strong>, a an\u00e1lise \u00e9 feita diante do desempenho ruim nos indicadores de seguran\u00e7a operacional da empresa, que, mesmo ap\u00f3s medidas cautelares impostas pela ag\u00eancia desde 2024, n\u00e3o evolu\u00edram de maneira adequada. Dessa forma, o COA (Certificado de Operador A\u00e9reo) da Total pode acabar suspenso, o que impede a companhia de realizar opera\u00e7\u00f5es a\u00e9reas.<\/p>\n\n\n\n<p>H\u00e1 uma s\u00e9rie de n\u00e3o conformidades identificadas nas opera\u00e7\u00f5es da Total, levantadas pela \u00e1rea de seguran\u00e7a da ANAC. Dentro da fiscaliza\u00e7\u00e3o que \u00e9 feita pela reguladora, quando esses problemas s\u00e3o constatados, a empresa pode enviar um pacote de medidas corretivas para a ag\u00eancia. Essa resposta por parte da companhia, contudo, n\u00e3o tem sido satisfat\u00f3ria, de acordo com fontes ouvidas pela reportagem.&nbsp;<\/p>\n\n\n\n<p>Desde 2024 j\u00e1 foram quatro medidas cautelares aplicadas pela ANAC, tr\u00eas delas ainda v\u00e1lidas porque a Total n\u00e3o teria se regularizado at\u00e9 o momento. A \u00faltima delas \u00e9 deste m\u00eas. Em\u00a0<a href=\"https:\/\/www.anac.gov.br\/assuntos\/legislacao\/legislacao-1\/portarias\/2026\/portaria-19750\" target=\"_blank\" rel=\"noreferrer noopener\">portaria<\/a>\u00a0publicada no \u00faltimo dia 11 no DOU (Di\u00e1rio Oficial da Uni\u00e3o), a ANAC proibiu a companhia de implantar novas bases de opera\u00e7\u00e3o no Brasil e de aumentar frequ\u00eancias nos aeroportos de Guarulhos (SP), Florian\u00f3polis (SC) \u2013 cada um com limite de dez frequ\u00eancias semanais \u2013, Porto Alegre (RS) e Recife (PE) \u2013 estes devendo ter at\u00e9 cinco frequ\u00eancias semanais.\u00a0<\/p>\n\n\n\n<p>A san\u00e7\u00e3o vale at\u00e9 que a empresa corrija as n\u00e3o conformidades identificadas pela ANAC. Segundo apurou a&nbsp;<strong>Ag\u00eancia iNFRA<\/strong>, a decis\u00e3o foi tomada ap\u00f3s a \u00e1rea t\u00e9cnica da ag\u00eancia mapear falhas em procedimentos de seguran\u00e7a. No hist\u00f3rico das demais medidas cautelares ainda h\u00e1 problemas nos sistemas de gerenciamento de seguran\u00e7a e de supervis\u00e3o, por exemplo.&nbsp;<\/p>\n\n\n\n<p>Entre problemas levantados\u00a0est\u00e3o tentativas de transporte de artigos perigosos que n\u00e3o obedeceriam ao tratamento estabelecido pela ANAC. \u00c9 o caso de baterias de l\u00edtio, que, movimentadas de maneira irregular, podem causar explos\u00e3o.\u00a0<\/p>\n\n\n\n<p>Os t\u00e9cnicos da ag\u00eancia tamb\u00e9m identificaram uma tend\u00eancia de subnotifica\u00e7\u00e3o de ocorr\u00eancias que representaram algum risco para a opera\u00e7\u00e3o a\u00e9rea ou do aeroporto onde o fato ocorreu. Relatos sobre poss\u00edveis irregularidades na manuten\u00e7\u00e3o de equipamentos tamb\u00e9m entraram no radar.&nbsp;&nbsp;<\/p>\n\n\n\n<p><strong>Momento sens\u00edvel<\/strong><br>O cen\u00e1rio de opera\u00e7\u00f5es da Total tem preocupado integrantes da reguladora. A ANAC vive um momento sens\u00edvel ap\u00f3s a divulga\u00e7\u00e3o do relat\u00f3rio do Cenipa (Centro de Investiga\u00e7\u00e3o e Preven\u00e7\u00e3o de Acidentes Aeron\u00e1uticos) sobre o acidente a\u00e9reo da Voepass em Vinhedo que resultou na morte de 62 pessoas em agosto de 2024.<\/p>\n\n\n\n<p>Segundo o\u00a0<a href=\"https:\/\/sistema.cenipa.fab.mil.br\/cenipa\/paginas\/relatorios\/relatorios.php?matricula_anv=PSVPB\" data-type=\"link\" data-id=\"https:\/\/sistema.cenipa.fab.mil.br\/cenipa\/paginas\/relatorios\/relatorios.php?matricula_anv=PSVPB\" target=\"_blank\" rel=\"noreferrer noopener\">documento<\/a>, a\u00e7\u00f5es conduzidas pela ANAC entre 2022 e 2024 revelaram \u201cdiversas\u201d n\u00e3o conformidades t\u00e9cnicas, procedimentais e sist\u00eamicas, abrangendo desde manuten\u00e7\u00e3o de linha at\u00e9 gest\u00e3o documental e operacional.<\/p>\n\n\n\n<p>Mas, na avalia\u00e7\u00e3o feita pelo Cenipa, os sinais que identificavam perigos e degrada\u00e7\u00e3o das condi\u00e7\u00f5es t\u00e9cnicas antes do acidente n\u00e3o foram capazes de, analisados no \u00e2mbito do processo de gerenciamento de risco da ANAC, auxiliar nas tomadas de decis\u00f5es estrat\u00e9gicas necess\u00e1rias pela ag\u00eancia.&nbsp;<\/p>\n\n\n\n<p>No caso da Voepass, o COA foi suspenso cautelarmente em mar\u00e7o de 2025, depois do acidente em Vinhedo, com a cassa\u00e7\u00e3o definitiva do certificado em junho do ano passado. Entre as recomenda\u00e7\u00f5es feitas pelo Cenipa \u00e0 ANAC est\u00e1 a orienta\u00e7\u00e3o para que a ag\u00eancia revise e atualize seus processos internos de gerenciamento de risco, em especial os que decorrem de atividades de vigil\u00e2ncia cont\u00ednua, para que eles sejam capazes de auxiliar na tomada de decis\u00f5es de controle de risco.<\/p>\n\n\n\n<p>Em resposta, a ag\u00eancia disse no \u00faltimo m\u00eas que iniciaria a etapa de an\u00e1lise t\u00e9cnica detalhada das conclus\u00f5es apontadas e das recomenda\u00e7\u00f5es relacionadas \u00e0s suas compet\u00eancias. Mesmo antes da publica\u00e7\u00e3o do relat\u00f3rio a reguladora j\u00e1 havia adotado algumas mudan\u00e7as em procedimentos, como levar para a diretoria a decis\u00e3o sobre a suspens\u00e3o de um COA \u2013 antes, apenas a cassa\u00e7\u00e3o definitiva era avaliada pelos diretores.&nbsp;<\/p>\n\n\n\n<p><strong>Atua\u00e7\u00e3o da Total<\/strong><br>A Total Linhas A\u00e9reas \u00e9 comandada pelo empres\u00e1rio Paulo&nbsp;Almada. No final do ano passado, ele afirmou&nbsp;que a empresa tinha planos de retomar a opera\u00e7\u00e3o de voos regulares de passageiros no Brasil. Segundo o site da companhia, as opera\u00e7\u00f5es come\u00e7aram em 1988, e, hoje, os servi\u00e7os s\u00e3o voltados ao transporte a\u00e9reo de cargas, fretamento cargueiro, opera\u00e7\u00f5es dedicadas e transporte postal.&nbsp;<\/p>\n\n\n\n<p>No final de 2024, um avi\u00e3o cargueiro da companhia fez um pouso emergencial no Aeroporto de Guarulhos, saindo de Vit\u00f3ria (ES), ap\u00f3s pegar fogo.&nbsp;A empresa foi procurada pelo canal de comunica\u00e7\u00e3o disponibilizado no site da Total Linhas A\u00e9reas, mas n\u00e3o retornou at\u00e9 o fechamento desta edi\u00e7\u00e3o. A ANAC tamb\u00e9m foi procurada pela reportagem.<\/p>\n","protected":false},"excerpt":{"rendered":"<p>Amanda Pupo, da Ag\u00eancia iNFRA A ANAC (Ag\u00eancia Nacional de Avia\u00e7\u00e3o Civil) avalia suspender as opera\u00e7\u00f5es da Total Linhas A\u00e9reas, companhia com atua\u00e7\u00e3o focada em transporte de cargas e itens postais \u2013 os Correios est\u00e3o entre os principais clientes. Segundo apurou a\u00a0Ag\u00eancia iNFRA, a an\u00e1lise \u00e9 feita diante do desempenho ruim nos indicadores de seguran\u00e7a [&hellip;]<\/p>\n","protected":false},"author":1,"featured_media":46680,"comment_status":"closed","ping_status":"closed","sticky":false,"template":"","format":"standard","meta":{"_monsterinsights_skip_tracking":false,"_monsterinsights_sitenote_active":false,"_monsterinsights_sitenote_note":"","_monsterinsights_sitenote_category":0,"footnotes":""},"categories":[7249],"tags":[13354,242,19971,3029,21616,21615,1059,13953],"class_list":["post-46679","post","type-post","status-publish","format-standard","has-post-thumbnail","hentry","category-destaque","tag-amanda-pupo","tag-anac","tag-cenipa","tag-correios","tag-paulo-almada","tag-total-linhas-aereas","tag-transporte-de-cargas","tag-voepass"],"yoast_head":"<!-- This site is optimized with the Yoast SEO Premium plugin v25.4 (Yoast SEO v28.2) - https:\/\/yoast.com\/product\/yoast-seo-premium-wordpress\/ -->\n<title>ANAC avalia suspender opera\u00e7\u00e3o da Total Linhas A\u00e9reas, focada em carga - Ag\u00eancia iNFRA<\/title>\n<meta name=\"robots\" content=\"index, follow, max-snippet:-1, max-image-preview:large, max-video-preview:-1\" \/>\n<link rel=\"canonical\" href=\"https:\/\/agenciainfra.com\/blog\/anac-avalia-suspender-operacao-da-total-linhas-aereas-focada-em-carga\/\" \/>\n<meta property=\"og:locale\" content=\"pt_BR\" \/>\n<meta property=\"og:type\" content=\"article\" \/>\n<meta property=\"og:title\" content=\"ANAC avalia suspender opera\u00e7\u00e3o da Total Linhas A\u00e9reas, focada em carga\" \/>\n<meta property=\"og:description\" content=\"Amanda Pupo, da Ag\u00eancia iNFRA A ANAC (Ag\u00eancia Nacional de Avia\u00e7\u00e3o Civil) avalia suspender as opera\u00e7\u00f5es da Total Linhas A\u00e9reas, companhia com atua\u00e7\u00e3o focada em transporte de cargas e itens postais \u2013 os Correios est\u00e3o entre os principais clientes. Segundo apurou a\u00a0Ag\u00eancia iNFRA, a an\u00e1lise \u00e9 feita diante do desempenho ruim nos indicadores de seguran\u00e7a [&hellip;]\" \/>\n<meta property=\"og:url\" content=\"https:\/\/agenciainfra.com\/blog\/anac-avalia-suspender-operacao-da-total-linhas-aereas-focada-em-carga\/\" \/>\n<meta property=\"og:site_name\" content=\"Ag\u00eancia iNFRA\" \/>\n<meta property=\"article:publisher\" content=\"https:\/\/www.facebook.com\/ageninfra\" \/>\n<meta property=\"article:published_time\" content=\"2026-08-31T16:00:00+00:00\" \/>\n<meta property=\"article:modified_time\" content=\"2026-08-31T16:00:01+00:00\" \/>\n<meta property=\"og:image\" content=\"https:\/\/agenciainfra.com\/blog\/wp-content\/uploads\/2026\/08\/aeronave-total-cargo-foto-total-cargo-divulgacao.jpg\" \/>\n\t<meta property=\"og:image:width\" content=\"1280\" \/>\n\t<meta property=\"og:image:height\" content=\"853\" \/>\n\t<meta property=\"og:image:type\" content=\"image\/jpeg\" \/>\n<meta name=\"author\" content=\"Ag\u00eancia iNFRA\" \/>\n<meta name=\"twitter:card\" content=\"summary_large_image\" \/>\n<meta name=\"twitter:creator\" content=\"@agencia_infra\" \/>\n<meta name=\"twitter:site\" content=\"@agencia_infra\" \/>\n<meta name=\"twitter:label1\" content=\"Escrito por\" \/>\n\t<meta name=\"twitter:data1\" content=\"Ag\u00eancia iNFRA\" \/>\n\t<meta name=\"twitter:label2\" content=\"Est. tempo de leitura\" \/>\n\t<meta name=\"twitter:data2\" content=\"4 minutos\" \/>\n<script type=\"application\/ld+json\" class=\"yoast-schema-graph\">{\"@context\":\"https:\\\/\\\/schema.org\",\"@graph\":[{\"@type\":\"Article\",\"@id\":\"https:\\\/\\\/agenciainfra.com\\\/blog\\\/anac-avalia-suspender-operacao-da-total-linhas-aereas-focada-em-carga\\\/#article\",\"isPartOf\":{\"@id\":\"https:\\\/\\\/agenciainfra.com\\\/blog\\\/anac-avalia-suspender-operacao-da-total-linhas-aereas-focada-em-carga\\\/\"},\"author\":{\"name\":\"Ag\u00eancia iNFRA\",\"@id\":\"https:\\\/\\\/agenciainfra.com\\\/blog\\\/#\\\/schema\\\/person\\\/34af08dff6adea4cb22b06612ba7acfa\"},\"headline\":\"ANAC avalia suspender opera\u00e7\u00e3o da Total Linhas A\u00e9reas, focada em carga\",\"datePublished\":\"2026-08-31T16:00:00+00:00\",\"dateModified\":\"2026-08-31T16:00:01+00:00\",\"mainEntityOfPage\":{\"@id\":\"https:\\\/\\\/agenciainfra.com\\\/blog\\\/anac-avalia-suspender-operacao-da-total-linhas-aereas-focada-em-carga\\\/\"},\"wordCount\":892,\"publisher\":{\"@id\":\"https:\\\/\\\/agenciainfra.com\\\/blog\\\/#organization\"},\"image\":{\"@id\":\"https:\\\/\\\/agenciainfra.com\\\/blog\\\/anac-avalia-suspender-operacao-da-total-linhas-aereas-focada-em-carga\\\/#primaryimage\"},\"thumbnailUrl\":\"https:\\\/\\\/agenciainfra.com\\\/blog\\\/wp-content\\\/uploads\\\/2026\\\/08\\\/aeronave-total-cargo-foto-total-cargo-divulgacao.jpg\",\"keywords\":[\"Amanda Pupo\",\"ANAC\",\"cenipa\",\"Correios\",\"Paulo Almada\",\"Total Linhas A\u00e9reas\",\"transporte de cargas\",\"Voepass\"],\"articleSection\":[\"Destaque\"],\"inLanguage\":\"pt-BR\",\"copyrightYear\":\"2026\",\"copyrightHolder\":{\"@id\":\"https:\\\/\\\/agenciainfra.com\\\/blog\\\/#organization\"}},{\"@type\":\"WebPage\",\"@id\":\"https:\\\/\\\/agenciainfra.com\\\/blog\\\/anac-avalia-suspender-operacao-da-total-linhas-aereas-focada-em-carga\\\/\",\"url\":\"https:\\\/\\\/agenciainfra.com\\\/blog\\\/anac-avalia-suspender-operacao-da-total-linhas-aereas-focada-em-carga\\\/\",\"name\":\"ANAC avalia suspender opera\u00e7\u00e3o da Total Linhas A\u00e9reas, focada em carga - Ag\u00eancia iNFRA\",\"isPartOf\":{\"@id\":\"https:\\\/\\\/agenciainfra.com\\\/blog\\\/#website\"},\"primaryImageOfPage\":{\"@id\":\"https:\\\/\\\/agenciainfra.com\\\/blog\\\/anac-avalia-suspender-operacao-da-total-linhas-aereas-focada-em-carga\\\/#primaryimage\"},\"image\":{\"@id\":\"https:\\\/\\\/agenciainfra.com\\\/blog\\\/anac-avalia-suspender-operacao-da-total-linhas-aereas-focada-em-carga\\\/#primaryimage\"},\"thumbnailUrl\":\"https:\\\/\\\/agenciainfra.com\\\/blog\\\/wp-content\\\/uploads\\\/2026\\\/08\\\/aeronave-total-cargo-foto-total-cargo-divulgacao.jpg\",\"datePublished\":\"2026-08-31T16:00:00+00:00\",\"dateModified\":\"2026-08-31T16:00:01+00:00\",\"breadcrumb\":{\"@id\":\"https:\\\/\\\/agenciainfra.com\\\/blog\\\/anac-avalia-suspender-operacao-da-total-linhas-aereas-focada-em-carga\\\/#breadcrumb\"},\"inLanguage\":\"pt-BR\",\"potentialAction\":[{\"@type\":\"ReadAction\",\"target\":[\"https:\\\/\\\/agenciainfra.com\\\/blog\\\/anac-avalia-suspender-operacao-da-total-linhas-aereas-focada-em-carga\\\/\"]}]},{\"@type\":\"ImageObject\",\"inLanguage\":\"pt-BR\",\"@id\":\"https:\\\/\\\/agenciainfra.com\\\/blog\\\/anac-avalia-suspender-operacao-da-total-linhas-aereas-focada-em-carga\\\/#primaryimage\",\"url\":\"https:\\\/\\\/agenciainfra.com\\\/blog\\\/wp-content\\\/uploads\\\/2026\\\/08\\\/aeronave-total-cargo-foto-total-cargo-divulgacao.jpg\",\"contentUrl\":\"https:\\\/\\\/agenciainfra.com\\\/blog\\\/wp-content\\\/uploads\\\/2026\\\/08\\\/aeronave-total-cargo-foto-total-cargo-divulgacao.jpg\",\"width\":1280,\"height\":853,\"caption\":\"Foto: Total Cargo\"},{\"@type\":\"BreadcrumbList\",\"@id\":\"https:\\\/\\\/agenciainfra.com\\\/blog\\\/anac-avalia-suspender-operacao-da-total-linhas-aereas-focada-em-carga\\\/#breadcrumb\",\"itemListElement\":[{\"@type\":\"ListItem\",\"position\":1,\"name\":\"In\u00edcio\",\"item\":\"https:\\\/\\\/agenciainfra.com\\\/blog\\\/\"},{\"@type\":\"ListItem\",\"position\":2,\"name\":\"ANAC avalia suspender opera\u00e7\u00e3o da Total Linhas A\u00e9reas, focada em carga\"}]},{\"@type\":\"WebSite\",\"@id\":\"https:\\\/\\\/agenciainfra.com\\\/blog\\\/#website\",\"url\":\"https:\\\/\\\/agenciainfra.com\\\/blog\\\/\",\"name\":\"Ag\u00eancia iNFRA\",\"description\":\"Multiplataforma de informa\u00e7\u00e3o jornal\u00edstica refer\u00eancia na \u00e1rea de infraestrutura no Brasil!\",\"publisher\":{\"@id\":\"https:\\\/\\\/agenciainfra.com\\\/blog\\\/#organization\"},\"potentialAction\":[{\"@type\":\"SearchAction\",\"target\":{\"@type\":\"EntryPoint\",\"urlTemplate\":\"https:\\\/\\\/agenciainfra.com\\\/blog\\\/?s={search_term_string}\"},\"query-input\":{\"@type\":\"PropertyValueSpecification\",\"valueRequired\":true,\"valueName\":\"search_term_string\"}}],\"inLanguage\":\"pt-BR\"},{\"@type\":\"Organization\",\"@id\":\"https:\\\/\\\/agenciainfra.com\\\/blog\\\/#organization\",\"name\":\"Ag\u00eancia iNFRA\",\"url\":\"https:\\\/\\\/agenciainfra.com\\\/blog\\\/\",\"logo\":{\"@type\":\"ImageObject\",\"inLanguage\":\"pt-BR\",\"@id\":\"https:\\\/\\\/agenciainfra.com\\\/blog\\\/#\\\/schema\\\/logo\\\/image\\\/\",\"url\":\"https:\\\/\\\/agenciainfra.com\\\/blog\\\/wp-content\\\/uploads\\\/2023\\\/09\\\/iNFRA_5-e1761735885940.png\",\"contentUrl\":\"https:\\\/\\\/agenciainfra.com\\\/blog\\\/wp-content\\\/uploads\\\/2023\\\/09\\\/iNFRA_5-e1761735885940.png\",\"width\":1672,\"height\":454,\"caption\":\"Ag\u00eancia iNFRA\"},\"image\":{\"@id\":\"https:\\\/\\\/agenciainfra.com\\\/blog\\\/#\\\/schema\\\/logo\\\/image\\\/\"},\"sameAs\":[\"https:\\\/\\\/www.facebook.com\\\/ageninfra\",\"https:\\\/\\\/x.com\\\/agencia_infra\",\"https:\\\/\\\/www.linkedin.com\\\/company\\\/ag\u00eanciainfra\\\/\",\"https:\\\/\\\/www.instagram.com\\\/agenciainfra\\\/\"]},{\"@type\":\"Person\",\"@id\":\"https:\\\/\\\/agenciainfra.com\\\/blog\\\/#\\\/schema\\\/person\\\/34af08dff6adea4cb22b06612ba7acfa\",\"name\":\"Ag\u00eancia iNFRA\",\"image\":{\"@type\":\"ImageObject\",\"inLanguage\":\"pt-BR\",\"@id\":\"https:\\\/\\\/secure.gravatar.com\\\/avatar\\\/d189e01678f06d8eb84d4e01f08eb848b3fffe3f8443818d3c356c66892f5be8?s=96&d=mm&r=g\",\"url\":\"https:\\\/\\\/secure.gravatar.com\\\/avatar\\\/d189e01678f06d8eb84d4e01f08eb848b3fffe3f8443818d3c356c66892f5be8?s=96&d=mm&r=g\",\"contentUrl\":\"https:\\\/\\\/secure.gravatar.com\\\/avatar\\\/d189e01678f06d8eb84d4e01f08eb848b3fffe3f8443818d3c356c66892f5be8?s=96&d=mm&r=g\",\"caption\":\"Ag\u00eancia iNFRA\"},\"url\":\"https:\\\/\\\/agenciainfra.com\\\/blog\\\/author\\\/admin\\\/\"}]}<\/script>\n<!-- \/ Yoast SEO Premium plugin. -->","yoast_head_json":{"title":"ANAC avalia suspender opera\u00e7\u00e3o da Total Linhas A\u00e9reas, focada em carga - Ag\u00eancia iNFRA","robots":{"index":"index","follow":"follow","max-snippet":"max-snippet:-1","max-image-preview":"max-image-preview:large","max-video-preview":"max-video-preview:-1"},"canonical":"https:\/\/agenciainfra.com\/blog\/anac-avalia-suspender-operacao-da-total-linhas-aereas-focada-em-carga\/","og_locale":"pt_BR","og_type":"article","og_title":"ANAC avalia suspender opera\u00e7\u00e3o da Total Linhas A\u00e9reas, focada em carga","og_description":"Amanda Pupo, da Ag\u00eancia iNFRA A ANAC (Ag\u00eancia Nacional de Avia\u00e7\u00e3o Civil) avalia suspender as opera\u00e7\u00f5es da Total Linhas A\u00e9reas, companhia com atua\u00e7\u00e3o focada em transporte de cargas e itens postais \u2013 os Correios est\u00e3o entre os principais clientes. Segundo apurou a\u00a0Ag\u00eancia iNFRA, a an\u00e1lise \u00e9 feita diante do desempenho ruim nos indicadores de seguran\u00e7a [&hellip;]","og_url":"https:\/\/agenciainfra.com\/blog\/anac-avalia-suspender-operacao-da-total-linhas-aereas-focada-em-carga\/","og_site_name":"Ag\u00eancia iNFRA","article_publisher":"https:\/\/www.facebook.com\/ageninfra","article_published_time":"2026-08-31T16:00:00+00:00","article_modified_time":"2026-08-31T16:00:01+00:00","og_image":[{"width":1280,"height":853,"url":"https:\/\/agenciainfra.com\/blog\/wp-content\/uploads\/2026\/08\/aeronave-total-cargo-foto-total-cargo-divulgacao.jpg","type":"image\/jpeg"}],"author":"Ag\u00eancia iNFRA","twitter_card":"summary_large_image","twitter_creator":"@agencia_infra","twitter_site":"@agencia_infra","twitter_misc":{"Escrito por":"Ag\u00eancia iNFRA","Est. tempo de leitura":"4 minutos"},"schema":{"@context":"https:\/\/schema.org","@graph":[{"@type":"Article","@id":"https:\/\/agenciainfra.com\/blog\/anac-avalia-suspender-operacao-da-total-linhas-aereas-focada-em-carga\/#article","isPartOf":{"@id":"https:\/\/agenciainfra.com\/blog\/anac-avalia-suspender-operacao-da-total-linhas-aereas-focada-em-carga\/"},"author":{"name":"Ag\u00eancia iNFRA","@id":"https:\/\/agenciainfra.com\/blog\/#\/schema\/person\/34af08dff6adea4cb22b06612ba7acfa"},"headline":"ANAC avalia suspender opera\u00e7\u00e3o da Total Linhas A\u00e9reas, focada em carga","datePublished":"2026-08-31T16:00:00+00:00","dateModified":"2026-08-31T16:00:01+00:00","mainEntityOfPage":{"@id":"https:\/\/agenciainfra.com\/blog\/anac-avalia-suspender-operacao-da-total-linhas-aereas-focada-em-carga\/"},"wordCount":892,"publisher":{"@id":"https:\/\/agenciainfra.com\/blog\/#organization"},"image":{"@id":"https:\/\/agenciainfra.com\/blog\/anac-avalia-suspender-operacao-da-total-linhas-aereas-focada-em-carga\/#primaryimage"},"thumbnailUrl":"https:\/\/agenciainfra.com\/blog\/wp-content\/uploads\/2026\/08\/aeronave-total-cargo-foto-total-cargo-divulgacao.jpg","keywords":["Amanda Pupo","ANAC","cenipa","Correios","Paulo Almada","Total Linhas A\u00e9reas","transporte de cargas","Voepass"],"articleSection":["Destaque"],"inLanguage":"pt-BR","copyrightYear":"2026","copyrightHolder":{"@id":"https:\/\/agenciainfra.com\/blog\/#organization"}},{"@type":"WebPage","@id":"https:\/\/agenciainfra.com\/blog\/anac-avalia-suspender-operacao-da-total-linhas-aereas-focada-em-carga\/","url":"https:\/\/agenciainfra.com\/blog\/anac-avalia-suspender-operacao-da-total-linhas-aereas-focada-em-carga\/","name":"ANAC avalia suspender opera\u00e7\u00e3o da Total Linhas A\u00e9reas, focada em carga - Ag\u00eancia iNFRA","isPartOf":{"@id":"https:\/\/agenciainfra.com\/blog\/#website"},"primaryImageOfPage":{"@id":"https:\/\/agenciainfra.com\/blog\/anac-avalia-suspender-operacao-da-total-linhas-aereas-focada-em-carga\/#primaryimage"},"image":{"@id":"https:\/\/agenciainfra.com\/blog\/anac-avalia-suspender-operacao-da-total-linhas-aereas-focada-em-carga\/#primaryimage"},"thumbnailUrl":"https:\/\/agenciainfra.com\/blog\/wp-content\/uploads\/2026\/08\/aeronave-total-cargo-foto-total-cargo-divulgacao.jpg","datePublished":"2026-08-31T16:00:00+00:00","dateModified":"2026-08-31T16:00:01+00:00","breadcrumb":{"@id":"https:\/\/agenciainfra.com\/blog\/anac-avalia-suspender-operacao-da-total-linhas-aereas-focada-em-carga\/#breadcrumb"},"inLanguage":"pt-BR","potentialAction":[{"@type":"ReadAction","target":["https:\/\/agenciainfra.com\/blog\/anac-avalia-suspender-operacao-da-total-linhas-aereas-focada-em-carga\/"]}]},{"@type":"ImageObject","inLanguage":"pt-BR","@id":"https:\/\/agenciainfra.com\/blog\/anac-avalia-suspender-operacao-da-total-linhas-aereas-focada-em-carga\/#primaryimage","url":"https:\/\/agenciainfra.com\/blog\/wp-content\/uploads\/2026\/08\/aeronave-total-cargo-foto-total-cargo-divulgacao.jpg","contentUrl":"https:\/\/agenciainfra.com\/blog\/wp-content\/uploads\/2026\/08\/aeronave-total-cargo-foto-total-cargo-divulgacao.jpg","width":1280,"height":853,"caption":"Foto: Total Cargo"},{"@type":"BreadcrumbList","@id":"https:\/\/agenciainfra.com\/blog\/anac-avalia-suspender-operacao-da-total-linhas-aereas-focada-em-carga\/#breadcrumb","itemListElement":[{"@type":"ListItem","position":1,"name":"In\u00edcio","item":"https:\/\/agenciainfra.com\/blog\/"},{"@type":"ListItem","position":2,"name":"ANAC avalia suspender opera\u00e7\u00e3o da Total Linhas A\u00e9reas, focada em carga"}]},{"@type":"WebSite","@id":"https:\/\/agenciainfra.com\/blog\/#website","url":"https:\/\/agenciainfra.com\/blog\/","name":"Ag\u00eancia iNFRA","description":"Multiplataforma de informa\u00e7\u00e3o jornal\u00edstica refer\u00eancia na \u00e1rea de infraestrutura no Brasil!","publisher":{"@id":"https:\/\/agenciainfra.com\/blog\/#organization"},"potentialAction":[{"@type":"SearchAction","target":{"@type":"EntryPoint","urlTemplate":"https:\/\/agenciainfra.com\/blog\/?s={search_term_string}"},"query-input":{"@type":"PropertyValueSpecification","valueRequired":true,"valueName":"search_term_string"}}],"inLanguage":"pt-BR"},{"@type":"Organization","@id":"https:\/\/agenciainfra.com\/blog\/#organization","name":"Ag\u00eancia iNFRA","url":"https:\/\/agenciainfra.com\/blog\/","logo":{"@type":"ImageObject","inLanguage":"pt-BR","@id":"https:\/\/agenciainfra.com\/blog\/#\/schema\/logo\/image\/","url":"https:\/\/agenciainfra.com\/blog\/wp-content\/uploads\/2023\/09\/iNFRA_5-e1761735885940.png","contentUrl":"https:\/\/agenciainfra.com\/blog\/wp-content\/uploads\/2023\/09\/iNFRA_5-e1761735885940.png","width":1672,"height":454,"caption":"Ag\u00eancia iNFRA"},"image":{"@id":"https:\/\/agenciainfra.com\/blog\/#\/schema\/logo\/image\/"},"sameAs":["https:\/\/www.facebook.com\/ageninfra","https:\/\/x.com\/agencia_infra","https:\/\/www.linkedin.com\/company\/ag\u00eanciainfra\/","https:\/\/www.instagram.com\/agenciainfra\/"]},{"@type":"Person","@id":"https:\/\/agenciainfra.com\/blog\/#\/schema\/person\/34af08dff6adea4cb22b06612ba7acfa","name":"Ag\u00eancia iNFRA","image":{"@type":"ImageObject","inLanguage":"pt-BR","@id":"https:\/\/secure.gravatar.com\/avatar\/d189e01678f06d8eb84d4e01f08eb848b3fffe3f8443818d3c356c66892f5be8?s=96&d=mm&r=g","url":"https:\/\/secure.gravatar.com\/avatar\/d189e01678f06d8eb84d4e01f08eb848b3fffe3f8443818d3c356c66892f5be8?s=96&d=mm&r=g","contentUrl":"https:\/\/secure.gravatar.com\/avatar\/d189e01678f06d8eb84d4e01f08eb848b3fffe3f8443818d3c356c66892f5be8?s=96&d=mm&r=g","caption":"Ag\u00eancia iNFRA"},"url":"https:\/\/agenciainfra.com\/blog\/author\/admin\/"}]}},"_links":{"self":[{"href":"https:\/\/agenciainfra.com\/blog\/wp-json\/wp\/v2\/posts\/46679","targetHints":{"allow":["GET"]}}],"collection":[{"href":"https:\/\/agenciainfra.com\/blog\/wp-json\/wp\/v2\/posts"}],"about":[{"href":"https:\/\/agenciainfra.com\/blog\/wp-json\/wp\/v2\/types\/post"}],"author":[{"embeddable":true,"href":"https:\/\/agenciainfra.com\/blog\/wp-json\/wp\/v2\/users\/1"}],"replies":[{"embeddable":true,"href":"https:\/\/agenciainfra.com\/blog\/wp-json\/wp\/v2\/comments?post=46679"}],"version-history":[{"count":2,"href":"https:\/\/agenciainfra.com\/blog\/wp-json\/wp\/v2\/posts\/46679\/revisions"}],"predecessor-version":[{"id":46697,"href":"https:\/\/agenciainfra.com\/blog\/wp-json\/wp\/v2\/posts\/46679\/revisions\/46697"}],"wp:featuredmedia":[{"embeddable":true,"href":"https:\/\/agenciainfra.com\/blog\/wp-json\/wp\/v2\/media\/46680"}],"wp:attachment":[{"href":"https:\/\/agenciainfra.com\/blog\/wp-json\/wp\/v2\/media?parent=46679"}],"wp:term":[{"taxonomy":"category","embeddable":true,"href":"https:\/\/agenciainfra.com\/blog\/wp-json\/wp\/v2\/categories?post=46679"},{"taxonomy":"post_tag","embeddable":true,"href":"https:\/\/agenciainfra.com\/blog\/wp-json\/wp\/v2\/tags?post=46679"}],"curies":[{"name":"wp","href":"https:\/\/api.w.org\/{rel}","templated":true}]}}