{"id":46682,"date":"2026-08-31T11:34:35","date_gmt":"2026-08-31T14:34:35","guid":{"rendered":"https:\/\/agenciainfra.com\/blog\/?p=46682"},"modified":"2026-08-31T11:34:38","modified_gmt":"2026-08-31T14:34:38","slug":"ucb-power-e-jinko-ess-assinam-acordo-visando-leilao-de-baterias","status":"publish","type":"post","link":"https:\/\/agenciainfra.com\/blog\/ucb-power-e-jinko-ess-assinam-acordo-visando-leilao-de-baterias\/","title":{"rendered":"UCB Power e Jinko ESS assinam acordo visando leil\u00e3o de baterias"},"content":{"rendered":"\n<p class=\"has-text-align-right\"><strong>da Ag\u00eancia iNFRA<\/strong><\/p>\n\n\n\n<p>A brasileira UCB Power e a internacional Jinko ESS, que atuam no mercado de armazenamento de energia, assinaram memorando de entendimento para coopera\u00e7\u00e3o na nacionaliza\u00e7\u00e3o de SAE (Sistemas de Armazenamento de Energia) no Brasil. A finalidade seria principalmente a aplica\u00e7\u00e3o dos sistemas BESS no pa\u00eds, com vistas ao LRCAP-BESS (Leil\u00e3o de Reserva de Capacidade para Armazenamento), que deve ser realizado em dezembro.<\/p>\n\n\n\n<p>O documento aborda a industrializa\u00e7\u00e3o das solu\u00e7\u00e3o da Jinko ESS no Brasil, a fim de que os equipamentos sejam enquadrados como &#8220;conte\u00fado local&#8221;, aumentando as possibilidades de participa\u00e7\u00e3o em projetos com demanda de produtos nacionais. Al\u00e9m disso, a nacionaliza\u00e7\u00e3o tamb\u00e9m pode facilitar o acesso a financiamentos dispon\u00edveis no Brasil, como linhas do BNDES (Banco Nacional de Desenvolvimento Econ\u00f4mico e Social), segundo explicou o diretor-executivo Comercial e de Novos Neg\u00f3cios da UCB Power, Vinicius Bern\u00e1.<\/p>\n\n\n\n<p>&#8220;Na pr\u00e1tica, a iniciativa busca aproximar uma tecnologia de armazenamento de alcance global das condi\u00e7\u00f5es e necessidades espec\u00edficas do mercado brasileiro&#8221;, disse Bern\u00e1. A iniciativa, de acordo com as companhias, poderia ampliar o uso de BESS em aplica\u00e7\u00f5es relacionadas a estabilidade e flexibilidade da rede el\u00e9trica, redu\u00e7\u00e3o de gargalos na transmiss\u00e3o e distribui\u00e7\u00e3o, e integra\u00e7\u00e3o de fontes renov\u00e1veis.<\/p>\n","protected":false},"excerpt":{"rendered":"<p>da Ag\u00eancia iNFRA A brasileira UCB Power e a internacional Jinko ESS, que atuam no mercado de armazenamento de energia, assinaram memorando de entendimento para coopera\u00e7\u00e3o na nacionaliza\u00e7\u00e3o de SAE (Sistemas de Armazenamento de Energia) no Brasil. A finalidade seria principalmente a aplica\u00e7\u00e3o dos sistemas BESS no pa\u00eds, com vistas ao LRCAP-BESS (Leil\u00e3o de Reserva [&hellip;]<\/p>\n","protected":false},"author":1,"featured_media":46683,"comment_status":"closed","ping_status":"closed","sticky":false,"template":"","format":"standard","meta":{"_monsterinsights_skip_tracking":false,"_monsterinsights_sitenote_active":false,"_monsterinsights_sitenote_note":"","_monsterinsights_sitenote_category":0,"footnotes":""},"categories":[13576],"tags":[16779,21618,11465,9822,21619,21617,21620],"class_list":["post-46682","post","type-post","status-publish","format-standard","has-post-thumbnail","hentry","category-giro-infra","tag-bess","tag-jinko-ess","tag-leilao-de-baterias","tag-lrcap","tag-sistema-de-armazenamento-de-energia","tag-ucb-power","tag-vinicius-berna"],"yoast_head":"<!-- This site is optimized with the Yoast SEO Premium plugin v25.4 (Yoast SEO v28.2) - https:\/\/yoast.com\/product\/yoast-seo-premium-wordpress\/ -->\n<title>UCB Power e Jinko ESS assinam acordo visando leil\u00e3o de baterias - Ag\u00eancia iNFRA<\/title>\n<meta name=\"robots\" content=\"index, follow, max-snippet:-1, max-image-preview:large, max-video-preview:-1\" \/>\n<link rel=\"canonical\" href=\"https:\/\/agenciainfra.com\/blog\/ucb-power-e-jinko-ess-assinam-acordo-visando-leilao-de-baterias\/\" \/>\n<meta property=\"og:locale\" content=\"pt_BR\" \/>\n<meta property=\"og:type\" content=\"article\" \/>\n<meta property=\"og:title\" content=\"UCB Power e Jinko ESS assinam acordo visando leil\u00e3o de baterias\" \/>\n<meta property=\"og:description\" content=\"da Ag\u00eancia iNFRA A brasileira UCB Power e a internacional Jinko ESS, que atuam no mercado de armazenamento de energia, assinaram memorando de entendimento para coopera\u00e7\u00e3o na nacionaliza\u00e7\u00e3o de SAE (Sistemas de Armazenamento de Energia) no Brasil. A finalidade seria principalmente a aplica\u00e7\u00e3o dos sistemas BESS no pa\u00eds, com vistas ao LRCAP-BESS (Leil\u00e3o de Reserva [&hellip;]\" \/>\n<meta property=\"og:url\" content=\"https:\/\/agenciainfra.com\/blog\/ucb-power-e-jinko-ess-assinam-acordo-visando-leilao-de-baterias\/\" \/>\n<meta property=\"og:site_name\" content=\"Ag\u00eancia iNFRA\" \/>\n<meta property=\"article:publisher\" content=\"https:\/\/www.facebook.com\/ageninfra\" \/>\n<meta property=\"article:published_time\" content=\"2026-08-31T14:34:35+00:00\" \/>\n<meta property=\"article:modified_time\" content=\"2026-08-31T14:34:38+00:00\" \/>\n<meta property=\"og:image\" content=\"https:\/\/agenciainfra.com\/blog\/wp-content\/uploads\/2026\/08\/BESS-foto-UCB-Power.jpeg\" \/>\n\t<meta property=\"og:image:width\" content=\"1024\" \/>\n\t<meta property=\"og:image:height\" content=\"682\" \/>\n\t<meta property=\"og:image:type\" content=\"image\/jpeg\" \/>\n<meta name=\"author\" content=\"Ag\u00eancia iNFRA\" \/>\n<meta name=\"twitter:card\" content=\"summary_large_image\" \/>\n<meta name=\"twitter:creator\" content=\"@agencia_infra\" \/>\n<meta name=\"twitter:site\" content=\"@agencia_infra\" \/>\n<meta name=\"twitter:label1\" content=\"Escrito por\" \/>\n\t<meta name=\"twitter:data1\" content=\"Ag\u00eancia iNFRA\" \/>\n\t<meta name=\"twitter:label2\" content=\"Est. tempo de leitura\" \/>\n\t<meta name=\"twitter:data2\" content=\"1 minuto\" \/>\n<script type=\"application\/ld+json\" class=\"yoast-schema-graph\">{\"@context\":\"https:\\\/\\\/schema.org\",\"@graph\":[{\"@type\":\"Article\",\"@id\":\"https:\\\/\\\/agenciainfra.com\\\/blog\\\/ucb-power-e-jinko-ess-assinam-acordo-visando-leilao-de-baterias\\\/#article\",\"isPartOf\":{\"@id\":\"https:\\\/\\\/agenciainfra.com\\\/blog\\\/ucb-power-e-jinko-ess-assinam-acordo-visando-leilao-de-baterias\\\/\"},\"author\":{\"name\":\"Ag\u00eancia iNFRA\",\"@id\":\"https:\\\/\\\/agenciainfra.com\\\/blog\\\/#\\\/schema\\\/person\\\/34af08dff6adea4cb22b06612ba7acfa\"},\"headline\":\"UCB Power e Jinko ESS assinam acordo visando leil\u00e3o de baterias\",\"datePublished\":\"2026-08-31T14:34:35+00:00\",\"dateModified\":\"2026-08-31T14:34:38+00:00\",\"mainEntityOfPage\":{\"@id\":\"https:\\\/\\\/agenciainfra.com\\\/blog\\\/ucb-power-e-jinko-ess-assinam-acordo-visando-leilao-de-baterias\\\/\"},\"wordCount\":235,\"publisher\":{\"@id\":\"https:\\\/\\\/agenciainfra.com\\\/blog\\\/#organization\"},\"image\":{\"@id\":\"https:\\\/\\\/agenciainfra.com\\\/blog\\\/ucb-power-e-jinko-ess-assinam-acordo-visando-leilao-de-baterias\\\/#primaryimage\"},\"thumbnailUrl\":\"https:\\\/\\\/agenciainfra.com\\\/blog\\\/wp-content\\\/uploads\\\/2026\\\/08\\\/BESS-foto-UCB-Power.jpeg\",\"keywords\":[\"BESS\",\"Jinko ESS\",\"leil\u00e3o de baterias\",\"LRCAP\",\"Sistema de Armazenamento de Energia\",\"UCB Power\",\"Vinicius Bern\u00e1\"],\"articleSection\":[\"Giro iNFRA\"],\"inLanguage\":\"pt-BR\",\"copyrightYear\":\"2026\",\"copyrightHolder\":{\"@id\":\"https:\\\/\\\/agenciainfra.com\\\/blog\\\/#organization\"}},{\"@type\":\"WebPage\",\"@id\":\"https:\\\/\\\/agenciainfra.com\\\/blog\\\/ucb-power-e-jinko-ess-assinam-acordo-visando-leilao-de-baterias\\\/\",\"url\":\"https:\\\/\\\/agenciainfra.com\\\/blog\\\/ucb-power-e-jinko-ess-assinam-acordo-visando-leilao-de-baterias\\\/\",\"name\":\"UCB Power e Jinko ESS assinam acordo visando leil\u00e3o de baterias - Ag\u00eancia iNFRA\",\"isPartOf\":{\"@id\":\"https:\\\/\\\/agenciainfra.com\\\/blog\\\/#website\"},\"primaryImageOfPage\":{\"@id\":\"https:\\\/\\\/agenciainfra.com\\\/blog\\\/ucb-power-e-jinko-ess-assinam-acordo-visando-leilao-de-baterias\\\/#primaryimage\"},\"image\":{\"@id\":\"https:\\\/\\\/agenciainfra.com\\\/blog\\\/ucb-power-e-jinko-ess-assinam-acordo-visando-leilao-de-baterias\\\/#primaryimage\"},\"thumbnailUrl\":\"https:\\\/\\\/agenciainfra.com\\\/blog\\\/wp-content\\\/uploads\\\/2026\\\/08\\\/BESS-foto-UCB-Power.jpeg\",\"datePublished\":\"2026-08-31T14:34:35+00:00\",\"dateModified\":\"2026-08-31T14:34:38+00:00\",\"breadcrumb\":{\"@id\":\"https:\\\/\\\/agenciainfra.com\\\/blog\\\/ucb-power-e-jinko-ess-assinam-acordo-visando-leilao-de-baterias\\\/#breadcrumb\"},\"inLanguage\":\"pt-BR\",\"potentialAction\":[{\"@type\":\"ReadAction\",\"target\":[\"https:\\\/\\\/agenciainfra.com\\\/blog\\\/ucb-power-e-jinko-ess-assinam-acordo-visando-leilao-de-baterias\\\/\"]}]},{\"@type\":\"ImageObject\",\"inLanguage\":\"pt-BR\",\"@id\":\"https:\\\/\\\/agenciainfra.com\\\/blog\\\/ucb-power-e-jinko-ess-assinam-acordo-visando-leilao-de-baterias\\\/#primaryimage\",\"url\":\"https:\\\/\\\/agenciainfra.com\\\/blog\\\/wp-content\\\/uploads\\\/2026\\\/08\\\/BESS-foto-UCB-Power.jpeg\",\"contentUrl\":\"https:\\\/\\\/agenciainfra.com\\\/blog\\\/wp-content\\\/uploads\\\/2026\\\/08\\\/BESS-foto-UCB-Power.jpeg\",\"width\":1024,\"height\":682,\"caption\":\"Foto: UCB Power\"},{\"@type\":\"BreadcrumbList\",\"@id\":\"https:\\\/\\\/agenciainfra.com\\\/blog\\\/ucb-power-e-jinko-ess-assinam-acordo-visando-leilao-de-baterias\\\/#breadcrumb\",\"itemListElement\":[{\"@type\":\"ListItem\",\"position\":1,\"name\":\"In\u00edcio\",\"item\":\"https:\\\/\\\/agenciainfra.com\\\/blog\\\/\"},{\"@type\":\"ListItem\",\"position\":2,\"name\":\"UCB Power e Jinko ESS assinam acordo visando leil\u00e3o de baterias\"}]},{\"@type\":\"WebSite\",\"@id\":\"https:\\\/\\\/agenciainfra.com\\\/blog\\\/#website\",\"url\":\"https:\\\/\\\/agenciainfra.com\\\/blog\\\/\",\"name\":\"Ag\u00eancia iNFRA\",\"description\":\"Multiplataforma de informa\u00e7\u00e3o jornal\u00edstica refer\u00eancia na \u00e1rea de infraestrutura no Brasil!\",\"publisher\":{\"@id\":\"https:\\\/\\\/agenciainfra.com\\\/blog\\\/#organization\"},\"potentialAction\":[{\"@type\":\"SearchAction\",\"target\":{\"@type\":\"EntryPoint\",\"urlTemplate\":\"https:\\\/\\\/agenciainfra.com\\\/blog\\\/?s={search_term_string}\"},\"query-input\":{\"@type\":\"PropertyValueSpecification\",\"valueRequired\":true,\"valueName\":\"search_term_string\"}}],\"inLanguage\":\"pt-BR\"},{\"@type\":\"Organization\",\"@id\":\"https:\\\/\\\/agenciainfra.com\\\/blog\\\/#organization\",\"name\":\"Ag\u00eancia iNFRA\",\"url\":\"https:\\\/\\\/agenciainfra.com\\\/blog\\\/\",\"logo\":{\"@type\":\"ImageObject\",\"inLanguage\":\"pt-BR\",\"@id\":\"https:\\\/\\\/agenciainfra.com\\\/blog\\\/#\\\/schema\\\/logo\\\/image\\\/\",\"url\":\"https:\\\/\\\/agenciainfra.com\\\/blog\\\/wp-content\\\/uploads\\\/2023\\\/09\\\/iNFRA_5-e1761735885940.png\",\"contentUrl\":\"https:\\\/\\\/agenciainfra.com\\\/blog\\\/wp-content\\\/uploads\\\/2023\\\/09\\\/iNFRA_5-e1761735885940.png\",\"width\":1672,\"height\":454,\"caption\":\"Ag\u00eancia iNFRA\"},\"image\":{\"@id\":\"https:\\\/\\\/agenciainfra.com\\\/blog\\\/#\\\/schema\\\/logo\\\/image\\\/\"},\"sameAs\":[\"https:\\\/\\\/www.facebook.com\\\/ageninfra\",\"https:\\\/\\\/x.com\\\/agencia_infra\",\"https:\\\/\\\/www.linkedin.com\\\/company\\\/ag\u00eanciainfra\\\/\",\"https:\\\/\\\/www.instagram.com\\\/agenciainfra\\\/\"]},{\"@type\":\"Person\",\"@id\":\"https:\\\/\\\/agenciainfra.com\\\/blog\\\/#\\\/schema\\\/person\\\/34af08dff6adea4cb22b06612ba7acfa\",\"name\":\"Ag\u00eancia iNFRA\",\"image\":{\"@type\":\"ImageObject\",\"inLanguage\":\"pt-BR\",\"@id\":\"https:\\\/\\\/secure.gravatar.com\\\/avatar\\\/d189e01678f06d8eb84d4e01f08eb848b3fffe3f8443818d3c356c66892f5be8?s=96&d=mm&r=g\",\"url\":\"https:\\\/\\\/secure.gravatar.com\\\/avatar\\\/d189e01678f06d8eb84d4e01f08eb848b3fffe3f8443818d3c356c66892f5be8?s=96&d=mm&r=g\",\"contentUrl\":\"https:\\\/\\\/secure.gravatar.com\\\/avatar\\\/d189e01678f06d8eb84d4e01f08eb848b3fffe3f8443818d3c356c66892f5be8?s=96&d=mm&r=g\",\"caption\":\"Ag\u00eancia iNFRA\"},\"url\":\"https:\\\/\\\/agenciainfra.com\\\/blog\\\/author\\\/admin\\\/\"}]}<\/script>\n<!-- \/ Yoast SEO Premium plugin. -->","yoast_head_json":{"title":"UCB Power e Jinko ESS assinam acordo visando leil\u00e3o de baterias - Ag\u00eancia iNFRA","robots":{"index":"index","follow":"follow","max-snippet":"max-snippet:-1","max-image-preview":"max-image-preview:large","max-video-preview":"max-video-preview:-1"},"canonical":"https:\/\/agenciainfra.com\/blog\/ucb-power-e-jinko-ess-assinam-acordo-visando-leilao-de-baterias\/","og_locale":"pt_BR","og_type":"article","og_title":"UCB Power e Jinko ESS assinam acordo visando leil\u00e3o de baterias","og_description":"da Ag\u00eancia iNFRA A brasileira UCB Power e a internacional Jinko ESS, que atuam no mercado de armazenamento de energia, assinaram memorando de entendimento para coopera\u00e7\u00e3o na nacionaliza\u00e7\u00e3o de SAE (Sistemas de Armazenamento de Energia) no Brasil. A finalidade seria principalmente a aplica\u00e7\u00e3o dos sistemas BESS no pa\u00eds, com vistas ao LRCAP-BESS (Leil\u00e3o de Reserva [&hellip;]","og_url":"https:\/\/agenciainfra.com\/blog\/ucb-power-e-jinko-ess-assinam-acordo-visando-leilao-de-baterias\/","og_site_name":"Ag\u00eancia iNFRA","article_publisher":"https:\/\/www.facebook.com\/ageninfra","article_published_time":"2026-08-31T14:34:35+00:00","article_modified_time":"2026-08-31T14:34:38+00:00","og_image":[{"width":1024,"height":682,"url":"https:\/\/agenciainfra.com\/blog\/wp-content\/uploads\/2026\/08\/BESS-foto-UCB-Power.jpeg","type":"image\/jpeg"}],"author":"Ag\u00eancia iNFRA","twitter_card":"summary_large_image","twitter_creator":"@agencia_infra","twitter_site":"@agencia_infra","twitter_misc":{"Escrito por":"Ag\u00eancia iNFRA","Est. tempo de leitura":"1 minuto"},"schema":{"@context":"https:\/\/schema.org","@graph":[{"@type":"Article","@id":"https:\/\/agenciainfra.com\/blog\/ucb-power-e-jinko-ess-assinam-acordo-visando-leilao-de-baterias\/#article","isPartOf":{"@id":"https:\/\/agenciainfra.com\/blog\/ucb-power-e-jinko-ess-assinam-acordo-visando-leilao-de-baterias\/"},"author":{"name":"Ag\u00eancia iNFRA","@id":"https:\/\/agenciainfra.com\/blog\/#\/schema\/person\/34af08dff6adea4cb22b06612ba7acfa"},"headline":"UCB Power e Jinko ESS assinam acordo visando leil\u00e3o de baterias","datePublished":"2026-08-31T14:34:35+00:00","dateModified":"2026-08-31T14:34:38+00:00","mainEntityOfPage":{"@id":"https:\/\/agenciainfra.com\/blog\/ucb-power-e-jinko-ess-assinam-acordo-visando-leilao-de-baterias\/"},"wordCount":235,"publisher":{"@id":"https:\/\/agenciainfra.com\/blog\/#organization"},"image":{"@id":"https:\/\/agenciainfra.com\/blog\/ucb-power-e-jinko-ess-assinam-acordo-visando-leilao-de-baterias\/#primaryimage"},"thumbnailUrl":"https:\/\/agenciainfra.com\/blog\/wp-content\/uploads\/2026\/08\/BESS-foto-UCB-Power.jpeg","keywords":["BESS","Jinko ESS","leil\u00e3o de baterias","LRCAP","Sistema de Armazenamento de Energia","UCB Power","Vinicius Bern\u00e1"],"articleSection":["Giro iNFRA"],"inLanguage":"pt-BR","copyrightYear":"2026","copyrightHolder":{"@id":"https:\/\/agenciainfra.com\/blog\/#organization"}},{"@type":"WebPage","@id":"https:\/\/agenciainfra.com\/blog\/ucb-power-e-jinko-ess-assinam-acordo-visando-leilao-de-baterias\/","url":"https:\/\/agenciainfra.com\/blog\/ucb-power-e-jinko-ess-assinam-acordo-visando-leilao-de-baterias\/","name":"UCB Power e Jinko ESS assinam acordo visando leil\u00e3o de baterias - Ag\u00eancia iNFRA","isPartOf":{"@id":"https:\/\/agenciainfra.com\/blog\/#website"},"primaryImageOfPage":{"@id":"https:\/\/agenciainfra.com\/blog\/ucb-power-e-jinko-ess-assinam-acordo-visando-leilao-de-baterias\/#primaryimage"},"image":{"@id":"https:\/\/agenciainfra.com\/blog\/ucb-power-e-jinko-ess-assinam-acordo-visando-leilao-de-baterias\/#primaryimage"},"thumbnailUrl":"https:\/\/agenciainfra.com\/blog\/wp-content\/uploads\/2026\/08\/BESS-foto-UCB-Power.jpeg","datePublished":"2026-08-31T14:34:35+00:00","dateModified":"2026-08-31T14:34:38+00:00","breadcrumb":{"@id":"https:\/\/agenciainfra.com\/blog\/ucb-power-e-jinko-ess-assinam-acordo-visando-leilao-de-baterias\/#breadcrumb"},"inLanguage":"pt-BR","potentialAction":[{"@type":"ReadAction","target":["https:\/\/agenciainfra.com\/blog\/ucb-power-e-jinko-ess-assinam-acordo-visando-leilao-de-baterias\/"]}]},{"@type":"ImageObject","inLanguage":"pt-BR","@id":"https:\/\/agenciainfra.com\/blog\/ucb-power-e-jinko-ess-assinam-acordo-visando-leilao-de-baterias\/#primaryimage","url":"https:\/\/agenciainfra.com\/blog\/wp-content\/uploads\/2026\/08\/BESS-foto-UCB-Power.jpeg","contentUrl":"https:\/\/agenciainfra.com\/blog\/wp-content\/uploads\/2026\/08\/BESS-foto-UCB-Power.jpeg","width":1024,"height":682,"caption":"Foto: UCB Power"},{"@type":"BreadcrumbList","@id":"https:\/\/agenciainfra.com\/blog\/ucb-power-e-jinko-ess-assinam-acordo-visando-leilao-de-baterias\/#breadcrumb","itemListElement":[{"@type":"ListItem","position":1,"name":"In\u00edcio","item":"https:\/\/agenciainfra.com\/blog\/"},{"@type":"ListItem","position":2,"name":"UCB Power e Jinko ESS assinam acordo visando leil\u00e3o de baterias"}]},{"@type":"WebSite","@id":"https:\/\/agenciainfra.com\/blog\/#website","url":"https:\/\/agenciainfra.com\/blog\/","name":"Ag\u00eancia iNFRA","description":"Multiplataforma de informa\u00e7\u00e3o jornal\u00edstica refer\u00eancia na \u00e1rea de infraestrutura no Brasil!","publisher":{"@id":"https:\/\/agenciainfra.com\/blog\/#organization"},"potentialAction":[{"@type":"SearchAction","target":{"@type":"EntryPoint","urlTemplate":"https:\/\/agenciainfra.com\/blog\/?s={search_term_string}"},"query-input":{"@type":"PropertyValueSpecification","valueRequired":true,"valueName":"search_term_string"}}],"inLanguage":"pt-BR"},{"@type":"Organization","@id":"https:\/\/agenciainfra.com\/blog\/#organization","name":"Ag\u00eancia iNFRA","url":"https:\/\/agenciainfra.com\/blog\/","logo":{"@type":"ImageObject","inLanguage":"pt-BR","@id":"https:\/\/agenciainfra.com\/blog\/#\/schema\/logo\/image\/","url":"https:\/\/agenciainfra.com\/blog\/wp-content\/uploads\/2023\/09\/iNFRA_5-e1761735885940.png","contentUrl":"https:\/\/agenciainfra.com\/blog\/wp-content\/uploads\/2023\/09\/iNFRA_5-e1761735885940.png","width":1672,"height":454,"caption":"Ag\u00eancia iNFRA"},"image":{"@id":"https:\/\/agenciainfra.com\/blog\/#\/schema\/logo\/image\/"},"sameAs":["https:\/\/www.facebook.com\/ageninfra","https:\/\/x.com\/agencia_infra","https:\/\/www.linkedin.com\/company\/ag\u00eanciainfra\/","https:\/\/www.instagram.com\/agenciainfra\/"]},{"@type":"Person","@id":"https:\/\/agenciainfra.com\/blog\/#\/schema\/person\/34af08dff6adea4cb22b06612ba7acfa","name":"Ag\u00eancia iNFRA","image":{"@type":"ImageObject","inLanguage":"pt-BR","@id":"https:\/\/secure.gravatar.com\/avatar\/d189e01678f06d8eb84d4e01f08eb848b3fffe3f8443818d3c356c66892f5be8?s=96&d=mm&r=g","url":"https:\/\/secure.gravatar.com\/avatar\/d189e01678f06d8eb84d4e01f08eb848b3fffe3f8443818d3c356c66892f5be8?s=96&d=mm&r=g","contentUrl":"https:\/\/secure.gravatar.com\/avatar\/d189e01678f06d8eb84d4e01f08eb848b3fffe3f8443818d3c356c66892f5be8?s=96&d=mm&r=g","caption":"Ag\u00eancia iNFRA"},"url":"https:\/\/agenciainfra.com\/blog\/author\/admin\/"}]}},"_links":{"self":[{"href":"https:\/\/agenciainfra.com\/blog\/wp-json\/wp\/v2\/posts\/46682","targetHints":{"allow":["GET"]}}],"collection":[{"href":"https:\/\/agenciainfra.com\/blog\/wp-json\/wp\/v2\/posts"}],"about":[{"href":"https:\/\/agenciainfra.com\/blog\/wp-json\/wp\/v2\/types\/post"}],"author":[{"embeddable":true,"href":"https:\/\/agenciainfra.com\/blog\/wp-json\/wp\/v2\/users\/1"}],"replies":[{"embeddable":true,"href":"https:\/\/agenciainfra.com\/blog\/wp-json\/wp\/v2\/comments?post=46682"}],"version-history":[{"count":1,"href":"https:\/\/agenciainfra.com\/blog\/wp-json\/wp\/v2\/posts\/46682\/revisions"}],"predecessor-version":[{"id":46684,"href":"https:\/\/agenciainfra.com\/blog\/wp-json\/wp\/v2\/posts\/46682\/revisions\/46684"}],"wp:featuredmedia":[{"embeddable":true,"href":"https:\/\/agenciainfra.com\/blog\/wp-json\/wp\/v2\/media\/46683"}],"wp:attachment":[{"href":"https:\/\/agenciainfra.com\/blog\/wp-json\/wp\/v2\/media?parent=46682"}],"wp:term":[{"taxonomy":"category","embeddable":true,"href":"https:\/\/agenciainfra.com\/blog\/wp-json\/wp\/v2\/categories?post=46682"},{"taxonomy":"post_tag","embeddable":true,"href":"https:\/\/agenciainfra.com\/blog\/wp-json\/wp\/v2\/tags?post=46682"}],"curies":[{"name":"wp","href":"https:\/\/api.w.org\/{rel}","templated":true}]}}