{"id":46690,"date":"2026-08-31T12:13:53","date_gmt":"2026-08-31T15:13:53","guid":{"rendered":"https:\/\/agenciainfra.com\/blog\/?p=46690"},"modified":"2026-08-31T12:18:57","modified_gmt":"2026-08-31T15:18:57","slug":"avanco-na-mobilidade-depende-de-governanca-investimentos-e-tarifa","status":"publish","type":"post","link":"https:\/\/agenciainfra.com\/blog\/avanco-na-mobilidade-depende-de-governanca-investimentos-e-tarifa\/","title":{"rendered":"Conex\u00e3o ANPTrilhos: mobilidade depende de governan\u00e7a, investimento e tarifa"},"content":{"rendered":"\n<p class=\"has-text-align-right\"><strong>da Ag\u00eancia iNFRA<\/strong><\/p>\n\n\n\n<p>Oferecer menores tarifas deve ser o foco do setor de transporte p\u00fablico para impulsionar a busca de usu\u00e1rios pelos servi\u00e7os, que recuou de forma expressiva nos \u00faltimos anos. A redu\u00e7\u00e3o sozinha, contudo, n\u00e3o ser\u00e1 suficiente para trazer os passageiros que passaram a usar meios de transporte individuais: ser\u00e1 preciso melhorar a qualidade do servi\u00e7o, com mais investimentos em sistemas de alta capacidade e melhor governan\u00e7a para tornar os transportes mais eficientes.<\/p>\n\n\n\n<p>O diagn\u00f3stico \u00e9 o que apareceu no Conex\u00e3o&nbsp;ANPTrilhos 2026, um dia dedicado a reflex\u00f5es sobre como transformar o transporte p\u00fablico no pa\u00eds. O evento aconteceu na quarta-feira (26), em Bras\u00edlia, foi promovido pela ANPTrilhos (Associa\u00e7\u00e3o Nacional dos Transportadores de Passageiros sobre Trilhos) e levou renomados especialistas e as maiores autoridades no pa\u00eds para encontrar caminhos para a recupera\u00e7\u00e3o do setor.<\/p>\n\n\n\n<p>Em discurso na abertura do encontro, o ministro das Cidades, Vladimir Lima, defendeu o desenvolvimento do setor de transportes da mesma forma que o setor de habita\u00e7\u00e3o social avan\u00e7ou, com o programa Minha Casa, Minha Vida. \u201cAcho que temos que fazer algo similar. Precisamos ter discuss\u00f5es perenes, consistentes para virar a chavinha do transporte p\u00fablico coletivo\u201d, destacou o ministro.<\/p>\n\n\n\n<p>Al\u00e9m da cerim\u00f4nia de abertura, o dia de debates trouxe ainda o presidente da TML (Transportes Metropolitanos de Lisboa), Carlos Humberto de Carvalho, que contou detalhes sobre a bem-sucedida experi\u00eancia de reorganiza\u00e7\u00e3o do transporte nas 18 cidades que comp\u00f5em a regi\u00e3o metropolitana da capital portuguesa (reportagem sobre o tema\u00a0<a href=\"https:\/\/agenciainfra.com\/blog\/integracao-em-lisboa-reduz-custo-a-passageiros-mas-precisa-de-investimento\/\" target=\"_blank\" rel=\"noreferrer noopener\">neste link<\/a>).<\/p>\n\n\n\n<p>Os representantes de tr\u00eas candidaturas \u00e0 Presid\u00eancia da Rep\u00fablica \u2013 Lula (PT), Fl\u00e1vio Bolsonaro (PL) e Ronaldo Caiado (PSD) \u2013 tamb\u00e9m apresentaram as propostas para o setor. No evento, foi lan\u00e7ada ainda a\u00a0campanha\u00a0<a href=\"https:\/\/anptrilhos.org.br\/no-trilho-certo\/\" target=\"_blank\" rel=\"noreferrer noopener\">No Trilho Certo<\/a>, iniciativa que ter\u00e1 uma s\u00e9rie de a\u00e7\u00f5es para colocar a mobilidade urbana sobre trilhos no centro das discuss\u00f5es pol\u00edticas e eleitorais, levando a mensagem sobre a necessidade de\u00a0reduzir tarifas, ampliar fontes de financiamento e acelerar a expans\u00e3o da infraestrutura.<\/p>\n\n\n\n<p>A transmiss\u00e3o do evento pode ser vista\u00a0<a href=\"https:\/\/www.youtube.com\/watch?v=6Nk_7XqXajc\" target=\"_blank\" rel=\"noreferrer noopener\">neste link<\/a>. A\u00a0<strong>Ag\u00eancia iNFRA<\/strong>\u00a0participou da cobertura do evento e promoveu um est\u00fadio de entrevistas, que poder\u00e3o ser vistas ao longo dos pr\u00f3ximos dias no canal do YouTube, dispon\u00edvel\u00a0<a href=\"https:\/\/www.youtube.com\/@agenciainfra\" target=\"_blank\" rel=\"noreferrer noopener\">neste link<\/a>.<\/p>\n\n\n\n<p><strong>Queda de passageiros<\/strong><br>Estudo da CNT (Confedera\u00e7\u00e3o Nacional do Transporte) mostrou redu\u00e7\u00e3o do uso de transporte coletivo de 50% em 2017 para 32% em 2024. Apesar da desacelera\u00e7\u00e3o ser resultado dos novos costumes da popula\u00e7\u00e3o decorrentes da pandemia de Covid-19, a car\u00eancia de pol\u00edticas p\u00fablicas vem contribuindo fortemente para a piora, avalia a diretora-presidente da ANPTrilhos, Ana Patrizia Lira.<\/p>\n\n\n\n<p>Para ela, os incentivos para que as passagens possam estar num n\u00edvel adequado \u00e0 capacidade de pagamento da popula\u00e7\u00e3o devem ter a ajuda financeira da Uni\u00e3o, uma vez que os subs\u00eddios dos estados e munic\u00edpios est\u00e3o no limite.&nbsp;A melhoria do financiamento do setor tamb\u00e9m pode ser apoiada por uma melhor gest\u00e3o do servi\u00e7o, especialmente quando h\u00e1 acordo entre estados e munic\u00edpios, gerando integra\u00e7\u00e3o entre linhas de \u00f4nibus com trilho.<\/p>\n\n\n\n<p>Hoje h\u00e1 forte sobreposi\u00e7\u00e3o dos modais, ela explicou, levando a desperd\u00edcio de recursos, algo j\u00e1 constado no recente ENMU (Estudo Nacional de Mobildide Urbana), realizado pelo Minist\u00e9rio das Cidades e pelo BNDES (Banco Nacional de Desenvolvimento Econ\u00f4mico e Social).&nbsp;\u201cPrecisamos organizar o sistema, trazer maior capilaridade para atingir o maior n\u00famero de pessoas e entregar o melhor servi\u00e7o ao passageiro\u201d, disse a presidente da associa\u00e7\u00e3o em entrevista a jornalistas.<\/p>\n\n\n\n<p><strong>Financiamento<\/strong><br>Presente \u00e0 mesa de abertura, o diretor de Rela\u00e7\u00f5es Institucionais da CNT, Valter de Souza, lembrou que o principal pilar para a concretiza\u00e7\u00e3o da sustentabilidade do setor de transporte \u00e9 a regulariza\u00e7\u00e3o das fontes de financiamento.<\/p>\n\n\n\n<p>Segundo ele, essa regulariza\u00e7\u00e3o vai garantir seguran\u00e7a jur\u00eddica para que o setor empresarial tenha confian\u00e7a de que os recursos ser\u00e3o destinados adequadamente. \u201cTemos que nos unir e trabalhar no sentido de garantir mais investimentos para realizar os programas. Temos planos, \u00e9 s\u00f3 quest\u00e3o de fazermos planejamento\u201d, destacou o diretor da CNT.<\/p>\n\n\n\n<p>Na avalia\u00e7\u00e3o de Luciene Machado, superintendente do BNDES, sem a entrada de investimento, o setor fica preso num ciclo vicioso,&nbsp;no qual a falta de recurso limita a melhora dos servi\u00e7os, o que desmotiva os usu\u00e1rios a utilizarem o transporte e que, por consequ\u00eancia, encolhe o potencial de arrecada\u00e7\u00e3o de capital.<\/p>\n\n\n\n<p>Ela trouxe dados do ENMU mostrando que 43% dos planos diretores das principais cidades n\u00e3o foram renovados ou revisados. \u201cS\u00e3o pe\u00e7as que hoje t\u00eam pouca ou nenhuma funcionalidade\u201d, afirmou.<\/p>\n\n\n\n<p>A jun\u00e7\u00e3o de \u201cplanejamento, financiamento e regula\u00e7\u00e3o que funcione\u201d ser\u00e1 chave para a transforma\u00e7\u00e3o, de acordo com o presidente do Conselho de Administra\u00e7\u00e3o da ANPTrilhos, Julio Castiglioni, que tamb\u00e9m \u00e9 diretor-presidente do Metr\u00f4 de S\u00e3o Paulo. \u201c\u00c9 necess\u00e1rio fazer uma coordena\u00e7\u00e3o entre os v\u00e1rios atores porque uma cidade funcional n\u00e3o ocorre do acaso\u201d, disse no painel de abertura do evento.<\/p>\n\n\n\n<p><strong>Conectividade<\/strong><br>Para o diretor-presidente da Infra S.A., Jorge Bastos, melhores condi\u00e7\u00f5es no transporte ser\u00e3o garantidas a partir da interoperabilidade entre os diferentes modais e liga\u00e7\u00e3o direta entre as capitais do pa\u00eds. Ele deu o exemplo do deslocamento entre Natal (RN) e Recife (PE), cuja liga\u00e7\u00e3o ferrovi\u00e1ria direta \u00e9 inexistente, apesar da proximidade das capitais.<\/p>\n\n\n\n<p>A estatal sob comando de Bastos e o Minist\u00e9rio dos Transportes estudam uma rede de trilhos que conectam as capitais nordestinas, principalmente. \u201cN\u00f3s estamos estudando todas essas liga\u00e7\u00f5es [entre capitais no Nordeste], essa [Natal e Recife] vai ser a primeira, depois [vem] Recife e Macei\u00f3, Macei\u00f3 e Sergipe, e Sergipe e Salvador\u201d, afirmou Bastos em discurso na mesa de abertura. \u201cAcho que \u00e9 uma maneira de tentar melhorar o transporte sobre o territ\u00f3rio.\u201d<\/p>\n","protected":false},"excerpt":{"rendered":"<p>da Ag\u00eancia iNFRA Oferecer menores tarifas deve ser o foco do setor de transporte p\u00fablico para impulsionar a busca de usu\u00e1rios pelos servi\u00e7os, que recuou de forma expressiva nos \u00faltimos anos. A redu\u00e7\u00e3o sozinha, contudo, n\u00e3o ser\u00e1 suficiente para trazer os passageiros que passaram a usar meios de transporte individuais: ser\u00e1 preciso melhorar a qualidade [&hellip;]<\/p>\n","protected":false},"author":1,"featured_media":46691,"comment_status":"closed","ping_status":"closed","sticky":false,"template":"","format":"standard","meta":{"_monsterinsights_skip_tracking":false,"_monsterinsights_sitenote_active":false,"_monsterinsights_sitenote_note":"","_monsterinsights_sitenote_category":0,"footnotes":""},"categories":[7250],"tags":[14789,103,21623,127,21244,2344,791,21626,4035,2162,21624,21529,21625,21622],"class_list":["post-46690","post","type-post","status-publish","format-standard","has-post-thumbnail","hentry","category-destaque-lista","tag-ana-patrizia-lira","tag-bndes","tag-carlos-humberto-de-carvalho","tag-cnt","tag-conexao-anptrilhos-2026","tag-infra-s-a","tag-jorge-bastos","tag-julio-castiglioni-2","tag-ministerio-das-cidades","tag-mobilidade-urbana","tag-no-trilho-certo","tag-tml","tag-valter-de-souza","tag-vladimir-lima"],"yoast_head":"<!-- This site is optimized with the Yoast SEO Premium plugin v25.4 (Yoast SEO v28.2) - https:\/\/yoast.com\/product\/yoast-seo-premium-wordpress\/ -->\n<title>Conex\u00e3o ANPTrilhos: mobilidade depende de governan\u00e7a, investimento e tarifa - Ag\u00eancia iNFRA<\/title>\n<meta name=\"robots\" content=\"index, follow, max-snippet:-1, max-image-preview:large, max-video-preview:-1\" \/>\n<link rel=\"canonical\" href=\"https:\/\/agenciainfra.com\/blog\/avanco-na-mobilidade-depende-de-governanca-investimentos-e-tarifa\/\" \/>\n<meta property=\"og:locale\" content=\"pt_BR\" \/>\n<meta property=\"og:type\" content=\"article\" \/>\n<meta property=\"og:title\" content=\"Conex\u00e3o ANPTrilhos: mobilidade depende de governan\u00e7a, investimento e tarifa\" \/>\n<meta property=\"og:description\" content=\"da Ag\u00eancia iNFRA Oferecer menores tarifas deve ser o foco do setor de transporte p\u00fablico para impulsionar a busca de usu\u00e1rios pelos servi\u00e7os, que recuou de forma expressiva nos \u00faltimos anos. A redu\u00e7\u00e3o sozinha, contudo, n\u00e3o ser\u00e1 suficiente para trazer os passageiros que passaram a usar meios de transporte individuais: ser\u00e1 preciso melhorar a qualidade [&hellip;]\" \/>\n<meta property=\"og:url\" content=\"https:\/\/agenciainfra.com\/blog\/avanco-na-mobilidade-depende-de-governanca-investimentos-e-tarifa\/\" \/>\n<meta property=\"og:site_name\" content=\"Ag\u00eancia iNFRA\" \/>\n<meta property=\"article:publisher\" content=\"https:\/\/www.facebook.com\/ageninfra\" \/>\n<meta property=\"article:published_time\" content=\"2026-08-31T15:13:53+00:00\" \/>\n<meta property=\"article:modified_time\" content=\"2026-08-31T15:18:57+00:00\" \/>\n<meta property=\"og:image\" content=\"https:\/\/agenciainfra.com\/blog\/wp-content\/uploads\/2026\/08\/conexao-anptrilhos-2026-foto-anptrilhos-divulgacao.jpg\" \/>\n\t<meta property=\"og:image:width\" content=\"1200\" \/>\n\t<meta property=\"og:image:height\" content=\"800\" \/>\n\t<meta property=\"og:image:type\" content=\"image\/jpeg\" \/>\n<meta name=\"author\" content=\"Ag\u00eancia iNFRA\" \/>\n<meta name=\"twitter:card\" content=\"summary_large_image\" \/>\n<meta name=\"twitter:creator\" content=\"@agencia_infra\" \/>\n<meta name=\"twitter:site\" content=\"@agencia_infra\" \/>\n<meta name=\"twitter:label1\" content=\"Escrito por\" \/>\n\t<meta name=\"twitter:data1\" content=\"Ag\u00eancia iNFRA\" \/>\n\t<meta name=\"twitter:label2\" content=\"Est. tempo de leitura\" \/>\n\t<meta name=\"twitter:data2\" content=\"5 minutos\" \/>\n<script type=\"application\/ld+json\" class=\"yoast-schema-graph\">{\"@context\":\"https:\\\/\\\/schema.org\",\"@graph\":[{\"@type\":\"Article\",\"@id\":\"https:\\\/\\\/agenciainfra.com\\\/blog\\\/avanco-na-mobilidade-depende-de-governanca-investimentos-e-tarifa\\\/#article\",\"isPartOf\":{\"@id\":\"https:\\\/\\\/agenciainfra.com\\\/blog\\\/avanco-na-mobilidade-depende-de-governanca-investimentos-e-tarifa\\\/\"},\"author\":{\"name\":\"Ag\u00eancia iNFRA\",\"@id\":\"https:\\\/\\\/agenciainfra.com\\\/blog\\\/#\\\/schema\\\/person\\\/34af08dff6adea4cb22b06612ba7acfa\"},\"headline\":\"Conex\u00e3o ANPTrilhos: mobilidade depende de governan\u00e7a, investimento e tarifa\",\"datePublished\":\"2026-08-31T15:13:53+00:00\",\"dateModified\":\"2026-08-31T15:18:57+00:00\",\"mainEntityOfPage\":{\"@id\":\"https:\\\/\\\/agenciainfra.com\\\/blog\\\/avanco-na-mobilidade-depende-de-governanca-investimentos-e-tarifa\\\/\"},\"wordCount\":1017,\"publisher\":{\"@id\":\"https:\\\/\\\/agenciainfra.com\\\/blog\\\/#organization\"},\"image\":{\"@id\":\"https:\\\/\\\/agenciainfra.com\\\/blog\\\/avanco-na-mobilidade-depende-de-governanca-investimentos-e-tarifa\\\/#primaryimage\"},\"thumbnailUrl\":\"https:\\\/\\\/agenciainfra.com\\\/blog\\\/wp-content\\\/uploads\\\/2026\\\/08\\\/conexao-anptrilhos-2026-foto-anptrilhos-divulgacao.jpg\",\"keywords\":[\"Ana Patrizia Lira\",\"BNDES\",\"Carlos Humberto de Carvalho\",\"CNT\",\"Conex\u00e3o ANPTrilhos 2026\",\"Infra S.A.\",\"Jorge Bastos\",\"Julio Castiglioni\",\"Minist\u00e9rio das Cidades\",\"mobilidade urbana\",\"No Trilho Certo\",\"TML\",\"Valter de Souza\",\"Vladimir Lima\"],\"articleSection\":[\"Destaque lista\"],\"inLanguage\":\"pt-BR\",\"copyrightYear\":\"2026\",\"copyrightHolder\":{\"@id\":\"https:\\\/\\\/agenciainfra.com\\\/blog\\\/#organization\"}},{\"@type\":\"WebPage\",\"@id\":\"https:\\\/\\\/agenciainfra.com\\\/blog\\\/avanco-na-mobilidade-depende-de-governanca-investimentos-e-tarifa\\\/\",\"url\":\"https:\\\/\\\/agenciainfra.com\\\/blog\\\/avanco-na-mobilidade-depende-de-governanca-investimentos-e-tarifa\\\/\",\"name\":\"Conex\u00e3o ANPTrilhos: mobilidade depende de governan\u00e7a, investimento e tarifa - Ag\u00eancia iNFRA\",\"isPartOf\":{\"@id\":\"https:\\\/\\\/agenciainfra.com\\\/blog\\\/#website\"},\"primaryImageOfPage\":{\"@id\":\"https:\\\/\\\/agenciainfra.com\\\/blog\\\/avanco-na-mobilidade-depende-de-governanca-investimentos-e-tarifa\\\/#primaryimage\"},\"image\":{\"@id\":\"https:\\\/\\\/agenciainfra.com\\\/blog\\\/avanco-na-mobilidade-depende-de-governanca-investimentos-e-tarifa\\\/#primaryimage\"},\"thumbnailUrl\":\"https:\\\/\\\/agenciainfra.com\\\/blog\\\/wp-content\\\/uploads\\\/2026\\\/08\\\/conexao-anptrilhos-2026-foto-anptrilhos-divulgacao.jpg\",\"datePublished\":\"2026-08-31T15:13:53+00:00\",\"dateModified\":\"2026-08-31T15:18:57+00:00\",\"breadcrumb\":{\"@id\":\"https:\\\/\\\/agenciainfra.com\\\/blog\\\/avanco-na-mobilidade-depende-de-governanca-investimentos-e-tarifa\\\/#breadcrumb\"},\"inLanguage\":\"pt-BR\",\"potentialAction\":[{\"@type\":\"ReadAction\",\"target\":[\"https:\\\/\\\/agenciainfra.com\\\/blog\\\/avanco-na-mobilidade-depende-de-governanca-investimentos-e-tarifa\\\/\"]}]},{\"@type\":\"ImageObject\",\"inLanguage\":\"pt-BR\",\"@id\":\"https:\\\/\\\/agenciainfra.com\\\/blog\\\/avanco-na-mobilidade-depende-de-governanca-investimentos-e-tarifa\\\/#primaryimage\",\"url\":\"https:\\\/\\\/agenciainfra.com\\\/blog\\\/wp-content\\\/uploads\\\/2026\\\/08\\\/conexao-anptrilhos-2026-foto-anptrilhos-divulgacao.jpg\",\"contentUrl\":\"https:\\\/\\\/agenciainfra.com\\\/blog\\\/wp-content\\\/uploads\\\/2026\\\/08\\\/conexao-anptrilhos-2026-foto-anptrilhos-divulgacao.jpg\",\"width\":1200,\"height\":800,\"caption\":\"Foto: ANPTrilhos\"},{\"@type\":\"BreadcrumbList\",\"@id\":\"https:\\\/\\\/agenciainfra.com\\\/blog\\\/avanco-na-mobilidade-depende-de-governanca-investimentos-e-tarifa\\\/#breadcrumb\",\"itemListElement\":[{\"@type\":\"ListItem\",\"position\":1,\"name\":\"In\u00edcio\",\"item\":\"https:\\\/\\\/agenciainfra.com\\\/blog\\\/\"},{\"@type\":\"ListItem\",\"position\":2,\"name\":\"Conex\u00e3o ANPTrilhos: mobilidade depende de governan\u00e7a, investimento e tarifa\"}]},{\"@type\":\"WebSite\",\"@id\":\"https:\\\/\\\/agenciainfra.com\\\/blog\\\/#website\",\"url\":\"https:\\\/\\\/agenciainfra.com\\\/blog\\\/\",\"name\":\"Ag\u00eancia iNFRA\",\"description\":\"Multiplataforma de informa\u00e7\u00e3o jornal\u00edstica refer\u00eancia na \u00e1rea de infraestrutura no Brasil!\",\"publisher\":{\"@id\":\"https:\\\/\\\/agenciainfra.com\\\/blog\\\/#organization\"},\"potentialAction\":[{\"@type\":\"SearchAction\",\"target\":{\"@type\":\"EntryPoint\",\"urlTemplate\":\"https:\\\/\\\/agenciainfra.com\\\/blog\\\/?s={search_term_string}\"},\"query-input\":{\"@type\":\"PropertyValueSpecification\",\"valueRequired\":true,\"valueName\":\"search_term_string\"}}],\"inLanguage\":\"pt-BR\"},{\"@type\":\"Organization\",\"@id\":\"https:\\\/\\\/agenciainfra.com\\\/blog\\\/#organization\",\"name\":\"Ag\u00eancia iNFRA\",\"url\":\"https:\\\/\\\/agenciainfra.com\\\/blog\\\/\",\"logo\":{\"@type\":\"ImageObject\",\"inLanguage\":\"pt-BR\",\"@id\":\"https:\\\/\\\/agenciainfra.com\\\/blog\\\/#\\\/schema\\\/logo\\\/image\\\/\",\"url\":\"https:\\\/\\\/agenciainfra.com\\\/blog\\\/wp-content\\\/uploads\\\/2023\\\/09\\\/iNFRA_5-e1761735885940.png\",\"contentUrl\":\"https:\\\/\\\/agenciainfra.com\\\/blog\\\/wp-content\\\/uploads\\\/2023\\\/09\\\/iNFRA_5-e1761735885940.png\",\"width\":1672,\"height\":454,\"caption\":\"Ag\u00eancia iNFRA\"},\"image\":{\"@id\":\"https:\\\/\\\/agenciainfra.com\\\/blog\\\/#\\\/schema\\\/logo\\\/image\\\/\"},\"sameAs\":[\"https:\\\/\\\/www.facebook.com\\\/ageninfra\",\"https:\\\/\\\/x.com\\\/agencia_infra\",\"https:\\\/\\\/www.linkedin.com\\\/company\\\/ag\u00eanciainfra\\\/\",\"https:\\\/\\\/www.instagram.com\\\/agenciainfra\\\/\"]},{\"@type\":\"Person\",\"@id\":\"https:\\\/\\\/agenciainfra.com\\\/blog\\\/#\\\/schema\\\/person\\\/34af08dff6adea4cb22b06612ba7acfa\",\"name\":\"Ag\u00eancia iNFRA\",\"image\":{\"@type\":\"ImageObject\",\"inLanguage\":\"pt-BR\",\"@id\":\"https:\\\/\\\/secure.gravatar.com\\\/avatar\\\/d189e01678f06d8eb84d4e01f08eb848b3fffe3f8443818d3c356c66892f5be8?s=96&d=mm&r=g\",\"url\":\"https:\\\/\\\/secure.gravatar.com\\\/avatar\\\/d189e01678f06d8eb84d4e01f08eb848b3fffe3f8443818d3c356c66892f5be8?s=96&d=mm&r=g\",\"contentUrl\":\"https:\\\/\\\/secure.gravatar.com\\\/avatar\\\/d189e01678f06d8eb84d4e01f08eb848b3fffe3f8443818d3c356c66892f5be8?s=96&d=mm&r=g\",\"caption\":\"Ag\u00eancia iNFRA\"},\"url\":\"https:\\\/\\\/agenciainfra.com\\\/blog\\\/author\\\/admin\\\/\"}]}<\/script>\n<!-- \/ Yoast SEO Premium plugin. -->","yoast_head_json":{"title":"Conex\u00e3o ANPTrilhos: mobilidade depende de governan\u00e7a, investimento e tarifa - Ag\u00eancia iNFRA","robots":{"index":"index","follow":"follow","max-snippet":"max-snippet:-1","max-image-preview":"max-image-preview:large","max-video-preview":"max-video-preview:-1"},"canonical":"https:\/\/agenciainfra.com\/blog\/avanco-na-mobilidade-depende-de-governanca-investimentos-e-tarifa\/","og_locale":"pt_BR","og_type":"article","og_title":"Conex\u00e3o ANPTrilhos: mobilidade depende de governan\u00e7a, investimento e tarifa","og_description":"da Ag\u00eancia iNFRA Oferecer menores tarifas deve ser o foco do setor de transporte p\u00fablico para impulsionar a busca de usu\u00e1rios pelos servi\u00e7os, que recuou de forma expressiva nos \u00faltimos anos. A redu\u00e7\u00e3o sozinha, contudo, n\u00e3o ser\u00e1 suficiente para trazer os passageiros que passaram a usar meios de transporte individuais: ser\u00e1 preciso melhorar a qualidade [&hellip;]","og_url":"https:\/\/agenciainfra.com\/blog\/avanco-na-mobilidade-depende-de-governanca-investimentos-e-tarifa\/","og_site_name":"Ag\u00eancia iNFRA","article_publisher":"https:\/\/www.facebook.com\/ageninfra","article_published_time":"2026-08-31T15:13:53+00:00","article_modified_time":"2026-08-31T15:18:57+00:00","og_image":[{"width":1200,"height":800,"url":"https:\/\/agenciainfra.com\/blog\/wp-content\/uploads\/2026\/08\/conexao-anptrilhos-2026-foto-anptrilhos-divulgacao.jpg","type":"image\/jpeg"}],"author":"Ag\u00eancia iNFRA","twitter_card":"summary_large_image","twitter_creator":"@agencia_infra","twitter_site":"@agencia_infra","twitter_misc":{"Escrito por":"Ag\u00eancia iNFRA","Est. tempo de leitura":"5 minutos"},"schema":{"@context":"https:\/\/schema.org","@graph":[{"@type":"Article","@id":"https:\/\/agenciainfra.com\/blog\/avanco-na-mobilidade-depende-de-governanca-investimentos-e-tarifa\/#article","isPartOf":{"@id":"https:\/\/agenciainfra.com\/blog\/avanco-na-mobilidade-depende-de-governanca-investimentos-e-tarifa\/"},"author":{"name":"Ag\u00eancia iNFRA","@id":"https:\/\/agenciainfra.com\/blog\/#\/schema\/person\/34af08dff6adea4cb22b06612ba7acfa"},"headline":"Conex\u00e3o ANPTrilhos: mobilidade depende de governan\u00e7a, investimento e tarifa","datePublished":"2026-08-31T15:13:53+00:00","dateModified":"2026-08-31T15:18:57+00:00","mainEntityOfPage":{"@id":"https:\/\/agenciainfra.com\/blog\/avanco-na-mobilidade-depende-de-governanca-investimentos-e-tarifa\/"},"wordCount":1017,"publisher":{"@id":"https:\/\/agenciainfra.com\/blog\/#organization"},"image":{"@id":"https:\/\/agenciainfra.com\/blog\/avanco-na-mobilidade-depende-de-governanca-investimentos-e-tarifa\/#primaryimage"},"thumbnailUrl":"https:\/\/agenciainfra.com\/blog\/wp-content\/uploads\/2026\/08\/conexao-anptrilhos-2026-foto-anptrilhos-divulgacao.jpg","keywords":["Ana Patrizia Lira","BNDES","Carlos Humberto de Carvalho","CNT","Conex\u00e3o ANPTrilhos 2026","Infra S.A.","Jorge Bastos","Julio Castiglioni","Minist\u00e9rio das Cidades","mobilidade urbana","No Trilho Certo","TML","Valter de Souza","Vladimir Lima"],"articleSection":["Destaque lista"],"inLanguage":"pt-BR","copyrightYear":"2026","copyrightHolder":{"@id":"https:\/\/agenciainfra.com\/blog\/#organization"}},{"@type":"WebPage","@id":"https:\/\/agenciainfra.com\/blog\/avanco-na-mobilidade-depende-de-governanca-investimentos-e-tarifa\/","url":"https:\/\/agenciainfra.com\/blog\/avanco-na-mobilidade-depende-de-governanca-investimentos-e-tarifa\/","name":"Conex\u00e3o ANPTrilhos: mobilidade depende de governan\u00e7a, investimento e tarifa - Ag\u00eancia iNFRA","isPartOf":{"@id":"https:\/\/agenciainfra.com\/blog\/#website"},"primaryImageOfPage":{"@id":"https:\/\/agenciainfra.com\/blog\/avanco-na-mobilidade-depende-de-governanca-investimentos-e-tarifa\/#primaryimage"},"image":{"@id":"https:\/\/agenciainfra.com\/blog\/avanco-na-mobilidade-depende-de-governanca-investimentos-e-tarifa\/#primaryimage"},"thumbnailUrl":"https:\/\/agenciainfra.com\/blog\/wp-content\/uploads\/2026\/08\/conexao-anptrilhos-2026-foto-anptrilhos-divulgacao.jpg","datePublished":"2026-08-31T15:13:53+00:00","dateModified":"2026-08-31T15:18:57+00:00","breadcrumb":{"@id":"https:\/\/agenciainfra.com\/blog\/avanco-na-mobilidade-depende-de-governanca-investimentos-e-tarifa\/#breadcrumb"},"inLanguage":"pt-BR","potentialAction":[{"@type":"ReadAction","target":["https:\/\/agenciainfra.com\/blog\/avanco-na-mobilidade-depende-de-governanca-investimentos-e-tarifa\/"]}]},{"@type":"ImageObject","inLanguage":"pt-BR","@id":"https:\/\/agenciainfra.com\/blog\/avanco-na-mobilidade-depende-de-governanca-investimentos-e-tarifa\/#primaryimage","url":"https:\/\/agenciainfra.com\/blog\/wp-content\/uploads\/2026\/08\/conexao-anptrilhos-2026-foto-anptrilhos-divulgacao.jpg","contentUrl":"https:\/\/agenciainfra.com\/blog\/wp-content\/uploads\/2026\/08\/conexao-anptrilhos-2026-foto-anptrilhos-divulgacao.jpg","width":1200,"height":800,"caption":"Foto: ANPTrilhos"},{"@type":"BreadcrumbList","@id":"https:\/\/agenciainfra.com\/blog\/avanco-na-mobilidade-depende-de-governanca-investimentos-e-tarifa\/#breadcrumb","itemListElement":[{"@type":"ListItem","position":1,"name":"In\u00edcio","item":"https:\/\/agenciainfra.com\/blog\/"},{"@type":"ListItem","position":2,"name":"Conex\u00e3o ANPTrilhos: mobilidade depende de governan\u00e7a, investimento e tarifa"}]},{"@type":"WebSite","@id":"https:\/\/agenciainfra.com\/blog\/#website","url":"https:\/\/agenciainfra.com\/blog\/","name":"Ag\u00eancia iNFRA","description":"Multiplataforma de informa\u00e7\u00e3o jornal\u00edstica refer\u00eancia na \u00e1rea de infraestrutura no Brasil!","publisher":{"@id":"https:\/\/agenciainfra.com\/blog\/#organization"},"potentialAction":[{"@type":"SearchAction","target":{"@type":"EntryPoint","urlTemplate":"https:\/\/agenciainfra.com\/blog\/?s={search_term_string}"},"query-input":{"@type":"PropertyValueSpecification","valueRequired":true,"valueName":"search_term_string"}}],"inLanguage":"pt-BR"},{"@type":"Organization","@id":"https:\/\/agenciainfra.com\/blog\/#organization","name":"Ag\u00eancia iNFRA","url":"https:\/\/agenciainfra.com\/blog\/","logo":{"@type":"ImageObject","inLanguage":"pt-BR","@id":"https:\/\/agenciainfra.com\/blog\/#\/schema\/logo\/image\/","url":"https:\/\/agenciainfra.com\/blog\/wp-content\/uploads\/2023\/09\/iNFRA_5-e1761735885940.png","contentUrl":"https:\/\/agenciainfra.com\/blog\/wp-content\/uploads\/2023\/09\/iNFRA_5-e1761735885940.png","width":1672,"height":454,"caption":"Ag\u00eancia iNFRA"},"image":{"@id":"https:\/\/agenciainfra.com\/blog\/#\/schema\/logo\/image\/"},"sameAs":["https:\/\/www.facebook.com\/ageninfra","https:\/\/x.com\/agencia_infra","https:\/\/www.linkedin.com\/company\/ag\u00eanciainfra\/","https:\/\/www.instagram.com\/agenciainfra\/"]},{"@type":"Person","@id":"https:\/\/agenciainfra.com\/blog\/#\/schema\/person\/34af08dff6adea4cb22b06612ba7acfa","name":"Ag\u00eancia iNFRA","image":{"@type":"ImageObject","inLanguage":"pt-BR","@id":"https:\/\/secure.gravatar.com\/avatar\/d189e01678f06d8eb84d4e01f08eb848b3fffe3f8443818d3c356c66892f5be8?s=96&d=mm&r=g","url":"https:\/\/secure.gravatar.com\/avatar\/d189e01678f06d8eb84d4e01f08eb848b3fffe3f8443818d3c356c66892f5be8?s=96&d=mm&r=g","contentUrl":"https:\/\/secure.gravatar.com\/avatar\/d189e01678f06d8eb84d4e01f08eb848b3fffe3f8443818d3c356c66892f5be8?s=96&d=mm&r=g","caption":"Ag\u00eancia iNFRA"},"url":"https:\/\/agenciainfra.com\/blog\/author\/admin\/"}]}},"_links":{"self":[{"href":"https:\/\/agenciainfra.com\/blog\/wp-json\/wp\/v2\/posts\/46690","targetHints":{"allow":["GET"]}}],"collection":[{"href":"https:\/\/agenciainfra.com\/blog\/wp-json\/wp\/v2\/posts"}],"about":[{"href":"https:\/\/agenciainfra.com\/blog\/wp-json\/wp\/v2\/types\/post"}],"author":[{"embeddable":true,"href":"https:\/\/agenciainfra.com\/blog\/wp-json\/wp\/v2\/users\/1"}],"replies":[{"embeddable":true,"href":"https:\/\/agenciainfra.com\/blog\/wp-json\/wp\/v2\/comments?post=46690"}],"version-history":[{"count":2,"href":"https:\/\/agenciainfra.com\/blog\/wp-json\/wp\/v2\/posts\/46690\/revisions"}],"predecessor-version":[{"id":46693,"href":"https:\/\/agenciainfra.com\/blog\/wp-json\/wp\/v2\/posts\/46690\/revisions\/46693"}],"wp:featuredmedia":[{"embeddable":true,"href":"https:\/\/agenciainfra.com\/blog\/wp-json\/wp\/v2\/media\/46691"}],"wp:attachment":[{"href":"https:\/\/agenciainfra.com\/blog\/wp-json\/wp\/v2\/media?parent=46690"}],"wp:term":[{"taxonomy":"category","embeddable":true,"href":"https:\/\/agenciainfra.com\/blog\/wp-json\/wp\/v2\/categories?post=46690"},{"taxonomy":"post_tag","embeddable":true,"href":"https:\/\/agenciainfra.com\/blog\/wp-json\/wp\/v2\/tags?post=46690"}],"curies":[{"name":"wp","href":"https:\/\/api.w.org\/{rel}","templated":true}]}}