{"id":46704,"date":"2026-08-31T14:44:27","date_gmt":"2026-08-31T17:44:27","guid":{"rendered":"https:\/\/agenciainfra.com\/blog\/?p=46704"},"modified":"2026-08-31T14:44:29","modified_gmt":"2026-08-31T17:44:29","slug":"refit-e-outras-tres-empresas-do-grupo-tem-falencia-decretada","status":"publish","type":"post","link":"https:\/\/agenciainfra.com\/blog\/refit-e-outras-tres-empresas-do-grupo-tem-falencia-decretada\/","title":{"rendered":"Refit e outras tr\u00eas empresas do grupo t\u00eam fal\u00eancia decretada"},"content":{"rendered":"\n<p class=\"has-text-align-right\"><strong>Gabriel Vasconcelos, da Ag\u00eancia iNFRA<\/strong><\/p>\n\n\n\n<p>A Justi\u00e7a do Rio de Janeiro decretou, nesta segunda-feira (31), a fal\u00eancia da Refinaria de Manguinhos, a Refit, e mais tr\u00eas empresas do mesmo grupo econ\u00f4mico (Gasdiesel Distribuidora, MG Distribuidora e Manguinhos Qu\u00edmica).<\/p>\n\n\n\n<p>A <a href=\"https:\/\/agenciainfra.com\/blog\/wp-content\/uploads\/2026\/08\/5a-VEMP.-Decisao-que-decreta-falencia-da-REFIT-20260831.pdf\" data-type=\"link\" data-id=\"https:\/\/agenciainfra.com\/blog\/wp-content\/uploads\/2026\/08\/5a-VEMP.-Decisao-que-decreta-falencia-da-REFIT-20260831.pdf\">decis\u00e3o<\/a> \u00e9 do juiz Arthur Magalh\u00e3es Ferreira, da 5\u00aa Vara Empresarial do Rio, que extinguiu o processo de recupera\u00e7\u00e3o judicial das empresas e determinou ao administrador judicial a imediata avalia\u00e7\u00e3o e arrecada\u00e7\u00e3o dos bens vinculados ao complexo industrial da refinaria. Ele ter\u00e1 30 dias corridos para apresentar um relat\u00f3rio sobre a &#8220;composi\u00e7\u00e3o, estado de conserva\u00e7\u00e3o e valor econ\u00f4mico do conjunto&#8221;.<\/p>\n\n\n\n<p>Agora acolhido, o pedido de decreta\u00e7\u00e3o de fal\u00eancia da refinadora havia sido formalizado pela PGE (Procuradoria-Geral do Estadual) no in\u00edcio de agosto, em fun\u00e7\u00e3o de uma d\u00edvida tribut\u00e1ria de R$ 25,7 bilh\u00f5es. O mesmo j\u00e1 havia sido proposto pelo Minist\u00e9rio P\u00fablico do Rio de Janeiro no fim de maio deste ano.<\/p>\n\n\n\n<p>Segundo o ju\u00edzo, restou demonstrada a &#8220;perda de subst\u00e2ncia econ\u00f4mica&#8221; das empresas, que n\u00e3o teriam proje\u00e7\u00e3o de receita e n\u00e3o poderiam sustentar o cumprimento das obriga\u00e7\u00f5es do processo de recupera\u00e7\u00e3o judicial. Segundo os autos, em abril de 2025, a refinaria ainda apresentava faturamento &#8220;relevante&#8221;, com receita bruta de R$ 1,3 bilh\u00e3o, mas viu essa receita cair a partir de outubro e zerar no primeiro trimestre de 2026.<\/p>\n\n\n\n<p>A Refit entrou em recupera\u00e7\u00e3o judicial sob o argumento de que recentes o aumentos no pre\u00e7o do barril de petr\u00f3leo combinados \u00e0 alta do d\u00f3lar levaram a uma alta de 40% nos custos, inviabilizando o neg\u00f3cio. Uma das maiores devedoras de ICMS estado, a empresa vem sendo implicada em investiga\u00e7\u00f5es sobre fraude em combust\u00edveis pelo menos desde o fim do ano passado.<\/p>\n\n\n\n<p>Sobre isso, Magalh\u00e3es Ferreira cita relat\u00f3rio do Gaesf (Grupo de Atua\u00e7\u00e3o Especializada de Defesa da Integridade e Repress\u00e3o \u00e0 Sonega\u00e7\u00e3o Fiscal), segundo o qual, ap\u00f3s uma s\u00e9rie de opera\u00e7\u00f5es da Receita federal, Pol\u00edcia Federal, Minist\u00e9rio P\u00fablico Federal e ANP (Ag\u00eancia Nacional do petr\u00f3leo, G\u00e1s Natural e Biocombust\u00edveis), &#8220;foi evidenciado que o verdadeiro modelo de neg\u00f3cio empreendido pela Refit e suas empresas coligadas \u00e9 baseado intrinsecamente em atos reiterados de sonega\u00e7\u00e3o fiscal e fraude fiscal estruturada, por meio de oculta\u00e7\u00e3o patrimonial e esvaziamento econ\u00f4mico da empresa deliberadamente para fins de n\u00e3o pagamento de tributos&#8221;.<\/p>\n\n\n\n<p>Entre os epis\u00f3dios, o documento lista a determina\u00e7\u00e3o do STF (Supremo Tribunal Federal) de suspens\u00e3o das atividades econ\u00f4micas de todas as empresas do grupo econ\u00f4mico e bloqueio de R$ 52 bilh\u00f5es em ativos financeiros.<\/p>\n\n\n\n<p>A assessoria de comunica\u00e7\u00e3o da Refit foi procurada pela reportagem, mas n\u00e3o respondeu at\u00e9 o momento desta publica\u00e7\u00e3o.<\/p>\n","protected":false},"excerpt":{"rendered":"<p>Gabriel Vasconcelos, da Ag\u00eancia iNFRA A Justi\u00e7a do Rio de Janeiro decretou, nesta segunda-feira (31), a fal\u00eancia da Refinaria de Manguinhos, a Refit, e mais tr\u00eas empresas do mesmo grupo econ\u00f4mico (Gasdiesel Distribuidora, MG Distribuidora e Manguinhos Qu\u00edmica). A decis\u00e3o \u00e9 do juiz Arthur Magalh\u00e3es Ferreira, da 5\u00aa Vara Empresarial do Rio, que extinguiu o [&hellip;]<\/p>\n","protected":false},"author":1,"featured_media":31758,"comment_status":"closed","ping_status":"closed","sticky":false,"template":"","format":"standard","meta":{"_monsterinsights_skip_tracking":false,"_monsterinsights_sitenote_active":false,"_monsterinsights_sitenote_note":"","_monsterinsights_sitenote_category":0,"footnotes":""},"categories":[7250],"tags":[21636,13251,21633,21635,21634,14708,14707],"class_list":["post-46704","post","type-post","status-publish","format-standard","has-post-thumbnail","hentry","category-destaque-lista","tag-arthur-magalhaes-ferreira","tag-gabriel-vasconcelos","tag-gasdiesel-distribuidora","tag-manguinhos-quimica","tag-mg-distribuidora","tag-refinaria-de-manguinhos","tag-refit"],"yoast_head":"<!-- This site is optimized with the Yoast SEO Premium plugin v25.4 (Yoast SEO v28.2) - https:\/\/yoast.com\/product\/yoast-seo-premium-wordpress\/ -->\n<title>Refit e outras tr\u00eas empresas do grupo t\u00eam fal\u00eancia decretada - Ag\u00eancia iNFRA<\/title>\n<meta name=\"robots\" content=\"index, follow, max-snippet:-1, max-image-preview:large, max-video-preview:-1\" \/>\n<link rel=\"canonical\" href=\"https:\/\/agenciainfra.com\/blog\/refit-e-outras-tres-empresas-do-grupo-tem-falencia-decretada\/\" \/>\n<meta property=\"og:locale\" content=\"pt_BR\" \/>\n<meta property=\"og:type\" content=\"article\" \/>\n<meta property=\"og:title\" content=\"Refit e outras tr\u00eas empresas do grupo t\u00eam fal\u00eancia decretada\" \/>\n<meta property=\"og:description\" content=\"Gabriel Vasconcelos, da Ag\u00eancia iNFRA A Justi\u00e7a do Rio de Janeiro decretou, nesta segunda-feira (31), a fal\u00eancia da Refinaria de Manguinhos, a Refit, e mais tr\u00eas empresas do mesmo grupo econ\u00f4mico (Gasdiesel Distribuidora, MG Distribuidora e Manguinhos Qu\u00edmica). A decis\u00e3o \u00e9 do juiz Arthur Magalh\u00e3es Ferreira, da 5\u00aa Vara Empresarial do Rio, que extinguiu o [&hellip;]\" \/>\n<meta property=\"og:url\" content=\"https:\/\/agenciainfra.com\/blog\/refit-e-outras-tres-empresas-do-grupo-tem-falencia-decretada\/\" \/>\n<meta property=\"og:site_name\" content=\"Ag\u00eancia iNFRA\" \/>\n<meta property=\"article:publisher\" content=\"https:\/\/www.facebook.com\/ageninfra\" \/>\n<meta property=\"article:published_time\" content=\"2026-08-31T17:44:27+00:00\" \/>\n<meta property=\"article:modified_time\" content=\"2026-08-31T17:44:29+00:00\" \/>\n<meta property=\"og:image\" content=\"https:\/\/agenciainfra.com\/blog\/wp-content\/uploads\/2025\/11\/refit-foto-divulgacao-e1754306126244-1-e1762515751390.jpg\" \/>\n\t<meta property=\"og:image:width\" content=\"1002\" \/>\n\t<meta property=\"og:image:height\" content=\"668\" \/>\n\t<meta property=\"og:image:type\" content=\"image\/jpeg\" \/>\n<meta name=\"author\" content=\"Ag\u00eancia iNFRA\" \/>\n<meta name=\"twitter:card\" content=\"summary_large_image\" \/>\n<meta name=\"twitter:creator\" content=\"@agencia_infra\" \/>\n<meta name=\"twitter:site\" content=\"@agencia_infra\" \/>\n<meta name=\"twitter:label1\" content=\"Escrito por\" \/>\n\t<meta name=\"twitter:data1\" content=\"Ag\u00eancia iNFRA\" \/>\n\t<meta name=\"twitter:label2\" content=\"Est. tempo de leitura\" \/>\n\t<meta name=\"twitter:data2\" content=\"2 minutos\" \/>\n<script type=\"application\/ld+json\" class=\"yoast-schema-graph\">{\"@context\":\"https:\\\/\\\/schema.org\",\"@graph\":[{\"@type\":\"Article\",\"@id\":\"https:\\\/\\\/agenciainfra.com\\\/blog\\\/refit-e-outras-tres-empresas-do-grupo-tem-falencia-decretada\\\/#article\",\"isPartOf\":{\"@id\":\"https:\\\/\\\/agenciainfra.com\\\/blog\\\/refit-e-outras-tres-empresas-do-grupo-tem-falencia-decretada\\\/\"},\"author\":{\"name\":\"Ag\u00eancia iNFRA\",\"@id\":\"https:\\\/\\\/agenciainfra.com\\\/blog\\\/#\\\/schema\\\/person\\\/34af08dff6adea4cb22b06612ba7acfa\"},\"headline\":\"Refit e outras tr\u00eas empresas do grupo t\u00eam fal\u00eancia decretada\",\"datePublished\":\"2026-08-31T17:44:27+00:00\",\"dateModified\":\"2026-08-31T17:44:29+00:00\",\"mainEntityOfPage\":{\"@id\":\"https:\\\/\\\/agenciainfra.com\\\/blog\\\/refit-e-outras-tres-empresas-do-grupo-tem-falencia-decretada\\\/\"},\"wordCount\":493,\"publisher\":{\"@id\":\"https:\\\/\\\/agenciainfra.com\\\/blog\\\/#organization\"},\"image\":{\"@id\":\"https:\\\/\\\/agenciainfra.com\\\/blog\\\/refit-e-outras-tres-empresas-do-grupo-tem-falencia-decretada\\\/#primaryimage\"},\"thumbnailUrl\":\"https:\\\/\\\/agenciainfra.com\\\/blog\\\/wp-content\\\/uploads\\\/2025\\\/11\\\/refit-foto-divulgacao-e1754306126244-1-e1762515751390.jpg\",\"keywords\":[\"Arthur Magalh\u00e3es Ferreira\",\"Gabriel Vasconcelos\",\"Gasdiesel Distribuidora\",\"Manguinhos Qu\u00edmica\",\"MG Distribuidora\",\"Refinaria de Manguinhos\",\"Refit\"],\"articleSection\":[\"Destaque lista\"],\"inLanguage\":\"pt-BR\",\"copyrightYear\":\"2026\",\"copyrightHolder\":{\"@id\":\"https:\\\/\\\/agenciainfra.com\\\/blog\\\/#organization\"}},{\"@type\":\"WebPage\",\"@id\":\"https:\\\/\\\/agenciainfra.com\\\/blog\\\/refit-e-outras-tres-empresas-do-grupo-tem-falencia-decretada\\\/\",\"url\":\"https:\\\/\\\/agenciainfra.com\\\/blog\\\/refit-e-outras-tres-empresas-do-grupo-tem-falencia-decretada\\\/\",\"name\":\"Refit e outras tr\u00eas empresas do grupo t\u00eam fal\u00eancia decretada - Ag\u00eancia iNFRA\",\"isPartOf\":{\"@id\":\"https:\\\/\\\/agenciainfra.com\\\/blog\\\/#website\"},\"primaryImageOfPage\":{\"@id\":\"https:\\\/\\\/agenciainfra.com\\\/blog\\\/refit-e-outras-tres-empresas-do-grupo-tem-falencia-decretada\\\/#primaryimage\"},\"image\":{\"@id\":\"https:\\\/\\\/agenciainfra.com\\\/blog\\\/refit-e-outras-tres-empresas-do-grupo-tem-falencia-decretada\\\/#primaryimage\"},\"thumbnailUrl\":\"https:\\\/\\\/agenciainfra.com\\\/blog\\\/wp-content\\\/uploads\\\/2025\\\/11\\\/refit-foto-divulgacao-e1754306126244-1-e1762515751390.jpg\",\"datePublished\":\"2026-08-31T17:44:27+00:00\",\"dateModified\":\"2026-08-31T17:44:29+00:00\",\"breadcrumb\":{\"@id\":\"https:\\\/\\\/agenciainfra.com\\\/blog\\\/refit-e-outras-tres-empresas-do-grupo-tem-falencia-decretada\\\/#breadcrumb\"},\"inLanguage\":\"pt-BR\",\"potentialAction\":[{\"@type\":\"ReadAction\",\"target\":[\"https:\\\/\\\/agenciainfra.com\\\/blog\\\/refit-e-outras-tres-empresas-do-grupo-tem-falencia-decretada\\\/\"]}]},{\"@type\":\"ImageObject\",\"inLanguage\":\"pt-BR\",\"@id\":\"https:\\\/\\\/agenciainfra.com\\\/blog\\\/refit-e-outras-tres-empresas-do-grupo-tem-falencia-decretada\\\/#primaryimage\",\"url\":\"https:\\\/\\\/agenciainfra.com\\\/blog\\\/wp-content\\\/uploads\\\/2025\\\/11\\\/refit-foto-divulgacao-e1754306126244-1-e1762515751390.jpg\",\"contentUrl\":\"https:\\\/\\\/agenciainfra.com\\\/blog\\\/wp-content\\\/uploads\\\/2025\\\/11\\\/refit-foto-divulgacao-e1754306126244-1-e1762515751390.jpg\",\"width\":1002,\"height\":668,\"caption\":\"Foto: Refit\"},{\"@type\":\"BreadcrumbList\",\"@id\":\"https:\\\/\\\/agenciainfra.com\\\/blog\\\/refit-e-outras-tres-empresas-do-grupo-tem-falencia-decretada\\\/#breadcrumb\",\"itemListElement\":[{\"@type\":\"ListItem\",\"position\":1,\"name\":\"In\u00edcio\",\"item\":\"https:\\\/\\\/agenciainfra.com\\\/blog\\\/\"},{\"@type\":\"ListItem\",\"position\":2,\"name\":\"Refit e outras tr\u00eas empresas do grupo t\u00eam fal\u00eancia decretada\"}]},{\"@type\":\"WebSite\",\"@id\":\"https:\\\/\\\/agenciainfra.com\\\/blog\\\/#website\",\"url\":\"https:\\\/\\\/agenciainfra.com\\\/blog\\\/\",\"name\":\"Ag\u00eancia iNFRA\",\"description\":\"Multiplataforma de informa\u00e7\u00e3o jornal\u00edstica refer\u00eancia na \u00e1rea de infraestrutura no Brasil!\",\"publisher\":{\"@id\":\"https:\\\/\\\/agenciainfra.com\\\/blog\\\/#organization\"},\"potentialAction\":[{\"@type\":\"SearchAction\",\"target\":{\"@type\":\"EntryPoint\",\"urlTemplate\":\"https:\\\/\\\/agenciainfra.com\\\/blog\\\/?s={search_term_string}\"},\"query-input\":{\"@type\":\"PropertyValueSpecification\",\"valueRequired\":true,\"valueName\":\"search_term_string\"}}],\"inLanguage\":\"pt-BR\"},{\"@type\":\"Organization\",\"@id\":\"https:\\\/\\\/agenciainfra.com\\\/blog\\\/#organization\",\"name\":\"Ag\u00eancia iNFRA\",\"url\":\"https:\\\/\\\/agenciainfra.com\\\/blog\\\/\",\"logo\":{\"@type\":\"ImageObject\",\"inLanguage\":\"pt-BR\",\"@id\":\"https:\\\/\\\/agenciainfra.com\\\/blog\\\/#\\\/schema\\\/logo\\\/image\\\/\",\"url\":\"https:\\\/\\\/agenciainfra.com\\\/blog\\\/wp-content\\\/uploads\\\/2023\\\/09\\\/iNFRA_5-e1761735885940.png\",\"contentUrl\":\"https:\\\/\\\/agenciainfra.com\\\/blog\\\/wp-content\\\/uploads\\\/2023\\\/09\\\/iNFRA_5-e1761735885940.png\",\"width\":1672,\"height\":454,\"caption\":\"Ag\u00eancia iNFRA\"},\"image\":{\"@id\":\"https:\\\/\\\/agenciainfra.com\\\/blog\\\/#\\\/schema\\\/logo\\\/image\\\/\"},\"sameAs\":[\"https:\\\/\\\/www.facebook.com\\\/ageninfra\",\"https:\\\/\\\/x.com\\\/agencia_infra\",\"https:\\\/\\\/www.linkedin.com\\\/company\\\/ag\u00eanciainfra\\\/\",\"https:\\\/\\\/www.instagram.com\\\/agenciainfra\\\/\"]},{\"@type\":\"Person\",\"@id\":\"https:\\\/\\\/agenciainfra.com\\\/blog\\\/#\\\/schema\\\/person\\\/34af08dff6adea4cb22b06612ba7acfa\",\"name\":\"Ag\u00eancia iNFRA\",\"image\":{\"@type\":\"ImageObject\",\"inLanguage\":\"pt-BR\",\"@id\":\"https:\\\/\\\/secure.gravatar.com\\\/avatar\\\/d189e01678f06d8eb84d4e01f08eb848b3fffe3f8443818d3c356c66892f5be8?s=96&d=mm&r=g\",\"url\":\"https:\\\/\\\/secure.gravatar.com\\\/avatar\\\/d189e01678f06d8eb84d4e01f08eb848b3fffe3f8443818d3c356c66892f5be8?s=96&d=mm&r=g\",\"contentUrl\":\"https:\\\/\\\/secure.gravatar.com\\\/avatar\\\/d189e01678f06d8eb84d4e01f08eb848b3fffe3f8443818d3c356c66892f5be8?s=96&d=mm&r=g\",\"caption\":\"Ag\u00eancia iNFRA\"},\"url\":\"https:\\\/\\\/agenciainfra.com\\\/blog\\\/author\\\/admin\\\/\"}]}<\/script>\n<!-- \/ Yoast SEO Premium plugin. -->","yoast_head_json":{"title":"Refit e outras tr\u00eas empresas do grupo t\u00eam fal\u00eancia decretada - Ag\u00eancia iNFRA","robots":{"index":"index","follow":"follow","max-snippet":"max-snippet:-1","max-image-preview":"max-image-preview:large","max-video-preview":"max-video-preview:-1"},"canonical":"https:\/\/agenciainfra.com\/blog\/refit-e-outras-tres-empresas-do-grupo-tem-falencia-decretada\/","og_locale":"pt_BR","og_type":"article","og_title":"Refit e outras tr\u00eas empresas do grupo t\u00eam fal\u00eancia decretada","og_description":"Gabriel Vasconcelos, da Ag\u00eancia iNFRA A Justi\u00e7a do Rio de Janeiro decretou, nesta segunda-feira (31), a fal\u00eancia da Refinaria de Manguinhos, a Refit, e mais tr\u00eas empresas do mesmo grupo econ\u00f4mico (Gasdiesel Distribuidora, MG Distribuidora e Manguinhos Qu\u00edmica). A decis\u00e3o \u00e9 do juiz Arthur Magalh\u00e3es Ferreira, da 5\u00aa Vara Empresarial do Rio, que extinguiu o [&hellip;]","og_url":"https:\/\/agenciainfra.com\/blog\/refit-e-outras-tres-empresas-do-grupo-tem-falencia-decretada\/","og_site_name":"Ag\u00eancia iNFRA","article_publisher":"https:\/\/www.facebook.com\/ageninfra","article_published_time":"2026-08-31T17:44:27+00:00","article_modified_time":"2026-08-31T17:44:29+00:00","og_image":[{"width":1002,"height":668,"url":"https:\/\/agenciainfra.com\/blog\/wp-content\/uploads\/2025\/11\/refit-foto-divulgacao-e1754306126244-1-e1762515751390.jpg","type":"image\/jpeg"}],"author":"Ag\u00eancia iNFRA","twitter_card":"summary_large_image","twitter_creator":"@agencia_infra","twitter_site":"@agencia_infra","twitter_misc":{"Escrito por":"Ag\u00eancia iNFRA","Est. tempo de leitura":"2 minutos"},"schema":{"@context":"https:\/\/schema.org","@graph":[{"@type":"Article","@id":"https:\/\/agenciainfra.com\/blog\/refit-e-outras-tres-empresas-do-grupo-tem-falencia-decretada\/#article","isPartOf":{"@id":"https:\/\/agenciainfra.com\/blog\/refit-e-outras-tres-empresas-do-grupo-tem-falencia-decretada\/"},"author":{"name":"Ag\u00eancia iNFRA","@id":"https:\/\/agenciainfra.com\/blog\/#\/schema\/person\/34af08dff6adea4cb22b06612ba7acfa"},"headline":"Refit e outras tr\u00eas empresas do grupo t\u00eam fal\u00eancia decretada","datePublished":"2026-08-31T17:44:27+00:00","dateModified":"2026-08-31T17:44:29+00:00","mainEntityOfPage":{"@id":"https:\/\/agenciainfra.com\/blog\/refit-e-outras-tres-empresas-do-grupo-tem-falencia-decretada\/"},"wordCount":493,"publisher":{"@id":"https:\/\/agenciainfra.com\/blog\/#organization"},"image":{"@id":"https:\/\/agenciainfra.com\/blog\/refit-e-outras-tres-empresas-do-grupo-tem-falencia-decretada\/#primaryimage"},"thumbnailUrl":"https:\/\/agenciainfra.com\/blog\/wp-content\/uploads\/2025\/11\/refit-foto-divulgacao-e1754306126244-1-e1762515751390.jpg","keywords":["Arthur Magalh\u00e3es Ferreira","Gabriel Vasconcelos","Gasdiesel Distribuidora","Manguinhos Qu\u00edmica","MG Distribuidora","Refinaria de Manguinhos","Refit"],"articleSection":["Destaque lista"],"inLanguage":"pt-BR","copyrightYear":"2026","copyrightHolder":{"@id":"https:\/\/agenciainfra.com\/blog\/#organization"}},{"@type":"WebPage","@id":"https:\/\/agenciainfra.com\/blog\/refit-e-outras-tres-empresas-do-grupo-tem-falencia-decretada\/","url":"https:\/\/agenciainfra.com\/blog\/refit-e-outras-tres-empresas-do-grupo-tem-falencia-decretada\/","name":"Refit e outras tr\u00eas empresas do grupo t\u00eam fal\u00eancia decretada - Ag\u00eancia iNFRA","isPartOf":{"@id":"https:\/\/agenciainfra.com\/blog\/#website"},"primaryImageOfPage":{"@id":"https:\/\/agenciainfra.com\/blog\/refit-e-outras-tres-empresas-do-grupo-tem-falencia-decretada\/#primaryimage"},"image":{"@id":"https:\/\/agenciainfra.com\/blog\/refit-e-outras-tres-empresas-do-grupo-tem-falencia-decretada\/#primaryimage"},"thumbnailUrl":"https:\/\/agenciainfra.com\/blog\/wp-content\/uploads\/2025\/11\/refit-foto-divulgacao-e1754306126244-1-e1762515751390.jpg","datePublished":"2026-08-31T17:44:27+00:00","dateModified":"2026-08-31T17:44:29+00:00","breadcrumb":{"@id":"https:\/\/agenciainfra.com\/blog\/refit-e-outras-tres-empresas-do-grupo-tem-falencia-decretada\/#breadcrumb"},"inLanguage":"pt-BR","potentialAction":[{"@type":"ReadAction","target":["https:\/\/agenciainfra.com\/blog\/refit-e-outras-tres-empresas-do-grupo-tem-falencia-decretada\/"]}]},{"@type":"ImageObject","inLanguage":"pt-BR","@id":"https:\/\/agenciainfra.com\/blog\/refit-e-outras-tres-empresas-do-grupo-tem-falencia-decretada\/#primaryimage","url":"https:\/\/agenciainfra.com\/blog\/wp-content\/uploads\/2025\/11\/refit-foto-divulgacao-e1754306126244-1-e1762515751390.jpg","contentUrl":"https:\/\/agenciainfra.com\/blog\/wp-content\/uploads\/2025\/11\/refit-foto-divulgacao-e1754306126244-1-e1762515751390.jpg","width":1002,"height":668,"caption":"Foto: Refit"},{"@type":"BreadcrumbList","@id":"https:\/\/agenciainfra.com\/blog\/refit-e-outras-tres-empresas-do-grupo-tem-falencia-decretada\/#breadcrumb","itemListElement":[{"@type":"ListItem","position":1,"name":"In\u00edcio","item":"https:\/\/agenciainfra.com\/blog\/"},{"@type":"ListItem","position":2,"name":"Refit e outras tr\u00eas empresas do grupo t\u00eam fal\u00eancia decretada"}]},{"@type":"WebSite","@id":"https:\/\/agenciainfra.com\/blog\/#website","url":"https:\/\/agenciainfra.com\/blog\/","name":"Ag\u00eancia iNFRA","description":"Multiplataforma de informa\u00e7\u00e3o jornal\u00edstica refer\u00eancia na \u00e1rea de infraestrutura no Brasil!","publisher":{"@id":"https:\/\/agenciainfra.com\/blog\/#organization"},"potentialAction":[{"@type":"SearchAction","target":{"@type":"EntryPoint","urlTemplate":"https:\/\/agenciainfra.com\/blog\/?s={search_term_string}"},"query-input":{"@type":"PropertyValueSpecification","valueRequired":true,"valueName":"search_term_string"}}],"inLanguage":"pt-BR"},{"@type":"Organization","@id":"https:\/\/agenciainfra.com\/blog\/#organization","name":"Ag\u00eancia iNFRA","url":"https:\/\/agenciainfra.com\/blog\/","logo":{"@type":"ImageObject","inLanguage":"pt-BR","@id":"https:\/\/agenciainfra.com\/blog\/#\/schema\/logo\/image\/","url":"https:\/\/agenciainfra.com\/blog\/wp-content\/uploads\/2023\/09\/iNFRA_5-e1761735885940.png","contentUrl":"https:\/\/agenciainfra.com\/blog\/wp-content\/uploads\/2023\/09\/iNFRA_5-e1761735885940.png","width":1672,"height":454,"caption":"Ag\u00eancia iNFRA"},"image":{"@id":"https:\/\/agenciainfra.com\/blog\/#\/schema\/logo\/image\/"},"sameAs":["https:\/\/www.facebook.com\/ageninfra","https:\/\/x.com\/agencia_infra","https:\/\/www.linkedin.com\/company\/ag\u00eanciainfra\/","https:\/\/www.instagram.com\/agenciainfra\/"]},{"@type":"Person","@id":"https:\/\/agenciainfra.com\/blog\/#\/schema\/person\/34af08dff6adea4cb22b06612ba7acfa","name":"Ag\u00eancia iNFRA","image":{"@type":"ImageObject","inLanguage":"pt-BR","@id":"https:\/\/secure.gravatar.com\/avatar\/d189e01678f06d8eb84d4e01f08eb848b3fffe3f8443818d3c356c66892f5be8?s=96&d=mm&r=g","url":"https:\/\/secure.gravatar.com\/avatar\/d189e01678f06d8eb84d4e01f08eb848b3fffe3f8443818d3c356c66892f5be8?s=96&d=mm&r=g","contentUrl":"https:\/\/secure.gravatar.com\/avatar\/d189e01678f06d8eb84d4e01f08eb848b3fffe3f8443818d3c356c66892f5be8?s=96&d=mm&r=g","caption":"Ag\u00eancia iNFRA"},"url":"https:\/\/agenciainfra.com\/blog\/author\/admin\/"}]}},"_links":{"self":[{"href":"https:\/\/agenciainfra.com\/blog\/wp-json\/wp\/v2\/posts\/46704","targetHints":{"allow":["GET"]}}],"collection":[{"href":"https:\/\/agenciainfra.com\/blog\/wp-json\/wp\/v2\/posts"}],"about":[{"href":"https:\/\/agenciainfra.com\/blog\/wp-json\/wp\/v2\/types\/post"}],"author":[{"embeddable":true,"href":"https:\/\/agenciainfra.com\/blog\/wp-json\/wp\/v2\/users\/1"}],"replies":[{"embeddable":true,"href":"https:\/\/agenciainfra.com\/blog\/wp-json\/wp\/v2\/comments?post=46704"}],"version-history":[{"count":1,"href":"https:\/\/agenciainfra.com\/blog\/wp-json\/wp\/v2\/posts\/46704\/revisions"}],"predecessor-version":[{"id":46706,"href":"https:\/\/agenciainfra.com\/blog\/wp-json\/wp\/v2\/posts\/46704\/revisions\/46706"}],"wp:featuredmedia":[{"embeddable":true,"href":"https:\/\/agenciainfra.com\/blog\/wp-json\/wp\/v2\/media\/31758"}],"wp:attachment":[{"href":"https:\/\/agenciainfra.com\/blog\/wp-json\/wp\/v2\/media?parent=46704"}],"wp:term":[{"taxonomy":"category","embeddable":true,"href":"https:\/\/agenciainfra.com\/blog\/wp-json\/wp\/v2\/categories?post=46704"},{"taxonomy":"post_tag","embeddable":true,"href":"https:\/\/agenciainfra.com\/blog\/wp-json\/wp\/v2\/tags?post=46704"}],"curies":[{"name":"wp","href":"https:\/\/api.w.org\/{rel}","templated":true}]}}