{"id":46707,"date":"2026-08-31T15:20:01","date_gmt":"2026-08-31T18:20:01","guid":{"rendered":"https:\/\/agenciainfra.com\/blog\/?p=46707"},"modified":"2026-08-31T15:20:03","modified_gmt":"2026-08-31T18:20:03","slug":"abrace-ve-reducao-de-25-na-tarifa-de-transporte-de-gas-com-rcm","status":"publish","type":"post","link":"https:\/\/agenciainfra.com\/blog\/abrace-ve-reducao-de-25-na-tarifa-de-transporte-de-gas-com-rcm\/","title":{"rendered":"Abrace v\u00ea redu\u00e7\u00e3o de 25% na tarifa de transporte de g\u00e1s com RCM"},"content":{"rendered":"\n<p class=\"has-text-align-right\"><strong>da Ag\u00eancia iNFRA<\/strong><\/p>\n\n\n\n<p>A Abrace (Associa\u00e7\u00e3o Brasileira dos Grandes Consumidores Industriais de Energia) estima que a ado\u00e7\u00e3o do RCM (M\u00e9todo do Capital Recuperado) na revis\u00e3o tarif\u00e1ria do transporte de g\u00e1s natural poderia reduzir em cerca de 25% as tarifas do servi\u00e7o. Segundo a associa\u00e7\u00e3o, a diferen\u00e7a econ\u00f4mica entre essa metodologia e a defendida pelas transportadoras pode chegar a R$ 1,3 bilh\u00e3o por ano.<\/p>\n\n\n\n<p>A manifesta\u00e7\u00e3o ocorre ap\u00f3s a ATG\u00e1s, que representa as empresas transportadoras de g\u00e1s, ingressar na Justi\u00e7a Federal do Distrito Federal contra dispositivo da regulamenta\u00e7\u00e3o da ANP (Ag\u00eancia Nacional do Petr\u00f3leo, G\u00e1s Natural e Biocombust\u00edveis) que prev\u00ea a possibilidade de uso do RCM na valora\u00e7\u00e3o da BRA (Base Regulat\u00f3ria de Ativos). A defini\u00e7\u00e3o dessa base influencia diretamente o c\u00e1lculo das tarifas de transporte.<\/p>\n\n\n\n<p>O RCM considera o capital efetivamente investido nos ativos e desconta os valores que j\u00e1 teriam sido recuperados ao longo dos contratos anteriores. Para a Abrace, a metodologia pode evitar que investimentos j\u00e1 remunerados sejam novamente incorporados \u00e0 base utilizada na defini\u00e7\u00e3o das tarifas futuras.<\/p>\n\n\n\n<p>A associa\u00e7\u00e3o afirma que n\u00e3o questiona o direito das transportadoras \u00e0 remunera\u00e7\u00e3o dos investimentos que ainda n\u00e3o tenham sido recuperados, mas defende que a nova receita reconhe\u00e7a apenas o capital que efetivamente permanece por remunerar<\/p>\n\n\n\n<p>A disputa ocorre em meio ao processo de revis\u00e3o tarif\u00e1ria conduzido pela ANP. As transportadoras questionam a aplica\u00e7\u00e3o do RCM e defendem outras formas de valora\u00e7\u00e3o dos ativos, argumentando, entre outros pontos, que o m\u00e9todo n\u00e3o deveria ser aplicado a um processo iniciado antes da edi\u00e7\u00e3o da norma que passou a prev\u00ea-lo.<\/p>\n\n\n\n<p>Para a Abrace, a decis\u00e3o sobre a metodologia deve permanecer no \u00e2mbito t\u00e9cnico da ag\u00eancia reguladora e considerar tanto a remunera\u00e7\u00e3o dos investimentos quanto a modicidade tarif\u00e1ria. A entidade afirma que a redu\u00e7\u00e3o do custo do transporte poderia aumentar a competitividade do g\u00e1s natural e ampliar o mercado livre do combust\u00edvel.<\/p>\n\n\n\n<p><\/p>\n","protected":false},"excerpt":{"rendered":"<p>da Ag\u00eancia iNFRA A Abrace (Associa\u00e7\u00e3o Brasileira dos Grandes Consumidores Industriais de Energia) estima que a ado\u00e7\u00e3o do RCM (M\u00e9todo do Capital Recuperado) na revis\u00e3o tarif\u00e1ria do transporte de g\u00e1s natural poderia reduzir em cerca de 25% as tarifas do servi\u00e7o. Segundo a associa\u00e7\u00e3o, a diferen\u00e7a econ\u00f4mica entre essa metodologia e a defendida pelas transportadoras [&hellip;]<\/p>\n","protected":false},"author":1,"featured_media":7088,"comment_status":"closed","ping_status":"closed","sticky":false,"template":"","format":"standard","meta":{"_monsterinsights_skip_tracking":false,"_monsterinsights_sitenote_active":false,"_monsterinsights_sitenote_note":"","_monsterinsights_sitenote_category":0,"footnotes":""},"categories":[7250],"tags":[41,1101,14970,882,2941,4959,13643],"class_list":["post-46707","post","type-post","status-publish","format-standard","has-post-thumbnail","hentry","category-destaque-lista","tag-abrace","tag-anp","tag-atgas","tag-gas-natural","tag-modicidade-tarifaria","tag-tarifas-de-transporte","tag-transporte-de-gas"],"yoast_head":"<!-- This site is optimized with the Yoast SEO Premium plugin v25.4 (Yoast SEO v28.2) - https:\/\/yoast.com\/product\/yoast-seo-premium-wordpress\/ -->\n<title>Abrace v\u00ea redu\u00e7\u00e3o de 25% na tarifa de transporte de g\u00e1s com RCM - Ag\u00eancia iNFRA<\/title>\n<meta name=\"robots\" content=\"index, follow, max-snippet:-1, max-image-preview:large, max-video-preview:-1\" \/>\n<link rel=\"canonical\" href=\"https:\/\/agenciainfra.com\/blog\/abrace-ve-reducao-de-25-na-tarifa-de-transporte-de-gas-com-rcm\/\" \/>\n<meta property=\"og:locale\" content=\"pt_BR\" \/>\n<meta property=\"og:type\" content=\"article\" \/>\n<meta property=\"og:title\" content=\"Abrace v\u00ea redu\u00e7\u00e3o de 25% na tarifa de transporte de g\u00e1s com RCM\" \/>\n<meta property=\"og:description\" content=\"da Ag\u00eancia iNFRA A Abrace (Associa\u00e7\u00e3o Brasileira dos Grandes Consumidores Industriais de Energia) estima que a ado\u00e7\u00e3o do RCM (M\u00e9todo do Capital Recuperado) na revis\u00e3o tarif\u00e1ria do transporte de g\u00e1s natural poderia reduzir em cerca de 25% as tarifas do servi\u00e7o. Segundo a associa\u00e7\u00e3o, a diferen\u00e7a econ\u00f4mica entre essa metodologia e a defendida pelas transportadoras [&hellip;]\" \/>\n<meta property=\"og:url\" content=\"https:\/\/agenciainfra.com\/blog\/abrace-ve-reducao-de-25-na-tarifa-de-transporte-de-gas-com-rcm\/\" \/>\n<meta property=\"og:site_name\" content=\"Ag\u00eancia iNFRA\" \/>\n<meta property=\"article:publisher\" content=\"https:\/\/www.facebook.com\/ageninfra\" \/>\n<meta property=\"article:published_time\" content=\"2026-08-31T18:20:01+00:00\" \/>\n<meta property=\"article:modified_time\" content=\"2026-08-31T18:20:03+00:00\" \/>\n<meta property=\"og:image\" content=\"https:\/\/agenciainfra.com\/blog\/wp-content\/uploads\/2021\/04\/gas-natural-foto-agencia-brasil.png\" \/>\n\t<meta property=\"og:image:width\" content=\"1280\" \/>\n\t<meta property=\"og:image:height\" content=\"678\" \/>\n\t<meta property=\"og:image:type\" content=\"image\/png\" \/>\n<meta name=\"author\" content=\"Ag\u00eancia iNFRA\" \/>\n<meta name=\"twitter:card\" content=\"summary_large_image\" \/>\n<meta name=\"twitter:creator\" content=\"@agencia_infra\" \/>\n<meta name=\"twitter:site\" content=\"@agencia_infra\" \/>\n<meta name=\"twitter:label1\" content=\"Escrito por\" \/>\n\t<meta name=\"twitter:data1\" content=\"Ag\u00eancia iNFRA\" \/>\n\t<meta name=\"twitter:label2\" content=\"Est. tempo de leitura\" \/>\n\t<meta name=\"twitter:data2\" content=\"2 minutos\" \/>\n<script type=\"application\/ld+json\" class=\"yoast-schema-graph\">{\"@context\":\"https:\\\/\\\/schema.org\",\"@graph\":[{\"@type\":\"Article\",\"@id\":\"https:\\\/\\\/agenciainfra.com\\\/blog\\\/abrace-ve-reducao-de-25-na-tarifa-de-transporte-de-gas-com-rcm\\\/#article\",\"isPartOf\":{\"@id\":\"https:\\\/\\\/agenciainfra.com\\\/blog\\\/abrace-ve-reducao-de-25-na-tarifa-de-transporte-de-gas-com-rcm\\\/\"},\"author\":{\"name\":\"Ag\u00eancia iNFRA\",\"@id\":\"https:\\\/\\\/agenciainfra.com\\\/blog\\\/#\\\/schema\\\/person\\\/34af08dff6adea4cb22b06612ba7acfa\"},\"headline\":\"Abrace v\u00ea redu\u00e7\u00e3o de 25% na tarifa de transporte de g\u00e1s com RCM\",\"datePublished\":\"2026-08-31T18:20:01+00:00\",\"dateModified\":\"2026-08-31T18:20:03+00:00\",\"mainEntityOfPage\":{\"@id\":\"https:\\\/\\\/agenciainfra.com\\\/blog\\\/abrace-ve-reducao-de-25-na-tarifa-de-transporte-de-gas-com-rcm\\\/\"},\"wordCount\":366,\"publisher\":{\"@id\":\"https:\\\/\\\/agenciainfra.com\\\/blog\\\/#organization\"},\"image\":{\"@id\":\"https:\\\/\\\/agenciainfra.com\\\/blog\\\/abrace-ve-reducao-de-25-na-tarifa-de-transporte-de-gas-com-rcm\\\/#primaryimage\"},\"thumbnailUrl\":\"https:\\\/\\\/agenciainfra.com\\\/blog\\\/wp-content\\\/uploads\\\/2021\\\/04\\\/gas-natural-foto-agencia-brasil.png\",\"keywords\":[\"Abrace\",\"ANP\",\"Atg\u00e1s\",\"g\u00e1s natural\",\"modicidade tarif\u00e1ria\",\"tarifas de transporte\",\"transporte de g\u00e1s\"],\"articleSection\":[\"Destaque lista\"],\"inLanguage\":\"pt-BR\",\"copyrightYear\":\"2026\",\"copyrightHolder\":{\"@id\":\"https:\\\/\\\/agenciainfra.com\\\/blog\\\/#organization\"}},{\"@type\":\"WebPage\",\"@id\":\"https:\\\/\\\/agenciainfra.com\\\/blog\\\/abrace-ve-reducao-de-25-na-tarifa-de-transporte-de-gas-com-rcm\\\/\",\"url\":\"https:\\\/\\\/agenciainfra.com\\\/blog\\\/abrace-ve-reducao-de-25-na-tarifa-de-transporte-de-gas-com-rcm\\\/\",\"name\":\"Abrace v\u00ea redu\u00e7\u00e3o de 25% na tarifa de transporte de g\u00e1s com RCM - Ag\u00eancia iNFRA\",\"isPartOf\":{\"@id\":\"https:\\\/\\\/agenciainfra.com\\\/blog\\\/#website\"},\"primaryImageOfPage\":{\"@id\":\"https:\\\/\\\/agenciainfra.com\\\/blog\\\/abrace-ve-reducao-de-25-na-tarifa-de-transporte-de-gas-com-rcm\\\/#primaryimage\"},\"image\":{\"@id\":\"https:\\\/\\\/agenciainfra.com\\\/blog\\\/abrace-ve-reducao-de-25-na-tarifa-de-transporte-de-gas-com-rcm\\\/#primaryimage\"},\"thumbnailUrl\":\"https:\\\/\\\/agenciainfra.com\\\/blog\\\/wp-content\\\/uploads\\\/2021\\\/04\\\/gas-natural-foto-agencia-brasil.png\",\"datePublished\":\"2026-08-31T18:20:01+00:00\",\"dateModified\":\"2026-08-31T18:20:03+00:00\",\"breadcrumb\":{\"@id\":\"https:\\\/\\\/agenciainfra.com\\\/blog\\\/abrace-ve-reducao-de-25-na-tarifa-de-transporte-de-gas-com-rcm\\\/#breadcrumb\"},\"inLanguage\":\"pt-BR\",\"potentialAction\":[{\"@type\":\"ReadAction\",\"target\":[\"https:\\\/\\\/agenciainfra.com\\\/blog\\\/abrace-ve-reducao-de-25-na-tarifa-de-transporte-de-gas-com-rcm\\\/\"]}]},{\"@type\":\"ImageObject\",\"inLanguage\":\"pt-BR\",\"@id\":\"https:\\\/\\\/agenciainfra.com\\\/blog\\\/abrace-ve-reducao-de-25-na-tarifa-de-transporte-de-gas-com-rcm\\\/#primaryimage\",\"url\":\"https:\\\/\\\/agenciainfra.com\\\/blog\\\/wp-content\\\/uploads\\\/2021\\\/04\\\/gas-natural-foto-agencia-brasil.png\",\"contentUrl\":\"https:\\\/\\\/agenciainfra.com\\\/blog\\\/wp-content\\\/uploads\\\/2021\\\/04\\\/gas-natural-foto-agencia-brasil.png\",\"width\":1280,\"height\":678,\"caption\":\"Foto: Ag\u00eancia Brasil\"},{\"@type\":\"BreadcrumbList\",\"@id\":\"https:\\\/\\\/agenciainfra.com\\\/blog\\\/abrace-ve-reducao-de-25-na-tarifa-de-transporte-de-gas-com-rcm\\\/#breadcrumb\",\"itemListElement\":[{\"@type\":\"ListItem\",\"position\":1,\"name\":\"In\u00edcio\",\"item\":\"https:\\\/\\\/agenciainfra.com\\\/blog\\\/\"},{\"@type\":\"ListItem\",\"position\":2,\"name\":\"Abrace v\u00ea redu\u00e7\u00e3o de 25% na tarifa de transporte de g\u00e1s com RCM\"}]},{\"@type\":\"WebSite\",\"@id\":\"https:\\\/\\\/agenciainfra.com\\\/blog\\\/#website\",\"url\":\"https:\\\/\\\/agenciainfra.com\\\/blog\\\/\",\"name\":\"Ag\u00eancia iNFRA\",\"description\":\"Multiplataforma de informa\u00e7\u00e3o jornal\u00edstica refer\u00eancia na \u00e1rea de infraestrutura no Brasil!\",\"publisher\":{\"@id\":\"https:\\\/\\\/agenciainfra.com\\\/blog\\\/#organization\"},\"potentialAction\":[{\"@type\":\"SearchAction\",\"target\":{\"@type\":\"EntryPoint\",\"urlTemplate\":\"https:\\\/\\\/agenciainfra.com\\\/blog\\\/?s={search_term_string}\"},\"query-input\":{\"@type\":\"PropertyValueSpecification\",\"valueRequired\":true,\"valueName\":\"search_term_string\"}}],\"inLanguage\":\"pt-BR\"},{\"@type\":\"Organization\",\"@id\":\"https:\\\/\\\/agenciainfra.com\\\/blog\\\/#organization\",\"name\":\"Ag\u00eancia iNFRA\",\"url\":\"https:\\\/\\\/agenciainfra.com\\\/blog\\\/\",\"logo\":{\"@type\":\"ImageObject\",\"inLanguage\":\"pt-BR\",\"@id\":\"https:\\\/\\\/agenciainfra.com\\\/blog\\\/#\\\/schema\\\/logo\\\/image\\\/\",\"url\":\"https:\\\/\\\/agenciainfra.com\\\/blog\\\/wp-content\\\/uploads\\\/2023\\\/09\\\/iNFRA_5-e1761735885940.png\",\"contentUrl\":\"https:\\\/\\\/agenciainfra.com\\\/blog\\\/wp-content\\\/uploads\\\/2023\\\/09\\\/iNFRA_5-e1761735885940.png\",\"width\":1672,\"height\":454,\"caption\":\"Ag\u00eancia iNFRA\"},\"image\":{\"@id\":\"https:\\\/\\\/agenciainfra.com\\\/blog\\\/#\\\/schema\\\/logo\\\/image\\\/\"},\"sameAs\":[\"https:\\\/\\\/www.facebook.com\\\/ageninfra\",\"https:\\\/\\\/x.com\\\/agencia_infra\",\"https:\\\/\\\/www.linkedin.com\\\/company\\\/ag\u00eanciainfra\\\/\",\"https:\\\/\\\/www.instagram.com\\\/agenciainfra\\\/\"]},{\"@type\":\"Person\",\"@id\":\"https:\\\/\\\/agenciainfra.com\\\/blog\\\/#\\\/schema\\\/person\\\/34af08dff6adea4cb22b06612ba7acfa\",\"name\":\"Ag\u00eancia iNFRA\",\"image\":{\"@type\":\"ImageObject\",\"inLanguage\":\"pt-BR\",\"@id\":\"https:\\\/\\\/secure.gravatar.com\\\/avatar\\\/d189e01678f06d8eb84d4e01f08eb848b3fffe3f8443818d3c356c66892f5be8?s=96&d=mm&r=g\",\"url\":\"https:\\\/\\\/secure.gravatar.com\\\/avatar\\\/d189e01678f06d8eb84d4e01f08eb848b3fffe3f8443818d3c356c66892f5be8?s=96&d=mm&r=g\",\"contentUrl\":\"https:\\\/\\\/secure.gravatar.com\\\/avatar\\\/d189e01678f06d8eb84d4e01f08eb848b3fffe3f8443818d3c356c66892f5be8?s=96&d=mm&r=g\",\"caption\":\"Ag\u00eancia iNFRA\"},\"url\":\"https:\\\/\\\/agenciainfra.com\\\/blog\\\/author\\\/admin\\\/\"}]}<\/script>\n<!-- \/ Yoast SEO Premium plugin. -->","yoast_head_json":{"title":"Abrace v\u00ea redu\u00e7\u00e3o de 25% na tarifa de transporte de g\u00e1s com RCM - Ag\u00eancia iNFRA","robots":{"index":"index","follow":"follow","max-snippet":"max-snippet:-1","max-image-preview":"max-image-preview:large","max-video-preview":"max-video-preview:-1"},"canonical":"https:\/\/agenciainfra.com\/blog\/abrace-ve-reducao-de-25-na-tarifa-de-transporte-de-gas-com-rcm\/","og_locale":"pt_BR","og_type":"article","og_title":"Abrace v\u00ea redu\u00e7\u00e3o de 25% na tarifa de transporte de g\u00e1s com RCM","og_description":"da Ag\u00eancia iNFRA A Abrace (Associa\u00e7\u00e3o Brasileira dos Grandes Consumidores Industriais de Energia) estima que a ado\u00e7\u00e3o do RCM (M\u00e9todo do Capital Recuperado) na revis\u00e3o tarif\u00e1ria do transporte de g\u00e1s natural poderia reduzir em cerca de 25% as tarifas do servi\u00e7o. Segundo a associa\u00e7\u00e3o, a diferen\u00e7a econ\u00f4mica entre essa metodologia e a defendida pelas transportadoras [&hellip;]","og_url":"https:\/\/agenciainfra.com\/blog\/abrace-ve-reducao-de-25-na-tarifa-de-transporte-de-gas-com-rcm\/","og_site_name":"Ag\u00eancia iNFRA","article_publisher":"https:\/\/www.facebook.com\/ageninfra","article_published_time":"2026-08-31T18:20:01+00:00","article_modified_time":"2026-08-31T18:20:03+00:00","og_image":[{"width":1280,"height":678,"url":"https:\/\/agenciainfra.com\/blog\/wp-content\/uploads\/2021\/04\/gas-natural-foto-agencia-brasil.png","type":"image\/png"}],"author":"Ag\u00eancia iNFRA","twitter_card":"summary_large_image","twitter_creator":"@agencia_infra","twitter_site":"@agencia_infra","twitter_misc":{"Escrito por":"Ag\u00eancia iNFRA","Est. tempo de leitura":"2 minutos"},"schema":{"@context":"https:\/\/schema.org","@graph":[{"@type":"Article","@id":"https:\/\/agenciainfra.com\/blog\/abrace-ve-reducao-de-25-na-tarifa-de-transporte-de-gas-com-rcm\/#article","isPartOf":{"@id":"https:\/\/agenciainfra.com\/blog\/abrace-ve-reducao-de-25-na-tarifa-de-transporte-de-gas-com-rcm\/"},"author":{"name":"Ag\u00eancia iNFRA","@id":"https:\/\/agenciainfra.com\/blog\/#\/schema\/person\/34af08dff6adea4cb22b06612ba7acfa"},"headline":"Abrace v\u00ea redu\u00e7\u00e3o de 25% na tarifa de transporte de g\u00e1s com RCM","datePublished":"2026-08-31T18:20:01+00:00","dateModified":"2026-08-31T18:20:03+00:00","mainEntityOfPage":{"@id":"https:\/\/agenciainfra.com\/blog\/abrace-ve-reducao-de-25-na-tarifa-de-transporte-de-gas-com-rcm\/"},"wordCount":366,"publisher":{"@id":"https:\/\/agenciainfra.com\/blog\/#organization"},"image":{"@id":"https:\/\/agenciainfra.com\/blog\/abrace-ve-reducao-de-25-na-tarifa-de-transporte-de-gas-com-rcm\/#primaryimage"},"thumbnailUrl":"https:\/\/agenciainfra.com\/blog\/wp-content\/uploads\/2021\/04\/gas-natural-foto-agencia-brasil.png","keywords":["Abrace","ANP","Atg\u00e1s","g\u00e1s natural","modicidade tarif\u00e1ria","tarifas de transporte","transporte de g\u00e1s"],"articleSection":["Destaque lista"],"inLanguage":"pt-BR","copyrightYear":"2026","copyrightHolder":{"@id":"https:\/\/agenciainfra.com\/blog\/#organization"}},{"@type":"WebPage","@id":"https:\/\/agenciainfra.com\/blog\/abrace-ve-reducao-de-25-na-tarifa-de-transporte-de-gas-com-rcm\/","url":"https:\/\/agenciainfra.com\/blog\/abrace-ve-reducao-de-25-na-tarifa-de-transporte-de-gas-com-rcm\/","name":"Abrace v\u00ea redu\u00e7\u00e3o de 25% na tarifa de transporte de g\u00e1s com RCM - Ag\u00eancia iNFRA","isPartOf":{"@id":"https:\/\/agenciainfra.com\/blog\/#website"},"primaryImageOfPage":{"@id":"https:\/\/agenciainfra.com\/blog\/abrace-ve-reducao-de-25-na-tarifa-de-transporte-de-gas-com-rcm\/#primaryimage"},"image":{"@id":"https:\/\/agenciainfra.com\/blog\/abrace-ve-reducao-de-25-na-tarifa-de-transporte-de-gas-com-rcm\/#primaryimage"},"thumbnailUrl":"https:\/\/agenciainfra.com\/blog\/wp-content\/uploads\/2021\/04\/gas-natural-foto-agencia-brasil.png","datePublished":"2026-08-31T18:20:01+00:00","dateModified":"2026-08-31T18:20:03+00:00","breadcrumb":{"@id":"https:\/\/agenciainfra.com\/blog\/abrace-ve-reducao-de-25-na-tarifa-de-transporte-de-gas-com-rcm\/#breadcrumb"},"inLanguage":"pt-BR","potentialAction":[{"@type":"ReadAction","target":["https:\/\/agenciainfra.com\/blog\/abrace-ve-reducao-de-25-na-tarifa-de-transporte-de-gas-com-rcm\/"]}]},{"@type":"ImageObject","inLanguage":"pt-BR","@id":"https:\/\/agenciainfra.com\/blog\/abrace-ve-reducao-de-25-na-tarifa-de-transporte-de-gas-com-rcm\/#primaryimage","url":"https:\/\/agenciainfra.com\/blog\/wp-content\/uploads\/2021\/04\/gas-natural-foto-agencia-brasil.png","contentUrl":"https:\/\/agenciainfra.com\/blog\/wp-content\/uploads\/2021\/04\/gas-natural-foto-agencia-brasil.png","width":1280,"height":678,"caption":"Foto: Ag\u00eancia Brasil"},{"@type":"BreadcrumbList","@id":"https:\/\/agenciainfra.com\/blog\/abrace-ve-reducao-de-25-na-tarifa-de-transporte-de-gas-com-rcm\/#breadcrumb","itemListElement":[{"@type":"ListItem","position":1,"name":"In\u00edcio","item":"https:\/\/agenciainfra.com\/blog\/"},{"@type":"ListItem","position":2,"name":"Abrace v\u00ea redu\u00e7\u00e3o de 25% na tarifa de transporte de g\u00e1s com RCM"}]},{"@type":"WebSite","@id":"https:\/\/agenciainfra.com\/blog\/#website","url":"https:\/\/agenciainfra.com\/blog\/","name":"Ag\u00eancia iNFRA","description":"Multiplataforma de informa\u00e7\u00e3o jornal\u00edstica refer\u00eancia na \u00e1rea de infraestrutura no Brasil!","publisher":{"@id":"https:\/\/agenciainfra.com\/blog\/#organization"},"potentialAction":[{"@type":"SearchAction","target":{"@type":"EntryPoint","urlTemplate":"https:\/\/agenciainfra.com\/blog\/?s={search_term_string}"},"query-input":{"@type":"PropertyValueSpecification","valueRequired":true,"valueName":"search_term_string"}}],"inLanguage":"pt-BR"},{"@type":"Organization","@id":"https:\/\/agenciainfra.com\/blog\/#organization","name":"Ag\u00eancia iNFRA","url":"https:\/\/agenciainfra.com\/blog\/","logo":{"@type":"ImageObject","inLanguage":"pt-BR","@id":"https:\/\/agenciainfra.com\/blog\/#\/schema\/logo\/image\/","url":"https:\/\/agenciainfra.com\/blog\/wp-content\/uploads\/2023\/09\/iNFRA_5-e1761735885940.png","contentUrl":"https:\/\/agenciainfra.com\/blog\/wp-content\/uploads\/2023\/09\/iNFRA_5-e1761735885940.png","width":1672,"height":454,"caption":"Ag\u00eancia iNFRA"},"image":{"@id":"https:\/\/agenciainfra.com\/blog\/#\/schema\/logo\/image\/"},"sameAs":["https:\/\/www.facebook.com\/ageninfra","https:\/\/x.com\/agencia_infra","https:\/\/www.linkedin.com\/company\/ag\u00eanciainfra\/","https:\/\/www.instagram.com\/agenciainfra\/"]},{"@type":"Person","@id":"https:\/\/agenciainfra.com\/blog\/#\/schema\/person\/34af08dff6adea4cb22b06612ba7acfa","name":"Ag\u00eancia iNFRA","image":{"@type":"ImageObject","inLanguage":"pt-BR","@id":"https:\/\/secure.gravatar.com\/avatar\/d189e01678f06d8eb84d4e01f08eb848b3fffe3f8443818d3c356c66892f5be8?s=96&d=mm&r=g","url":"https:\/\/secure.gravatar.com\/avatar\/d189e01678f06d8eb84d4e01f08eb848b3fffe3f8443818d3c356c66892f5be8?s=96&d=mm&r=g","contentUrl":"https:\/\/secure.gravatar.com\/avatar\/d189e01678f06d8eb84d4e01f08eb848b3fffe3f8443818d3c356c66892f5be8?s=96&d=mm&r=g","caption":"Ag\u00eancia iNFRA"},"url":"https:\/\/agenciainfra.com\/blog\/author\/admin\/"}]}},"_links":{"self":[{"href":"https:\/\/agenciainfra.com\/blog\/wp-json\/wp\/v2\/posts\/46707","targetHints":{"allow":["GET"]}}],"collection":[{"href":"https:\/\/agenciainfra.com\/blog\/wp-json\/wp\/v2\/posts"}],"about":[{"href":"https:\/\/agenciainfra.com\/blog\/wp-json\/wp\/v2\/types\/post"}],"author":[{"embeddable":true,"href":"https:\/\/agenciainfra.com\/blog\/wp-json\/wp\/v2\/users\/1"}],"replies":[{"embeddable":true,"href":"https:\/\/agenciainfra.com\/blog\/wp-json\/wp\/v2\/comments?post=46707"}],"version-history":[{"count":1,"href":"https:\/\/agenciainfra.com\/blog\/wp-json\/wp\/v2\/posts\/46707\/revisions"}],"predecessor-version":[{"id":46708,"href":"https:\/\/agenciainfra.com\/blog\/wp-json\/wp\/v2\/posts\/46707\/revisions\/46708"}],"wp:featuredmedia":[{"embeddable":true,"href":"https:\/\/agenciainfra.com\/blog\/wp-json\/wp\/v2\/media\/7088"}],"wp:attachment":[{"href":"https:\/\/agenciainfra.com\/blog\/wp-json\/wp\/v2\/media?parent=46707"}],"wp:term":[{"taxonomy":"category","embeddable":true,"href":"https:\/\/agenciainfra.com\/blog\/wp-json\/wp\/v2\/categories?post=46707"},{"taxonomy":"post_tag","embeddable":true,"href":"https:\/\/agenciainfra.com\/blog\/wp-json\/wp\/v2\/tags?post=46707"}],"curies":[{"name":"wp","href":"https:\/\/api.w.org\/{rel}","templated":true}]}}