{"id":46709,"date":"2026-08-31T15:37:10","date_gmt":"2026-08-31T18:37:10","guid":{"rendered":"https:\/\/agenciainfra.com\/blog\/?p=46709"},"modified":"2026-08-31T15:50:19","modified_gmt":"2026-08-31T18:50:19","slug":"ministro-silveira-defende-aumentar-royalties-da-mineracao","status":"publish","type":"post","link":"https:\/\/agenciainfra.com\/blog\/ministro-silveira-defende-aumentar-royalties-da-mineracao\/","title":{"rendered":"Ministro Silveira defende aumentar royalties da minera\u00e7\u00e3o"},"content":{"rendered":"\n<p class=\"has-text-align-right\"><strong>da Ag\u00eancia iNFRA<\/strong><\/p>\n\n\n\n<p>O ministro de Minas e Energia, Alexandre Silveira, defendeu nesta segunda-feira (31) aumentar a cobran\u00e7a da Cfem (Compensa\u00e7\u00e3o Financeira pela Explora\u00e7\u00e3o de Recursos Minerais), uma esp\u00e9cie de royalty pago por mineradoras. Em entrevista a jornalistas em Mariana (MG), ele tamb\u00e9m se disse favor\u00e1vel ao aumento da parcela do recurso que \u00e9 destinada aos munic\u00edpios. <\/p>\n\n\n\n<p>\u201cDefendo aumentar a Cfem, aumentar a participa\u00e7\u00e3o da parte nos munic\u00edpios mineradores, e que essas mineradoras \u2013 que, naturalmente, \u00e9 um segmento muito importante para o desenvolvimento de Minas, do Brasil e do Par\u00e1 \u2013, deixem cada vez mais nos munic\u00edpios\u201d, disse o ministro ap\u00f3s evento de assinatura do acordo de coopera\u00e7\u00e3o t\u00e9cnica entre o governo e o Coridoce (Cons\u00f3rcio P\u00fablico para Defesa e Revitaliza\u00e7\u00e3o da Bacia do Rio Doce).<\/p>\n\n\n\n<p>Silveira disse ainda que tem cobrado a ANM (Ag\u00eancia Nacional de Minera\u00e7\u00e3o) para que a cobran\u00e7a e repasse da Cfem seja cada vez mais r\u00e1pida. Segundo ele, os munic\u00edpios que recebem as atividades de minera\u00e7\u00e3o devem receber mais para que possam fazer um planejamento do seu futuro sem a atividade mineral.<\/p>\n\n\n\n<p>\u201cJ\u00e1 que o min\u00e9rio n\u00e3o \u00e9 algo renov\u00e1vel e depois que ele \u00e9 retirado dos munic\u00edpios n\u00e3o volta mais, que ele deixe al\u00e9m de divisas e al\u00e9m de contribui\u00e7\u00f5es para melhoria da qualidade de vida da popula\u00e7\u00e3o, que ele deixe um planejamento [para o futuro]\u201d, afirmou.<\/p>\n","protected":false},"excerpt":{"rendered":"<p>da Ag\u00eancia iNFRA O ministro de Minas e Energia, Alexandre Silveira, defendeu nesta segunda-feira (31) aumentar a cobran\u00e7a da Cfem (Compensa\u00e7\u00e3o Financeira pela Explora\u00e7\u00e3o de Recursos Minerais), uma esp\u00e9cie de royalty pago por mineradoras. Em entrevista a jornalistas em Mariana (MG), ele tamb\u00e9m se disse favor\u00e1vel ao aumento da parcela do recurso que \u00e9 destinada [&hellip;]<\/p>\n","protected":false},"author":1,"featured_media":46710,"comment_status":"closed","ping_status":"closed","sticky":false,"template":"","format":"standard","meta":{"_monsterinsights_skip_tracking":false,"_monsterinsights_sitenote_active":false,"_monsterinsights_sitenote_note":"","_monsterinsights_sitenote_category":0,"footnotes":""},"categories":[7250],"tags":[6040,13139,839,71,13818],"class_list":["post-46709","post","type-post","status-publish","format-standard","has-post-thumbnail","hentry","category-destaque-lista","tag-alexandre-silveira","tag-cfem","tag-mineracao","tag-mme","tag-royalties-de-mineracao"],"yoast_head":"<!-- This site is optimized with the Yoast SEO Premium plugin v25.4 (Yoast SEO v28.2) - https:\/\/yoast.com\/product\/yoast-seo-premium-wordpress\/ -->\n<title>Ministro Silveira defende aumentar royalties da minera\u00e7\u00e3o - Ag\u00eancia iNFRA<\/title>\n<meta name=\"robots\" content=\"index, follow, max-snippet:-1, max-image-preview:large, max-video-preview:-1\" \/>\n<link rel=\"canonical\" href=\"https:\/\/agenciainfra.com\/blog\/ministro-silveira-defende-aumentar-royalties-da-mineracao\/\" \/>\n<meta property=\"og:locale\" content=\"pt_BR\" \/>\n<meta property=\"og:type\" content=\"article\" \/>\n<meta property=\"og:title\" content=\"Ministro Silveira defende aumentar royalties da minera\u00e7\u00e3o\" \/>\n<meta property=\"og:description\" content=\"da Ag\u00eancia iNFRA O ministro de Minas e Energia, Alexandre Silveira, defendeu nesta segunda-feira (31) aumentar a cobran\u00e7a da Cfem (Compensa\u00e7\u00e3o Financeira pela Explora\u00e7\u00e3o de Recursos Minerais), uma esp\u00e9cie de royalty pago por mineradoras. Em entrevista a jornalistas em Mariana (MG), ele tamb\u00e9m se disse favor\u00e1vel ao aumento da parcela do recurso que \u00e9 destinada [&hellip;]\" \/>\n<meta property=\"og:url\" content=\"https:\/\/agenciainfra.com\/blog\/ministro-silveira-defende-aumentar-royalties-da-mineracao\/\" \/>\n<meta property=\"og:site_name\" content=\"Ag\u00eancia iNFRA\" \/>\n<meta property=\"article:publisher\" content=\"https:\/\/www.facebook.com\/ageninfra\" \/>\n<meta property=\"article:published_time\" content=\"2026-08-31T18:37:10+00:00\" \/>\n<meta property=\"article:modified_time\" content=\"2026-08-31T18:50:19+00:00\" \/>\n<meta property=\"og:image\" content=\"https:\/\/agenciainfra.com\/blog\/wp-content\/uploads\/2026\/08\/53734905821_2bd460bd03_k.jpg\" \/>\n\t<meta property=\"og:image:width\" content=\"2048\" \/>\n\t<meta property=\"og:image:height\" content=\"1363\" \/>\n\t<meta property=\"og:image:type\" content=\"image\/jpeg\" \/>\n<meta name=\"author\" content=\"Ag\u00eancia iNFRA\" \/>\n<meta name=\"twitter:card\" content=\"summary_large_image\" \/>\n<meta name=\"twitter:creator\" content=\"@agencia_infra\" \/>\n<meta name=\"twitter:site\" content=\"@agencia_infra\" \/>\n<meta name=\"twitter:label1\" content=\"Escrito por\" \/>\n\t<meta name=\"twitter:data1\" content=\"Ag\u00eancia iNFRA\" \/>\n\t<meta name=\"twitter:label2\" content=\"Est. tempo de leitura\" \/>\n\t<meta name=\"twitter:data2\" content=\"1 minuto\" \/>\n<script type=\"application\/ld+json\" class=\"yoast-schema-graph\">{\"@context\":\"https:\\\/\\\/schema.org\",\"@graph\":[{\"@type\":\"Article\",\"@id\":\"https:\\\/\\\/agenciainfra.com\\\/blog\\\/ministro-silveira-defende-aumentar-royalties-da-mineracao\\\/#article\",\"isPartOf\":{\"@id\":\"https:\\\/\\\/agenciainfra.com\\\/blog\\\/ministro-silveira-defende-aumentar-royalties-da-mineracao\\\/\"},\"author\":{\"name\":\"Ag\u00eancia iNFRA\",\"@id\":\"https:\\\/\\\/agenciainfra.com\\\/blog\\\/#\\\/schema\\\/person\\\/34af08dff6adea4cb22b06612ba7acfa\"},\"headline\":\"Ministro Silveira defende aumentar royalties da minera\u00e7\u00e3o\",\"datePublished\":\"2026-08-31T18:37:10+00:00\",\"dateModified\":\"2026-08-31T18:50:19+00:00\",\"mainEntityOfPage\":{\"@id\":\"https:\\\/\\\/agenciainfra.com\\\/blog\\\/ministro-silveira-defende-aumentar-royalties-da-mineracao\\\/\"},\"wordCount\":257,\"publisher\":{\"@id\":\"https:\\\/\\\/agenciainfra.com\\\/blog\\\/#organization\"},\"image\":{\"@id\":\"https:\\\/\\\/agenciainfra.com\\\/blog\\\/ministro-silveira-defende-aumentar-royalties-da-mineracao\\\/#primaryimage\"},\"thumbnailUrl\":\"https:\\\/\\\/agenciainfra.com\\\/blog\\\/wp-content\\\/uploads\\\/2026\\\/08\\\/53734905821_2bd460bd03_k.jpg\",\"keywords\":[\"Alexandre Silveira\",\"CFEM\",\"minera\u00e7\u00e3o\",\"MME\",\"royalties de minera\u00e7\u00e3o\"],\"articleSection\":[\"Destaque lista\"],\"inLanguage\":\"pt-BR\",\"copyrightYear\":\"2026\",\"copyrightHolder\":{\"@id\":\"https:\\\/\\\/agenciainfra.com\\\/blog\\\/#organization\"}},{\"@type\":\"WebPage\",\"@id\":\"https:\\\/\\\/agenciainfra.com\\\/blog\\\/ministro-silveira-defende-aumentar-royalties-da-mineracao\\\/\",\"url\":\"https:\\\/\\\/agenciainfra.com\\\/blog\\\/ministro-silveira-defende-aumentar-royalties-da-mineracao\\\/\",\"name\":\"Ministro Silveira defende aumentar royalties da minera\u00e7\u00e3o - Ag\u00eancia iNFRA\",\"isPartOf\":{\"@id\":\"https:\\\/\\\/agenciainfra.com\\\/blog\\\/#website\"},\"primaryImageOfPage\":{\"@id\":\"https:\\\/\\\/agenciainfra.com\\\/blog\\\/ministro-silveira-defende-aumentar-royalties-da-mineracao\\\/#primaryimage\"},\"image\":{\"@id\":\"https:\\\/\\\/agenciainfra.com\\\/blog\\\/ministro-silveira-defende-aumentar-royalties-da-mineracao\\\/#primaryimage\"},\"thumbnailUrl\":\"https:\\\/\\\/agenciainfra.com\\\/blog\\\/wp-content\\\/uploads\\\/2026\\\/08\\\/53734905821_2bd460bd03_k.jpg\",\"datePublished\":\"2026-08-31T18:37:10+00:00\",\"dateModified\":\"2026-08-31T18:50:19+00:00\",\"breadcrumb\":{\"@id\":\"https:\\\/\\\/agenciainfra.com\\\/blog\\\/ministro-silveira-defende-aumentar-royalties-da-mineracao\\\/#breadcrumb\"},\"inLanguage\":\"pt-BR\",\"potentialAction\":[{\"@type\":\"ReadAction\",\"target\":[\"https:\\\/\\\/agenciainfra.com\\\/blog\\\/ministro-silveira-defende-aumentar-royalties-da-mineracao\\\/\"]}]},{\"@type\":\"ImageObject\",\"inLanguage\":\"pt-BR\",\"@id\":\"https:\\\/\\\/agenciainfra.com\\\/blog\\\/ministro-silveira-defende-aumentar-royalties-da-mineracao\\\/#primaryimage\",\"url\":\"https:\\\/\\\/agenciainfra.com\\\/blog\\\/wp-content\\\/uploads\\\/2026\\\/08\\\/53734905821_2bd460bd03_k.jpg\",\"contentUrl\":\"https:\\\/\\\/agenciainfra.com\\\/blog\\\/wp-content\\\/uploads\\\/2026\\\/08\\\/53734905821_2bd460bd03_k.jpg\",\"width\":2048,\"height\":1363,\"caption\":\"Foto: Ricardo Botelho\\\/MME\"},{\"@type\":\"BreadcrumbList\",\"@id\":\"https:\\\/\\\/agenciainfra.com\\\/blog\\\/ministro-silveira-defende-aumentar-royalties-da-mineracao\\\/#breadcrumb\",\"itemListElement\":[{\"@type\":\"ListItem\",\"position\":1,\"name\":\"In\u00edcio\",\"item\":\"https:\\\/\\\/agenciainfra.com\\\/blog\\\/\"},{\"@type\":\"ListItem\",\"position\":2,\"name\":\"Ministro Silveira defende aumentar royalties da minera\u00e7\u00e3o\"}]},{\"@type\":\"WebSite\",\"@id\":\"https:\\\/\\\/agenciainfra.com\\\/blog\\\/#website\",\"url\":\"https:\\\/\\\/agenciainfra.com\\\/blog\\\/\",\"name\":\"Ag\u00eancia iNFRA\",\"description\":\"Multiplataforma de informa\u00e7\u00e3o jornal\u00edstica refer\u00eancia na \u00e1rea de infraestrutura no Brasil!\",\"publisher\":{\"@id\":\"https:\\\/\\\/agenciainfra.com\\\/blog\\\/#organization\"},\"potentialAction\":[{\"@type\":\"SearchAction\",\"target\":{\"@type\":\"EntryPoint\",\"urlTemplate\":\"https:\\\/\\\/agenciainfra.com\\\/blog\\\/?s={search_term_string}\"},\"query-input\":{\"@type\":\"PropertyValueSpecification\",\"valueRequired\":true,\"valueName\":\"search_term_string\"}}],\"inLanguage\":\"pt-BR\"},{\"@type\":\"Organization\",\"@id\":\"https:\\\/\\\/agenciainfra.com\\\/blog\\\/#organization\",\"name\":\"Ag\u00eancia iNFRA\",\"url\":\"https:\\\/\\\/agenciainfra.com\\\/blog\\\/\",\"logo\":{\"@type\":\"ImageObject\",\"inLanguage\":\"pt-BR\",\"@id\":\"https:\\\/\\\/agenciainfra.com\\\/blog\\\/#\\\/schema\\\/logo\\\/image\\\/\",\"url\":\"https:\\\/\\\/agenciainfra.com\\\/blog\\\/wp-content\\\/uploads\\\/2023\\\/09\\\/iNFRA_5-e1761735885940.png\",\"contentUrl\":\"https:\\\/\\\/agenciainfra.com\\\/blog\\\/wp-content\\\/uploads\\\/2023\\\/09\\\/iNFRA_5-e1761735885940.png\",\"width\":1672,\"height\":454,\"caption\":\"Ag\u00eancia iNFRA\"},\"image\":{\"@id\":\"https:\\\/\\\/agenciainfra.com\\\/blog\\\/#\\\/schema\\\/logo\\\/image\\\/\"},\"sameAs\":[\"https:\\\/\\\/www.facebook.com\\\/ageninfra\",\"https:\\\/\\\/x.com\\\/agencia_infra\",\"https:\\\/\\\/www.linkedin.com\\\/company\\\/ag\u00eanciainfra\\\/\",\"https:\\\/\\\/www.instagram.com\\\/agenciainfra\\\/\"]},{\"@type\":\"Person\",\"@id\":\"https:\\\/\\\/agenciainfra.com\\\/blog\\\/#\\\/schema\\\/person\\\/34af08dff6adea4cb22b06612ba7acfa\",\"name\":\"Ag\u00eancia iNFRA\",\"image\":{\"@type\":\"ImageObject\",\"inLanguage\":\"pt-BR\",\"@id\":\"https:\\\/\\\/secure.gravatar.com\\\/avatar\\\/d189e01678f06d8eb84d4e01f08eb848b3fffe3f8443818d3c356c66892f5be8?s=96&d=mm&r=g\",\"url\":\"https:\\\/\\\/secure.gravatar.com\\\/avatar\\\/d189e01678f06d8eb84d4e01f08eb848b3fffe3f8443818d3c356c66892f5be8?s=96&d=mm&r=g\",\"contentUrl\":\"https:\\\/\\\/secure.gravatar.com\\\/avatar\\\/d189e01678f06d8eb84d4e01f08eb848b3fffe3f8443818d3c356c66892f5be8?s=96&d=mm&r=g\",\"caption\":\"Ag\u00eancia iNFRA\"},\"url\":\"https:\\\/\\\/agenciainfra.com\\\/blog\\\/author\\\/admin\\\/\"}]}<\/script>\n<!-- \/ Yoast SEO Premium plugin. -->","yoast_head_json":{"title":"Ministro Silveira defende aumentar royalties da minera\u00e7\u00e3o - Ag\u00eancia iNFRA","robots":{"index":"index","follow":"follow","max-snippet":"max-snippet:-1","max-image-preview":"max-image-preview:large","max-video-preview":"max-video-preview:-1"},"canonical":"https:\/\/agenciainfra.com\/blog\/ministro-silveira-defende-aumentar-royalties-da-mineracao\/","og_locale":"pt_BR","og_type":"article","og_title":"Ministro Silveira defende aumentar royalties da minera\u00e7\u00e3o","og_description":"da Ag\u00eancia iNFRA O ministro de Minas e Energia, Alexandre Silveira, defendeu nesta segunda-feira (31) aumentar a cobran\u00e7a da Cfem (Compensa\u00e7\u00e3o Financeira pela Explora\u00e7\u00e3o de Recursos Minerais), uma esp\u00e9cie de royalty pago por mineradoras. Em entrevista a jornalistas em Mariana (MG), ele tamb\u00e9m se disse favor\u00e1vel ao aumento da parcela do recurso que \u00e9 destinada [&hellip;]","og_url":"https:\/\/agenciainfra.com\/blog\/ministro-silveira-defende-aumentar-royalties-da-mineracao\/","og_site_name":"Ag\u00eancia iNFRA","article_publisher":"https:\/\/www.facebook.com\/ageninfra","article_published_time":"2026-08-31T18:37:10+00:00","article_modified_time":"2026-08-31T18:50:19+00:00","og_image":[{"width":2048,"height":1363,"url":"https:\/\/agenciainfra.com\/blog\/wp-content\/uploads\/2026\/08\/53734905821_2bd460bd03_k.jpg","type":"image\/jpeg"}],"author":"Ag\u00eancia iNFRA","twitter_card":"summary_large_image","twitter_creator":"@agencia_infra","twitter_site":"@agencia_infra","twitter_misc":{"Escrito por":"Ag\u00eancia iNFRA","Est. tempo de leitura":"1 minuto"},"schema":{"@context":"https:\/\/schema.org","@graph":[{"@type":"Article","@id":"https:\/\/agenciainfra.com\/blog\/ministro-silveira-defende-aumentar-royalties-da-mineracao\/#article","isPartOf":{"@id":"https:\/\/agenciainfra.com\/blog\/ministro-silveira-defende-aumentar-royalties-da-mineracao\/"},"author":{"name":"Ag\u00eancia iNFRA","@id":"https:\/\/agenciainfra.com\/blog\/#\/schema\/person\/34af08dff6adea4cb22b06612ba7acfa"},"headline":"Ministro Silveira defende aumentar royalties da minera\u00e7\u00e3o","datePublished":"2026-08-31T18:37:10+00:00","dateModified":"2026-08-31T18:50:19+00:00","mainEntityOfPage":{"@id":"https:\/\/agenciainfra.com\/blog\/ministro-silveira-defende-aumentar-royalties-da-mineracao\/"},"wordCount":257,"publisher":{"@id":"https:\/\/agenciainfra.com\/blog\/#organization"},"image":{"@id":"https:\/\/agenciainfra.com\/blog\/ministro-silveira-defende-aumentar-royalties-da-mineracao\/#primaryimage"},"thumbnailUrl":"https:\/\/agenciainfra.com\/blog\/wp-content\/uploads\/2026\/08\/53734905821_2bd460bd03_k.jpg","keywords":["Alexandre Silveira","CFEM","minera\u00e7\u00e3o","MME","royalties de minera\u00e7\u00e3o"],"articleSection":["Destaque lista"],"inLanguage":"pt-BR","copyrightYear":"2026","copyrightHolder":{"@id":"https:\/\/agenciainfra.com\/blog\/#organization"}},{"@type":"WebPage","@id":"https:\/\/agenciainfra.com\/blog\/ministro-silveira-defende-aumentar-royalties-da-mineracao\/","url":"https:\/\/agenciainfra.com\/blog\/ministro-silveira-defende-aumentar-royalties-da-mineracao\/","name":"Ministro Silveira defende aumentar royalties da minera\u00e7\u00e3o - Ag\u00eancia iNFRA","isPartOf":{"@id":"https:\/\/agenciainfra.com\/blog\/#website"},"primaryImageOfPage":{"@id":"https:\/\/agenciainfra.com\/blog\/ministro-silveira-defende-aumentar-royalties-da-mineracao\/#primaryimage"},"image":{"@id":"https:\/\/agenciainfra.com\/blog\/ministro-silveira-defende-aumentar-royalties-da-mineracao\/#primaryimage"},"thumbnailUrl":"https:\/\/agenciainfra.com\/blog\/wp-content\/uploads\/2026\/08\/53734905821_2bd460bd03_k.jpg","datePublished":"2026-08-31T18:37:10+00:00","dateModified":"2026-08-31T18:50:19+00:00","breadcrumb":{"@id":"https:\/\/agenciainfra.com\/blog\/ministro-silveira-defende-aumentar-royalties-da-mineracao\/#breadcrumb"},"inLanguage":"pt-BR","potentialAction":[{"@type":"ReadAction","target":["https:\/\/agenciainfra.com\/blog\/ministro-silveira-defende-aumentar-royalties-da-mineracao\/"]}]},{"@type":"ImageObject","inLanguage":"pt-BR","@id":"https:\/\/agenciainfra.com\/blog\/ministro-silveira-defende-aumentar-royalties-da-mineracao\/#primaryimage","url":"https:\/\/agenciainfra.com\/blog\/wp-content\/uploads\/2026\/08\/53734905821_2bd460bd03_k.jpg","contentUrl":"https:\/\/agenciainfra.com\/blog\/wp-content\/uploads\/2026\/08\/53734905821_2bd460bd03_k.jpg","width":2048,"height":1363,"caption":"Foto: Ricardo Botelho\/MME"},{"@type":"BreadcrumbList","@id":"https:\/\/agenciainfra.com\/blog\/ministro-silveira-defende-aumentar-royalties-da-mineracao\/#breadcrumb","itemListElement":[{"@type":"ListItem","position":1,"name":"In\u00edcio","item":"https:\/\/agenciainfra.com\/blog\/"},{"@type":"ListItem","position":2,"name":"Ministro Silveira defende aumentar royalties da minera\u00e7\u00e3o"}]},{"@type":"WebSite","@id":"https:\/\/agenciainfra.com\/blog\/#website","url":"https:\/\/agenciainfra.com\/blog\/","name":"Ag\u00eancia iNFRA","description":"Multiplataforma de informa\u00e7\u00e3o jornal\u00edstica refer\u00eancia na \u00e1rea de infraestrutura no Brasil!","publisher":{"@id":"https:\/\/agenciainfra.com\/blog\/#organization"},"potentialAction":[{"@type":"SearchAction","target":{"@type":"EntryPoint","urlTemplate":"https:\/\/agenciainfra.com\/blog\/?s={search_term_string}"},"query-input":{"@type":"PropertyValueSpecification","valueRequired":true,"valueName":"search_term_string"}}],"inLanguage":"pt-BR"},{"@type":"Organization","@id":"https:\/\/agenciainfra.com\/blog\/#organization","name":"Ag\u00eancia iNFRA","url":"https:\/\/agenciainfra.com\/blog\/","logo":{"@type":"ImageObject","inLanguage":"pt-BR","@id":"https:\/\/agenciainfra.com\/blog\/#\/schema\/logo\/image\/","url":"https:\/\/agenciainfra.com\/blog\/wp-content\/uploads\/2023\/09\/iNFRA_5-e1761735885940.png","contentUrl":"https:\/\/agenciainfra.com\/blog\/wp-content\/uploads\/2023\/09\/iNFRA_5-e1761735885940.png","width":1672,"height":454,"caption":"Ag\u00eancia iNFRA"},"image":{"@id":"https:\/\/agenciainfra.com\/blog\/#\/schema\/logo\/image\/"},"sameAs":["https:\/\/www.facebook.com\/ageninfra","https:\/\/x.com\/agencia_infra","https:\/\/www.linkedin.com\/company\/ag\u00eanciainfra\/","https:\/\/www.instagram.com\/agenciainfra\/"]},{"@type":"Person","@id":"https:\/\/agenciainfra.com\/blog\/#\/schema\/person\/34af08dff6adea4cb22b06612ba7acfa","name":"Ag\u00eancia iNFRA","image":{"@type":"ImageObject","inLanguage":"pt-BR","@id":"https:\/\/secure.gravatar.com\/avatar\/d189e01678f06d8eb84d4e01f08eb848b3fffe3f8443818d3c356c66892f5be8?s=96&d=mm&r=g","url":"https:\/\/secure.gravatar.com\/avatar\/d189e01678f06d8eb84d4e01f08eb848b3fffe3f8443818d3c356c66892f5be8?s=96&d=mm&r=g","contentUrl":"https:\/\/secure.gravatar.com\/avatar\/d189e01678f06d8eb84d4e01f08eb848b3fffe3f8443818d3c356c66892f5be8?s=96&d=mm&r=g","caption":"Ag\u00eancia iNFRA"},"url":"https:\/\/agenciainfra.com\/blog\/author\/admin\/"}]}},"_links":{"self":[{"href":"https:\/\/agenciainfra.com\/blog\/wp-json\/wp\/v2\/posts\/46709","targetHints":{"allow":["GET"]}}],"collection":[{"href":"https:\/\/agenciainfra.com\/blog\/wp-json\/wp\/v2\/posts"}],"about":[{"href":"https:\/\/agenciainfra.com\/blog\/wp-json\/wp\/v2\/types\/post"}],"author":[{"embeddable":true,"href":"https:\/\/agenciainfra.com\/blog\/wp-json\/wp\/v2\/users\/1"}],"replies":[{"embeddable":true,"href":"https:\/\/agenciainfra.com\/blog\/wp-json\/wp\/v2\/comments?post=46709"}],"version-history":[{"count":3,"href":"https:\/\/agenciainfra.com\/blog\/wp-json\/wp\/v2\/posts\/46709\/revisions"}],"predecessor-version":[{"id":46713,"href":"https:\/\/agenciainfra.com\/blog\/wp-json\/wp\/v2\/posts\/46709\/revisions\/46713"}],"wp:featuredmedia":[{"embeddable":true,"href":"https:\/\/agenciainfra.com\/blog\/wp-json\/wp\/v2\/media\/46710"}],"wp:attachment":[{"href":"https:\/\/agenciainfra.com\/blog\/wp-json\/wp\/v2\/media?parent=46709"}],"wp:term":[{"taxonomy":"category","embeddable":true,"href":"https:\/\/agenciainfra.com\/blog\/wp-json\/wp\/v2\/categories?post=46709"},{"taxonomy":"post_tag","embeddable":true,"href":"https:\/\/agenciainfra.com\/blog\/wp-json\/wp\/v2\/tags?post=46709"}],"curies":[{"name":"wp","href":"https:\/\/api.w.org\/{rel}","templated":true}]}}