{"id":46718,"date":"2026-08-31T16:58:42","date_gmt":"2026-08-31T19:58:42","guid":{"rendered":"https:\/\/agenciainfra.com\/blog\/?p=46718"},"modified":"2026-08-31T16:58:46","modified_gmt":"2026-08-31T19:58:46","slug":"transporte-fecha-semestre-com-recorde-de-295-mi-de-empregos","status":"publish","type":"post","link":"https:\/\/agenciainfra.com\/blog\/transporte-fecha-semestre-com-recorde-de-295-mi-de-empregos\/","title":{"rendered":"Transporte fecha semestre com recorde de 2,95 mi de empregos"},"content":{"rendered":"\n<p class=\"has-text-align-right\"><strong>da Ag\u00eancia iNFRA<\/strong><\/p>\n\n\n\n<p>O setor de transporte encerrou o primeiro semestre de 2026 com 2,95 milh\u00f5es de empregos formais ativos, o maior estoque j\u00e1 registrado para o per\u00edodo, segundo levantamento da CNT (Confedera\u00e7\u00e3o Nacional do Transporte).<\/p>\n\n\n\n<p>Em junho, o setor criou 16.217 vagas, resultado 91,55% superior ao registrado no mesmo m\u00eas de 2025. O saldo decorreu de 133.884 admiss\u00f5es e 117.667 desligamentos.<\/p>\n\n\n\n<p>O TRC (transporte rodovi\u00e1rio de cargas) liderou a gera\u00e7\u00e3o de empregos no semestre. O segmento terminou junho com 1,38 milh\u00e3o de trabalhadores e acumulou a cria\u00e7\u00e3o de 44.911 vagas nos seis primeiros meses do ano, alta de 26,21% em rela\u00e7\u00e3o ao mesmo per\u00edodo de 2025.<\/p>\n\n\n\n<p>As mulheres representavam 20,38% dos empregos formais do transporte, com 601.090 trabalhadoras. Em junho, responderam por 7.433 das novas vagas. Entre os jovens de 18 a 24 anos, o saldo positivo foi de 8.680 postos no m\u00eas.<\/p>\n\n\n\n<p>S\u00e3o Paulo concentrava 982.390 empregos formais no setor e criou 9.377 vagas em junho, mais da metade do saldo nacional. Em seguida, apareceram Rio de Janeiro, com 1.120 novos postos, Paran\u00e1, com 1.075, e Bahia, com 896.<\/p>\n","protected":false},"excerpt":{"rendered":"<p>da Ag\u00eancia iNFRA O setor de transporte encerrou o primeiro semestre de 2026 com 2,95 milh\u00f5es de empregos formais ativos, o maior estoque j\u00e1 registrado para o per\u00edodo, segundo levantamento da CNT (Confedera\u00e7\u00e3o Nacional do Transporte). Em junho, o setor criou 16.217 vagas, resultado 91,55% superior ao registrado no mesmo m\u00eas de 2025. O saldo [&hellip;]<\/p>\n","protected":false},"author":1,"featured_media":4259,"comment_status":"closed","ping_status":"closed","sticky":false,"template":"","format":"standard","meta":{"_monsterinsights_skip_tracking":false,"_monsterinsights_sitenote_active":false,"_monsterinsights_sitenote_note":"","_monsterinsights_sitenote_category":0,"footnotes":""},"categories":[13576],"tags":[127,9452,21638,423,70],"class_list":["post-46718","post","type-post","status-publish","format-standard","has-post-thumbnail","hentry","category-giro-infra","tag-cnt","tag-empregos","tag-empregos-formais","tag-transporte-rodoviario-de-cargas","tag-transportes"],"yoast_head":"<!-- This site is optimized with the Yoast SEO Premium plugin v25.4 (Yoast SEO v28.2) - https:\/\/yoast.com\/product\/yoast-seo-premium-wordpress\/ -->\n<title>Transporte fecha semestre com recorde de 2,95 mi de empregos - Ag\u00eancia iNFRA<\/title>\n<meta name=\"robots\" content=\"index, follow, max-snippet:-1, max-image-preview:large, max-video-preview:-1\" \/>\n<link rel=\"canonical\" href=\"https:\/\/agenciainfra.com\/blog\/transporte-fecha-semestre-com-recorde-de-295-mi-de-empregos\/\" \/>\n<meta property=\"og:locale\" content=\"pt_BR\" \/>\n<meta property=\"og:type\" content=\"article\" \/>\n<meta property=\"og:title\" content=\"Transporte fecha semestre com recorde de 2,95 mi de empregos\" \/>\n<meta property=\"og:description\" content=\"da Ag\u00eancia iNFRA O setor de transporte encerrou o primeiro semestre de 2026 com 2,95 milh\u00f5es de empregos formais ativos, o maior estoque j\u00e1 registrado para o per\u00edodo, segundo levantamento da CNT (Confedera\u00e7\u00e3o Nacional do Transporte). Em junho, o setor criou 16.217 vagas, resultado 91,55% superior ao registrado no mesmo m\u00eas de 2025. O saldo [&hellip;]\" \/>\n<meta property=\"og:url\" content=\"https:\/\/agenciainfra.com\/blog\/transporte-fecha-semestre-com-recorde-de-295-mi-de-empregos\/\" \/>\n<meta property=\"og:site_name\" content=\"Ag\u00eancia iNFRA\" \/>\n<meta property=\"article:publisher\" content=\"https:\/\/www.facebook.com\/ageninfra\" \/>\n<meta property=\"article:published_time\" content=\"2026-08-31T19:58:42+00:00\" \/>\n<meta property=\"article:modified_time\" content=\"2026-08-31T19:58:46+00:00\" \/>\n<meta property=\"og:image\" content=\"https:\/\/agenciainfra.com\/blog\/wp-content\/uploads\/2020\/01\/transporte-carga-caminhao-foto-goinfra.jpg\" \/>\n\t<meta property=\"og:image:width\" content=\"1280\" \/>\n\t<meta property=\"og:image:height\" content=\"846\" \/>\n\t<meta property=\"og:image:type\" content=\"image\/jpeg\" \/>\n<meta name=\"author\" content=\"Ag\u00eancia iNFRA\" \/>\n<meta name=\"twitter:card\" content=\"summary_large_image\" \/>\n<meta name=\"twitter:creator\" content=\"@agencia_infra\" \/>\n<meta name=\"twitter:site\" content=\"@agencia_infra\" \/>\n<meta name=\"twitter:label1\" content=\"Escrito por\" \/>\n\t<meta name=\"twitter:data1\" content=\"Ag\u00eancia iNFRA\" \/>\n\t<meta name=\"twitter:label2\" content=\"Est. tempo de leitura\" \/>\n\t<meta name=\"twitter:data2\" content=\"1 minuto\" \/>\n<script type=\"application\/ld+json\" class=\"yoast-schema-graph\">{\"@context\":\"https:\\\/\\\/schema.org\",\"@graph\":[{\"@type\":\"Article\",\"@id\":\"https:\\\/\\\/agenciainfra.com\\\/blog\\\/transporte-fecha-semestre-com-recorde-de-295-mi-de-empregos\\\/#article\",\"isPartOf\":{\"@id\":\"https:\\\/\\\/agenciainfra.com\\\/blog\\\/transporte-fecha-semestre-com-recorde-de-295-mi-de-empregos\\\/\"},\"author\":{\"name\":\"Ag\u00eancia iNFRA\",\"@id\":\"https:\\\/\\\/agenciainfra.com\\\/blog\\\/#\\\/schema\\\/person\\\/34af08dff6adea4cb22b06612ba7acfa\"},\"headline\":\"Transporte fecha semestre com recorde de 2,95 mi de empregos\",\"datePublished\":\"2026-08-31T19:58:42+00:00\",\"dateModified\":\"2026-08-31T19:58:46+00:00\",\"mainEntityOfPage\":{\"@id\":\"https:\\\/\\\/agenciainfra.com\\\/blog\\\/transporte-fecha-semestre-com-recorde-de-295-mi-de-empregos\\\/\"},\"wordCount\":182,\"publisher\":{\"@id\":\"https:\\\/\\\/agenciainfra.com\\\/blog\\\/#organization\"},\"image\":{\"@id\":\"https:\\\/\\\/agenciainfra.com\\\/blog\\\/transporte-fecha-semestre-com-recorde-de-295-mi-de-empregos\\\/#primaryimage\"},\"thumbnailUrl\":\"https:\\\/\\\/agenciainfra.com\\\/blog\\\/wp-content\\\/uploads\\\/2020\\\/01\\\/transporte-carga-caminhao-foto-goinfra.jpg\",\"keywords\":[\"CNT\",\"empregos\",\"empregos formais\",\"transporte rodovi\u00e1rio de cargas\",\"transportes\"],\"articleSection\":[\"Giro iNFRA\"],\"inLanguage\":\"pt-BR\",\"copyrightYear\":\"2026\",\"copyrightHolder\":{\"@id\":\"https:\\\/\\\/agenciainfra.com\\\/blog\\\/#organization\"}},{\"@type\":\"WebPage\",\"@id\":\"https:\\\/\\\/agenciainfra.com\\\/blog\\\/transporte-fecha-semestre-com-recorde-de-295-mi-de-empregos\\\/\",\"url\":\"https:\\\/\\\/agenciainfra.com\\\/blog\\\/transporte-fecha-semestre-com-recorde-de-295-mi-de-empregos\\\/\",\"name\":\"Transporte fecha semestre com recorde de 2,95 mi de empregos - Ag\u00eancia iNFRA\",\"isPartOf\":{\"@id\":\"https:\\\/\\\/agenciainfra.com\\\/blog\\\/#website\"},\"primaryImageOfPage\":{\"@id\":\"https:\\\/\\\/agenciainfra.com\\\/blog\\\/transporte-fecha-semestre-com-recorde-de-295-mi-de-empregos\\\/#primaryimage\"},\"image\":{\"@id\":\"https:\\\/\\\/agenciainfra.com\\\/blog\\\/transporte-fecha-semestre-com-recorde-de-295-mi-de-empregos\\\/#primaryimage\"},\"thumbnailUrl\":\"https:\\\/\\\/agenciainfra.com\\\/blog\\\/wp-content\\\/uploads\\\/2020\\\/01\\\/transporte-carga-caminhao-foto-goinfra.jpg\",\"datePublished\":\"2026-08-31T19:58:42+00:00\",\"dateModified\":\"2026-08-31T19:58:46+00:00\",\"breadcrumb\":{\"@id\":\"https:\\\/\\\/agenciainfra.com\\\/blog\\\/transporte-fecha-semestre-com-recorde-de-295-mi-de-empregos\\\/#breadcrumb\"},\"inLanguage\":\"pt-BR\",\"potentialAction\":[{\"@type\":\"ReadAction\",\"target\":[\"https:\\\/\\\/agenciainfra.com\\\/blog\\\/transporte-fecha-semestre-com-recorde-de-295-mi-de-empregos\\\/\"]}]},{\"@type\":\"ImageObject\",\"inLanguage\":\"pt-BR\",\"@id\":\"https:\\\/\\\/agenciainfra.com\\\/blog\\\/transporte-fecha-semestre-com-recorde-de-295-mi-de-empregos\\\/#primaryimage\",\"url\":\"https:\\\/\\\/agenciainfra.com\\\/blog\\\/wp-content\\\/uploads\\\/2020\\\/01\\\/transporte-carga-caminhao-foto-goinfra.jpg\",\"contentUrl\":\"https:\\\/\\\/agenciainfra.com\\\/blog\\\/wp-content\\\/uploads\\\/2020\\\/01\\\/transporte-carga-caminhao-foto-goinfra.jpg\",\"width\":1280,\"height\":846,\"caption\":\"Foto: Goinfra\"},{\"@type\":\"BreadcrumbList\",\"@id\":\"https:\\\/\\\/agenciainfra.com\\\/blog\\\/transporte-fecha-semestre-com-recorde-de-295-mi-de-empregos\\\/#breadcrumb\",\"itemListElement\":[{\"@type\":\"ListItem\",\"position\":1,\"name\":\"In\u00edcio\",\"item\":\"https:\\\/\\\/agenciainfra.com\\\/blog\\\/\"},{\"@type\":\"ListItem\",\"position\":2,\"name\":\"Transporte fecha semestre com recorde de 2,95 mi de empregos\"}]},{\"@type\":\"WebSite\",\"@id\":\"https:\\\/\\\/agenciainfra.com\\\/blog\\\/#website\",\"url\":\"https:\\\/\\\/agenciainfra.com\\\/blog\\\/\",\"name\":\"Ag\u00eancia iNFRA\",\"description\":\"Multiplataforma de informa\u00e7\u00e3o jornal\u00edstica refer\u00eancia na \u00e1rea de infraestrutura no Brasil!\",\"publisher\":{\"@id\":\"https:\\\/\\\/agenciainfra.com\\\/blog\\\/#organization\"},\"potentialAction\":[{\"@type\":\"SearchAction\",\"target\":{\"@type\":\"EntryPoint\",\"urlTemplate\":\"https:\\\/\\\/agenciainfra.com\\\/blog\\\/?s={search_term_string}\"},\"query-input\":{\"@type\":\"PropertyValueSpecification\",\"valueRequired\":true,\"valueName\":\"search_term_string\"}}],\"inLanguage\":\"pt-BR\"},{\"@type\":\"Organization\",\"@id\":\"https:\\\/\\\/agenciainfra.com\\\/blog\\\/#organization\",\"name\":\"Ag\u00eancia iNFRA\",\"url\":\"https:\\\/\\\/agenciainfra.com\\\/blog\\\/\",\"logo\":{\"@type\":\"ImageObject\",\"inLanguage\":\"pt-BR\",\"@id\":\"https:\\\/\\\/agenciainfra.com\\\/blog\\\/#\\\/schema\\\/logo\\\/image\\\/\",\"url\":\"https:\\\/\\\/agenciainfra.com\\\/blog\\\/wp-content\\\/uploads\\\/2023\\\/09\\\/iNFRA_5-e1761735885940.png\",\"contentUrl\":\"https:\\\/\\\/agenciainfra.com\\\/blog\\\/wp-content\\\/uploads\\\/2023\\\/09\\\/iNFRA_5-e1761735885940.png\",\"width\":1672,\"height\":454,\"caption\":\"Ag\u00eancia iNFRA\"},\"image\":{\"@id\":\"https:\\\/\\\/agenciainfra.com\\\/blog\\\/#\\\/schema\\\/logo\\\/image\\\/\"},\"sameAs\":[\"https:\\\/\\\/www.facebook.com\\\/ageninfra\",\"https:\\\/\\\/x.com\\\/agencia_infra\",\"https:\\\/\\\/www.linkedin.com\\\/company\\\/ag\u00eanciainfra\\\/\",\"https:\\\/\\\/www.instagram.com\\\/agenciainfra\\\/\"]},{\"@type\":\"Person\",\"@id\":\"https:\\\/\\\/agenciainfra.com\\\/blog\\\/#\\\/schema\\\/person\\\/34af08dff6adea4cb22b06612ba7acfa\",\"name\":\"Ag\u00eancia iNFRA\",\"image\":{\"@type\":\"ImageObject\",\"inLanguage\":\"pt-BR\",\"@id\":\"https:\\\/\\\/secure.gravatar.com\\\/avatar\\\/d189e01678f06d8eb84d4e01f08eb848b3fffe3f8443818d3c356c66892f5be8?s=96&d=mm&r=g\",\"url\":\"https:\\\/\\\/secure.gravatar.com\\\/avatar\\\/d189e01678f06d8eb84d4e01f08eb848b3fffe3f8443818d3c356c66892f5be8?s=96&d=mm&r=g\",\"contentUrl\":\"https:\\\/\\\/secure.gravatar.com\\\/avatar\\\/d189e01678f06d8eb84d4e01f08eb848b3fffe3f8443818d3c356c66892f5be8?s=96&d=mm&r=g\",\"caption\":\"Ag\u00eancia iNFRA\"},\"url\":\"https:\\\/\\\/agenciainfra.com\\\/blog\\\/author\\\/admin\\\/\"}]}<\/script>\n<!-- \/ Yoast SEO Premium plugin. -->","yoast_head_json":{"title":"Transporte fecha semestre com recorde de 2,95 mi de empregos - Ag\u00eancia iNFRA","robots":{"index":"index","follow":"follow","max-snippet":"max-snippet:-1","max-image-preview":"max-image-preview:large","max-video-preview":"max-video-preview:-1"},"canonical":"https:\/\/agenciainfra.com\/blog\/transporte-fecha-semestre-com-recorde-de-295-mi-de-empregos\/","og_locale":"pt_BR","og_type":"article","og_title":"Transporte fecha semestre com recorde de 2,95 mi de empregos","og_description":"da Ag\u00eancia iNFRA O setor de transporte encerrou o primeiro semestre de 2026 com 2,95 milh\u00f5es de empregos formais ativos, o maior estoque j\u00e1 registrado para o per\u00edodo, segundo levantamento da CNT (Confedera\u00e7\u00e3o Nacional do Transporte). Em junho, o setor criou 16.217 vagas, resultado 91,55% superior ao registrado no mesmo m\u00eas de 2025. O saldo [&hellip;]","og_url":"https:\/\/agenciainfra.com\/blog\/transporte-fecha-semestre-com-recorde-de-295-mi-de-empregos\/","og_site_name":"Ag\u00eancia iNFRA","article_publisher":"https:\/\/www.facebook.com\/ageninfra","article_published_time":"2026-08-31T19:58:42+00:00","article_modified_time":"2026-08-31T19:58:46+00:00","og_image":[{"width":1280,"height":846,"url":"https:\/\/agenciainfra.com\/blog\/wp-content\/uploads\/2020\/01\/transporte-carga-caminhao-foto-goinfra.jpg","type":"image\/jpeg"}],"author":"Ag\u00eancia iNFRA","twitter_card":"summary_large_image","twitter_creator":"@agencia_infra","twitter_site":"@agencia_infra","twitter_misc":{"Escrito por":"Ag\u00eancia iNFRA","Est. tempo de leitura":"1 minuto"},"schema":{"@context":"https:\/\/schema.org","@graph":[{"@type":"Article","@id":"https:\/\/agenciainfra.com\/blog\/transporte-fecha-semestre-com-recorde-de-295-mi-de-empregos\/#article","isPartOf":{"@id":"https:\/\/agenciainfra.com\/blog\/transporte-fecha-semestre-com-recorde-de-295-mi-de-empregos\/"},"author":{"name":"Ag\u00eancia iNFRA","@id":"https:\/\/agenciainfra.com\/blog\/#\/schema\/person\/34af08dff6adea4cb22b06612ba7acfa"},"headline":"Transporte fecha semestre com recorde de 2,95 mi de empregos","datePublished":"2026-08-31T19:58:42+00:00","dateModified":"2026-08-31T19:58:46+00:00","mainEntityOfPage":{"@id":"https:\/\/agenciainfra.com\/blog\/transporte-fecha-semestre-com-recorde-de-295-mi-de-empregos\/"},"wordCount":182,"publisher":{"@id":"https:\/\/agenciainfra.com\/blog\/#organization"},"image":{"@id":"https:\/\/agenciainfra.com\/blog\/transporte-fecha-semestre-com-recorde-de-295-mi-de-empregos\/#primaryimage"},"thumbnailUrl":"https:\/\/agenciainfra.com\/blog\/wp-content\/uploads\/2020\/01\/transporte-carga-caminhao-foto-goinfra.jpg","keywords":["CNT","empregos","empregos formais","transporte rodovi\u00e1rio de cargas","transportes"],"articleSection":["Giro iNFRA"],"inLanguage":"pt-BR","copyrightYear":"2026","copyrightHolder":{"@id":"https:\/\/agenciainfra.com\/blog\/#organization"}},{"@type":"WebPage","@id":"https:\/\/agenciainfra.com\/blog\/transporte-fecha-semestre-com-recorde-de-295-mi-de-empregos\/","url":"https:\/\/agenciainfra.com\/blog\/transporte-fecha-semestre-com-recorde-de-295-mi-de-empregos\/","name":"Transporte fecha semestre com recorde de 2,95 mi de empregos - Ag\u00eancia iNFRA","isPartOf":{"@id":"https:\/\/agenciainfra.com\/blog\/#website"},"primaryImageOfPage":{"@id":"https:\/\/agenciainfra.com\/blog\/transporte-fecha-semestre-com-recorde-de-295-mi-de-empregos\/#primaryimage"},"image":{"@id":"https:\/\/agenciainfra.com\/blog\/transporte-fecha-semestre-com-recorde-de-295-mi-de-empregos\/#primaryimage"},"thumbnailUrl":"https:\/\/agenciainfra.com\/blog\/wp-content\/uploads\/2020\/01\/transporte-carga-caminhao-foto-goinfra.jpg","datePublished":"2026-08-31T19:58:42+00:00","dateModified":"2026-08-31T19:58:46+00:00","breadcrumb":{"@id":"https:\/\/agenciainfra.com\/blog\/transporte-fecha-semestre-com-recorde-de-295-mi-de-empregos\/#breadcrumb"},"inLanguage":"pt-BR","potentialAction":[{"@type":"ReadAction","target":["https:\/\/agenciainfra.com\/blog\/transporte-fecha-semestre-com-recorde-de-295-mi-de-empregos\/"]}]},{"@type":"ImageObject","inLanguage":"pt-BR","@id":"https:\/\/agenciainfra.com\/blog\/transporte-fecha-semestre-com-recorde-de-295-mi-de-empregos\/#primaryimage","url":"https:\/\/agenciainfra.com\/blog\/wp-content\/uploads\/2020\/01\/transporte-carga-caminhao-foto-goinfra.jpg","contentUrl":"https:\/\/agenciainfra.com\/blog\/wp-content\/uploads\/2020\/01\/transporte-carga-caminhao-foto-goinfra.jpg","width":1280,"height":846,"caption":"Foto: Goinfra"},{"@type":"BreadcrumbList","@id":"https:\/\/agenciainfra.com\/blog\/transporte-fecha-semestre-com-recorde-de-295-mi-de-empregos\/#breadcrumb","itemListElement":[{"@type":"ListItem","position":1,"name":"In\u00edcio","item":"https:\/\/agenciainfra.com\/blog\/"},{"@type":"ListItem","position":2,"name":"Transporte fecha semestre com recorde de 2,95 mi de empregos"}]},{"@type":"WebSite","@id":"https:\/\/agenciainfra.com\/blog\/#website","url":"https:\/\/agenciainfra.com\/blog\/","name":"Ag\u00eancia iNFRA","description":"Multiplataforma de informa\u00e7\u00e3o jornal\u00edstica refer\u00eancia na \u00e1rea de infraestrutura no Brasil!","publisher":{"@id":"https:\/\/agenciainfra.com\/blog\/#organization"},"potentialAction":[{"@type":"SearchAction","target":{"@type":"EntryPoint","urlTemplate":"https:\/\/agenciainfra.com\/blog\/?s={search_term_string}"},"query-input":{"@type":"PropertyValueSpecification","valueRequired":true,"valueName":"search_term_string"}}],"inLanguage":"pt-BR"},{"@type":"Organization","@id":"https:\/\/agenciainfra.com\/blog\/#organization","name":"Ag\u00eancia iNFRA","url":"https:\/\/agenciainfra.com\/blog\/","logo":{"@type":"ImageObject","inLanguage":"pt-BR","@id":"https:\/\/agenciainfra.com\/blog\/#\/schema\/logo\/image\/","url":"https:\/\/agenciainfra.com\/blog\/wp-content\/uploads\/2023\/09\/iNFRA_5-e1761735885940.png","contentUrl":"https:\/\/agenciainfra.com\/blog\/wp-content\/uploads\/2023\/09\/iNFRA_5-e1761735885940.png","width":1672,"height":454,"caption":"Ag\u00eancia iNFRA"},"image":{"@id":"https:\/\/agenciainfra.com\/blog\/#\/schema\/logo\/image\/"},"sameAs":["https:\/\/www.facebook.com\/ageninfra","https:\/\/x.com\/agencia_infra","https:\/\/www.linkedin.com\/company\/ag\u00eanciainfra\/","https:\/\/www.instagram.com\/agenciainfra\/"]},{"@type":"Person","@id":"https:\/\/agenciainfra.com\/blog\/#\/schema\/person\/34af08dff6adea4cb22b06612ba7acfa","name":"Ag\u00eancia iNFRA","image":{"@type":"ImageObject","inLanguage":"pt-BR","@id":"https:\/\/secure.gravatar.com\/avatar\/d189e01678f06d8eb84d4e01f08eb848b3fffe3f8443818d3c356c66892f5be8?s=96&d=mm&r=g","url":"https:\/\/secure.gravatar.com\/avatar\/d189e01678f06d8eb84d4e01f08eb848b3fffe3f8443818d3c356c66892f5be8?s=96&d=mm&r=g","contentUrl":"https:\/\/secure.gravatar.com\/avatar\/d189e01678f06d8eb84d4e01f08eb848b3fffe3f8443818d3c356c66892f5be8?s=96&d=mm&r=g","caption":"Ag\u00eancia iNFRA"},"url":"https:\/\/agenciainfra.com\/blog\/author\/admin\/"}]}},"_links":{"self":[{"href":"https:\/\/agenciainfra.com\/blog\/wp-json\/wp\/v2\/posts\/46718","targetHints":{"allow":["GET"]}}],"collection":[{"href":"https:\/\/agenciainfra.com\/blog\/wp-json\/wp\/v2\/posts"}],"about":[{"href":"https:\/\/agenciainfra.com\/blog\/wp-json\/wp\/v2\/types\/post"}],"author":[{"embeddable":true,"href":"https:\/\/agenciainfra.com\/blog\/wp-json\/wp\/v2\/users\/1"}],"replies":[{"embeddable":true,"href":"https:\/\/agenciainfra.com\/blog\/wp-json\/wp\/v2\/comments?post=46718"}],"version-history":[{"count":1,"href":"https:\/\/agenciainfra.com\/blog\/wp-json\/wp\/v2\/posts\/46718\/revisions"}],"predecessor-version":[{"id":46719,"href":"https:\/\/agenciainfra.com\/blog\/wp-json\/wp\/v2\/posts\/46718\/revisions\/46719"}],"wp:featuredmedia":[{"embeddable":true,"href":"https:\/\/agenciainfra.com\/blog\/wp-json\/wp\/v2\/media\/4259"}],"wp:attachment":[{"href":"https:\/\/agenciainfra.com\/blog\/wp-json\/wp\/v2\/media?parent=46718"}],"wp:term":[{"taxonomy":"category","embeddable":true,"href":"https:\/\/agenciainfra.com\/blog\/wp-json\/wp\/v2\/categories?post=46718"},{"taxonomy":"post_tag","embeddable":true,"href":"https:\/\/agenciainfra.com\/blog\/wp-json\/wp\/v2\/tags?post=46718"}],"curies":[{"name":"wp","href":"https:\/\/api.w.org\/{rel}","templated":true}]}}