{"id":46725,"date":"2026-08-31T21:08:43","date_gmt":"2026-09-01T00:08:43","guid":{"rendered":"https:\/\/agenciainfra.com\/blog\/?p=46725"},"modified":"2026-08-31T21:08:46","modified_gmt":"2026-09-01T00:08:46","slug":"cemig-aprova-renovacao-da-concessao-da-uhe-sa-carvalho","status":"publish","type":"post","link":"https:\/\/agenciainfra.com\/blog\/cemig-aprova-renovacao-da-concessao-da-uhe-sa-carvalho\/","title":{"rendered":"Cemig aprova renova\u00e7\u00e3o da concess\u00e3o da UHE S\u00e1 Carvalho"},"content":{"rendered":"\n<p class=\"has-text-align-right\"><strong>da Ag\u00eancia iNFRA<\/strong><\/p>\n\n\n\n<p>A Cemig aprovou a ades\u00e3o \u00e0s condi\u00e7\u00f5es para a prorroga\u00e7\u00e3o, por 30 anos, da concess\u00e3o da UHE (Usina Hidrel\u00e9trica) S\u00e1 Carvalho, em decis\u00e3o tomada pelo Conselho de Administra\u00e7\u00e3o nesta segunda-feira (31).<\/p>\n\n\n\n<p>A concess\u00e3o ser\u00e1 prorrogada sob o regime de cotas, nos termos da Lei 12.783\/2013, a partir de 31 de agosto de 2026. A usina possui 78 MW de capacidade instalada e garantia f\u00edsica de 54,4 MW m\u00e9dios.<\/p>\n\n\n\n<p>Ap\u00f3s a convoca\u00e7\u00e3o pelo MME (Minist\u00e9rio de Minas e Energia), a companhia ter\u00e1 prazo de 210 dias para assinar o termo aditivo da concess\u00e3o.<\/p>\n\n\n\n<p>A decis\u00e3o d\u00e1 continuidade \u00e0s informa\u00e7\u00f5es divulgadas pela Cemig em 28 de agosto, quando a empresa comunicou ter obtido autoriza\u00e7\u00e3o do minist\u00e9rio para renovar a concess\u00e3o da hidrel\u00e9trica.<\/p>\n\n\n\n<p><\/p>\n","protected":false},"excerpt":{"rendered":"<p>da Ag\u00eancia iNFRA A Cemig aprovou a ades\u00e3o \u00e0s condi\u00e7\u00f5es para a prorroga\u00e7\u00e3o, por 30 anos, da concess\u00e3o da UHE (Usina Hidrel\u00e9trica) S\u00e1 Carvalho, em decis\u00e3o tomada pelo Conselho de Administra\u00e7\u00e3o nesta segunda-feira (31). A concess\u00e3o ser\u00e1 prorrogada sob o regime de cotas, nos termos da Lei 12.783\/2013, a partir de 31 de agosto de [&hellip;]<\/p>\n","protected":false},"author":32,"featured_media":46644,"comment_status":"closed","ping_status":"closed","sticky":false,"template":"","format":"standard","meta":{"_monsterinsights_skip_tracking":false,"_monsterinsights_sitenote_active":false,"_monsterinsights_sitenote_note":"","_monsterinsights_sitenote_category":0,"footnotes":""},"categories":[7250],"tags":[302,282,71,21641,4609],"class_list":["post-46725","post","type-post","status-publish","format-standard","has-post-thumbnail","hentry","category-destaque-lista","tag-cemig","tag-energia-eletrica","tag-mme","tag-uhe-sa-carvalho","tag-usina-hidreletrica"],"yoast_head":"<!-- This site is optimized with the Yoast SEO Premium plugin v25.4 (Yoast SEO v28.2) - https:\/\/yoast.com\/product\/yoast-seo-premium-wordpress\/ -->\n<title>Cemig aprova renova\u00e7\u00e3o da concess\u00e3o da UHE S\u00e1 Carvalho - Ag\u00eancia iNFRA<\/title>\n<meta name=\"robots\" content=\"index, follow, max-snippet:-1, max-image-preview:large, max-video-preview:-1\" \/>\n<link rel=\"canonical\" href=\"https:\/\/agenciainfra.com\/blog\/cemig-aprova-renovacao-da-concessao-da-uhe-sa-carvalho\/\" \/>\n<meta property=\"og:locale\" content=\"pt_BR\" \/>\n<meta property=\"og:type\" content=\"article\" \/>\n<meta property=\"og:title\" content=\"Cemig aprova renova\u00e7\u00e3o da concess\u00e3o da UHE S\u00e1 Carvalho\" \/>\n<meta property=\"og:description\" content=\"da Ag\u00eancia iNFRA A Cemig aprovou a ades\u00e3o \u00e0s condi\u00e7\u00f5es para a prorroga\u00e7\u00e3o, por 30 anos, da concess\u00e3o da UHE (Usina Hidrel\u00e9trica) S\u00e1 Carvalho, em decis\u00e3o tomada pelo Conselho de Administra\u00e7\u00e3o nesta segunda-feira (31). A concess\u00e3o ser\u00e1 prorrogada sob o regime de cotas, nos termos da Lei 12.783\/2013, a partir de 31 de agosto de [&hellip;]\" \/>\n<meta property=\"og:url\" content=\"https:\/\/agenciainfra.com\/blog\/cemig-aprova-renovacao-da-concessao-da-uhe-sa-carvalho\/\" \/>\n<meta property=\"og:site_name\" content=\"Ag\u00eancia iNFRA\" \/>\n<meta property=\"article:publisher\" content=\"https:\/\/www.facebook.com\/ageninfra\" \/>\n<meta property=\"article:published_time\" content=\"2026-09-01T00:08:43+00:00\" \/>\n<meta property=\"article:modified_time\" content=\"2026-09-01T00:08:46+00:00\" \/>\n<meta property=\"og:image\" content=\"https:\/\/agenciainfra.com\/blog\/wp-content\/uploads\/2026\/08\/uhe-sa-de-carvalho-foto-cemig.jpg\" \/>\n\t<meta property=\"og:image:width\" content=\"1280\" \/>\n\t<meta property=\"og:image:height\" content=\"960\" \/>\n\t<meta property=\"og:image:type\" content=\"image\/jpeg\" \/>\n<meta name=\"author\" content=\"Giordano Barros\" \/>\n<meta name=\"twitter:card\" content=\"summary_large_image\" \/>\n<meta name=\"twitter:creator\" content=\"@agencia_infra\" \/>\n<meta name=\"twitter:site\" content=\"@agencia_infra\" \/>\n<meta name=\"twitter:label1\" content=\"Escrito por\" \/>\n\t<meta name=\"twitter:data1\" content=\"Giordano Barros\" \/>\n\t<meta name=\"twitter:label2\" content=\"Est. tempo de leitura\" \/>\n\t<meta name=\"twitter:data2\" content=\"1 minuto\" \/>\n<script type=\"application\/ld+json\" class=\"yoast-schema-graph\">{\"@context\":\"https:\\\/\\\/schema.org\",\"@graph\":[{\"@type\":\"Article\",\"@id\":\"https:\\\/\\\/agenciainfra.com\\\/blog\\\/cemig-aprova-renovacao-da-concessao-da-uhe-sa-carvalho\\\/#article\",\"isPartOf\":{\"@id\":\"https:\\\/\\\/agenciainfra.com\\\/blog\\\/cemig-aprova-renovacao-da-concessao-da-uhe-sa-carvalho\\\/\"},\"author\":{\"name\":\"Giordano Barros\",\"@id\":\"https:\\\/\\\/agenciainfra.com\\\/blog\\\/#\\\/schema\\\/person\\\/bc5627de60fd770b5b471ff633595dcd\"},\"headline\":\"Cemig aprova renova\u00e7\u00e3o da concess\u00e3o da UHE S\u00e1 Carvalho\",\"datePublished\":\"2026-09-01T00:08:43+00:00\",\"dateModified\":\"2026-09-01T00:08:46+00:00\",\"mainEntityOfPage\":{\"@id\":\"https:\\\/\\\/agenciainfra.com\\\/blog\\\/cemig-aprova-renovacao-da-concessao-da-uhe-sa-carvalho\\\/\"},\"wordCount\":146,\"publisher\":{\"@id\":\"https:\\\/\\\/agenciainfra.com\\\/blog\\\/#organization\"},\"image\":{\"@id\":\"https:\\\/\\\/agenciainfra.com\\\/blog\\\/cemig-aprova-renovacao-da-concessao-da-uhe-sa-carvalho\\\/#primaryimage\"},\"thumbnailUrl\":\"https:\\\/\\\/agenciainfra.com\\\/blog\\\/wp-content\\\/uploads\\\/2026\\\/08\\\/uhe-sa-de-carvalho-foto-cemig.jpg\",\"keywords\":[\"CEMIG\",\"energia el\u00e9trica\",\"MME\",\"uhe s\u00e1 carvalho\",\"usina hidrel\u00e9trica\"],\"articleSection\":[\"Destaque lista\"],\"inLanguage\":\"pt-BR\",\"copyrightYear\":\"2026\",\"copyrightHolder\":{\"@id\":\"https:\\\/\\\/agenciainfra.com\\\/blog\\\/#organization\"}},{\"@type\":\"WebPage\",\"@id\":\"https:\\\/\\\/agenciainfra.com\\\/blog\\\/cemig-aprova-renovacao-da-concessao-da-uhe-sa-carvalho\\\/\",\"url\":\"https:\\\/\\\/agenciainfra.com\\\/blog\\\/cemig-aprova-renovacao-da-concessao-da-uhe-sa-carvalho\\\/\",\"name\":\"Cemig aprova renova\u00e7\u00e3o da concess\u00e3o da UHE S\u00e1 Carvalho - Ag\u00eancia iNFRA\",\"isPartOf\":{\"@id\":\"https:\\\/\\\/agenciainfra.com\\\/blog\\\/#website\"},\"primaryImageOfPage\":{\"@id\":\"https:\\\/\\\/agenciainfra.com\\\/blog\\\/cemig-aprova-renovacao-da-concessao-da-uhe-sa-carvalho\\\/#primaryimage\"},\"image\":{\"@id\":\"https:\\\/\\\/agenciainfra.com\\\/blog\\\/cemig-aprova-renovacao-da-concessao-da-uhe-sa-carvalho\\\/#primaryimage\"},\"thumbnailUrl\":\"https:\\\/\\\/agenciainfra.com\\\/blog\\\/wp-content\\\/uploads\\\/2026\\\/08\\\/uhe-sa-de-carvalho-foto-cemig.jpg\",\"datePublished\":\"2026-09-01T00:08:43+00:00\",\"dateModified\":\"2026-09-01T00:08:46+00:00\",\"breadcrumb\":{\"@id\":\"https:\\\/\\\/agenciainfra.com\\\/blog\\\/cemig-aprova-renovacao-da-concessao-da-uhe-sa-carvalho\\\/#breadcrumb\"},\"inLanguage\":\"pt-BR\",\"potentialAction\":[{\"@type\":\"ReadAction\",\"target\":[\"https:\\\/\\\/agenciainfra.com\\\/blog\\\/cemig-aprova-renovacao-da-concessao-da-uhe-sa-carvalho\\\/\"]}]},{\"@type\":\"ImageObject\",\"inLanguage\":\"pt-BR\",\"@id\":\"https:\\\/\\\/agenciainfra.com\\\/blog\\\/cemig-aprova-renovacao-da-concessao-da-uhe-sa-carvalho\\\/#primaryimage\",\"url\":\"https:\\\/\\\/agenciainfra.com\\\/blog\\\/wp-content\\\/uploads\\\/2026\\\/08\\\/uhe-sa-de-carvalho-foto-cemig.jpg\",\"contentUrl\":\"https:\\\/\\\/agenciainfra.com\\\/blog\\\/wp-content\\\/uploads\\\/2026\\\/08\\\/uhe-sa-de-carvalho-foto-cemig.jpg\",\"width\":1280,\"height\":960,\"caption\":\"Foto: Cemig\"},{\"@type\":\"BreadcrumbList\",\"@id\":\"https:\\\/\\\/agenciainfra.com\\\/blog\\\/cemig-aprova-renovacao-da-concessao-da-uhe-sa-carvalho\\\/#breadcrumb\",\"itemListElement\":[{\"@type\":\"ListItem\",\"position\":1,\"name\":\"In\u00edcio\",\"item\":\"https:\\\/\\\/agenciainfra.com\\\/blog\\\/\"},{\"@type\":\"ListItem\",\"position\":2,\"name\":\"Cemig aprova renova\u00e7\u00e3o da concess\u00e3o da UHE S\u00e1 Carvalho\"}]},{\"@type\":\"WebSite\",\"@id\":\"https:\\\/\\\/agenciainfra.com\\\/blog\\\/#website\",\"url\":\"https:\\\/\\\/agenciainfra.com\\\/blog\\\/\",\"name\":\"Ag\u00eancia iNFRA\",\"description\":\"Multiplataforma de informa\u00e7\u00e3o jornal\u00edstica refer\u00eancia na \u00e1rea de infraestrutura no Brasil!\",\"publisher\":{\"@id\":\"https:\\\/\\\/agenciainfra.com\\\/blog\\\/#organization\"},\"potentialAction\":[{\"@type\":\"SearchAction\",\"target\":{\"@type\":\"EntryPoint\",\"urlTemplate\":\"https:\\\/\\\/agenciainfra.com\\\/blog\\\/?s={search_term_string}\"},\"query-input\":{\"@type\":\"PropertyValueSpecification\",\"valueRequired\":true,\"valueName\":\"search_term_string\"}}],\"inLanguage\":\"pt-BR\"},{\"@type\":\"Organization\",\"@id\":\"https:\\\/\\\/agenciainfra.com\\\/blog\\\/#organization\",\"name\":\"Ag\u00eancia iNFRA\",\"url\":\"https:\\\/\\\/agenciainfra.com\\\/blog\\\/\",\"logo\":{\"@type\":\"ImageObject\",\"inLanguage\":\"pt-BR\",\"@id\":\"https:\\\/\\\/agenciainfra.com\\\/blog\\\/#\\\/schema\\\/logo\\\/image\\\/\",\"url\":\"https:\\\/\\\/agenciainfra.com\\\/blog\\\/wp-content\\\/uploads\\\/2023\\\/09\\\/iNFRA_5-e1761735885940.png\",\"contentUrl\":\"https:\\\/\\\/agenciainfra.com\\\/blog\\\/wp-content\\\/uploads\\\/2023\\\/09\\\/iNFRA_5-e1761735885940.png\",\"width\":1672,\"height\":454,\"caption\":\"Ag\u00eancia iNFRA\"},\"image\":{\"@id\":\"https:\\\/\\\/agenciainfra.com\\\/blog\\\/#\\\/schema\\\/logo\\\/image\\\/\"},\"sameAs\":[\"https:\\\/\\\/www.facebook.com\\\/ageninfra\",\"https:\\\/\\\/x.com\\\/agencia_infra\",\"https:\\\/\\\/www.linkedin.com\\\/company\\\/ag\u00eanciainfra\\\/\",\"https:\\\/\\\/www.instagram.com\\\/agenciainfra\\\/\"]},{\"@type\":\"Person\",\"@id\":\"https:\\\/\\\/agenciainfra.com\\\/blog\\\/#\\\/schema\\\/person\\\/bc5627de60fd770b5b471ff633595dcd\",\"name\":\"Giordano Barros\",\"image\":{\"@type\":\"ImageObject\",\"inLanguage\":\"pt-BR\",\"@id\":\"https:\\\/\\\/secure.gravatar.com\\\/avatar\\\/932a6bc6716c1ad2e53a7649201ee59c540006a9ad184ccdf56bc5d604ba2395?s=96&d=mm&r=g\",\"url\":\"https:\\\/\\\/secure.gravatar.com\\\/avatar\\\/932a6bc6716c1ad2e53a7649201ee59c540006a9ad184ccdf56bc5d604ba2395?s=96&d=mm&r=g\",\"contentUrl\":\"https:\\\/\\\/secure.gravatar.com\\\/avatar\\\/932a6bc6716c1ad2e53a7649201ee59c540006a9ad184ccdf56bc5d604ba2395?s=96&d=mm&r=g\",\"caption\":\"Giordano Barros\"},\"url\":\"https:\\\/\\\/agenciainfra.com\\\/blog\\\/author\\\/giordano-barros\\\/\"}]}<\/script>\n<!-- \/ Yoast SEO Premium plugin. -->","yoast_head_json":{"title":"Cemig aprova renova\u00e7\u00e3o da concess\u00e3o da UHE S\u00e1 Carvalho - Ag\u00eancia iNFRA","robots":{"index":"index","follow":"follow","max-snippet":"max-snippet:-1","max-image-preview":"max-image-preview:large","max-video-preview":"max-video-preview:-1"},"canonical":"https:\/\/agenciainfra.com\/blog\/cemig-aprova-renovacao-da-concessao-da-uhe-sa-carvalho\/","og_locale":"pt_BR","og_type":"article","og_title":"Cemig aprova renova\u00e7\u00e3o da concess\u00e3o da UHE S\u00e1 Carvalho","og_description":"da Ag\u00eancia iNFRA A Cemig aprovou a ades\u00e3o \u00e0s condi\u00e7\u00f5es para a prorroga\u00e7\u00e3o, por 30 anos, da concess\u00e3o da UHE (Usina Hidrel\u00e9trica) S\u00e1 Carvalho, em decis\u00e3o tomada pelo Conselho de Administra\u00e7\u00e3o nesta segunda-feira (31). A concess\u00e3o ser\u00e1 prorrogada sob o regime de cotas, nos termos da Lei 12.783\/2013, a partir de 31 de agosto de [&hellip;]","og_url":"https:\/\/agenciainfra.com\/blog\/cemig-aprova-renovacao-da-concessao-da-uhe-sa-carvalho\/","og_site_name":"Ag\u00eancia iNFRA","article_publisher":"https:\/\/www.facebook.com\/ageninfra","article_published_time":"2026-09-01T00:08:43+00:00","article_modified_time":"2026-09-01T00:08:46+00:00","og_image":[{"width":1280,"height":960,"url":"https:\/\/agenciainfra.com\/blog\/wp-content\/uploads\/2026\/08\/uhe-sa-de-carvalho-foto-cemig.jpg","type":"image\/jpeg"}],"author":"Giordano Barros","twitter_card":"summary_large_image","twitter_creator":"@agencia_infra","twitter_site":"@agencia_infra","twitter_misc":{"Escrito por":"Giordano Barros","Est. tempo de leitura":"1 minuto"},"schema":{"@context":"https:\/\/schema.org","@graph":[{"@type":"Article","@id":"https:\/\/agenciainfra.com\/blog\/cemig-aprova-renovacao-da-concessao-da-uhe-sa-carvalho\/#article","isPartOf":{"@id":"https:\/\/agenciainfra.com\/blog\/cemig-aprova-renovacao-da-concessao-da-uhe-sa-carvalho\/"},"author":{"name":"Giordano Barros","@id":"https:\/\/agenciainfra.com\/blog\/#\/schema\/person\/bc5627de60fd770b5b471ff633595dcd"},"headline":"Cemig aprova renova\u00e7\u00e3o da concess\u00e3o da UHE S\u00e1 Carvalho","datePublished":"2026-09-01T00:08:43+00:00","dateModified":"2026-09-01T00:08:46+00:00","mainEntityOfPage":{"@id":"https:\/\/agenciainfra.com\/blog\/cemig-aprova-renovacao-da-concessao-da-uhe-sa-carvalho\/"},"wordCount":146,"publisher":{"@id":"https:\/\/agenciainfra.com\/blog\/#organization"},"image":{"@id":"https:\/\/agenciainfra.com\/blog\/cemig-aprova-renovacao-da-concessao-da-uhe-sa-carvalho\/#primaryimage"},"thumbnailUrl":"https:\/\/agenciainfra.com\/blog\/wp-content\/uploads\/2026\/08\/uhe-sa-de-carvalho-foto-cemig.jpg","keywords":["CEMIG","energia el\u00e9trica","MME","uhe s\u00e1 carvalho","usina hidrel\u00e9trica"],"articleSection":["Destaque lista"],"inLanguage":"pt-BR","copyrightYear":"2026","copyrightHolder":{"@id":"https:\/\/agenciainfra.com\/blog\/#organization"}},{"@type":"WebPage","@id":"https:\/\/agenciainfra.com\/blog\/cemig-aprova-renovacao-da-concessao-da-uhe-sa-carvalho\/","url":"https:\/\/agenciainfra.com\/blog\/cemig-aprova-renovacao-da-concessao-da-uhe-sa-carvalho\/","name":"Cemig aprova renova\u00e7\u00e3o da concess\u00e3o da UHE S\u00e1 Carvalho - Ag\u00eancia iNFRA","isPartOf":{"@id":"https:\/\/agenciainfra.com\/blog\/#website"},"primaryImageOfPage":{"@id":"https:\/\/agenciainfra.com\/blog\/cemig-aprova-renovacao-da-concessao-da-uhe-sa-carvalho\/#primaryimage"},"image":{"@id":"https:\/\/agenciainfra.com\/blog\/cemig-aprova-renovacao-da-concessao-da-uhe-sa-carvalho\/#primaryimage"},"thumbnailUrl":"https:\/\/agenciainfra.com\/blog\/wp-content\/uploads\/2026\/08\/uhe-sa-de-carvalho-foto-cemig.jpg","datePublished":"2026-09-01T00:08:43+00:00","dateModified":"2026-09-01T00:08:46+00:00","breadcrumb":{"@id":"https:\/\/agenciainfra.com\/blog\/cemig-aprova-renovacao-da-concessao-da-uhe-sa-carvalho\/#breadcrumb"},"inLanguage":"pt-BR","potentialAction":[{"@type":"ReadAction","target":["https:\/\/agenciainfra.com\/blog\/cemig-aprova-renovacao-da-concessao-da-uhe-sa-carvalho\/"]}]},{"@type":"ImageObject","inLanguage":"pt-BR","@id":"https:\/\/agenciainfra.com\/blog\/cemig-aprova-renovacao-da-concessao-da-uhe-sa-carvalho\/#primaryimage","url":"https:\/\/agenciainfra.com\/blog\/wp-content\/uploads\/2026\/08\/uhe-sa-de-carvalho-foto-cemig.jpg","contentUrl":"https:\/\/agenciainfra.com\/blog\/wp-content\/uploads\/2026\/08\/uhe-sa-de-carvalho-foto-cemig.jpg","width":1280,"height":960,"caption":"Foto: Cemig"},{"@type":"BreadcrumbList","@id":"https:\/\/agenciainfra.com\/blog\/cemig-aprova-renovacao-da-concessao-da-uhe-sa-carvalho\/#breadcrumb","itemListElement":[{"@type":"ListItem","position":1,"name":"In\u00edcio","item":"https:\/\/agenciainfra.com\/blog\/"},{"@type":"ListItem","position":2,"name":"Cemig aprova renova\u00e7\u00e3o da concess\u00e3o da UHE S\u00e1 Carvalho"}]},{"@type":"WebSite","@id":"https:\/\/agenciainfra.com\/blog\/#website","url":"https:\/\/agenciainfra.com\/blog\/","name":"Ag\u00eancia iNFRA","description":"Multiplataforma de informa\u00e7\u00e3o jornal\u00edstica refer\u00eancia na \u00e1rea de infraestrutura no Brasil!","publisher":{"@id":"https:\/\/agenciainfra.com\/blog\/#organization"},"potentialAction":[{"@type":"SearchAction","target":{"@type":"EntryPoint","urlTemplate":"https:\/\/agenciainfra.com\/blog\/?s={search_term_string}"},"query-input":{"@type":"PropertyValueSpecification","valueRequired":true,"valueName":"search_term_string"}}],"inLanguage":"pt-BR"},{"@type":"Organization","@id":"https:\/\/agenciainfra.com\/blog\/#organization","name":"Ag\u00eancia iNFRA","url":"https:\/\/agenciainfra.com\/blog\/","logo":{"@type":"ImageObject","inLanguage":"pt-BR","@id":"https:\/\/agenciainfra.com\/blog\/#\/schema\/logo\/image\/","url":"https:\/\/agenciainfra.com\/blog\/wp-content\/uploads\/2023\/09\/iNFRA_5-e1761735885940.png","contentUrl":"https:\/\/agenciainfra.com\/blog\/wp-content\/uploads\/2023\/09\/iNFRA_5-e1761735885940.png","width":1672,"height":454,"caption":"Ag\u00eancia iNFRA"},"image":{"@id":"https:\/\/agenciainfra.com\/blog\/#\/schema\/logo\/image\/"},"sameAs":["https:\/\/www.facebook.com\/ageninfra","https:\/\/x.com\/agencia_infra","https:\/\/www.linkedin.com\/company\/ag\u00eanciainfra\/","https:\/\/www.instagram.com\/agenciainfra\/"]},{"@type":"Person","@id":"https:\/\/agenciainfra.com\/blog\/#\/schema\/person\/bc5627de60fd770b5b471ff633595dcd","name":"Giordano Barros","image":{"@type":"ImageObject","inLanguage":"pt-BR","@id":"https:\/\/secure.gravatar.com\/avatar\/932a6bc6716c1ad2e53a7649201ee59c540006a9ad184ccdf56bc5d604ba2395?s=96&d=mm&r=g","url":"https:\/\/secure.gravatar.com\/avatar\/932a6bc6716c1ad2e53a7649201ee59c540006a9ad184ccdf56bc5d604ba2395?s=96&d=mm&r=g","contentUrl":"https:\/\/secure.gravatar.com\/avatar\/932a6bc6716c1ad2e53a7649201ee59c540006a9ad184ccdf56bc5d604ba2395?s=96&d=mm&r=g","caption":"Giordano Barros"},"url":"https:\/\/agenciainfra.com\/blog\/author\/giordano-barros\/"}]}},"_links":{"self":[{"href":"https:\/\/agenciainfra.com\/blog\/wp-json\/wp\/v2\/posts\/46725","targetHints":{"allow":["GET"]}}],"collection":[{"href":"https:\/\/agenciainfra.com\/blog\/wp-json\/wp\/v2\/posts"}],"about":[{"href":"https:\/\/agenciainfra.com\/blog\/wp-json\/wp\/v2\/types\/post"}],"author":[{"embeddable":true,"href":"https:\/\/agenciainfra.com\/blog\/wp-json\/wp\/v2\/users\/32"}],"replies":[{"embeddable":true,"href":"https:\/\/agenciainfra.com\/blog\/wp-json\/wp\/v2\/comments?post=46725"}],"version-history":[{"count":1,"href":"https:\/\/agenciainfra.com\/blog\/wp-json\/wp\/v2\/posts\/46725\/revisions"}],"predecessor-version":[{"id":46726,"href":"https:\/\/agenciainfra.com\/blog\/wp-json\/wp\/v2\/posts\/46725\/revisions\/46726"}],"wp:featuredmedia":[{"embeddable":true,"href":"https:\/\/agenciainfra.com\/blog\/wp-json\/wp\/v2\/media\/46644"}],"wp:attachment":[{"href":"https:\/\/agenciainfra.com\/blog\/wp-json\/wp\/v2\/media?parent=46725"}],"wp:term":[{"taxonomy":"category","embeddable":true,"href":"https:\/\/agenciainfra.com\/blog\/wp-json\/wp\/v2\/categories?post=46725"},{"taxonomy":"post_tag","embeddable":true,"href":"https:\/\/agenciainfra.com\/blog\/wp-json\/wp\/v2\/tags?post=46725"}],"curies":[{"name":"wp","href":"https:\/\/api.w.org\/{rel}","templated":true}]}}