{"id":46727,"date":"2026-08-31T21:25:33","date_gmt":"2026-09-01T00:25:33","guid":{"rendered":"https:\/\/agenciainfra.com\/blog\/?p=46727"},"modified":"2026-08-31T21:25:36","modified_gmt":"2026-09-01T00:25:36","slug":"eneva-conclui-venda-da-pecem-ii-por-r-8392-milhoes","status":"publish","type":"post","link":"https:\/\/agenciainfra.com\/blog\/eneva-conclui-venda-da-pecem-ii-por-r-8392-milhoes\/","title":{"rendered":"Eneva conclui venda da Pec\u00e9m II por R$ 839,2 milh\u00f5es"},"content":{"rendered":"\n<p class=\"has-text-align-right\"><strong>da Ag\u00eancia iNFRA<\/strong><\/p>\n\n\n\n<p>A Eneva concluiu nesta segunda-feira (31) a venda de 100% das a\u00e7\u00f5es da Pec\u00e9m II Gera\u00e7\u00e3o de Energia para a Diamante Gera\u00e7\u00e3o de Energia, ap\u00f3s o cumprimento das condi\u00e7\u00f5es previstas no contrato assinado em mar\u00e7o deste ano.<\/p>\n\n\n\n<p>O valor da opera\u00e7\u00e3o foi de R$ 839,2 milh\u00f5es. Desse total, R$ 748,4 milh\u00f5es foram pagos pela Diamante \u00e0 Eneva no fechamento da transa\u00e7\u00e3o.<\/p>\n\n\n\n<p>O acordo tamb\u00e9m prev\u00ea uma parcela contingente de at\u00e9 R$ 149 milh\u00f5es, que poder\u00e1 ser paga caso haja antecipa\u00e7\u00e3o do in\u00edcio dos contratos de reserva de capacidade da UTE Porto do Pec\u00e9m II relacionados ao LRCAP (Leil\u00e3o de Reserva de Capacidade em forma de Pot\u00eancia) 2026.<\/p>\n\n\n\n<p>A opera\u00e7\u00e3o havia sido anunciada pela Eneva em mar\u00e7o de 2026. <\/p>\n","protected":false},"excerpt":{"rendered":"<p>da Ag\u00eancia iNFRA A Eneva concluiu nesta segunda-feira (31) a venda de 100% das a\u00e7\u00f5es da Pec\u00e9m II Gera\u00e7\u00e3o de Energia para a Diamante Gera\u00e7\u00e3o de Energia, ap\u00f3s o cumprimento das condi\u00e7\u00f5es previstas no contrato assinado em mar\u00e7o deste ano. O valor da opera\u00e7\u00e3o foi de R$ 839,2 milh\u00f5es. Desse total, R$ 748,4 milh\u00f5es foram [&hellip;]<\/p>\n","protected":false},"author":1,"featured_media":46013,"comment_status":"closed","ping_status":"closed","sticky":false,"template":"","format":"standard","meta":{"_monsterinsights_skip_tracking":false,"_monsterinsights_sitenote_active":false,"_monsterinsights_sitenote_note":"","_monsterinsights_sitenote_category":0,"footnotes":""},"categories":[7250],"tags":[18603,282,1127,21642,8725,21643],"class_list":["post-46727","post","type-post","status-publish","format-standard","has-post-thumbnail","hentry","category-destaque-lista","tag-diamante","tag-energia-eletrica","tag-eneva","tag-pecem-ii","tag-usina","tag-venda-de-acoes"],"yoast_head":"<!-- This site is optimized with the Yoast SEO Premium plugin v25.4 (Yoast SEO v28.2) - https:\/\/yoast.com\/product\/yoast-seo-premium-wordpress\/ -->\n<title>Eneva conclui venda da Pec\u00e9m II por R$ 839,2 milh\u00f5es - Ag\u00eancia iNFRA<\/title>\n<meta name=\"robots\" content=\"index, follow, max-snippet:-1, max-image-preview:large, max-video-preview:-1\" \/>\n<link rel=\"canonical\" href=\"https:\/\/agenciainfra.com\/blog\/eneva-conclui-venda-da-pecem-ii-por-r-8392-milhoes\/\" \/>\n<meta property=\"og:locale\" content=\"pt_BR\" \/>\n<meta property=\"og:type\" content=\"article\" \/>\n<meta property=\"og:title\" content=\"Eneva conclui venda da Pec\u00e9m II por R$ 839,2 milh\u00f5es\" \/>\n<meta property=\"og:description\" content=\"da Ag\u00eancia iNFRA A Eneva concluiu nesta segunda-feira (31) a venda de 100% das a\u00e7\u00f5es da Pec\u00e9m II Gera\u00e7\u00e3o de Energia para a Diamante Gera\u00e7\u00e3o de Energia, ap\u00f3s o cumprimento das condi\u00e7\u00f5es previstas no contrato assinado em mar\u00e7o deste ano. O valor da opera\u00e7\u00e3o foi de R$ 839,2 milh\u00f5es. Desse total, R$ 748,4 milh\u00f5es foram [&hellip;]\" \/>\n<meta property=\"og:url\" content=\"https:\/\/agenciainfra.com\/blog\/eneva-conclui-venda-da-pecem-ii-por-r-8392-milhoes\/\" \/>\n<meta property=\"og:site_name\" content=\"Ag\u00eancia iNFRA\" \/>\n<meta property=\"article:publisher\" content=\"https:\/\/www.facebook.com\/ageninfra\" \/>\n<meta property=\"article:published_time\" content=\"2026-09-01T00:25:33+00:00\" \/>\n<meta property=\"article:modified_time\" content=\"2026-09-01T00:25:36+00:00\" \/>\n<meta property=\"og:image\" content=\"https:\/\/agenciainfra.com\/blog\/wp-content\/uploads\/2026\/08\/UTE-Energia-Pecem-foto-Diamante-Geracao-de-Energia.jpg\" \/>\n\t<meta property=\"og:image:width\" content=\"1280\" \/>\n\t<meta property=\"og:image:height\" content=\"717\" \/>\n\t<meta property=\"og:image:type\" content=\"image\/jpeg\" \/>\n<meta name=\"author\" content=\"Ag\u00eancia iNFRA\" \/>\n<meta name=\"twitter:card\" content=\"summary_large_image\" \/>\n<meta name=\"twitter:creator\" content=\"@agencia_infra\" \/>\n<meta name=\"twitter:site\" content=\"@agencia_infra\" \/>\n<meta name=\"twitter:label1\" content=\"Escrito por\" \/>\n\t<meta name=\"twitter:data1\" content=\"Ag\u00eancia iNFRA\" \/>\n\t<meta name=\"twitter:label2\" content=\"Est. tempo de leitura\" \/>\n\t<meta name=\"twitter:data2\" content=\"1 minuto\" \/>\n<script type=\"application\/ld+json\" class=\"yoast-schema-graph\">{\"@context\":\"https:\\\/\\\/schema.org\",\"@graph\":[{\"@type\":\"Article\",\"@id\":\"https:\\\/\\\/agenciainfra.com\\\/blog\\\/eneva-conclui-venda-da-pecem-ii-por-r-8392-milhoes\\\/#article\",\"isPartOf\":{\"@id\":\"https:\\\/\\\/agenciainfra.com\\\/blog\\\/eneva-conclui-venda-da-pecem-ii-por-r-8392-milhoes\\\/\"},\"author\":{\"name\":\"Ag\u00eancia iNFRA\",\"@id\":\"https:\\\/\\\/agenciainfra.com\\\/blog\\\/#\\\/schema\\\/person\\\/34af08dff6adea4cb22b06612ba7acfa\"},\"headline\":\"Eneva conclui venda da Pec\u00e9m II por R$ 839,2 milh\u00f5es\",\"datePublished\":\"2026-09-01T00:25:33+00:00\",\"dateModified\":\"2026-09-01T00:25:36+00:00\",\"mainEntityOfPage\":{\"@id\":\"https:\\\/\\\/agenciainfra.com\\\/blog\\\/eneva-conclui-venda-da-pecem-ii-por-r-8392-milhoes\\\/\"},\"wordCount\":145,\"publisher\":{\"@id\":\"https:\\\/\\\/agenciainfra.com\\\/blog\\\/#organization\"},\"image\":{\"@id\":\"https:\\\/\\\/agenciainfra.com\\\/blog\\\/eneva-conclui-venda-da-pecem-ii-por-r-8392-milhoes\\\/#primaryimage\"},\"thumbnailUrl\":\"https:\\\/\\\/agenciainfra.com\\\/blog\\\/wp-content\\\/uploads\\\/2026\\\/08\\\/UTE-Energia-Pecem-foto-Diamante-Geracao-de-Energia.jpg\",\"keywords\":[\"diamante\",\"energia el\u00e9trica\",\"Eneva\",\"pec\u00e9m ii\",\"usina\",\"venda de a\u00e7\u00f5es\"],\"articleSection\":[\"Destaque lista\"],\"inLanguage\":\"pt-BR\",\"copyrightYear\":\"2026\",\"copyrightHolder\":{\"@id\":\"https:\\\/\\\/agenciainfra.com\\\/blog\\\/#organization\"}},{\"@type\":\"WebPage\",\"@id\":\"https:\\\/\\\/agenciainfra.com\\\/blog\\\/eneva-conclui-venda-da-pecem-ii-por-r-8392-milhoes\\\/\",\"url\":\"https:\\\/\\\/agenciainfra.com\\\/blog\\\/eneva-conclui-venda-da-pecem-ii-por-r-8392-milhoes\\\/\",\"name\":\"Eneva conclui venda da Pec\u00e9m II por R$ 839,2 milh\u00f5es - Ag\u00eancia iNFRA\",\"isPartOf\":{\"@id\":\"https:\\\/\\\/agenciainfra.com\\\/blog\\\/#website\"},\"primaryImageOfPage\":{\"@id\":\"https:\\\/\\\/agenciainfra.com\\\/blog\\\/eneva-conclui-venda-da-pecem-ii-por-r-8392-milhoes\\\/#primaryimage\"},\"image\":{\"@id\":\"https:\\\/\\\/agenciainfra.com\\\/blog\\\/eneva-conclui-venda-da-pecem-ii-por-r-8392-milhoes\\\/#primaryimage\"},\"thumbnailUrl\":\"https:\\\/\\\/agenciainfra.com\\\/blog\\\/wp-content\\\/uploads\\\/2026\\\/08\\\/UTE-Energia-Pecem-foto-Diamante-Geracao-de-Energia.jpg\",\"datePublished\":\"2026-09-01T00:25:33+00:00\",\"dateModified\":\"2026-09-01T00:25:36+00:00\",\"breadcrumb\":{\"@id\":\"https:\\\/\\\/agenciainfra.com\\\/blog\\\/eneva-conclui-venda-da-pecem-ii-por-r-8392-milhoes\\\/#breadcrumb\"},\"inLanguage\":\"pt-BR\",\"potentialAction\":[{\"@type\":\"ReadAction\",\"target\":[\"https:\\\/\\\/agenciainfra.com\\\/blog\\\/eneva-conclui-venda-da-pecem-ii-por-r-8392-milhoes\\\/\"]}]},{\"@type\":\"ImageObject\",\"inLanguage\":\"pt-BR\",\"@id\":\"https:\\\/\\\/agenciainfra.com\\\/blog\\\/eneva-conclui-venda-da-pecem-ii-por-r-8392-milhoes\\\/#primaryimage\",\"url\":\"https:\\\/\\\/agenciainfra.com\\\/blog\\\/wp-content\\\/uploads\\\/2026\\\/08\\\/UTE-Energia-Pecem-foto-Diamante-Geracao-de-Energia.jpg\",\"contentUrl\":\"https:\\\/\\\/agenciainfra.com\\\/blog\\\/wp-content\\\/uploads\\\/2026\\\/08\\\/UTE-Energia-Pecem-foto-Diamante-Geracao-de-Energia.jpg\",\"width\":1280,\"height\":717,\"caption\":\"Foto: Diamante Gera\u00e7\u00e3o de Energia\"},{\"@type\":\"BreadcrumbList\",\"@id\":\"https:\\\/\\\/agenciainfra.com\\\/blog\\\/eneva-conclui-venda-da-pecem-ii-por-r-8392-milhoes\\\/#breadcrumb\",\"itemListElement\":[{\"@type\":\"ListItem\",\"position\":1,\"name\":\"In\u00edcio\",\"item\":\"https:\\\/\\\/agenciainfra.com\\\/blog\\\/\"},{\"@type\":\"ListItem\",\"position\":2,\"name\":\"Eneva conclui venda da Pec\u00e9m II por R$ 839,2 milh\u00f5es\"}]},{\"@type\":\"WebSite\",\"@id\":\"https:\\\/\\\/agenciainfra.com\\\/blog\\\/#website\",\"url\":\"https:\\\/\\\/agenciainfra.com\\\/blog\\\/\",\"name\":\"Ag\u00eancia iNFRA\",\"description\":\"Multiplataforma de informa\u00e7\u00e3o jornal\u00edstica refer\u00eancia na \u00e1rea de infraestrutura no Brasil!\",\"publisher\":{\"@id\":\"https:\\\/\\\/agenciainfra.com\\\/blog\\\/#organization\"},\"potentialAction\":[{\"@type\":\"SearchAction\",\"target\":{\"@type\":\"EntryPoint\",\"urlTemplate\":\"https:\\\/\\\/agenciainfra.com\\\/blog\\\/?s={search_term_string}\"},\"query-input\":{\"@type\":\"PropertyValueSpecification\",\"valueRequired\":true,\"valueName\":\"search_term_string\"}}],\"inLanguage\":\"pt-BR\"},{\"@type\":\"Organization\",\"@id\":\"https:\\\/\\\/agenciainfra.com\\\/blog\\\/#organization\",\"name\":\"Ag\u00eancia iNFRA\",\"url\":\"https:\\\/\\\/agenciainfra.com\\\/blog\\\/\",\"logo\":{\"@type\":\"ImageObject\",\"inLanguage\":\"pt-BR\",\"@id\":\"https:\\\/\\\/agenciainfra.com\\\/blog\\\/#\\\/schema\\\/logo\\\/image\\\/\",\"url\":\"https:\\\/\\\/agenciainfra.com\\\/blog\\\/wp-content\\\/uploads\\\/2023\\\/09\\\/iNFRA_5-e1761735885940.png\",\"contentUrl\":\"https:\\\/\\\/agenciainfra.com\\\/blog\\\/wp-content\\\/uploads\\\/2023\\\/09\\\/iNFRA_5-e1761735885940.png\",\"width\":1672,\"height\":454,\"caption\":\"Ag\u00eancia iNFRA\"},\"image\":{\"@id\":\"https:\\\/\\\/agenciainfra.com\\\/blog\\\/#\\\/schema\\\/logo\\\/image\\\/\"},\"sameAs\":[\"https:\\\/\\\/www.facebook.com\\\/ageninfra\",\"https:\\\/\\\/x.com\\\/agencia_infra\",\"https:\\\/\\\/www.linkedin.com\\\/company\\\/ag\u00eanciainfra\\\/\",\"https:\\\/\\\/www.instagram.com\\\/agenciainfra\\\/\"]},{\"@type\":\"Person\",\"@id\":\"https:\\\/\\\/agenciainfra.com\\\/blog\\\/#\\\/schema\\\/person\\\/34af08dff6adea4cb22b06612ba7acfa\",\"name\":\"Ag\u00eancia iNFRA\",\"image\":{\"@type\":\"ImageObject\",\"inLanguage\":\"pt-BR\",\"@id\":\"https:\\\/\\\/secure.gravatar.com\\\/avatar\\\/d189e01678f06d8eb84d4e01f08eb848b3fffe3f8443818d3c356c66892f5be8?s=96&d=mm&r=g\",\"url\":\"https:\\\/\\\/secure.gravatar.com\\\/avatar\\\/d189e01678f06d8eb84d4e01f08eb848b3fffe3f8443818d3c356c66892f5be8?s=96&d=mm&r=g\",\"contentUrl\":\"https:\\\/\\\/secure.gravatar.com\\\/avatar\\\/d189e01678f06d8eb84d4e01f08eb848b3fffe3f8443818d3c356c66892f5be8?s=96&d=mm&r=g\",\"caption\":\"Ag\u00eancia iNFRA\"},\"url\":\"https:\\\/\\\/agenciainfra.com\\\/blog\\\/author\\\/admin\\\/\"}]}<\/script>\n<!-- \/ Yoast SEO Premium plugin. -->","yoast_head_json":{"title":"Eneva conclui venda da Pec\u00e9m II por R$ 839,2 milh\u00f5es - Ag\u00eancia iNFRA","robots":{"index":"index","follow":"follow","max-snippet":"max-snippet:-1","max-image-preview":"max-image-preview:large","max-video-preview":"max-video-preview:-1"},"canonical":"https:\/\/agenciainfra.com\/blog\/eneva-conclui-venda-da-pecem-ii-por-r-8392-milhoes\/","og_locale":"pt_BR","og_type":"article","og_title":"Eneva conclui venda da Pec\u00e9m II por R$ 839,2 milh\u00f5es","og_description":"da Ag\u00eancia iNFRA A Eneva concluiu nesta segunda-feira (31) a venda de 100% das a\u00e7\u00f5es da Pec\u00e9m II Gera\u00e7\u00e3o de Energia para a Diamante Gera\u00e7\u00e3o de Energia, ap\u00f3s o cumprimento das condi\u00e7\u00f5es previstas no contrato assinado em mar\u00e7o deste ano. O valor da opera\u00e7\u00e3o foi de R$ 839,2 milh\u00f5es. Desse total, R$ 748,4 milh\u00f5es foram [&hellip;]","og_url":"https:\/\/agenciainfra.com\/blog\/eneva-conclui-venda-da-pecem-ii-por-r-8392-milhoes\/","og_site_name":"Ag\u00eancia iNFRA","article_publisher":"https:\/\/www.facebook.com\/ageninfra","article_published_time":"2026-09-01T00:25:33+00:00","article_modified_time":"2026-09-01T00:25:36+00:00","og_image":[{"width":1280,"height":717,"url":"https:\/\/agenciainfra.com\/blog\/wp-content\/uploads\/2026\/08\/UTE-Energia-Pecem-foto-Diamante-Geracao-de-Energia.jpg","type":"image\/jpeg"}],"author":"Ag\u00eancia iNFRA","twitter_card":"summary_large_image","twitter_creator":"@agencia_infra","twitter_site":"@agencia_infra","twitter_misc":{"Escrito por":"Ag\u00eancia iNFRA","Est. tempo de leitura":"1 minuto"},"schema":{"@context":"https:\/\/schema.org","@graph":[{"@type":"Article","@id":"https:\/\/agenciainfra.com\/blog\/eneva-conclui-venda-da-pecem-ii-por-r-8392-milhoes\/#article","isPartOf":{"@id":"https:\/\/agenciainfra.com\/blog\/eneva-conclui-venda-da-pecem-ii-por-r-8392-milhoes\/"},"author":{"name":"Ag\u00eancia iNFRA","@id":"https:\/\/agenciainfra.com\/blog\/#\/schema\/person\/34af08dff6adea4cb22b06612ba7acfa"},"headline":"Eneva conclui venda da Pec\u00e9m II por R$ 839,2 milh\u00f5es","datePublished":"2026-09-01T00:25:33+00:00","dateModified":"2026-09-01T00:25:36+00:00","mainEntityOfPage":{"@id":"https:\/\/agenciainfra.com\/blog\/eneva-conclui-venda-da-pecem-ii-por-r-8392-milhoes\/"},"wordCount":145,"publisher":{"@id":"https:\/\/agenciainfra.com\/blog\/#organization"},"image":{"@id":"https:\/\/agenciainfra.com\/blog\/eneva-conclui-venda-da-pecem-ii-por-r-8392-milhoes\/#primaryimage"},"thumbnailUrl":"https:\/\/agenciainfra.com\/blog\/wp-content\/uploads\/2026\/08\/UTE-Energia-Pecem-foto-Diamante-Geracao-de-Energia.jpg","keywords":["diamante","energia el\u00e9trica","Eneva","pec\u00e9m ii","usina","venda de a\u00e7\u00f5es"],"articleSection":["Destaque lista"],"inLanguage":"pt-BR","copyrightYear":"2026","copyrightHolder":{"@id":"https:\/\/agenciainfra.com\/blog\/#organization"}},{"@type":"WebPage","@id":"https:\/\/agenciainfra.com\/blog\/eneva-conclui-venda-da-pecem-ii-por-r-8392-milhoes\/","url":"https:\/\/agenciainfra.com\/blog\/eneva-conclui-venda-da-pecem-ii-por-r-8392-milhoes\/","name":"Eneva conclui venda da Pec\u00e9m II por R$ 839,2 milh\u00f5es - Ag\u00eancia iNFRA","isPartOf":{"@id":"https:\/\/agenciainfra.com\/blog\/#website"},"primaryImageOfPage":{"@id":"https:\/\/agenciainfra.com\/blog\/eneva-conclui-venda-da-pecem-ii-por-r-8392-milhoes\/#primaryimage"},"image":{"@id":"https:\/\/agenciainfra.com\/blog\/eneva-conclui-venda-da-pecem-ii-por-r-8392-milhoes\/#primaryimage"},"thumbnailUrl":"https:\/\/agenciainfra.com\/blog\/wp-content\/uploads\/2026\/08\/UTE-Energia-Pecem-foto-Diamante-Geracao-de-Energia.jpg","datePublished":"2026-09-01T00:25:33+00:00","dateModified":"2026-09-01T00:25:36+00:00","breadcrumb":{"@id":"https:\/\/agenciainfra.com\/blog\/eneva-conclui-venda-da-pecem-ii-por-r-8392-milhoes\/#breadcrumb"},"inLanguage":"pt-BR","potentialAction":[{"@type":"ReadAction","target":["https:\/\/agenciainfra.com\/blog\/eneva-conclui-venda-da-pecem-ii-por-r-8392-milhoes\/"]}]},{"@type":"ImageObject","inLanguage":"pt-BR","@id":"https:\/\/agenciainfra.com\/blog\/eneva-conclui-venda-da-pecem-ii-por-r-8392-milhoes\/#primaryimage","url":"https:\/\/agenciainfra.com\/blog\/wp-content\/uploads\/2026\/08\/UTE-Energia-Pecem-foto-Diamante-Geracao-de-Energia.jpg","contentUrl":"https:\/\/agenciainfra.com\/blog\/wp-content\/uploads\/2026\/08\/UTE-Energia-Pecem-foto-Diamante-Geracao-de-Energia.jpg","width":1280,"height":717,"caption":"Foto: Diamante Gera\u00e7\u00e3o de Energia"},{"@type":"BreadcrumbList","@id":"https:\/\/agenciainfra.com\/blog\/eneva-conclui-venda-da-pecem-ii-por-r-8392-milhoes\/#breadcrumb","itemListElement":[{"@type":"ListItem","position":1,"name":"In\u00edcio","item":"https:\/\/agenciainfra.com\/blog\/"},{"@type":"ListItem","position":2,"name":"Eneva conclui venda da Pec\u00e9m II por R$ 839,2 milh\u00f5es"}]},{"@type":"WebSite","@id":"https:\/\/agenciainfra.com\/blog\/#website","url":"https:\/\/agenciainfra.com\/blog\/","name":"Ag\u00eancia iNFRA","description":"Multiplataforma de informa\u00e7\u00e3o jornal\u00edstica refer\u00eancia na \u00e1rea de infraestrutura no Brasil!","publisher":{"@id":"https:\/\/agenciainfra.com\/blog\/#organization"},"potentialAction":[{"@type":"SearchAction","target":{"@type":"EntryPoint","urlTemplate":"https:\/\/agenciainfra.com\/blog\/?s={search_term_string}"},"query-input":{"@type":"PropertyValueSpecification","valueRequired":true,"valueName":"search_term_string"}}],"inLanguage":"pt-BR"},{"@type":"Organization","@id":"https:\/\/agenciainfra.com\/blog\/#organization","name":"Ag\u00eancia iNFRA","url":"https:\/\/agenciainfra.com\/blog\/","logo":{"@type":"ImageObject","inLanguage":"pt-BR","@id":"https:\/\/agenciainfra.com\/blog\/#\/schema\/logo\/image\/","url":"https:\/\/agenciainfra.com\/blog\/wp-content\/uploads\/2023\/09\/iNFRA_5-e1761735885940.png","contentUrl":"https:\/\/agenciainfra.com\/blog\/wp-content\/uploads\/2023\/09\/iNFRA_5-e1761735885940.png","width":1672,"height":454,"caption":"Ag\u00eancia iNFRA"},"image":{"@id":"https:\/\/agenciainfra.com\/blog\/#\/schema\/logo\/image\/"},"sameAs":["https:\/\/www.facebook.com\/ageninfra","https:\/\/x.com\/agencia_infra","https:\/\/www.linkedin.com\/company\/ag\u00eanciainfra\/","https:\/\/www.instagram.com\/agenciainfra\/"]},{"@type":"Person","@id":"https:\/\/agenciainfra.com\/blog\/#\/schema\/person\/34af08dff6adea4cb22b06612ba7acfa","name":"Ag\u00eancia iNFRA","image":{"@type":"ImageObject","inLanguage":"pt-BR","@id":"https:\/\/secure.gravatar.com\/avatar\/d189e01678f06d8eb84d4e01f08eb848b3fffe3f8443818d3c356c66892f5be8?s=96&d=mm&r=g","url":"https:\/\/secure.gravatar.com\/avatar\/d189e01678f06d8eb84d4e01f08eb848b3fffe3f8443818d3c356c66892f5be8?s=96&d=mm&r=g","contentUrl":"https:\/\/secure.gravatar.com\/avatar\/d189e01678f06d8eb84d4e01f08eb848b3fffe3f8443818d3c356c66892f5be8?s=96&d=mm&r=g","caption":"Ag\u00eancia iNFRA"},"url":"https:\/\/agenciainfra.com\/blog\/author\/admin\/"}]}},"_links":{"self":[{"href":"https:\/\/agenciainfra.com\/blog\/wp-json\/wp\/v2\/posts\/46727","targetHints":{"allow":["GET"]}}],"collection":[{"href":"https:\/\/agenciainfra.com\/blog\/wp-json\/wp\/v2\/posts"}],"about":[{"href":"https:\/\/agenciainfra.com\/blog\/wp-json\/wp\/v2\/types\/post"}],"author":[{"embeddable":true,"href":"https:\/\/agenciainfra.com\/blog\/wp-json\/wp\/v2\/users\/1"}],"replies":[{"embeddable":true,"href":"https:\/\/agenciainfra.com\/blog\/wp-json\/wp\/v2\/comments?post=46727"}],"version-history":[{"count":1,"href":"https:\/\/agenciainfra.com\/blog\/wp-json\/wp\/v2\/posts\/46727\/revisions"}],"predecessor-version":[{"id":46728,"href":"https:\/\/agenciainfra.com\/blog\/wp-json\/wp\/v2\/posts\/46727\/revisions\/46728"}],"wp:featuredmedia":[{"embeddable":true,"href":"https:\/\/agenciainfra.com\/blog\/wp-json\/wp\/v2\/media\/46013"}],"wp:attachment":[{"href":"https:\/\/agenciainfra.com\/blog\/wp-json\/wp\/v2\/media?parent=46727"}],"wp:term":[{"taxonomy":"category","embeddable":true,"href":"https:\/\/agenciainfra.com\/blog\/wp-json\/wp\/v2\/categories?post=46727"},{"taxonomy":"post_tag","embeddable":true,"href":"https:\/\/agenciainfra.com\/blog\/wp-json\/wp\/v2\/tags?post=46727"}],"curies":[{"name":"wp","href":"https:\/\/api.w.org\/{rel}","templated":true}]}}