{"id":46730,"date":"2026-09-01T09:26:33","date_gmt":"2026-09-01T12:26:33","guid":{"rendered":"https:\/\/agenciainfra.com\/blog\/?p=46730"},"modified":"2026-09-01T09:26:35","modified_gmt":"2026-09-01T12:26:35","slug":"instituto-da-frente-parlamentar-da-infraestrutura-e-contra-pec-da-escala-6x1","status":"publish","type":"post","link":"https:\/\/agenciainfra.com\/blog\/instituto-da-frente-parlamentar-da-infraestrutura-e-contra-pec-da-escala-6x1\/","title":{"rendered":"Instituto da Frente Parlamentar da Infraestrutura \u00e9 contra PEC da Escala 6&#215;1"},"content":{"rendered":"\n<p class=\"has-text-align-right\"><strong>da Ag\u00eancia iNFRA<\/strong><\/p>\n\n\n\n<p>O IBL (Instituto Brasil Log\u00edstica) se posicionou contra a aprova\u00e7\u00e3o, pelo Senado, da <a href=\"https:\/\/www.camara.leg.br\/proposicoesWeb\/fichadetramitacao?idProposicao=2233802\">PEC (Proposta de Emenda \u00e0 Constitui\u00e7\u00e3o) 221\/2019<\/a> na forma aprovada pela C\u00e2mara. A entidade afirma que a mudan\u00e7a na jornada de trabalho, sem regras espec\u00edficas para setores de opera\u00e7\u00e3o cont\u00ednua, pode afetar servi\u00e7os de log\u00edstica e infraestrutura e aumentar custos.\u00a0<\/p>\n\n\n\n<p>\u201cA aplica\u00e7\u00e3o uniforme e abrupta das novas regras traz graves riscos, pois a aus\u00eancia de salvaguardas adequadas pode comprometer a continuidade de servi\u00e7os essenciais, agravar ainda mais a atual escassez de m\u00e3o de obra qualificada e transferir custos para fretes, tarifas e pre\u00e7os em toda a cadeia produtiva nacional, que invariavelmente acabar\u00e3o atingindo os mesmos trabalhadores que a PEC busca proteger\u201d, afirma o instituto em nota.&nbsp;<\/p>\n\n\n\n<p>O posicionamento defende a preval\u00eancia da negocia\u00e7\u00e3o coletiva, a manuten\u00e7\u00e3o de regimes diferenciados, como 12&#215;36, 4&#215;4 e 3&#215;3, uma transi\u00e7\u00e3o de 14 meses para atividades essenciais e o reequil\u00edbrio de contratos de infraestrutura, concess\u00f5es e PPPs (Parcerias P\u00fablico-Privadas).<\/p>\n\n\n\n<p>Segundo o instituto, no setor ferrovi\u00e1rio o impacto pode chegar a R$ 168 milh\u00f5es por ano, al\u00e9m de agravar a falta de profissionais especializados, enquanto no transporte rodovi\u00e1rio a mudan\u00e7a pode reduzir a produtividade dos ve\u00edculos e aumentar a necessidade de motoristas.<\/p>\n\n\n\n<p>Nos portos, o IBL aponta risco de aumento de custos e d\u00e9ficit de m\u00e3o de obra. J\u00e1 na avia\u00e7\u00e3o, a entidade defende a manuten\u00e7\u00e3o das regras espec\u00edficas previstas na Lei 13.475\/2017 e no RBAC 117 e afirma que mudan\u00e7as r\u00edgidas nas escalas podem afetar a seguran\u00e7a operacional e a viabilidade de rotas e equipes certificadas.&nbsp;<\/p>\n\n\n\n<p>O IBL representa 21 entidades, empresas e associa\u00e7\u00f5es do setor produtivo e presta apoio t\u00e9cnico \u00e0 Frenlogi (Frente Parlamentar Mista de Log\u00edstica e Infraestrutura), que re\u00fane mais de 300 parlamentares de todos os espectros pol\u00edticos. A entidade destaca que apoia o debate sobre qualidade de vida dos trabalhadores, mas defende ajustes no texto para preservar o funcionamento pleno da infraestrutura.<\/p>\n","protected":false},"excerpt":{"rendered":"<p>da Ag\u00eancia iNFRA O IBL (Instituto Brasil Log\u00edstica) se posicionou contra a aprova\u00e7\u00e3o, pelo Senado, da PEC (Proposta de Emenda \u00e0 Constitui\u00e7\u00e3o) 221\/2019 na forma aprovada pela C\u00e2mara. A entidade afirma que a mudan\u00e7a na jornada de trabalho, sem regras espec\u00edficas para setores de opera\u00e7\u00e3o cont\u00ednua, pode afetar servi\u00e7os de log\u00edstica e infraestrutura e aumentar [&hellip;]<\/p>\n","protected":false},"author":1,"featured_media":18247,"comment_status":"closed","ping_status":"closed","sticky":false,"template":"","format":"standard","meta":{"_monsterinsights_skip_tracking":false,"_monsterinsights_sitenote_active":false,"_monsterinsights_sitenote_note":"","_monsterinsights_sitenote_category":0,"footnotes":""},"categories":[7250],"tags":[15818,1144,205,34,66,5424],"class_list":["post-46730","post","type-post","status-publish","format-standard","has-post-thumbnail","hentry","category-destaque-lista","tag-escala-6x1","tag-frenlogi","tag-ibl","tag-infraestrutura","tag-logistica","tag-trabalho"],"yoast_head":"<!-- This site is optimized with the Yoast SEO Premium plugin v25.4 (Yoast SEO v28.2) - https:\/\/yoast.com\/product\/yoast-seo-premium-wordpress\/ -->\n<title>Instituto da Frente Parlamentar da Infraestrutura \u00e9 contra PEC da Escala 6x1 - Ag\u00eancia iNFRA<\/title>\n<meta name=\"robots\" content=\"index, follow, max-snippet:-1, max-image-preview:large, max-video-preview:-1\" \/>\n<link rel=\"canonical\" href=\"https:\/\/agenciainfra.com\/blog\/instituto-da-frente-parlamentar-da-infraestrutura-e-contra-pec-da-escala-6x1\/\" \/>\n<meta property=\"og:locale\" content=\"pt_BR\" \/>\n<meta property=\"og:type\" content=\"article\" \/>\n<meta property=\"og:title\" content=\"Instituto da Frente Parlamentar da Infraestrutura \u00e9 contra PEC da Escala 6x1\" \/>\n<meta property=\"og:description\" content=\"da Ag\u00eancia iNFRA O IBL (Instituto Brasil Log\u00edstica) se posicionou contra a aprova\u00e7\u00e3o, pelo Senado, da PEC (Proposta de Emenda \u00e0 Constitui\u00e7\u00e3o) 221\/2019 na forma aprovada pela C\u00e2mara. A entidade afirma que a mudan\u00e7a na jornada de trabalho, sem regras espec\u00edficas para setores de opera\u00e7\u00e3o cont\u00ednua, pode afetar servi\u00e7os de log\u00edstica e infraestrutura e aumentar [&hellip;]\" \/>\n<meta property=\"og:url\" content=\"https:\/\/agenciainfra.com\/blog\/instituto-da-frente-parlamentar-da-infraestrutura-e-contra-pec-da-escala-6x1\/\" \/>\n<meta property=\"og:site_name\" content=\"Ag\u00eancia iNFRA\" \/>\n<meta property=\"article:publisher\" content=\"https:\/\/www.facebook.com\/ageninfra\" \/>\n<meta property=\"article:published_time\" content=\"2026-09-01T12:26:33+00:00\" \/>\n<meta property=\"article:modified_time\" content=\"2026-09-01T12:26:35+00:00\" \/>\n<meta property=\"og:image\" content=\"https:\/\/agenciainfra.com\/blog\/wp-content\/uploads\/2024\/08\/fachada-congresso-nacional-foto-rafa-neddermeyer-agencia-brasil.jpg\" \/>\n\t<meta property=\"og:image:width\" content=\"1202\" \/>\n\t<meta property=\"og:image:height\" content=\"768\" \/>\n\t<meta property=\"og:image:type\" content=\"image\/jpeg\" \/>\n<meta name=\"author\" content=\"Ag\u00eancia iNFRA\" \/>\n<meta name=\"twitter:card\" content=\"summary_large_image\" \/>\n<meta name=\"twitter:creator\" content=\"@agencia_infra\" \/>\n<meta name=\"twitter:site\" content=\"@agencia_infra\" \/>\n<meta name=\"twitter:label1\" content=\"Escrito por\" \/>\n\t<meta name=\"twitter:data1\" content=\"Ag\u00eancia iNFRA\" \/>\n\t<meta name=\"twitter:label2\" content=\"Est. tempo de leitura\" \/>\n\t<meta name=\"twitter:data2\" content=\"2 minutos\" \/>\n<script type=\"application\/ld+json\" class=\"yoast-schema-graph\">{\"@context\":\"https:\\\/\\\/schema.org\",\"@graph\":[{\"@type\":\"Article\",\"@id\":\"https:\\\/\\\/agenciainfra.com\\\/blog\\\/instituto-da-frente-parlamentar-da-infraestrutura-e-contra-pec-da-escala-6x1\\\/#article\",\"isPartOf\":{\"@id\":\"https:\\\/\\\/agenciainfra.com\\\/blog\\\/instituto-da-frente-parlamentar-da-infraestrutura-e-contra-pec-da-escala-6x1\\\/\"},\"author\":{\"name\":\"Ag\u00eancia iNFRA\",\"@id\":\"https:\\\/\\\/agenciainfra.com\\\/blog\\\/#\\\/schema\\\/person\\\/34af08dff6adea4cb22b06612ba7acfa\"},\"headline\":\"Instituto da Frente Parlamentar da Infraestrutura \u00e9 contra PEC da Escala 6&#215;1\",\"datePublished\":\"2026-09-01T12:26:33+00:00\",\"dateModified\":\"2026-09-01T12:26:35+00:00\",\"mainEntityOfPage\":{\"@id\":\"https:\\\/\\\/agenciainfra.com\\\/blog\\\/instituto-da-frente-parlamentar-da-infraestrutura-e-contra-pec-da-escala-6x1\\\/\"},\"wordCount\":364,\"publisher\":{\"@id\":\"https:\\\/\\\/agenciainfra.com\\\/blog\\\/#organization\"},\"image\":{\"@id\":\"https:\\\/\\\/agenciainfra.com\\\/blog\\\/instituto-da-frente-parlamentar-da-infraestrutura-e-contra-pec-da-escala-6x1\\\/#primaryimage\"},\"thumbnailUrl\":\"https:\\\/\\\/agenciainfra.com\\\/blog\\\/wp-content\\\/uploads\\\/2024\\\/08\\\/fachada-congresso-nacional-foto-rafa-neddermeyer-agencia-brasil.jpg\",\"keywords\":[\"escala 6x1\",\"Frenlogi\",\"IBL\",\"Infraestrutura\",\"log\u00edstica\",\"Trabalho\"],\"articleSection\":[\"Destaque lista\"],\"inLanguage\":\"pt-BR\",\"copyrightYear\":\"2026\",\"copyrightHolder\":{\"@id\":\"https:\\\/\\\/agenciainfra.com\\\/blog\\\/#organization\"}},{\"@type\":\"WebPage\",\"@id\":\"https:\\\/\\\/agenciainfra.com\\\/blog\\\/instituto-da-frente-parlamentar-da-infraestrutura-e-contra-pec-da-escala-6x1\\\/\",\"url\":\"https:\\\/\\\/agenciainfra.com\\\/blog\\\/instituto-da-frente-parlamentar-da-infraestrutura-e-contra-pec-da-escala-6x1\\\/\",\"name\":\"Instituto da Frente Parlamentar da Infraestrutura \u00e9 contra PEC da Escala 6x1 - Ag\u00eancia iNFRA\",\"isPartOf\":{\"@id\":\"https:\\\/\\\/agenciainfra.com\\\/blog\\\/#website\"},\"primaryImageOfPage\":{\"@id\":\"https:\\\/\\\/agenciainfra.com\\\/blog\\\/instituto-da-frente-parlamentar-da-infraestrutura-e-contra-pec-da-escala-6x1\\\/#primaryimage\"},\"image\":{\"@id\":\"https:\\\/\\\/agenciainfra.com\\\/blog\\\/instituto-da-frente-parlamentar-da-infraestrutura-e-contra-pec-da-escala-6x1\\\/#primaryimage\"},\"thumbnailUrl\":\"https:\\\/\\\/agenciainfra.com\\\/blog\\\/wp-content\\\/uploads\\\/2024\\\/08\\\/fachada-congresso-nacional-foto-rafa-neddermeyer-agencia-brasil.jpg\",\"datePublished\":\"2026-09-01T12:26:33+00:00\",\"dateModified\":\"2026-09-01T12:26:35+00:00\",\"breadcrumb\":{\"@id\":\"https:\\\/\\\/agenciainfra.com\\\/blog\\\/instituto-da-frente-parlamentar-da-infraestrutura-e-contra-pec-da-escala-6x1\\\/#breadcrumb\"},\"inLanguage\":\"pt-BR\",\"potentialAction\":[{\"@type\":\"ReadAction\",\"target\":[\"https:\\\/\\\/agenciainfra.com\\\/blog\\\/instituto-da-frente-parlamentar-da-infraestrutura-e-contra-pec-da-escala-6x1\\\/\"]}]},{\"@type\":\"ImageObject\",\"inLanguage\":\"pt-BR\",\"@id\":\"https:\\\/\\\/agenciainfra.com\\\/blog\\\/instituto-da-frente-parlamentar-da-infraestrutura-e-contra-pec-da-escala-6x1\\\/#primaryimage\",\"url\":\"https:\\\/\\\/agenciainfra.com\\\/blog\\\/wp-content\\\/uploads\\\/2024\\\/08\\\/fachada-congresso-nacional-foto-rafa-neddermeyer-agencia-brasil.jpg\",\"contentUrl\":\"https:\\\/\\\/agenciainfra.com\\\/blog\\\/wp-content\\\/uploads\\\/2024\\\/08\\\/fachada-congresso-nacional-foto-rafa-neddermeyer-agencia-brasil.jpg\",\"width\":1202,\"height\":768,\"caption\":\"Foto: Rafa Neddermeyer\\\/Ag\u00eancia Brasil\"},{\"@type\":\"BreadcrumbList\",\"@id\":\"https:\\\/\\\/agenciainfra.com\\\/blog\\\/instituto-da-frente-parlamentar-da-infraestrutura-e-contra-pec-da-escala-6x1\\\/#breadcrumb\",\"itemListElement\":[{\"@type\":\"ListItem\",\"position\":1,\"name\":\"In\u00edcio\",\"item\":\"https:\\\/\\\/agenciainfra.com\\\/blog\\\/\"},{\"@type\":\"ListItem\",\"position\":2,\"name\":\"Instituto da Frente Parlamentar da Infraestrutura \u00e9 contra PEC da Escala 6&#215;1\"}]},{\"@type\":\"WebSite\",\"@id\":\"https:\\\/\\\/agenciainfra.com\\\/blog\\\/#website\",\"url\":\"https:\\\/\\\/agenciainfra.com\\\/blog\\\/\",\"name\":\"Ag\u00eancia iNFRA\",\"description\":\"Multiplataforma de informa\u00e7\u00e3o jornal\u00edstica refer\u00eancia na \u00e1rea de infraestrutura no Brasil!\",\"publisher\":{\"@id\":\"https:\\\/\\\/agenciainfra.com\\\/blog\\\/#organization\"},\"potentialAction\":[{\"@type\":\"SearchAction\",\"target\":{\"@type\":\"EntryPoint\",\"urlTemplate\":\"https:\\\/\\\/agenciainfra.com\\\/blog\\\/?s={search_term_string}\"},\"query-input\":{\"@type\":\"PropertyValueSpecification\",\"valueRequired\":true,\"valueName\":\"search_term_string\"}}],\"inLanguage\":\"pt-BR\"},{\"@type\":\"Organization\",\"@id\":\"https:\\\/\\\/agenciainfra.com\\\/blog\\\/#organization\",\"name\":\"Ag\u00eancia iNFRA\",\"url\":\"https:\\\/\\\/agenciainfra.com\\\/blog\\\/\",\"logo\":{\"@type\":\"ImageObject\",\"inLanguage\":\"pt-BR\",\"@id\":\"https:\\\/\\\/agenciainfra.com\\\/blog\\\/#\\\/schema\\\/logo\\\/image\\\/\",\"url\":\"https:\\\/\\\/agenciainfra.com\\\/blog\\\/wp-content\\\/uploads\\\/2023\\\/09\\\/iNFRA_5-e1761735885940.png\",\"contentUrl\":\"https:\\\/\\\/agenciainfra.com\\\/blog\\\/wp-content\\\/uploads\\\/2023\\\/09\\\/iNFRA_5-e1761735885940.png\",\"width\":1672,\"height\":454,\"caption\":\"Ag\u00eancia iNFRA\"},\"image\":{\"@id\":\"https:\\\/\\\/agenciainfra.com\\\/blog\\\/#\\\/schema\\\/logo\\\/image\\\/\"},\"sameAs\":[\"https:\\\/\\\/www.facebook.com\\\/ageninfra\",\"https:\\\/\\\/x.com\\\/agencia_infra\",\"https:\\\/\\\/www.linkedin.com\\\/company\\\/ag\u00eanciainfra\\\/\",\"https:\\\/\\\/www.instagram.com\\\/agenciainfra\\\/\"]},{\"@type\":\"Person\",\"@id\":\"https:\\\/\\\/agenciainfra.com\\\/blog\\\/#\\\/schema\\\/person\\\/34af08dff6adea4cb22b06612ba7acfa\",\"name\":\"Ag\u00eancia iNFRA\",\"image\":{\"@type\":\"ImageObject\",\"inLanguage\":\"pt-BR\",\"@id\":\"https:\\\/\\\/secure.gravatar.com\\\/avatar\\\/d189e01678f06d8eb84d4e01f08eb848b3fffe3f8443818d3c356c66892f5be8?s=96&d=mm&r=g\",\"url\":\"https:\\\/\\\/secure.gravatar.com\\\/avatar\\\/d189e01678f06d8eb84d4e01f08eb848b3fffe3f8443818d3c356c66892f5be8?s=96&d=mm&r=g\",\"contentUrl\":\"https:\\\/\\\/secure.gravatar.com\\\/avatar\\\/d189e01678f06d8eb84d4e01f08eb848b3fffe3f8443818d3c356c66892f5be8?s=96&d=mm&r=g\",\"caption\":\"Ag\u00eancia iNFRA\"},\"url\":\"https:\\\/\\\/agenciainfra.com\\\/blog\\\/author\\\/admin\\\/\"}]}<\/script>\n<!-- \/ Yoast SEO Premium plugin. -->","yoast_head_json":{"title":"Instituto da Frente Parlamentar da Infraestrutura \u00e9 contra PEC da Escala 6x1 - Ag\u00eancia iNFRA","robots":{"index":"index","follow":"follow","max-snippet":"max-snippet:-1","max-image-preview":"max-image-preview:large","max-video-preview":"max-video-preview:-1"},"canonical":"https:\/\/agenciainfra.com\/blog\/instituto-da-frente-parlamentar-da-infraestrutura-e-contra-pec-da-escala-6x1\/","og_locale":"pt_BR","og_type":"article","og_title":"Instituto da Frente Parlamentar da Infraestrutura \u00e9 contra PEC da Escala 6x1","og_description":"da Ag\u00eancia iNFRA O IBL (Instituto Brasil Log\u00edstica) se posicionou contra a aprova\u00e7\u00e3o, pelo Senado, da PEC (Proposta de Emenda \u00e0 Constitui\u00e7\u00e3o) 221\/2019 na forma aprovada pela C\u00e2mara. A entidade afirma que a mudan\u00e7a na jornada de trabalho, sem regras espec\u00edficas para setores de opera\u00e7\u00e3o cont\u00ednua, pode afetar servi\u00e7os de log\u00edstica e infraestrutura e aumentar [&hellip;]","og_url":"https:\/\/agenciainfra.com\/blog\/instituto-da-frente-parlamentar-da-infraestrutura-e-contra-pec-da-escala-6x1\/","og_site_name":"Ag\u00eancia iNFRA","article_publisher":"https:\/\/www.facebook.com\/ageninfra","article_published_time":"2026-09-01T12:26:33+00:00","article_modified_time":"2026-09-01T12:26:35+00:00","og_image":[{"width":1202,"height":768,"url":"https:\/\/agenciainfra.com\/blog\/wp-content\/uploads\/2024\/08\/fachada-congresso-nacional-foto-rafa-neddermeyer-agencia-brasil.jpg","type":"image\/jpeg"}],"author":"Ag\u00eancia iNFRA","twitter_card":"summary_large_image","twitter_creator":"@agencia_infra","twitter_site":"@agencia_infra","twitter_misc":{"Escrito por":"Ag\u00eancia iNFRA","Est. tempo de leitura":"2 minutos"},"schema":{"@context":"https:\/\/schema.org","@graph":[{"@type":"Article","@id":"https:\/\/agenciainfra.com\/blog\/instituto-da-frente-parlamentar-da-infraestrutura-e-contra-pec-da-escala-6x1\/#article","isPartOf":{"@id":"https:\/\/agenciainfra.com\/blog\/instituto-da-frente-parlamentar-da-infraestrutura-e-contra-pec-da-escala-6x1\/"},"author":{"name":"Ag\u00eancia iNFRA","@id":"https:\/\/agenciainfra.com\/blog\/#\/schema\/person\/34af08dff6adea4cb22b06612ba7acfa"},"headline":"Instituto da Frente Parlamentar da Infraestrutura \u00e9 contra PEC da Escala 6&#215;1","datePublished":"2026-09-01T12:26:33+00:00","dateModified":"2026-09-01T12:26:35+00:00","mainEntityOfPage":{"@id":"https:\/\/agenciainfra.com\/blog\/instituto-da-frente-parlamentar-da-infraestrutura-e-contra-pec-da-escala-6x1\/"},"wordCount":364,"publisher":{"@id":"https:\/\/agenciainfra.com\/blog\/#organization"},"image":{"@id":"https:\/\/agenciainfra.com\/blog\/instituto-da-frente-parlamentar-da-infraestrutura-e-contra-pec-da-escala-6x1\/#primaryimage"},"thumbnailUrl":"https:\/\/agenciainfra.com\/blog\/wp-content\/uploads\/2024\/08\/fachada-congresso-nacional-foto-rafa-neddermeyer-agencia-brasil.jpg","keywords":["escala 6x1","Frenlogi","IBL","Infraestrutura","log\u00edstica","Trabalho"],"articleSection":["Destaque lista"],"inLanguage":"pt-BR","copyrightYear":"2026","copyrightHolder":{"@id":"https:\/\/agenciainfra.com\/blog\/#organization"}},{"@type":"WebPage","@id":"https:\/\/agenciainfra.com\/blog\/instituto-da-frente-parlamentar-da-infraestrutura-e-contra-pec-da-escala-6x1\/","url":"https:\/\/agenciainfra.com\/blog\/instituto-da-frente-parlamentar-da-infraestrutura-e-contra-pec-da-escala-6x1\/","name":"Instituto da Frente Parlamentar da Infraestrutura \u00e9 contra PEC da Escala 6x1 - Ag\u00eancia iNFRA","isPartOf":{"@id":"https:\/\/agenciainfra.com\/blog\/#website"},"primaryImageOfPage":{"@id":"https:\/\/agenciainfra.com\/blog\/instituto-da-frente-parlamentar-da-infraestrutura-e-contra-pec-da-escala-6x1\/#primaryimage"},"image":{"@id":"https:\/\/agenciainfra.com\/blog\/instituto-da-frente-parlamentar-da-infraestrutura-e-contra-pec-da-escala-6x1\/#primaryimage"},"thumbnailUrl":"https:\/\/agenciainfra.com\/blog\/wp-content\/uploads\/2024\/08\/fachada-congresso-nacional-foto-rafa-neddermeyer-agencia-brasil.jpg","datePublished":"2026-09-01T12:26:33+00:00","dateModified":"2026-09-01T12:26:35+00:00","breadcrumb":{"@id":"https:\/\/agenciainfra.com\/blog\/instituto-da-frente-parlamentar-da-infraestrutura-e-contra-pec-da-escala-6x1\/#breadcrumb"},"inLanguage":"pt-BR","potentialAction":[{"@type":"ReadAction","target":["https:\/\/agenciainfra.com\/blog\/instituto-da-frente-parlamentar-da-infraestrutura-e-contra-pec-da-escala-6x1\/"]}]},{"@type":"ImageObject","inLanguage":"pt-BR","@id":"https:\/\/agenciainfra.com\/blog\/instituto-da-frente-parlamentar-da-infraestrutura-e-contra-pec-da-escala-6x1\/#primaryimage","url":"https:\/\/agenciainfra.com\/blog\/wp-content\/uploads\/2024\/08\/fachada-congresso-nacional-foto-rafa-neddermeyer-agencia-brasil.jpg","contentUrl":"https:\/\/agenciainfra.com\/blog\/wp-content\/uploads\/2024\/08\/fachada-congresso-nacional-foto-rafa-neddermeyer-agencia-brasil.jpg","width":1202,"height":768,"caption":"Foto: Rafa Neddermeyer\/Ag\u00eancia Brasil"},{"@type":"BreadcrumbList","@id":"https:\/\/agenciainfra.com\/blog\/instituto-da-frente-parlamentar-da-infraestrutura-e-contra-pec-da-escala-6x1\/#breadcrumb","itemListElement":[{"@type":"ListItem","position":1,"name":"In\u00edcio","item":"https:\/\/agenciainfra.com\/blog\/"},{"@type":"ListItem","position":2,"name":"Instituto da Frente Parlamentar da Infraestrutura \u00e9 contra PEC da Escala 6&#215;1"}]},{"@type":"WebSite","@id":"https:\/\/agenciainfra.com\/blog\/#website","url":"https:\/\/agenciainfra.com\/blog\/","name":"Ag\u00eancia iNFRA","description":"Multiplataforma de informa\u00e7\u00e3o jornal\u00edstica refer\u00eancia na \u00e1rea de infraestrutura no Brasil!","publisher":{"@id":"https:\/\/agenciainfra.com\/blog\/#organization"},"potentialAction":[{"@type":"SearchAction","target":{"@type":"EntryPoint","urlTemplate":"https:\/\/agenciainfra.com\/blog\/?s={search_term_string}"},"query-input":{"@type":"PropertyValueSpecification","valueRequired":true,"valueName":"search_term_string"}}],"inLanguage":"pt-BR"},{"@type":"Organization","@id":"https:\/\/agenciainfra.com\/blog\/#organization","name":"Ag\u00eancia iNFRA","url":"https:\/\/agenciainfra.com\/blog\/","logo":{"@type":"ImageObject","inLanguage":"pt-BR","@id":"https:\/\/agenciainfra.com\/blog\/#\/schema\/logo\/image\/","url":"https:\/\/agenciainfra.com\/blog\/wp-content\/uploads\/2023\/09\/iNFRA_5-e1761735885940.png","contentUrl":"https:\/\/agenciainfra.com\/blog\/wp-content\/uploads\/2023\/09\/iNFRA_5-e1761735885940.png","width":1672,"height":454,"caption":"Ag\u00eancia iNFRA"},"image":{"@id":"https:\/\/agenciainfra.com\/blog\/#\/schema\/logo\/image\/"},"sameAs":["https:\/\/www.facebook.com\/ageninfra","https:\/\/x.com\/agencia_infra","https:\/\/www.linkedin.com\/company\/ag\u00eanciainfra\/","https:\/\/www.instagram.com\/agenciainfra\/"]},{"@type":"Person","@id":"https:\/\/agenciainfra.com\/blog\/#\/schema\/person\/34af08dff6adea4cb22b06612ba7acfa","name":"Ag\u00eancia iNFRA","image":{"@type":"ImageObject","inLanguage":"pt-BR","@id":"https:\/\/secure.gravatar.com\/avatar\/d189e01678f06d8eb84d4e01f08eb848b3fffe3f8443818d3c356c66892f5be8?s=96&d=mm&r=g","url":"https:\/\/secure.gravatar.com\/avatar\/d189e01678f06d8eb84d4e01f08eb848b3fffe3f8443818d3c356c66892f5be8?s=96&d=mm&r=g","contentUrl":"https:\/\/secure.gravatar.com\/avatar\/d189e01678f06d8eb84d4e01f08eb848b3fffe3f8443818d3c356c66892f5be8?s=96&d=mm&r=g","caption":"Ag\u00eancia iNFRA"},"url":"https:\/\/agenciainfra.com\/blog\/author\/admin\/"}]}},"_links":{"self":[{"href":"https:\/\/agenciainfra.com\/blog\/wp-json\/wp\/v2\/posts\/46730","targetHints":{"allow":["GET"]}}],"collection":[{"href":"https:\/\/agenciainfra.com\/blog\/wp-json\/wp\/v2\/posts"}],"about":[{"href":"https:\/\/agenciainfra.com\/blog\/wp-json\/wp\/v2\/types\/post"}],"author":[{"embeddable":true,"href":"https:\/\/agenciainfra.com\/blog\/wp-json\/wp\/v2\/users\/1"}],"replies":[{"embeddable":true,"href":"https:\/\/agenciainfra.com\/blog\/wp-json\/wp\/v2\/comments?post=46730"}],"version-history":[{"count":1,"href":"https:\/\/agenciainfra.com\/blog\/wp-json\/wp\/v2\/posts\/46730\/revisions"}],"predecessor-version":[{"id":46733,"href":"https:\/\/agenciainfra.com\/blog\/wp-json\/wp\/v2\/posts\/46730\/revisions\/46733"}],"wp:featuredmedia":[{"embeddable":true,"href":"https:\/\/agenciainfra.com\/blog\/wp-json\/wp\/v2\/media\/18247"}],"wp:attachment":[{"href":"https:\/\/agenciainfra.com\/blog\/wp-json\/wp\/v2\/media?parent=46730"}],"wp:term":[{"taxonomy":"category","embeddable":true,"href":"https:\/\/agenciainfra.com\/blog\/wp-json\/wp\/v2\/categories?post=46730"},{"taxonomy":"post_tag","embeddable":true,"href":"https:\/\/agenciainfra.com\/blog\/wp-json\/wp\/v2\/tags?post=46730"}],"curies":[{"name":"wp","href":"https:\/\/api.w.org\/{rel}","templated":true}]}}