{"id":46741,"date":"2026-09-01T13:00:00","date_gmt":"2026-09-01T16:00:00","guid":{"rendered":"https:\/\/agenciainfra.com\/blog\/?p=46741"},"modified":"2026-09-01T13:15:32","modified_gmt":"2026-09-01T16:15:32","slug":"distribuidoras-e-telecom-querem-reverter-posteiro-obrigatorio-no-congresso","status":"publish","type":"post","link":"https:\/\/agenciainfra.com\/blog\/distribuidoras-e-telecom-querem-reverter-posteiro-obrigatorio-no-congresso\/","title":{"rendered":"Distribuidoras e Telecom querem reverter posteiro obrigat\u00f3rio no Congresso"},"content":{"rendered":"\n<p class=\"has-text-align-right\"><strong>Lais Carregosa, da Ag\u00eancia iNFRA*<\/strong><\/p>\n\n\n\n<figure class=\"wp-block-image aligncenter size-full is-resized\"><a href=\"https:\/\/agenciainfra.com\/blog\/assine-nossos-servicos\/\"><img fetchpriority=\"high\" decoding=\"async\" width=\"966\" height=\"117\" src=\"https:\/\/agenciainfra.com\/blog\/wp-content\/uploads\/2026\/01\/selo-assinantes-1.png\" alt=\"\" class=\"wp-image-35239\" style=\"width:400px\" srcset=\"https:\/\/agenciainfra.com\/blog\/wp-content\/uploads\/2026\/01\/selo-assinantes-1.png 966w, https:\/\/agenciainfra.com\/blog\/wp-content\/uploads\/2026\/01\/selo-assinantes-1-300x36.png 300w, https:\/\/agenciainfra.com\/blog\/wp-content\/uploads\/2026\/01\/selo-assinantes-1-768x93.png 768w\" sizes=\"(max-width: 966px) 100vw, 966px\" \/><\/a><\/figure>\n\n\n\n<p>As operadoras de telecomunica\u00e7\u00f5es e as distribuidoras de energia querem reverter a cess\u00e3o obrigat\u00f3ria da explora\u00e7\u00e3o comercial dos postes de ilumina\u00e7\u00e3o a terceiros por meio da aprova\u00e7\u00e3o do&nbsp;<a href=\"https:\/\/us.list-manage.com\/vqb8FkwtTrL?e=55b7a27fc9&amp;c2id=e9dfbcda5f02bd2f0f32ef4cdb38a4c7\" target=\"_blank\" rel=\"noreferrer noopener\">PL (Projeto de Lei) 3.220\/2019<\/a>, que tramita em regime de urg\u00eancia na C\u00e2mara dos Deputados. O texto passou pelo Senado em abril e, na C\u00e2mara, \u00e9 relatado pelo ex-ministro das Comunica\u00e7\u00f5es, Juscelino Filho (PSDB-MA).&nbsp;<br><br>O projeto estabelece que a ANEEL (Ag\u00eancia Nacional de Energia El\u00e9trica) pode determinar a cess\u00e3o obrigat\u00f3ria apenas nos casos de desempenho insatisfat\u00f3rio da concession\u00e1ria. Sem a aprova\u00e7\u00e3o do PL, o texto legal que rege o compartilhamento de postes \u00e9 o&nbsp;<a href=\"https:\/\/us.list-manage.com\/QL_rOuvrwBr?e=55b7a27fc9&amp;c2id=e9dfbcda5f02bd2f0f32ef4cdb38a4c7\" target=\"_blank\" rel=\"noreferrer noopener\">Decreto 12.068<\/a>, segundo o qual a cess\u00e3o \u00e9 compuls\u00f3ria.&nbsp;<br><br>Por isso, a Conexis, que representa as grandes operadoras de telecomunica\u00e7\u00f5es, pede que a ANEEL&nbsp;e a ANATEL (Ag\u00eancia Nacional de Telecomunica\u00e7\u00f5es) aguardem a aprova\u00e7\u00e3o do PL para seguir com a regulamenta\u00e7\u00e3o do tema.<br><br>\u201c\u00c9 ruim se a gente come\u00e7ar um processo de discuss\u00e3o de algo que pode mudar daqui a alguns meses. Ao inv\u00e9s de trazer seguran\u00e7a jur\u00eddica para os dois setores, acaba gerando processo de incerteza\u201d, disse o presidente da Conexis, Marcos Ferrari. Ele espera que o tema seja votado ainda neste ano, com ajustes na C\u00e2mara e an\u00e1lise final pelo Senado.<br><br>Agentes de distribui\u00e7\u00e3o tamb\u00e9m t\u00eam expectativa em rela\u00e7\u00e3o \u00e0 proposta do Congresso, que seria um texto acordado entre os dois setores, relataram interlocutores. A Abradee (Associa\u00e7\u00e3o Brasileira de Distribuidores de Energia), por exemplo, j\u00e1 se manifestou pela aprova\u00e7\u00e3o do PL sem altera\u00e7\u00f5es na C\u00e2mara.&nbsp;<br><br>No entanto, as ag\u00eancias de energia e de telecomunica\u00e7\u00f5es devem avan\u00e7ar no tema, com a inclus\u00e3o, na norma aprovada pela reguladora de energia, da obriga\u00e7\u00e3o de as distribuidoras cederem a explora\u00e7\u00e3o comercial da infraestrutura a empresas terceiras \u2013 conhecidas como \u201cposteiros\u201d. Fontes informaram \u00e0&nbsp;<strong>Ag\u00eancia iNFRA<\/strong> que o assunto pode ser pautado na pr\u00f3xima reuni\u00e3o de diretoria da ANEEL, em 8 de setembro.<br><br><strong>Acordo<\/strong><br>O diretor-geral da ANEEL, Sandoval Feitosa, mencionou o PL relatado pelo deputado Juscelino Filho em memorando no \u00faltimo dia 20, no qual informa que as duas ag\u00eancias haviam chegado a um consenso sobre a incorpora\u00e7\u00e3o do posteiro obrigat\u00f3rio na resolu\u00e7\u00e3o conjunta. Segundo Sandoval, embora haja discuss\u00f5es sobre o tema no Congresso, \u201cn\u00e3o \u00e9 poss\u00edvel antever quando ser\u00e3o conclu\u00eddas\u201d. Por isso, considera necess\u00e1rio avan\u00e7ar com a regulamenta\u00e7\u00e3o.<br><br>Conforme nota t\u00e9cnica da ANEEL, h\u00e1 dois caminhos para chegar \u00e0 norma conjunta: 1) ajustar os dois textos aprovados pelas ag\u00eancias, em 2023 e 2025, incorporando a cess\u00e3o obrigat\u00f3ria \u00e0 norma da ANEEL e os demais pontos consensuados \u00e0 norma da ANATEL; 2) ou a reguladora de energia aderir ao texto de telecom, com a edi\u00e7\u00e3o de uma segunda norma conjunta para tratar dos demais pontos.<br><br>Dentro das pr\u00f3prias ag\u00eancias, ainda n\u00e3o est\u00e1 claro qual o caminho a ser adotado e se a norma a ser aprovada pela ANEEL deve voltar \u00e0 ANATEL para delibera\u00e7\u00e3o.&nbsp;<br><br>\u00c0&nbsp;<strong>Ag\u00eancia iNFRA<\/strong>, agentes de distribui\u00e7\u00e3o relataram preocupa\u00e7\u00e3o com a falta de previs\u00e3o de consulta p\u00fablica para os demais pontos que devem ser tratados na atualiza\u00e7\u00e3o da norma de compartilhamento ou em uma segunda resolu\u00e7\u00e3o conjunta, a depender do caminho que as ag\u00eancias optem por seguir. O processo competitivo para as empresas interessadas em atuar como posteiros e como ser\u00e3o tratadas as \u00e1reas sem atratividade econ\u00f4mica s\u00e3o temas que ainda precisam ser discutidos, defendem.<br><br><strong>Pre\u00e7o do poste<\/strong><br>Somente ap\u00f3s a regulamenta\u00e7\u00e3o do chamamento p\u00fablico, a ANEEL e a ANATEL devem abrir consulta p\u00fablica para regular o pre\u00e7o do ponto de fixa\u00e7\u00e3o dos cabos de telecomunica\u00e7\u00f5es nos postes. Para o presidente da Telcomp, Luiz Henrique Barbosa, o pre\u00e7o \u00e9 a quest\u00e3o mais importante relacionada ao uso da infraestrutura.<br><br>\u201cSobre o posteiro, n\u00f3s somos indiferentes. O que a gente precisa \u00e9 ter um agente respons\u00e1vel por fazer a fiscaliza\u00e7\u00e3o e o cuidado, a zeladoria dos postes, sejam as distribuidoras ou empresas terceiras&#8221;, disse \u00e0&nbsp;<strong>Ag\u00eancia iNFRA<\/strong>. A Telcomp representa as operadoras m\u00e9dias e empresas de infraestrutura de telecomunica\u00e7\u00f5es.<br><br>Luiz Henrique destaca que \u00e9 preciso uma regra de transi\u00e7\u00e3o at\u00e9 o estabelecimento de um novo modelo de custos pelas reguladoras. Ele defende a aplica\u00e7\u00e3o do pre\u00e7o de refer\u00eancia para todos os contratos de uso da infraestrutura. Hoje, o pre\u00e7o \u00e9 R$ 3,19 por m\u00eas, mas o valor real cobrado das empresas varia entre R$ 3,19 e R$ 38,13, segundo&nbsp;<a href=\"https:\/\/us.list-manage.com\/cOwz3ZOuxoR?e=55b7a27fc9&amp;c2id=e9dfbcda5f02bd2f0f32ef4cdb38a4c7\" target=\"_blank\" rel=\"noreferrer noopener\">levantamento<\/a>&nbsp;da ANATEL.<br><br>\u201cEssa discuss\u00e3o de modelo de custos \u00e9 uma discuss\u00e3o super complexa que vai demorar muito tempo. As ag\u00eancias t\u00eam vis\u00f5es diferentes. Ent\u00e3o, nosso pleito \u00e9 que se aplique imediatamente para todos os contratos o pre\u00e7o de refer\u00eancia.\u201d<br><br><strong>*Colaborou Marisa Wanzeller<\/strong><\/p>\n","protected":false},"excerpt":{"rendered":"<p>Lais Carregosa, da Ag\u00eancia iNFRA* As operadoras de telecomunica\u00e7\u00f5es e as distribuidoras de energia querem reverter a cess\u00e3o obrigat\u00f3ria da explora\u00e7\u00e3o comercial dos postes de ilumina\u00e7\u00e3o a terceiros por meio da aprova\u00e7\u00e3o do&nbsp;PL (Projeto de Lei) 3.220\/2019, que tramita em regime de urg\u00eancia na C\u00e2mara dos Deputados. O texto passou pelo Senado em abril e, [&hellip;]<\/p>\n","protected":false},"author":1,"featured_media":8825,"comment_status":"closed","ping_status":"closed","sticky":false,"template":"","format":"standard","meta":{"_monsterinsights_skip_tracking":false,"_monsterinsights_sitenote_active":false,"_monsterinsights_sitenote_note":"","_monsterinsights_sitenote_category":0,"footnotes":""},"categories":[7249],"tags":[494,353,2234,53,10879,10294,13132,7366,13830,21650,10922,54,2644],"class_list":["post-46741","post","type-post","status-publish","format-standard","has-post-thumbnail","hentry","category-destaque","tag-abradee","tag-agu","tag-anatel","tag-aneel","tag-compartilhamento-de-postes","tag-decreto-12-068-2024","tag-lais-carregosa","tag-marisa-wanzeller","tag-pl-3-220-2019","tag-posteiro-obrigatorio","tag-postes","tag-setor-eletrico","tag-telecom"],"yoast_head":"<!-- This site is optimized with the Yoast SEO Premium plugin v25.4 (Yoast SEO v28.2) - https:\/\/yoast.com\/product\/yoast-seo-premium-wordpress\/ -->\n<title>Distribuidoras e Telecom querem reverter posteiro obrigat\u00f3rio no Congresso - Ag\u00eancia iNFRA<\/title>\n<meta name=\"robots\" content=\"index, follow, max-snippet:-1, max-image-preview:large, max-video-preview:-1\" \/>\n<link rel=\"canonical\" href=\"https:\/\/agenciainfra.com\/blog\/distribuidoras-e-telecom-querem-reverter-posteiro-obrigatorio-no-congresso\/\" \/>\n<meta property=\"og:locale\" content=\"pt_BR\" \/>\n<meta property=\"og:type\" content=\"article\" \/>\n<meta property=\"og:title\" content=\"Distribuidoras e Telecom querem reverter posteiro obrigat\u00f3rio no Congresso\" \/>\n<meta property=\"og:description\" content=\"Lais Carregosa, da Ag\u00eancia iNFRA* As operadoras de telecomunica\u00e7\u00f5es e as distribuidoras de energia querem reverter a cess\u00e3o obrigat\u00f3ria da explora\u00e7\u00e3o comercial dos postes de ilumina\u00e7\u00e3o a terceiros por meio da aprova\u00e7\u00e3o do&nbsp;PL (Projeto de Lei) 3.220\/2019, que tramita em regime de urg\u00eancia na C\u00e2mara dos Deputados. O texto passou pelo Senado em abril e, [&hellip;]\" \/>\n<meta property=\"og:url\" content=\"https:\/\/agenciainfra.com\/blog\/distribuidoras-e-telecom-querem-reverter-posteiro-obrigatorio-no-congresso\/\" \/>\n<meta property=\"og:site_name\" content=\"Ag\u00eancia iNFRA\" \/>\n<meta property=\"article:publisher\" content=\"https:\/\/www.facebook.com\/ageninfra\" \/>\n<meta property=\"article:published_time\" content=\"2026-09-01T16:00:00+00:00\" \/>\n<meta property=\"article:modified_time\" content=\"2026-09-01T16:15:32+00:00\" \/>\n<meta property=\"og:image\" content=\"https:\/\/agenciainfra.com\/blog\/wp-content\/uploads\/2021\/11\/poste-foto-jonas-ferlin-e1749831075540.jpg\" \/>\n\t<meta property=\"og:image:width\" content=\"1280\" \/>\n\t<meta property=\"og:image:height\" content=\"776\" \/>\n\t<meta property=\"og:image:type\" content=\"image\/jpeg\" \/>\n<meta name=\"author\" content=\"Ag\u00eancia iNFRA\" \/>\n<meta name=\"twitter:card\" content=\"summary_large_image\" \/>\n<meta name=\"twitter:creator\" content=\"@agencia_infra\" \/>\n<meta name=\"twitter:site\" content=\"@agencia_infra\" \/>\n<meta name=\"twitter:label1\" content=\"Escrito por\" \/>\n\t<meta name=\"twitter:data1\" content=\"Ag\u00eancia iNFRA\" \/>\n\t<meta name=\"twitter:label2\" content=\"Est. tempo de leitura\" \/>\n\t<meta name=\"twitter:data2\" content=\"4 minutos\" \/>\n<script type=\"application\/ld+json\" class=\"yoast-schema-graph\">{\"@context\":\"https:\\\/\\\/schema.org\",\"@graph\":[{\"@type\":\"Article\",\"@id\":\"https:\\\/\\\/agenciainfra.com\\\/blog\\\/distribuidoras-e-telecom-querem-reverter-posteiro-obrigatorio-no-congresso\\\/#article\",\"isPartOf\":{\"@id\":\"https:\\\/\\\/agenciainfra.com\\\/blog\\\/distribuidoras-e-telecom-querem-reverter-posteiro-obrigatorio-no-congresso\\\/\"},\"author\":{\"name\":\"Ag\u00eancia iNFRA\",\"@id\":\"https:\\\/\\\/agenciainfra.com\\\/blog\\\/#\\\/schema\\\/person\\\/34af08dff6adea4cb22b06612ba7acfa\"},\"headline\":\"Distribuidoras e Telecom querem reverter posteiro obrigat\u00f3rio no Congresso\",\"datePublished\":\"2026-09-01T16:00:00+00:00\",\"dateModified\":\"2026-09-01T16:15:32+00:00\",\"mainEntityOfPage\":{\"@id\":\"https:\\\/\\\/agenciainfra.com\\\/blog\\\/distribuidoras-e-telecom-querem-reverter-posteiro-obrigatorio-no-congresso\\\/\"},\"wordCount\":860,\"publisher\":{\"@id\":\"https:\\\/\\\/agenciainfra.com\\\/blog\\\/#organization\"},\"image\":{\"@id\":\"https:\\\/\\\/agenciainfra.com\\\/blog\\\/distribuidoras-e-telecom-querem-reverter-posteiro-obrigatorio-no-congresso\\\/#primaryimage\"},\"thumbnailUrl\":\"https:\\\/\\\/agenciainfra.com\\\/blog\\\/wp-content\\\/uploads\\\/2021\\\/11\\\/poste-foto-jonas-ferlin-e1749831075540.jpg\",\"keywords\":[\"Abradee\",\"AGU\",\"Anatel\",\"ANEEL\",\"Compartilhamento de postes\",\"Decreto 12.068\\\/2024\",\"Lais Carregosa\",\"Marisa Wanzeller\",\"pl 3.220\\\/2019\",\"posteiro obrigat\u00f3rio\",\"Postes\",\"Setor El\u00e9trico\",\"telecom\"],\"articleSection\":[\"Destaque\"],\"inLanguage\":\"pt-BR\",\"copyrightYear\":\"2026\",\"copyrightHolder\":{\"@id\":\"https:\\\/\\\/agenciainfra.com\\\/blog\\\/#organization\"}},{\"@type\":\"WebPage\",\"@id\":\"https:\\\/\\\/agenciainfra.com\\\/blog\\\/distribuidoras-e-telecom-querem-reverter-posteiro-obrigatorio-no-congresso\\\/\",\"url\":\"https:\\\/\\\/agenciainfra.com\\\/blog\\\/distribuidoras-e-telecom-querem-reverter-posteiro-obrigatorio-no-congresso\\\/\",\"name\":\"Distribuidoras e Telecom querem reverter posteiro obrigat\u00f3rio no Congresso - Ag\u00eancia iNFRA\",\"isPartOf\":{\"@id\":\"https:\\\/\\\/agenciainfra.com\\\/blog\\\/#website\"},\"primaryImageOfPage\":{\"@id\":\"https:\\\/\\\/agenciainfra.com\\\/blog\\\/distribuidoras-e-telecom-querem-reverter-posteiro-obrigatorio-no-congresso\\\/#primaryimage\"},\"image\":{\"@id\":\"https:\\\/\\\/agenciainfra.com\\\/blog\\\/distribuidoras-e-telecom-querem-reverter-posteiro-obrigatorio-no-congresso\\\/#primaryimage\"},\"thumbnailUrl\":\"https:\\\/\\\/agenciainfra.com\\\/blog\\\/wp-content\\\/uploads\\\/2021\\\/11\\\/poste-foto-jonas-ferlin-e1749831075540.jpg\",\"datePublished\":\"2026-09-01T16:00:00+00:00\",\"dateModified\":\"2026-09-01T16:15:32+00:00\",\"breadcrumb\":{\"@id\":\"https:\\\/\\\/agenciainfra.com\\\/blog\\\/distribuidoras-e-telecom-querem-reverter-posteiro-obrigatorio-no-congresso\\\/#breadcrumb\"},\"inLanguage\":\"pt-BR\",\"potentialAction\":[{\"@type\":\"ReadAction\",\"target\":[\"https:\\\/\\\/agenciainfra.com\\\/blog\\\/distribuidoras-e-telecom-querem-reverter-posteiro-obrigatorio-no-congresso\\\/\"]}]},{\"@type\":\"ImageObject\",\"inLanguage\":\"pt-BR\",\"@id\":\"https:\\\/\\\/agenciainfra.com\\\/blog\\\/distribuidoras-e-telecom-querem-reverter-posteiro-obrigatorio-no-congresso\\\/#primaryimage\",\"url\":\"https:\\\/\\\/agenciainfra.com\\\/blog\\\/wp-content\\\/uploads\\\/2021\\\/11\\\/poste-foto-jonas-ferlin-e1749831075540.jpg\",\"contentUrl\":\"https:\\\/\\\/agenciainfra.com\\\/blog\\\/wp-content\\\/uploads\\\/2021\\\/11\\\/poste-foto-jonas-ferlin-e1749831075540.jpg\",\"width\":1280,\"height\":776,\"caption\":\"Foto: Jonas Ferlin\\\/Pexels\"},{\"@type\":\"BreadcrumbList\",\"@id\":\"https:\\\/\\\/agenciainfra.com\\\/blog\\\/distribuidoras-e-telecom-querem-reverter-posteiro-obrigatorio-no-congresso\\\/#breadcrumb\",\"itemListElement\":[{\"@type\":\"ListItem\",\"position\":1,\"name\":\"In\u00edcio\",\"item\":\"https:\\\/\\\/agenciainfra.com\\\/blog\\\/\"},{\"@type\":\"ListItem\",\"position\":2,\"name\":\"Distribuidoras e Telecom querem reverter posteiro obrigat\u00f3rio no Congresso\"}]},{\"@type\":\"WebSite\",\"@id\":\"https:\\\/\\\/agenciainfra.com\\\/blog\\\/#website\",\"url\":\"https:\\\/\\\/agenciainfra.com\\\/blog\\\/\",\"name\":\"Ag\u00eancia iNFRA\",\"description\":\"Multiplataforma de informa\u00e7\u00e3o jornal\u00edstica refer\u00eancia na \u00e1rea de infraestrutura no Brasil!\",\"publisher\":{\"@id\":\"https:\\\/\\\/agenciainfra.com\\\/blog\\\/#organization\"},\"potentialAction\":[{\"@type\":\"SearchAction\",\"target\":{\"@type\":\"EntryPoint\",\"urlTemplate\":\"https:\\\/\\\/agenciainfra.com\\\/blog\\\/?s={search_term_string}\"},\"query-input\":{\"@type\":\"PropertyValueSpecification\",\"valueRequired\":true,\"valueName\":\"search_term_string\"}}],\"inLanguage\":\"pt-BR\"},{\"@type\":\"Organization\",\"@id\":\"https:\\\/\\\/agenciainfra.com\\\/blog\\\/#organization\",\"name\":\"Ag\u00eancia iNFRA\",\"url\":\"https:\\\/\\\/agenciainfra.com\\\/blog\\\/\",\"logo\":{\"@type\":\"ImageObject\",\"inLanguage\":\"pt-BR\",\"@id\":\"https:\\\/\\\/agenciainfra.com\\\/blog\\\/#\\\/schema\\\/logo\\\/image\\\/\",\"url\":\"https:\\\/\\\/agenciainfra.com\\\/blog\\\/wp-content\\\/uploads\\\/2023\\\/09\\\/iNFRA_5-e1761735885940.png\",\"contentUrl\":\"https:\\\/\\\/agenciainfra.com\\\/blog\\\/wp-content\\\/uploads\\\/2023\\\/09\\\/iNFRA_5-e1761735885940.png\",\"width\":1672,\"height\":454,\"caption\":\"Ag\u00eancia iNFRA\"},\"image\":{\"@id\":\"https:\\\/\\\/agenciainfra.com\\\/blog\\\/#\\\/schema\\\/logo\\\/image\\\/\"},\"sameAs\":[\"https:\\\/\\\/www.facebook.com\\\/ageninfra\",\"https:\\\/\\\/x.com\\\/agencia_infra\",\"https:\\\/\\\/www.linkedin.com\\\/company\\\/ag\u00eanciainfra\\\/\",\"https:\\\/\\\/www.instagram.com\\\/agenciainfra\\\/\"]},{\"@type\":\"Person\",\"@id\":\"https:\\\/\\\/agenciainfra.com\\\/blog\\\/#\\\/schema\\\/person\\\/34af08dff6adea4cb22b06612ba7acfa\",\"name\":\"Ag\u00eancia iNFRA\",\"image\":{\"@type\":\"ImageObject\",\"inLanguage\":\"pt-BR\",\"@id\":\"https:\\\/\\\/secure.gravatar.com\\\/avatar\\\/d189e01678f06d8eb84d4e01f08eb848b3fffe3f8443818d3c356c66892f5be8?s=96&d=mm&r=g\",\"url\":\"https:\\\/\\\/secure.gravatar.com\\\/avatar\\\/d189e01678f06d8eb84d4e01f08eb848b3fffe3f8443818d3c356c66892f5be8?s=96&d=mm&r=g\",\"contentUrl\":\"https:\\\/\\\/secure.gravatar.com\\\/avatar\\\/d189e01678f06d8eb84d4e01f08eb848b3fffe3f8443818d3c356c66892f5be8?s=96&d=mm&r=g\",\"caption\":\"Ag\u00eancia iNFRA\"},\"url\":\"https:\\\/\\\/agenciainfra.com\\\/blog\\\/author\\\/admin\\\/\"}]}<\/script>\n<!-- \/ Yoast SEO Premium plugin. -->","yoast_head_json":{"title":"Distribuidoras e Telecom querem reverter posteiro obrigat\u00f3rio no Congresso - Ag\u00eancia iNFRA","robots":{"index":"index","follow":"follow","max-snippet":"max-snippet:-1","max-image-preview":"max-image-preview:large","max-video-preview":"max-video-preview:-1"},"canonical":"https:\/\/agenciainfra.com\/blog\/distribuidoras-e-telecom-querem-reverter-posteiro-obrigatorio-no-congresso\/","og_locale":"pt_BR","og_type":"article","og_title":"Distribuidoras e Telecom querem reverter posteiro obrigat\u00f3rio no Congresso","og_description":"Lais Carregosa, da Ag\u00eancia iNFRA* As operadoras de telecomunica\u00e7\u00f5es e as distribuidoras de energia querem reverter a cess\u00e3o obrigat\u00f3ria da explora\u00e7\u00e3o comercial dos postes de ilumina\u00e7\u00e3o a terceiros por meio da aprova\u00e7\u00e3o do&nbsp;PL (Projeto de Lei) 3.220\/2019, que tramita em regime de urg\u00eancia na C\u00e2mara dos Deputados. O texto passou pelo Senado em abril e, [&hellip;]","og_url":"https:\/\/agenciainfra.com\/blog\/distribuidoras-e-telecom-querem-reverter-posteiro-obrigatorio-no-congresso\/","og_site_name":"Ag\u00eancia iNFRA","article_publisher":"https:\/\/www.facebook.com\/ageninfra","article_published_time":"2026-09-01T16:00:00+00:00","article_modified_time":"2026-09-01T16:15:32+00:00","og_image":[{"width":1280,"height":776,"url":"https:\/\/agenciainfra.com\/blog\/wp-content\/uploads\/2021\/11\/poste-foto-jonas-ferlin-e1749831075540.jpg","type":"image\/jpeg"}],"author":"Ag\u00eancia iNFRA","twitter_card":"summary_large_image","twitter_creator":"@agencia_infra","twitter_site":"@agencia_infra","twitter_misc":{"Escrito por":"Ag\u00eancia iNFRA","Est. tempo de leitura":"4 minutos"},"schema":{"@context":"https:\/\/schema.org","@graph":[{"@type":"Article","@id":"https:\/\/agenciainfra.com\/blog\/distribuidoras-e-telecom-querem-reverter-posteiro-obrigatorio-no-congresso\/#article","isPartOf":{"@id":"https:\/\/agenciainfra.com\/blog\/distribuidoras-e-telecom-querem-reverter-posteiro-obrigatorio-no-congresso\/"},"author":{"name":"Ag\u00eancia iNFRA","@id":"https:\/\/agenciainfra.com\/blog\/#\/schema\/person\/34af08dff6adea4cb22b06612ba7acfa"},"headline":"Distribuidoras e Telecom querem reverter posteiro obrigat\u00f3rio no Congresso","datePublished":"2026-09-01T16:00:00+00:00","dateModified":"2026-09-01T16:15:32+00:00","mainEntityOfPage":{"@id":"https:\/\/agenciainfra.com\/blog\/distribuidoras-e-telecom-querem-reverter-posteiro-obrigatorio-no-congresso\/"},"wordCount":860,"publisher":{"@id":"https:\/\/agenciainfra.com\/blog\/#organization"},"image":{"@id":"https:\/\/agenciainfra.com\/blog\/distribuidoras-e-telecom-querem-reverter-posteiro-obrigatorio-no-congresso\/#primaryimage"},"thumbnailUrl":"https:\/\/agenciainfra.com\/blog\/wp-content\/uploads\/2021\/11\/poste-foto-jonas-ferlin-e1749831075540.jpg","keywords":["Abradee","AGU","Anatel","ANEEL","Compartilhamento de postes","Decreto 12.068\/2024","Lais Carregosa","Marisa Wanzeller","pl 3.220\/2019","posteiro obrigat\u00f3rio","Postes","Setor El\u00e9trico","telecom"],"articleSection":["Destaque"],"inLanguage":"pt-BR","copyrightYear":"2026","copyrightHolder":{"@id":"https:\/\/agenciainfra.com\/blog\/#organization"}},{"@type":"WebPage","@id":"https:\/\/agenciainfra.com\/blog\/distribuidoras-e-telecom-querem-reverter-posteiro-obrigatorio-no-congresso\/","url":"https:\/\/agenciainfra.com\/blog\/distribuidoras-e-telecom-querem-reverter-posteiro-obrigatorio-no-congresso\/","name":"Distribuidoras e Telecom querem reverter posteiro obrigat\u00f3rio no Congresso - Ag\u00eancia iNFRA","isPartOf":{"@id":"https:\/\/agenciainfra.com\/blog\/#website"},"primaryImageOfPage":{"@id":"https:\/\/agenciainfra.com\/blog\/distribuidoras-e-telecom-querem-reverter-posteiro-obrigatorio-no-congresso\/#primaryimage"},"image":{"@id":"https:\/\/agenciainfra.com\/blog\/distribuidoras-e-telecom-querem-reverter-posteiro-obrigatorio-no-congresso\/#primaryimage"},"thumbnailUrl":"https:\/\/agenciainfra.com\/blog\/wp-content\/uploads\/2021\/11\/poste-foto-jonas-ferlin-e1749831075540.jpg","datePublished":"2026-09-01T16:00:00+00:00","dateModified":"2026-09-01T16:15:32+00:00","breadcrumb":{"@id":"https:\/\/agenciainfra.com\/blog\/distribuidoras-e-telecom-querem-reverter-posteiro-obrigatorio-no-congresso\/#breadcrumb"},"inLanguage":"pt-BR","potentialAction":[{"@type":"ReadAction","target":["https:\/\/agenciainfra.com\/blog\/distribuidoras-e-telecom-querem-reverter-posteiro-obrigatorio-no-congresso\/"]}]},{"@type":"ImageObject","inLanguage":"pt-BR","@id":"https:\/\/agenciainfra.com\/blog\/distribuidoras-e-telecom-querem-reverter-posteiro-obrigatorio-no-congresso\/#primaryimage","url":"https:\/\/agenciainfra.com\/blog\/wp-content\/uploads\/2021\/11\/poste-foto-jonas-ferlin-e1749831075540.jpg","contentUrl":"https:\/\/agenciainfra.com\/blog\/wp-content\/uploads\/2021\/11\/poste-foto-jonas-ferlin-e1749831075540.jpg","width":1280,"height":776,"caption":"Foto: Jonas Ferlin\/Pexels"},{"@type":"BreadcrumbList","@id":"https:\/\/agenciainfra.com\/blog\/distribuidoras-e-telecom-querem-reverter-posteiro-obrigatorio-no-congresso\/#breadcrumb","itemListElement":[{"@type":"ListItem","position":1,"name":"In\u00edcio","item":"https:\/\/agenciainfra.com\/blog\/"},{"@type":"ListItem","position":2,"name":"Distribuidoras e Telecom querem reverter posteiro obrigat\u00f3rio no Congresso"}]},{"@type":"WebSite","@id":"https:\/\/agenciainfra.com\/blog\/#website","url":"https:\/\/agenciainfra.com\/blog\/","name":"Ag\u00eancia iNFRA","description":"Multiplataforma de informa\u00e7\u00e3o jornal\u00edstica refer\u00eancia na \u00e1rea de infraestrutura no Brasil!","publisher":{"@id":"https:\/\/agenciainfra.com\/blog\/#organization"},"potentialAction":[{"@type":"SearchAction","target":{"@type":"EntryPoint","urlTemplate":"https:\/\/agenciainfra.com\/blog\/?s={search_term_string}"},"query-input":{"@type":"PropertyValueSpecification","valueRequired":true,"valueName":"search_term_string"}}],"inLanguage":"pt-BR"},{"@type":"Organization","@id":"https:\/\/agenciainfra.com\/blog\/#organization","name":"Ag\u00eancia iNFRA","url":"https:\/\/agenciainfra.com\/blog\/","logo":{"@type":"ImageObject","inLanguage":"pt-BR","@id":"https:\/\/agenciainfra.com\/blog\/#\/schema\/logo\/image\/","url":"https:\/\/agenciainfra.com\/blog\/wp-content\/uploads\/2023\/09\/iNFRA_5-e1761735885940.png","contentUrl":"https:\/\/agenciainfra.com\/blog\/wp-content\/uploads\/2023\/09\/iNFRA_5-e1761735885940.png","width":1672,"height":454,"caption":"Ag\u00eancia iNFRA"},"image":{"@id":"https:\/\/agenciainfra.com\/blog\/#\/schema\/logo\/image\/"},"sameAs":["https:\/\/www.facebook.com\/ageninfra","https:\/\/x.com\/agencia_infra","https:\/\/www.linkedin.com\/company\/ag\u00eanciainfra\/","https:\/\/www.instagram.com\/agenciainfra\/"]},{"@type":"Person","@id":"https:\/\/agenciainfra.com\/blog\/#\/schema\/person\/34af08dff6adea4cb22b06612ba7acfa","name":"Ag\u00eancia iNFRA","image":{"@type":"ImageObject","inLanguage":"pt-BR","@id":"https:\/\/secure.gravatar.com\/avatar\/d189e01678f06d8eb84d4e01f08eb848b3fffe3f8443818d3c356c66892f5be8?s=96&d=mm&r=g","url":"https:\/\/secure.gravatar.com\/avatar\/d189e01678f06d8eb84d4e01f08eb848b3fffe3f8443818d3c356c66892f5be8?s=96&d=mm&r=g","contentUrl":"https:\/\/secure.gravatar.com\/avatar\/d189e01678f06d8eb84d4e01f08eb848b3fffe3f8443818d3c356c66892f5be8?s=96&d=mm&r=g","caption":"Ag\u00eancia iNFRA"},"url":"https:\/\/agenciainfra.com\/blog\/author\/admin\/"}]}},"_links":{"self":[{"href":"https:\/\/agenciainfra.com\/blog\/wp-json\/wp\/v2\/posts\/46741","targetHints":{"allow":["GET"]}}],"collection":[{"href":"https:\/\/agenciainfra.com\/blog\/wp-json\/wp\/v2\/posts"}],"about":[{"href":"https:\/\/agenciainfra.com\/blog\/wp-json\/wp\/v2\/types\/post"}],"author":[{"embeddable":true,"href":"https:\/\/agenciainfra.com\/blog\/wp-json\/wp\/v2\/users\/1"}],"replies":[{"embeddable":true,"href":"https:\/\/agenciainfra.com\/blog\/wp-json\/wp\/v2\/comments?post=46741"}],"version-history":[{"count":2,"href":"https:\/\/agenciainfra.com\/blog\/wp-json\/wp\/v2\/posts\/46741\/revisions"}],"predecessor-version":[{"id":46759,"href":"https:\/\/agenciainfra.com\/blog\/wp-json\/wp\/v2\/posts\/46741\/revisions\/46759"}],"wp:featuredmedia":[{"embeddable":true,"href":"https:\/\/agenciainfra.com\/blog\/wp-json\/wp\/v2\/media\/8825"}],"wp:attachment":[{"href":"https:\/\/agenciainfra.com\/blog\/wp-json\/wp\/v2\/media?parent=46741"}],"wp:term":[{"taxonomy":"category","embeddable":true,"href":"https:\/\/agenciainfra.com\/blog\/wp-json\/wp\/v2\/categories?post=46741"},{"taxonomy":"post_tag","embeddable":true,"href":"https:\/\/agenciainfra.com\/blog\/wp-json\/wp\/v2\/tags?post=46741"}],"curies":[{"name":"wp","href":"https:\/\/api.w.org\/{rel}","templated":true}]}}