{"id":46744,"date":"2026-09-02T10:00:00","date_gmt":"2026-09-02T13:00:00","guid":{"rendered":"https:\/\/agenciainfra.com\/blog\/?p=46744"},"modified":"2026-09-02T10:28:36","modified_gmt":"2026-09-02T13:28:36","slug":"projeto-da-ef-118-tem-debate-sobre-conceito-de-ppp-e-concessao-com-aporte","status":"publish","type":"post","link":"https:\/\/agenciainfra.com\/blog\/projeto-da-ef-118-tem-debate-sobre-conceito-de-ppp-e-concessao-com-aporte\/","title":{"rendered":"Projeto da EF-118 tem debate sobre conceito de PPP e concess\u00e3o com aporte"},"content":{"rendered":"\n<p class=\"has-text-align-right\"><strong>da Ag\u00eancia iNFRA<\/strong><\/p>\n\n\n\n<figure class=\"wp-block-image aligncenter size-full is-resized\"><a href=\"https:\/\/agenciainfra.com\/blog\/assine-nossos-servicos\/\"><img fetchpriority=\"high\" decoding=\"async\" width=\"966\" height=\"117\" src=\"https:\/\/agenciainfra.com\/blog\/wp-content\/uploads\/2026\/01\/selo-assinantes-1.png\" alt=\"\" class=\"wp-image-35239\" style=\"width:400px\" srcset=\"https:\/\/agenciainfra.com\/blog\/wp-content\/uploads\/2026\/01\/selo-assinantes-1.png 966w, https:\/\/agenciainfra.com\/blog\/wp-content\/uploads\/2026\/01\/selo-assinantes-1-300x36.png 300w, https:\/\/agenciainfra.com\/blog\/wp-content\/uploads\/2026\/01\/selo-assinantes-1-768x93.png 768w\" sizes=\"(max-width: 966px) 100vw, 966px\" \/><\/a><\/figure>\n\n\n\n<p>O processo da EF-118 ainda ser\u00e1 julgado pelo plen\u00e1rio do TCU (Tribunal de Contas da Uni\u00e3o), mas, durante a instru\u00e7\u00e3o feita pela \u00e1rea t\u00e9cnica, houve um debate sobre se esse projeto poderia ser considerado uma PPP (Parceria P\u00fablico-Privada) ou uma concess\u00e3o com aporte, como defende o governo.\u00a0<br><br>Na documenta\u00e7\u00e3o enviada \u00e0 corte de contas, uma das bases de defesa do governo foi um parecer escrito pela C\u00e2mara Nacional de Infraestrutura e Regula\u00e7\u00e3o da AGU (Advocacia-Geral da Uni\u00e3o).<br><br>A conclus\u00e3o do grupo de advogados p\u00fablicos \u00e9 de que o aporte projetado para as concess\u00f5es ferrovi\u00e1rias n\u00e3o pode ser confundido com a contrapresta\u00e7\u00e3o devida em PPPs por uma s\u00e9rie de raz\u00f5es. A primeira \u00e9 que, nas PPPs, o recurso pago pelo poder p\u00fablico \u00e9 complementar (concess\u00e3o patrocinada) ou substitui a tarifa, valor que remunera tanto as despesas de opera\u00e7\u00e3o como o Capex.\u00a0<br><br>J\u00e1 o dinheiro previsto para ser aportado nas concess\u00f5es de ferrovias tem como objetivo exclusivo o de preencher o gap de viabilidade de implanta\u00e7\u00e3o da ferrovia e n\u00e3o deve custear o Opex da malha, sendo dedicado ainda a investimentos em bens revers\u00edveis.\u00a0<br><br>\u201cO aporte de recursos destina-se exclusivamente ao pagamento ao parceiro privado por investimentos vinculados a bens revers\u00edveis, tendo por isso natureza de despesa de capital, tratando-se de uma forma de amortizar antecipadamente tais despesas [\u2026] Em resumo, conclu\u00edmos que o elemento que caracteriza a concess\u00e3o como patrocinada e a distingue da concess\u00e3o comum \u00e9 a subven\u00e7\u00e3o econ\u00f4mica materializada nas contrapresta\u00e7\u00f5es p\u00fablicas que complementam as tarifas cobradas dos usu\u00e1rios e n\u00e3o eventual aporte para amortiza\u00e7\u00e3o de investimentos\u201d, diz o parecer obtido pela\u00a0<strong>Ag\u00eancia iNFRA<\/strong>.\u00a0<br><br>O grupo da AGU tamb\u00e9m rebate o argumento de que o aporte de recursos em concess\u00f5es comuns demandaria autoriza\u00e7\u00e3o legal pr\u00e9via. A alega\u00e7\u00e3o de que esse aval seria necess\u00e1rio vem da leitura de um artigo da lei de 1995 sobre concess\u00f5es, segundo o qual deve ser desclassificada proposta que, para sua viabiliza\u00e7\u00e3o, necessite de vantagens ou subs\u00eddios que n\u00e3o estejam previamente autorizados em lei e \u00e0 disposi\u00e7\u00e3o de todos os concorrentes.\u00a0<br><br>O parecer argumenta que o objetivo desta norma \u00e9 o de evitar que um licitante ven\u00e7a a concorr\u00eancia com base em algum benef\u00edcio exclusivo ou oculto, prejudicando assim a aloca\u00e7\u00e3o eficiente de recursos. J\u00e1 o aporte requer que o concession\u00e1rio cumpra a sua obriga\u00e7\u00e3o contratual de realizar os investimentos correspondentes, n\u00e3o podendo ser equiparado a um subs\u00eddio.\u00a0<br><br><strong>PL das Concess\u00f5es e PPPs<\/strong><br>O grupo de juristas ainda defende que o fato de a lei das concess\u00f5es n\u00e3o prever expressamente a possibilidade de aporte n\u00e3o impede que os editais prevejam esse instrumento. O documento lembra que h\u00e1 diversos mecanismos contratuais aceitos em concess\u00f5es comuns que n\u00e3o t\u00eam previs\u00e3o expressa na legisla\u00e7\u00e3o, como a defini\u00e7\u00e3o de matriz de reparti\u00e7\u00e3o de riscos, remunera\u00e7\u00e3o vari\u00e1vel conforme indicadores de qualidade ou possibilidade de contrata\u00e7\u00e3o de verificador independente.<br><br>Em maio do ano passado, a C\u00e2mara dos Deputados aprovou projeto de lei que atualiza o marco legal das PPPs e concess\u00f5es (<a href=\"https:\/\/us.list-manage.com\/61vG4GRGVt8?e=55b7a27fc9&amp;c2id=e9dfbcda5f02bd2f0f32ef4cdb38a4c7\" target=\"_blank\" rel=\"noreferrer noopener\">PL 2.373\/2025<\/a>) e busca, entre outros pontos, pacificar a possibilidade de aporte de recursos nas concess\u00f5es. Mas o projeto est\u00e1 parado no Senado desde ent\u00e3o, sem previs\u00e3o de ser votado.\u00a0<br><br>A possibilidade de o TCU enquadrar os projetos ferrovi\u00e1rios com aporte como PPPs preocupou\u00a0o governo porque esse formato carrega uma s\u00e9rie de limita\u00e7\u00f5es. O contrato deve ser limitado a 35 anos e, se o valor superar 70% do valor do projeto, exigiria uma lei espec\u00edfica para essa libera\u00e7\u00e3o, por exemplo, al\u00e9m de outras restri\u00e7\u00f5es relativas \u00e0s regras fiscais e \u00e0 contabiliza\u00e7\u00e3o or\u00e7ament\u00e1ria.\u00a0<br><br>T\u00e9cnicos do governo avaliam que a pr\u00f3pria sistem\u00e1tica de pagamento \u00e0 concession\u00e1ria diverge de uma PPP. Essas modelagens se caracterizam pelo comprometimento de recursos p\u00fablicos durante o prazo da concess\u00e3o. Nos projetos ferrovi\u00e1rios, os recursos s\u00e3o depositados em contas vinculadas e h\u00e1 um per\u00edodo espec\u00edfico para isto acontecer, com gest\u00e3o da ANTT (Ag\u00eancia Nacional de Transportes Terrestres).<br><br>Por exemplo, no projeto de nova licita\u00e7\u00e3o da Malha Oeste, que prev\u00ea aporte \u2013 e neste caso do or\u00e7amento federal \u2013 de at\u00e9 R$ 3,6 bilh\u00f5es, os desembolsos dever\u00e3o acontecer em seis anos, financiando somente o Capex relativo a bens revers\u00edveis.<\/p>\n","protected":false},"excerpt":{"rendered":"<p>da Ag\u00eancia iNFRA O processo da EF-118 ainda ser\u00e1 julgado pelo plen\u00e1rio do TCU (Tribunal de Contas da Uni\u00e3o), mas, durante a instru\u00e7\u00e3o feita pela \u00e1rea t\u00e9cnica, houve um debate sobre se esse projeto poderia ser considerado uma PPP (Parceria P\u00fablico-Privada) ou uma concess\u00e3o com aporte, como defende o governo.\u00a0 Na documenta\u00e7\u00e3o enviada \u00e0 corte [&hellip;]<\/p>\n","protected":false},"author":1,"featured_media":46748,"comment_status":"closed","ping_status":"closed","sticky":false,"template":"","format":"standard","meta":{"_monsterinsights_skip_tracking":false,"_monsterinsights_sitenote_active":false,"_monsterinsights_sitenote_note":"","_monsterinsights_sitenote_category":0,"footnotes":""},"categories":[7250],"tags":[353,19,10591,563,3351,5331,2793,13027,406,18],"class_list":["post-46744","post","type-post","status-publish","format-standard","has-post-thumbnail","hentry","category-destaque-lista","tag-agu","tag-antt","tag-aporte-de-recursos","tag-concessoes-ferroviarias","tag-ef-118","tag-infraestrutura-de-transportes","tag-malha-oeste","tag-pl-das-concessoes-e-ppps","tag-ppps","tag-tcu"],"yoast_head":"<!-- This site is optimized with the Yoast SEO Premium plugin v25.4 (Yoast SEO v28.2) - https:\/\/yoast.com\/product\/yoast-seo-premium-wordpress\/ -->\n<title>Projeto da EF-118 tem debate sobre conceito de PPP e concess\u00e3o com aporte - Ag\u00eancia iNFRA<\/title>\n<meta name=\"robots\" content=\"index, follow, max-snippet:-1, max-image-preview:large, max-video-preview:-1\" \/>\n<link rel=\"canonical\" href=\"https:\/\/agenciainfra.com\/blog\/projeto-da-ef-118-tem-debate-sobre-conceito-de-ppp-e-concessao-com-aporte\/\" \/>\n<meta property=\"og:locale\" content=\"pt_BR\" \/>\n<meta property=\"og:type\" content=\"article\" \/>\n<meta property=\"og:title\" content=\"Projeto da EF-118 tem debate sobre conceito de PPP e concess\u00e3o com aporte\" \/>\n<meta property=\"og:description\" content=\"da Ag\u00eancia iNFRA O processo da EF-118 ainda ser\u00e1 julgado pelo plen\u00e1rio do TCU (Tribunal de Contas da Uni\u00e3o), mas, durante a instru\u00e7\u00e3o feita pela \u00e1rea t\u00e9cnica, houve um debate sobre se esse projeto poderia ser considerado uma PPP (Parceria P\u00fablico-Privada) ou uma concess\u00e3o com aporte, como defende o governo.\u00a0 Na documenta\u00e7\u00e3o enviada \u00e0 corte [&hellip;]\" \/>\n<meta property=\"og:url\" content=\"https:\/\/agenciainfra.com\/blog\/projeto-da-ef-118-tem-debate-sobre-conceito-de-ppp-e-concessao-com-aporte\/\" \/>\n<meta property=\"og:site_name\" content=\"Ag\u00eancia iNFRA\" \/>\n<meta property=\"article:publisher\" content=\"https:\/\/www.facebook.com\/ageninfra\" \/>\n<meta property=\"article:published_time\" content=\"2026-09-02T13:00:00+00:00\" \/>\n<meta property=\"article:modified_time\" content=\"2026-09-02T13:28:36+00:00\" \/>\n<meta property=\"og:image\" content=\"https:\/\/agenciainfra.com\/blog\/wp-content\/uploads\/2026\/09\/ef-118-foto-antt_divulgacao-e1788274946565.jpg\" \/>\n\t<meta property=\"og:image:width\" content=\"1278\" \/>\n\t<meta property=\"og:image:height\" content=\"794\" \/>\n\t<meta property=\"og:image:type\" content=\"image\/jpeg\" \/>\n<meta name=\"author\" content=\"Ag\u00eancia iNFRA\" \/>\n<meta name=\"twitter:card\" content=\"summary_large_image\" \/>\n<meta name=\"twitter:creator\" content=\"@agencia_infra\" \/>\n<meta name=\"twitter:site\" content=\"@agencia_infra\" \/>\n<meta name=\"twitter:label1\" content=\"Escrito por\" \/>\n\t<meta name=\"twitter:data1\" content=\"Ag\u00eancia iNFRA\" \/>\n\t<meta name=\"twitter:label2\" content=\"Est. tempo de leitura\" \/>\n\t<meta name=\"twitter:data2\" content=\"4 minutos\" \/>\n<script type=\"application\/ld+json\" class=\"yoast-schema-graph\">{\"@context\":\"https:\\\/\\\/schema.org\",\"@graph\":[{\"@type\":\"Article\",\"@id\":\"https:\\\/\\\/agenciainfra.com\\\/blog\\\/projeto-da-ef-118-tem-debate-sobre-conceito-de-ppp-e-concessao-com-aporte\\\/#article\",\"isPartOf\":{\"@id\":\"https:\\\/\\\/agenciainfra.com\\\/blog\\\/projeto-da-ef-118-tem-debate-sobre-conceito-de-ppp-e-concessao-com-aporte\\\/\"},\"author\":{\"name\":\"Ag\u00eancia iNFRA\",\"@id\":\"https:\\\/\\\/agenciainfra.com\\\/blog\\\/#\\\/schema\\\/person\\\/34af08dff6adea4cb22b06612ba7acfa\"},\"headline\":\"Projeto da EF-118 tem debate sobre conceito de PPP e concess\u00e3o com aporte\",\"datePublished\":\"2026-09-02T13:00:00+00:00\",\"dateModified\":\"2026-09-02T13:28:36+00:00\",\"mainEntityOfPage\":{\"@id\":\"https:\\\/\\\/agenciainfra.com\\\/blog\\\/projeto-da-ef-118-tem-debate-sobre-conceito-de-ppp-e-concessao-com-aporte\\\/\"},\"wordCount\":784,\"publisher\":{\"@id\":\"https:\\\/\\\/agenciainfra.com\\\/blog\\\/#organization\"},\"image\":{\"@id\":\"https:\\\/\\\/agenciainfra.com\\\/blog\\\/projeto-da-ef-118-tem-debate-sobre-conceito-de-ppp-e-concessao-com-aporte\\\/#primaryimage\"},\"thumbnailUrl\":\"https:\\\/\\\/agenciainfra.com\\\/blog\\\/wp-content\\\/uploads\\\/2026\\\/09\\\/ef-118-foto-antt_divulgacao-e1788274946565.jpg\",\"keywords\":[\"AGU\",\"ANTT\",\"Aporte de recursos\",\"concess\u00f5es ferrovi\u00e1rias\",\"EF-118\",\"infraestrutura de transportes\",\"Malha Oeste\",\"PL das Concess\u00f5es e PPPs\",\"PPPs\",\"TCU\"],\"articleSection\":[\"Destaque lista\"],\"inLanguage\":\"pt-BR\",\"copyrightYear\":\"2026\",\"copyrightHolder\":{\"@id\":\"https:\\\/\\\/agenciainfra.com\\\/blog\\\/#organization\"}},{\"@type\":\"WebPage\",\"@id\":\"https:\\\/\\\/agenciainfra.com\\\/blog\\\/projeto-da-ef-118-tem-debate-sobre-conceito-de-ppp-e-concessao-com-aporte\\\/\",\"url\":\"https:\\\/\\\/agenciainfra.com\\\/blog\\\/projeto-da-ef-118-tem-debate-sobre-conceito-de-ppp-e-concessao-com-aporte\\\/\",\"name\":\"Projeto da EF-118 tem debate sobre conceito de PPP e concess\u00e3o com aporte - Ag\u00eancia iNFRA\",\"isPartOf\":{\"@id\":\"https:\\\/\\\/agenciainfra.com\\\/blog\\\/#website\"},\"primaryImageOfPage\":{\"@id\":\"https:\\\/\\\/agenciainfra.com\\\/blog\\\/projeto-da-ef-118-tem-debate-sobre-conceito-de-ppp-e-concessao-com-aporte\\\/#primaryimage\"},\"image\":{\"@id\":\"https:\\\/\\\/agenciainfra.com\\\/blog\\\/projeto-da-ef-118-tem-debate-sobre-conceito-de-ppp-e-concessao-com-aporte\\\/#primaryimage\"},\"thumbnailUrl\":\"https:\\\/\\\/agenciainfra.com\\\/blog\\\/wp-content\\\/uploads\\\/2026\\\/09\\\/ef-118-foto-antt_divulgacao-e1788274946565.jpg\",\"datePublished\":\"2026-09-02T13:00:00+00:00\",\"dateModified\":\"2026-09-02T13:28:36+00:00\",\"breadcrumb\":{\"@id\":\"https:\\\/\\\/agenciainfra.com\\\/blog\\\/projeto-da-ef-118-tem-debate-sobre-conceito-de-ppp-e-concessao-com-aporte\\\/#breadcrumb\"},\"inLanguage\":\"pt-BR\",\"potentialAction\":[{\"@type\":\"ReadAction\",\"target\":[\"https:\\\/\\\/agenciainfra.com\\\/blog\\\/projeto-da-ef-118-tem-debate-sobre-conceito-de-ppp-e-concessao-com-aporte\\\/\"]}]},{\"@type\":\"ImageObject\",\"inLanguage\":\"pt-BR\",\"@id\":\"https:\\\/\\\/agenciainfra.com\\\/blog\\\/projeto-da-ef-118-tem-debate-sobre-conceito-de-ppp-e-concessao-com-aporte\\\/#primaryimage\",\"url\":\"https:\\\/\\\/agenciainfra.com\\\/blog\\\/wp-content\\\/uploads\\\/2026\\\/09\\\/ef-118-foto-antt_divulgacao-e1788274946565.jpg\",\"contentUrl\":\"https:\\\/\\\/agenciainfra.com\\\/blog\\\/wp-content\\\/uploads\\\/2026\\\/09\\\/ef-118-foto-antt_divulgacao-e1788274946565.jpg\",\"width\":1278,\"height\":794,\"caption\":\"Foto: ANTT\"},{\"@type\":\"BreadcrumbList\",\"@id\":\"https:\\\/\\\/agenciainfra.com\\\/blog\\\/projeto-da-ef-118-tem-debate-sobre-conceito-de-ppp-e-concessao-com-aporte\\\/#breadcrumb\",\"itemListElement\":[{\"@type\":\"ListItem\",\"position\":1,\"name\":\"In\u00edcio\",\"item\":\"https:\\\/\\\/agenciainfra.com\\\/blog\\\/\"},{\"@type\":\"ListItem\",\"position\":2,\"name\":\"Projeto da EF-118 tem debate sobre conceito de PPP e concess\u00e3o com aporte\"}]},{\"@type\":\"WebSite\",\"@id\":\"https:\\\/\\\/agenciainfra.com\\\/blog\\\/#website\",\"url\":\"https:\\\/\\\/agenciainfra.com\\\/blog\\\/\",\"name\":\"Ag\u00eancia iNFRA\",\"description\":\"Multiplataforma de informa\u00e7\u00e3o jornal\u00edstica refer\u00eancia na \u00e1rea de infraestrutura no Brasil!\",\"publisher\":{\"@id\":\"https:\\\/\\\/agenciainfra.com\\\/blog\\\/#organization\"},\"potentialAction\":[{\"@type\":\"SearchAction\",\"target\":{\"@type\":\"EntryPoint\",\"urlTemplate\":\"https:\\\/\\\/agenciainfra.com\\\/blog\\\/?s={search_term_string}\"},\"query-input\":{\"@type\":\"PropertyValueSpecification\",\"valueRequired\":true,\"valueName\":\"search_term_string\"}}],\"inLanguage\":\"pt-BR\"},{\"@type\":\"Organization\",\"@id\":\"https:\\\/\\\/agenciainfra.com\\\/blog\\\/#organization\",\"name\":\"Ag\u00eancia iNFRA\",\"url\":\"https:\\\/\\\/agenciainfra.com\\\/blog\\\/\",\"logo\":{\"@type\":\"ImageObject\",\"inLanguage\":\"pt-BR\",\"@id\":\"https:\\\/\\\/agenciainfra.com\\\/blog\\\/#\\\/schema\\\/logo\\\/image\\\/\",\"url\":\"https:\\\/\\\/agenciainfra.com\\\/blog\\\/wp-content\\\/uploads\\\/2023\\\/09\\\/iNFRA_5-e1761735885940.png\",\"contentUrl\":\"https:\\\/\\\/agenciainfra.com\\\/blog\\\/wp-content\\\/uploads\\\/2023\\\/09\\\/iNFRA_5-e1761735885940.png\",\"width\":1672,\"height\":454,\"caption\":\"Ag\u00eancia iNFRA\"},\"image\":{\"@id\":\"https:\\\/\\\/agenciainfra.com\\\/blog\\\/#\\\/schema\\\/logo\\\/image\\\/\"},\"sameAs\":[\"https:\\\/\\\/www.facebook.com\\\/ageninfra\",\"https:\\\/\\\/x.com\\\/agencia_infra\",\"https:\\\/\\\/www.linkedin.com\\\/company\\\/ag\u00eanciainfra\\\/\",\"https:\\\/\\\/www.instagram.com\\\/agenciainfra\\\/\"]},{\"@type\":\"Person\",\"@id\":\"https:\\\/\\\/agenciainfra.com\\\/blog\\\/#\\\/schema\\\/person\\\/34af08dff6adea4cb22b06612ba7acfa\",\"name\":\"Ag\u00eancia iNFRA\",\"image\":{\"@type\":\"ImageObject\",\"inLanguage\":\"pt-BR\",\"@id\":\"https:\\\/\\\/secure.gravatar.com\\\/avatar\\\/d189e01678f06d8eb84d4e01f08eb848b3fffe3f8443818d3c356c66892f5be8?s=96&d=mm&r=g\",\"url\":\"https:\\\/\\\/secure.gravatar.com\\\/avatar\\\/d189e01678f06d8eb84d4e01f08eb848b3fffe3f8443818d3c356c66892f5be8?s=96&d=mm&r=g\",\"contentUrl\":\"https:\\\/\\\/secure.gravatar.com\\\/avatar\\\/d189e01678f06d8eb84d4e01f08eb848b3fffe3f8443818d3c356c66892f5be8?s=96&d=mm&r=g\",\"caption\":\"Ag\u00eancia iNFRA\"},\"url\":\"https:\\\/\\\/agenciainfra.com\\\/blog\\\/author\\\/admin\\\/\"}]}<\/script>\n<!-- \/ Yoast SEO Premium plugin. -->","yoast_head_json":{"title":"Projeto da EF-118 tem debate sobre conceito de PPP e concess\u00e3o com aporte - Ag\u00eancia iNFRA","robots":{"index":"index","follow":"follow","max-snippet":"max-snippet:-1","max-image-preview":"max-image-preview:large","max-video-preview":"max-video-preview:-1"},"canonical":"https:\/\/agenciainfra.com\/blog\/projeto-da-ef-118-tem-debate-sobre-conceito-de-ppp-e-concessao-com-aporte\/","og_locale":"pt_BR","og_type":"article","og_title":"Projeto da EF-118 tem debate sobre conceito de PPP e concess\u00e3o com aporte","og_description":"da Ag\u00eancia iNFRA O processo da EF-118 ainda ser\u00e1 julgado pelo plen\u00e1rio do TCU (Tribunal de Contas da Uni\u00e3o), mas, durante a instru\u00e7\u00e3o feita pela \u00e1rea t\u00e9cnica, houve um debate sobre se esse projeto poderia ser considerado uma PPP (Parceria P\u00fablico-Privada) ou uma concess\u00e3o com aporte, como defende o governo.\u00a0 Na documenta\u00e7\u00e3o enviada \u00e0 corte [&hellip;]","og_url":"https:\/\/agenciainfra.com\/blog\/projeto-da-ef-118-tem-debate-sobre-conceito-de-ppp-e-concessao-com-aporte\/","og_site_name":"Ag\u00eancia iNFRA","article_publisher":"https:\/\/www.facebook.com\/ageninfra","article_published_time":"2026-09-02T13:00:00+00:00","article_modified_time":"2026-09-02T13:28:36+00:00","og_image":[{"width":1278,"height":794,"url":"https:\/\/agenciainfra.com\/blog\/wp-content\/uploads\/2026\/09\/ef-118-foto-antt_divulgacao-e1788274946565.jpg","type":"image\/jpeg"}],"author":"Ag\u00eancia iNFRA","twitter_card":"summary_large_image","twitter_creator":"@agencia_infra","twitter_site":"@agencia_infra","twitter_misc":{"Escrito por":"Ag\u00eancia iNFRA","Est. tempo de leitura":"4 minutos"},"schema":{"@context":"https:\/\/schema.org","@graph":[{"@type":"Article","@id":"https:\/\/agenciainfra.com\/blog\/projeto-da-ef-118-tem-debate-sobre-conceito-de-ppp-e-concessao-com-aporte\/#article","isPartOf":{"@id":"https:\/\/agenciainfra.com\/blog\/projeto-da-ef-118-tem-debate-sobre-conceito-de-ppp-e-concessao-com-aporte\/"},"author":{"name":"Ag\u00eancia iNFRA","@id":"https:\/\/agenciainfra.com\/blog\/#\/schema\/person\/34af08dff6adea4cb22b06612ba7acfa"},"headline":"Projeto da EF-118 tem debate sobre conceito de PPP e concess\u00e3o com aporte","datePublished":"2026-09-02T13:00:00+00:00","dateModified":"2026-09-02T13:28:36+00:00","mainEntityOfPage":{"@id":"https:\/\/agenciainfra.com\/blog\/projeto-da-ef-118-tem-debate-sobre-conceito-de-ppp-e-concessao-com-aporte\/"},"wordCount":784,"publisher":{"@id":"https:\/\/agenciainfra.com\/blog\/#organization"},"image":{"@id":"https:\/\/agenciainfra.com\/blog\/projeto-da-ef-118-tem-debate-sobre-conceito-de-ppp-e-concessao-com-aporte\/#primaryimage"},"thumbnailUrl":"https:\/\/agenciainfra.com\/blog\/wp-content\/uploads\/2026\/09\/ef-118-foto-antt_divulgacao-e1788274946565.jpg","keywords":["AGU","ANTT","Aporte de recursos","concess\u00f5es ferrovi\u00e1rias","EF-118","infraestrutura de transportes","Malha Oeste","PL das Concess\u00f5es e PPPs","PPPs","TCU"],"articleSection":["Destaque lista"],"inLanguage":"pt-BR","copyrightYear":"2026","copyrightHolder":{"@id":"https:\/\/agenciainfra.com\/blog\/#organization"}},{"@type":"WebPage","@id":"https:\/\/agenciainfra.com\/blog\/projeto-da-ef-118-tem-debate-sobre-conceito-de-ppp-e-concessao-com-aporte\/","url":"https:\/\/agenciainfra.com\/blog\/projeto-da-ef-118-tem-debate-sobre-conceito-de-ppp-e-concessao-com-aporte\/","name":"Projeto da EF-118 tem debate sobre conceito de PPP e concess\u00e3o com aporte - Ag\u00eancia iNFRA","isPartOf":{"@id":"https:\/\/agenciainfra.com\/blog\/#website"},"primaryImageOfPage":{"@id":"https:\/\/agenciainfra.com\/blog\/projeto-da-ef-118-tem-debate-sobre-conceito-de-ppp-e-concessao-com-aporte\/#primaryimage"},"image":{"@id":"https:\/\/agenciainfra.com\/blog\/projeto-da-ef-118-tem-debate-sobre-conceito-de-ppp-e-concessao-com-aporte\/#primaryimage"},"thumbnailUrl":"https:\/\/agenciainfra.com\/blog\/wp-content\/uploads\/2026\/09\/ef-118-foto-antt_divulgacao-e1788274946565.jpg","datePublished":"2026-09-02T13:00:00+00:00","dateModified":"2026-09-02T13:28:36+00:00","breadcrumb":{"@id":"https:\/\/agenciainfra.com\/blog\/projeto-da-ef-118-tem-debate-sobre-conceito-de-ppp-e-concessao-com-aporte\/#breadcrumb"},"inLanguage":"pt-BR","potentialAction":[{"@type":"ReadAction","target":["https:\/\/agenciainfra.com\/blog\/projeto-da-ef-118-tem-debate-sobre-conceito-de-ppp-e-concessao-com-aporte\/"]}]},{"@type":"ImageObject","inLanguage":"pt-BR","@id":"https:\/\/agenciainfra.com\/blog\/projeto-da-ef-118-tem-debate-sobre-conceito-de-ppp-e-concessao-com-aporte\/#primaryimage","url":"https:\/\/agenciainfra.com\/blog\/wp-content\/uploads\/2026\/09\/ef-118-foto-antt_divulgacao-e1788274946565.jpg","contentUrl":"https:\/\/agenciainfra.com\/blog\/wp-content\/uploads\/2026\/09\/ef-118-foto-antt_divulgacao-e1788274946565.jpg","width":1278,"height":794,"caption":"Foto: ANTT"},{"@type":"BreadcrumbList","@id":"https:\/\/agenciainfra.com\/blog\/projeto-da-ef-118-tem-debate-sobre-conceito-de-ppp-e-concessao-com-aporte\/#breadcrumb","itemListElement":[{"@type":"ListItem","position":1,"name":"In\u00edcio","item":"https:\/\/agenciainfra.com\/blog\/"},{"@type":"ListItem","position":2,"name":"Projeto da EF-118 tem debate sobre conceito de PPP e concess\u00e3o com aporte"}]},{"@type":"WebSite","@id":"https:\/\/agenciainfra.com\/blog\/#website","url":"https:\/\/agenciainfra.com\/blog\/","name":"Ag\u00eancia iNFRA","description":"Multiplataforma de informa\u00e7\u00e3o jornal\u00edstica refer\u00eancia na \u00e1rea de infraestrutura no Brasil!","publisher":{"@id":"https:\/\/agenciainfra.com\/blog\/#organization"},"potentialAction":[{"@type":"SearchAction","target":{"@type":"EntryPoint","urlTemplate":"https:\/\/agenciainfra.com\/blog\/?s={search_term_string}"},"query-input":{"@type":"PropertyValueSpecification","valueRequired":true,"valueName":"search_term_string"}}],"inLanguage":"pt-BR"},{"@type":"Organization","@id":"https:\/\/agenciainfra.com\/blog\/#organization","name":"Ag\u00eancia iNFRA","url":"https:\/\/agenciainfra.com\/blog\/","logo":{"@type":"ImageObject","inLanguage":"pt-BR","@id":"https:\/\/agenciainfra.com\/blog\/#\/schema\/logo\/image\/","url":"https:\/\/agenciainfra.com\/blog\/wp-content\/uploads\/2023\/09\/iNFRA_5-e1761735885940.png","contentUrl":"https:\/\/agenciainfra.com\/blog\/wp-content\/uploads\/2023\/09\/iNFRA_5-e1761735885940.png","width":1672,"height":454,"caption":"Ag\u00eancia iNFRA"},"image":{"@id":"https:\/\/agenciainfra.com\/blog\/#\/schema\/logo\/image\/"},"sameAs":["https:\/\/www.facebook.com\/ageninfra","https:\/\/x.com\/agencia_infra","https:\/\/www.linkedin.com\/company\/ag\u00eanciainfra\/","https:\/\/www.instagram.com\/agenciainfra\/"]},{"@type":"Person","@id":"https:\/\/agenciainfra.com\/blog\/#\/schema\/person\/34af08dff6adea4cb22b06612ba7acfa","name":"Ag\u00eancia iNFRA","image":{"@type":"ImageObject","inLanguage":"pt-BR","@id":"https:\/\/secure.gravatar.com\/avatar\/d189e01678f06d8eb84d4e01f08eb848b3fffe3f8443818d3c356c66892f5be8?s=96&d=mm&r=g","url":"https:\/\/secure.gravatar.com\/avatar\/d189e01678f06d8eb84d4e01f08eb848b3fffe3f8443818d3c356c66892f5be8?s=96&d=mm&r=g","contentUrl":"https:\/\/secure.gravatar.com\/avatar\/d189e01678f06d8eb84d4e01f08eb848b3fffe3f8443818d3c356c66892f5be8?s=96&d=mm&r=g","caption":"Ag\u00eancia iNFRA"},"url":"https:\/\/agenciainfra.com\/blog\/author\/admin\/"}]}},"_links":{"self":[{"href":"https:\/\/agenciainfra.com\/blog\/wp-json\/wp\/v2\/posts\/46744","targetHints":{"allow":["GET"]}}],"collection":[{"href":"https:\/\/agenciainfra.com\/blog\/wp-json\/wp\/v2\/posts"}],"about":[{"href":"https:\/\/agenciainfra.com\/blog\/wp-json\/wp\/v2\/types\/post"}],"author":[{"embeddable":true,"href":"https:\/\/agenciainfra.com\/blog\/wp-json\/wp\/v2\/users\/1"}],"replies":[{"embeddable":true,"href":"https:\/\/agenciainfra.com\/blog\/wp-json\/wp\/v2\/comments?post=46744"}],"version-history":[{"count":2,"href":"https:\/\/agenciainfra.com\/blog\/wp-json\/wp\/v2\/posts\/46744\/revisions"}],"predecessor-version":[{"id":46802,"href":"https:\/\/agenciainfra.com\/blog\/wp-json\/wp\/v2\/posts\/46744\/revisions\/46802"}],"wp:featuredmedia":[{"embeddable":true,"href":"https:\/\/agenciainfra.com\/blog\/wp-json\/wp\/v2\/media\/46748"}],"wp:attachment":[{"href":"https:\/\/agenciainfra.com\/blog\/wp-json\/wp\/v2\/media?parent=46744"}],"wp:term":[{"taxonomy":"category","embeddable":true,"href":"https:\/\/agenciainfra.com\/blog\/wp-json\/wp\/v2\/categories?post=46744"},{"taxonomy":"post_tag","embeddable":true,"href":"https:\/\/agenciainfra.com\/blog\/wp-json\/wp\/v2\/tags?post=46744"}],"curies":[{"name":"wp","href":"https:\/\/api.w.org\/{rel}","templated":true}]}}