{"id":46760,"date":"2026-09-01T14:21:18","date_gmt":"2026-09-01T17:21:18","guid":{"rendered":"https:\/\/agenciainfra.com\/blog\/?p=46760"},"modified":"2026-09-01T14:21:21","modified_gmt":"2026-09-01T17:21:21","slug":"jf-projeta-elevar-movimentacao-de-gas-a-30-milhoes-de-m%c2%b3-dia-em-2030","status":"publish","type":"post","link":"https:\/\/agenciainfra.com\/blog\/jf-projeta-elevar-movimentacao-de-gas-a-30-milhoes-de-m%c2%b3-dia-em-2030\/","title":{"rendered":"J&amp;F projeta elevar movimenta\u00e7\u00e3o de g\u00e1s a 30 milh\u00f5es de m\u00b3\/dia em 2030"},"content":{"rendered":"\n<p class=\"has-text-align-right\"><strong>Gabriel Vasconcelos, da Ag\u00eancia iNFRA<\/strong><\/p>\n\n\n\n<p>O diretor de Trading e Origina\u00e7\u00e3o de G\u00e1s Natural do grupo J&amp;F, Thiago Arakaki, afirmou nesta ter\u00e7a-feira (2) que o objetivo da empresa \u00e9 expandir em 2,5 vezes o volume movimentado pela MGas, comercializadora de g\u00e1s do grupo, at\u00e9 2030.<\/p>\n\n\n\n<p>Isso significa saltar dos atuais 12 MMm\u00b3\/dia (milh\u00f5es de metros c\u00fabicos por dia) para 30 MMm\u00b3\/dia. Os volumes servir\u00e3o, prioritariamente, ao consumo industrial do conglomerado e de suas usinas termel\u00e9tricas, como os projetos vencedores do \u00faltimo leil\u00e3o de pot\u00eancia (LRCAP). Arakaki fez as afirma\u00e7\u00f5es durante a Gas&amp;Energy Week, evento do setor de g\u00e1s realizado no Rio de Janeiro.<\/p>\n\n\n\n<p>Arakaki disse que essa expans\u00e3o ser\u00e1 viabilizada por novos terminais de GNL e integra\u00e7\u00e3o da produ\u00e7\u00e3o pr\u00f3pria de g\u00e1s da J&amp;F no Cone Sul, desenvolvida pelo seu bra\u00e7o de E&amp;P (explora\u00e7\u00e3o e produ\u00e7\u00e3o), a Fluxus. Hoje a empresa j\u00e1 tem produ\u00e7\u00e3o de g\u00e1s na Argentina e na Bol\u00edvia, e de petr\u00f3leo na Venezuela \u2014 cerca de 40 mil bpd (barris por dia). Mas tamb\u00e9m avalia oportunidades no Brasil.<\/p>\n\n\n\n<p>Com rela\u00e7\u00e3o a terminais de GNL, Arakaki cita dois que come\u00e7am a ser implementados: um primeiro arrendado por dez anos da NFE em Santa Catarina, neg\u00f3cio rec\u00e9m-aprovado pelo Cade (Conselho Administrativo de Defesa Econ\u00f4mica) e outro a ser constru\u00eddo do zero em Pernambuco. Sobre a estrutura arrendada, o executivo disse iniciar a opera\u00e7\u00e3o de fato em julho do ano que vem. J\u00e1 o terminal greenfield, em Pernambuco, a previs\u00e3o \u00e9 que seja conclu\u00eddo em outubro de 2028. &#8220;A gente vai ter os dois terminais de GNL entrando em 2027 e 2028&#8221;, afirmou.<\/p>\n\n\n\n<p>Na Argentina, detalha o executivo, a MGas j\u00e1 gere a destina\u00e7\u00e3o de uma produ\u00e7\u00e3o pr\u00f3pria do grupo pr\u00f3xima a 1 MMm\u00b3\/dia. &#8220;A ideia \u00e9 expandir para mais de 2 MMm\u00b3\/dia. Estamos avaliando novos investimentos, outras oportunidades de crescimento org\u00e2nico e inorg\u00e2nico na Argentina&#8221;, disse.<\/p>\n\n\n\n<p>Al\u00e9m do GNL e da produ\u00e7\u00e3o no continente, Arakaki cita, ainda, esfor\u00e7os para ampliar a participa\u00e7\u00e3o do grupo em biometano, o que poder\u00e1 ser utilizado para alimentar a frota pr\u00f3pria e terceirizada de caminh\u00f5es, hoje em 12 mil unidades. Uma das metas nesta frente \u00e9 chegar a mil caminh\u00f5es movidos a biometano ainda em 2027.<\/p>\n\n\n\n<p>O executivo disse esperar uma mudan\u00e7a de paradigma no mercado de g\u00e1s ap\u00f3s o bi\u00eanio 2028-2029, quando o mercado deve &#8220;colher os frutos&#8221; de novas regula\u00e7\u00f5es, assistir \u00e0 entrada de grandes projetos de produ\u00e7\u00e3o, como Raia (Petrobras e Equinor), assim como novas instala\u00e7\u00f5es consumidoras, caso das termel\u00e9tricas novas do LRCAP.<\/p>\n","protected":false},"excerpt":{"rendered":"<p>Gabriel Vasconcelos, da Ag\u00eancia iNFRA O diretor de Trading e Origina\u00e7\u00e3o de G\u00e1s Natural do grupo J&amp;F, Thiago Arakaki, afirmou nesta ter\u00e7a-feira (2) que o objetivo da empresa \u00e9 expandir em 2,5 vezes o volume movimentado pela MGas, comercializadora de g\u00e1s do grupo, at\u00e9 2030. Isso significa saltar dos atuais 12 MMm\u00b3\/dia (milh\u00f5es de metros [&hellip;]<\/p>\n","protected":false},"author":1,"featured_media":6259,"comment_status":"closed","ping_status":"closed","sticky":false,"template":"","format":"standard","meta":{"_monsterinsights_skip_tracking":false,"_monsterinsights_sitenote_active":false,"_monsterinsights_sitenote_note":"","_monsterinsights_sitenote_category":0,"footnotes":""},"categories":[7250],"tags":[13251,882,21654,1783,5482,9822,21653,4543],"class_list":["post-46760","post","type-post","status-publish","format-standard","has-post-thumbnail","hentry","category-destaque-lista","tag-gabriel-vasconcelos","tag-gas-natural","tag-gasenergy-week","tag-gnl","tag-jf","tag-lrcap","tag-mgas","tag-usinas-termeletricas"],"yoast_head":"<!-- This site is optimized with the Yoast SEO Premium plugin v25.4 (Yoast SEO v28.2) - https:\/\/yoast.com\/product\/yoast-seo-premium-wordpress\/ -->\n<title>J&amp;F projeta elevar movimenta\u00e7\u00e3o de g\u00e1s a 30 milh\u00f5es de m\u00b3\/dia em 2030 - Ag\u00eancia iNFRA<\/title>\n<meta name=\"robots\" content=\"index, follow, max-snippet:-1, max-image-preview:large, max-video-preview:-1\" \/>\n<link rel=\"canonical\" href=\"https:\/\/agenciainfra.com\/blog\/jf-projeta-elevar-movimentacao-de-gas-a-30-milhoes-de-m\u00b3-dia-em-2030\/\" \/>\n<meta property=\"og:locale\" content=\"pt_BR\" \/>\n<meta property=\"og:type\" content=\"article\" \/>\n<meta property=\"og:title\" content=\"J&amp;F projeta elevar movimenta\u00e7\u00e3o de g\u00e1s a 30 milh\u00f5es de m\u00b3\/dia em 2030\" \/>\n<meta property=\"og:description\" content=\"Gabriel Vasconcelos, da Ag\u00eancia iNFRA O diretor de Trading e Origina\u00e7\u00e3o de G\u00e1s Natural do grupo J&amp;F, Thiago Arakaki, afirmou nesta ter\u00e7a-feira (2) que o objetivo da empresa \u00e9 expandir em 2,5 vezes o volume movimentado pela MGas, comercializadora de g\u00e1s do grupo, at\u00e9 2030. Isso significa saltar dos atuais 12 MMm\u00b3\/dia (milh\u00f5es de metros [&hellip;]\" \/>\n<meta property=\"og:url\" content=\"https:\/\/agenciainfra.com\/blog\/jf-projeta-elevar-movimentacao-de-gas-a-30-milhoes-de-m\u00b3-dia-em-2030\/\" \/>\n<meta property=\"og:site_name\" content=\"Ag\u00eancia iNFRA\" \/>\n<meta property=\"article:publisher\" content=\"https:\/\/www.facebook.com\/ageninfra\" \/>\n<meta property=\"article:published_time\" content=\"2026-09-01T17:21:18+00:00\" \/>\n<meta property=\"article:modified_time\" content=\"2026-09-01T17:21:21+00:00\" \/>\n<meta property=\"og:image\" content=\"https:\/\/agenciainfra.com\/blog\/wp-content\/uploads\/2020\/10\/gas-natural-foto-tbg.jpg\" \/>\n\t<meta property=\"og:image:width\" content=\"1280\" \/>\n\t<meta property=\"og:image:height\" content=\"851\" \/>\n\t<meta property=\"og:image:type\" content=\"image\/jpeg\" \/>\n<meta name=\"author\" content=\"Ag\u00eancia iNFRA\" \/>\n<meta name=\"twitter:card\" content=\"summary_large_image\" \/>\n<meta name=\"twitter:creator\" content=\"@agencia_infra\" \/>\n<meta name=\"twitter:site\" content=\"@agencia_infra\" \/>\n<meta name=\"twitter:label1\" content=\"Escrito por\" \/>\n\t<meta name=\"twitter:data1\" content=\"Ag\u00eancia iNFRA\" \/>\n\t<meta name=\"twitter:label2\" content=\"Est. tempo de leitura\" \/>\n\t<meta name=\"twitter:data2\" content=\"2 minutos\" \/>\n<script type=\"application\/ld+json\" class=\"yoast-schema-graph\">{\"@context\":\"https:\\\/\\\/schema.org\",\"@graph\":[{\"@type\":\"Article\",\"@id\":\"https:\\\/\\\/agenciainfra.com\\\/blog\\\/jf-projeta-elevar-movimentacao-de-gas-a-30-milhoes-de-m%c2%b3-dia-em-2030\\\/#article\",\"isPartOf\":{\"@id\":\"https:\\\/\\\/agenciainfra.com\\\/blog\\\/jf-projeta-elevar-movimentacao-de-gas-a-30-milhoes-de-m%c2%b3-dia-em-2030\\\/\"},\"author\":{\"name\":\"Ag\u00eancia iNFRA\",\"@id\":\"https:\\\/\\\/agenciainfra.com\\\/blog\\\/#\\\/schema\\\/person\\\/34af08dff6adea4cb22b06612ba7acfa\"},\"headline\":\"J&amp;F projeta elevar movimenta\u00e7\u00e3o de g\u00e1s a 30 milh\u00f5es de m\u00b3\\\/dia em 2030\",\"datePublished\":\"2026-09-01T17:21:18+00:00\",\"dateModified\":\"2026-09-01T17:21:21+00:00\",\"mainEntityOfPage\":{\"@id\":\"https:\\\/\\\/agenciainfra.com\\\/blog\\\/jf-projeta-elevar-movimentacao-de-gas-a-30-milhoes-de-m%c2%b3-dia-em-2030\\\/\"},\"wordCount\":478,\"publisher\":{\"@id\":\"https:\\\/\\\/agenciainfra.com\\\/blog\\\/#organization\"},\"image\":{\"@id\":\"https:\\\/\\\/agenciainfra.com\\\/blog\\\/jf-projeta-elevar-movimentacao-de-gas-a-30-milhoes-de-m%c2%b3-dia-em-2030\\\/#primaryimage\"},\"thumbnailUrl\":\"https:\\\/\\\/agenciainfra.com\\\/blog\\\/wp-content\\\/uploads\\\/2020\\\/10\\\/gas-natural-foto-tbg.jpg\",\"keywords\":[\"Gabriel Vasconcelos\",\"g\u00e1s natural\",\"Gas&amp;Energy Week\",\"GNL\",\"J&amp;F\",\"LRCAP\",\"MGas\",\"usinas termel\u00e9tricas\"],\"articleSection\":[\"Destaque lista\"],\"inLanguage\":\"pt-BR\",\"copyrightYear\":\"2026\",\"copyrightHolder\":{\"@id\":\"https:\\\/\\\/agenciainfra.com\\\/blog\\\/#organization\"}},{\"@type\":\"WebPage\",\"@id\":\"https:\\\/\\\/agenciainfra.com\\\/blog\\\/jf-projeta-elevar-movimentacao-de-gas-a-30-milhoes-de-m%c2%b3-dia-em-2030\\\/\",\"url\":\"https:\\\/\\\/agenciainfra.com\\\/blog\\\/jf-projeta-elevar-movimentacao-de-gas-a-30-milhoes-de-m%c2%b3-dia-em-2030\\\/\",\"name\":\"J&amp;F projeta elevar movimenta\u00e7\u00e3o de g\u00e1s a 30 milh\u00f5es de m\u00b3\\\/dia em 2030 - Ag\u00eancia iNFRA\",\"isPartOf\":{\"@id\":\"https:\\\/\\\/agenciainfra.com\\\/blog\\\/#website\"},\"primaryImageOfPage\":{\"@id\":\"https:\\\/\\\/agenciainfra.com\\\/blog\\\/jf-projeta-elevar-movimentacao-de-gas-a-30-milhoes-de-m%c2%b3-dia-em-2030\\\/#primaryimage\"},\"image\":{\"@id\":\"https:\\\/\\\/agenciainfra.com\\\/blog\\\/jf-projeta-elevar-movimentacao-de-gas-a-30-milhoes-de-m%c2%b3-dia-em-2030\\\/#primaryimage\"},\"thumbnailUrl\":\"https:\\\/\\\/agenciainfra.com\\\/blog\\\/wp-content\\\/uploads\\\/2020\\\/10\\\/gas-natural-foto-tbg.jpg\",\"datePublished\":\"2026-09-01T17:21:18+00:00\",\"dateModified\":\"2026-09-01T17:21:21+00:00\",\"breadcrumb\":{\"@id\":\"https:\\\/\\\/agenciainfra.com\\\/blog\\\/jf-projeta-elevar-movimentacao-de-gas-a-30-milhoes-de-m%c2%b3-dia-em-2030\\\/#breadcrumb\"},\"inLanguage\":\"pt-BR\",\"potentialAction\":[{\"@type\":\"ReadAction\",\"target\":[\"https:\\\/\\\/agenciainfra.com\\\/blog\\\/jf-projeta-elevar-movimentacao-de-gas-a-30-milhoes-de-m%c2%b3-dia-em-2030\\\/\"]}]},{\"@type\":\"ImageObject\",\"inLanguage\":\"pt-BR\",\"@id\":\"https:\\\/\\\/agenciainfra.com\\\/blog\\\/jf-projeta-elevar-movimentacao-de-gas-a-30-milhoes-de-m%c2%b3-dia-em-2030\\\/#primaryimage\",\"url\":\"https:\\\/\\\/agenciainfra.com\\\/blog\\\/wp-content\\\/uploads\\\/2020\\\/10\\\/gas-natural-foto-tbg.jpg\",\"contentUrl\":\"https:\\\/\\\/agenciainfra.com\\\/blog\\\/wp-content\\\/uploads\\\/2020\\\/10\\\/gas-natural-foto-tbg.jpg\",\"width\":1280,\"height\":851,\"caption\":\"Foto: TBG\\\/Divulga\u00e7\u00e3o\"},{\"@type\":\"BreadcrumbList\",\"@id\":\"https:\\\/\\\/agenciainfra.com\\\/blog\\\/jf-projeta-elevar-movimentacao-de-gas-a-30-milhoes-de-m%c2%b3-dia-em-2030\\\/#breadcrumb\",\"itemListElement\":[{\"@type\":\"ListItem\",\"position\":1,\"name\":\"In\u00edcio\",\"item\":\"https:\\\/\\\/agenciainfra.com\\\/blog\\\/\"},{\"@type\":\"ListItem\",\"position\":2,\"name\":\"J&amp;F projeta elevar movimenta\u00e7\u00e3o de g\u00e1s a 30 milh\u00f5es de m\u00b3\\\/dia em 2030\"}]},{\"@type\":\"WebSite\",\"@id\":\"https:\\\/\\\/agenciainfra.com\\\/blog\\\/#website\",\"url\":\"https:\\\/\\\/agenciainfra.com\\\/blog\\\/\",\"name\":\"Ag\u00eancia iNFRA\",\"description\":\"Multiplataforma de informa\u00e7\u00e3o jornal\u00edstica refer\u00eancia na \u00e1rea de infraestrutura no Brasil!\",\"publisher\":{\"@id\":\"https:\\\/\\\/agenciainfra.com\\\/blog\\\/#organization\"},\"potentialAction\":[{\"@type\":\"SearchAction\",\"target\":{\"@type\":\"EntryPoint\",\"urlTemplate\":\"https:\\\/\\\/agenciainfra.com\\\/blog\\\/?s={search_term_string}\"},\"query-input\":{\"@type\":\"PropertyValueSpecification\",\"valueRequired\":true,\"valueName\":\"search_term_string\"}}],\"inLanguage\":\"pt-BR\"},{\"@type\":\"Organization\",\"@id\":\"https:\\\/\\\/agenciainfra.com\\\/blog\\\/#organization\",\"name\":\"Ag\u00eancia iNFRA\",\"url\":\"https:\\\/\\\/agenciainfra.com\\\/blog\\\/\",\"logo\":{\"@type\":\"ImageObject\",\"inLanguage\":\"pt-BR\",\"@id\":\"https:\\\/\\\/agenciainfra.com\\\/blog\\\/#\\\/schema\\\/logo\\\/image\\\/\",\"url\":\"https:\\\/\\\/agenciainfra.com\\\/blog\\\/wp-content\\\/uploads\\\/2023\\\/09\\\/iNFRA_5-e1761735885940.png\",\"contentUrl\":\"https:\\\/\\\/agenciainfra.com\\\/blog\\\/wp-content\\\/uploads\\\/2023\\\/09\\\/iNFRA_5-e1761735885940.png\",\"width\":1672,\"height\":454,\"caption\":\"Ag\u00eancia iNFRA\"},\"image\":{\"@id\":\"https:\\\/\\\/agenciainfra.com\\\/blog\\\/#\\\/schema\\\/logo\\\/image\\\/\"},\"sameAs\":[\"https:\\\/\\\/www.facebook.com\\\/ageninfra\",\"https:\\\/\\\/x.com\\\/agencia_infra\",\"https:\\\/\\\/www.linkedin.com\\\/company\\\/ag\u00eanciainfra\\\/\",\"https:\\\/\\\/www.instagram.com\\\/agenciainfra\\\/\"]},{\"@type\":\"Person\",\"@id\":\"https:\\\/\\\/agenciainfra.com\\\/blog\\\/#\\\/schema\\\/person\\\/34af08dff6adea4cb22b06612ba7acfa\",\"name\":\"Ag\u00eancia iNFRA\",\"image\":{\"@type\":\"ImageObject\",\"inLanguage\":\"pt-BR\",\"@id\":\"https:\\\/\\\/secure.gravatar.com\\\/avatar\\\/d189e01678f06d8eb84d4e01f08eb848b3fffe3f8443818d3c356c66892f5be8?s=96&d=mm&r=g\",\"url\":\"https:\\\/\\\/secure.gravatar.com\\\/avatar\\\/d189e01678f06d8eb84d4e01f08eb848b3fffe3f8443818d3c356c66892f5be8?s=96&d=mm&r=g\",\"contentUrl\":\"https:\\\/\\\/secure.gravatar.com\\\/avatar\\\/d189e01678f06d8eb84d4e01f08eb848b3fffe3f8443818d3c356c66892f5be8?s=96&d=mm&r=g\",\"caption\":\"Ag\u00eancia iNFRA\"},\"url\":\"https:\\\/\\\/agenciainfra.com\\\/blog\\\/author\\\/admin\\\/\"}]}<\/script>\n<!-- \/ Yoast SEO Premium plugin. -->","yoast_head_json":{"title":"J&amp;F projeta elevar movimenta\u00e7\u00e3o de g\u00e1s a 30 milh\u00f5es de m\u00b3\/dia em 2030 - Ag\u00eancia iNFRA","robots":{"index":"index","follow":"follow","max-snippet":"max-snippet:-1","max-image-preview":"max-image-preview:large","max-video-preview":"max-video-preview:-1"},"canonical":"https:\/\/agenciainfra.com\/blog\/jf-projeta-elevar-movimentacao-de-gas-a-30-milhoes-de-m\u00b3-dia-em-2030\/","og_locale":"pt_BR","og_type":"article","og_title":"J&amp;F projeta elevar movimenta\u00e7\u00e3o de g\u00e1s a 30 milh\u00f5es de m\u00b3\/dia em 2030","og_description":"Gabriel Vasconcelos, da Ag\u00eancia iNFRA O diretor de Trading e Origina\u00e7\u00e3o de G\u00e1s Natural do grupo J&amp;F, Thiago Arakaki, afirmou nesta ter\u00e7a-feira (2) que o objetivo da empresa \u00e9 expandir em 2,5 vezes o volume movimentado pela MGas, comercializadora de g\u00e1s do grupo, at\u00e9 2030. Isso significa saltar dos atuais 12 MMm\u00b3\/dia (milh\u00f5es de metros [&hellip;]","og_url":"https:\/\/agenciainfra.com\/blog\/jf-projeta-elevar-movimentacao-de-gas-a-30-milhoes-de-m\u00b3-dia-em-2030\/","og_site_name":"Ag\u00eancia iNFRA","article_publisher":"https:\/\/www.facebook.com\/ageninfra","article_published_time":"2026-09-01T17:21:18+00:00","article_modified_time":"2026-09-01T17:21:21+00:00","og_image":[{"width":1280,"height":851,"url":"https:\/\/agenciainfra.com\/blog\/wp-content\/uploads\/2020\/10\/gas-natural-foto-tbg.jpg","type":"image\/jpeg"}],"author":"Ag\u00eancia iNFRA","twitter_card":"summary_large_image","twitter_creator":"@agencia_infra","twitter_site":"@agencia_infra","twitter_misc":{"Escrito por":"Ag\u00eancia iNFRA","Est. tempo de leitura":"2 minutos"},"schema":{"@context":"https:\/\/schema.org","@graph":[{"@type":"Article","@id":"https:\/\/agenciainfra.com\/blog\/jf-projeta-elevar-movimentacao-de-gas-a-30-milhoes-de-m%c2%b3-dia-em-2030\/#article","isPartOf":{"@id":"https:\/\/agenciainfra.com\/blog\/jf-projeta-elevar-movimentacao-de-gas-a-30-milhoes-de-m%c2%b3-dia-em-2030\/"},"author":{"name":"Ag\u00eancia iNFRA","@id":"https:\/\/agenciainfra.com\/blog\/#\/schema\/person\/34af08dff6adea4cb22b06612ba7acfa"},"headline":"J&amp;F projeta elevar movimenta\u00e7\u00e3o de g\u00e1s a 30 milh\u00f5es de m\u00b3\/dia em 2030","datePublished":"2026-09-01T17:21:18+00:00","dateModified":"2026-09-01T17:21:21+00:00","mainEntityOfPage":{"@id":"https:\/\/agenciainfra.com\/blog\/jf-projeta-elevar-movimentacao-de-gas-a-30-milhoes-de-m%c2%b3-dia-em-2030\/"},"wordCount":478,"publisher":{"@id":"https:\/\/agenciainfra.com\/blog\/#organization"},"image":{"@id":"https:\/\/agenciainfra.com\/blog\/jf-projeta-elevar-movimentacao-de-gas-a-30-milhoes-de-m%c2%b3-dia-em-2030\/#primaryimage"},"thumbnailUrl":"https:\/\/agenciainfra.com\/blog\/wp-content\/uploads\/2020\/10\/gas-natural-foto-tbg.jpg","keywords":["Gabriel Vasconcelos","g\u00e1s natural","Gas&amp;Energy Week","GNL","J&amp;F","LRCAP","MGas","usinas termel\u00e9tricas"],"articleSection":["Destaque lista"],"inLanguage":"pt-BR","copyrightYear":"2026","copyrightHolder":{"@id":"https:\/\/agenciainfra.com\/blog\/#organization"}},{"@type":"WebPage","@id":"https:\/\/agenciainfra.com\/blog\/jf-projeta-elevar-movimentacao-de-gas-a-30-milhoes-de-m%c2%b3-dia-em-2030\/","url":"https:\/\/agenciainfra.com\/blog\/jf-projeta-elevar-movimentacao-de-gas-a-30-milhoes-de-m%c2%b3-dia-em-2030\/","name":"J&amp;F projeta elevar movimenta\u00e7\u00e3o de g\u00e1s a 30 milh\u00f5es de m\u00b3\/dia em 2030 - Ag\u00eancia iNFRA","isPartOf":{"@id":"https:\/\/agenciainfra.com\/blog\/#website"},"primaryImageOfPage":{"@id":"https:\/\/agenciainfra.com\/blog\/jf-projeta-elevar-movimentacao-de-gas-a-30-milhoes-de-m%c2%b3-dia-em-2030\/#primaryimage"},"image":{"@id":"https:\/\/agenciainfra.com\/blog\/jf-projeta-elevar-movimentacao-de-gas-a-30-milhoes-de-m%c2%b3-dia-em-2030\/#primaryimage"},"thumbnailUrl":"https:\/\/agenciainfra.com\/blog\/wp-content\/uploads\/2020\/10\/gas-natural-foto-tbg.jpg","datePublished":"2026-09-01T17:21:18+00:00","dateModified":"2026-09-01T17:21:21+00:00","breadcrumb":{"@id":"https:\/\/agenciainfra.com\/blog\/jf-projeta-elevar-movimentacao-de-gas-a-30-milhoes-de-m%c2%b3-dia-em-2030\/#breadcrumb"},"inLanguage":"pt-BR","potentialAction":[{"@type":"ReadAction","target":["https:\/\/agenciainfra.com\/blog\/jf-projeta-elevar-movimentacao-de-gas-a-30-milhoes-de-m%c2%b3-dia-em-2030\/"]}]},{"@type":"ImageObject","inLanguage":"pt-BR","@id":"https:\/\/agenciainfra.com\/blog\/jf-projeta-elevar-movimentacao-de-gas-a-30-milhoes-de-m%c2%b3-dia-em-2030\/#primaryimage","url":"https:\/\/agenciainfra.com\/blog\/wp-content\/uploads\/2020\/10\/gas-natural-foto-tbg.jpg","contentUrl":"https:\/\/agenciainfra.com\/blog\/wp-content\/uploads\/2020\/10\/gas-natural-foto-tbg.jpg","width":1280,"height":851,"caption":"Foto: TBG\/Divulga\u00e7\u00e3o"},{"@type":"BreadcrumbList","@id":"https:\/\/agenciainfra.com\/blog\/jf-projeta-elevar-movimentacao-de-gas-a-30-milhoes-de-m%c2%b3-dia-em-2030\/#breadcrumb","itemListElement":[{"@type":"ListItem","position":1,"name":"In\u00edcio","item":"https:\/\/agenciainfra.com\/blog\/"},{"@type":"ListItem","position":2,"name":"J&amp;F projeta elevar movimenta\u00e7\u00e3o de g\u00e1s a 30 milh\u00f5es de m\u00b3\/dia em 2030"}]},{"@type":"WebSite","@id":"https:\/\/agenciainfra.com\/blog\/#website","url":"https:\/\/agenciainfra.com\/blog\/","name":"Ag\u00eancia iNFRA","description":"Multiplataforma de informa\u00e7\u00e3o jornal\u00edstica refer\u00eancia na \u00e1rea de infraestrutura no Brasil!","publisher":{"@id":"https:\/\/agenciainfra.com\/blog\/#organization"},"potentialAction":[{"@type":"SearchAction","target":{"@type":"EntryPoint","urlTemplate":"https:\/\/agenciainfra.com\/blog\/?s={search_term_string}"},"query-input":{"@type":"PropertyValueSpecification","valueRequired":true,"valueName":"search_term_string"}}],"inLanguage":"pt-BR"},{"@type":"Organization","@id":"https:\/\/agenciainfra.com\/blog\/#organization","name":"Ag\u00eancia iNFRA","url":"https:\/\/agenciainfra.com\/blog\/","logo":{"@type":"ImageObject","inLanguage":"pt-BR","@id":"https:\/\/agenciainfra.com\/blog\/#\/schema\/logo\/image\/","url":"https:\/\/agenciainfra.com\/blog\/wp-content\/uploads\/2023\/09\/iNFRA_5-e1761735885940.png","contentUrl":"https:\/\/agenciainfra.com\/blog\/wp-content\/uploads\/2023\/09\/iNFRA_5-e1761735885940.png","width":1672,"height":454,"caption":"Ag\u00eancia iNFRA"},"image":{"@id":"https:\/\/agenciainfra.com\/blog\/#\/schema\/logo\/image\/"},"sameAs":["https:\/\/www.facebook.com\/ageninfra","https:\/\/x.com\/agencia_infra","https:\/\/www.linkedin.com\/company\/ag\u00eanciainfra\/","https:\/\/www.instagram.com\/agenciainfra\/"]},{"@type":"Person","@id":"https:\/\/agenciainfra.com\/blog\/#\/schema\/person\/34af08dff6adea4cb22b06612ba7acfa","name":"Ag\u00eancia iNFRA","image":{"@type":"ImageObject","inLanguage":"pt-BR","@id":"https:\/\/secure.gravatar.com\/avatar\/d189e01678f06d8eb84d4e01f08eb848b3fffe3f8443818d3c356c66892f5be8?s=96&d=mm&r=g","url":"https:\/\/secure.gravatar.com\/avatar\/d189e01678f06d8eb84d4e01f08eb848b3fffe3f8443818d3c356c66892f5be8?s=96&d=mm&r=g","contentUrl":"https:\/\/secure.gravatar.com\/avatar\/d189e01678f06d8eb84d4e01f08eb848b3fffe3f8443818d3c356c66892f5be8?s=96&d=mm&r=g","caption":"Ag\u00eancia iNFRA"},"url":"https:\/\/agenciainfra.com\/blog\/author\/admin\/"}]}},"_links":{"self":[{"href":"https:\/\/agenciainfra.com\/blog\/wp-json\/wp\/v2\/posts\/46760","targetHints":{"allow":["GET"]}}],"collection":[{"href":"https:\/\/agenciainfra.com\/blog\/wp-json\/wp\/v2\/posts"}],"about":[{"href":"https:\/\/agenciainfra.com\/blog\/wp-json\/wp\/v2\/types\/post"}],"author":[{"embeddable":true,"href":"https:\/\/agenciainfra.com\/blog\/wp-json\/wp\/v2\/users\/1"}],"replies":[{"embeddable":true,"href":"https:\/\/agenciainfra.com\/blog\/wp-json\/wp\/v2\/comments?post=46760"}],"version-history":[{"count":1,"href":"https:\/\/agenciainfra.com\/blog\/wp-json\/wp\/v2\/posts\/46760\/revisions"}],"predecessor-version":[{"id":46761,"href":"https:\/\/agenciainfra.com\/blog\/wp-json\/wp\/v2\/posts\/46760\/revisions\/46761"}],"wp:featuredmedia":[{"embeddable":true,"href":"https:\/\/agenciainfra.com\/blog\/wp-json\/wp\/v2\/media\/6259"}],"wp:attachment":[{"href":"https:\/\/agenciainfra.com\/blog\/wp-json\/wp\/v2\/media?parent=46760"}],"wp:term":[{"taxonomy":"category","embeddable":true,"href":"https:\/\/agenciainfra.com\/blog\/wp-json\/wp\/v2\/categories?post=46760"},{"taxonomy":"post_tag","embeddable":true,"href":"https:\/\/agenciainfra.com\/blog\/wp-json\/wp\/v2\/tags?post=46760"}],"curies":[{"name":"wp","href":"https:\/\/api.w.org\/{rel}","templated":true}]}}