{"id":46764,"date":"2026-09-01T15:44:17","date_gmt":"2026-09-01T18:44:17","guid":{"rendered":"https:\/\/agenciainfra.com\/blog\/?p=46764"},"modified":"2026-09-01T15:44:19","modified_gmt":"2026-09-01T18:44:19","slug":"etanol-cai-27-em-agosto-e-amplia-vantagem-sobre-gasolina","status":"publish","type":"post","link":"https:\/\/agenciainfra.com\/blog\/etanol-cai-27-em-agosto-e-amplia-vantagem-sobre-gasolina\/","title":{"rendered":"Etanol cai 2,7% em agosto e amplia vantagem sobre gasolina"},"content":{"rendered":"\n<p class=\"has-text-align-right\"><strong>da Ag\u00eancia iNFRA<\/strong><\/p>\n\n\n\n<p>Os pre\u00e7os dos combust\u00edveis recuaram em agosto, com destaque para o etanol hidratado, que caiu 2,7% em rela\u00e7\u00e3o a julho e encerrou o m\u00eas com pre\u00e7o m\u00e9dio de R$ 4,05 por litro, segundo o Monitor de Pre\u00e7os de Combust\u00edveis, elaborado pela Veloe com apoio t\u00e9cnico da Fipe (Funda\u00e7\u00e3o Instituto de Pesquisas Econ\u00f4micas).<\/p>\n\n\n\n<p>Dos seis combust\u00edveis acompanhados, cinco registraram queda mensal. O diesel comum recuou 1,1%, a gasolina comum caiu 0,5%, a gasolina aditivada, 0,4%, e o diesel S-10, tamb\u00e9m 0,4%. A exce\u00e7\u00e3o foi o GNV, que subiu 1,3% e ficou em R$ 4,900 por metro c\u00fabico.<\/p>\n\n\n\n<p>No acumulado de 2026, o etanol apresenta queda de 9,5%, enquanto os demais principais combust\u00edveis ainda registram alta. O diesel S-10 acumula avan\u00e7o de 12,4%, o diesel comum, de 10,3%, a gasolina comum, de 6%, e a gasolina aditivada, de 5,6%.<\/p>\n\n\n\n<p>A redu\u00e7\u00e3o do pre\u00e7o do etanol tamb\u00e9m ampliou sua competitividade em rela\u00e7\u00e3o \u00e0 gasolina. Em agosto, o biocombust\u00edvel correspondeu, em m\u00e9dia, a 65,6% do pre\u00e7o da gasolina comum nas unidades da federa\u00e7\u00e3o, menor n\u00edvel da s\u00e9rie hist\u00f3rica iniciada em 2017. Nas capitais, a rela\u00e7\u00e3o ficou em 66,2%, tamb\u00e9m recorde de baixa.<\/p>\n\n\n\n<p>Considerando o par\u00e2metro de 70%, o etanol foi mais vantajoso em nove unidades da federa\u00e7\u00e3o. Mato Grosso apresentou a menor rela\u00e7\u00e3o, de 55,6%, seguido por S\u00e3o Paulo, com 58,1%, Mato Grosso do Sul, com 61,8%, Goi\u00e1s, com 61,9%, e Paran\u00e1, com 63,1%.<\/p>\n\n\n\n<p>Apesar da queda em agosto, o diesel S-10 terminou o m\u00eas em R$ 6,949 por litro e ainda acumula alta de 12,4% no ano. O diesel comum ficou em R$ 6,752 por litro, com avan\u00e7o acumulado de 10,3% em 2026.<\/p>\n","protected":false},"excerpt":{"rendered":"<p>da Ag\u00eancia iNFRA Os pre\u00e7os dos combust\u00edveis recuaram em agosto, com destaque para o etanol hidratado, que caiu 2,7% em rela\u00e7\u00e3o a julho e encerrou o m\u00eas com pre\u00e7o m\u00e9dio de R$ 4,05 por litro, segundo o Monitor de Pre\u00e7os de Combust\u00edveis, elaborado pela Veloe com apoio t\u00e9cnico da Fipe (Funda\u00e7\u00e3o Instituto de Pesquisas Econ\u00f4micas). [&hellip;]<\/p>\n","protected":false},"author":1,"featured_media":29540,"comment_status":"closed","ping_status":"closed","sticky":false,"template":"","format":"standard","meta":{"_monsterinsights_skip_tracking":false,"_monsterinsights_sitenote_active":false,"_monsterinsights_sitenote_note":"","_monsterinsights_sitenote_category":0,"footnotes":""},"categories":[13576],"tags":[315,2732,3365,8701,5163,20356],"class_list":["post-46764","post","type-post","status-publish","format-standard","has-post-thumbnail","hentry","category-giro-infra","tag-diesel","tag-etanol","tag-gasolina","tag-gnv","tag-preco-dos-combustiveis","tag-veloe-fipe"],"yoast_head":"<!-- This site is optimized with the Yoast SEO Premium plugin v25.4 (Yoast SEO v28.2) - https:\/\/yoast.com\/product\/yoast-seo-premium-wordpress\/ -->\n<title>Etanol cai 2,7% em agosto e amplia vantagem sobre gasolina - Ag\u00eancia iNFRA<\/title>\n<meta name=\"robots\" content=\"index, follow, max-snippet:-1, max-image-preview:large, max-video-preview:-1\" \/>\n<link rel=\"canonical\" href=\"https:\/\/agenciainfra.com\/blog\/etanol-cai-27-em-agosto-e-amplia-vantagem-sobre-gasolina\/\" \/>\n<meta property=\"og:locale\" content=\"pt_BR\" \/>\n<meta property=\"og:type\" content=\"article\" \/>\n<meta property=\"og:title\" content=\"Etanol cai 2,7% em agosto e amplia vantagem sobre gasolina\" \/>\n<meta property=\"og:description\" content=\"da Ag\u00eancia iNFRA Os pre\u00e7os dos combust\u00edveis recuaram em agosto, com destaque para o etanol hidratado, que caiu 2,7% em rela\u00e7\u00e3o a julho e encerrou o m\u00eas com pre\u00e7o m\u00e9dio de R$ 4,05 por litro, segundo o Monitor de Pre\u00e7os de Combust\u00edveis, elaborado pela Veloe com apoio t\u00e9cnico da Fipe (Funda\u00e7\u00e3o Instituto de Pesquisas Econ\u00f4micas). [&hellip;]\" \/>\n<meta property=\"og:url\" content=\"https:\/\/agenciainfra.com\/blog\/etanol-cai-27-em-agosto-e-amplia-vantagem-sobre-gasolina\/\" \/>\n<meta property=\"og:site_name\" content=\"Ag\u00eancia iNFRA\" \/>\n<meta property=\"article:publisher\" content=\"https:\/\/www.facebook.com\/ageninfra\" \/>\n<meta property=\"article:published_time\" content=\"2026-09-01T18:44:17+00:00\" \/>\n<meta property=\"article:modified_time\" content=\"2026-09-01T18:44:19+00:00\" \/>\n<meta property=\"og:image\" content=\"https:\/\/agenciainfra.com\/blog\/wp-content\/uploads\/2025\/10\/combustiveis-gasolina-etanol-foto-fernando-frazao-agencia-brasil.jpg\" \/>\n\t<meta property=\"og:image:width\" content=\"1280\" \/>\n\t<meta property=\"og:image:height\" content=\"765\" \/>\n\t<meta property=\"og:image:type\" content=\"image\/jpeg\" \/>\n<meta name=\"author\" content=\"Ag\u00eancia iNFRA\" \/>\n<meta name=\"twitter:card\" content=\"summary_large_image\" \/>\n<meta name=\"twitter:creator\" content=\"@agencia_infra\" \/>\n<meta name=\"twitter:site\" content=\"@agencia_infra\" \/>\n<meta name=\"twitter:label1\" content=\"Escrito por\" \/>\n\t<meta name=\"twitter:data1\" content=\"Ag\u00eancia iNFRA\" \/>\n\t<meta name=\"twitter:label2\" content=\"Est. tempo de leitura\" \/>\n\t<meta name=\"twitter:data2\" content=\"1 minuto\" \/>\n<script type=\"application\/ld+json\" class=\"yoast-schema-graph\">{\"@context\":\"https:\\\/\\\/schema.org\",\"@graph\":[{\"@type\":\"Article\",\"@id\":\"https:\\\/\\\/agenciainfra.com\\\/blog\\\/etanol-cai-27-em-agosto-e-amplia-vantagem-sobre-gasolina\\\/#article\",\"isPartOf\":{\"@id\":\"https:\\\/\\\/agenciainfra.com\\\/blog\\\/etanol-cai-27-em-agosto-e-amplia-vantagem-sobre-gasolina\\\/\"},\"author\":{\"name\":\"Ag\u00eancia iNFRA\",\"@id\":\"https:\\\/\\\/agenciainfra.com\\\/blog\\\/#\\\/schema\\\/person\\\/34af08dff6adea4cb22b06612ba7acfa\"},\"headline\":\"Etanol cai 2,7% em agosto e amplia vantagem sobre gasolina\",\"datePublished\":\"2026-09-01T18:44:17+00:00\",\"dateModified\":\"2026-09-01T18:44:19+00:00\",\"mainEntityOfPage\":{\"@id\":\"https:\\\/\\\/agenciainfra.com\\\/blog\\\/etanol-cai-27-em-agosto-e-amplia-vantagem-sobre-gasolina\\\/\"},\"wordCount\":291,\"publisher\":{\"@id\":\"https:\\\/\\\/agenciainfra.com\\\/blog\\\/#organization\"},\"image\":{\"@id\":\"https:\\\/\\\/agenciainfra.com\\\/blog\\\/etanol-cai-27-em-agosto-e-amplia-vantagem-sobre-gasolina\\\/#primaryimage\"},\"thumbnailUrl\":\"https:\\\/\\\/agenciainfra.com\\\/blog\\\/wp-content\\\/uploads\\\/2025\\\/10\\\/combustiveis-gasolina-etanol-foto-fernando-frazao-agencia-brasil.jpg\",\"keywords\":[\"diesel\",\"etanol\",\"gasolina\",\"GNV\",\"pre\u00e7o dos combust\u00edveis\",\"Veloe\\\/Fipe\"],\"articleSection\":[\"Giro iNFRA\"],\"inLanguage\":\"pt-BR\",\"copyrightYear\":\"2026\",\"copyrightHolder\":{\"@id\":\"https:\\\/\\\/agenciainfra.com\\\/blog\\\/#organization\"}},{\"@type\":\"WebPage\",\"@id\":\"https:\\\/\\\/agenciainfra.com\\\/blog\\\/etanol-cai-27-em-agosto-e-amplia-vantagem-sobre-gasolina\\\/\",\"url\":\"https:\\\/\\\/agenciainfra.com\\\/blog\\\/etanol-cai-27-em-agosto-e-amplia-vantagem-sobre-gasolina\\\/\",\"name\":\"Etanol cai 2,7% em agosto e amplia vantagem sobre gasolina - Ag\u00eancia iNFRA\",\"isPartOf\":{\"@id\":\"https:\\\/\\\/agenciainfra.com\\\/blog\\\/#website\"},\"primaryImageOfPage\":{\"@id\":\"https:\\\/\\\/agenciainfra.com\\\/blog\\\/etanol-cai-27-em-agosto-e-amplia-vantagem-sobre-gasolina\\\/#primaryimage\"},\"image\":{\"@id\":\"https:\\\/\\\/agenciainfra.com\\\/blog\\\/etanol-cai-27-em-agosto-e-amplia-vantagem-sobre-gasolina\\\/#primaryimage\"},\"thumbnailUrl\":\"https:\\\/\\\/agenciainfra.com\\\/blog\\\/wp-content\\\/uploads\\\/2025\\\/10\\\/combustiveis-gasolina-etanol-foto-fernando-frazao-agencia-brasil.jpg\",\"datePublished\":\"2026-09-01T18:44:17+00:00\",\"dateModified\":\"2026-09-01T18:44:19+00:00\",\"breadcrumb\":{\"@id\":\"https:\\\/\\\/agenciainfra.com\\\/blog\\\/etanol-cai-27-em-agosto-e-amplia-vantagem-sobre-gasolina\\\/#breadcrumb\"},\"inLanguage\":\"pt-BR\",\"potentialAction\":[{\"@type\":\"ReadAction\",\"target\":[\"https:\\\/\\\/agenciainfra.com\\\/blog\\\/etanol-cai-27-em-agosto-e-amplia-vantagem-sobre-gasolina\\\/\"]}]},{\"@type\":\"ImageObject\",\"inLanguage\":\"pt-BR\",\"@id\":\"https:\\\/\\\/agenciainfra.com\\\/blog\\\/etanol-cai-27-em-agosto-e-amplia-vantagem-sobre-gasolina\\\/#primaryimage\",\"url\":\"https:\\\/\\\/agenciainfra.com\\\/blog\\\/wp-content\\\/uploads\\\/2025\\\/10\\\/combustiveis-gasolina-etanol-foto-fernando-frazao-agencia-brasil.jpg\",\"contentUrl\":\"https:\\\/\\\/agenciainfra.com\\\/blog\\\/wp-content\\\/uploads\\\/2025\\\/10\\\/combustiveis-gasolina-etanol-foto-fernando-frazao-agencia-brasil.jpg\",\"width\":1280,\"height\":765,\"caption\":\"Foto: Fernando Fraz\u00e3o\\\/Ag\u00eancia Brasil\"},{\"@type\":\"BreadcrumbList\",\"@id\":\"https:\\\/\\\/agenciainfra.com\\\/blog\\\/etanol-cai-27-em-agosto-e-amplia-vantagem-sobre-gasolina\\\/#breadcrumb\",\"itemListElement\":[{\"@type\":\"ListItem\",\"position\":1,\"name\":\"In\u00edcio\",\"item\":\"https:\\\/\\\/agenciainfra.com\\\/blog\\\/\"},{\"@type\":\"ListItem\",\"position\":2,\"name\":\"Etanol cai 2,7% em agosto e amplia vantagem sobre gasolina\"}]},{\"@type\":\"WebSite\",\"@id\":\"https:\\\/\\\/agenciainfra.com\\\/blog\\\/#website\",\"url\":\"https:\\\/\\\/agenciainfra.com\\\/blog\\\/\",\"name\":\"Ag\u00eancia iNFRA\",\"description\":\"Multiplataforma de informa\u00e7\u00e3o jornal\u00edstica refer\u00eancia na \u00e1rea de infraestrutura no Brasil!\",\"publisher\":{\"@id\":\"https:\\\/\\\/agenciainfra.com\\\/blog\\\/#organization\"},\"potentialAction\":[{\"@type\":\"SearchAction\",\"target\":{\"@type\":\"EntryPoint\",\"urlTemplate\":\"https:\\\/\\\/agenciainfra.com\\\/blog\\\/?s={search_term_string}\"},\"query-input\":{\"@type\":\"PropertyValueSpecification\",\"valueRequired\":true,\"valueName\":\"search_term_string\"}}],\"inLanguage\":\"pt-BR\"},{\"@type\":\"Organization\",\"@id\":\"https:\\\/\\\/agenciainfra.com\\\/blog\\\/#organization\",\"name\":\"Ag\u00eancia iNFRA\",\"url\":\"https:\\\/\\\/agenciainfra.com\\\/blog\\\/\",\"logo\":{\"@type\":\"ImageObject\",\"inLanguage\":\"pt-BR\",\"@id\":\"https:\\\/\\\/agenciainfra.com\\\/blog\\\/#\\\/schema\\\/logo\\\/image\\\/\",\"url\":\"https:\\\/\\\/agenciainfra.com\\\/blog\\\/wp-content\\\/uploads\\\/2023\\\/09\\\/iNFRA_5-e1761735885940.png\",\"contentUrl\":\"https:\\\/\\\/agenciainfra.com\\\/blog\\\/wp-content\\\/uploads\\\/2023\\\/09\\\/iNFRA_5-e1761735885940.png\",\"width\":1672,\"height\":454,\"caption\":\"Ag\u00eancia iNFRA\"},\"image\":{\"@id\":\"https:\\\/\\\/agenciainfra.com\\\/blog\\\/#\\\/schema\\\/logo\\\/image\\\/\"},\"sameAs\":[\"https:\\\/\\\/www.facebook.com\\\/ageninfra\",\"https:\\\/\\\/x.com\\\/agencia_infra\",\"https:\\\/\\\/www.linkedin.com\\\/company\\\/ag\u00eanciainfra\\\/\",\"https:\\\/\\\/www.instagram.com\\\/agenciainfra\\\/\"]},{\"@type\":\"Person\",\"@id\":\"https:\\\/\\\/agenciainfra.com\\\/blog\\\/#\\\/schema\\\/person\\\/34af08dff6adea4cb22b06612ba7acfa\",\"name\":\"Ag\u00eancia iNFRA\",\"image\":{\"@type\":\"ImageObject\",\"inLanguage\":\"pt-BR\",\"@id\":\"https:\\\/\\\/secure.gravatar.com\\\/avatar\\\/d189e01678f06d8eb84d4e01f08eb848b3fffe3f8443818d3c356c66892f5be8?s=96&d=mm&r=g\",\"url\":\"https:\\\/\\\/secure.gravatar.com\\\/avatar\\\/d189e01678f06d8eb84d4e01f08eb848b3fffe3f8443818d3c356c66892f5be8?s=96&d=mm&r=g\",\"contentUrl\":\"https:\\\/\\\/secure.gravatar.com\\\/avatar\\\/d189e01678f06d8eb84d4e01f08eb848b3fffe3f8443818d3c356c66892f5be8?s=96&d=mm&r=g\",\"caption\":\"Ag\u00eancia iNFRA\"},\"url\":\"https:\\\/\\\/agenciainfra.com\\\/blog\\\/author\\\/admin\\\/\"}]}<\/script>\n<!-- \/ Yoast SEO Premium plugin. -->","yoast_head_json":{"title":"Etanol cai 2,7% em agosto e amplia vantagem sobre gasolina - Ag\u00eancia iNFRA","robots":{"index":"index","follow":"follow","max-snippet":"max-snippet:-1","max-image-preview":"max-image-preview:large","max-video-preview":"max-video-preview:-1"},"canonical":"https:\/\/agenciainfra.com\/blog\/etanol-cai-27-em-agosto-e-amplia-vantagem-sobre-gasolina\/","og_locale":"pt_BR","og_type":"article","og_title":"Etanol cai 2,7% em agosto e amplia vantagem sobre gasolina","og_description":"da Ag\u00eancia iNFRA Os pre\u00e7os dos combust\u00edveis recuaram em agosto, com destaque para o etanol hidratado, que caiu 2,7% em rela\u00e7\u00e3o a julho e encerrou o m\u00eas com pre\u00e7o m\u00e9dio de R$ 4,05 por litro, segundo o Monitor de Pre\u00e7os de Combust\u00edveis, elaborado pela Veloe com apoio t\u00e9cnico da Fipe (Funda\u00e7\u00e3o Instituto de Pesquisas Econ\u00f4micas). [&hellip;]","og_url":"https:\/\/agenciainfra.com\/blog\/etanol-cai-27-em-agosto-e-amplia-vantagem-sobre-gasolina\/","og_site_name":"Ag\u00eancia iNFRA","article_publisher":"https:\/\/www.facebook.com\/ageninfra","article_published_time":"2026-09-01T18:44:17+00:00","article_modified_time":"2026-09-01T18:44:19+00:00","og_image":[{"width":1280,"height":765,"url":"https:\/\/agenciainfra.com\/blog\/wp-content\/uploads\/2025\/10\/combustiveis-gasolina-etanol-foto-fernando-frazao-agencia-brasil.jpg","type":"image\/jpeg"}],"author":"Ag\u00eancia iNFRA","twitter_card":"summary_large_image","twitter_creator":"@agencia_infra","twitter_site":"@agencia_infra","twitter_misc":{"Escrito por":"Ag\u00eancia iNFRA","Est. tempo de leitura":"1 minuto"},"schema":{"@context":"https:\/\/schema.org","@graph":[{"@type":"Article","@id":"https:\/\/agenciainfra.com\/blog\/etanol-cai-27-em-agosto-e-amplia-vantagem-sobre-gasolina\/#article","isPartOf":{"@id":"https:\/\/agenciainfra.com\/blog\/etanol-cai-27-em-agosto-e-amplia-vantagem-sobre-gasolina\/"},"author":{"name":"Ag\u00eancia iNFRA","@id":"https:\/\/agenciainfra.com\/blog\/#\/schema\/person\/34af08dff6adea4cb22b06612ba7acfa"},"headline":"Etanol cai 2,7% em agosto e amplia vantagem sobre gasolina","datePublished":"2026-09-01T18:44:17+00:00","dateModified":"2026-09-01T18:44:19+00:00","mainEntityOfPage":{"@id":"https:\/\/agenciainfra.com\/blog\/etanol-cai-27-em-agosto-e-amplia-vantagem-sobre-gasolina\/"},"wordCount":291,"publisher":{"@id":"https:\/\/agenciainfra.com\/blog\/#organization"},"image":{"@id":"https:\/\/agenciainfra.com\/blog\/etanol-cai-27-em-agosto-e-amplia-vantagem-sobre-gasolina\/#primaryimage"},"thumbnailUrl":"https:\/\/agenciainfra.com\/blog\/wp-content\/uploads\/2025\/10\/combustiveis-gasolina-etanol-foto-fernando-frazao-agencia-brasil.jpg","keywords":["diesel","etanol","gasolina","GNV","pre\u00e7o dos combust\u00edveis","Veloe\/Fipe"],"articleSection":["Giro iNFRA"],"inLanguage":"pt-BR","copyrightYear":"2026","copyrightHolder":{"@id":"https:\/\/agenciainfra.com\/blog\/#organization"}},{"@type":"WebPage","@id":"https:\/\/agenciainfra.com\/blog\/etanol-cai-27-em-agosto-e-amplia-vantagem-sobre-gasolina\/","url":"https:\/\/agenciainfra.com\/blog\/etanol-cai-27-em-agosto-e-amplia-vantagem-sobre-gasolina\/","name":"Etanol cai 2,7% em agosto e amplia vantagem sobre gasolina - Ag\u00eancia iNFRA","isPartOf":{"@id":"https:\/\/agenciainfra.com\/blog\/#website"},"primaryImageOfPage":{"@id":"https:\/\/agenciainfra.com\/blog\/etanol-cai-27-em-agosto-e-amplia-vantagem-sobre-gasolina\/#primaryimage"},"image":{"@id":"https:\/\/agenciainfra.com\/blog\/etanol-cai-27-em-agosto-e-amplia-vantagem-sobre-gasolina\/#primaryimage"},"thumbnailUrl":"https:\/\/agenciainfra.com\/blog\/wp-content\/uploads\/2025\/10\/combustiveis-gasolina-etanol-foto-fernando-frazao-agencia-brasil.jpg","datePublished":"2026-09-01T18:44:17+00:00","dateModified":"2026-09-01T18:44:19+00:00","breadcrumb":{"@id":"https:\/\/agenciainfra.com\/blog\/etanol-cai-27-em-agosto-e-amplia-vantagem-sobre-gasolina\/#breadcrumb"},"inLanguage":"pt-BR","potentialAction":[{"@type":"ReadAction","target":["https:\/\/agenciainfra.com\/blog\/etanol-cai-27-em-agosto-e-amplia-vantagem-sobre-gasolina\/"]}]},{"@type":"ImageObject","inLanguage":"pt-BR","@id":"https:\/\/agenciainfra.com\/blog\/etanol-cai-27-em-agosto-e-amplia-vantagem-sobre-gasolina\/#primaryimage","url":"https:\/\/agenciainfra.com\/blog\/wp-content\/uploads\/2025\/10\/combustiveis-gasolina-etanol-foto-fernando-frazao-agencia-brasil.jpg","contentUrl":"https:\/\/agenciainfra.com\/blog\/wp-content\/uploads\/2025\/10\/combustiveis-gasolina-etanol-foto-fernando-frazao-agencia-brasil.jpg","width":1280,"height":765,"caption":"Foto: Fernando Fraz\u00e3o\/Ag\u00eancia Brasil"},{"@type":"BreadcrumbList","@id":"https:\/\/agenciainfra.com\/blog\/etanol-cai-27-em-agosto-e-amplia-vantagem-sobre-gasolina\/#breadcrumb","itemListElement":[{"@type":"ListItem","position":1,"name":"In\u00edcio","item":"https:\/\/agenciainfra.com\/blog\/"},{"@type":"ListItem","position":2,"name":"Etanol cai 2,7% em agosto e amplia vantagem sobre gasolina"}]},{"@type":"WebSite","@id":"https:\/\/agenciainfra.com\/blog\/#website","url":"https:\/\/agenciainfra.com\/blog\/","name":"Ag\u00eancia iNFRA","description":"Multiplataforma de informa\u00e7\u00e3o jornal\u00edstica refer\u00eancia na \u00e1rea de infraestrutura no Brasil!","publisher":{"@id":"https:\/\/agenciainfra.com\/blog\/#organization"},"potentialAction":[{"@type":"SearchAction","target":{"@type":"EntryPoint","urlTemplate":"https:\/\/agenciainfra.com\/blog\/?s={search_term_string}"},"query-input":{"@type":"PropertyValueSpecification","valueRequired":true,"valueName":"search_term_string"}}],"inLanguage":"pt-BR"},{"@type":"Organization","@id":"https:\/\/agenciainfra.com\/blog\/#organization","name":"Ag\u00eancia iNFRA","url":"https:\/\/agenciainfra.com\/blog\/","logo":{"@type":"ImageObject","inLanguage":"pt-BR","@id":"https:\/\/agenciainfra.com\/blog\/#\/schema\/logo\/image\/","url":"https:\/\/agenciainfra.com\/blog\/wp-content\/uploads\/2023\/09\/iNFRA_5-e1761735885940.png","contentUrl":"https:\/\/agenciainfra.com\/blog\/wp-content\/uploads\/2023\/09\/iNFRA_5-e1761735885940.png","width":1672,"height":454,"caption":"Ag\u00eancia iNFRA"},"image":{"@id":"https:\/\/agenciainfra.com\/blog\/#\/schema\/logo\/image\/"},"sameAs":["https:\/\/www.facebook.com\/ageninfra","https:\/\/x.com\/agencia_infra","https:\/\/www.linkedin.com\/company\/ag\u00eanciainfra\/","https:\/\/www.instagram.com\/agenciainfra\/"]},{"@type":"Person","@id":"https:\/\/agenciainfra.com\/blog\/#\/schema\/person\/34af08dff6adea4cb22b06612ba7acfa","name":"Ag\u00eancia iNFRA","image":{"@type":"ImageObject","inLanguage":"pt-BR","@id":"https:\/\/secure.gravatar.com\/avatar\/d189e01678f06d8eb84d4e01f08eb848b3fffe3f8443818d3c356c66892f5be8?s=96&d=mm&r=g","url":"https:\/\/secure.gravatar.com\/avatar\/d189e01678f06d8eb84d4e01f08eb848b3fffe3f8443818d3c356c66892f5be8?s=96&d=mm&r=g","contentUrl":"https:\/\/secure.gravatar.com\/avatar\/d189e01678f06d8eb84d4e01f08eb848b3fffe3f8443818d3c356c66892f5be8?s=96&d=mm&r=g","caption":"Ag\u00eancia iNFRA"},"url":"https:\/\/agenciainfra.com\/blog\/author\/admin\/"}]}},"_links":{"self":[{"href":"https:\/\/agenciainfra.com\/blog\/wp-json\/wp\/v2\/posts\/46764","targetHints":{"allow":["GET"]}}],"collection":[{"href":"https:\/\/agenciainfra.com\/blog\/wp-json\/wp\/v2\/posts"}],"about":[{"href":"https:\/\/agenciainfra.com\/blog\/wp-json\/wp\/v2\/types\/post"}],"author":[{"embeddable":true,"href":"https:\/\/agenciainfra.com\/blog\/wp-json\/wp\/v2\/users\/1"}],"replies":[{"embeddable":true,"href":"https:\/\/agenciainfra.com\/blog\/wp-json\/wp\/v2\/comments?post=46764"}],"version-history":[{"count":1,"href":"https:\/\/agenciainfra.com\/blog\/wp-json\/wp\/v2\/posts\/46764\/revisions"}],"predecessor-version":[{"id":46765,"href":"https:\/\/agenciainfra.com\/blog\/wp-json\/wp\/v2\/posts\/46764\/revisions\/46765"}],"wp:featuredmedia":[{"embeddable":true,"href":"https:\/\/agenciainfra.com\/blog\/wp-json\/wp\/v2\/media\/29540"}],"wp:attachment":[{"href":"https:\/\/agenciainfra.com\/blog\/wp-json\/wp\/v2\/media?parent=46764"}],"wp:term":[{"taxonomy":"category","embeddable":true,"href":"https:\/\/agenciainfra.com\/blog\/wp-json\/wp\/v2\/categories?post=46764"},{"taxonomy":"post_tag","embeddable":true,"href":"https:\/\/agenciainfra.com\/blog\/wp-json\/wp\/v2\/tags?post=46764"}],"curies":[{"name":"wp","href":"https:\/\/api.w.org\/{rel}","templated":true}]}}