{"id":46769,"date":"2026-09-01T17:04:33","date_gmt":"2026-09-01T20:04:33","guid":{"rendered":"https:\/\/agenciainfra.com\/blog\/?p=46769"},"modified":"2026-09-01T17:05:53","modified_gmt":"2026-09-01T20:05:53","slug":"abeeolica-pede-a-presidenciaveis-plano-nacional-para-reduzir-curtailment","status":"publish","type":"post","link":"https:\/\/agenciainfra.com\/blog\/abeeolica-pede-a-presidenciaveis-plano-nacional-para-reduzir-curtailment\/","title":{"rendered":"Abee\u00f3lica pede a presidenci\u00e1veis plano nacional para reduzir curtailment"},"content":{"rendered":"\n<p class=\"has-text-align-right\"><strong>da Ag\u00eancia iNFRA<\/strong><\/p>\n\n\n\n<p>A Abee\u00f3lica (Associa\u00e7\u00e3o Brasileira de Energia E\u00f3lica e Novas Tecnologias) defende que os candidatos \u00e0 Presid\u00eancia da Rep\u00fablica assumam o compromisso de criar um Plano Nacional de Redu\u00e7\u00e3o do Curtailment, com metas anuais para diminuir os cortes de gera\u00e7\u00e3o renov\u00e1vel no pa\u00eds.<\/p>\n\n\n\n<p>A proposta integra a agenda \u201cVentos para Transformar o Brasil\u201d, elaborada pela entidade com prioridades para o setor el\u00e9trico nos pr\u00f3ximos quatro anos. O documento afirma que o avan\u00e7o dos cortes de gera\u00e7\u00e3o, somado a atrasos em obras de infraestrutura, limita\u00e7\u00f5es na transmiss\u00e3o, dificuldades de acesso \u00e0 rede e falta de flexibilidade do sistema, passou a restringir o potencial de expans\u00e3o da energia e\u00f3lica.<\/p>\n\n\n\n<p>Pela proposta, o plano dever\u00e1 apresentar diagn\u00f3stico p\u00fablico dos cortes por causa e regi\u00e3o, adotar crit\u00e9rios objetivos e reproduz\u00edveis para classificar as restri\u00e7\u00f5es e estabelecer metas anuais de redu\u00e7\u00e3o. A Abee\u00f3lica tamb\u00e9m defende uma carteira de solu\u00e7\u00f5es que combine refor\u00e7os de rede, melhorias operativas, armazenamento, resposta da demanda, conex\u00e3o flex\u00edvel e instala\u00e7\u00e3o de novas cargas em locais mais eficientes para o sistema.<\/p>\n\n\n\n<p>Al\u00e9m do plano contra os cortes, a agenda re\u00fane outras seis prioridades. Entre elas est\u00e3o o fortalecimento da governan\u00e7a e da coordena\u00e7\u00e3o entre pol\u00edtica energ\u00e9tica e industrial, a expans\u00e3o da transmiss\u00e3o e do acesso \u00e0 rede, a cria\u00e7\u00e3o de mecanismos de armazenamento e flexibilidade, a revis\u00e3o de subs\u00eddios e encargos e a amplia\u00e7\u00e3o de novas cargas no sistema, como data centers, hidrog\u00eanio de baixa emiss\u00e3o, ind\u00fastria, agro e transportes.<\/p>\n\n\n\n<p>Na \u00e1rea de transmiss\u00e3o, a Abee\u00f3lica prop\u00f5e fortalecer a EPE (Empresa de Pesquisa Energ\u00e9tica) e adotar um planejamento integrado entre gera\u00e7\u00e3o, transmiss\u00e3o e demanda, com vis\u00e3o locacional e publica\u00e7\u00e3o de mapas de capacidade e gargalos. <\/p>\n\n\n\n<p>Para armazenamento, a entidade defende concluir o marco regulat\u00f3rio do setor e criar regras que permitam diferentes usos das baterias, evitem cobran\u00e7as duplicadas pelo uso da rede e remunerem os servi\u00e7os prestados ao sistema. <\/p>\n\n\n\n<p><\/p>\n","protected":false},"excerpt":{"rendered":"<p>da Ag\u00eancia iNFRA A Abee\u00f3lica (Associa\u00e7\u00e3o Brasileira de Energia E\u00f3lica e Novas Tecnologias) defende que os candidatos \u00e0 Presid\u00eancia da Rep\u00fablica assumam o compromisso de criar um Plano Nacional de Redu\u00e7\u00e3o do Curtailment, com metas anuais para diminuir os cortes de gera\u00e7\u00e3o renov\u00e1vel no pa\u00eds. A proposta integra a agenda \u201cVentos para Transformar o Brasil\u201d, [&hellip;]<\/p>\n","protected":false},"author":1,"featured_media":24921,"comment_status":"closed","ping_status":"closed","sticky":false,"template":"","format":"standard","meta":{"_monsterinsights_skip_tracking":false,"_monsterinsights_sitenote_active":false,"_monsterinsights_sitenote_note":"","_monsterinsights_sitenote_category":0,"footnotes":""},"categories":[7250],"tags":[2215,4397,11474,13398,12,54,1601],"class_list":["post-46769","post","type-post","status-publish","format-standard","has-post-thumbnail","hentry","category-destaque-lista","tag-abeeolica-2","tag-armazenamento","tag-curtailment","tag-data-centers","tag-epe","tag-setor-eletrico","tag-subsidios"],"yoast_head":"<!-- This site is optimized with the Yoast SEO Premium plugin v25.4 (Yoast SEO v28.2) - https:\/\/yoast.com\/product\/yoast-seo-premium-wordpress\/ -->\n<title>Abee\u00f3lica pede a presidenci\u00e1veis plano nacional para reduzir curtailment - Ag\u00eancia iNFRA<\/title>\n<meta name=\"robots\" content=\"index, follow, max-snippet:-1, max-image-preview:large, max-video-preview:-1\" \/>\n<link rel=\"canonical\" href=\"https:\/\/agenciainfra.com\/blog\/abeeolica-pede-a-presidenciaveis-plano-nacional-para-reduzir-curtailment\/\" \/>\n<meta property=\"og:locale\" content=\"pt_BR\" \/>\n<meta property=\"og:type\" content=\"article\" \/>\n<meta property=\"og:title\" content=\"Abee\u00f3lica pede a presidenci\u00e1veis plano nacional para reduzir curtailment\" \/>\n<meta property=\"og:description\" content=\"da Ag\u00eancia iNFRA A Abee\u00f3lica (Associa\u00e7\u00e3o Brasileira de Energia E\u00f3lica e Novas Tecnologias) defende que os candidatos \u00e0 Presid\u00eancia da Rep\u00fablica assumam o compromisso de criar um Plano Nacional de Redu\u00e7\u00e3o do Curtailment, com metas anuais para diminuir os cortes de gera\u00e7\u00e3o renov\u00e1vel no pa\u00eds. A proposta integra a agenda \u201cVentos para Transformar o Brasil\u201d, [&hellip;]\" \/>\n<meta property=\"og:url\" content=\"https:\/\/agenciainfra.com\/blog\/abeeolica-pede-a-presidenciaveis-plano-nacional-para-reduzir-curtailment\/\" \/>\n<meta property=\"og:site_name\" content=\"Ag\u00eancia iNFRA\" \/>\n<meta property=\"article:publisher\" content=\"https:\/\/www.facebook.com\/ageninfra\" \/>\n<meta property=\"article:published_time\" content=\"2026-09-01T20:04:33+00:00\" \/>\n<meta property=\"article:modified_time\" content=\"2026-09-01T20:05:53+00:00\" \/>\n<meta property=\"og:image\" content=\"https:\/\/agenciainfra.com\/blog\/wp-content\/uploads\/2025\/07\/mercado-livre-energia-foto-dominio_publico-e1764157404689.jpg\" \/>\n\t<meta property=\"og:image:width\" content=\"1280\" \/>\n\t<meta property=\"og:image:height\" content=\"732\" \/>\n\t<meta property=\"og:image:type\" content=\"image\/jpeg\" \/>\n<meta name=\"author\" content=\"Ag\u00eancia iNFRA\" \/>\n<meta name=\"twitter:card\" content=\"summary_large_image\" \/>\n<meta name=\"twitter:creator\" content=\"@agencia_infra\" \/>\n<meta name=\"twitter:site\" content=\"@agencia_infra\" \/>\n<meta name=\"twitter:label1\" content=\"Escrito por\" \/>\n\t<meta name=\"twitter:data1\" content=\"Ag\u00eancia iNFRA\" \/>\n\t<meta name=\"twitter:label2\" content=\"Est. tempo de leitura\" \/>\n\t<meta name=\"twitter:data2\" content=\"2 minutos\" \/>\n<script type=\"application\/ld+json\" class=\"yoast-schema-graph\">{\"@context\":\"https:\\\/\\\/schema.org\",\"@graph\":[{\"@type\":\"Article\",\"@id\":\"https:\\\/\\\/agenciainfra.com\\\/blog\\\/abeeolica-pede-a-presidenciaveis-plano-nacional-para-reduzir-curtailment\\\/#article\",\"isPartOf\":{\"@id\":\"https:\\\/\\\/agenciainfra.com\\\/blog\\\/abeeolica-pede-a-presidenciaveis-plano-nacional-para-reduzir-curtailment\\\/\"},\"author\":{\"name\":\"Ag\u00eancia iNFRA\",\"@id\":\"https:\\\/\\\/agenciainfra.com\\\/blog\\\/#\\\/schema\\\/person\\\/34af08dff6adea4cb22b06612ba7acfa\"},\"headline\":\"Abee\u00f3lica pede a presidenci\u00e1veis plano nacional para reduzir curtailment\",\"datePublished\":\"2026-09-01T20:04:33+00:00\",\"dateModified\":\"2026-09-01T20:05:53+00:00\",\"mainEntityOfPage\":{\"@id\":\"https:\\\/\\\/agenciainfra.com\\\/blog\\\/abeeolica-pede-a-presidenciaveis-plano-nacional-para-reduzir-curtailment\\\/\"},\"wordCount\":376,\"publisher\":{\"@id\":\"https:\\\/\\\/agenciainfra.com\\\/blog\\\/#organization\"},\"image\":{\"@id\":\"https:\\\/\\\/agenciainfra.com\\\/blog\\\/abeeolica-pede-a-presidenciaveis-plano-nacional-para-reduzir-curtailment\\\/#primaryimage\"},\"thumbnailUrl\":\"https:\\\/\\\/agenciainfra.com\\\/blog\\\/wp-content\\\/uploads\\\/2025\\\/07\\\/mercado-livre-energia-foto-dominio_publico-e1764157404689.jpg\",\"keywords\":[\"Abee\u00f3lica\",\"armazenamento\",\"curtailment\",\"data centers\",\"epe\",\"Setor El\u00e9trico\",\"subs\u00eddios\"],\"articleSection\":[\"Destaque lista\"],\"inLanguage\":\"pt-BR\",\"copyrightYear\":\"2026\",\"copyrightHolder\":{\"@id\":\"https:\\\/\\\/agenciainfra.com\\\/blog\\\/#organization\"}},{\"@type\":\"WebPage\",\"@id\":\"https:\\\/\\\/agenciainfra.com\\\/blog\\\/abeeolica-pede-a-presidenciaveis-plano-nacional-para-reduzir-curtailment\\\/\",\"url\":\"https:\\\/\\\/agenciainfra.com\\\/blog\\\/abeeolica-pede-a-presidenciaveis-plano-nacional-para-reduzir-curtailment\\\/\",\"name\":\"Abee\u00f3lica pede a presidenci\u00e1veis plano nacional para reduzir curtailment - Ag\u00eancia iNFRA\",\"isPartOf\":{\"@id\":\"https:\\\/\\\/agenciainfra.com\\\/blog\\\/#website\"},\"primaryImageOfPage\":{\"@id\":\"https:\\\/\\\/agenciainfra.com\\\/blog\\\/abeeolica-pede-a-presidenciaveis-plano-nacional-para-reduzir-curtailment\\\/#primaryimage\"},\"image\":{\"@id\":\"https:\\\/\\\/agenciainfra.com\\\/blog\\\/abeeolica-pede-a-presidenciaveis-plano-nacional-para-reduzir-curtailment\\\/#primaryimage\"},\"thumbnailUrl\":\"https:\\\/\\\/agenciainfra.com\\\/blog\\\/wp-content\\\/uploads\\\/2025\\\/07\\\/mercado-livre-energia-foto-dominio_publico-e1764157404689.jpg\",\"datePublished\":\"2026-09-01T20:04:33+00:00\",\"dateModified\":\"2026-09-01T20:05:53+00:00\",\"breadcrumb\":{\"@id\":\"https:\\\/\\\/agenciainfra.com\\\/blog\\\/abeeolica-pede-a-presidenciaveis-plano-nacional-para-reduzir-curtailment\\\/#breadcrumb\"},\"inLanguage\":\"pt-BR\",\"potentialAction\":[{\"@type\":\"ReadAction\",\"target\":[\"https:\\\/\\\/agenciainfra.com\\\/blog\\\/abeeolica-pede-a-presidenciaveis-plano-nacional-para-reduzir-curtailment\\\/\"]}]},{\"@type\":\"ImageObject\",\"inLanguage\":\"pt-BR\",\"@id\":\"https:\\\/\\\/agenciainfra.com\\\/blog\\\/abeeolica-pede-a-presidenciaveis-plano-nacional-para-reduzir-curtailment\\\/#primaryimage\",\"url\":\"https:\\\/\\\/agenciainfra.com\\\/blog\\\/wp-content\\\/uploads\\\/2025\\\/07\\\/mercado-livre-energia-foto-dominio_publico-e1764157404689.jpg\",\"contentUrl\":\"https:\\\/\\\/agenciainfra.com\\\/blog\\\/wp-content\\\/uploads\\\/2025\\\/07\\\/mercado-livre-energia-foto-dominio_publico-e1764157404689.jpg\",\"width\":1280,\"height\":732,\"caption\":\"Foto: Dom\u00ednio p\u00fablico\"},{\"@type\":\"BreadcrumbList\",\"@id\":\"https:\\\/\\\/agenciainfra.com\\\/blog\\\/abeeolica-pede-a-presidenciaveis-plano-nacional-para-reduzir-curtailment\\\/#breadcrumb\",\"itemListElement\":[{\"@type\":\"ListItem\",\"position\":1,\"name\":\"In\u00edcio\",\"item\":\"https:\\\/\\\/agenciainfra.com\\\/blog\\\/\"},{\"@type\":\"ListItem\",\"position\":2,\"name\":\"Abee\u00f3lica pede a presidenci\u00e1veis plano nacional para reduzir curtailment\"}]},{\"@type\":\"WebSite\",\"@id\":\"https:\\\/\\\/agenciainfra.com\\\/blog\\\/#website\",\"url\":\"https:\\\/\\\/agenciainfra.com\\\/blog\\\/\",\"name\":\"Ag\u00eancia iNFRA\",\"description\":\"Multiplataforma de informa\u00e7\u00e3o jornal\u00edstica refer\u00eancia na \u00e1rea de infraestrutura no Brasil!\",\"publisher\":{\"@id\":\"https:\\\/\\\/agenciainfra.com\\\/blog\\\/#organization\"},\"potentialAction\":[{\"@type\":\"SearchAction\",\"target\":{\"@type\":\"EntryPoint\",\"urlTemplate\":\"https:\\\/\\\/agenciainfra.com\\\/blog\\\/?s={search_term_string}\"},\"query-input\":{\"@type\":\"PropertyValueSpecification\",\"valueRequired\":true,\"valueName\":\"search_term_string\"}}],\"inLanguage\":\"pt-BR\"},{\"@type\":\"Organization\",\"@id\":\"https:\\\/\\\/agenciainfra.com\\\/blog\\\/#organization\",\"name\":\"Ag\u00eancia iNFRA\",\"url\":\"https:\\\/\\\/agenciainfra.com\\\/blog\\\/\",\"logo\":{\"@type\":\"ImageObject\",\"inLanguage\":\"pt-BR\",\"@id\":\"https:\\\/\\\/agenciainfra.com\\\/blog\\\/#\\\/schema\\\/logo\\\/image\\\/\",\"url\":\"https:\\\/\\\/agenciainfra.com\\\/blog\\\/wp-content\\\/uploads\\\/2023\\\/09\\\/iNFRA_5-e1761735885940.png\",\"contentUrl\":\"https:\\\/\\\/agenciainfra.com\\\/blog\\\/wp-content\\\/uploads\\\/2023\\\/09\\\/iNFRA_5-e1761735885940.png\",\"width\":1672,\"height\":454,\"caption\":\"Ag\u00eancia iNFRA\"},\"image\":{\"@id\":\"https:\\\/\\\/agenciainfra.com\\\/blog\\\/#\\\/schema\\\/logo\\\/image\\\/\"},\"sameAs\":[\"https:\\\/\\\/www.facebook.com\\\/ageninfra\",\"https:\\\/\\\/x.com\\\/agencia_infra\",\"https:\\\/\\\/www.linkedin.com\\\/company\\\/ag\u00eanciainfra\\\/\",\"https:\\\/\\\/www.instagram.com\\\/agenciainfra\\\/\"]},{\"@type\":\"Person\",\"@id\":\"https:\\\/\\\/agenciainfra.com\\\/blog\\\/#\\\/schema\\\/person\\\/34af08dff6adea4cb22b06612ba7acfa\",\"name\":\"Ag\u00eancia iNFRA\",\"image\":{\"@type\":\"ImageObject\",\"inLanguage\":\"pt-BR\",\"@id\":\"https:\\\/\\\/secure.gravatar.com\\\/avatar\\\/d189e01678f06d8eb84d4e01f08eb848b3fffe3f8443818d3c356c66892f5be8?s=96&d=mm&r=g\",\"url\":\"https:\\\/\\\/secure.gravatar.com\\\/avatar\\\/d189e01678f06d8eb84d4e01f08eb848b3fffe3f8443818d3c356c66892f5be8?s=96&d=mm&r=g\",\"contentUrl\":\"https:\\\/\\\/secure.gravatar.com\\\/avatar\\\/d189e01678f06d8eb84d4e01f08eb848b3fffe3f8443818d3c356c66892f5be8?s=96&d=mm&r=g\",\"caption\":\"Ag\u00eancia iNFRA\"},\"url\":\"https:\\\/\\\/agenciainfra.com\\\/blog\\\/author\\\/admin\\\/\"}]}<\/script>\n<!-- \/ Yoast SEO Premium plugin. -->","yoast_head_json":{"title":"Abee\u00f3lica pede a presidenci\u00e1veis plano nacional para reduzir curtailment - Ag\u00eancia iNFRA","robots":{"index":"index","follow":"follow","max-snippet":"max-snippet:-1","max-image-preview":"max-image-preview:large","max-video-preview":"max-video-preview:-1"},"canonical":"https:\/\/agenciainfra.com\/blog\/abeeolica-pede-a-presidenciaveis-plano-nacional-para-reduzir-curtailment\/","og_locale":"pt_BR","og_type":"article","og_title":"Abee\u00f3lica pede a presidenci\u00e1veis plano nacional para reduzir curtailment","og_description":"da Ag\u00eancia iNFRA A Abee\u00f3lica (Associa\u00e7\u00e3o Brasileira de Energia E\u00f3lica e Novas Tecnologias) defende que os candidatos \u00e0 Presid\u00eancia da Rep\u00fablica assumam o compromisso de criar um Plano Nacional de Redu\u00e7\u00e3o do Curtailment, com metas anuais para diminuir os cortes de gera\u00e7\u00e3o renov\u00e1vel no pa\u00eds. A proposta integra a agenda \u201cVentos para Transformar o Brasil\u201d, [&hellip;]","og_url":"https:\/\/agenciainfra.com\/blog\/abeeolica-pede-a-presidenciaveis-plano-nacional-para-reduzir-curtailment\/","og_site_name":"Ag\u00eancia iNFRA","article_publisher":"https:\/\/www.facebook.com\/ageninfra","article_published_time":"2026-09-01T20:04:33+00:00","article_modified_time":"2026-09-01T20:05:53+00:00","og_image":[{"width":1280,"height":732,"url":"https:\/\/agenciainfra.com\/blog\/wp-content\/uploads\/2025\/07\/mercado-livre-energia-foto-dominio_publico-e1764157404689.jpg","type":"image\/jpeg"}],"author":"Ag\u00eancia iNFRA","twitter_card":"summary_large_image","twitter_creator":"@agencia_infra","twitter_site":"@agencia_infra","twitter_misc":{"Escrito por":"Ag\u00eancia iNFRA","Est. tempo de leitura":"2 minutos"},"schema":{"@context":"https:\/\/schema.org","@graph":[{"@type":"Article","@id":"https:\/\/agenciainfra.com\/blog\/abeeolica-pede-a-presidenciaveis-plano-nacional-para-reduzir-curtailment\/#article","isPartOf":{"@id":"https:\/\/agenciainfra.com\/blog\/abeeolica-pede-a-presidenciaveis-plano-nacional-para-reduzir-curtailment\/"},"author":{"name":"Ag\u00eancia iNFRA","@id":"https:\/\/agenciainfra.com\/blog\/#\/schema\/person\/34af08dff6adea4cb22b06612ba7acfa"},"headline":"Abee\u00f3lica pede a presidenci\u00e1veis plano nacional para reduzir curtailment","datePublished":"2026-09-01T20:04:33+00:00","dateModified":"2026-09-01T20:05:53+00:00","mainEntityOfPage":{"@id":"https:\/\/agenciainfra.com\/blog\/abeeolica-pede-a-presidenciaveis-plano-nacional-para-reduzir-curtailment\/"},"wordCount":376,"publisher":{"@id":"https:\/\/agenciainfra.com\/blog\/#organization"},"image":{"@id":"https:\/\/agenciainfra.com\/blog\/abeeolica-pede-a-presidenciaveis-plano-nacional-para-reduzir-curtailment\/#primaryimage"},"thumbnailUrl":"https:\/\/agenciainfra.com\/blog\/wp-content\/uploads\/2025\/07\/mercado-livre-energia-foto-dominio_publico-e1764157404689.jpg","keywords":["Abee\u00f3lica","armazenamento","curtailment","data centers","epe","Setor El\u00e9trico","subs\u00eddios"],"articleSection":["Destaque lista"],"inLanguage":"pt-BR","copyrightYear":"2026","copyrightHolder":{"@id":"https:\/\/agenciainfra.com\/blog\/#organization"}},{"@type":"WebPage","@id":"https:\/\/agenciainfra.com\/blog\/abeeolica-pede-a-presidenciaveis-plano-nacional-para-reduzir-curtailment\/","url":"https:\/\/agenciainfra.com\/blog\/abeeolica-pede-a-presidenciaveis-plano-nacional-para-reduzir-curtailment\/","name":"Abee\u00f3lica pede a presidenci\u00e1veis plano nacional para reduzir curtailment - Ag\u00eancia iNFRA","isPartOf":{"@id":"https:\/\/agenciainfra.com\/blog\/#website"},"primaryImageOfPage":{"@id":"https:\/\/agenciainfra.com\/blog\/abeeolica-pede-a-presidenciaveis-plano-nacional-para-reduzir-curtailment\/#primaryimage"},"image":{"@id":"https:\/\/agenciainfra.com\/blog\/abeeolica-pede-a-presidenciaveis-plano-nacional-para-reduzir-curtailment\/#primaryimage"},"thumbnailUrl":"https:\/\/agenciainfra.com\/blog\/wp-content\/uploads\/2025\/07\/mercado-livre-energia-foto-dominio_publico-e1764157404689.jpg","datePublished":"2026-09-01T20:04:33+00:00","dateModified":"2026-09-01T20:05:53+00:00","breadcrumb":{"@id":"https:\/\/agenciainfra.com\/blog\/abeeolica-pede-a-presidenciaveis-plano-nacional-para-reduzir-curtailment\/#breadcrumb"},"inLanguage":"pt-BR","potentialAction":[{"@type":"ReadAction","target":["https:\/\/agenciainfra.com\/blog\/abeeolica-pede-a-presidenciaveis-plano-nacional-para-reduzir-curtailment\/"]}]},{"@type":"ImageObject","inLanguage":"pt-BR","@id":"https:\/\/agenciainfra.com\/blog\/abeeolica-pede-a-presidenciaveis-plano-nacional-para-reduzir-curtailment\/#primaryimage","url":"https:\/\/agenciainfra.com\/blog\/wp-content\/uploads\/2025\/07\/mercado-livre-energia-foto-dominio_publico-e1764157404689.jpg","contentUrl":"https:\/\/agenciainfra.com\/blog\/wp-content\/uploads\/2025\/07\/mercado-livre-energia-foto-dominio_publico-e1764157404689.jpg","width":1280,"height":732,"caption":"Foto: Dom\u00ednio p\u00fablico"},{"@type":"BreadcrumbList","@id":"https:\/\/agenciainfra.com\/blog\/abeeolica-pede-a-presidenciaveis-plano-nacional-para-reduzir-curtailment\/#breadcrumb","itemListElement":[{"@type":"ListItem","position":1,"name":"In\u00edcio","item":"https:\/\/agenciainfra.com\/blog\/"},{"@type":"ListItem","position":2,"name":"Abee\u00f3lica pede a presidenci\u00e1veis plano nacional para reduzir curtailment"}]},{"@type":"WebSite","@id":"https:\/\/agenciainfra.com\/blog\/#website","url":"https:\/\/agenciainfra.com\/blog\/","name":"Ag\u00eancia iNFRA","description":"Multiplataforma de informa\u00e7\u00e3o jornal\u00edstica refer\u00eancia na \u00e1rea de infraestrutura no Brasil!","publisher":{"@id":"https:\/\/agenciainfra.com\/blog\/#organization"},"potentialAction":[{"@type":"SearchAction","target":{"@type":"EntryPoint","urlTemplate":"https:\/\/agenciainfra.com\/blog\/?s={search_term_string}"},"query-input":{"@type":"PropertyValueSpecification","valueRequired":true,"valueName":"search_term_string"}}],"inLanguage":"pt-BR"},{"@type":"Organization","@id":"https:\/\/agenciainfra.com\/blog\/#organization","name":"Ag\u00eancia iNFRA","url":"https:\/\/agenciainfra.com\/blog\/","logo":{"@type":"ImageObject","inLanguage":"pt-BR","@id":"https:\/\/agenciainfra.com\/blog\/#\/schema\/logo\/image\/","url":"https:\/\/agenciainfra.com\/blog\/wp-content\/uploads\/2023\/09\/iNFRA_5-e1761735885940.png","contentUrl":"https:\/\/agenciainfra.com\/blog\/wp-content\/uploads\/2023\/09\/iNFRA_5-e1761735885940.png","width":1672,"height":454,"caption":"Ag\u00eancia iNFRA"},"image":{"@id":"https:\/\/agenciainfra.com\/blog\/#\/schema\/logo\/image\/"},"sameAs":["https:\/\/www.facebook.com\/ageninfra","https:\/\/x.com\/agencia_infra","https:\/\/www.linkedin.com\/company\/ag\u00eanciainfra\/","https:\/\/www.instagram.com\/agenciainfra\/"]},{"@type":"Person","@id":"https:\/\/agenciainfra.com\/blog\/#\/schema\/person\/34af08dff6adea4cb22b06612ba7acfa","name":"Ag\u00eancia iNFRA","image":{"@type":"ImageObject","inLanguage":"pt-BR","@id":"https:\/\/secure.gravatar.com\/avatar\/d189e01678f06d8eb84d4e01f08eb848b3fffe3f8443818d3c356c66892f5be8?s=96&d=mm&r=g","url":"https:\/\/secure.gravatar.com\/avatar\/d189e01678f06d8eb84d4e01f08eb848b3fffe3f8443818d3c356c66892f5be8?s=96&d=mm&r=g","contentUrl":"https:\/\/secure.gravatar.com\/avatar\/d189e01678f06d8eb84d4e01f08eb848b3fffe3f8443818d3c356c66892f5be8?s=96&d=mm&r=g","caption":"Ag\u00eancia iNFRA"},"url":"https:\/\/agenciainfra.com\/blog\/author\/admin\/"}]}},"_links":{"self":[{"href":"https:\/\/agenciainfra.com\/blog\/wp-json\/wp\/v2\/posts\/46769","targetHints":{"allow":["GET"]}}],"collection":[{"href":"https:\/\/agenciainfra.com\/blog\/wp-json\/wp\/v2\/posts"}],"about":[{"href":"https:\/\/agenciainfra.com\/blog\/wp-json\/wp\/v2\/types\/post"}],"author":[{"embeddable":true,"href":"https:\/\/agenciainfra.com\/blog\/wp-json\/wp\/v2\/users\/1"}],"replies":[{"embeddable":true,"href":"https:\/\/agenciainfra.com\/blog\/wp-json\/wp\/v2\/comments?post=46769"}],"version-history":[{"count":4,"href":"https:\/\/agenciainfra.com\/blog\/wp-json\/wp\/v2\/posts\/46769\/revisions"}],"predecessor-version":[{"id":46773,"href":"https:\/\/agenciainfra.com\/blog\/wp-json\/wp\/v2\/posts\/46769\/revisions\/46773"}],"wp:featuredmedia":[{"embeddable":true,"href":"https:\/\/agenciainfra.com\/blog\/wp-json\/wp\/v2\/media\/24921"}],"wp:attachment":[{"href":"https:\/\/agenciainfra.com\/blog\/wp-json\/wp\/v2\/media?parent=46769"}],"wp:term":[{"taxonomy":"category","embeddable":true,"href":"https:\/\/agenciainfra.com\/blog\/wp-json\/wp\/v2\/categories?post=46769"},{"taxonomy":"post_tag","embeddable":true,"href":"https:\/\/agenciainfra.com\/blog\/wp-json\/wp\/v2\/tags?post=46769"}],"curies":[{"name":"wp","href":"https:\/\/api.w.org\/{rel}","templated":true}]}}