{"id":46774,"date":"2026-09-01T17:19:58","date_gmt":"2026-09-01T20:19:58","guid":{"rendered":"https:\/\/agenciainfra.com\/blog\/?p=46774"},"modified":"2026-09-01T17:20:02","modified_gmt":"2026-09-01T20:20:02","slug":"mpor-debate-impactos-da-reforma-tributaria-no-transporte-aereo","status":"publish","type":"post","link":"https:\/\/agenciainfra.com\/blog\/mpor-debate-impactos-da-reforma-tributaria-no-transporte-aereo\/","title":{"rendered":"MPor debate impactos da reforma tribut\u00e1ria no transporte a\u00e9reo"},"content":{"rendered":"\n<p class=\"has-text-align-right\"><strong>da Ag\u00eancia iNFRA<\/strong><\/p>\n\n\n\n<p>A SAC (Secretaria Nacional de Avia\u00e7\u00e3o Civil), do Minist\u00e9rio de Portos e Aeroportos, realizar\u00e1 na pr\u00f3xima ter\u00e7a-feira (8), \u00e0s 14h30, em Bras\u00edlia, o encontro \u201cConectividade A\u00e9rea e Desenvolvimento: juntos pelo futuro dos munic\u00edpios brasileiros\u201d. As <a href=\"https:\/\/forms.cloud.microsoft\/pages\/responsepage.aspx?id=ahzwe_vmGkK7srkMPqho9zSfsSs95ptKoJqO2d6aBT5UNk1aMU41VlRNUENQVU8wNzgxNFVZT1RJSi4u&amp;route=shorturl\">inscri\u00e7\u00f5es<\/a> s\u00e3o gratuitas, e o encontro ter\u00e1 como foco os impactos da reforma tribut\u00e1ria sobre o transporte a\u00e9reo de passageiros e cargas e seus poss\u00edveis efeitos sobre a conectividade a\u00e9rea e o acesso da popula\u00e7\u00e3o aos servi\u00e7os. <\/p>\n\n\n\n<p>O evento tamb\u00e9m discutir\u00e1 medidas para preservar a rede a\u00e9rea integrada e a atra\u00e7\u00e3o de investimentos para o setor.<\/p>\n\n\n\n<p>A programa\u00e7\u00e3o prev\u00ea apresenta\u00e7\u00e3o da SAC sobre os impactos da reforma tribut\u00e1ria no transporte a\u00e9reo, seguida de debate com representantes do MDIC (Minist\u00e9rio do Desenvolvimento, Ind\u00fastria, Com\u00e9rcio e Servi\u00e7os), Minist\u00e9rio do Turismo, Abear (Associa\u00e7\u00e3o Brasileira das Empresas A\u00e9reas), ABR (Aeroportos do Brasil), CNC (Confedera\u00e7\u00e3o Nacional do Com\u00e9rcio), Embraer e Iata (Associa\u00e7\u00e3o Internacional de Transportes A\u00e9reos).<\/p>\n\n\n\n<p>O evento ser\u00e1 realizado no Sal\u00e3o Nobre do Minist\u00e9rio de Portos e Aeroportos, em Bras\u00edlia, com possibilidade de participa\u00e7\u00e3o virtual.<\/p>\n","protected":false},"excerpt":{"rendered":"<p>da Ag\u00eancia iNFRA A SAC (Secretaria Nacional de Avia\u00e7\u00e3o Civil), do Minist\u00e9rio de Portos e Aeroportos, realizar\u00e1 na pr\u00f3xima ter\u00e7a-feira (8), \u00e0s 14h30, em Bras\u00edlia, o encontro \u201cConectividade A\u00e9rea e Desenvolvimento: juntos pelo futuro dos munic\u00edpios brasileiros\u201d. As inscri\u00e7\u00f5es s\u00e3o gratuitas, e o encontro ter\u00e1 como foco os impactos da reforma tribut\u00e1ria sobre o transporte [&hellip;]<\/p>\n","protected":false},"author":1,"featured_media":5415,"comment_status":"closed","ping_status":"closed","sticky":false,"template":"","format":"standard","meta":{"_monsterinsights_skip_tracking":false,"_monsterinsights_sitenote_active":false,"_monsterinsights_sitenote_note":"","_monsterinsights_sitenote_category":0,"footnotes":""},"categories":[13576],"tags":[21658,14314,6919,1730,682,362,15794],"class_list":["post-46774","post","type-post","status-publish","format-standard","has-post-thumbnail","hentry","category-giro-infra","tag-atracao-de-investimentos","tag-conectividade-aerea","tag-mpor","tag-reforma-tributaria","tag-sac","tag-transporte-aereo","tag-transporte-aereo-de-passageiros"],"yoast_head":"<!-- This site is optimized with the Yoast SEO Premium plugin v25.4 (Yoast SEO v28.2) - https:\/\/yoast.com\/product\/yoast-seo-premium-wordpress\/ -->\n<title>MPor debate impactos da reforma tribut\u00e1ria no transporte a\u00e9reo - Ag\u00eancia iNFRA<\/title>\n<meta name=\"robots\" content=\"index, follow, max-snippet:-1, max-image-preview:large, max-video-preview:-1\" \/>\n<link rel=\"canonical\" href=\"https:\/\/agenciainfra.com\/blog\/mpor-debate-impactos-da-reforma-tributaria-no-transporte-aereo\/\" \/>\n<meta property=\"og:locale\" content=\"pt_BR\" \/>\n<meta property=\"og:type\" content=\"article\" \/>\n<meta property=\"og:title\" content=\"MPor debate impactos da reforma tribut\u00e1ria no transporte a\u00e9reo\" \/>\n<meta property=\"og:description\" content=\"da Ag\u00eancia iNFRA A SAC (Secretaria Nacional de Avia\u00e7\u00e3o Civil), do Minist\u00e9rio de Portos e Aeroportos, realizar\u00e1 na pr\u00f3xima ter\u00e7a-feira (8), \u00e0s 14h30, em Bras\u00edlia, o encontro \u201cConectividade A\u00e9rea e Desenvolvimento: juntos pelo futuro dos munic\u00edpios brasileiros\u201d. As inscri\u00e7\u00f5es s\u00e3o gratuitas, e o encontro ter\u00e1 como foco os impactos da reforma tribut\u00e1ria sobre o transporte [&hellip;]\" \/>\n<meta property=\"og:url\" content=\"https:\/\/agenciainfra.com\/blog\/mpor-debate-impactos-da-reforma-tributaria-no-transporte-aereo\/\" \/>\n<meta property=\"og:site_name\" content=\"Ag\u00eancia iNFRA\" \/>\n<meta property=\"article:publisher\" content=\"https:\/\/www.facebook.com\/ageninfra\" \/>\n<meta property=\"article:published_time\" content=\"2026-09-01T20:19:58+00:00\" \/>\n<meta property=\"article:modified_time\" content=\"2026-09-01T20:20:02+00:00\" \/>\n<meta property=\"og:image\" content=\"https:\/\/agenciainfra.com\/blog\/wp-content\/uploads\/2020\/07\/aviao3-e1749563487636.jpg\" \/>\n\t<meta property=\"og:image:width\" content=\"1200\" \/>\n\t<meta property=\"og:image:height\" content=\"758\" \/>\n\t<meta property=\"og:image:type\" content=\"image\/jpeg\" \/>\n<meta name=\"author\" content=\"Ag\u00eancia iNFRA\" \/>\n<meta name=\"twitter:card\" content=\"summary_large_image\" \/>\n<meta name=\"twitter:creator\" content=\"@agencia_infra\" \/>\n<meta name=\"twitter:site\" content=\"@agencia_infra\" \/>\n<meta name=\"twitter:label1\" content=\"Escrito por\" \/>\n\t<meta name=\"twitter:data1\" content=\"Ag\u00eancia iNFRA\" \/>\n\t<meta name=\"twitter:label2\" content=\"Est. tempo de leitura\" \/>\n\t<meta name=\"twitter:data2\" content=\"1 minuto\" \/>\n<script type=\"application\/ld+json\" class=\"yoast-schema-graph\">{\"@context\":\"https:\\\/\\\/schema.org\",\"@graph\":[{\"@type\":\"Article\",\"@id\":\"https:\\\/\\\/agenciainfra.com\\\/blog\\\/mpor-debate-impactos-da-reforma-tributaria-no-transporte-aereo\\\/#article\",\"isPartOf\":{\"@id\":\"https:\\\/\\\/agenciainfra.com\\\/blog\\\/mpor-debate-impactos-da-reforma-tributaria-no-transporte-aereo\\\/\"},\"author\":{\"name\":\"Ag\u00eancia iNFRA\",\"@id\":\"https:\\\/\\\/agenciainfra.com\\\/blog\\\/#\\\/schema\\\/person\\\/34af08dff6adea4cb22b06612ba7acfa\"},\"headline\":\"MPor debate impactos da reforma tribut\u00e1ria no transporte a\u00e9reo\",\"datePublished\":\"2026-09-01T20:19:58+00:00\",\"dateModified\":\"2026-09-01T20:20:02+00:00\",\"mainEntityOfPage\":{\"@id\":\"https:\\\/\\\/agenciainfra.com\\\/blog\\\/mpor-debate-impactos-da-reforma-tributaria-no-transporte-aereo\\\/\"},\"wordCount\":217,\"publisher\":{\"@id\":\"https:\\\/\\\/agenciainfra.com\\\/blog\\\/#organization\"},\"image\":{\"@id\":\"https:\\\/\\\/agenciainfra.com\\\/blog\\\/mpor-debate-impactos-da-reforma-tributaria-no-transporte-aereo\\\/#primaryimage\"},\"thumbnailUrl\":\"https:\\\/\\\/agenciainfra.com\\\/blog\\\/wp-content\\\/uploads\\\/2020\\\/07\\\/aviao3-e1749563487636.jpg\",\"keywords\":[\"atra\u00e7\u00e3o de investimentos\",\"conectividade a\u00e9rea\",\"MPor\",\"reforma tribut\u00e1ria\",\"SAC\",\"transporte a\u00e9reo\",\"transporte a\u00e9reo de passageiros\"],\"articleSection\":[\"Giro iNFRA\"],\"inLanguage\":\"pt-BR\",\"copyrightYear\":\"2026\",\"copyrightHolder\":{\"@id\":\"https:\\\/\\\/agenciainfra.com\\\/blog\\\/#organization\"}},{\"@type\":\"WebPage\",\"@id\":\"https:\\\/\\\/agenciainfra.com\\\/blog\\\/mpor-debate-impactos-da-reforma-tributaria-no-transporte-aereo\\\/\",\"url\":\"https:\\\/\\\/agenciainfra.com\\\/blog\\\/mpor-debate-impactos-da-reforma-tributaria-no-transporte-aereo\\\/\",\"name\":\"MPor debate impactos da reforma tribut\u00e1ria no transporte a\u00e9reo - Ag\u00eancia iNFRA\",\"isPartOf\":{\"@id\":\"https:\\\/\\\/agenciainfra.com\\\/blog\\\/#website\"},\"primaryImageOfPage\":{\"@id\":\"https:\\\/\\\/agenciainfra.com\\\/blog\\\/mpor-debate-impactos-da-reforma-tributaria-no-transporte-aereo\\\/#primaryimage\"},\"image\":{\"@id\":\"https:\\\/\\\/agenciainfra.com\\\/blog\\\/mpor-debate-impactos-da-reforma-tributaria-no-transporte-aereo\\\/#primaryimage\"},\"thumbnailUrl\":\"https:\\\/\\\/agenciainfra.com\\\/blog\\\/wp-content\\\/uploads\\\/2020\\\/07\\\/aviao3-e1749563487636.jpg\",\"datePublished\":\"2026-09-01T20:19:58+00:00\",\"dateModified\":\"2026-09-01T20:20:02+00:00\",\"breadcrumb\":{\"@id\":\"https:\\\/\\\/agenciainfra.com\\\/blog\\\/mpor-debate-impactos-da-reforma-tributaria-no-transporte-aereo\\\/#breadcrumb\"},\"inLanguage\":\"pt-BR\",\"potentialAction\":[{\"@type\":\"ReadAction\",\"target\":[\"https:\\\/\\\/agenciainfra.com\\\/blog\\\/mpor-debate-impactos-da-reforma-tributaria-no-transporte-aereo\\\/\"]}]},{\"@type\":\"ImageObject\",\"inLanguage\":\"pt-BR\",\"@id\":\"https:\\\/\\\/agenciainfra.com\\\/blog\\\/mpor-debate-impactos-da-reforma-tributaria-no-transporte-aereo\\\/#primaryimage\",\"url\":\"https:\\\/\\\/agenciainfra.com\\\/blog\\\/wp-content\\\/uploads\\\/2020\\\/07\\\/aviao3-e1749563487636.jpg\",\"contentUrl\":\"https:\\\/\\\/agenciainfra.com\\\/blog\\\/wp-content\\\/uploads\\\/2020\\\/07\\\/aviao3-e1749563487636.jpg\",\"width\":1200,\"height\":758,\"caption\":\"Foto: Dom\u00ednio P\u00fablico\"},{\"@type\":\"BreadcrumbList\",\"@id\":\"https:\\\/\\\/agenciainfra.com\\\/blog\\\/mpor-debate-impactos-da-reforma-tributaria-no-transporte-aereo\\\/#breadcrumb\",\"itemListElement\":[{\"@type\":\"ListItem\",\"position\":1,\"name\":\"In\u00edcio\",\"item\":\"https:\\\/\\\/agenciainfra.com\\\/blog\\\/\"},{\"@type\":\"ListItem\",\"position\":2,\"name\":\"MPor debate impactos da reforma tribut\u00e1ria no transporte a\u00e9reo\"}]},{\"@type\":\"WebSite\",\"@id\":\"https:\\\/\\\/agenciainfra.com\\\/blog\\\/#website\",\"url\":\"https:\\\/\\\/agenciainfra.com\\\/blog\\\/\",\"name\":\"Ag\u00eancia iNFRA\",\"description\":\"Multiplataforma de informa\u00e7\u00e3o jornal\u00edstica refer\u00eancia na \u00e1rea de infraestrutura no Brasil!\",\"publisher\":{\"@id\":\"https:\\\/\\\/agenciainfra.com\\\/blog\\\/#organization\"},\"potentialAction\":[{\"@type\":\"SearchAction\",\"target\":{\"@type\":\"EntryPoint\",\"urlTemplate\":\"https:\\\/\\\/agenciainfra.com\\\/blog\\\/?s={search_term_string}\"},\"query-input\":{\"@type\":\"PropertyValueSpecification\",\"valueRequired\":true,\"valueName\":\"search_term_string\"}}],\"inLanguage\":\"pt-BR\"},{\"@type\":\"Organization\",\"@id\":\"https:\\\/\\\/agenciainfra.com\\\/blog\\\/#organization\",\"name\":\"Ag\u00eancia iNFRA\",\"url\":\"https:\\\/\\\/agenciainfra.com\\\/blog\\\/\",\"logo\":{\"@type\":\"ImageObject\",\"inLanguage\":\"pt-BR\",\"@id\":\"https:\\\/\\\/agenciainfra.com\\\/blog\\\/#\\\/schema\\\/logo\\\/image\\\/\",\"url\":\"https:\\\/\\\/agenciainfra.com\\\/blog\\\/wp-content\\\/uploads\\\/2023\\\/09\\\/iNFRA_5-e1761735885940.png\",\"contentUrl\":\"https:\\\/\\\/agenciainfra.com\\\/blog\\\/wp-content\\\/uploads\\\/2023\\\/09\\\/iNFRA_5-e1761735885940.png\",\"width\":1672,\"height\":454,\"caption\":\"Ag\u00eancia iNFRA\"},\"image\":{\"@id\":\"https:\\\/\\\/agenciainfra.com\\\/blog\\\/#\\\/schema\\\/logo\\\/image\\\/\"},\"sameAs\":[\"https:\\\/\\\/www.facebook.com\\\/ageninfra\",\"https:\\\/\\\/x.com\\\/agencia_infra\",\"https:\\\/\\\/www.linkedin.com\\\/company\\\/ag\u00eanciainfra\\\/\",\"https:\\\/\\\/www.instagram.com\\\/agenciainfra\\\/\"]},{\"@type\":\"Person\",\"@id\":\"https:\\\/\\\/agenciainfra.com\\\/blog\\\/#\\\/schema\\\/person\\\/34af08dff6adea4cb22b06612ba7acfa\",\"name\":\"Ag\u00eancia iNFRA\",\"image\":{\"@type\":\"ImageObject\",\"inLanguage\":\"pt-BR\",\"@id\":\"https:\\\/\\\/secure.gravatar.com\\\/avatar\\\/d189e01678f06d8eb84d4e01f08eb848b3fffe3f8443818d3c356c66892f5be8?s=96&d=mm&r=g\",\"url\":\"https:\\\/\\\/secure.gravatar.com\\\/avatar\\\/d189e01678f06d8eb84d4e01f08eb848b3fffe3f8443818d3c356c66892f5be8?s=96&d=mm&r=g\",\"contentUrl\":\"https:\\\/\\\/secure.gravatar.com\\\/avatar\\\/d189e01678f06d8eb84d4e01f08eb848b3fffe3f8443818d3c356c66892f5be8?s=96&d=mm&r=g\",\"caption\":\"Ag\u00eancia iNFRA\"},\"url\":\"https:\\\/\\\/agenciainfra.com\\\/blog\\\/author\\\/admin\\\/\"}]}<\/script>\n<!-- \/ Yoast SEO Premium plugin. -->","yoast_head_json":{"title":"MPor debate impactos da reforma tribut\u00e1ria no transporte a\u00e9reo - Ag\u00eancia iNFRA","robots":{"index":"index","follow":"follow","max-snippet":"max-snippet:-1","max-image-preview":"max-image-preview:large","max-video-preview":"max-video-preview:-1"},"canonical":"https:\/\/agenciainfra.com\/blog\/mpor-debate-impactos-da-reforma-tributaria-no-transporte-aereo\/","og_locale":"pt_BR","og_type":"article","og_title":"MPor debate impactos da reforma tribut\u00e1ria no transporte a\u00e9reo","og_description":"da Ag\u00eancia iNFRA A SAC (Secretaria Nacional de Avia\u00e7\u00e3o Civil), do Minist\u00e9rio de Portos e Aeroportos, realizar\u00e1 na pr\u00f3xima ter\u00e7a-feira (8), \u00e0s 14h30, em Bras\u00edlia, o encontro \u201cConectividade A\u00e9rea e Desenvolvimento: juntos pelo futuro dos munic\u00edpios brasileiros\u201d. As inscri\u00e7\u00f5es s\u00e3o gratuitas, e o encontro ter\u00e1 como foco os impactos da reforma tribut\u00e1ria sobre o transporte [&hellip;]","og_url":"https:\/\/agenciainfra.com\/blog\/mpor-debate-impactos-da-reforma-tributaria-no-transporte-aereo\/","og_site_name":"Ag\u00eancia iNFRA","article_publisher":"https:\/\/www.facebook.com\/ageninfra","article_published_time":"2026-09-01T20:19:58+00:00","article_modified_time":"2026-09-01T20:20:02+00:00","og_image":[{"width":1200,"height":758,"url":"https:\/\/agenciainfra.com\/blog\/wp-content\/uploads\/2020\/07\/aviao3-e1749563487636.jpg","type":"image\/jpeg"}],"author":"Ag\u00eancia iNFRA","twitter_card":"summary_large_image","twitter_creator":"@agencia_infra","twitter_site":"@agencia_infra","twitter_misc":{"Escrito por":"Ag\u00eancia iNFRA","Est. tempo de leitura":"1 minuto"},"schema":{"@context":"https:\/\/schema.org","@graph":[{"@type":"Article","@id":"https:\/\/agenciainfra.com\/blog\/mpor-debate-impactos-da-reforma-tributaria-no-transporte-aereo\/#article","isPartOf":{"@id":"https:\/\/agenciainfra.com\/blog\/mpor-debate-impactos-da-reforma-tributaria-no-transporte-aereo\/"},"author":{"name":"Ag\u00eancia iNFRA","@id":"https:\/\/agenciainfra.com\/blog\/#\/schema\/person\/34af08dff6adea4cb22b06612ba7acfa"},"headline":"MPor debate impactos da reforma tribut\u00e1ria no transporte a\u00e9reo","datePublished":"2026-09-01T20:19:58+00:00","dateModified":"2026-09-01T20:20:02+00:00","mainEntityOfPage":{"@id":"https:\/\/agenciainfra.com\/blog\/mpor-debate-impactos-da-reforma-tributaria-no-transporte-aereo\/"},"wordCount":217,"publisher":{"@id":"https:\/\/agenciainfra.com\/blog\/#organization"},"image":{"@id":"https:\/\/agenciainfra.com\/blog\/mpor-debate-impactos-da-reforma-tributaria-no-transporte-aereo\/#primaryimage"},"thumbnailUrl":"https:\/\/agenciainfra.com\/blog\/wp-content\/uploads\/2020\/07\/aviao3-e1749563487636.jpg","keywords":["atra\u00e7\u00e3o de investimentos","conectividade a\u00e9rea","MPor","reforma tribut\u00e1ria","SAC","transporte a\u00e9reo","transporte a\u00e9reo de passageiros"],"articleSection":["Giro iNFRA"],"inLanguage":"pt-BR","copyrightYear":"2026","copyrightHolder":{"@id":"https:\/\/agenciainfra.com\/blog\/#organization"}},{"@type":"WebPage","@id":"https:\/\/agenciainfra.com\/blog\/mpor-debate-impactos-da-reforma-tributaria-no-transporte-aereo\/","url":"https:\/\/agenciainfra.com\/blog\/mpor-debate-impactos-da-reforma-tributaria-no-transporte-aereo\/","name":"MPor debate impactos da reforma tribut\u00e1ria no transporte a\u00e9reo - Ag\u00eancia iNFRA","isPartOf":{"@id":"https:\/\/agenciainfra.com\/blog\/#website"},"primaryImageOfPage":{"@id":"https:\/\/agenciainfra.com\/blog\/mpor-debate-impactos-da-reforma-tributaria-no-transporte-aereo\/#primaryimage"},"image":{"@id":"https:\/\/agenciainfra.com\/blog\/mpor-debate-impactos-da-reforma-tributaria-no-transporte-aereo\/#primaryimage"},"thumbnailUrl":"https:\/\/agenciainfra.com\/blog\/wp-content\/uploads\/2020\/07\/aviao3-e1749563487636.jpg","datePublished":"2026-09-01T20:19:58+00:00","dateModified":"2026-09-01T20:20:02+00:00","breadcrumb":{"@id":"https:\/\/agenciainfra.com\/blog\/mpor-debate-impactos-da-reforma-tributaria-no-transporte-aereo\/#breadcrumb"},"inLanguage":"pt-BR","potentialAction":[{"@type":"ReadAction","target":["https:\/\/agenciainfra.com\/blog\/mpor-debate-impactos-da-reforma-tributaria-no-transporte-aereo\/"]}]},{"@type":"ImageObject","inLanguage":"pt-BR","@id":"https:\/\/agenciainfra.com\/blog\/mpor-debate-impactos-da-reforma-tributaria-no-transporte-aereo\/#primaryimage","url":"https:\/\/agenciainfra.com\/blog\/wp-content\/uploads\/2020\/07\/aviao3-e1749563487636.jpg","contentUrl":"https:\/\/agenciainfra.com\/blog\/wp-content\/uploads\/2020\/07\/aviao3-e1749563487636.jpg","width":1200,"height":758,"caption":"Foto: Dom\u00ednio P\u00fablico"},{"@type":"BreadcrumbList","@id":"https:\/\/agenciainfra.com\/blog\/mpor-debate-impactos-da-reforma-tributaria-no-transporte-aereo\/#breadcrumb","itemListElement":[{"@type":"ListItem","position":1,"name":"In\u00edcio","item":"https:\/\/agenciainfra.com\/blog\/"},{"@type":"ListItem","position":2,"name":"MPor debate impactos da reforma tribut\u00e1ria no transporte a\u00e9reo"}]},{"@type":"WebSite","@id":"https:\/\/agenciainfra.com\/blog\/#website","url":"https:\/\/agenciainfra.com\/blog\/","name":"Ag\u00eancia iNFRA","description":"Multiplataforma de informa\u00e7\u00e3o jornal\u00edstica refer\u00eancia na \u00e1rea de infraestrutura no Brasil!","publisher":{"@id":"https:\/\/agenciainfra.com\/blog\/#organization"},"potentialAction":[{"@type":"SearchAction","target":{"@type":"EntryPoint","urlTemplate":"https:\/\/agenciainfra.com\/blog\/?s={search_term_string}"},"query-input":{"@type":"PropertyValueSpecification","valueRequired":true,"valueName":"search_term_string"}}],"inLanguage":"pt-BR"},{"@type":"Organization","@id":"https:\/\/agenciainfra.com\/blog\/#organization","name":"Ag\u00eancia iNFRA","url":"https:\/\/agenciainfra.com\/blog\/","logo":{"@type":"ImageObject","inLanguage":"pt-BR","@id":"https:\/\/agenciainfra.com\/blog\/#\/schema\/logo\/image\/","url":"https:\/\/agenciainfra.com\/blog\/wp-content\/uploads\/2023\/09\/iNFRA_5-e1761735885940.png","contentUrl":"https:\/\/agenciainfra.com\/blog\/wp-content\/uploads\/2023\/09\/iNFRA_5-e1761735885940.png","width":1672,"height":454,"caption":"Ag\u00eancia iNFRA"},"image":{"@id":"https:\/\/agenciainfra.com\/blog\/#\/schema\/logo\/image\/"},"sameAs":["https:\/\/www.facebook.com\/ageninfra","https:\/\/x.com\/agencia_infra","https:\/\/www.linkedin.com\/company\/ag\u00eanciainfra\/","https:\/\/www.instagram.com\/agenciainfra\/"]},{"@type":"Person","@id":"https:\/\/agenciainfra.com\/blog\/#\/schema\/person\/34af08dff6adea4cb22b06612ba7acfa","name":"Ag\u00eancia iNFRA","image":{"@type":"ImageObject","inLanguage":"pt-BR","@id":"https:\/\/secure.gravatar.com\/avatar\/d189e01678f06d8eb84d4e01f08eb848b3fffe3f8443818d3c356c66892f5be8?s=96&d=mm&r=g","url":"https:\/\/secure.gravatar.com\/avatar\/d189e01678f06d8eb84d4e01f08eb848b3fffe3f8443818d3c356c66892f5be8?s=96&d=mm&r=g","contentUrl":"https:\/\/secure.gravatar.com\/avatar\/d189e01678f06d8eb84d4e01f08eb848b3fffe3f8443818d3c356c66892f5be8?s=96&d=mm&r=g","caption":"Ag\u00eancia iNFRA"},"url":"https:\/\/agenciainfra.com\/blog\/author\/admin\/"}]}},"_links":{"self":[{"href":"https:\/\/agenciainfra.com\/blog\/wp-json\/wp\/v2\/posts\/46774","targetHints":{"allow":["GET"]}}],"collection":[{"href":"https:\/\/agenciainfra.com\/blog\/wp-json\/wp\/v2\/posts"}],"about":[{"href":"https:\/\/agenciainfra.com\/blog\/wp-json\/wp\/v2\/types\/post"}],"author":[{"embeddable":true,"href":"https:\/\/agenciainfra.com\/blog\/wp-json\/wp\/v2\/users\/1"}],"replies":[{"embeddable":true,"href":"https:\/\/agenciainfra.com\/blog\/wp-json\/wp\/v2\/comments?post=46774"}],"version-history":[{"count":1,"href":"https:\/\/agenciainfra.com\/blog\/wp-json\/wp\/v2\/posts\/46774\/revisions"}],"predecessor-version":[{"id":46775,"href":"https:\/\/agenciainfra.com\/blog\/wp-json\/wp\/v2\/posts\/46774\/revisions\/46775"}],"wp:featuredmedia":[{"embeddable":true,"href":"https:\/\/agenciainfra.com\/blog\/wp-json\/wp\/v2\/media\/5415"}],"wp:attachment":[{"href":"https:\/\/agenciainfra.com\/blog\/wp-json\/wp\/v2\/media?parent=46774"}],"wp:term":[{"taxonomy":"category","embeddable":true,"href":"https:\/\/agenciainfra.com\/blog\/wp-json\/wp\/v2\/categories?post=46774"},{"taxonomy":"post_tag","embeddable":true,"href":"https:\/\/agenciainfra.com\/blog\/wp-json\/wp\/v2\/tags?post=46774"}],"curies":[{"name":"wp","href":"https:\/\/api.w.org\/{rel}","templated":true}]}}