{"id":46778,"date":"2026-09-01T17:32:18","date_gmt":"2026-09-01T20:32:18","guid":{"rendered":"https:\/\/agenciainfra.com\/blog\/?p=46778"},"modified":"2026-09-01T17:33:34","modified_gmt":"2026-09-01T20:33:34","slug":"diretora-da-anp-minimiza-judicializacao-na-revisao-tarifaria-do-transporte-de-gas-natural","status":"publish","type":"post","link":"https:\/\/agenciainfra.com\/blog\/diretora-da-anp-minimiza-judicializacao-na-revisao-tarifaria-do-transporte-de-gas-natural\/","title":{"rendered":"Diretora da ANP minimiza judicializa\u00e7\u00e3o na revis\u00e3o tarif\u00e1ria do transporte de g\u00e1s"},"content":{"rendered":"\n<p class=\"has-text-align-right\"><strong>Gabriel Vasconcelos, da Ag\u00eancia iNFRA<\/strong><\/p>\n\n\n\n<p>A diretora da ANP (Ag\u00eancia Nacional do Petr\u00f3leo, G\u00e1s Natural e Biocombust\u00edveis), Symone Ara\u00fajo, minimizou nesta ter\u00e7a-feira (1) a judicializa\u00e7\u00e3o da revis\u00e3o tarif\u00e1ria do transporte de mol\u00e9cula pelas empresas do setor.<\/p>\n\n\n\n<p>Ela tamb\u00e9m defendeu os esfor\u00e7os regulat\u00f3rios da autarquia para abrir o mercado de g\u00e1s, o que chamou de &#8220;brazilian storm da regula\u00e7\u00e3o&#8221;, em par\u00e1frase \u00e0 ascens\u00e3o dos surfistas brasileiros no cen\u00e1rio internacional.<\/p>\n\n\n\n<p>No rol de medidas defendidas, Symone listou o programa de desconcentra\u00e7\u00e3o G\u00e1s Release, a revis\u00e3o tarif\u00e1ria do transporte de g\u00e1s, a quest\u00e3o do acesso de terceiros a infraestruturas essenciais, a classifica\u00e7\u00e3o de gasodutos de transporte, e a regulamenta\u00e7\u00e3o do biometano.<\/p>\n\n\n\n<p>&#8220;Esse debate sobre a revis\u00e3o tarif\u00e1ria \u00e9 absolutamente natural. E n\u00e3o \u00e9 desej\u00e1vel essa judicializa\u00e7\u00e3o, que tem custos pr\u00f3prios para quem judicializa e para quem sofre a judicializa\u00e7\u00e3o. Mas a ANP est\u00e1 muito acostumada a judicializa\u00e7\u00f5es, \u00e9 pr\u00f3prio da atividade&#8221;, disse.<\/p>\n\n\n\n<p>&#8220;Vamos enfrentar esta ou qualquer situa\u00e7\u00e3o de judicializa\u00e7\u00e3o, com celeridade e compet\u00eancia t\u00e9cnica&#8221;, continuou. A diretora da ANP fez as afirma\u00e7\u00f5es durante a Gas&amp;Energy Week, evento do setor de g\u00e1s realizado no Rio de Janeiro.<\/p>\n\n\n\n<p><strong>Lit\u00edgio<\/strong><br>Na semana passada, a ATG\u00e1s (Associa\u00e7\u00e3o de Empresas de Transporte de G\u00e1s Natural por Gasoduto) foi \u00e0 Justi\u00e7a para tornar ilegal um trecho de resolu\u00e7\u00e3o da ANP que lista o RCM (M\u00e9todo de Capital Recuperado) entre os poss\u00edveis m\u00e9todos de valora\u00e7\u00e3o das BRA (Base Regulat\u00f3ria de Ativos) das transportadoras, um dos par\u00e2metros que pesam no reajuste das tarifas por a serem praticadas por essas empresas no quinqu\u00eanio at\u00e9 2030. A a\u00e7\u00e3o, apurou a Ag\u00eancia iNFRA, ainda teve desdobramentos na Justi\u00e7a Federal.<\/p>\n\n\n\n<p>Em avalia\u00e7\u00e3o na ANP, o RCM acusa valores bem inferiores aos calculados pelas pr\u00f3prias empresas ou at\u00e9 mesmo sobre-remunera\u00e7\u00e3o, o que poderia esvaziar os reajustes. Segundo a ATG\u00e1s, o m\u00e9todo foi introduzido em resolu\u00e7\u00e3o da ANP com a presente revis\u00e3o j\u00e1 em curso e, por isso, sua aplica\u00e7\u00e3o seria ilegal. Para al\u00e9m disso, a associa\u00e7\u00e3o alega que o m\u00e9todo n\u00e3o foi devidamente testado no setor de g\u00e1s ou qualquer outro no Brasil e sua aplica\u00e7\u00e3o teria limita\u00e7\u00f5es, como a necessidade de um hist\u00f3rico detalhado da vida financeira dos ativos.<\/p>\n\n\n\n<p><strong>&#8216;M\u00e3o do regulador&#8217;<\/strong><br>A diretora foi contundente ao afirmar que a ANP tem papel relevante na forma\u00e7\u00e3o de pre\u00e7o do g\u00e1s porque, embora n\u00e3o estabele\u00e7a o pre\u00e7o da mol\u00e9cula, regula o acesso a escoamento e processamento e aprova as tarifas de transporte.<\/p>\n\n\n\n<p>&#8220;Quando se fala de infraestruturas essenciais, h\u00e1 uma confus\u00e3o conceitual. Ainda que n\u00e3o seja tarifa, estamos falando do pre\u00e7o da presta\u00e7\u00e3o do servi\u00e7o, que n\u00e3o escapa da necessidade da regula\u00e7\u00e3o. N\u00e3o confundam o fato de o acesso ser negociado com a impress\u00e3o de que n\u00e3o haver\u00e1 a m\u00e3o do regulador, porque ele define as regras, elementos e diretrizes para essa negocia\u00e7\u00e3o&#8221;, disse.<\/p>\n\n\n\n<p>Ainda sobre isso, ela afirmou que a atua\u00e7\u00e3o da ANP est\u00e1 &#8220;bastante empoderada&#8221; pelo TCU (Tribunal de Contas da Uni\u00e3o), que determinou em auditoria a cria\u00e7\u00e3o de um portal com informa\u00e7\u00f5es abertas sobre as chamadas infraestruturas essenciais (gasodutos submarinos, unidades de processamento, terminais de GNL).<\/p>\n\n\n\n<p>Com rela\u00e7\u00e3o ao direito de prefer\u00eancia dos donos das infraestruturas, ponto pol\u00eamico da regulamenta\u00e7\u00e3o, Symone disse que este ser\u00e1 preservado, ainda que em horizonte limitado, e reiterou a inten\u00e7\u00e3o da ANP de n\u00e3o permitir que essa previs\u00e3o legal continue a ser usada como barreira de entrada a terceiros produtores.<\/p>\n\n\n\n<p>Em seguida, ela destacou a tradi\u00e7\u00e3o de respeito do regulador a seguran\u00e7a dos contratos. &#8220;Em nenhum momento a ANP fara qualquer movimento que possa induzir ou fazer pensar que haver\u00e1 rompimento dos contratos&#8221;, disse.<\/p>\n\n\n\n<p><strong>Gas Release<\/strong><br>Ao comentar o Gas Release, que defendeu como parte importante para evolu\u00e7\u00e3o da abertura do mercado, foi enf\u00e1tica ao dizer que o programa n\u00e3o afetar\u00e1 &#8220;em nenhum momento&#8221; o direito sobre g\u00e1s pr\u00f3prio. &#8220;J\u00e1 deixamos claro que n\u00e3o haver\u00e1 avan\u00e7os sobre g\u00e1s pr\u00f3prio&#8221;, disse.<\/p>\n\n\n\n<p>Ainda assim, nos bastidores, a Petrobras, principal afetada pela medida, se posiciona contrariamente \u00e0 possibilidade de revis\u00e3o do escopo do programa em 2030, sob o argumento de que isso seria uma janela de inseguran\u00e7a para avan\u00e7ar sobre o g\u00e1s pr\u00f3prio da estatal.<\/p>\n","protected":false},"excerpt":{"rendered":"<p>Gabriel Vasconcelos, da Ag\u00eancia iNFRA A diretora da ANP (Ag\u00eancia Nacional do Petr\u00f3leo, G\u00e1s Natural e Biocombust\u00edveis), Symone Ara\u00fajo, minimizou nesta ter\u00e7a-feira (1) a judicializa\u00e7\u00e3o da revis\u00e3o tarif\u00e1ria do transporte de mol\u00e9cula pelas empresas do setor. Ela tamb\u00e9m defendeu os esfor\u00e7os regulat\u00f3rios da autarquia para abrir o mercado de g\u00e1s, o que chamou de &#8220;brazilian [&hellip;]<\/p>\n","protected":false},"author":1,"featured_media":37842,"comment_status":"closed","ping_status":"closed","sticky":false,"template":"","format":"standard","meta":{"_monsterinsights_skip_tracking":false,"_monsterinsights_sitenote_active":false,"_monsterinsights_sitenote_note":"","_monsterinsights_sitenote_category":0,"footnotes":""},"categories":[7250],"tags":[13251,882,6487,143,2690,13389,4959,21660],"class_list":["post-46778","post","type-post","status-publish","format-standard","has-post-thumbnail","hentry","category-destaque-lista","tag-gabriel-vasconcelos","tag-gas-natural","tag-gas-release","tag-petrobras","tag-revisao-tarifaria","tag-symone-araujo","tag-tarifas-de-transporte","tag-transporte-de-molecula"],"yoast_head":"<!-- This site is optimized with the Yoast SEO Premium plugin v25.4 (Yoast SEO v28.2) - https:\/\/yoast.com\/product\/yoast-seo-premium-wordpress\/ -->\n<title>Diretora da ANP minimiza judicializa\u00e7\u00e3o na revis\u00e3o tarif\u00e1ria do transporte de g\u00e1s - Ag\u00eancia iNFRA<\/title>\n<meta name=\"robots\" content=\"index, follow, max-snippet:-1, max-image-preview:large, max-video-preview:-1\" \/>\n<link rel=\"canonical\" href=\"https:\/\/agenciainfra.com\/blog\/diretora-da-anp-minimiza-judicializacao-na-revisao-tarifaria-do-transporte-de-gas-natural\/\" \/>\n<meta property=\"og:locale\" content=\"pt_BR\" \/>\n<meta property=\"og:type\" content=\"article\" \/>\n<meta property=\"og:title\" content=\"Diretora da ANP minimiza judicializa\u00e7\u00e3o na revis\u00e3o tarif\u00e1ria do transporte de g\u00e1s\" \/>\n<meta property=\"og:description\" content=\"Gabriel Vasconcelos, da Ag\u00eancia iNFRA A diretora da ANP (Ag\u00eancia Nacional do Petr\u00f3leo, G\u00e1s Natural e Biocombust\u00edveis), Symone Ara\u00fajo, minimizou nesta ter\u00e7a-feira (1) a judicializa\u00e7\u00e3o da revis\u00e3o tarif\u00e1ria do transporte de mol\u00e9cula pelas empresas do setor. Ela tamb\u00e9m defendeu os esfor\u00e7os regulat\u00f3rios da autarquia para abrir o mercado de g\u00e1s, o que chamou de &#8220;brazilian [&hellip;]\" \/>\n<meta property=\"og:url\" content=\"https:\/\/agenciainfra.com\/blog\/diretora-da-anp-minimiza-judicializacao-na-revisao-tarifaria-do-transporte-de-gas-natural\/\" \/>\n<meta property=\"og:site_name\" content=\"Ag\u00eancia iNFRA\" \/>\n<meta property=\"article:publisher\" content=\"https:\/\/www.facebook.com\/ageninfra\" \/>\n<meta property=\"article:published_time\" content=\"2026-09-01T20:32:18+00:00\" \/>\n<meta property=\"article:modified_time\" content=\"2026-09-01T20:33:34+00:00\" \/>\n<meta property=\"og:image\" content=\"https:\/\/agenciainfra.com\/blog\/wp-content\/uploads\/2026\/03\/symone-araujo-foto-pepe_oliveira_anp-e1773410831820.jpg\" \/>\n\t<meta property=\"og:image:width\" content=\"1278\" \/>\n\t<meta property=\"og:image:height\" content=\"780\" \/>\n\t<meta property=\"og:image:type\" content=\"image\/jpeg\" \/>\n<meta name=\"author\" content=\"Ag\u00eancia iNFRA\" \/>\n<meta name=\"twitter:card\" content=\"summary_large_image\" \/>\n<meta name=\"twitter:creator\" content=\"@agencia_infra\" \/>\n<meta name=\"twitter:site\" content=\"@agencia_infra\" \/>\n<meta name=\"twitter:label1\" content=\"Escrito por\" \/>\n\t<meta name=\"twitter:data1\" content=\"Ag\u00eancia iNFRA\" \/>\n\t<meta name=\"twitter:label2\" content=\"Est. tempo de leitura\" \/>\n\t<meta name=\"twitter:data2\" content=\"4 minutos\" \/>\n<script type=\"application\/ld+json\" class=\"yoast-schema-graph\">{\"@context\":\"https:\\\/\\\/schema.org\",\"@graph\":[{\"@type\":\"Article\",\"@id\":\"https:\\\/\\\/agenciainfra.com\\\/blog\\\/diretora-da-anp-minimiza-judicializacao-na-revisao-tarifaria-do-transporte-de-gas-natural\\\/#article\",\"isPartOf\":{\"@id\":\"https:\\\/\\\/agenciainfra.com\\\/blog\\\/diretora-da-anp-minimiza-judicializacao-na-revisao-tarifaria-do-transporte-de-gas-natural\\\/\"},\"author\":{\"name\":\"Ag\u00eancia iNFRA\",\"@id\":\"https:\\\/\\\/agenciainfra.com\\\/blog\\\/#\\\/schema\\\/person\\\/34af08dff6adea4cb22b06612ba7acfa\"},\"headline\":\"Diretora da ANP minimiza judicializa\u00e7\u00e3o na revis\u00e3o tarif\u00e1ria do transporte de g\u00e1s\",\"datePublished\":\"2026-09-01T20:32:18+00:00\",\"dateModified\":\"2026-09-01T20:33:34+00:00\",\"mainEntityOfPage\":{\"@id\":\"https:\\\/\\\/agenciainfra.com\\\/blog\\\/diretora-da-anp-minimiza-judicializacao-na-revisao-tarifaria-do-transporte-de-gas-natural\\\/\"},\"wordCount\":805,\"publisher\":{\"@id\":\"https:\\\/\\\/agenciainfra.com\\\/blog\\\/#organization\"},\"image\":{\"@id\":\"https:\\\/\\\/agenciainfra.com\\\/blog\\\/diretora-da-anp-minimiza-judicializacao-na-revisao-tarifaria-do-transporte-de-gas-natural\\\/#primaryimage\"},\"thumbnailUrl\":\"https:\\\/\\\/agenciainfra.com\\\/blog\\\/wp-content\\\/uploads\\\/2026\\\/03\\\/symone-araujo-foto-pepe_oliveira_anp-e1773410831820.jpg\",\"keywords\":[\"Gabriel Vasconcelos\",\"g\u00e1s natural\",\"Gas Release\",\"Petrobras\",\"revis\u00e3o tarif\u00e1ria\",\"symone ara\u00fajo\",\"tarifas de transporte\",\"transporte de mol\u00e9cula\"],\"articleSection\":[\"Destaque lista\"],\"inLanguage\":\"pt-BR\",\"copyrightYear\":\"2026\",\"copyrightHolder\":{\"@id\":\"https:\\\/\\\/agenciainfra.com\\\/blog\\\/#organization\"}},{\"@type\":\"WebPage\",\"@id\":\"https:\\\/\\\/agenciainfra.com\\\/blog\\\/diretora-da-anp-minimiza-judicializacao-na-revisao-tarifaria-do-transporte-de-gas-natural\\\/\",\"url\":\"https:\\\/\\\/agenciainfra.com\\\/blog\\\/diretora-da-anp-minimiza-judicializacao-na-revisao-tarifaria-do-transporte-de-gas-natural\\\/\",\"name\":\"Diretora da ANP minimiza judicializa\u00e7\u00e3o na revis\u00e3o tarif\u00e1ria do transporte de g\u00e1s - Ag\u00eancia iNFRA\",\"isPartOf\":{\"@id\":\"https:\\\/\\\/agenciainfra.com\\\/blog\\\/#website\"},\"primaryImageOfPage\":{\"@id\":\"https:\\\/\\\/agenciainfra.com\\\/blog\\\/diretora-da-anp-minimiza-judicializacao-na-revisao-tarifaria-do-transporte-de-gas-natural\\\/#primaryimage\"},\"image\":{\"@id\":\"https:\\\/\\\/agenciainfra.com\\\/blog\\\/diretora-da-anp-minimiza-judicializacao-na-revisao-tarifaria-do-transporte-de-gas-natural\\\/#primaryimage\"},\"thumbnailUrl\":\"https:\\\/\\\/agenciainfra.com\\\/blog\\\/wp-content\\\/uploads\\\/2026\\\/03\\\/symone-araujo-foto-pepe_oliveira_anp-e1773410831820.jpg\",\"datePublished\":\"2026-09-01T20:32:18+00:00\",\"dateModified\":\"2026-09-01T20:33:34+00:00\",\"breadcrumb\":{\"@id\":\"https:\\\/\\\/agenciainfra.com\\\/blog\\\/diretora-da-anp-minimiza-judicializacao-na-revisao-tarifaria-do-transporte-de-gas-natural\\\/#breadcrumb\"},\"inLanguage\":\"pt-BR\",\"potentialAction\":[{\"@type\":\"ReadAction\",\"target\":[\"https:\\\/\\\/agenciainfra.com\\\/blog\\\/diretora-da-anp-minimiza-judicializacao-na-revisao-tarifaria-do-transporte-de-gas-natural\\\/\"]}]},{\"@type\":\"ImageObject\",\"inLanguage\":\"pt-BR\",\"@id\":\"https:\\\/\\\/agenciainfra.com\\\/blog\\\/diretora-da-anp-minimiza-judicializacao-na-revisao-tarifaria-do-transporte-de-gas-natural\\\/#primaryimage\",\"url\":\"https:\\\/\\\/agenciainfra.com\\\/blog\\\/wp-content\\\/uploads\\\/2026\\\/03\\\/symone-araujo-foto-pepe_oliveira_anp-e1773410831820.jpg\",\"contentUrl\":\"https:\\\/\\\/agenciainfra.com\\\/blog\\\/wp-content\\\/uploads\\\/2026\\\/03\\\/symone-araujo-foto-pepe_oliveira_anp-e1773410831820.jpg\",\"width\":1278,\"height\":780,\"caption\":\"Foto: Pep\u00ea Oliveira\\\/ANP\"},{\"@type\":\"BreadcrumbList\",\"@id\":\"https:\\\/\\\/agenciainfra.com\\\/blog\\\/diretora-da-anp-minimiza-judicializacao-na-revisao-tarifaria-do-transporte-de-gas-natural\\\/#breadcrumb\",\"itemListElement\":[{\"@type\":\"ListItem\",\"position\":1,\"name\":\"In\u00edcio\",\"item\":\"https:\\\/\\\/agenciainfra.com\\\/blog\\\/\"},{\"@type\":\"ListItem\",\"position\":2,\"name\":\"Diretora da ANP minimiza judicializa\u00e7\u00e3o na revis\u00e3o tarif\u00e1ria do transporte de g\u00e1s\"}]},{\"@type\":\"WebSite\",\"@id\":\"https:\\\/\\\/agenciainfra.com\\\/blog\\\/#website\",\"url\":\"https:\\\/\\\/agenciainfra.com\\\/blog\\\/\",\"name\":\"Ag\u00eancia iNFRA\",\"description\":\"Multiplataforma de informa\u00e7\u00e3o jornal\u00edstica refer\u00eancia na \u00e1rea de infraestrutura no Brasil!\",\"publisher\":{\"@id\":\"https:\\\/\\\/agenciainfra.com\\\/blog\\\/#organization\"},\"potentialAction\":[{\"@type\":\"SearchAction\",\"target\":{\"@type\":\"EntryPoint\",\"urlTemplate\":\"https:\\\/\\\/agenciainfra.com\\\/blog\\\/?s={search_term_string}\"},\"query-input\":{\"@type\":\"PropertyValueSpecification\",\"valueRequired\":true,\"valueName\":\"search_term_string\"}}],\"inLanguage\":\"pt-BR\"},{\"@type\":\"Organization\",\"@id\":\"https:\\\/\\\/agenciainfra.com\\\/blog\\\/#organization\",\"name\":\"Ag\u00eancia iNFRA\",\"url\":\"https:\\\/\\\/agenciainfra.com\\\/blog\\\/\",\"logo\":{\"@type\":\"ImageObject\",\"inLanguage\":\"pt-BR\",\"@id\":\"https:\\\/\\\/agenciainfra.com\\\/blog\\\/#\\\/schema\\\/logo\\\/image\\\/\",\"url\":\"https:\\\/\\\/agenciainfra.com\\\/blog\\\/wp-content\\\/uploads\\\/2023\\\/09\\\/iNFRA_5-e1761735885940.png\",\"contentUrl\":\"https:\\\/\\\/agenciainfra.com\\\/blog\\\/wp-content\\\/uploads\\\/2023\\\/09\\\/iNFRA_5-e1761735885940.png\",\"width\":1672,\"height\":454,\"caption\":\"Ag\u00eancia iNFRA\"},\"image\":{\"@id\":\"https:\\\/\\\/agenciainfra.com\\\/blog\\\/#\\\/schema\\\/logo\\\/image\\\/\"},\"sameAs\":[\"https:\\\/\\\/www.facebook.com\\\/ageninfra\",\"https:\\\/\\\/x.com\\\/agencia_infra\",\"https:\\\/\\\/www.linkedin.com\\\/company\\\/ag\u00eanciainfra\\\/\",\"https:\\\/\\\/www.instagram.com\\\/agenciainfra\\\/\"]},{\"@type\":\"Person\",\"@id\":\"https:\\\/\\\/agenciainfra.com\\\/blog\\\/#\\\/schema\\\/person\\\/34af08dff6adea4cb22b06612ba7acfa\",\"name\":\"Ag\u00eancia iNFRA\",\"image\":{\"@type\":\"ImageObject\",\"inLanguage\":\"pt-BR\",\"@id\":\"https:\\\/\\\/secure.gravatar.com\\\/avatar\\\/d189e01678f06d8eb84d4e01f08eb848b3fffe3f8443818d3c356c66892f5be8?s=96&d=mm&r=g\",\"url\":\"https:\\\/\\\/secure.gravatar.com\\\/avatar\\\/d189e01678f06d8eb84d4e01f08eb848b3fffe3f8443818d3c356c66892f5be8?s=96&d=mm&r=g\",\"contentUrl\":\"https:\\\/\\\/secure.gravatar.com\\\/avatar\\\/d189e01678f06d8eb84d4e01f08eb848b3fffe3f8443818d3c356c66892f5be8?s=96&d=mm&r=g\",\"caption\":\"Ag\u00eancia iNFRA\"},\"url\":\"https:\\\/\\\/agenciainfra.com\\\/blog\\\/author\\\/admin\\\/\"}]}<\/script>\n<!-- \/ Yoast SEO Premium plugin. -->","yoast_head_json":{"title":"Diretora da ANP minimiza judicializa\u00e7\u00e3o na revis\u00e3o tarif\u00e1ria do transporte de g\u00e1s - Ag\u00eancia iNFRA","robots":{"index":"index","follow":"follow","max-snippet":"max-snippet:-1","max-image-preview":"max-image-preview:large","max-video-preview":"max-video-preview:-1"},"canonical":"https:\/\/agenciainfra.com\/blog\/diretora-da-anp-minimiza-judicializacao-na-revisao-tarifaria-do-transporte-de-gas-natural\/","og_locale":"pt_BR","og_type":"article","og_title":"Diretora da ANP minimiza judicializa\u00e7\u00e3o na revis\u00e3o tarif\u00e1ria do transporte de g\u00e1s","og_description":"Gabriel Vasconcelos, da Ag\u00eancia iNFRA A diretora da ANP (Ag\u00eancia Nacional do Petr\u00f3leo, G\u00e1s Natural e Biocombust\u00edveis), Symone Ara\u00fajo, minimizou nesta ter\u00e7a-feira (1) a judicializa\u00e7\u00e3o da revis\u00e3o tarif\u00e1ria do transporte de mol\u00e9cula pelas empresas do setor. Ela tamb\u00e9m defendeu os esfor\u00e7os regulat\u00f3rios da autarquia para abrir o mercado de g\u00e1s, o que chamou de &#8220;brazilian [&hellip;]","og_url":"https:\/\/agenciainfra.com\/blog\/diretora-da-anp-minimiza-judicializacao-na-revisao-tarifaria-do-transporte-de-gas-natural\/","og_site_name":"Ag\u00eancia iNFRA","article_publisher":"https:\/\/www.facebook.com\/ageninfra","article_published_time":"2026-09-01T20:32:18+00:00","article_modified_time":"2026-09-01T20:33:34+00:00","og_image":[{"width":1278,"height":780,"url":"https:\/\/agenciainfra.com\/blog\/wp-content\/uploads\/2026\/03\/symone-araujo-foto-pepe_oliveira_anp-e1773410831820.jpg","type":"image\/jpeg"}],"author":"Ag\u00eancia iNFRA","twitter_card":"summary_large_image","twitter_creator":"@agencia_infra","twitter_site":"@agencia_infra","twitter_misc":{"Escrito por":"Ag\u00eancia iNFRA","Est. tempo de leitura":"4 minutos"},"schema":{"@context":"https:\/\/schema.org","@graph":[{"@type":"Article","@id":"https:\/\/agenciainfra.com\/blog\/diretora-da-anp-minimiza-judicializacao-na-revisao-tarifaria-do-transporte-de-gas-natural\/#article","isPartOf":{"@id":"https:\/\/agenciainfra.com\/blog\/diretora-da-anp-minimiza-judicializacao-na-revisao-tarifaria-do-transporte-de-gas-natural\/"},"author":{"name":"Ag\u00eancia iNFRA","@id":"https:\/\/agenciainfra.com\/blog\/#\/schema\/person\/34af08dff6adea4cb22b06612ba7acfa"},"headline":"Diretora da ANP minimiza judicializa\u00e7\u00e3o na revis\u00e3o tarif\u00e1ria do transporte de g\u00e1s","datePublished":"2026-09-01T20:32:18+00:00","dateModified":"2026-09-01T20:33:34+00:00","mainEntityOfPage":{"@id":"https:\/\/agenciainfra.com\/blog\/diretora-da-anp-minimiza-judicializacao-na-revisao-tarifaria-do-transporte-de-gas-natural\/"},"wordCount":805,"publisher":{"@id":"https:\/\/agenciainfra.com\/blog\/#organization"},"image":{"@id":"https:\/\/agenciainfra.com\/blog\/diretora-da-anp-minimiza-judicializacao-na-revisao-tarifaria-do-transporte-de-gas-natural\/#primaryimage"},"thumbnailUrl":"https:\/\/agenciainfra.com\/blog\/wp-content\/uploads\/2026\/03\/symone-araujo-foto-pepe_oliveira_anp-e1773410831820.jpg","keywords":["Gabriel Vasconcelos","g\u00e1s natural","Gas Release","Petrobras","revis\u00e3o tarif\u00e1ria","symone ara\u00fajo","tarifas de transporte","transporte de mol\u00e9cula"],"articleSection":["Destaque lista"],"inLanguage":"pt-BR","copyrightYear":"2026","copyrightHolder":{"@id":"https:\/\/agenciainfra.com\/blog\/#organization"}},{"@type":"WebPage","@id":"https:\/\/agenciainfra.com\/blog\/diretora-da-anp-minimiza-judicializacao-na-revisao-tarifaria-do-transporte-de-gas-natural\/","url":"https:\/\/agenciainfra.com\/blog\/diretora-da-anp-minimiza-judicializacao-na-revisao-tarifaria-do-transporte-de-gas-natural\/","name":"Diretora da ANP minimiza judicializa\u00e7\u00e3o na revis\u00e3o tarif\u00e1ria do transporte de g\u00e1s - Ag\u00eancia iNFRA","isPartOf":{"@id":"https:\/\/agenciainfra.com\/blog\/#website"},"primaryImageOfPage":{"@id":"https:\/\/agenciainfra.com\/blog\/diretora-da-anp-minimiza-judicializacao-na-revisao-tarifaria-do-transporte-de-gas-natural\/#primaryimage"},"image":{"@id":"https:\/\/agenciainfra.com\/blog\/diretora-da-anp-minimiza-judicializacao-na-revisao-tarifaria-do-transporte-de-gas-natural\/#primaryimage"},"thumbnailUrl":"https:\/\/agenciainfra.com\/blog\/wp-content\/uploads\/2026\/03\/symone-araujo-foto-pepe_oliveira_anp-e1773410831820.jpg","datePublished":"2026-09-01T20:32:18+00:00","dateModified":"2026-09-01T20:33:34+00:00","breadcrumb":{"@id":"https:\/\/agenciainfra.com\/blog\/diretora-da-anp-minimiza-judicializacao-na-revisao-tarifaria-do-transporte-de-gas-natural\/#breadcrumb"},"inLanguage":"pt-BR","potentialAction":[{"@type":"ReadAction","target":["https:\/\/agenciainfra.com\/blog\/diretora-da-anp-minimiza-judicializacao-na-revisao-tarifaria-do-transporte-de-gas-natural\/"]}]},{"@type":"ImageObject","inLanguage":"pt-BR","@id":"https:\/\/agenciainfra.com\/blog\/diretora-da-anp-minimiza-judicializacao-na-revisao-tarifaria-do-transporte-de-gas-natural\/#primaryimage","url":"https:\/\/agenciainfra.com\/blog\/wp-content\/uploads\/2026\/03\/symone-araujo-foto-pepe_oliveira_anp-e1773410831820.jpg","contentUrl":"https:\/\/agenciainfra.com\/blog\/wp-content\/uploads\/2026\/03\/symone-araujo-foto-pepe_oliveira_anp-e1773410831820.jpg","width":1278,"height":780,"caption":"Foto: Pep\u00ea Oliveira\/ANP"},{"@type":"BreadcrumbList","@id":"https:\/\/agenciainfra.com\/blog\/diretora-da-anp-minimiza-judicializacao-na-revisao-tarifaria-do-transporte-de-gas-natural\/#breadcrumb","itemListElement":[{"@type":"ListItem","position":1,"name":"In\u00edcio","item":"https:\/\/agenciainfra.com\/blog\/"},{"@type":"ListItem","position":2,"name":"Diretora da ANP minimiza judicializa\u00e7\u00e3o na revis\u00e3o tarif\u00e1ria do transporte de g\u00e1s"}]},{"@type":"WebSite","@id":"https:\/\/agenciainfra.com\/blog\/#website","url":"https:\/\/agenciainfra.com\/blog\/","name":"Ag\u00eancia iNFRA","description":"Multiplataforma de informa\u00e7\u00e3o jornal\u00edstica refer\u00eancia na \u00e1rea de infraestrutura no Brasil!","publisher":{"@id":"https:\/\/agenciainfra.com\/blog\/#organization"},"potentialAction":[{"@type":"SearchAction","target":{"@type":"EntryPoint","urlTemplate":"https:\/\/agenciainfra.com\/blog\/?s={search_term_string}"},"query-input":{"@type":"PropertyValueSpecification","valueRequired":true,"valueName":"search_term_string"}}],"inLanguage":"pt-BR"},{"@type":"Organization","@id":"https:\/\/agenciainfra.com\/blog\/#organization","name":"Ag\u00eancia iNFRA","url":"https:\/\/agenciainfra.com\/blog\/","logo":{"@type":"ImageObject","inLanguage":"pt-BR","@id":"https:\/\/agenciainfra.com\/blog\/#\/schema\/logo\/image\/","url":"https:\/\/agenciainfra.com\/blog\/wp-content\/uploads\/2023\/09\/iNFRA_5-e1761735885940.png","contentUrl":"https:\/\/agenciainfra.com\/blog\/wp-content\/uploads\/2023\/09\/iNFRA_5-e1761735885940.png","width":1672,"height":454,"caption":"Ag\u00eancia iNFRA"},"image":{"@id":"https:\/\/agenciainfra.com\/blog\/#\/schema\/logo\/image\/"},"sameAs":["https:\/\/www.facebook.com\/ageninfra","https:\/\/x.com\/agencia_infra","https:\/\/www.linkedin.com\/company\/ag\u00eanciainfra\/","https:\/\/www.instagram.com\/agenciainfra\/"]},{"@type":"Person","@id":"https:\/\/agenciainfra.com\/blog\/#\/schema\/person\/34af08dff6adea4cb22b06612ba7acfa","name":"Ag\u00eancia iNFRA","image":{"@type":"ImageObject","inLanguage":"pt-BR","@id":"https:\/\/secure.gravatar.com\/avatar\/d189e01678f06d8eb84d4e01f08eb848b3fffe3f8443818d3c356c66892f5be8?s=96&d=mm&r=g","url":"https:\/\/secure.gravatar.com\/avatar\/d189e01678f06d8eb84d4e01f08eb848b3fffe3f8443818d3c356c66892f5be8?s=96&d=mm&r=g","contentUrl":"https:\/\/secure.gravatar.com\/avatar\/d189e01678f06d8eb84d4e01f08eb848b3fffe3f8443818d3c356c66892f5be8?s=96&d=mm&r=g","caption":"Ag\u00eancia iNFRA"},"url":"https:\/\/agenciainfra.com\/blog\/author\/admin\/"}]}},"_links":{"self":[{"href":"https:\/\/agenciainfra.com\/blog\/wp-json\/wp\/v2\/posts\/46778","targetHints":{"allow":["GET"]}}],"collection":[{"href":"https:\/\/agenciainfra.com\/blog\/wp-json\/wp\/v2\/posts"}],"about":[{"href":"https:\/\/agenciainfra.com\/blog\/wp-json\/wp\/v2\/types\/post"}],"author":[{"embeddable":true,"href":"https:\/\/agenciainfra.com\/blog\/wp-json\/wp\/v2\/users\/1"}],"replies":[{"embeddable":true,"href":"https:\/\/agenciainfra.com\/blog\/wp-json\/wp\/v2\/comments?post=46778"}],"version-history":[{"count":2,"href":"https:\/\/agenciainfra.com\/blog\/wp-json\/wp\/v2\/posts\/46778\/revisions"}],"predecessor-version":[{"id":46781,"href":"https:\/\/agenciainfra.com\/blog\/wp-json\/wp\/v2\/posts\/46778\/revisions\/46781"}],"wp:featuredmedia":[{"embeddable":true,"href":"https:\/\/agenciainfra.com\/blog\/wp-json\/wp\/v2\/media\/37842"}],"wp:attachment":[{"href":"https:\/\/agenciainfra.com\/blog\/wp-json\/wp\/v2\/media?parent=46778"}],"wp:term":[{"taxonomy":"category","embeddable":true,"href":"https:\/\/agenciainfra.com\/blog\/wp-json\/wp\/v2\/categories?post=46778"},{"taxonomy":"post_tag","embeddable":true,"href":"https:\/\/agenciainfra.com\/blog\/wp-json\/wp\/v2\/tags?post=46778"}],"curies":[{"name":"wp","href":"https:\/\/api.w.org\/{rel}","templated":true}]}}