{"id":46799,"date":"2026-09-02T08:30:02","date_gmt":"2026-09-02T11:30:02","guid":{"rendered":"https:\/\/agenciainfra.com\/blog\/?p=46799"},"modified":"2026-09-02T10:20:46","modified_gmt":"2026-09-02T13:20:46","slug":"anac-suspende-operacoes-da-companhia-total-linhas-aereas","status":"publish","type":"post","link":"https:\/\/agenciainfra.com\/blog\/anac-suspende-operacoes-da-companhia-total-linhas-aereas\/","title":{"rendered":"ANAC suspende opera\u00e7\u00f5es da companhia Total Linhas A\u00e9reas"},"content":{"rendered":"\n<p class=\"has-text-align-right\"><strong>Amanda Pupo, da Ag\u00eancia iNFRA<\/strong><\/p>\n\n\n\n<figure class=\"wp-block-image aligncenter size-full is-resized\"><img fetchpriority=\"high\" decoding=\"async\" width=\"966\" height=\"117\" src=\"https:\/\/agenciainfra.com\/blog\/wp-content\/uploads\/2026\/01\/selo-assinantes-1.png\" alt=\"\" class=\"wp-image-35239\" style=\"width:400px\" srcset=\"https:\/\/agenciainfra.com\/blog\/wp-content\/uploads\/2026\/01\/selo-assinantes-1.png 966w, https:\/\/agenciainfra.com\/blog\/wp-content\/uploads\/2026\/01\/selo-assinantes-1-300x36.png 300w, https:\/\/agenciainfra.com\/blog\/wp-content\/uploads\/2026\/01\/selo-assinantes-1-768x93.png 768w\" sizes=\"(max-width: 966px) 100vw, 966px\" \/><\/figure>\n\n\n\n<p>A diretoria da ANAC (Ag\u00eancia Nacional de Avia\u00e7\u00e3o Civil) suspendeu as opera\u00e7\u00f5es da Total Linhas A\u00e9reas. A decis\u00e3o pela suspens\u00e3o integral do COA (Certificado de Operador A\u00e9reo) impede a companhia de realizar opera\u00e7\u00f5es a\u00e9reas e foi tomada em reuni\u00e3o extraordin\u00e1ria eletr\u00f4nica da ag\u00eancia finalizada na noite de segunda-feira (31). A empresa tem atua\u00e7\u00e3o focada em transporte de cargas e itens postais, como os dos Correios.\u00a0<br><br>Como mostrou\u00a0<a href=\"https:\/\/agenciainfra.com\/blog\/anac-avalia-suspender-operacao-da-total-linhas-aereas-focada-em-carga\/\" target=\"_blank\" rel=\"noreferrer noopener\">reportagem<\/a>\u00a0da\u00a0<strong>Ag\u00eancia iNFRA<\/strong>\u00a0publicada na segunda, a medida era estudada diante do desempenho ruim nos indicadores de seguran\u00e7a operacional da Total. Segundo o voto do relator do caso, diretor Rui Chagas Mesquita,\u00a0<a href=\"https:\/\/agenciainfra.com\/blog\/wp-content\/uploads\/2026\/09\/SEI_13805714_Voto__versao_publica__vt.pdf\" target=\"_blank\" rel=\"noreferrer noopener\">publicado<\/a>\u00a0nesta ter\u00e7a-feira (1\u00ba), a companhia apresenta um n\u00famero relativo de n\u00e3o conformidades por volume de opera\u00e7\u00f5es significativamente superior ao dos demais operadores do segmento.<br><br>A avalia\u00e7\u00e3o pela ANAC quanto \u00e0s a\u00e7\u00f5es corretivas e aos procedimentos alternativos propostos pelo operador no final de agosto indicou n\u00e3o haver demonstra\u00e7\u00e3o suficiente, no momento, de supera\u00e7\u00e3o das condi\u00e7\u00f5es de risco e falhas apontadas.\u00a0<br><br>Foi reportado ainda um cen\u00e1rio com elevado n\u00famero de n\u00e3o conformidades cr\u00edticas, limita\u00e7\u00f5es de efetividade no Sistema de Gerenciamento da Seguran\u00e7a Operacional e no Sistema de An\u00e1lise e Supervis\u00e3o Continuada. A ANAC identificou\u00a0tamb\u00e9m\u00a0uma perda significativa de conhecimento t\u00e9cnico e gerencial acumulado em raz\u00e3o da substitui\u00e7\u00e3o de gestores \u201csem incorpora\u00e7\u00e3o completa dos procedimentos, pr\u00e1ticas e conhecimentos nos processos organizacionais\u201d, relatou Mesquita.<br><br>Para a ag\u00eancia, a degrada\u00e7\u00e3o simult\u00e2nea destes dois sistemas indica perda de capacidade da companhia para identificar, controlar e corrigir desvios, reduzindo a efetividade dos mecanismos internos de gest\u00e3o e aumentando a depend\u00eancia da supervis\u00e3o direta exercida pela ANAC.\u00a0<br><br>\u201cComo se pode observar, em raz\u00e3o da persistente incapacidade de supera\u00e7\u00e3o de n\u00e3o conformidades e da limita\u00e7\u00e3o de reportes recebidos pela Ag\u00eancia, comprovada perda de conhecimento t\u00e9cnico acumulado em raz\u00e3o de transi\u00e7\u00f5es sucessivas de gestores de seguran\u00e7a, a ag\u00eancia j\u00e1 n\u00e3o possui elementos concretos para atestar a manuten\u00e7\u00e3o de condi\u00e7\u00f5es m\u00ednimas aceit\u00e1veis de seguran\u00e7a, o que exige pronta e imediata interven\u00e7\u00e3o, de modo a evitar concretiza\u00e7\u00e3o de riscos em eventuais incidentes\u201d, escreveu o diretor no voto seguido pelos demais diretores.<br><br>A suspens\u00e3o do COA deve valer at\u00e9 que a Total atenda a uma s\u00e9rie de condi\u00e7\u00f5es estabelecidas pela ANAC. Entre elas, a supera\u00e7\u00e3o das condi\u00e7\u00f5es de risco e n\u00e3o conformidades em aberto; demonstra\u00e7\u00e3o de efetividade dos sistemas que apresentaram limita\u00e7\u00f5es; e comprova\u00e7\u00e3o da adequa\u00e7\u00e3o dos processos internos de identifica\u00e7\u00e3o, reporte e tratamento de eventos e riscos operacionais, por exemplo. A empresa tamb\u00e9m ter\u00e1 de realizar auditorias t\u00e9cnicas espec\u00edficas ou outros instrumentos de fiscaliza\u00e7\u00e3o conduzidos pelas unidades competentes da ANAC que apontem um resultado satisfat\u00f3rio que permita a retomada das opera\u00e7\u00f5es.<\/p>\n","protected":false},"excerpt":{"rendered":"<p>Amanda Pupo, da Ag\u00eancia iNFRA A diretoria da ANAC (Ag\u00eancia Nacional de Avia\u00e7\u00e3o Civil) suspendeu as opera\u00e7\u00f5es da Total Linhas A\u00e9reas. A decis\u00e3o pela suspens\u00e3o integral do COA (Certificado de Operador A\u00e9reo) impede a companhia de realizar opera\u00e7\u00f5es a\u00e9reas e foi tomada em reuni\u00e3o extraordin\u00e1ria eletr\u00f4nica da ag\u00eancia finalizada na noite de segunda-feira (31). A [&hellip;]<\/p>\n","protected":false},"author":1,"featured_media":46800,"comment_status":"closed","ping_status":"closed","sticky":false,"template":"","format":"standard","meta":{"_monsterinsights_skip_tracking":false,"_monsterinsights_sitenote_active":false,"_monsterinsights_sitenote_note":"","_monsterinsights_sitenote_category":0,"footnotes":""},"categories":[7250],"tags":[13354,242,19971,3029,21616,21615,1059,13953],"class_list":["post-46799","post","type-post","status-publish","format-standard","has-post-thumbnail","hentry","category-destaque-lista","tag-amanda-pupo","tag-anac","tag-cenipa","tag-correios","tag-paulo-almada","tag-total-linhas-aereas","tag-transporte-de-cargas","tag-voepass"],"yoast_head":"<!-- This site is optimized with the Yoast SEO Premium plugin v25.4 (Yoast SEO v28.2) - https:\/\/yoast.com\/product\/yoast-seo-premium-wordpress\/ -->\n<title>ANAC suspende opera\u00e7\u00f5es da companhia Total Linhas A\u00e9reas - Ag\u00eancia iNFRA<\/title>\n<meta name=\"robots\" content=\"index, follow, max-snippet:-1, max-image-preview:large, max-video-preview:-1\" \/>\n<link rel=\"canonical\" href=\"https:\/\/agenciainfra.com\/blog\/anac-suspende-operacoes-da-companhia-total-linhas-aereas\/\" \/>\n<meta property=\"og:locale\" content=\"pt_BR\" \/>\n<meta property=\"og:type\" content=\"article\" \/>\n<meta property=\"og:title\" content=\"ANAC suspende opera\u00e7\u00f5es da companhia Total Linhas A\u00e9reas\" \/>\n<meta property=\"og:description\" content=\"Amanda Pupo, da Ag\u00eancia iNFRA A diretoria da ANAC (Ag\u00eancia Nacional de Avia\u00e7\u00e3o Civil) suspendeu as opera\u00e7\u00f5es da Total Linhas A\u00e9reas. A decis\u00e3o pela suspens\u00e3o integral do COA (Certificado de Operador A\u00e9reo) impede a companhia de realizar opera\u00e7\u00f5es a\u00e9reas e foi tomada em reuni\u00e3o extraordin\u00e1ria eletr\u00f4nica da ag\u00eancia finalizada na noite de segunda-feira (31). A [&hellip;]\" \/>\n<meta property=\"og:url\" content=\"https:\/\/agenciainfra.com\/blog\/anac-suspende-operacoes-da-companhia-total-linhas-aereas\/\" \/>\n<meta property=\"og:site_name\" content=\"Ag\u00eancia iNFRA\" \/>\n<meta property=\"article:publisher\" content=\"https:\/\/www.facebook.com\/ageninfra\" \/>\n<meta property=\"article:published_time\" content=\"2026-09-02T11:30:02+00:00\" \/>\n<meta property=\"article:modified_time\" content=\"2026-09-02T13:20:46+00:00\" \/>\n<meta property=\"og:image\" content=\"https:\/\/agenciainfra.com\/blog\/wp-content\/uploads\/2026\/09\/total-aviao-foto-divulgacao-total-1-e1788348439475.jpg\" \/>\n\t<meta property=\"og:image:width\" content=\"1278\" \/>\n\t<meta property=\"og:image:height\" content=\"815\" \/>\n\t<meta property=\"og:image:type\" content=\"image\/jpeg\" \/>\n<meta name=\"author\" content=\"Ag\u00eancia iNFRA\" \/>\n<meta name=\"twitter:card\" content=\"summary_large_image\" \/>\n<meta name=\"twitter:creator\" content=\"@agencia_infra\" \/>\n<meta name=\"twitter:site\" content=\"@agencia_infra\" \/>\n<meta name=\"twitter:label1\" content=\"Escrito por\" \/>\n\t<meta name=\"twitter:data1\" content=\"Ag\u00eancia iNFRA\" \/>\n\t<meta name=\"twitter:label2\" content=\"Est. tempo de leitura\" \/>\n\t<meta name=\"twitter:data2\" content=\"3 minutos\" \/>\n<script type=\"application\/ld+json\" class=\"yoast-schema-graph\">{\"@context\":\"https:\\\/\\\/schema.org\",\"@graph\":[{\"@type\":\"Article\",\"@id\":\"https:\\\/\\\/agenciainfra.com\\\/blog\\\/anac-suspende-operacoes-da-companhia-total-linhas-aereas\\\/#article\",\"isPartOf\":{\"@id\":\"https:\\\/\\\/agenciainfra.com\\\/blog\\\/anac-suspende-operacoes-da-companhia-total-linhas-aereas\\\/\"},\"author\":{\"name\":\"Ag\u00eancia iNFRA\",\"@id\":\"https:\\\/\\\/agenciainfra.com\\\/blog\\\/#\\\/schema\\\/person\\\/34af08dff6adea4cb22b06612ba7acfa\"},\"headline\":\"ANAC suspende opera\u00e7\u00f5es da companhia Total Linhas A\u00e9reas\",\"datePublished\":\"2026-09-02T11:30:02+00:00\",\"dateModified\":\"2026-09-02T13:20:46+00:00\",\"mainEntityOfPage\":{\"@id\":\"https:\\\/\\\/agenciainfra.com\\\/blog\\\/anac-suspende-operacoes-da-companhia-total-linhas-aereas\\\/\"},\"wordCount\":526,\"publisher\":{\"@id\":\"https:\\\/\\\/agenciainfra.com\\\/blog\\\/#organization\"},\"image\":{\"@id\":\"https:\\\/\\\/agenciainfra.com\\\/blog\\\/anac-suspende-operacoes-da-companhia-total-linhas-aereas\\\/#primaryimage\"},\"thumbnailUrl\":\"https:\\\/\\\/agenciainfra.com\\\/blog\\\/wp-content\\\/uploads\\\/2026\\\/09\\\/total-aviao-foto-divulgacao-total-1-e1788348439475.jpg\",\"keywords\":[\"Amanda Pupo\",\"ANAC\",\"cenipa\",\"Correios\",\"Paulo Almada\",\"Total Linhas A\u00e9reas\",\"transporte de cargas\",\"Voepass\"],\"articleSection\":[\"Destaque lista\"],\"inLanguage\":\"pt-BR\",\"copyrightYear\":\"2026\",\"copyrightHolder\":{\"@id\":\"https:\\\/\\\/agenciainfra.com\\\/blog\\\/#organization\"}},{\"@type\":\"WebPage\",\"@id\":\"https:\\\/\\\/agenciainfra.com\\\/blog\\\/anac-suspende-operacoes-da-companhia-total-linhas-aereas\\\/\",\"url\":\"https:\\\/\\\/agenciainfra.com\\\/blog\\\/anac-suspende-operacoes-da-companhia-total-linhas-aereas\\\/\",\"name\":\"ANAC suspende opera\u00e7\u00f5es da companhia Total Linhas A\u00e9reas - Ag\u00eancia iNFRA\",\"isPartOf\":{\"@id\":\"https:\\\/\\\/agenciainfra.com\\\/blog\\\/#website\"},\"primaryImageOfPage\":{\"@id\":\"https:\\\/\\\/agenciainfra.com\\\/blog\\\/anac-suspende-operacoes-da-companhia-total-linhas-aereas\\\/#primaryimage\"},\"image\":{\"@id\":\"https:\\\/\\\/agenciainfra.com\\\/blog\\\/anac-suspende-operacoes-da-companhia-total-linhas-aereas\\\/#primaryimage\"},\"thumbnailUrl\":\"https:\\\/\\\/agenciainfra.com\\\/blog\\\/wp-content\\\/uploads\\\/2026\\\/09\\\/total-aviao-foto-divulgacao-total-1-e1788348439475.jpg\",\"datePublished\":\"2026-09-02T11:30:02+00:00\",\"dateModified\":\"2026-09-02T13:20:46+00:00\",\"breadcrumb\":{\"@id\":\"https:\\\/\\\/agenciainfra.com\\\/blog\\\/anac-suspende-operacoes-da-companhia-total-linhas-aereas\\\/#breadcrumb\"},\"inLanguage\":\"pt-BR\",\"potentialAction\":[{\"@type\":\"ReadAction\",\"target\":[\"https:\\\/\\\/agenciainfra.com\\\/blog\\\/anac-suspende-operacoes-da-companhia-total-linhas-aereas\\\/\"]}]},{\"@type\":\"ImageObject\",\"inLanguage\":\"pt-BR\",\"@id\":\"https:\\\/\\\/agenciainfra.com\\\/blog\\\/anac-suspende-operacoes-da-companhia-total-linhas-aereas\\\/#primaryimage\",\"url\":\"https:\\\/\\\/agenciainfra.com\\\/blog\\\/wp-content\\\/uploads\\\/2026\\\/09\\\/total-aviao-foto-divulgacao-total-1-e1788348439475.jpg\",\"contentUrl\":\"https:\\\/\\\/agenciainfra.com\\\/blog\\\/wp-content\\\/uploads\\\/2026\\\/09\\\/total-aviao-foto-divulgacao-total-1-e1788348439475.jpg\",\"width\":1278,\"height\":815,\"caption\":\"Foto: Total Linhas A\u00e9reas\"},{\"@type\":\"BreadcrumbList\",\"@id\":\"https:\\\/\\\/agenciainfra.com\\\/blog\\\/anac-suspende-operacoes-da-companhia-total-linhas-aereas\\\/#breadcrumb\",\"itemListElement\":[{\"@type\":\"ListItem\",\"position\":1,\"name\":\"In\u00edcio\",\"item\":\"https:\\\/\\\/agenciainfra.com\\\/blog\\\/\"},{\"@type\":\"ListItem\",\"position\":2,\"name\":\"ANAC suspende opera\u00e7\u00f5es da companhia Total Linhas A\u00e9reas\"}]},{\"@type\":\"WebSite\",\"@id\":\"https:\\\/\\\/agenciainfra.com\\\/blog\\\/#website\",\"url\":\"https:\\\/\\\/agenciainfra.com\\\/blog\\\/\",\"name\":\"Ag\u00eancia iNFRA\",\"description\":\"Multiplataforma de informa\u00e7\u00e3o jornal\u00edstica refer\u00eancia na \u00e1rea de infraestrutura no Brasil!\",\"publisher\":{\"@id\":\"https:\\\/\\\/agenciainfra.com\\\/blog\\\/#organization\"},\"potentialAction\":[{\"@type\":\"SearchAction\",\"target\":{\"@type\":\"EntryPoint\",\"urlTemplate\":\"https:\\\/\\\/agenciainfra.com\\\/blog\\\/?s={search_term_string}\"},\"query-input\":{\"@type\":\"PropertyValueSpecification\",\"valueRequired\":true,\"valueName\":\"search_term_string\"}}],\"inLanguage\":\"pt-BR\"},{\"@type\":\"Organization\",\"@id\":\"https:\\\/\\\/agenciainfra.com\\\/blog\\\/#organization\",\"name\":\"Ag\u00eancia iNFRA\",\"url\":\"https:\\\/\\\/agenciainfra.com\\\/blog\\\/\",\"logo\":{\"@type\":\"ImageObject\",\"inLanguage\":\"pt-BR\",\"@id\":\"https:\\\/\\\/agenciainfra.com\\\/blog\\\/#\\\/schema\\\/logo\\\/image\\\/\",\"url\":\"https:\\\/\\\/agenciainfra.com\\\/blog\\\/wp-content\\\/uploads\\\/2023\\\/09\\\/iNFRA_5-e1761735885940.png\",\"contentUrl\":\"https:\\\/\\\/agenciainfra.com\\\/blog\\\/wp-content\\\/uploads\\\/2023\\\/09\\\/iNFRA_5-e1761735885940.png\",\"width\":1672,\"height\":454,\"caption\":\"Ag\u00eancia iNFRA\"},\"image\":{\"@id\":\"https:\\\/\\\/agenciainfra.com\\\/blog\\\/#\\\/schema\\\/logo\\\/image\\\/\"},\"sameAs\":[\"https:\\\/\\\/www.facebook.com\\\/ageninfra\",\"https:\\\/\\\/x.com\\\/agencia_infra\",\"https:\\\/\\\/www.linkedin.com\\\/company\\\/ag\u00eanciainfra\\\/\",\"https:\\\/\\\/www.instagram.com\\\/agenciainfra\\\/\"]},{\"@type\":\"Person\",\"@id\":\"https:\\\/\\\/agenciainfra.com\\\/blog\\\/#\\\/schema\\\/person\\\/34af08dff6adea4cb22b06612ba7acfa\",\"name\":\"Ag\u00eancia iNFRA\",\"image\":{\"@type\":\"ImageObject\",\"inLanguage\":\"pt-BR\",\"@id\":\"https:\\\/\\\/secure.gravatar.com\\\/avatar\\\/d189e01678f06d8eb84d4e01f08eb848b3fffe3f8443818d3c356c66892f5be8?s=96&d=mm&r=g\",\"url\":\"https:\\\/\\\/secure.gravatar.com\\\/avatar\\\/d189e01678f06d8eb84d4e01f08eb848b3fffe3f8443818d3c356c66892f5be8?s=96&d=mm&r=g\",\"contentUrl\":\"https:\\\/\\\/secure.gravatar.com\\\/avatar\\\/d189e01678f06d8eb84d4e01f08eb848b3fffe3f8443818d3c356c66892f5be8?s=96&d=mm&r=g\",\"caption\":\"Ag\u00eancia iNFRA\"},\"url\":\"https:\\\/\\\/agenciainfra.com\\\/blog\\\/author\\\/admin\\\/\"}]}<\/script>\n<!-- \/ Yoast SEO Premium plugin. -->","yoast_head_json":{"title":"ANAC suspende opera\u00e7\u00f5es da companhia Total Linhas A\u00e9reas - Ag\u00eancia iNFRA","robots":{"index":"index","follow":"follow","max-snippet":"max-snippet:-1","max-image-preview":"max-image-preview:large","max-video-preview":"max-video-preview:-1"},"canonical":"https:\/\/agenciainfra.com\/blog\/anac-suspende-operacoes-da-companhia-total-linhas-aereas\/","og_locale":"pt_BR","og_type":"article","og_title":"ANAC suspende opera\u00e7\u00f5es da companhia Total Linhas A\u00e9reas","og_description":"Amanda Pupo, da Ag\u00eancia iNFRA A diretoria da ANAC (Ag\u00eancia Nacional de Avia\u00e7\u00e3o Civil) suspendeu as opera\u00e7\u00f5es da Total Linhas A\u00e9reas. A decis\u00e3o pela suspens\u00e3o integral do COA (Certificado de Operador A\u00e9reo) impede a companhia de realizar opera\u00e7\u00f5es a\u00e9reas e foi tomada em reuni\u00e3o extraordin\u00e1ria eletr\u00f4nica da ag\u00eancia finalizada na noite de segunda-feira (31). A [&hellip;]","og_url":"https:\/\/agenciainfra.com\/blog\/anac-suspende-operacoes-da-companhia-total-linhas-aereas\/","og_site_name":"Ag\u00eancia iNFRA","article_publisher":"https:\/\/www.facebook.com\/ageninfra","article_published_time":"2026-09-02T11:30:02+00:00","article_modified_time":"2026-09-02T13:20:46+00:00","og_image":[{"width":1278,"height":815,"url":"https:\/\/agenciainfra.com\/blog\/wp-content\/uploads\/2026\/09\/total-aviao-foto-divulgacao-total-1-e1788348439475.jpg","type":"image\/jpeg"}],"author":"Ag\u00eancia iNFRA","twitter_card":"summary_large_image","twitter_creator":"@agencia_infra","twitter_site":"@agencia_infra","twitter_misc":{"Escrito por":"Ag\u00eancia iNFRA","Est. tempo de leitura":"3 minutos"},"schema":{"@context":"https:\/\/schema.org","@graph":[{"@type":"Article","@id":"https:\/\/agenciainfra.com\/blog\/anac-suspende-operacoes-da-companhia-total-linhas-aereas\/#article","isPartOf":{"@id":"https:\/\/agenciainfra.com\/blog\/anac-suspende-operacoes-da-companhia-total-linhas-aereas\/"},"author":{"name":"Ag\u00eancia iNFRA","@id":"https:\/\/agenciainfra.com\/blog\/#\/schema\/person\/34af08dff6adea4cb22b06612ba7acfa"},"headline":"ANAC suspende opera\u00e7\u00f5es da companhia Total Linhas A\u00e9reas","datePublished":"2026-09-02T11:30:02+00:00","dateModified":"2026-09-02T13:20:46+00:00","mainEntityOfPage":{"@id":"https:\/\/agenciainfra.com\/blog\/anac-suspende-operacoes-da-companhia-total-linhas-aereas\/"},"wordCount":526,"publisher":{"@id":"https:\/\/agenciainfra.com\/blog\/#organization"},"image":{"@id":"https:\/\/agenciainfra.com\/blog\/anac-suspende-operacoes-da-companhia-total-linhas-aereas\/#primaryimage"},"thumbnailUrl":"https:\/\/agenciainfra.com\/blog\/wp-content\/uploads\/2026\/09\/total-aviao-foto-divulgacao-total-1-e1788348439475.jpg","keywords":["Amanda Pupo","ANAC","cenipa","Correios","Paulo Almada","Total Linhas A\u00e9reas","transporte de cargas","Voepass"],"articleSection":["Destaque lista"],"inLanguage":"pt-BR","copyrightYear":"2026","copyrightHolder":{"@id":"https:\/\/agenciainfra.com\/blog\/#organization"}},{"@type":"WebPage","@id":"https:\/\/agenciainfra.com\/blog\/anac-suspende-operacoes-da-companhia-total-linhas-aereas\/","url":"https:\/\/agenciainfra.com\/blog\/anac-suspende-operacoes-da-companhia-total-linhas-aereas\/","name":"ANAC suspende opera\u00e7\u00f5es da companhia Total Linhas A\u00e9reas - Ag\u00eancia iNFRA","isPartOf":{"@id":"https:\/\/agenciainfra.com\/blog\/#website"},"primaryImageOfPage":{"@id":"https:\/\/agenciainfra.com\/blog\/anac-suspende-operacoes-da-companhia-total-linhas-aereas\/#primaryimage"},"image":{"@id":"https:\/\/agenciainfra.com\/blog\/anac-suspende-operacoes-da-companhia-total-linhas-aereas\/#primaryimage"},"thumbnailUrl":"https:\/\/agenciainfra.com\/blog\/wp-content\/uploads\/2026\/09\/total-aviao-foto-divulgacao-total-1-e1788348439475.jpg","datePublished":"2026-09-02T11:30:02+00:00","dateModified":"2026-09-02T13:20:46+00:00","breadcrumb":{"@id":"https:\/\/agenciainfra.com\/blog\/anac-suspende-operacoes-da-companhia-total-linhas-aereas\/#breadcrumb"},"inLanguage":"pt-BR","potentialAction":[{"@type":"ReadAction","target":["https:\/\/agenciainfra.com\/blog\/anac-suspende-operacoes-da-companhia-total-linhas-aereas\/"]}]},{"@type":"ImageObject","inLanguage":"pt-BR","@id":"https:\/\/agenciainfra.com\/blog\/anac-suspende-operacoes-da-companhia-total-linhas-aereas\/#primaryimage","url":"https:\/\/agenciainfra.com\/blog\/wp-content\/uploads\/2026\/09\/total-aviao-foto-divulgacao-total-1-e1788348439475.jpg","contentUrl":"https:\/\/agenciainfra.com\/blog\/wp-content\/uploads\/2026\/09\/total-aviao-foto-divulgacao-total-1-e1788348439475.jpg","width":1278,"height":815,"caption":"Foto: Total Linhas A\u00e9reas"},{"@type":"BreadcrumbList","@id":"https:\/\/agenciainfra.com\/blog\/anac-suspende-operacoes-da-companhia-total-linhas-aereas\/#breadcrumb","itemListElement":[{"@type":"ListItem","position":1,"name":"In\u00edcio","item":"https:\/\/agenciainfra.com\/blog\/"},{"@type":"ListItem","position":2,"name":"ANAC suspende opera\u00e7\u00f5es da companhia Total Linhas A\u00e9reas"}]},{"@type":"WebSite","@id":"https:\/\/agenciainfra.com\/blog\/#website","url":"https:\/\/agenciainfra.com\/blog\/","name":"Ag\u00eancia iNFRA","description":"Multiplataforma de informa\u00e7\u00e3o jornal\u00edstica refer\u00eancia na \u00e1rea de infraestrutura no Brasil!","publisher":{"@id":"https:\/\/agenciainfra.com\/blog\/#organization"},"potentialAction":[{"@type":"SearchAction","target":{"@type":"EntryPoint","urlTemplate":"https:\/\/agenciainfra.com\/blog\/?s={search_term_string}"},"query-input":{"@type":"PropertyValueSpecification","valueRequired":true,"valueName":"search_term_string"}}],"inLanguage":"pt-BR"},{"@type":"Organization","@id":"https:\/\/agenciainfra.com\/blog\/#organization","name":"Ag\u00eancia iNFRA","url":"https:\/\/agenciainfra.com\/blog\/","logo":{"@type":"ImageObject","inLanguage":"pt-BR","@id":"https:\/\/agenciainfra.com\/blog\/#\/schema\/logo\/image\/","url":"https:\/\/agenciainfra.com\/blog\/wp-content\/uploads\/2023\/09\/iNFRA_5-e1761735885940.png","contentUrl":"https:\/\/agenciainfra.com\/blog\/wp-content\/uploads\/2023\/09\/iNFRA_5-e1761735885940.png","width":1672,"height":454,"caption":"Ag\u00eancia iNFRA"},"image":{"@id":"https:\/\/agenciainfra.com\/blog\/#\/schema\/logo\/image\/"},"sameAs":["https:\/\/www.facebook.com\/ageninfra","https:\/\/x.com\/agencia_infra","https:\/\/www.linkedin.com\/company\/ag\u00eanciainfra\/","https:\/\/www.instagram.com\/agenciainfra\/"]},{"@type":"Person","@id":"https:\/\/agenciainfra.com\/blog\/#\/schema\/person\/34af08dff6adea4cb22b06612ba7acfa","name":"Ag\u00eancia iNFRA","image":{"@type":"ImageObject","inLanguage":"pt-BR","@id":"https:\/\/secure.gravatar.com\/avatar\/d189e01678f06d8eb84d4e01f08eb848b3fffe3f8443818d3c356c66892f5be8?s=96&d=mm&r=g","url":"https:\/\/secure.gravatar.com\/avatar\/d189e01678f06d8eb84d4e01f08eb848b3fffe3f8443818d3c356c66892f5be8?s=96&d=mm&r=g","contentUrl":"https:\/\/secure.gravatar.com\/avatar\/d189e01678f06d8eb84d4e01f08eb848b3fffe3f8443818d3c356c66892f5be8?s=96&d=mm&r=g","caption":"Ag\u00eancia iNFRA"},"url":"https:\/\/agenciainfra.com\/blog\/author\/admin\/"}]}},"_links":{"self":[{"href":"https:\/\/agenciainfra.com\/blog\/wp-json\/wp\/v2\/posts\/46799","targetHints":{"allow":["GET"]}}],"collection":[{"href":"https:\/\/agenciainfra.com\/blog\/wp-json\/wp\/v2\/posts"}],"about":[{"href":"https:\/\/agenciainfra.com\/blog\/wp-json\/wp\/v2\/types\/post"}],"author":[{"embeddable":true,"href":"https:\/\/agenciainfra.com\/blog\/wp-json\/wp\/v2\/users\/1"}],"replies":[{"embeddable":true,"href":"https:\/\/agenciainfra.com\/blog\/wp-json\/wp\/v2\/comments?post=46799"}],"version-history":[{"count":1,"href":"https:\/\/agenciainfra.com\/blog\/wp-json\/wp\/v2\/posts\/46799\/revisions"}],"predecessor-version":[{"id":46801,"href":"https:\/\/agenciainfra.com\/blog\/wp-json\/wp\/v2\/posts\/46799\/revisions\/46801"}],"wp:featuredmedia":[{"embeddable":true,"href":"https:\/\/agenciainfra.com\/blog\/wp-json\/wp\/v2\/media\/46800"}],"wp:attachment":[{"href":"https:\/\/agenciainfra.com\/blog\/wp-json\/wp\/v2\/media?parent=46799"}],"wp:term":[{"taxonomy":"category","embeddable":true,"href":"https:\/\/agenciainfra.com\/blog\/wp-json\/wp\/v2\/categories?post=46799"},{"taxonomy":"post_tag","embeddable":true,"href":"https:\/\/agenciainfra.com\/blog\/wp-json\/wp\/v2\/tags?post=46799"}],"curies":[{"name":"wp","href":"https:\/\/api.w.org\/{rel}","templated":true}]}}