{"id":46803,"date":"2026-09-02T10:34:44","date_gmt":"2026-09-02T13:34:44","guid":{"rendered":"https:\/\/agenciainfra.com\/blog\/?p=46803"},"modified":"2026-09-02T10:34:46","modified_gmt":"2026-09-02T13:34:46","slug":"camara-avanca-em-projeto-para-blindar-orcamento-das-agencias-de-cortes","status":"publish","type":"post","link":"https:\/\/agenciainfra.com\/blog\/camara-avanca-em-projeto-para-blindar-orcamento-das-agencias-de-cortes\/","title":{"rendered":"C\u00e2mara avan\u00e7a em projeto para blindar or\u00e7amento das ag\u00eancias de cortes"},"content":{"rendered":"\n<p class=\"has-text-align-right\"><strong>da Ag\u00eancia iNFRA<\/strong><\/p>\n\n\n\n<p>O plen\u00e1rio da C\u00e2mara dos Deputados aprovou, nesta ter\u00e7a-feira (1\u00ba), requerimento de urg\u00eancia para a tramita\u00e7\u00e3o do\u00a0<a href=\"https:\/\/www.camara.leg.br\/proposicoesWeb\/fichadetramitacao?idProposicao=2634751\" target=\"_blank\" rel=\"noreferrer noopener\">PLP (Projeto de Lei Complementar) 73\/2025<\/a>, que barra cortes de or\u00e7amento das ag\u00eancias reguladoras. Com esse aval, a mat\u00e9ria poder\u00e1 ser apreciada diretamente no plen\u00e1rio da C\u00e2mara. O texto j\u00e1 teve a aprova\u00e7\u00e3o do Senado <a href=\"https:\/\/agenciainfra.com\/blog\/senado-aprova-plp-que-impede-cortes-no-orcamento-das-agencias-reguladoras\/\">em junho<\/a> e, se passar sem altera\u00e7\u00f5es pelos deputados, poder\u00e1 seguir direto para a san\u00e7\u00e3o presidencial.\u00a0<br><br>A vota\u00e7\u00e3o ocorreu de forma simb\u00f3lica, com posi\u00e7\u00e3o contr\u00e1ria manifestada pelo Novo e pela lideran\u00e7a do governo. O relator da mat\u00e9ria \u00e9 o\u00a0deputado \u00c1tila Lira (PP-PI). A\u00a0pauta do plen\u00e1rio previa que a delibera\u00e7\u00e3o pelos deputados pudesse acontecer ainda na ter\u00e7a, mas a sess\u00e3o foi encerrada sem a vota\u00e7\u00e3o do m\u00e9rito.<br><br>De autoria do senador La\u00e9rcio Oliveira (PP-SE), o projeto altera a LRF (Lei de Responsabilidade Fiscal) para prever que as despesas relativas \u00e0s atividades das ag\u00eancias reguladoras n\u00e3o podem ser objeto de limita\u00e7\u00e3o. Ou seja, se a mudan\u00e7a for aprovada e sancionada, o or\u00e7amento das ag\u00eancias n\u00e3o poder\u00e1 sofrer cortes ao longo do ano nos momentos em que o governo precisa segurar seus gastos para cumprir a meta e as regras fiscais.<br><br>O projeto foi bastante negociado pelas ag\u00eancias no Senado, com apoio do presidente da Casa, Davi Alcolumbre (Uni\u00e3o-AP). L\u00e1, o texto avan\u00e7ou em junho\u00a0logo ap\u00f3s uma nova rodada de cortes no or\u00e7amento das ag\u00eancias reguladoras, anunciada no final de maio.<br><br>Na ocasi\u00e3o, o\u00a0bloqueio or\u00e7ament\u00e1rio do governo para cumprimento das regras fiscais chegou a quase R$ 24 bilh\u00f5es, retirando quase R$ 300 milh\u00f5es das ag\u00eancias ligadas ao setor de infraestrutura. Atualmente, o\u00a0volume total de despesas que seguem bloqueadas \u00e9 menor, de R$ 17,9 bilh\u00f5es.<\/p>\n\n\n\n<p>O Congresso j\u00e1 tentou avan\u00e7ar na pauta de preserva\u00e7\u00e3o do or\u00e7amento desses \u00f3rg\u00e3os no ano passado, quando aprovou a LDO (Lei de Diretrizes Or\u00e7ament\u00e1rias) de 2026 com regra que barrava o congelamento das despesas de regula\u00e7\u00e3o e fiscaliza\u00e7\u00e3o das autarquias, mas o trecho acabou sendo vetado pelo presidente Lula (PT) na san\u00e7\u00e3o da lei.\u00a0<\/p>\n","protected":false},"excerpt":{"rendered":"<p>da Ag\u00eancia iNFRA O plen\u00e1rio da C\u00e2mara dos Deputados aprovou, nesta ter\u00e7a-feira (1\u00ba), requerimento de urg\u00eancia para a tramita\u00e7\u00e3o do\u00a0PLP (Projeto de Lei Complementar) 73\/2025, que barra cortes de or\u00e7amento das ag\u00eancias reguladoras. Com esse aval, a mat\u00e9ria poder\u00e1 ser apreciada diretamente no plen\u00e1rio da C\u00e2mara. O texto j\u00e1 teve a aprova\u00e7\u00e3o do Senado em [&hellip;]<\/p>\n","protected":false},"author":1,"featured_media":33824,"comment_status":"closed","ping_status":"closed","sticky":false,"template":"","format":"standard","meta":{"_monsterinsights_skip_tracking":false,"_monsterinsights_sitenote_active":false,"_monsterinsights_sitenote_note":"","_monsterinsights_sitenote_category":0,"footnotes":""},"categories":[7250],"tags":[46,305,6534,14315,11384,4136,167,12936,13245,48,4354],"class_list":["post-46803","post","type-post","status-publish","format-standard","has-post-thumbnail","hentry","category-destaque-lista","tag-agencias-reguladoras","tag-camara-dos-deputados","tag-contingenciamento","tag-cortes-nas-agencias","tag-cortes-orcamentarios","tag-lei-de-responsabilidade-fiscal","tag-orcamento","tag-orcamento-das-agencias","tag-plp-73-2025","tag-regulacao","tag-senado-federal"],"yoast_head":"<!-- This site is optimized with the Yoast SEO Premium plugin v25.4 (Yoast SEO v28.2) - https:\/\/yoast.com\/product\/yoast-seo-premium-wordpress\/ -->\n<title>C\u00e2mara avan\u00e7a em projeto para blindar or\u00e7amento das ag\u00eancias de cortes - Ag\u00eancia iNFRA<\/title>\n<meta name=\"robots\" content=\"index, follow, max-snippet:-1, max-image-preview:large, max-video-preview:-1\" \/>\n<link rel=\"canonical\" href=\"https:\/\/agenciainfra.com\/blog\/camara-avanca-em-projeto-para-blindar-orcamento-das-agencias-de-cortes\/\" \/>\n<meta property=\"og:locale\" content=\"pt_BR\" \/>\n<meta property=\"og:type\" content=\"article\" \/>\n<meta property=\"og:title\" content=\"C\u00e2mara avan\u00e7a em projeto para blindar or\u00e7amento das ag\u00eancias de cortes\" \/>\n<meta property=\"og:description\" content=\"da Ag\u00eancia iNFRA O plen\u00e1rio da C\u00e2mara dos Deputados aprovou, nesta ter\u00e7a-feira (1\u00ba), requerimento de urg\u00eancia para a tramita\u00e7\u00e3o do\u00a0PLP (Projeto de Lei Complementar) 73\/2025, que barra cortes de or\u00e7amento das ag\u00eancias reguladoras. Com esse aval, a mat\u00e9ria poder\u00e1 ser apreciada diretamente no plen\u00e1rio da C\u00e2mara. O texto j\u00e1 teve a aprova\u00e7\u00e3o do Senado em [&hellip;]\" \/>\n<meta property=\"og:url\" content=\"https:\/\/agenciainfra.com\/blog\/camara-avanca-em-projeto-para-blindar-orcamento-das-agencias-de-cortes\/\" \/>\n<meta property=\"og:site_name\" content=\"Ag\u00eancia iNFRA\" \/>\n<meta property=\"article:publisher\" content=\"https:\/\/www.facebook.com\/ageninfra\" \/>\n<meta property=\"article:published_time\" content=\"2026-09-02T13:34:44+00:00\" \/>\n<meta property=\"article:modified_time\" content=\"2026-09-02T13:34:46+00:00\" \/>\n<meta property=\"og:image\" content=\"https:\/\/agenciainfra.com\/blog\/wp-content\/uploads\/2025\/12\/Dinheiro-Verba-orcamento-Foto-Pok-Rie-Pexels.jpg\" \/>\n\t<meta property=\"og:image:width\" content=\"1097\" \/>\n\t<meta property=\"og:image:height\" content=\"720\" \/>\n\t<meta property=\"og:image:type\" content=\"image\/jpeg\" \/>\n<meta name=\"author\" content=\"Ag\u00eancia iNFRA\" \/>\n<meta name=\"twitter:card\" content=\"summary_large_image\" \/>\n<meta name=\"twitter:creator\" content=\"@agencia_infra\" \/>\n<meta name=\"twitter:site\" content=\"@agencia_infra\" \/>\n<meta name=\"twitter:label1\" content=\"Escrito por\" \/>\n\t<meta name=\"twitter:data1\" content=\"Ag\u00eancia iNFRA\" \/>\n\t<meta name=\"twitter:label2\" content=\"Est. tempo de leitura\" \/>\n\t<meta name=\"twitter:data2\" content=\"2 minutos\" \/>\n<script type=\"application\/ld+json\" class=\"yoast-schema-graph\">{\"@context\":\"https:\\\/\\\/schema.org\",\"@graph\":[{\"@type\":\"Article\",\"@id\":\"https:\\\/\\\/agenciainfra.com\\\/blog\\\/camara-avanca-em-projeto-para-blindar-orcamento-das-agencias-de-cortes\\\/#article\",\"isPartOf\":{\"@id\":\"https:\\\/\\\/agenciainfra.com\\\/blog\\\/camara-avanca-em-projeto-para-blindar-orcamento-das-agencias-de-cortes\\\/\"},\"author\":{\"name\":\"Ag\u00eancia iNFRA\",\"@id\":\"https:\\\/\\\/agenciainfra.com\\\/blog\\\/#\\\/schema\\\/person\\\/34af08dff6adea4cb22b06612ba7acfa\"},\"headline\":\"C\u00e2mara avan\u00e7a em projeto para blindar or\u00e7amento das ag\u00eancias de cortes\",\"datePublished\":\"2026-09-02T13:34:44+00:00\",\"dateModified\":\"2026-09-02T13:34:46+00:00\",\"mainEntityOfPage\":{\"@id\":\"https:\\\/\\\/agenciainfra.com\\\/blog\\\/camara-avanca-em-projeto-para-blindar-orcamento-das-agencias-de-cortes\\\/\"},\"wordCount\":398,\"publisher\":{\"@id\":\"https:\\\/\\\/agenciainfra.com\\\/blog\\\/#organization\"},\"image\":{\"@id\":\"https:\\\/\\\/agenciainfra.com\\\/blog\\\/camara-avanca-em-projeto-para-blindar-orcamento-das-agencias-de-cortes\\\/#primaryimage\"},\"thumbnailUrl\":\"https:\\\/\\\/agenciainfra.com\\\/blog\\\/wp-content\\\/uploads\\\/2025\\\/12\\\/Dinheiro-Verba-orcamento-Foto-Pok-Rie-Pexels.jpg\",\"keywords\":[\"Ag\u00eancias Reguladoras\",\"C\u00e2mara dos Deputados\",\"contingenciamento\",\"cortes nas ag\u00eancias\",\"cortes or\u00e7ament\u00e1rios\",\"Lei de Responsabilidade Fiscal\",\"Or\u00e7amento\",\"or\u00e7amento das ag\u00eancias\",\"plp 73\\\/2025\",\"Regula\u00e7\u00e3o\",\"Senado Federal\"],\"articleSection\":[\"Destaque lista\"],\"inLanguage\":\"pt-BR\",\"copyrightYear\":\"2026\",\"copyrightHolder\":{\"@id\":\"https:\\\/\\\/agenciainfra.com\\\/blog\\\/#organization\"}},{\"@type\":\"WebPage\",\"@id\":\"https:\\\/\\\/agenciainfra.com\\\/blog\\\/camara-avanca-em-projeto-para-blindar-orcamento-das-agencias-de-cortes\\\/\",\"url\":\"https:\\\/\\\/agenciainfra.com\\\/blog\\\/camara-avanca-em-projeto-para-blindar-orcamento-das-agencias-de-cortes\\\/\",\"name\":\"C\u00e2mara avan\u00e7a em projeto para blindar or\u00e7amento das ag\u00eancias de cortes - Ag\u00eancia iNFRA\",\"isPartOf\":{\"@id\":\"https:\\\/\\\/agenciainfra.com\\\/blog\\\/#website\"},\"primaryImageOfPage\":{\"@id\":\"https:\\\/\\\/agenciainfra.com\\\/blog\\\/camara-avanca-em-projeto-para-blindar-orcamento-das-agencias-de-cortes\\\/#primaryimage\"},\"image\":{\"@id\":\"https:\\\/\\\/agenciainfra.com\\\/blog\\\/camara-avanca-em-projeto-para-blindar-orcamento-das-agencias-de-cortes\\\/#primaryimage\"},\"thumbnailUrl\":\"https:\\\/\\\/agenciainfra.com\\\/blog\\\/wp-content\\\/uploads\\\/2025\\\/12\\\/Dinheiro-Verba-orcamento-Foto-Pok-Rie-Pexels.jpg\",\"datePublished\":\"2026-09-02T13:34:44+00:00\",\"dateModified\":\"2026-09-02T13:34:46+00:00\",\"breadcrumb\":{\"@id\":\"https:\\\/\\\/agenciainfra.com\\\/blog\\\/camara-avanca-em-projeto-para-blindar-orcamento-das-agencias-de-cortes\\\/#breadcrumb\"},\"inLanguage\":\"pt-BR\",\"potentialAction\":[{\"@type\":\"ReadAction\",\"target\":[\"https:\\\/\\\/agenciainfra.com\\\/blog\\\/camara-avanca-em-projeto-para-blindar-orcamento-das-agencias-de-cortes\\\/\"]}]},{\"@type\":\"ImageObject\",\"inLanguage\":\"pt-BR\",\"@id\":\"https:\\\/\\\/agenciainfra.com\\\/blog\\\/camara-avanca-em-projeto-para-blindar-orcamento-das-agencias-de-cortes\\\/#primaryimage\",\"url\":\"https:\\\/\\\/agenciainfra.com\\\/blog\\\/wp-content\\\/uploads\\\/2025\\\/12\\\/Dinheiro-Verba-orcamento-Foto-Pok-Rie-Pexels.jpg\",\"contentUrl\":\"https:\\\/\\\/agenciainfra.com\\\/blog\\\/wp-content\\\/uploads\\\/2025\\\/12\\\/Dinheiro-Verba-orcamento-Foto-Pok-Rie-Pexels.jpg\",\"width\":1097,\"height\":720,\"caption\":\"Foto: Dom\u00ednio p\u00fablico\"},{\"@type\":\"BreadcrumbList\",\"@id\":\"https:\\\/\\\/agenciainfra.com\\\/blog\\\/camara-avanca-em-projeto-para-blindar-orcamento-das-agencias-de-cortes\\\/#breadcrumb\",\"itemListElement\":[{\"@type\":\"ListItem\",\"position\":1,\"name\":\"In\u00edcio\",\"item\":\"https:\\\/\\\/agenciainfra.com\\\/blog\\\/\"},{\"@type\":\"ListItem\",\"position\":2,\"name\":\"C\u00e2mara avan\u00e7a em projeto para blindar or\u00e7amento das ag\u00eancias de cortes\"}]},{\"@type\":\"WebSite\",\"@id\":\"https:\\\/\\\/agenciainfra.com\\\/blog\\\/#website\",\"url\":\"https:\\\/\\\/agenciainfra.com\\\/blog\\\/\",\"name\":\"Ag\u00eancia iNFRA\",\"description\":\"Multiplataforma de informa\u00e7\u00e3o jornal\u00edstica refer\u00eancia na \u00e1rea de infraestrutura no Brasil!\",\"publisher\":{\"@id\":\"https:\\\/\\\/agenciainfra.com\\\/blog\\\/#organization\"},\"potentialAction\":[{\"@type\":\"SearchAction\",\"target\":{\"@type\":\"EntryPoint\",\"urlTemplate\":\"https:\\\/\\\/agenciainfra.com\\\/blog\\\/?s={search_term_string}\"},\"query-input\":{\"@type\":\"PropertyValueSpecification\",\"valueRequired\":true,\"valueName\":\"search_term_string\"}}],\"inLanguage\":\"pt-BR\"},{\"@type\":\"Organization\",\"@id\":\"https:\\\/\\\/agenciainfra.com\\\/blog\\\/#organization\",\"name\":\"Ag\u00eancia iNFRA\",\"url\":\"https:\\\/\\\/agenciainfra.com\\\/blog\\\/\",\"logo\":{\"@type\":\"ImageObject\",\"inLanguage\":\"pt-BR\",\"@id\":\"https:\\\/\\\/agenciainfra.com\\\/blog\\\/#\\\/schema\\\/logo\\\/image\\\/\",\"url\":\"https:\\\/\\\/agenciainfra.com\\\/blog\\\/wp-content\\\/uploads\\\/2023\\\/09\\\/iNFRA_5-e1761735885940.png\",\"contentUrl\":\"https:\\\/\\\/agenciainfra.com\\\/blog\\\/wp-content\\\/uploads\\\/2023\\\/09\\\/iNFRA_5-e1761735885940.png\",\"width\":1672,\"height\":454,\"caption\":\"Ag\u00eancia iNFRA\"},\"image\":{\"@id\":\"https:\\\/\\\/agenciainfra.com\\\/blog\\\/#\\\/schema\\\/logo\\\/image\\\/\"},\"sameAs\":[\"https:\\\/\\\/www.facebook.com\\\/ageninfra\",\"https:\\\/\\\/x.com\\\/agencia_infra\",\"https:\\\/\\\/www.linkedin.com\\\/company\\\/ag\u00eanciainfra\\\/\",\"https:\\\/\\\/www.instagram.com\\\/agenciainfra\\\/\"]},{\"@type\":\"Person\",\"@id\":\"https:\\\/\\\/agenciainfra.com\\\/blog\\\/#\\\/schema\\\/person\\\/34af08dff6adea4cb22b06612ba7acfa\",\"name\":\"Ag\u00eancia iNFRA\",\"image\":{\"@type\":\"ImageObject\",\"inLanguage\":\"pt-BR\",\"@id\":\"https:\\\/\\\/secure.gravatar.com\\\/avatar\\\/d189e01678f06d8eb84d4e01f08eb848b3fffe3f8443818d3c356c66892f5be8?s=96&d=mm&r=g\",\"url\":\"https:\\\/\\\/secure.gravatar.com\\\/avatar\\\/d189e01678f06d8eb84d4e01f08eb848b3fffe3f8443818d3c356c66892f5be8?s=96&d=mm&r=g\",\"contentUrl\":\"https:\\\/\\\/secure.gravatar.com\\\/avatar\\\/d189e01678f06d8eb84d4e01f08eb848b3fffe3f8443818d3c356c66892f5be8?s=96&d=mm&r=g\",\"caption\":\"Ag\u00eancia iNFRA\"},\"url\":\"https:\\\/\\\/agenciainfra.com\\\/blog\\\/author\\\/admin\\\/\"}]}<\/script>\n<!-- \/ Yoast SEO Premium plugin. -->","yoast_head_json":{"title":"C\u00e2mara avan\u00e7a em projeto para blindar or\u00e7amento das ag\u00eancias de cortes - Ag\u00eancia iNFRA","robots":{"index":"index","follow":"follow","max-snippet":"max-snippet:-1","max-image-preview":"max-image-preview:large","max-video-preview":"max-video-preview:-1"},"canonical":"https:\/\/agenciainfra.com\/blog\/camara-avanca-em-projeto-para-blindar-orcamento-das-agencias-de-cortes\/","og_locale":"pt_BR","og_type":"article","og_title":"C\u00e2mara avan\u00e7a em projeto para blindar or\u00e7amento das ag\u00eancias de cortes","og_description":"da Ag\u00eancia iNFRA O plen\u00e1rio da C\u00e2mara dos Deputados aprovou, nesta ter\u00e7a-feira (1\u00ba), requerimento de urg\u00eancia para a tramita\u00e7\u00e3o do\u00a0PLP (Projeto de Lei Complementar) 73\/2025, que barra cortes de or\u00e7amento das ag\u00eancias reguladoras. Com esse aval, a mat\u00e9ria poder\u00e1 ser apreciada diretamente no plen\u00e1rio da C\u00e2mara. O texto j\u00e1 teve a aprova\u00e7\u00e3o do Senado em [&hellip;]","og_url":"https:\/\/agenciainfra.com\/blog\/camara-avanca-em-projeto-para-blindar-orcamento-das-agencias-de-cortes\/","og_site_name":"Ag\u00eancia iNFRA","article_publisher":"https:\/\/www.facebook.com\/ageninfra","article_published_time":"2026-09-02T13:34:44+00:00","article_modified_time":"2026-09-02T13:34:46+00:00","og_image":[{"width":1097,"height":720,"url":"https:\/\/agenciainfra.com\/blog\/wp-content\/uploads\/2025\/12\/Dinheiro-Verba-orcamento-Foto-Pok-Rie-Pexels.jpg","type":"image\/jpeg"}],"author":"Ag\u00eancia iNFRA","twitter_card":"summary_large_image","twitter_creator":"@agencia_infra","twitter_site":"@agencia_infra","twitter_misc":{"Escrito por":"Ag\u00eancia iNFRA","Est. tempo de leitura":"2 minutos"},"schema":{"@context":"https:\/\/schema.org","@graph":[{"@type":"Article","@id":"https:\/\/agenciainfra.com\/blog\/camara-avanca-em-projeto-para-blindar-orcamento-das-agencias-de-cortes\/#article","isPartOf":{"@id":"https:\/\/agenciainfra.com\/blog\/camara-avanca-em-projeto-para-blindar-orcamento-das-agencias-de-cortes\/"},"author":{"name":"Ag\u00eancia iNFRA","@id":"https:\/\/agenciainfra.com\/blog\/#\/schema\/person\/34af08dff6adea4cb22b06612ba7acfa"},"headline":"C\u00e2mara avan\u00e7a em projeto para blindar or\u00e7amento das ag\u00eancias de cortes","datePublished":"2026-09-02T13:34:44+00:00","dateModified":"2026-09-02T13:34:46+00:00","mainEntityOfPage":{"@id":"https:\/\/agenciainfra.com\/blog\/camara-avanca-em-projeto-para-blindar-orcamento-das-agencias-de-cortes\/"},"wordCount":398,"publisher":{"@id":"https:\/\/agenciainfra.com\/blog\/#organization"},"image":{"@id":"https:\/\/agenciainfra.com\/blog\/camara-avanca-em-projeto-para-blindar-orcamento-das-agencias-de-cortes\/#primaryimage"},"thumbnailUrl":"https:\/\/agenciainfra.com\/blog\/wp-content\/uploads\/2025\/12\/Dinheiro-Verba-orcamento-Foto-Pok-Rie-Pexels.jpg","keywords":["Ag\u00eancias Reguladoras","C\u00e2mara dos Deputados","contingenciamento","cortes nas ag\u00eancias","cortes or\u00e7ament\u00e1rios","Lei de Responsabilidade Fiscal","Or\u00e7amento","or\u00e7amento das ag\u00eancias","plp 73\/2025","Regula\u00e7\u00e3o","Senado Federal"],"articleSection":["Destaque lista"],"inLanguage":"pt-BR","copyrightYear":"2026","copyrightHolder":{"@id":"https:\/\/agenciainfra.com\/blog\/#organization"}},{"@type":"WebPage","@id":"https:\/\/agenciainfra.com\/blog\/camara-avanca-em-projeto-para-blindar-orcamento-das-agencias-de-cortes\/","url":"https:\/\/agenciainfra.com\/blog\/camara-avanca-em-projeto-para-blindar-orcamento-das-agencias-de-cortes\/","name":"C\u00e2mara avan\u00e7a em projeto para blindar or\u00e7amento das ag\u00eancias de cortes - Ag\u00eancia iNFRA","isPartOf":{"@id":"https:\/\/agenciainfra.com\/blog\/#website"},"primaryImageOfPage":{"@id":"https:\/\/agenciainfra.com\/blog\/camara-avanca-em-projeto-para-blindar-orcamento-das-agencias-de-cortes\/#primaryimage"},"image":{"@id":"https:\/\/agenciainfra.com\/blog\/camara-avanca-em-projeto-para-blindar-orcamento-das-agencias-de-cortes\/#primaryimage"},"thumbnailUrl":"https:\/\/agenciainfra.com\/blog\/wp-content\/uploads\/2025\/12\/Dinheiro-Verba-orcamento-Foto-Pok-Rie-Pexels.jpg","datePublished":"2026-09-02T13:34:44+00:00","dateModified":"2026-09-02T13:34:46+00:00","breadcrumb":{"@id":"https:\/\/agenciainfra.com\/blog\/camara-avanca-em-projeto-para-blindar-orcamento-das-agencias-de-cortes\/#breadcrumb"},"inLanguage":"pt-BR","potentialAction":[{"@type":"ReadAction","target":["https:\/\/agenciainfra.com\/blog\/camara-avanca-em-projeto-para-blindar-orcamento-das-agencias-de-cortes\/"]}]},{"@type":"ImageObject","inLanguage":"pt-BR","@id":"https:\/\/agenciainfra.com\/blog\/camara-avanca-em-projeto-para-blindar-orcamento-das-agencias-de-cortes\/#primaryimage","url":"https:\/\/agenciainfra.com\/blog\/wp-content\/uploads\/2025\/12\/Dinheiro-Verba-orcamento-Foto-Pok-Rie-Pexels.jpg","contentUrl":"https:\/\/agenciainfra.com\/blog\/wp-content\/uploads\/2025\/12\/Dinheiro-Verba-orcamento-Foto-Pok-Rie-Pexels.jpg","width":1097,"height":720,"caption":"Foto: Dom\u00ednio p\u00fablico"},{"@type":"BreadcrumbList","@id":"https:\/\/agenciainfra.com\/blog\/camara-avanca-em-projeto-para-blindar-orcamento-das-agencias-de-cortes\/#breadcrumb","itemListElement":[{"@type":"ListItem","position":1,"name":"In\u00edcio","item":"https:\/\/agenciainfra.com\/blog\/"},{"@type":"ListItem","position":2,"name":"C\u00e2mara avan\u00e7a em projeto para blindar or\u00e7amento das ag\u00eancias de cortes"}]},{"@type":"WebSite","@id":"https:\/\/agenciainfra.com\/blog\/#website","url":"https:\/\/agenciainfra.com\/blog\/","name":"Ag\u00eancia iNFRA","description":"Multiplataforma de informa\u00e7\u00e3o jornal\u00edstica refer\u00eancia na \u00e1rea de infraestrutura no Brasil!","publisher":{"@id":"https:\/\/agenciainfra.com\/blog\/#organization"},"potentialAction":[{"@type":"SearchAction","target":{"@type":"EntryPoint","urlTemplate":"https:\/\/agenciainfra.com\/blog\/?s={search_term_string}"},"query-input":{"@type":"PropertyValueSpecification","valueRequired":true,"valueName":"search_term_string"}}],"inLanguage":"pt-BR"},{"@type":"Organization","@id":"https:\/\/agenciainfra.com\/blog\/#organization","name":"Ag\u00eancia iNFRA","url":"https:\/\/agenciainfra.com\/blog\/","logo":{"@type":"ImageObject","inLanguage":"pt-BR","@id":"https:\/\/agenciainfra.com\/blog\/#\/schema\/logo\/image\/","url":"https:\/\/agenciainfra.com\/blog\/wp-content\/uploads\/2023\/09\/iNFRA_5-e1761735885940.png","contentUrl":"https:\/\/agenciainfra.com\/blog\/wp-content\/uploads\/2023\/09\/iNFRA_5-e1761735885940.png","width":1672,"height":454,"caption":"Ag\u00eancia iNFRA"},"image":{"@id":"https:\/\/agenciainfra.com\/blog\/#\/schema\/logo\/image\/"},"sameAs":["https:\/\/www.facebook.com\/ageninfra","https:\/\/x.com\/agencia_infra","https:\/\/www.linkedin.com\/company\/ag\u00eanciainfra\/","https:\/\/www.instagram.com\/agenciainfra\/"]},{"@type":"Person","@id":"https:\/\/agenciainfra.com\/blog\/#\/schema\/person\/34af08dff6adea4cb22b06612ba7acfa","name":"Ag\u00eancia iNFRA","image":{"@type":"ImageObject","inLanguage":"pt-BR","@id":"https:\/\/secure.gravatar.com\/avatar\/d189e01678f06d8eb84d4e01f08eb848b3fffe3f8443818d3c356c66892f5be8?s=96&d=mm&r=g","url":"https:\/\/secure.gravatar.com\/avatar\/d189e01678f06d8eb84d4e01f08eb848b3fffe3f8443818d3c356c66892f5be8?s=96&d=mm&r=g","contentUrl":"https:\/\/secure.gravatar.com\/avatar\/d189e01678f06d8eb84d4e01f08eb848b3fffe3f8443818d3c356c66892f5be8?s=96&d=mm&r=g","caption":"Ag\u00eancia iNFRA"},"url":"https:\/\/agenciainfra.com\/blog\/author\/admin\/"}]}},"_links":{"self":[{"href":"https:\/\/agenciainfra.com\/blog\/wp-json\/wp\/v2\/posts\/46803","targetHints":{"allow":["GET"]}}],"collection":[{"href":"https:\/\/agenciainfra.com\/blog\/wp-json\/wp\/v2\/posts"}],"about":[{"href":"https:\/\/agenciainfra.com\/blog\/wp-json\/wp\/v2\/types\/post"}],"author":[{"embeddable":true,"href":"https:\/\/agenciainfra.com\/blog\/wp-json\/wp\/v2\/users\/1"}],"replies":[{"embeddable":true,"href":"https:\/\/agenciainfra.com\/blog\/wp-json\/wp\/v2\/comments?post=46803"}],"version-history":[{"count":1,"href":"https:\/\/agenciainfra.com\/blog\/wp-json\/wp\/v2\/posts\/46803\/revisions"}],"predecessor-version":[{"id":46804,"href":"https:\/\/agenciainfra.com\/blog\/wp-json\/wp\/v2\/posts\/46803\/revisions\/46804"}],"wp:featuredmedia":[{"embeddable":true,"href":"https:\/\/agenciainfra.com\/blog\/wp-json\/wp\/v2\/media\/33824"}],"wp:attachment":[{"href":"https:\/\/agenciainfra.com\/blog\/wp-json\/wp\/v2\/media?parent=46803"}],"wp:term":[{"taxonomy":"category","embeddable":true,"href":"https:\/\/agenciainfra.com\/blog\/wp-json\/wp\/v2\/categories?post=46803"},{"taxonomy":"post_tag","embeddable":true,"href":"https:\/\/agenciainfra.com\/blog\/wp-json\/wp\/v2\/tags?post=46803"}],"curies":[{"name":"wp","href":"https:\/\/api.w.org\/{rel}","templated":true}]}}