{"id":46805,"date":"2026-09-02T11:56:04","date_gmt":"2026-09-02T14:56:04","guid":{"rendered":"https:\/\/agenciainfra.com\/blog\/?p=46805"},"modified":"2026-09-02T11:56:07","modified_gmt":"2026-09-02T14:56:07","slug":"redata-senado-aprova-beneficio-para-data-centers-e-inclui-gas-natural","status":"publish","type":"post","link":"https:\/\/agenciainfra.com\/blog\/redata-senado-aprova-beneficio-para-data-centers-e-inclui-gas-natural\/","title":{"rendered":"Redata: Senado aprova benef\u00edcio para data centers e inclui g\u00e1s natural"},"content":{"rendered":"\n<p class=\"has-text-align-right\"><strong>Lais Carregosa, Marisa Wanzeller e Geraldo Campos Jr., da Ag\u00eancia iNFRA<\/strong><\/p>\n\n\n\n<p>O Plen\u00e1rio do Senado Federal aprovou nesta ter\u00e7a-feira (1\u00ba) o\u00a0<a href=\"https:\/\/www25.senado.leg.br\/web\/atividade\/materias\/-\/materia\/172786\" target=\"_blank\" rel=\"noreferrer noopener\">PL (Projeto de Lei) 278\/2026<\/a>, que cria o Redata (Regime Especial de Tributa\u00e7\u00e3o para Servi\u00e7os de Datacenter). O parecer do senador Cid Gomes (PSB-CE), relator, abriu caminho para que o g\u00e1s natural seja utilizado para atender \u00e0 demanda de energia dos empreendimentos, al\u00e9m das fontes renov\u00e1veis, como e\u00f3lica e solar, previstas anteriormente.\u00a0<br><br>A mat\u00e9ria foi alterada por meio de ajuste redacional, sem mudan\u00e7a no m\u00e9rito do texto para evitar o retorno \u00e0 C\u00e2mara dos Deputados. Portanto, seguir\u00e1 para a san\u00e7\u00e3o presidencial.<br><br>O ajuste ocorreu com a aprova\u00e7\u00e3o de emenda de autoria do senador La\u00e9rcio Oliveira (PP-SE). O dispositivo incorporado ao texto diz que os empreendimentos dever\u00e3o atender \u00e0 totalidade da sua demanda de energia el\u00e9trica por meio de \u201cfontes renov\u00e1veis ou de baixa emiss\u00e3o\u201d. O texto original, aprovado pela C\u00e2mara, dizia \u201cfontes limpas ou renov\u00e1veis\u201d.<br><br>Com isso, a inclus\u00e3o do g\u00e1s de forma mais expl\u00edcita poder\u00e1 ser negociada durante a regulamenta\u00e7\u00e3o da mat\u00e9ria. Em discurso no plen\u00e1rio, o relator, senador Cid Gomes, disse que caber\u00e1 ao MME (Minist\u00e9rio de Minas e Energia) a determina\u00e7\u00e3o de quais fontes ser\u00e3o poss\u00edveis.<br><br><strong>Altera\u00e7\u00e3o no plen\u00e1rio<\/strong><br>A emenda do g\u00e1s foi alterada no plen\u00e1rio ap\u00f3s interven\u00e7\u00e3o do presidente do Senado, Davi Alcolumbre (Uni\u00e3o-AP). Ele informou que a C\u00e2mara dos Deputados avisou que discordava que o dispositivo seria \u201cde reda\u00e7\u00e3o\u201d, uma vez que alteraria o m\u00e9rito do trecho. Com isso, a mat\u00e9ria precisaria voltar para a casa iniciadora caso aprovada a emenda pelo Senado.\u00a0<br><br>Ap\u00f3s discuss\u00e3o, os senadores acordaram em alterar o texto, evitando o retorno da mat\u00e9ria e, ainda, beneficiando as hidrel\u00e9tricas. A emenda inicialmente previa \u201cgera\u00e7\u00e3o a partir de fontes renov\u00e1veis ou de baixa emiss\u00e3o, assim consideradas aquelas que apresentem reduzido impacto ambiental e baixas emiss\u00f5es de gases de efeito estufa, na forma do regulamento\u201d, mas foi reduzida para \u201cgera\u00e7\u00e3o a partir de fontes renov\u00e1veis ou de baixa emiss\u00e3o\u201d.\u00a0<br><br>O argumento do Senado \u00e9 de que a troca do termo \u201climpa\u201d por \u201cbaixa emiss\u00e3o\u201d seria um ajuste redacional inquestion\u00e1vel, de forma que a C\u00e2mara n\u00e3o poderia alegar mudan\u00e7a de m\u00e9rito.<br><br><strong>Baterias<\/strong><br>Agentes renov\u00e1veis tentaram incluir no texto altera\u00e7\u00e3o no custeio da contrata\u00e7\u00e3o de baterias, mas n\u00e3o tiveram \u00eaxito. A articula\u00e7\u00e3o era pela aprova\u00e7\u00e3o de emenda apresentada pelo senador Wellington Fagundes (PL-MT), que revoga trecho da Lei da Reforma do Setor El\u00e9trico (<a href=\"https:\/\/www.planalto.gov.br\/ccivil_03\/_ato2023-2026\/2025\/lei\/l15269.htm\" target=\"_blank\" rel=\"noreferrer noopener\">Lei 15.269<\/a>) que atribui aos geradores o custeio da contrata\u00e7\u00e3o de baterias.\u00a0<br><br>A inclus\u00e3o do pleito no texto faria com que o texto voltasse \u00e0 C\u00e2mara dos Deputados para revis\u00e3o, o que dificultou a articula\u00e7\u00e3o. Interlocutores apontaram que o governo estaria contr\u00e1rio a movimentos que pudessem devolver o texto \u00e0 casa iniciadora e atrasar a san\u00e7\u00e3o da mat\u00e9ria.\u00a0<br><br>Em seu relat\u00f3rio, Cid Gomes justificou a rejei\u00e7\u00e3o das emendas sobre as baterias por serem mat\u00e9rias estranhas ao objeto do projeto, sem afinidade, pertin\u00eancia ou conex\u00e3o exigidas com o Redata.<br><br><strong>Investimentos<\/strong>\u00a0<br>Al\u00e9m dos geradores de energia que ser\u00e3o contratados para atender \u00e0 demanda dos data centers, a aprova\u00e7\u00e3o do Redata era esperada pelos setores de tecnologia da informa\u00e7\u00e3o. Os agentes afirmam que a alta tributa\u00e7\u00e3o dos equipamentos necess\u00e1rios para os empreendimentos era o principal gargalo para o avan\u00e7o do setor no Brasil. Com o regime em vigor, \u00e9 esperada a atra\u00e7\u00e3o de investimentos bilion\u00e1rios para o pa\u00eds.<br><br>Para a validade do benef\u00edcio, C\u00e2mara e Senado tamb\u00e9m precisam aprovar o\u00a0<a href=\"https:\/\/www.camara.leg.br\/proposicoesWeb\/fichadetramitacao?idProposicao=2611313\" target=\"_blank\" rel=\"noreferrer noopener\">PLP (Projeto de Lei Complementar) 74\/2026<\/a>, o que j\u00e1 est\u00e1 articulado para ocorrer nesta semana, segundo fontes. A mat\u00e9ria estabelece que propostas legislativas com ren\u00fancias fiscais j\u00e1 previstas no or\u00e7amento de 2026 ou que tenham medidas de compensa\u00e7\u00e3o financeira fiquem ressalvadas das restri\u00e7\u00f5es da LDO (Lei de Diretrizes Or\u00e7ament\u00e1rias).<\/p>\n","protected":false},"excerpt":{"rendered":"<p>Lais Carregosa, Marisa Wanzeller e Geraldo Campos Jr., da Ag\u00eancia iNFRA O Plen\u00e1rio do Senado Federal aprovou nesta ter\u00e7a-feira (1\u00ba) o\u00a0PL (Projeto de Lei) 278\/2026, que cria o Redata (Regime Especial de Tributa\u00e7\u00e3o para Servi\u00e7os de Datacenter). O parecer do senador Cid Gomes (PSB-CE), relator, abriu caminho para que o g\u00e1s natural seja utilizado para [&hellip;]<\/p>\n","protected":false},"author":1,"featured_media":46807,"comment_status":"closed","ping_status":"closed","sticky":false,"template":"","format":"standard","meta":{"_monsterinsights_skip_tracking":false,"_monsterinsights_sitenote_active":false,"_monsterinsights_sitenote_note":"","_monsterinsights_sitenote_category":0,"footnotes":""},"categories":[7250],"tags":[18883,13398,882,11594,13132,7366,21664,21663,14879,4354,21662],"class_list":["post-46805","post","type-post","status-publish","format-standard","has-post-thumbnail","hentry","category-destaque-lista","tag-contratacao-de-baterias","tag-data-centers","tag-gas-natural","tag-geraldo-campos-jr","tag-lais-carregosa","tag-marisa-wanzeller","tag-pl-279-2026","tag-plp-74-2026","tag-redata","tag-senado-federal","tag-senador-cid-gomes"],"yoast_head":"<!-- This site is optimized with the Yoast SEO Premium plugin v25.4 (Yoast SEO v28.2) - https:\/\/yoast.com\/product\/yoast-seo-premium-wordpress\/ -->\n<title>Redata: Senado aprova benef\u00edcio para data centers e inclui g\u00e1s natural - Ag\u00eancia iNFRA<\/title>\n<meta name=\"robots\" content=\"index, follow, max-snippet:-1, max-image-preview:large, max-video-preview:-1\" \/>\n<link rel=\"canonical\" href=\"https:\/\/agenciainfra.com\/blog\/redata-senado-aprova-beneficio-para-data-centers-e-inclui-gas-natural\/\" \/>\n<meta property=\"og:locale\" content=\"pt_BR\" \/>\n<meta property=\"og:type\" content=\"article\" \/>\n<meta property=\"og:title\" content=\"Redata: Senado aprova benef\u00edcio para data centers e inclui g\u00e1s natural\" \/>\n<meta property=\"og:description\" content=\"Lais Carregosa, Marisa Wanzeller e Geraldo Campos Jr., da Ag\u00eancia iNFRA O Plen\u00e1rio do Senado Federal aprovou nesta ter\u00e7a-feira (1\u00ba) o\u00a0PL (Projeto de Lei) 278\/2026, que cria o Redata (Regime Especial de Tributa\u00e7\u00e3o para Servi\u00e7os de Datacenter). O parecer do senador Cid Gomes (PSB-CE), relator, abriu caminho para que o g\u00e1s natural seja utilizado para [&hellip;]\" \/>\n<meta property=\"og:url\" content=\"https:\/\/agenciainfra.com\/blog\/redata-senado-aprova-beneficio-para-data-centers-e-inclui-gas-natural\/\" \/>\n<meta property=\"og:site_name\" content=\"Ag\u00eancia iNFRA\" \/>\n<meta property=\"article:publisher\" content=\"https:\/\/www.facebook.com\/ageninfra\" \/>\n<meta property=\"article:published_time\" content=\"2026-09-02T14:56:04+00:00\" \/>\n<meta property=\"article:modified_time\" content=\"2026-09-02T14:56:07+00:00\" \/>\n<meta property=\"og:image\" content=\"https:\/\/agenciainfra.com\/blog\/wp-content\/uploads\/2026\/09\/plenario-senado-foto-jonas_pereira-agencia_senado-scaled-e1788360937454.jpg\" \/>\n\t<meta property=\"og:image:width\" content=\"1280\" \/>\n\t<meta property=\"og:image:height\" content=\"854\" \/>\n\t<meta property=\"og:image:type\" content=\"image\/jpeg\" \/>\n<meta name=\"author\" content=\"Ag\u00eancia iNFRA\" \/>\n<meta name=\"twitter:card\" content=\"summary_large_image\" \/>\n<meta name=\"twitter:creator\" content=\"@agencia_infra\" \/>\n<meta name=\"twitter:site\" content=\"@agencia_infra\" \/>\n<meta name=\"twitter:label1\" content=\"Escrito por\" \/>\n\t<meta name=\"twitter:data1\" content=\"Ag\u00eancia iNFRA\" \/>\n\t<meta name=\"twitter:label2\" content=\"Est. tempo de leitura\" \/>\n\t<meta name=\"twitter:data2\" content=\"4 minutos\" \/>\n<script type=\"application\/ld+json\" class=\"yoast-schema-graph\">{\"@context\":\"https:\\\/\\\/schema.org\",\"@graph\":[{\"@type\":\"Article\",\"@id\":\"https:\\\/\\\/agenciainfra.com\\\/blog\\\/redata-senado-aprova-beneficio-para-data-centers-e-inclui-gas-natural\\\/#article\",\"isPartOf\":{\"@id\":\"https:\\\/\\\/agenciainfra.com\\\/blog\\\/redata-senado-aprova-beneficio-para-data-centers-e-inclui-gas-natural\\\/\"},\"author\":{\"name\":\"Ag\u00eancia iNFRA\",\"@id\":\"https:\\\/\\\/agenciainfra.com\\\/blog\\\/#\\\/schema\\\/person\\\/34af08dff6adea4cb22b06612ba7acfa\"},\"headline\":\"Redata: Senado aprova benef\u00edcio para data centers e inclui g\u00e1s natural\",\"datePublished\":\"2026-09-02T14:56:04+00:00\",\"dateModified\":\"2026-09-02T14:56:07+00:00\",\"mainEntityOfPage\":{\"@id\":\"https:\\\/\\\/agenciainfra.com\\\/blog\\\/redata-senado-aprova-beneficio-para-data-centers-e-inclui-gas-natural\\\/\"},\"wordCount\":715,\"publisher\":{\"@id\":\"https:\\\/\\\/agenciainfra.com\\\/blog\\\/#organization\"},\"image\":{\"@id\":\"https:\\\/\\\/agenciainfra.com\\\/blog\\\/redata-senado-aprova-beneficio-para-data-centers-e-inclui-gas-natural\\\/#primaryimage\"},\"thumbnailUrl\":\"https:\\\/\\\/agenciainfra.com\\\/blog\\\/wp-content\\\/uploads\\\/2026\\\/09\\\/plenario-senado-foto-jonas_pereira-agencia_senado-scaled-e1788360937454.jpg\",\"keywords\":[\"contrata\u00e7\u00e3o de baterias\",\"data centers\",\"g\u00e1s natural\",\"Geraldo Campos Jr.\",\"Lais Carregosa\",\"Marisa Wanzeller\",\"pl 279\\\/2026\",\"plp 74\\\/2026\",\"Redata\",\"Senado Federal\",\"senador cid gomes\"],\"articleSection\":[\"Destaque lista\"],\"inLanguage\":\"pt-BR\",\"copyrightYear\":\"2026\",\"copyrightHolder\":{\"@id\":\"https:\\\/\\\/agenciainfra.com\\\/blog\\\/#organization\"}},{\"@type\":\"WebPage\",\"@id\":\"https:\\\/\\\/agenciainfra.com\\\/blog\\\/redata-senado-aprova-beneficio-para-data-centers-e-inclui-gas-natural\\\/\",\"url\":\"https:\\\/\\\/agenciainfra.com\\\/blog\\\/redata-senado-aprova-beneficio-para-data-centers-e-inclui-gas-natural\\\/\",\"name\":\"Redata: Senado aprova benef\u00edcio para data centers e inclui g\u00e1s natural - Ag\u00eancia iNFRA\",\"isPartOf\":{\"@id\":\"https:\\\/\\\/agenciainfra.com\\\/blog\\\/#website\"},\"primaryImageOfPage\":{\"@id\":\"https:\\\/\\\/agenciainfra.com\\\/blog\\\/redata-senado-aprova-beneficio-para-data-centers-e-inclui-gas-natural\\\/#primaryimage\"},\"image\":{\"@id\":\"https:\\\/\\\/agenciainfra.com\\\/blog\\\/redata-senado-aprova-beneficio-para-data-centers-e-inclui-gas-natural\\\/#primaryimage\"},\"thumbnailUrl\":\"https:\\\/\\\/agenciainfra.com\\\/blog\\\/wp-content\\\/uploads\\\/2026\\\/09\\\/plenario-senado-foto-jonas_pereira-agencia_senado-scaled-e1788360937454.jpg\",\"datePublished\":\"2026-09-02T14:56:04+00:00\",\"dateModified\":\"2026-09-02T14:56:07+00:00\",\"breadcrumb\":{\"@id\":\"https:\\\/\\\/agenciainfra.com\\\/blog\\\/redata-senado-aprova-beneficio-para-data-centers-e-inclui-gas-natural\\\/#breadcrumb\"},\"inLanguage\":\"pt-BR\",\"potentialAction\":[{\"@type\":\"ReadAction\",\"target\":[\"https:\\\/\\\/agenciainfra.com\\\/blog\\\/redata-senado-aprova-beneficio-para-data-centers-e-inclui-gas-natural\\\/\"]}]},{\"@type\":\"ImageObject\",\"inLanguage\":\"pt-BR\",\"@id\":\"https:\\\/\\\/agenciainfra.com\\\/blog\\\/redata-senado-aprova-beneficio-para-data-centers-e-inclui-gas-natural\\\/#primaryimage\",\"url\":\"https:\\\/\\\/agenciainfra.com\\\/blog\\\/wp-content\\\/uploads\\\/2026\\\/09\\\/plenario-senado-foto-jonas_pereira-agencia_senado-scaled-e1788360937454.jpg\",\"contentUrl\":\"https:\\\/\\\/agenciainfra.com\\\/blog\\\/wp-content\\\/uploads\\\/2026\\\/09\\\/plenario-senado-foto-jonas_pereira-agencia_senado-scaled-e1788360937454.jpg\",\"width\":1280,\"height\":854,\"caption\":\"Foto: Jonas Pereira\\\/Ag\u00eancia Senado\"},{\"@type\":\"BreadcrumbList\",\"@id\":\"https:\\\/\\\/agenciainfra.com\\\/blog\\\/redata-senado-aprova-beneficio-para-data-centers-e-inclui-gas-natural\\\/#breadcrumb\",\"itemListElement\":[{\"@type\":\"ListItem\",\"position\":1,\"name\":\"In\u00edcio\",\"item\":\"https:\\\/\\\/agenciainfra.com\\\/blog\\\/\"},{\"@type\":\"ListItem\",\"position\":2,\"name\":\"Redata: Senado aprova benef\u00edcio para data centers e inclui g\u00e1s natural\"}]},{\"@type\":\"WebSite\",\"@id\":\"https:\\\/\\\/agenciainfra.com\\\/blog\\\/#website\",\"url\":\"https:\\\/\\\/agenciainfra.com\\\/blog\\\/\",\"name\":\"Ag\u00eancia iNFRA\",\"description\":\"Multiplataforma de informa\u00e7\u00e3o jornal\u00edstica refer\u00eancia na \u00e1rea de infraestrutura no Brasil!\",\"publisher\":{\"@id\":\"https:\\\/\\\/agenciainfra.com\\\/blog\\\/#organization\"},\"potentialAction\":[{\"@type\":\"SearchAction\",\"target\":{\"@type\":\"EntryPoint\",\"urlTemplate\":\"https:\\\/\\\/agenciainfra.com\\\/blog\\\/?s={search_term_string}\"},\"query-input\":{\"@type\":\"PropertyValueSpecification\",\"valueRequired\":true,\"valueName\":\"search_term_string\"}}],\"inLanguage\":\"pt-BR\"},{\"@type\":\"Organization\",\"@id\":\"https:\\\/\\\/agenciainfra.com\\\/blog\\\/#organization\",\"name\":\"Ag\u00eancia iNFRA\",\"url\":\"https:\\\/\\\/agenciainfra.com\\\/blog\\\/\",\"logo\":{\"@type\":\"ImageObject\",\"inLanguage\":\"pt-BR\",\"@id\":\"https:\\\/\\\/agenciainfra.com\\\/blog\\\/#\\\/schema\\\/logo\\\/image\\\/\",\"url\":\"https:\\\/\\\/agenciainfra.com\\\/blog\\\/wp-content\\\/uploads\\\/2023\\\/09\\\/iNFRA_5-e1761735885940.png\",\"contentUrl\":\"https:\\\/\\\/agenciainfra.com\\\/blog\\\/wp-content\\\/uploads\\\/2023\\\/09\\\/iNFRA_5-e1761735885940.png\",\"width\":1672,\"height\":454,\"caption\":\"Ag\u00eancia iNFRA\"},\"image\":{\"@id\":\"https:\\\/\\\/agenciainfra.com\\\/blog\\\/#\\\/schema\\\/logo\\\/image\\\/\"},\"sameAs\":[\"https:\\\/\\\/www.facebook.com\\\/ageninfra\",\"https:\\\/\\\/x.com\\\/agencia_infra\",\"https:\\\/\\\/www.linkedin.com\\\/company\\\/ag\u00eanciainfra\\\/\",\"https:\\\/\\\/www.instagram.com\\\/agenciainfra\\\/\"]},{\"@type\":\"Person\",\"@id\":\"https:\\\/\\\/agenciainfra.com\\\/blog\\\/#\\\/schema\\\/person\\\/34af08dff6adea4cb22b06612ba7acfa\",\"name\":\"Ag\u00eancia iNFRA\",\"image\":{\"@type\":\"ImageObject\",\"inLanguage\":\"pt-BR\",\"@id\":\"https:\\\/\\\/secure.gravatar.com\\\/avatar\\\/d189e01678f06d8eb84d4e01f08eb848b3fffe3f8443818d3c356c66892f5be8?s=96&d=mm&r=g\",\"url\":\"https:\\\/\\\/secure.gravatar.com\\\/avatar\\\/d189e01678f06d8eb84d4e01f08eb848b3fffe3f8443818d3c356c66892f5be8?s=96&d=mm&r=g\",\"contentUrl\":\"https:\\\/\\\/secure.gravatar.com\\\/avatar\\\/d189e01678f06d8eb84d4e01f08eb848b3fffe3f8443818d3c356c66892f5be8?s=96&d=mm&r=g\",\"caption\":\"Ag\u00eancia iNFRA\"},\"url\":\"https:\\\/\\\/agenciainfra.com\\\/blog\\\/author\\\/admin\\\/\"}]}<\/script>\n<!-- \/ Yoast SEO Premium plugin. -->","yoast_head_json":{"title":"Redata: Senado aprova benef\u00edcio para data centers e inclui g\u00e1s natural - Ag\u00eancia iNFRA","robots":{"index":"index","follow":"follow","max-snippet":"max-snippet:-1","max-image-preview":"max-image-preview:large","max-video-preview":"max-video-preview:-1"},"canonical":"https:\/\/agenciainfra.com\/blog\/redata-senado-aprova-beneficio-para-data-centers-e-inclui-gas-natural\/","og_locale":"pt_BR","og_type":"article","og_title":"Redata: Senado aprova benef\u00edcio para data centers e inclui g\u00e1s natural","og_description":"Lais Carregosa, Marisa Wanzeller e Geraldo Campos Jr., da Ag\u00eancia iNFRA O Plen\u00e1rio do Senado Federal aprovou nesta ter\u00e7a-feira (1\u00ba) o\u00a0PL (Projeto de Lei) 278\/2026, que cria o Redata (Regime Especial de Tributa\u00e7\u00e3o para Servi\u00e7os de Datacenter). O parecer do senador Cid Gomes (PSB-CE), relator, abriu caminho para que o g\u00e1s natural seja utilizado para [&hellip;]","og_url":"https:\/\/agenciainfra.com\/blog\/redata-senado-aprova-beneficio-para-data-centers-e-inclui-gas-natural\/","og_site_name":"Ag\u00eancia iNFRA","article_publisher":"https:\/\/www.facebook.com\/ageninfra","article_published_time":"2026-09-02T14:56:04+00:00","article_modified_time":"2026-09-02T14:56:07+00:00","og_image":[{"width":1280,"height":854,"url":"https:\/\/agenciainfra.com\/blog\/wp-content\/uploads\/2026\/09\/plenario-senado-foto-jonas_pereira-agencia_senado-scaled-e1788360937454.jpg","type":"image\/jpeg"}],"author":"Ag\u00eancia iNFRA","twitter_card":"summary_large_image","twitter_creator":"@agencia_infra","twitter_site":"@agencia_infra","twitter_misc":{"Escrito por":"Ag\u00eancia iNFRA","Est. tempo de leitura":"4 minutos"},"schema":{"@context":"https:\/\/schema.org","@graph":[{"@type":"Article","@id":"https:\/\/agenciainfra.com\/blog\/redata-senado-aprova-beneficio-para-data-centers-e-inclui-gas-natural\/#article","isPartOf":{"@id":"https:\/\/agenciainfra.com\/blog\/redata-senado-aprova-beneficio-para-data-centers-e-inclui-gas-natural\/"},"author":{"name":"Ag\u00eancia iNFRA","@id":"https:\/\/agenciainfra.com\/blog\/#\/schema\/person\/34af08dff6adea4cb22b06612ba7acfa"},"headline":"Redata: Senado aprova benef\u00edcio para data centers e inclui g\u00e1s natural","datePublished":"2026-09-02T14:56:04+00:00","dateModified":"2026-09-02T14:56:07+00:00","mainEntityOfPage":{"@id":"https:\/\/agenciainfra.com\/blog\/redata-senado-aprova-beneficio-para-data-centers-e-inclui-gas-natural\/"},"wordCount":715,"publisher":{"@id":"https:\/\/agenciainfra.com\/blog\/#organization"},"image":{"@id":"https:\/\/agenciainfra.com\/blog\/redata-senado-aprova-beneficio-para-data-centers-e-inclui-gas-natural\/#primaryimage"},"thumbnailUrl":"https:\/\/agenciainfra.com\/blog\/wp-content\/uploads\/2026\/09\/plenario-senado-foto-jonas_pereira-agencia_senado-scaled-e1788360937454.jpg","keywords":["contrata\u00e7\u00e3o de baterias","data centers","g\u00e1s natural","Geraldo Campos Jr.","Lais Carregosa","Marisa Wanzeller","pl 279\/2026","plp 74\/2026","Redata","Senado Federal","senador cid gomes"],"articleSection":["Destaque lista"],"inLanguage":"pt-BR","copyrightYear":"2026","copyrightHolder":{"@id":"https:\/\/agenciainfra.com\/blog\/#organization"}},{"@type":"WebPage","@id":"https:\/\/agenciainfra.com\/blog\/redata-senado-aprova-beneficio-para-data-centers-e-inclui-gas-natural\/","url":"https:\/\/agenciainfra.com\/blog\/redata-senado-aprova-beneficio-para-data-centers-e-inclui-gas-natural\/","name":"Redata: Senado aprova benef\u00edcio para data centers e inclui g\u00e1s natural - Ag\u00eancia iNFRA","isPartOf":{"@id":"https:\/\/agenciainfra.com\/blog\/#website"},"primaryImageOfPage":{"@id":"https:\/\/agenciainfra.com\/blog\/redata-senado-aprova-beneficio-para-data-centers-e-inclui-gas-natural\/#primaryimage"},"image":{"@id":"https:\/\/agenciainfra.com\/blog\/redata-senado-aprova-beneficio-para-data-centers-e-inclui-gas-natural\/#primaryimage"},"thumbnailUrl":"https:\/\/agenciainfra.com\/blog\/wp-content\/uploads\/2026\/09\/plenario-senado-foto-jonas_pereira-agencia_senado-scaled-e1788360937454.jpg","datePublished":"2026-09-02T14:56:04+00:00","dateModified":"2026-09-02T14:56:07+00:00","breadcrumb":{"@id":"https:\/\/agenciainfra.com\/blog\/redata-senado-aprova-beneficio-para-data-centers-e-inclui-gas-natural\/#breadcrumb"},"inLanguage":"pt-BR","potentialAction":[{"@type":"ReadAction","target":["https:\/\/agenciainfra.com\/blog\/redata-senado-aprova-beneficio-para-data-centers-e-inclui-gas-natural\/"]}]},{"@type":"ImageObject","inLanguage":"pt-BR","@id":"https:\/\/agenciainfra.com\/blog\/redata-senado-aprova-beneficio-para-data-centers-e-inclui-gas-natural\/#primaryimage","url":"https:\/\/agenciainfra.com\/blog\/wp-content\/uploads\/2026\/09\/plenario-senado-foto-jonas_pereira-agencia_senado-scaled-e1788360937454.jpg","contentUrl":"https:\/\/agenciainfra.com\/blog\/wp-content\/uploads\/2026\/09\/plenario-senado-foto-jonas_pereira-agencia_senado-scaled-e1788360937454.jpg","width":1280,"height":854,"caption":"Foto: Jonas Pereira\/Ag\u00eancia Senado"},{"@type":"BreadcrumbList","@id":"https:\/\/agenciainfra.com\/blog\/redata-senado-aprova-beneficio-para-data-centers-e-inclui-gas-natural\/#breadcrumb","itemListElement":[{"@type":"ListItem","position":1,"name":"In\u00edcio","item":"https:\/\/agenciainfra.com\/blog\/"},{"@type":"ListItem","position":2,"name":"Redata: Senado aprova benef\u00edcio para data centers e inclui g\u00e1s natural"}]},{"@type":"WebSite","@id":"https:\/\/agenciainfra.com\/blog\/#website","url":"https:\/\/agenciainfra.com\/blog\/","name":"Ag\u00eancia iNFRA","description":"Multiplataforma de informa\u00e7\u00e3o jornal\u00edstica refer\u00eancia na \u00e1rea de infraestrutura no Brasil!","publisher":{"@id":"https:\/\/agenciainfra.com\/blog\/#organization"},"potentialAction":[{"@type":"SearchAction","target":{"@type":"EntryPoint","urlTemplate":"https:\/\/agenciainfra.com\/blog\/?s={search_term_string}"},"query-input":{"@type":"PropertyValueSpecification","valueRequired":true,"valueName":"search_term_string"}}],"inLanguage":"pt-BR"},{"@type":"Organization","@id":"https:\/\/agenciainfra.com\/blog\/#organization","name":"Ag\u00eancia iNFRA","url":"https:\/\/agenciainfra.com\/blog\/","logo":{"@type":"ImageObject","inLanguage":"pt-BR","@id":"https:\/\/agenciainfra.com\/blog\/#\/schema\/logo\/image\/","url":"https:\/\/agenciainfra.com\/blog\/wp-content\/uploads\/2023\/09\/iNFRA_5-e1761735885940.png","contentUrl":"https:\/\/agenciainfra.com\/blog\/wp-content\/uploads\/2023\/09\/iNFRA_5-e1761735885940.png","width":1672,"height":454,"caption":"Ag\u00eancia iNFRA"},"image":{"@id":"https:\/\/agenciainfra.com\/blog\/#\/schema\/logo\/image\/"},"sameAs":["https:\/\/www.facebook.com\/ageninfra","https:\/\/x.com\/agencia_infra","https:\/\/www.linkedin.com\/company\/ag\u00eanciainfra\/","https:\/\/www.instagram.com\/agenciainfra\/"]},{"@type":"Person","@id":"https:\/\/agenciainfra.com\/blog\/#\/schema\/person\/34af08dff6adea4cb22b06612ba7acfa","name":"Ag\u00eancia iNFRA","image":{"@type":"ImageObject","inLanguage":"pt-BR","@id":"https:\/\/secure.gravatar.com\/avatar\/d189e01678f06d8eb84d4e01f08eb848b3fffe3f8443818d3c356c66892f5be8?s=96&d=mm&r=g","url":"https:\/\/secure.gravatar.com\/avatar\/d189e01678f06d8eb84d4e01f08eb848b3fffe3f8443818d3c356c66892f5be8?s=96&d=mm&r=g","contentUrl":"https:\/\/secure.gravatar.com\/avatar\/d189e01678f06d8eb84d4e01f08eb848b3fffe3f8443818d3c356c66892f5be8?s=96&d=mm&r=g","caption":"Ag\u00eancia iNFRA"},"url":"https:\/\/agenciainfra.com\/blog\/author\/admin\/"}]}},"_links":{"self":[{"href":"https:\/\/agenciainfra.com\/blog\/wp-json\/wp\/v2\/posts\/46805","targetHints":{"allow":["GET"]}}],"collection":[{"href":"https:\/\/agenciainfra.com\/blog\/wp-json\/wp\/v2\/posts"}],"about":[{"href":"https:\/\/agenciainfra.com\/blog\/wp-json\/wp\/v2\/types\/post"}],"author":[{"embeddable":true,"href":"https:\/\/agenciainfra.com\/blog\/wp-json\/wp\/v2\/users\/1"}],"replies":[{"embeddable":true,"href":"https:\/\/agenciainfra.com\/blog\/wp-json\/wp\/v2\/comments?post=46805"}],"version-history":[{"count":1,"href":"https:\/\/agenciainfra.com\/blog\/wp-json\/wp\/v2\/posts\/46805\/revisions"}],"predecessor-version":[{"id":46808,"href":"https:\/\/agenciainfra.com\/blog\/wp-json\/wp\/v2\/posts\/46805\/revisions\/46808"}],"wp:featuredmedia":[{"embeddable":true,"href":"https:\/\/agenciainfra.com\/blog\/wp-json\/wp\/v2\/media\/46807"}],"wp:attachment":[{"href":"https:\/\/agenciainfra.com\/blog\/wp-json\/wp\/v2\/media?parent=46805"}],"wp:term":[{"taxonomy":"category","embeddable":true,"href":"https:\/\/agenciainfra.com\/blog\/wp-json\/wp\/v2\/categories?post=46805"},{"taxonomy":"post_tag","embeddable":true,"href":"https:\/\/agenciainfra.com\/blog\/wp-json\/wp\/v2\/tags?post=46805"}],"curies":[{"name":"wp","href":"https:\/\/api.w.org\/{rel}","templated":true}]}}