{"id":46811,"date":"2026-09-02T12:23:42","date_gmt":"2026-09-02T15:23:42","guid":{"rendered":"https:\/\/agenciainfra.com\/blog\/?p=46811"},"modified":"2026-09-02T12:40:41","modified_gmt":"2026-09-02T15:40:41","slug":"frenlogi-marco-das-concessoes-e-ppps-deve-ficar-para-depois-das-eleicoes","status":"publish","type":"post","link":"https:\/\/agenciainfra.com\/blog\/frenlogi-marco-das-concessoes-e-ppps-deve-ficar-para-depois-das-eleicoes\/","title":{"rendered":"Frenlogi: Marco das concess\u00f5es e PPPs deve ficar para depois das elei\u00e7\u00f5es"},"content":{"rendered":"\n<p class=\"has-text-align-right\"><strong>Vinicius Werneck, da Ag\u00eancia iNFRA<\/strong><\/p>\n\n\n\n<p>A vota\u00e7\u00e3o do novo Marco Legal das Concess\u00f5es e PPPs (<a href=\"https:\/\/www25.senado.leg.br\/web\/atividade\/materias\/-\/materia\/168649\">Projeto de Lei 2.373\/2025<\/a>) no Senado Federal deve ocorrer s\u00f3 depois das elei\u00e7\u00f5es, segundo o ex-deputado federal Edinho Bez, que representou, nesta quarta-feira (2), a Frenlogi (Frente Parlamentar Mista de Log\u00edstica e Infraestrutura) em encontro com entidades e empresas do setor no Congresso Nacional. Na avalia\u00e7\u00e3o dele, a depender do resultado do pleito, o assunto ainda pode ficar para o ano que vem.<\/p>\n\n\n\n<p>De acordo com Bez, o resultado das elei\u00e7\u00f5es pode alterar a composi\u00e7\u00e3o da pr\u00f3pria frente parlamentar, al\u00e9m de determinar quais pautas ser\u00e3o prioridade nos \u00faltimos meses do ano. &#8220;Vamos aguardar o resultado das elei\u00e7\u00f5es e vamos tocar esse ano com muitas coisas que temos que resolver ainda [\u2026]. Em fevereiro, colhemos assinaturas para a nova Frenlogi e, depois, minha sugest\u00e3o \u00e9 que nossa primeira reuni\u00e3o seja conosco para a gente fazer um planejamento&#8221;, afirmou.<\/p>\n\n\n\n<p>O novo marco legal das concess\u00f5es e PPPs foi aprovado na C\u00e2mara dos Deputados de forma simb\u00f3lica em maio do ano passado, sob relatoria do deputado Arnaldo Jardim (Cidadania-SP), mas o projeto ainda aguarda despacho do presidente do Senado, Davi Alcolumbre (Uni\u00e3o-AP), para tramitar na Casa. O texto era listado como uma das prioridades do governo Lula no Legislativo, mas mesmo assim n\u00e3o avan\u00e7ou.<\/p>\n\n\n\n<p><strong>Of\u00edcio a Alcolumbre<\/strong><br>Ainda no ano passado, entidades do setor chegaram a <a href=\"https:\/\/agenciainfra.com\/blog\/setor-aposta-na-aprovacao-do-marco-legal-das-concessoes-e-ppps-neste-ano\/\">enviar<\/a> of\u00edcio a Alcolumbre pedindo que o projeto fosse acelerado, tendo em vista as elei\u00e7\u00f5es deste ano. O novo marco \u00e9 considerado positivo pelo segmento de infraestrutura por consolidar normas, dar clareza \u00e0s regras e mais seguran\u00e7a jur\u00eddica ao investidor. Entre outros pontos, o texto estabelece uma previs\u00e3o expressa para compartilhamento de risco nos contratos e autoriza aporte de recursos p\u00fablicos em concess\u00f5es comuns.<\/p>\n\n\n\n<p>Na reuni\u00e3o desta quarta, na sede da Frenlogi, representantes do IBI (Instituto Brasileiro de Infraestrutura) chegaram a sugerir que o foco antes das elei\u00e7\u00f5es deveria ser a busca por designa\u00e7\u00e3o de um relator para a proposta para, depois, trabalharem o texto com objetivo de evitar o retorno do projeto \u00e0 C\u00e2mara, al\u00e9m de poss\u00edveis vetos. Por\u00e9m, a fala de Bez ao fim da reuni\u00e3o, sugerindo que o tema fosse pauta da primeira reuni\u00e3o do pr\u00f3ximo ano, deixou claro que \u00e9 muito dif\u00edcil que o projeto seja aprovado ainda em 2026.<\/p>\n","protected":false},"excerpt":{"rendered":"<p>Vinicius Werneck, da Ag\u00eancia iNFRA A vota\u00e7\u00e3o do novo Marco Legal das Concess\u00f5es e PPPs (Projeto de Lei 2.373\/2025) no Senado Federal deve ocorrer s\u00f3 depois das elei\u00e7\u00f5es, segundo o ex-deputado federal Edinho Bez, que representou, nesta quarta-feira (2), a Frenlogi (Frente Parlamentar Mista de Log\u00edstica e Infraestrutura) em encontro com entidades e empresas do [&hellip;]<\/p>\n","protected":false},"author":1,"featured_media":24210,"comment_status":"closed","ping_status":"closed","sticky":false,"template":"","format":"standard","meta":{"_monsterinsights_skip_tracking":false,"_monsterinsights_sitenote_active":false,"_monsterinsights_sitenote_note":"","_monsterinsights_sitenote_category":0,"footnotes":""},"categories":[7250],"tags":[46,305,1144,1808,4354],"class_list":["post-46811","post","type-post","status-publish","format-standard","has-post-thumbnail","hentry","category-destaque-lista","tag-agencias-reguladoras","tag-camara-dos-deputados","tag-frenlogi","tag-marco-das-concessoes-e-ppps","tag-senado-federal"],"yoast_head":"<!-- This site is optimized with the Yoast SEO Premium plugin v25.4 (Yoast SEO v28.2) - https:\/\/yoast.com\/product\/yoast-seo-premium-wordpress\/ -->\n<title>Frenlogi: Marco das concess\u00f5es e PPPs deve ficar para depois das elei\u00e7\u00f5es - Ag\u00eancia iNFRA<\/title>\n<meta name=\"robots\" content=\"index, follow, max-snippet:-1, max-image-preview:large, max-video-preview:-1\" \/>\n<link rel=\"canonical\" href=\"https:\/\/agenciainfra.com\/blog\/frenlogi-marco-das-concessoes-e-ppps-deve-ficar-para-depois-das-eleicoes\/\" \/>\n<meta property=\"og:locale\" content=\"pt_BR\" \/>\n<meta property=\"og:type\" content=\"article\" \/>\n<meta property=\"og:title\" content=\"Frenlogi: Marco das concess\u00f5es e PPPs deve ficar para depois das elei\u00e7\u00f5es\" \/>\n<meta property=\"og:description\" content=\"Vinicius Werneck, da Ag\u00eancia iNFRA A vota\u00e7\u00e3o do novo Marco Legal das Concess\u00f5es e PPPs (Projeto de Lei 2.373\/2025) no Senado Federal deve ocorrer s\u00f3 depois das elei\u00e7\u00f5es, segundo o ex-deputado federal Edinho Bez, que representou, nesta quarta-feira (2), a Frenlogi (Frente Parlamentar Mista de Log\u00edstica e Infraestrutura) em encontro com entidades e empresas do [&hellip;]\" \/>\n<meta property=\"og:url\" content=\"https:\/\/agenciainfra.com\/blog\/frenlogi-marco-das-concessoes-e-ppps-deve-ficar-para-depois-das-eleicoes\/\" \/>\n<meta property=\"og:site_name\" content=\"Ag\u00eancia iNFRA\" \/>\n<meta property=\"article:publisher\" content=\"https:\/\/www.facebook.com\/ageninfra\" \/>\n<meta property=\"article:published_time\" content=\"2026-09-02T15:23:42+00:00\" \/>\n<meta property=\"article:modified_time\" content=\"2026-09-02T15:40:41+00:00\" \/>\n<meta property=\"og:image\" content=\"https:\/\/agenciainfra.com\/blog\/wp-content\/uploads\/2025\/07\/senado-federal-foto-leonardo-sa-agencia-senado.png\" \/>\n\t<meta property=\"og:image:width\" content=\"1280\" \/>\n\t<meta property=\"og:image:height\" content=\"765\" \/>\n\t<meta property=\"og:image:type\" content=\"image\/png\" \/>\n<meta name=\"author\" content=\"Ag\u00eancia iNFRA\" \/>\n<meta name=\"twitter:card\" content=\"summary_large_image\" \/>\n<meta name=\"twitter:creator\" content=\"@agencia_infra\" \/>\n<meta name=\"twitter:site\" content=\"@agencia_infra\" \/>\n<meta name=\"twitter:label1\" content=\"Escrito por\" \/>\n\t<meta name=\"twitter:data1\" content=\"Ag\u00eancia iNFRA\" \/>\n\t<meta name=\"twitter:label2\" content=\"Est. tempo de leitura\" \/>\n\t<meta name=\"twitter:data2\" content=\"2 minutos\" \/>\n<script type=\"application\/ld+json\" class=\"yoast-schema-graph\">{\"@context\":\"https:\\\/\\\/schema.org\",\"@graph\":[{\"@type\":\"Article\",\"@id\":\"https:\\\/\\\/agenciainfra.com\\\/blog\\\/frenlogi-marco-das-concessoes-e-ppps-deve-ficar-para-depois-das-eleicoes\\\/#article\",\"isPartOf\":{\"@id\":\"https:\\\/\\\/agenciainfra.com\\\/blog\\\/frenlogi-marco-das-concessoes-e-ppps-deve-ficar-para-depois-das-eleicoes\\\/\"},\"author\":{\"name\":\"Ag\u00eancia iNFRA\",\"@id\":\"https:\\\/\\\/agenciainfra.com\\\/blog\\\/#\\\/schema\\\/person\\\/34af08dff6adea4cb22b06612ba7acfa\"},\"headline\":\"Frenlogi: Marco das concess\u00f5es e PPPs deve ficar para depois das elei\u00e7\u00f5es\",\"datePublished\":\"2026-09-02T15:23:42+00:00\",\"dateModified\":\"2026-09-02T15:40:41+00:00\",\"mainEntityOfPage\":{\"@id\":\"https:\\\/\\\/agenciainfra.com\\\/blog\\\/frenlogi-marco-das-concessoes-e-ppps-deve-ficar-para-depois-das-eleicoes\\\/\"},\"wordCount\":427,\"publisher\":{\"@id\":\"https:\\\/\\\/agenciainfra.com\\\/blog\\\/#organization\"},\"image\":{\"@id\":\"https:\\\/\\\/agenciainfra.com\\\/blog\\\/frenlogi-marco-das-concessoes-e-ppps-deve-ficar-para-depois-das-eleicoes\\\/#primaryimage\"},\"thumbnailUrl\":\"https:\\\/\\\/agenciainfra.com\\\/blog\\\/wp-content\\\/uploads\\\/2025\\\/07\\\/senado-federal-foto-leonardo-sa-agencia-senado.png\",\"keywords\":[\"Ag\u00eancias Reguladoras\",\"C\u00e2mara dos Deputados\",\"Frenlogi\",\"Marco das Concess\u00f5es e PPPs\",\"Senado Federal\"],\"articleSection\":[\"Destaque lista\"],\"inLanguage\":\"pt-BR\",\"copyrightYear\":\"2026\",\"copyrightHolder\":{\"@id\":\"https:\\\/\\\/agenciainfra.com\\\/blog\\\/#organization\"}},{\"@type\":\"WebPage\",\"@id\":\"https:\\\/\\\/agenciainfra.com\\\/blog\\\/frenlogi-marco-das-concessoes-e-ppps-deve-ficar-para-depois-das-eleicoes\\\/\",\"url\":\"https:\\\/\\\/agenciainfra.com\\\/blog\\\/frenlogi-marco-das-concessoes-e-ppps-deve-ficar-para-depois-das-eleicoes\\\/\",\"name\":\"Frenlogi: Marco das concess\u00f5es e PPPs deve ficar para depois das elei\u00e7\u00f5es - Ag\u00eancia iNFRA\",\"isPartOf\":{\"@id\":\"https:\\\/\\\/agenciainfra.com\\\/blog\\\/#website\"},\"primaryImageOfPage\":{\"@id\":\"https:\\\/\\\/agenciainfra.com\\\/blog\\\/frenlogi-marco-das-concessoes-e-ppps-deve-ficar-para-depois-das-eleicoes\\\/#primaryimage\"},\"image\":{\"@id\":\"https:\\\/\\\/agenciainfra.com\\\/blog\\\/frenlogi-marco-das-concessoes-e-ppps-deve-ficar-para-depois-das-eleicoes\\\/#primaryimage\"},\"thumbnailUrl\":\"https:\\\/\\\/agenciainfra.com\\\/blog\\\/wp-content\\\/uploads\\\/2025\\\/07\\\/senado-federal-foto-leonardo-sa-agencia-senado.png\",\"datePublished\":\"2026-09-02T15:23:42+00:00\",\"dateModified\":\"2026-09-02T15:40:41+00:00\",\"breadcrumb\":{\"@id\":\"https:\\\/\\\/agenciainfra.com\\\/blog\\\/frenlogi-marco-das-concessoes-e-ppps-deve-ficar-para-depois-das-eleicoes\\\/#breadcrumb\"},\"inLanguage\":\"pt-BR\",\"potentialAction\":[{\"@type\":\"ReadAction\",\"target\":[\"https:\\\/\\\/agenciainfra.com\\\/blog\\\/frenlogi-marco-das-concessoes-e-ppps-deve-ficar-para-depois-das-eleicoes\\\/\"]}]},{\"@type\":\"ImageObject\",\"inLanguage\":\"pt-BR\",\"@id\":\"https:\\\/\\\/agenciainfra.com\\\/blog\\\/frenlogi-marco-das-concessoes-e-ppps-deve-ficar-para-depois-das-eleicoes\\\/#primaryimage\",\"url\":\"https:\\\/\\\/agenciainfra.com\\\/blog\\\/wp-content\\\/uploads\\\/2025\\\/07\\\/senado-federal-foto-leonardo-sa-agencia-senado.png\",\"contentUrl\":\"https:\\\/\\\/agenciainfra.com\\\/blog\\\/wp-content\\\/uploads\\\/2025\\\/07\\\/senado-federal-foto-leonardo-sa-agencia-senado.png\",\"width\":1280,\"height\":765,\"caption\":\"Foto: Leonardo S\u00e1\\\/Ag\u00eancia Senado\"},{\"@type\":\"BreadcrumbList\",\"@id\":\"https:\\\/\\\/agenciainfra.com\\\/blog\\\/frenlogi-marco-das-concessoes-e-ppps-deve-ficar-para-depois-das-eleicoes\\\/#breadcrumb\",\"itemListElement\":[{\"@type\":\"ListItem\",\"position\":1,\"name\":\"In\u00edcio\",\"item\":\"https:\\\/\\\/agenciainfra.com\\\/blog\\\/\"},{\"@type\":\"ListItem\",\"position\":2,\"name\":\"Frenlogi: Marco das concess\u00f5es e PPPs deve ficar para depois das elei\u00e7\u00f5es\"}]},{\"@type\":\"WebSite\",\"@id\":\"https:\\\/\\\/agenciainfra.com\\\/blog\\\/#website\",\"url\":\"https:\\\/\\\/agenciainfra.com\\\/blog\\\/\",\"name\":\"Ag\u00eancia iNFRA\",\"description\":\"Multiplataforma de informa\u00e7\u00e3o jornal\u00edstica refer\u00eancia na \u00e1rea de infraestrutura no Brasil!\",\"publisher\":{\"@id\":\"https:\\\/\\\/agenciainfra.com\\\/blog\\\/#organization\"},\"potentialAction\":[{\"@type\":\"SearchAction\",\"target\":{\"@type\":\"EntryPoint\",\"urlTemplate\":\"https:\\\/\\\/agenciainfra.com\\\/blog\\\/?s={search_term_string}\"},\"query-input\":{\"@type\":\"PropertyValueSpecification\",\"valueRequired\":true,\"valueName\":\"search_term_string\"}}],\"inLanguage\":\"pt-BR\"},{\"@type\":\"Organization\",\"@id\":\"https:\\\/\\\/agenciainfra.com\\\/blog\\\/#organization\",\"name\":\"Ag\u00eancia iNFRA\",\"url\":\"https:\\\/\\\/agenciainfra.com\\\/blog\\\/\",\"logo\":{\"@type\":\"ImageObject\",\"inLanguage\":\"pt-BR\",\"@id\":\"https:\\\/\\\/agenciainfra.com\\\/blog\\\/#\\\/schema\\\/logo\\\/image\\\/\",\"url\":\"https:\\\/\\\/agenciainfra.com\\\/blog\\\/wp-content\\\/uploads\\\/2023\\\/09\\\/iNFRA_5-e1761735885940.png\",\"contentUrl\":\"https:\\\/\\\/agenciainfra.com\\\/blog\\\/wp-content\\\/uploads\\\/2023\\\/09\\\/iNFRA_5-e1761735885940.png\",\"width\":1672,\"height\":454,\"caption\":\"Ag\u00eancia iNFRA\"},\"image\":{\"@id\":\"https:\\\/\\\/agenciainfra.com\\\/blog\\\/#\\\/schema\\\/logo\\\/image\\\/\"},\"sameAs\":[\"https:\\\/\\\/www.facebook.com\\\/ageninfra\",\"https:\\\/\\\/x.com\\\/agencia_infra\",\"https:\\\/\\\/www.linkedin.com\\\/company\\\/ag\u00eanciainfra\\\/\",\"https:\\\/\\\/www.instagram.com\\\/agenciainfra\\\/\"]},{\"@type\":\"Person\",\"@id\":\"https:\\\/\\\/agenciainfra.com\\\/blog\\\/#\\\/schema\\\/person\\\/34af08dff6adea4cb22b06612ba7acfa\",\"name\":\"Ag\u00eancia iNFRA\",\"image\":{\"@type\":\"ImageObject\",\"inLanguage\":\"pt-BR\",\"@id\":\"https:\\\/\\\/secure.gravatar.com\\\/avatar\\\/d189e01678f06d8eb84d4e01f08eb848b3fffe3f8443818d3c356c66892f5be8?s=96&d=mm&r=g\",\"url\":\"https:\\\/\\\/secure.gravatar.com\\\/avatar\\\/d189e01678f06d8eb84d4e01f08eb848b3fffe3f8443818d3c356c66892f5be8?s=96&d=mm&r=g\",\"contentUrl\":\"https:\\\/\\\/secure.gravatar.com\\\/avatar\\\/d189e01678f06d8eb84d4e01f08eb848b3fffe3f8443818d3c356c66892f5be8?s=96&d=mm&r=g\",\"caption\":\"Ag\u00eancia iNFRA\"},\"url\":\"https:\\\/\\\/agenciainfra.com\\\/blog\\\/author\\\/admin\\\/\"}]}<\/script>\n<!-- \/ Yoast SEO Premium plugin. -->","yoast_head_json":{"title":"Frenlogi: Marco das concess\u00f5es e PPPs deve ficar para depois das elei\u00e7\u00f5es - Ag\u00eancia iNFRA","robots":{"index":"index","follow":"follow","max-snippet":"max-snippet:-1","max-image-preview":"max-image-preview:large","max-video-preview":"max-video-preview:-1"},"canonical":"https:\/\/agenciainfra.com\/blog\/frenlogi-marco-das-concessoes-e-ppps-deve-ficar-para-depois-das-eleicoes\/","og_locale":"pt_BR","og_type":"article","og_title":"Frenlogi: Marco das concess\u00f5es e PPPs deve ficar para depois das elei\u00e7\u00f5es","og_description":"Vinicius Werneck, da Ag\u00eancia iNFRA A vota\u00e7\u00e3o do novo Marco Legal das Concess\u00f5es e PPPs (Projeto de Lei 2.373\/2025) no Senado Federal deve ocorrer s\u00f3 depois das elei\u00e7\u00f5es, segundo o ex-deputado federal Edinho Bez, que representou, nesta quarta-feira (2), a Frenlogi (Frente Parlamentar Mista de Log\u00edstica e Infraestrutura) em encontro com entidades e empresas do [&hellip;]","og_url":"https:\/\/agenciainfra.com\/blog\/frenlogi-marco-das-concessoes-e-ppps-deve-ficar-para-depois-das-eleicoes\/","og_site_name":"Ag\u00eancia iNFRA","article_publisher":"https:\/\/www.facebook.com\/ageninfra","article_published_time":"2026-09-02T15:23:42+00:00","article_modified_time":"2026-09-02T15:40:41+00:00","og_image":[{"width":1280,"height":765,"url":"https:\/\/agenciainfra.com\/blog\/wp-content\/uploads\/2025\/07\/senado-federal-foto-leonardo-sa-agencia-senado.png","type":"image\/png"}],"author":"Ag\u00eancia iNFRA","twitter_card":"summary_large_image","twitter_creator":"@agencia_infra","twitter_site":"@agencia_infra","twitter_misc":{"Escrito por":"Ag\u00eancia iNFRA","Est. tempo de leitura":"2 minutos"},"schema":{"@context":"https:\/\/schema.org","@graph":[{"@type":"Article","@id":"https:\/\/agenciainfra.com\/blog\/frenlogi-marco-das-concessoes-e-ppps-deve-ficar-para-depois-das-eleicoes\/#article","isPartOf":{"@id":"https:\/\/agenciainfra.com\/blog\/frenlogi-marco-das-concessoes-e-ppps-deve-ficar-para-depois-das-eleicoes\/"},"author":{"name":"Ag\u00eancia iNFRA","@id":"https:\/\/agenciainfra.com\/blog\/#\/schema\/person\/34af08dff6adea4cb22b06612ba7acfa"},"headline":"Frenlogi: Marco das concess\u00f5es e PPPs deve ficar para depois das elei\u00e7\u00f5es","datePublished":"2026-09-02T15:23:42+00:00","dateModified":"2026-09-02T15:40:41+00:00","mainEntityOfPage":{"@id":"https:\/\/agenciainfra.com\/blog\/frenlogi-marco-das-concessoes-e-ppps-deve-ficar-para-depois-das-eleicoes\/"},"wordCount":427,"publisher":{"@id":"https:\/\/agenciainfra.com\/blog\/#organization"},"image":{"@id":"https:\/\/agenciainfra.com\/blog\/frenlogi-marco-das-concessoes-e-ppps-deve-ficar-para-depois-das-eleicoes\/#primaryimage"},"thumbnailUrl":"https:\/\/agenciainfra.com\/blog\/wp-content\/uploads\/2025\/07\/senado-federal-foto-leonardo-sa-agencia-senado.png","keywords":["Ag\u00eancias Reguladoras","C\u00e2mara dos Deputados","Frenlogi","Marco das Concess\u00f5es e PPPs","Senado Federal"],"articleSection":["Destaque lista"],"inLanguage":"pt-BR","copyrightYear":"2026","copyrightHolder":{"@id":"https:\/\/agenciainfra.com\/blog\/#organization"}},{"@type":"WebPage","@id":"https:\/\/agenciainfra.com\/blog\/frenlogi-marco-das-concessoes-e-ppps-deve-ficar-para-depois-das-eleicoes\/","url":"https:\/\/agenciainfra.com\/blog\/frenlogi-marco-das-concessoes-e-ppps-deve-ficar-para-depois-das-eleicoes\/","name":"Frenlogi: Marco das concess\u00f5es e PPPs deve ficar para depois das elei\u00e7\u00f5es - Ag\u00eancia iNFRA","isPartOf":{"@id":"https:\/\/agenciainfra.com\/blog\/#website"},"primaryImageOfPage":{"@id":"https:\/\/agenciainfra.com\/blog\/frenlogi-marco-das-concessoes-e-ppps-deve-ficar-para-depois-das-eleicoes\/#primaryimage"},"image":{"@id":"https:\/\/agenciainfra.com\/blog\/frenlogi-marco-das-concessoes-e-ppps-deve-ficar-para-depois-das-eleicoes\/#primaryimage"},"thumbnailUrl":"https:\/\/agenciainfra.com\/blog\/wp-content\/uploads\/2025\/07\/senado-federal-foto-leonardo-sa-agencia-senado.png","datePublished":"2026-09-02T15:23:42+00:00","dateModified":"2026-09-02T15:40:41+00:00","breadcrumb":{"@id":"https:\/\/agenciainfra.com\/blog\/frenlogi-marco-das-concessoes-e-ppps-deve-ficar-para-depois-das-eleicoes\/#breadcrumb"},"inLanguage":"pt-BR","potentialAction":[{"@type":"ReadAction","target":["https:\/\/agenciainfra.com\/blog\/frenlogi-marco-das-concessoes-e-ppps-deve-ficar-para-depois-das-eleicoes\/"]}]},{"@type":"ImageObject","inLanguage":"pt-BR","@id":"https:\/\/agenciainfra.com\/blog\/frenlogi-marco-das-concessoes-e-ppps-deve-ficar-para-depois-das-eleicoes\/#primaryimage","url":"https:\/\/agenciainfra.com\/blog\/wp-content\/uploads\/2025\/07\/senado-federal-foto-leonardo-sa-agencia-senado.png","contentUrl":"https:\/\/agenciainfra.com\/blog\/wp-content\/uploads\/2025\/07\/senado-federal-foto-leonardo-sa-agencia-senado.png","width":1280,"height":765,"caption":"Foto: Leonardo S\u00e1\/Ag\u00eancia Senado"},{"@type":"BreadcrumbList","@id":"https:\/\/agenciainfra.com\/blog\/frenlogi-marco-das-concessoes-e-ppps-deve-ficar-para-depois-das-eleicoes\/#breadcrumb","itemListElement":[{"@type":"ListItem","position":1,"name":"In\u00edcio","item":"https:\/\/agenciainfra.com\/blog\/"},{"@type":"ListItem","position":2,"name":"Frenlogi: Marco das concess\u00f5es e PPPs deve ficar para depois das elei\u00e7\u00f5es"}]},{"@type":"WebSite","@id":"https:\/\/agenciainfra.com\/blog\/#website","url":"https:\/\/agenciainfra.com\/blog\/","name":"Ag\u00eancia iNFRA","description":"Multiplataforma de informa\u00e7\u00e3o jornal\u00edstica refer\u00eancia na \u00e1rea de infraestrutura no Brasil!","publisher":{"@id":"https:\/\/agenciainfra.com\/blog\/#organization"},"potentialAction":[{"@type":"SearchAction","target":{"@type":"EntryPoint","urlTemplate":"https:\/\/agenciainfra.com\/blog\/?s={search_term_string}"},"query-input":{"@type":"PropertyValueSpecification","valueRequired":true,"valueName":"search_term_string"}}],"inLanguage":"pt-BR"},{"@type":"Organization","@id":"https:\/\/agenciainfra.com\/blog\/#organization","name":"Ag\u00eancia iNFRA","url":"https:\/\/agenciainfra.com\/blog\/","logo":{"@type":"ImageObject","inLanguage":"pt-BR","@id":"https:\/\/agenciainfra.com\/blog\/#\/schema\/logo\/image\/","url":"https:\/\/agenciainfra.com\/blog\/wp-content\/uploads\/2023\/09\/iNFRA_5-e1761735885940.png","contentUrl":"https:\/\/agenciainfra.com\/blog\/wp-content\/uploads\/2023\/09\/iNFRA_5-e1761735885940.png","width":1672,"height":454,"caption":"Ag\u00eancia iNFRA"},"image":{"@id":"https:\/\/agenciainfra.com\/blog\/#\/schema\/logo\/image\/"},"sameAs":["https:\/\/www.facebook.com\/ageninfra","https:\/\/x.com\/agencia_infra","https:\/\/www.linkedin.com\/company\/ag\u00eanciainfra\/","https:\/\/www.instagram.com\/agenciainfra\/"]},{"@type":"Person","@id":"https:\/\/agenciainfra.com\/blog\/#\/schema\/person\/34af08dff6adea4cb22b06612ba7acfa","name":"Ag\u00eancia iNFRA","image":{"@type":"ImageObject","inLanguage":"pt-BR","@id":"https:\/\/secure.gravatar.com\/avatar\/d189e01678f06d8eb84d4e01f08eb848b3fffe3f8443818d3c356c66892f5be8?s=96&d=mm&r=g","url":"https:\/\/secure.gravatar.com\/avatar\/d189e01678f06d8eb84d4e01f08eb848b3fffe3f8443818d3c356c66892f5be8?s=96&d=mm&r=g","contentUrl":"https:\/\/secure.gravatar.com\/avatar\/d189e01678f06d8eb84d4e01f08eb848b3fffe3f8443818d3c356c66892f5be8?s=96&d=mm&r=g","caption":"Ag\u00eancia iNFRA"},"url":"https:\/\/agenciainfra.com\/blog\/author\/admin\/"}]}},"_links":{"self":[{"href":"https:\/\/agenciainfra.com\/blog\/wp-json\/wp\/v2\/posts\/46811","targetHints":{"allow":["GET"]}}],"collection":[{"href":"https:\/\/agenciainfra.com\/blog\/wp-json\/wp\/v2\/posts"}],"about":[{"href":"https:\/\/agenciainfra.com\/blog\/wp-json\/wp\/v2\/types\/post"}],"author":[{"embeddable":true,"href":"https:\/\/agenciainfra.com\/blog\/wp-json\/wp\/v2\/users\/1"}],"replies":[{"embeddable":true,"href":"https:\/\/agenciainfra.com\/blog\/wp-json\/wp\/v2\/comments?post=46811"}],"version-history":[{"count":2,"href":"https:\/\/agenciainfra.com\/blog\/wp-json\/wp\/v2\/posts\/46811\/revisions"}],"predecessor-version":[{"id":46819,"href":"https:\/\/agenciainfra.com\/blog\/wp-json\/wp\/v2\/posts\/46811\/revisions\/46819"}],"wp:featuredmedia":[{"embeddable":true,"href":"https:\/\/agenciainfra.com\/blog\/wp-json\/wp\/v2\/media\/24210"}],"wp:attachment":[{"href":"https:\/\/agenciainfra.com\/blog\/wp-json\/wp\/v2\/media?parent=46811"}],"wp:term":[{"taxonomy":"category","embeddable":true,"href":"https:\/\/agenciainfra.com\/blog\/wp-json\/wp\/v2\/categories?post=46811"},{"taxonomy":"post_tag","embeddable":true,"href":"https:\/\/agenciainfra.com\/blog\/wp-json\/wp\/v2\/tags?post=46811"}],"curies":[{"name":"wp","href":"https:\/\/api.w.org\/{rel}","templated":true}]}}