{"id":46815,"date":"2026-09-02T13:00:00","date_gmt":"2026-09-02T16:00:00","guid":{"rendered":"https:\/\/agenciainfra.com\/blog\/?p=46815"},"modified":"2026-09-02T14:56:57","modified_gmt":"2026-09-02T17:56:57","slug":"leilao-da-concebra-e-marcado-e-antt-preve-plano-b-em-caso-de-desinteresse","status":"publish","type":"post","link":"https:\/\/agenciainfra.com\/blog\/leilao-da-concebra-e-marcado-e-antt-preve-plano-b-em-caso-de-desinteresse\/","title":{"rendered":"Leil\u00e3o da Concebra \u00e9 marcado e ANTT prev\u00ea plano B em caso de desinteresse"},"content":{"rendered":"\n<p class=\"has-text-align-right\"><strong>Amanda Pupo, da Ag\u00eancia iNFRA<\/strong><\/p>\n\n\n\n<p>O processo que vai resultar na escolha de um novo operador para a concess\u00e3o rodovi\u00e1ria\u00a0da Concebra, do grupo Triunfo, avan\u00e7ou, com previs\u00e3o de as a\u00e7\u00f5es da concession\u00e1ria serem ofertadas num processo competitivo na B3, em S\u00e3o Paulo, no dia 11 de dezembro.\u00a0<br><br>Aprovado pela diretoria da ANTT (Ag\u00eancia Nacional de Transportes Terrestres), o edital \u00e9 referente \u00e0\u00a0aliena\u00e7\u00e3o de 100% da SPE (Sociedade de Prop\u00f3sito Espec\u00edfico) que opera hoje pouco mais de 200 quil\u00f4metros entre Bras\u00edlia (DF) e Hidrol\u00e2ndia (GO) \u2013 BR-060\/153\/DF\/GO \u2013 e resulta do acordo aprovado no TCU (Tribunal de Contas da Uni\u00e3o) que definiu 16 de dezembro como a data-limite para a empresa permanecer no ativo.<br><br>Os termos acordados com a atual concession\u00e1ria tamb\u00e9m preveem a possibilidade de uma segunda fase do processo competitivo, caso a venda da SPE Concebra n\u00e3o seja exitosa \u2013 seja por falta de interesse do mercado ou caso outras condi\u00e7\u00f5es exigidas da empresa da Triunfo n\u00e3o sejam atendidas. Neste caso, ser\u00e1 feito um certame nos moldes tradicionais para a escolha de um novo operador do trecho, chamado de Rota do Pequi.\u00a0<br><br>O edital para essa fase 2 ainda precisa ser aprovado e publicado pela ag\u00eancia. Respeitado o prazo de 100 dias entre a publica\u00e7\u00e3o do edital e a realiza\u00e7\u00e3o do leil\u00e3o, a etapa 2, se necess\u00e1ria, n\u00e3o poderia ocorrer no dia 11 de dezembro.\u00a0<br><br>A flexibiliza\u00e7\u00e3o desse prazo dependeria de uma an\u00e1lise da ANTT. A hip\u00f3tese de a fase 2 poder ocorrer no mesmo dia do processo para venda das a\u00e7\u00f5es da Concebra poderia, contudo,\u00a0desestimular empresas a apresentarem propostas na fase 1, o que, de acordo com uma fonte consultada pela reportagem, foi uma quest\u00e3o abordada dentro do acordo fechado no TCU. O termo de autocomposi\u00e7\u00e3o que prev\u00ea esses procedimentos ainda n\u00e3o est\u00e1 p\u00fablico para consultas.<br><br>A avalia\u00e7\u00e3o feita no setor \u00e9 de que o interesse pela compra das a\u00e7\u00f5es da Concebra j\u00e1 ser\u00e1 dif\u00edcil pelo pr\u00f3prio hist\u00f3rico da opera\u00e7\u00e3o. A negocia\u00e7\u00e3o para que a concession\u00e1ria aceitasse sair do ativo foi a mais dif\u00edcil realizada dentro da SecexConsenso do TCU para o setor rodovi\u00e1rio.\u00a0<br><br>Inicialmente, o plen\u00e1rio da corte chegou a indicar uma rejei\u00e7\u00e3o do acordo por discordar do grau de descontos aplicados \u00e0s d\u00edvidas da operadora, mas deu espa\u00e7o para que a empresa e o governo voltassem \u00e0s tratativas para chegar a uma nova proposta. Na vers\u00e3o aprovada em julho, o passivo bruto foi atualizado de R$ 3,3 bilh\u00f5es para R$ 3,4 bilh\u00f5es.\u00a0<br><br>A administra\u00e7\u00e3o da Concebra foi iniciada em 2014, quando a empresa passou a operar rodovias federais no Distrito Federal, Goi\u00e1s e Minas Gerais, abrangendo os segmentos das BR-153, BR-262 e BR-060. J\u00e1 nos primeiros anos de contrato come\u00e7aram os problemas de inadimpl\u00eancia que marcaram as concess\u00f5es da chamada terceira etapa.\u00a0<br><br>Em 2020 a empresa apresentou pedido de devolu\u00e7\u00e3o amig\u00e1vel da concess\u00e3o, o que abriu caminho para a relicita\u00e7\u00e3o dos trechos.\u00a0A partir disso tr\u00eas projetos distintos foram estruturados, dois deles j\u00e1 leiloados. A Rota do Zebu, referente ao trecho da BR-262 em Minas Gerais, foi arrematada\u00a0em 2024 por um cons\u00f3rcio entre a Kinea Investimentos e o grupo Way.\u00a0<br><br>Outro segmento foi estruturado como Rota Sertaneja, envolvendo trechos da BR-153 e da BR-262 entre Goi\u00e1s e Minas Gerais, leiloado no fim do ano passado e levado\u00a0pela Way. Assim, a Concebra restou na opera\u00e7\u00e3o do trecho da BR-060 \u2013 que acabou indo para a c\u00e2mara de solu\u00e7\u00e3o consensual do TCU.\u00a0<br><br><strong>Novo contrato\u00a0<\/strong><br>A nova concess\u00e3o ter\u00e1 prazo de 28 anos, correspondente aos 18 anos remanescentes do contrato original acrescidos de dez anos de prorroga\u00e7\u00e3o decorrentes da repactua\u00e7\u00e3o. O Capex \u00e9 estimado em aproximadamente R$ 4,3 bilh\u00f5es e o Opex em R$ 2,95 bilh\u00f5es.\u00a0Entre os investimentos est\u00e3o previstos a constru\u00e7\u00e3o do contorno de Goi\u00e2nia, a implanta\u00e7\u00e3o de 60,6 quil\u00f4metros de faixas adicionais em pista dupla e de 19,4 quil\u00f4metros de vias marginais, al\u00e9m de passarelas, pontos de \u00f4nibus e passagens de fauna.<br><br>De acordo com o diretor-geral da ANTT, Guilherme Sampaio, que relatou o processo na diretoria, a\u00a0modelagem tamb\u00e9m prev\u00ea mecanismos de transi\u00e7\u00e3o tarif\u00e1ria. Outro aspecto classificado por ele como relevante \u00e9 a segrega\u00e7\u00e3o das contas vinculadas \u00e0 concess\u00e3o. Haver\u00e1 uma conta destinada \u00e0s obriga\u00e7\u00f5es da atual controladora durante o per\u00edodo de transi\u00e7\u00e3o, e outra que receber\u00e1 os aportes do vencedor do processo competitivo.<br><br><strong>Audi\u00eancia p\u00fablica\u00a0<\/strong><br>Uma vez que o acordo aprovado no TCU tem data-limite para a opera\u00e7\u00e3o pelo Triunfo, a audi\u00eancia p\u00fablica sobre o processo vai ocorrer de forma concomitante ao per\u00edodo em que o edital estar\u00e1 publicado. Essa etapa de participa\u00e7\u00e3o social tamb\u00e9m foi aprovada na reuni\u00e3o extraordin\u00e1ria desta ter\u00e7a pela diretoria e ocorrer\u00e1 de 10 de setembro a 5 de outubro.\u00a0<br><br>Sampaio argumentou que a situa\u00e7\u00e3o n\u00e3o reduz a efetividade da participa\u00e7\u00e3o social porque as contribui\u00e7\u00f5es, se a ANTT avaliar como pertinentes,\u00a0poder\u00e3o resultar em ajustes, inclusive com republica\u00e7\u00e3o ou aditamento do edital com adequa\u00e7\u00e3o dos prazos.\u00a0<br><br><strong>Resolu\u00e7\u00e3o de passivos\u00a0<\/strong><br>Em seu voto, o diretor-geral tamb\u00e9m destacou a solu\u00e7\u00e3o de passivos regulat\u00f3rios e judiciais a partir do acordo fechado no TCU. O governo trabalhou para que a corte aceitasse a sa\u00edda negociada da Triunfo porque entendia que um processo de caducidade e\u00a0relicita\u00e7\u00e3o tradicional seria mais moroso diante da disputa hist\u00f3rica de valores entre a concession\u00e1ria e o Executivo.\u00a0<br><br>Durante a tramita\u00e7\u00e3o do caso no TCU, o BNDES (Banco Nacional de Desenvolvimento Econ\u00f4mico e Social) tamb\u00e9m manifestou preocupa\u00e7\u00e3o com os efeitos da eventual n\u00e3o celebra\u00e7\u00e3o do acordo, pelo risco de inadimplemento e redu\u00e7\u00e3o das perspectivas de recupera\u00e7\u00e3o do financiamento concedido \u00e0 Concebra.<br><br>O acordo aprovado preserva a d\u00edvida na SPE a ser assumida pelo novo controlador e prev\u00ea o aporte de R$ 308 milh\u00f5es pela Triunfo, destinado a refor\u00e7ar a capacidade de pagamento e mitigar a exposi\u00e7\u00e3o do banco.<\/p>\n","protected":false},"excerpt":{"rendered":"<p>Amanda Pupo, da Ag\u00eancia iNFRA O processo que vai resultar na escolha de um novo operador para a concess\u00e3o rodovi\u00e1ria\u00a0da Concebra, do grupo Triunfo, avan\u00e7ou, com previs\u00e3o de as a\u00e7\u00f5es da concession\u00e1ria serem ofertadas num processo competitivo na B3, em S\u00e3o Paulo, no dia 11 de dezembro.\u00a0 Aprovado pela diretoria da ANTT (Ag\u00eancia Nacional de [&hellip;]<\/p>\n","protected":false},"author":1,"featured_media":4138,"comment_status":"closed","ping_status":"closed","sticky":false,"template":"","format":"standard","meta":{"_monsterinsights_skip_tracking":false,"_monsterinsights_sitenote_active":false,"_monsterinsights_sitenote_note":"","_monsterinsights_sitenote_category":0,"footnotes":""},"categories":[7249],"tags":[5630,13354,19,3923,21665,13605,1224,78,176,21666,16,21,126,6379,18,517],"class_list":["post-46815","post","type-post","status-publish","format-standard","has-post-thumbnail","hentry","category-destaque","tag-acordo","tag-amanda-pupo","tag-antt","tag-br-060","tag-br-060-153-df-go","tag-caducidade-de-concessao","tag-concebra","tag-concessoes","tag-concessoes-rodoviarias","tag-leilao-da-concebra","tag-ministerio-dos-transportes","tag-rodovia","tag-rodovias","tag-solucao-consensual","tag-tcu","tag-triunfo"],"yoast_head":"<!-- This site is optimized with the Yoast SEO Premium plugin v25.4 (Yoast SEO v28.2) - https:\/\/yoast.com\/product\/yoast-seo-premium-wordpress\/ -->\n<title>Leil\u00e3o da Concebra \u00e9 marcado e ANTT prev\u00ea plano B em caso de desinteresse - Ag\u00eancia iNFRA<\/title>\n<meta name=\"robots\" content=\"index, follow, max-snippet:-1, max-image-preview:large, max-video-preview:-1\" \/>\n<link rel=\"canonical\" href=\"https:\/\/agenciainfra.com\/blog\/leilao-da-concebra-e-marcado-e-antt-preve-plano-b-em-caso-de-desinteresse\/\" \/>\n<meta property=\"og:locale\" content=\"pt_BR\" \/>\n<meta property=\"og:type\" content=\"article\" \/>\n<meta property=\"og:title\" content=\"Leil\u00e3o da Concebra \u00e9 marcado e ANTT prev\u00ea plano B em caso de desinteresse\" \/>\n<meta property=\"og:description\" content=\"Amanda Pupo, da Ag\u00eancia iNFRA O processo que vai resultar na escolha de um novo operador para a concess\u00e3o rodovi\u00e1ria\u00a0da Concebra, do grupo Triunfo, avan\u00e7ou, com previs\u00e3o de as a\u00e7\u00f5es da concession\u00e1ria serem ofertadas num processo competitivo na B3, em S\u00e3o Paulo, no dia 11 de dezembro.\u00a0 Aprovado pela diretoria da ANTT (Ag\u00eancia Nacional de [&hellip;]\" \/>\n<meta property=\"og:url\" content=\"https:\/\/agenciainfra.com\/blog\/leilao-da-concebra-e-marcado-e-antt-preve-plano-b-em-caso-de-desinteresse\/\" \/>\n<meta property=\"og:site_name\" content=\"Ag\u00eancia iNFRA\" \/>\n<meta property=\"article:publisher\" content=\"https:\/\/www.facebook.com\/ageninfra\" \/>\n<meta property=\"article:published_time\" content=\"2026-09-02T16:00:00+00:00\" \/>\n<meta property=\"article:modified_time\" content=\"2026-09-02T17:56:57+00:00\" \/>\n<meta property=\"og:image\" content=\"https:\/\/agenciainfra.com\/blog\/wp-content\/uploads\/2019\/12\/br-060-foto-edsom-leite-minfra.jpg\" \/>\n\t<meta property=\"og:image:width\" content=\"1280\" \/>\n\t<meta property=\"og:image:height\" content=\"732\" \/>\n\t<meta property=\"og:image:type\" content=\"image\/jpeg\" \/>\n<meta name=\"author\" content=\"Ag\u00eancia iNFRA\" \/>\n<meta name=\"twitter:card\" content=\"summary_large_image\" \/>\n<meta name=\"twitter:creator\" content=\"@agencia_infra\" \/>\n<meta name=\"twitter:site\" content=\"@agencia_infra\" \/>\n<meta name=\"twitter:label1\" content=\"Escrito por\" \/>\n\t<meta name=\"twitter:data1\" content=\"Ag\u00eancia iNFRA\" \/>\n\t<meta name=\"twitter:label2\" content=\"Est. tempo de leitura\" \/>\n\t<meta name=\"twitter:data2\" content=\"5 minutos\" \/>\n<script type=\"application\/ld+json\" class=\"yoast-schema-graph\">{\"@context\":\"https:\\\/\\\/schema.org\",\"@graph\":[{\"@type\":\"Article\",\"@id\":\"https:\\\/\\\/agenciainfra.com\\\/blog\\\/leilao-da-concebra-e-marcado-e-antt-preve-plano-b-em-caso-de-desinteresse\\\/#article\",\"isPartOf\":{\"@id\":\"https:\\\/\\\/agenciainfra.com\\\/blog\\\/leilao-da-concebra-e-marcado-e-antt-preve-plano-b-em-caso-de-desinteresse\\\/\"},\"author\":{\"name\":\"Ag\u00eancia iNFRA\",\"@id\":\"https:\\\/\\\/agenciainfra.com\\\/blog\\\/#\\\/schema\\\/person\\\/34af08dff6adea4cb22b06612ba7acfa\"},\"headline\":\"Leil\u00e3o da Concebra \u00e9 marcado e ANTT prev\u00ea plano B em caso de desinteresse\",\"datePublished\":\"2026-09-02T16:00:00+00:00\",\"dateModified\":\"2026-09-02T17:56:57+00:00\",\"mainEntityOfPage\":{\"@id\":\"https:\\\/\\\/agenciainfra.com\\\/blog\\\/leilao-da-concebra-e-marcado-e-antt-preve-plano-b-em-caso-de-desinteresse\\\/\"},\"wordCount\":1059,\"publisher\":{\"@id\":\"https:\\\/\\\/agenciainfra.com\\\/blog\\\/#organization\"},\"image\":{\"@id\":\"https:\\\/\\\/agenciainfra.com\\\/blog\\\/leilao-da-concebra-e-marcado-e-antt-preve-plano-b-em-caso-de-desinteresse\\\/#primaryimage\"},\"thumbnailUrl\":\"https:\\\/\\\/agenciainfra.com\\\/blog\\\/wp-content\\\/uploads\\\/2019\\\/12\\\/br-060-foto-edsom-leite-minfra.jpg\",\"keywords\":[\"acordo\",\"Amanda Pupo\",\"ANTT\",\"BR-060\",\"BR-060\\\/153\\\/DF\\\/GO\",\"caducidade de concess\u00e3o\",\"Concebra\",\"concess\u00f5es\",\"concess\u00f5es rodovi\u00e1rias\",\"leil\u00e3o da concebra\",\"minist\u00e9rio dos transportes\",\"Rodovia\",\"rodovias\",\"solu\u00e7\u00e3o consensual\",\"TCU\",\"Triunfo\"],\"articleSection\":[\"Destaque\"],\"inLanguage\":\"pt-BR\",\"copyrightYear\":\"2026\",\"copyrightHolder\":{\"@id\":\"https:\\\/\\\/agenciainfra.com\\\/blog\\\/#organization\"}},{\"@type\":\"WebPage\",\"@id\":\"https:\\\/\\\/agenciainfra.com\\\/blog\\\/leilao-da-concebra-e-marcado-e-antt-preve-plano-b-em-caso-de-desinteresse\\\/\",\"url\":\"https:\\\/\\\/agenciainfra.com\\\/blog\\\/leilao-da-concebra-e-marcado-e-antt-preve-plano-b-em-caso-de-desinteresse\\\/\",\"name\":\"Leil\u00e3o da Concebra \u00e9 marcado e ANTT prev\u00ea plano B em caso de desinteresse - Ag\u00eancia iNFRA\",\"isPartOf\":{\"@id\":\"https:\\\/\\\/agenciainfra.com\\\/blog\\\/#website\"},\"primaryImageOfPage\":{\"@id\":\"https:\\\/\\\/agenciainfra.com\\\/blog\\\/leilao-da-concebra-e-marcado-e-antt-preve-plano-b-em-caso-de-desinteresse\\\/#primaryimage\"},\"image\":{\"@id\":\"https:\\\/\\\/agenciainfra.com\\\/blog\\\/leilao-da-concebra-e-marcado-e-antt-preve-plano-b-em-caso-de-desinteresse\\\/#primaryimage\"},\"thumbnailUrl\":\"https:\\\/\\\/agenciainfra.com\\\/blog\\\/wp-content\\\/uploads\\\/2019\\\/12\\\/br-060-foto-edsom-leite-minfra.jpg\",\"datePublished\":\"2026-09-02T16:00:00+00:00\",\"dateModified\":\"2026-09-02T17:56:57+00:00\",\"breadcrumb\":{\"@id\":\"https:\\\/\\\/agenciainfra.com\\\/blog\\\/leilao-da-concebra-e-marcado-e-antt-preve-plano-b-em-caso-de-desinteresse\\\/#breadcrumb\"},\"inLanguage\":\"pt-BR\",\"potentialAction\":[{\"@type\":\"ReadAction\",\"target\":[\"https:\\\/\\\/agenciainfra.com\\\/blog\\\/leilao-da-concebra-e-marcado-e-antt-preve-plano-b-em-caso-de-desinteresse\\\/\"]}]},{\"@type\":\"ImageObject\",\"inLanguage\":\"pt-BR\",\"@id\":\"https:\\\/\\\/agenciainfra.com\\\/blog\\\/leilao-da-concebra-e-marcado-e-antt-preve-plano-b-em-caso-de-desinteresse\\\/#primaryimage\",\"url\":\"https:\\\/\\\/agenciainfra.com\\\/blog\\\/wp-content\\\/uploads\\\/2019\\\/12\\\/br-060-foto-edsom-leite-minfra.jpg\",\"contentUrl\":\"https:\\\/\\\/agenciainfra.com\\\/blog\\\/wp-content\\\/uploads\\\/2019\\\/12\\\/br-060-foto-edsom-leite-minfra.jpg\",\"width\":1280,\"height\":732,\"caption\":\"Foto: Edson Leite\\\/Minfra\"},{\"@type\":\"BreadcrumbList\",\"@id\":\"https:\\\/\\\/agenciainfra.com\\\/blog\\\/leilao-da-concebra-e-marcado-e-antt-preve-plano-b-em-caso-de-desinteresse\\\/#breadcrumb\",\"itemListElement\":[{\"@type\":\"ListItem\",\"position\":1,\"name\":\"In\u00edcio\",\"item\":\"https:\\\/\\\/agenciainfra.com\\\/blog\\\/\"},{\"@type\":\"ListItem\",\"position\":2,\"name\":\"Leil\u00e3o da Concebra \u00e9 marcado e ANTT prev\u00ea plano B em caso de desinteresse\"}]},{\"@type\":\"WebSite\",\"@id\":\"https:\\\/\\\/agenciainfra.com\\\/blog\\\/#website\",\"url\":\"https:\\\/\\\/agenciainfra.com\\\/blog\\\/\",\"name\":\"Ag\u00eancia iNFRA\",\"description\":\"Multiplataforma de informa\u00e7\u00e3o jornal\u00edstica refer\u00eancia na \u00e1rea de infraestrutura no Brasil!\",\"publisher\":{\"@id\":\"https:\\\/\\\/agenciainfra.com\\\/blog\\\/#organization\"},\"potentialAction\":[{\"@type\":\"SearchAction\",\"target\":{\"@type\":\"EntryPoint\",\"urlTemplate\":\"https:\\\/\\\/agenciainfra.com\\\/blog\\\/?s={search_term_string}\"},\"query-input\":{\"@type\":\"PropertyValueSpecification\",\"valueRequired\":true,\"valueName\":\"search_term_string\"}}],\"inLanguage\":\"pt-BR\"},{\"@type\":\"Organization\",\"@id\":\"https:\\\/\\\/agenciainfra.com\\\/blog\\\/#organization\",\"name\":\"Ag\u00eancia iNFRA\",\"url\":\"https:\\\/\\\/agenciainfra.com\\\/blog\\\/\",\"logo\":{\"@type\":\"ImageObject\",\"inLanguage\":\"pt-BR\",\"@id\":\"https:\\\/\\\/agenciainfra.com\\\/blog\\\/#\\\/schema\\\/logo\\\/image\\\/\",\"url\":\"https:\\\/\\\/agenciainfra.com\\\/blog\\\/wp-content\\\/uploads\\\/2023\\\/09\\\/iNFRA_5-e1761735885940.png\",\"contentUrl\":\"https:\\\/\\\/agenciainfra.com\\\/blog\\\/wp-content\\\/uploads\\\/2023\\\/09\\\/iNFRA_5-e1761735885940.png\",\"width\":1672,\"height\":454,\"caption\":\"Ag\u00eancia iNFRA\"},\"image\":{\"@id\":\"https:\\\/\\\/agenciainfra.com\\\/blog\\\/#\\\/schema\\\/logo\\\/image\\\/\"},\"sameAs\":[\"https:\\\/\\\/www.facebook.com\\\/ageninfra\",\"https:\\\/\\\/x.com\\\/agencia_infra\",\"https:\\\/\\\/www.linkedin.com\\\/company\\\/ag\u00eanciainfra\\\/\",\"https:\\\/\\\/www.instagram.com\\\/agenciainfra\\\/\"]},{\"@type\":\"Person\",\"@id\":\"https:\\\/\\\/agenciainfra.com\\\/blog\\\/#\\\/schema\\\/person\\\/34af08dff6adea4cb22b06612ba7acfa\",\"name\":\"Ag\u00eancia iNFRA\",\"image\":{\"@type\":\"ImageObject\",\"inLanguage\":\"pt-BR\",\"@id\":\"https:\\\/\\\/secure.gravatar.com\\\/avatar\\\/d189e01678f06d8eb84d4e01f08eb848b3fffe3f8443818d3c356c66892f5be8?s=96&d=mm&r=g\",\"url\":\"https:\\\/\\\/secure.gravatar.com\\\/avatar\\\/d189e01678f06d8eb84d4e01f08eb848b3fffe3f8443818d3c356c66892f5be8?s=96&d=mm&r=g\",\"contentUrl\":\"https:\\\/\\\/secure.gravatar.com\\\/avatar\\\/d189e01678f06d8eb84d4e01f08eb848b3fffe3f8443818d3c356c66892f5be8?s=96&d=mm&r=g\",\"caption\":\"Ag\u00eancia iNFRA\"},\"url\":\"https:\\\/\\\/agenciainfra.com\\\/blog\\\/author\\\/admin\\\/\"}]}<\/script>\n<!-- \/ Yoast SEO Premium plugin. -->","yoast_head_json":{"title":"Leil\u00e3o da Concebra \u00e9 marcado e ANTT prev\u00ea plano B em caso de desinteresse - Ag\u00eancia iNFRA","robots":{"index":"index","follow":"follow","max-snippet":"max-snippet:-1","max-image-preview":"max-image-preview:large","max-video-preview":"max-video-preview:-1"},"canonical":"https:\/\/agenciainfra.com\/blog\/leilao-da-concebra-e-marcado-e-antt-preve-plano-b-em-caso-de-desinteresse\/","og_locale":"pt_BR","og_type":"article","og_title":"Leil\u00e3o da Concebra \u00e9 marcado e ANTT prev\u00ea plano B em caso de desinteresse","og_description":"Amanda Pupo, da Ag\u00eancia iNFRA O processo que vai resultar na escolha de um novo operador para a concess\u00e3o rodovi\u00e1ria\u00a0da Concebra, do grupo Triunfo, avan\u00e7ou, com previs\u00e3o de as a\u00e7\u00f5es da concession\u00e1ria serem ofertadas num processo competitivo na B3, em S\u00e3o Paulo, no dia 11 de dezembro.\u00a0 Aprovado pela diretoria da ANTT (Ag\u00eancia Nacional de [&hellip;]","og_url":"https:\/\/agenciainfra.com\/blog\/leilao-da-concebra-e-marcado-e-antt-preve-plano-b-em-caso-de-desinteresse\/","og_site_name":"Ag\u00eancia iNFRA","article_publisher":"https:\/\/www.facebook.com\/ageninfra","article_published_time":"2026-09-02T16:00:00+00:00","article_modified_time":"2026-09-02T17:56:57+00:00","og_image":[{"width":1280,"height":732,"url":"https:\/\/agenciainfra.com\/blog\/wp-content\/uploads\/2019\/12\/br-060-foto-edsom-leite-minfra.jpg","type":"image\/jpeg"}],"author":"Ag\u00eancia iNFRA","twitter_card":"summary_large_image","twitter_creator":"@agencia_infra","twitter_site":"@agencia_infra","twitter_misc":{"Escrito por":"Ag\u00eancia iNFRA","Est. tempo de leitura":"5 minutos"},"schema":{"@context":"https:\/\/schema.org","@graph":[{"@type":"Article","@id":"https:\/\/agenciainfra.com\/blog\/leilao-da-concebra-e-marcado-e-antt-preve-plano-b-em-caso-de-desinteresse\/#article","isPartOf":{"@id":"https:\/\/agenciainfra.com\/blog\/leilao-da-concebra-e-marcado-e-antt-preve-plano-b-em-caso-de-desinteresse\/"},"author":{"name":"Ag\u00eancia iNFRA","@id":"https:\/\/agenciainfra.com\/blog\/#\/schema\/person\/34af08dff6adea4cb22b06612ba7acfa"},"headline":"Leil\u00e3o da Concebra \u00e9 marcado e ANTT prev\u00ea plano B em caso de desinteresse","datePublished":"2026-09-02T16:00:00+00:00","dateModified":"2026-09-02T17:56:57+00:00","mainEntityOfPage":{"@id":"https:\/\/agenciainfra.com\/blog\/leilao-da-concebra-e-marcado-e-antt-preve-plano-b-em-caso-de-desinteresse\/"},"wordCount":1059,"publisher":{"@id":"https:\/\/agenciainfra.com\/blog\/#organization"},"image":{"@id":"https:\/\/agenciainfra.com\/blog\/leilao-da-concebra-e-marcado-e-antt-preve-plano-b-em-caso-de-desinteresse\/#primaryimage"},"thumbnailUrl":"https:\/\/agenciainfra.com\/blog\/wp-content\/uploads\/2019\/12\/br-060-foto-edsom-leite-minfra.jpg","keywords":["acordo","Amanda Pupo","ANTT","BR-060","BR-060\/153\/DF\/GO","caducidade de concess\u00e3o","Concebra","concess\u00f5es","concess\u00f5es rodovi\u00e1rias","leil\u00e3o da concebra","minist\u00e9rio dos transportes","Rodovia","rodovias","solu\u00e7\u00e3o consensual","TCU","Triunfo"],"articleSection":["Destaque"],"inLanguage":"pt-BR","copyrightYear":"2026","copyrightHolder":{"@id":"https:\/\/agenciainfra.com\/blog\/#organization"}},{"@type":"WebPage","@id":"https:\/\/agenciainfra.com\/blog\/leilao-da-concebra-e-marcado-e-antt-preve-plano-b-em-caso-de-desinteresse\/","url":"https:\/\/agenciainfra.com\/blog\/leilao-da-concebra-e-marcado-e-antt-preve-plano-b-em-caso-de-desinteresse\/","name":"Leil\u00e3o da Concebra \u00e9 marcado e ANTT prev\u00ea plano B em caso de desinteresse - Ag\u00eancia iNFRA","isPartOf":{"@id":"https:\/\/agenciainfra.com\/blog\/#website"},"primaryImageOfPage":{"@id":"https:\/\/agenciainfra.com\/blog\/leilao-da-concebra-e-marcado-e-antt-preve-plano-b-em-caso-de-desinteresse\/#primaryimage"},"image":{"@id":"https:\/\/agenciainfra.com\/blog\/leilao-da-concebra-e-marcado-e-antt-preve-plano-b-em-caso-de-desinteresse\/#primaryimage"},"thumbnailUrl":"https:\/\/agenciainfra.com\/blog\/wp-content\/uploads\/2019\/12\/br-060-foto-edsom-leite-minfra.jpg","datePublished":"2026-09-02T16:00:00+00:00","dateModified":"2026-09-02T17:56:57+00:00","breadcrumb":{"@id":"https:\/\/agenciainfra.com\/blog\/leilao-da-concebra-e-marcado-e-antt-preve-plano-b-em-caso-de-desinteresse\/#breadcrumb"},"inLanguage":"pt-BR","potentialAction":[{"@type":"ReadAction","target":["https:\/\/agenciainfra.com\/blog\/leilao-da-concebra-e-marcado-e-antt-preve-plano-b-em-caso-de-desinteresse\/"]}]},{"@type":"ImageObject","inLanguage":"pt-BR","@id":"https:\/\/agenciainfra.com\/blog\/leilao-da-concebra-e-marcado-e-antt-preve-plano-b-em-caso-de-desinteresse\/#primaryimage","url":"https:\/\/agenciainfra.com\/blog\/wp-content\/uploads\/2019\/12\/br-060-foto-edsom-leite-minfra.jpg","contentUrl":"https:\/\/agenciainfra.com\/blog\/wp-content\/uploads\/2019\/12\/br-060-foto-edsom-leite-minfra.jpg","width":1280,"height":732,"caption":"Foto: Edson Leite\/Minfra"},{"@type":"BreadcrumbList","@id":"https:\/\/agenciainfra.com\/blog\/leilao-da-concebra-e-marcado-e-antt-preve-plano-b-em-caso-de-desinteresse\/#breadcrumb","itemListElement":[{"@type":"ListItem","position":1,"name":"In\u00edcio","item":"https:\/\/agenciainfra.com\/blog\/"},{"@type":"ListItem","position":2,"name":"Leil\u00e3o da Concebra \u00e9 marcado e ANTT prev\u00ea plano B em caso de desinteresse"}]},{"@type":"WebSite","@id":"https:\/\/agenciainfra.com\/blog\/#website","url":"https:\/\/agenciainfra.com\/blog\/","name":"Ag\u00eancia iNFRA","description":"Multiplataforma de informa\u00e7\u00e3o jornal\u00edstica refer\u00eancia na \u00e1rea de infraestrutura no Brasil!","publisher":{"@id":"https:\/\/agenciainfra.com\/blog\/#organization"},"potentialAction":[{"@type":"SearchAction","target":{"@type":"EntryPoint","urlTemplate":"https:\/\/agenciainfra.com\/blog\/?s={search_term_string}"},"query-input":{"@type":"PropertyValueSpecification","valueRequired":true,"valueName":"search_term_string"}}],"inLanguage":"pt-BR"},{"@type":"Organization","@id":"https:\/\/agenciainfra.com\/blog\/#organization","name":"Ag\u00eancia iNFRA","url":"https:\/\/agenciainfra.com\/blog\/","logo":{"@type":"ImageObject","inLanguage":"pt-BR","@id":"https:\/\/agenciainfra.com\/blog\/#\/schema\/logo\/image\/","url":"https:\/\/agenciainfra.com\/blog\/wp-content\/uploads\/2023\/09\/iNFRA_5-e1761735885940.png","contentUrl":"https:\/\/agenciainfra.com\/blog\/wp-content\/uploads\/2023\/09\/iNFRA_5-e1761735885940.png","width":1672,"height":454,"caption":"Ag\u00eancia iNFRA"},"image":{"@id":"https:\/\/agenciainfra.com\/blog\/#\/schema\/logo\/image\/"},"sameAs":["https:\/\/www.facebook.com\/ageninfra","https:\/\/x.com\/agencia_infra","https:\/\/www.linkedin.com\/company\/ag\u00eanciainfra\/","https:\/\/www.instagram.com\/agenciainfra\/"]},{"@type":"Person","@id":"https:\/\/agenciainfra.com\/blog\/#\/schema\/person\/34af08dff6adea4cb22b06612ba7acfa","name":"Ag\u00eancia iNFRA","image":{"@type":"ImageObject","inLanguage":"pt-BR","@id":"https:\/\/secure.gravatar.com\/avatar\/d189e01678f06d8eb84d4e01f08eb848b3fffe3f8443818d3c356c66892f5be8?s=96&d=mm&r=g","url":"https:\/\/secure.gravatar.com\/avatar\/d189e01678f06d8eb84d4e01f08eb848b3fffe3f8443818d3c356c66892f5be8?s=96&d=mm&r=g","contentUrl":"https:\/\/secure.gravatar.com\/avatar\/d189e01678f06d8eb84d4e01f08eb848b3fffe3f8443818d3c356c66892f5be8?s=96&d=mm&r=g","caption":"Ag\u00eancia iNFRA"},"url":"https:\/\/agenciainfra.com\/blog\/author\/admin\/"}]}},"_links":{"self":[{"href":"https:\/\/agenciainfra.com\/blog\/wp-json\/wp\/v2\/posts\/46815","targetHints":{"allow":["GET"]}}],"collection":[{"href":"https:\/\/agenciainfra.com\/blog\/wp-json\/wp\/v2\/posts"}],"about":[{"href":"https:\/\/agenciainfra.com\/blog\/wp-json\/wp\/v2\/types\/post"}],"author":[{"embeddable":true,"href":"https:\/\/agenciainfra.com\/blog\/wp-json\/wp\/v2\/users\/1"}],"replies":[{"embeddable":true,"href":"https:\/\/agenciainfra.com\/blog\/wp-json\/wp\/v2\/comments?post=46815"}],"version-history":[{"count":1,"href":"https:\/\/agenciainfra.com\/blog\/wp-json\/wp\/v2\/posts\/46815\/revisions"}],"predecessor-version":[{"id":46817,"href":"https:\/\/agenciainfra.com\/blog\/wp-json\/wp\/v2\/posts\/46815\/revisions\/46817"}],"wp:featuredmedia":[{"embeddable":true,"href":"https:\/\/agenciainfra.com\/blog\/wp-json\/wp\/v2\/media\/4138"}],"wp:attachment":[{"href":"https:\/\/agenciainfra.com\/blog\/wp-json\/wp\/v2\/media?parent=46815"}],"wp:term":[{"taxonomy":"category","embeddable":true,"href":"https:\/\/agenciainfra.com\/blog\/wp-json\/wp\/v2\/categories?post=46815"},{"taxonomy":"post_tag","embeddable":true,"href":"https:\/\/agenciainfra.com\/blog\/wp-json\/wp\/v2\/tags?post=46815"}],"curies":[{"name":"wp","href":"https:\/\/api.w.org\/{rel}","templated":true}]}}