{"id":46818,"date":"2026-09-03T08:00:00","date_gmt":"2026-09-03T11:00:00","guid":{"rendered":"https:\/\/agenciainfra.com\/blog\/?p=46818"},"modified":"2026-09-03T08:00:37","modified_gmt":"2026-09-03T11:00:37","slug":"entidades-pedem-clareza-sobre-ordenamento-de-navios-no-acesso-a-santos","status":"publish","type":"post","link":"https:\/\/agenciainfra.com\/blog\/entidades-pedem-clareza-sobre-ordenamento-de-navios-no-acesso-a-santos\/","title":{"rendered":"Entidades pedem clareza sobre ordenamento de navios no acesso a Santos"},"content":{"rendered":"\n<p class=\"has-text-align-right\"><strong>da Ag\u00eancia iNFRA<\/strong><\/p>\n\n\n\n<p>Entidades que atuam no setor portu\u00e1rio e de cargas questionaram a governan\u00e7a prevista para o ordenamento dos navios no projeto de concess\u00e3o do canal de acesso aquavi\u00e1rio ao Porto de Santos (SP). Durante audi\u00eancia p\u00fablica realizada na ter\u00e7a-feira (1\u00ba) pela ANTAQ (Ag\u00eancia Nacional de Transportes Aquavi\u00e1rios), os participantes destacaram que a proposta n\u00e3o deixa claro se as decis\u00f5es e os dados sobre o ordenamento das embarca\u00e7\u00f5es ficariam com a futura concession\u00e1ria.<br><br>Na vis\u00e3o das associa\u00e7\u00f5es, a responsabilidade sobre o tema deve ser da autoridade portu\u00e1ria, o que tamb\u00e9m tem sido a defesa da APS (Autoridade Portu\u00e1ria de Santos). A\u00a0<a href=\"https:\/\/www.gov.br\/antaq\/pt-br\/acesso-a-informacao\/participacao-social\/audiencias-e-consultas-publicas\/audiencias\/audiencia-publica-no-02-2026-antaq\" target=\"_blank\" rel=\"noreferrer noopener\">consulta p\u00fablica<\/a>, que come\u00e7ou em mar\u00e7o, continua aberta para contribui\u00e7\u00f5es at\u00e9 29 de setembro, ap\u00f3s duas prorroga\u00e7\u00f5es.\u00a0<br><br>O projeto de concess\u00e3o segue modelo j\u00e1 realizado em Paranagu\u00e1 (PR), que prev\u00ea que o canal ser\u00e1 operado por uma empresa privada que vai fazer investimentos de aprofundamento e melhoria da sinaliza\u00e7\u00e3o, em troca de receber os recursos pagos pelos navios para usar o porto. A avalia\u00e7\u00e3o da ANTAQ \u00e9 de que o ordenamento dos navios segue regras pr\u00e9-estabelecidas. A\u00a0<a href=\"https:\/\/agenciainfra.com\/blog\/canal-de-santos-projeto-preve-calado-de-17m-no-sexto-ano-de-contrato\/\" target=\"_blank\" rel=\"noreferrer noopener\">proposta<\/a>\u00a0prev\u00ea uma concess\u00e3o parcial por 25 anos, prorrog\u00e1vel at\u00e9 o limite de 70 anos.\u00a0<br><br>O ordenamento de navios, conhecido como Line Up Portu\u00e1rio, \u00e9 a fila de atraca\u00e7\u00e3o prevista das embarca\u00e7\u00f5es em um porto. A Abtra (Associa\u00e7\u00e3o Brasileira de Terminais e Recintos Alfandegados) afirmou que a modelagem n\u00e3o deixa expl\u00edcito que cabe \u00e0 autoridade portu\u00e1ria definir o sequenciamento, o que, na avalia\u00e7\u00e3o da entidade, precisa ser esclarecido para evitar um poss\u00edvel conflito de compet\u00eancias.<br><br>J\u00e1 o Sopesp (Sindicato dos Operadores Portu\u00e1rios do Estado de S\u00e3o Paulo) tamb\u00e9m criticou a previs\u00e3o relacionada \u00e0s decis\u00f5es e aos dados do ordenamento. Segundo o sindicato, o desenho atual da proposta concentraria na concession\u00e1ria decis\u00f5es e dados que ordenam a fila de navios, dando poder a um agente privado com interesse econ\u00f4mico no volume, o que comprometeria a isonomia no acesso aos ber\u00e7os.\u00a0<br><br>\u201cEstamos sendo n\u00e3o s\u00f3 a voz dos operadores, mas tamb\u00e9m dos pr\u00f3prios usu\u00e1rios, como os armadores, que sequer est\u00e3o no comit\u00ea de dragagem do certame\u201d, afirmou Casemiro T\u00e9rcio, que representou o sindicato.<br><br>Destacando estudos realizados pela USP (Universidade de S\u00e3o Paulo), o professor da institui\u00e7\u00e3o Daniel Mota foi outro participante a demonstrar preocupa\u00e7\u00e3o com o texto atual do projeto. De acordo com ele, que \u00e9 pesquisador na \u00e1rea de log\u00edstica com foco em opera\u00e7\u00f5es portu\u00e1rias, o modelo atual pode provocar uma cis\u00e3o do planejamento portu\u00e1rio entre APS (Autoridade Portu\u00e1ria de Santos) e concession\u00e1ria. \u201cA infraestrutura pode ser mantida pelo privado, mas a intelig\u00eancia do que determina como ser\u00e1 utilizada deve permanecer p\u00fablica\u201d, enfatizou.<br><br><strong>BNDES vai avaliar\u00a0<\/strong><br>Eduardo Costa, chefe de departamento do BNDES (Banco Nacional de Desenvolvimento Econ\u00f4mico e Social), que foi respons\u00e1vel pelos estudos, afirmou durante a sess\u00e3o p\u00fablica desta ter\u00e7a que v\u00e3o trabalhar em cima da documenta\u00e7\u00e3o para deixar ainda mais claro que \u201co concession\u00e1rio contratado nesse modelo \u00e9 um provedor de infraestrutura\u201d. \u201cEle n\u00e3o \u00e9 decisor. Ele n\u00e3o faz gest\u00e3o estrat\u00e9gica. Ele est\u00e1 ali para prover o n\u00edvel de servi\u00e7o contratado\u201d, completou Costa.<br><br>A\u00a0<a href=\"https:\/\/agenciainfra.com\/blog\/wp-content\/uploads\/2026\/09\/apresentacao-BNDES-porto-de-santos-AP.pdf\" target=\"_blank\" rel=\"noreferrer noopener\">apresenta\u00e7\u00e3o<\/a>\u00a0do projeto durante o encontro tamb\u00e9m afirma que as fun\u00e7\u00f5es estrat\u00e9gicas, gerenciais e decis\u00f3rias permanecer\u00e3o com a APS. A matriz de responsabilidades atribui \u00e0 autoridade portu\u00e1ria a autoriza\u00e7\u00e3o para entrada, sa\u00edda, atraca\u00e7\u00e3o, desatraca\u00e7\u00e3o e fundeio das embarca\u00e7\u00f5es, al\u00e9m das fun\u00e7\u00f5es de provedora e gerente do sistema de tr\u00e1fego. \u00c0 concession\u00e1ria caberiam o apoio t\u00e9cnico e operacional, a supervis\u00e3o e a opera\u00e7\u00e3o do sistema.<br><br><strong>Dragagem<\/strong><br>Outro ponto questionado pelas entidades de classe durante a audi\u00eancia foi um poss\u00edvel subdimensionamento do Capex (investimento previsto) e dos valores previstos para dragagem. De acordo com o Sopesp, o Opex (custos operacionais previstos) para dragagem estaria subestimado em 179%, enquanto os investimentos previstos em todo o projeto estariam subdimensionados em 242,7%. Segundo o sindicato, os cerca de R$ 688 milh\u00f5es previstos em investimentos n\u00e3o seriam suficientes, tendo em vista que estudos t\u00e9cnicos teriam apontado a necessidade de mais de R$ 2 bilh\u00f5es para o projeto.<br><br>Em resposta, o BNDES afirmou que a estimativa adotada \u00e9 uma estimativa e que o contrato est\u00e1 baseado na presta\u00e7\u00e3o do servi\u00e7o, como a manuten\u00e7\u00e3o da profundidade e da navegabilidade, e n\u00e3o em um volume fixo de material dragado. Segundo os documentos, o risco de varia\u00e7\u00f5es no volume de dragagem e derrocagem ser\u00e1 compartilhado por meio de um mecanismo de bandas param\u00e9tricas, aplic\u00e1vel aos casos em que seja necess\u00e1rio dragar mais ou menos em determinado per\u00edodo.<\/p>\n","protected":false},"excerpt":{"rendered":"<p>da Ag\u00eancia iNFRA Entidades que atuam no setor portu\u00e1rio e de cargas questionaram a governan\u00e7a prevista para o ordenamento dos navios no projeto de concess\u00e3o do canal de acesso aquavi\u00e1rio ao Porto de Santos (SP). Durante audi\u00eancia p\u00fablica realizada na ter\u00e7a-feira (1\u00ba) pela ANTAQ (Ag\u00eancia Nacional de Transportes Aquavi\u00e1rios), os participantes destacaram que a proposta [&hellip;]<\/p>\n","protected":false},"author":1,"featured_media":42989,"comment_status":"closed","ping_status":"closed","sticky":false,"template":"","format":"standard","meta":{"_monsterinsights_skip_tracking":false,"_monsterinsights_sitenote_active":false,"_monsterinsights_sitenote_note":"","_monsterinsights_sitenote_category":0,"footnotes":""},"categories":[7249],"tags":[14191,13165,86,21670,13061,4253,3082,21671,3811,21669,5191,21668,21667,260,310],"class_list":["post-46818","post","type-post","status-publish","format-standard","has-post-thumbnail","hentry","category-destaque","tag-acesso-ao-porto-de-santos","tag-acesso-portuario","tag-antaq","tag-atracacao-de-navios","tag-audiencia-antaq","tag-canal-de-acesso","tag-dragagem-2","tag-eduardo-costa-bndes","tag-embarcacoes","tag-line-up-portuario","tag-navios","tag-navios-em-santos","tag-ordenamento-de-navios","tag-porto-de-santos","tag-portos"],"yoast_head":"<!-- This site is optimized with the Yoast SEO Premium plugin v25.4 (Yoast SEO v28.2) - https:\/\/yoast.com\/product\/yoast-seo-premium-wordpress\/ -->\n<title>Entidades pedem clareza sobre ordenamento de navios no acesso a Santos - Ag\u00eancia iNFRA<\/title>\n<meta name=\"robots\" content=\"index, follow, max-snippet:-1, max-image-preview:large, max-video-preview:-1\" \/>\n<link rel=\"canonical\" href=\"https:\/\/agenciainfra.com\/blog\/entidades-pedem-clareza-sobre-ordenamento-de-navios-no-acesso-a-santos\/\" \/>\n<meta property=\"og:locale\" content=\"pt_BR\" \/>\n<meta property=\"og:type\" content=\"article\" \/>\n<meta property=\"og:title\" content=\"Entidades pedem clareza sobre ordenamento de navios no acesso a Santos\" \/>\n<meta property=\"og:description\" content=\"da Ag\u00eancia iNFRA Entidades que atuam no setor portu\u00e1rio e de cargas questionaram a governan\u00e7a prevista para o ordenamento dos navios no projeto de concess\u00e3o do canal de acesso aquavi\u00e1rio ao Porto de Santos (SP). Durante audi\u00eancia p\u00fablica realizada na ter\u00e7a-feira (1\u00ba) pela ANTAQ (Ag\u00eancia Nacional de Transportes Aquavi\u00e1rios), os participantes destacaram que a proposta [&hellip;]\" \/>\n<meta property=\"og:url\" content=\"https:\/\/agenciainfra.com\/blog\/entidades-pedem-clareza-sobre-ordenamento-de-navios-no-acesso-a-santos\/\" \/>\n<meta property=\"og:site_name\" content=\"Ag\u00eancia iNFRA\" \/>\n<meta property=\"article:publisher\" content=\"https:\/\/www.facebook.com\/ageninfra\" \/>\n<meta property=\"article:published_time\" content=\"2026-09-03T11:00:00+00:00\" \/>\n<meta property=\"article:modified_time\" content=\"2026-09-03T11:00:37+00:00\" \/>\n<meta property=\"og:image\" content=\"https:\/\/agenciainfra.com\/blog\/wp-content\/uploads\/2026\/06\/foto-porto-de-santos-1.jpg\" \/>\n\t<meta property=\"og:image:width\" content=\"1280\" \/>\n\t<meta property=\"og:image:height\" content=\"853\" \/>\n\t<meta property=\"og:image:type\" content=\"image\/jpeg\" \/>\n<meta name=\"author\" content=\"Ag\u00eancia iNFRA\" \/>\n<meta name=\"twitter:card\" content=\"summary_large_image\" \/>\n<meta name=\"twitter:creator\" content=\"@agencia_infra\" \/>\n<meta name=\"twitter:site\" content=\"@agencia_infra\" \/>\n<meta name=\"twitter:label1\" content=\"Escrito por\" \/>\n\t<meta name=\"twitter:data1\" content=\"Ag\u00eancia iNFRA\" \/>\n\t<meta name=\"twitter:label2\" content=\"Est. tempo de leitura\" \/>\n\t<meta name=\"twitter:data2\" content=\"4 minutos\" \/>\n<script type=\"application\/ld+json\" class=\"yoast-schema-graph\">{\"@context\":\"https:\\\/\\\/schema.org\",\"@graph\":[{\"@type\":\"Article\",\"@id\":\"https:\\\/\\\/agenciainfra.com\\\/blog\\\/entidades-pedem-clareza-sobre-ordenamento-de-navios-no-acesso-a-santos\\\/#article\",\"isPartOf\":{\"@id\":\"https:\\\/\\\/agenciainfra.com\\\/blog\\\/entidades-pedem-clareza-sobre-ordenamento-de-navios-no-acesso-a-santos\\\/\"},\"author\":{\"name\":\"Ag\u00eancia iNFRA\",\"@id\":\"https:\\\/\\\/agenciainfra.com\\\/blog\\\/#\\\/schema\\\/person\\\/34af08dff6adea4cb22b06612ba7acfa\"},\"headline\":\"Entidades pedem clareza sobre ordenamento de navios no acesso a Santos\",\"datePublished\":\"2026-09-03T11:00:00+00:00\",\"dateModified\":\"2026-09-03T11:00:37+00:00\",\"mainEntityOfPage\":{\"@id\":\"https:\\\/\\\/agenciainfra.com\\\/blog\\\/entidades-pedem-clareza-sobre-ordenamento-de-navios-no-acesso-a-santos\\\/\"},\"wordCount\":842,\"publisher\":{\"@id\":\"https:\\\/\\\/agenciainfra.com\\\/blog\\\/#organization\"},\"image\":{\"@id\":\"https:\\\/\\\/agenciainfra.com\\\/blog\\\/entidades-pedem-clareza-sobre-ordenamento-de-navios-no-acesso-a-santos\\\/#primaryimage\"},\"thumbnailUrl\":\"https:\\\/\\\/agenciainfra.com\\\/blog\\\/wp-content\\\/uploads\\\/2026\\\/06\\\/foto-porto-de-santos-1.jpg\",\"keywords\":[\"acesso ao porto de santos\",\"acesso portu\u00e1rio\",\"ANTAQ\",\"atraca\u00e7\u00e3o de navios\",\"audi\u00eancia antaq\",\"canal de acesso\",\"dragagem\",\"eduardo costa bndes\",\"embarca\u00e7\u00f5es\",\"line up portu\u00e1rio\",\"navios\",\"navios em santos\",\"ordenamento de navios\",\"Porto de Santos\",\"portos\"],\"articleSection\":[\"Destaque\"],\"inLanguage\":\"pt-BR\",\"copyrightYear\":\"2026\",\"copyrightHolder\":{\"@id\":\"https:\\\/\\\/agenciainfra.com\\\/blog\\\/#organization\"}},{\"@type\":\"WebPage\",\"@id\":\"https:\\\/\\\/agenciainfra.com\\\/blog\\\/entidades-pedem-clareza-sobre-ordenamento-de-navios-no-acesso-a-santos\\\/\",\"url\":\"https:\\\/\\\/agenciainfra.com\\\/blog\\\/entidades-pedem-clareza-sobre-ordenamento-de-navios-no-acesso-a-santos\\\/\",\"name\":\"Entidades pedem clareza sobre ordenamento de navios no acesso a Santos - Ag\u00eancia iNFRA\",\"isPartOf\":{\"@id\":\"https:\\\/\\\/agenciainfra.com\\\/blog\\\/#website\"},\"primaryImageOfPage\":{\"@id\":\"https:\\\/\\\/agenciainfra.com\\\/blog\\\/entidades-pedem-clareza-sobre-ordenamento-de-navios-no-acesso-a-santos\\\/#primaryimage\"},\"image\":{\"@id\":\"https:\\\/\\\/agenciainfra.com\\\/blog\\\/entidades-pedem-clareza-sobre-ordenamento-de-navios-no-acesso-a-santos\\\/#primaryimage\"},\"thumbnailUrl\":\"https:\\\/\\\/agenciainfra.com\\\/blog\\\/wp-content\\\/uploads\\\/2026\\\/06\\\/foto-porto-de-santos-1.jpg\",\"datePublished\":\"2026-09-03T11:00:00+00:00\",\"dateModified\":\"2026-09-03T11:00:37+00:00\",\"breadcrumb\":{\"@id\":\"https:\\\/\\\/agenciainfra.com\\\/blog\\\/entidades-pedem-clareza-sobre-ordenamento-de-navios-no-acesso-a-santos\\\/#breadcrumb\"},\"inLanguage\":\"pt-BR\",\"potentialAction\":[{\"@type\":\"ReadAction\",\"target\":[\"https:\\\/\\\/agenciainfra.com\\\/blog\\\/entidades-pedem-clareza-sobre-ordenamento-de-navios-no-acesso-a-santos\\\/\"]}]},{\"@type\":\"ImageObject\",\"inLanguage\":\"pt-BR\",\"@id\":\"https:\\\/\\\/agenciainfra.com\\\/blog\\\/entidades-pedem-clareza-sobre-ordenamento-de-navios-no-acesso-a-santos\\\/#primaryimage\",\"url\":\"https:\\\/\\\/agenciainfra.com\\\/blog\\\/wp-content\\\/uploads\\\/2026\\\/06\\\/foto-porto-de-santos-1.jpg\",\"contentUrl\":\"https:\\\/\\\/agenciainfra.com\\\/blog\\\/wp-content\\\/uploads\\\/2026\\\/06\\\/foto-porto-de-santos-1.jpg\",\"width\":1280,\"height\":853,\"caption\":\"Foto: Porto de Santos\"},{\"@type\":\"BreadcrumbList\",\"@id\":\"https:\\\/\\\/agenciainfra.com\\\/blog\\\/entidades-pedem-clareza-sobre-ordenamento-de-navios-no-acesso-a-santos\\\/#breadcrumb\",\"itemListElement\":[{\"@type\":\"ListItem\",\"position\":1,\"name\":\"In\u00edcio\",\"item\":\"https:\\\/\\\/agenciainfra.com\\\/blog\\\/\"},{\"@type\":\"ListItem\",\"position\":2,\"name\":\"Entidades pedem clareza sobre ordenamento de navios no acesso a Santos\"}]},{\"@type\":\"WebSite\",\"@id\":\"https:\\\/\\\/agenciainfra.com\\\/blog\\\/#website\",\"url\":\"https:\\\/\\\/agenciainfra.com\\\/blog\\\/\",\"name\":\"Ag\u00eancia iNFRA\",\"description\":\"Multiplataforma de informa\u00e7\u00e3o jornal\u00edstica refer\u00eancia na \u00e1rea de infraestrutura no Brasil!\",\"publisher\":{\"@id\":\"https:\\\/\\\/agenciainfra.com\\\/blog\\\/#organization\"},\"potentialAction\":[{\"@type\":\"SearchAction\",\"target\":{\"@type\":\"EntryPoint\",\"urlTemplate\":\"https:\\\/\\\/agenciainfra.com\\\/blog\\\/?s={search_term_string}\"},\"query-input\":{\"@type\":\"PropertyValueSpecification\",\"valueRequired\":true,\"valueName\":\"search_term_string\"}}],\"inLanguage\":\"pt-BR\"},{\"@type\":\"Organization\",\"@id\":\"https:\\\/\\\/agenciainfra.com\\\/blog\\\/#organization\",\"name\":\"Ag\u00eancia iNFRA\",\"url\":\"https:\\\/\\\/agenciainfra.com\\\/blog\\\/\",\"logo\":{\"@type\":\"ImageObject\",\"inLanguage\":\"pt-BR\",\"@id\":\"https:\\\/\\\/agenciainfra.com\\\/blog\\\/#\\\/schema\\\/logo\\\/image\\\/\",\"url\":\"https:\\\/\\\/agenciainfra.com\\\/blog\\\/wp-content\\\/uploads\\\/2023\\\/09\\\/iNFRA_5-e1761735885940.png\",\"contentUrl\":\"https:\\\/\\\/agenciainfra.com\\\/blog\\\/wp-content\\\/uploads\\\/2023\\\/09\\\/iNFRA_5-e1761735885940.png\",\"width\":1672,\"height\":454,\"caption\":\"Ag\u00eancia iNFRA\"},\"image\":{\"@id\":\"https:\\\/\\\/agenciainfra.com\\\/blog\\\/#\\\/schema\\\/logo\\\/image\\\/\"},\"sameAs\":[\"https:\\\/\\\/www.facebook.com\\\/ageninfra\",\"https:\\\/\\\/x.com\\\/agencia_infra\",\"https:\\\/\\\/www.linkedin.com\\\/company\\\/ag\u00eanciainfra\\\/\",\"https:\\\/\\\/www.instagram.com\\\/agenciainfra\\\/\"]},{\"@type\":\"Person\",\"@id\":\"https:\\\/\\\/agenciainfra.com\\\/blog\\\/#\\\/schema\\\/person\\\/34af08dff6adea4cb22b06612ba7acfa\",\"name\":\"Ag\u00eancia iNFRA\",\"image\":{\"@type\":\"ImageObject\",\"inLanguage\":\"pt-BR\",\"@id\":\"https:\\\/\\\/secure.gravatar.com\\\/avatar\\\/d189e01678f06d8eb84d4e01f08eb848b3fffe3f8443818d3c356c66892f5be8?s=96&d=mm&r=g\",\"url\":\"https:\\\/\\\/secure.gravatar.com\\\/avatar\\\/d189e01678f06d8eb84d4e01f08eb848b3fffe3f8443818d3c356c66892f5be8?s=96&d=mm&r=g\",\"contentUrl\":\"https:\\\/\\\/secure.gravatar.com\\\/avatar\\\/d189e01678f06d8eb84d4e01f08eb848b3fffe3f8443818d3c356c66892f5be8?s=96&d=mm&r=g\",\"caption\":\"Ag\u00eancia iNFRA\"},\"url\":\"https:\\\/\\\/agenciainfra.com\\\/blog\\\/author\\\/admin\\\/\"}]}<\/script>\n<!-- \/ Yoast SEO Premium plugin. -->","yoast_head_json":{"title":"Entidades pedem clareza sobre ordenamento de navios no acesso a Santos - Ag\u00eancia iNFRA","robots":{"index":"index","follow":"follow","max-snippet":"max-snippet:-1","max-image-preview":"max-image-preview:large","max-video-preview":"max-video-preview:-1"},"canonical":"https:\/\/agenciainfra.com\/blog\/entidades-pedem-clareza-sobre-ordenamento-de-navios-no-acesso-a-santos\/","og_locale":"pt_BR","og_type":"article","og_title":"Entidades pedem clareza sobre ordenamento de navios no acesso a Santos","og_description":"da Ag\u00eancia iNFRA Entidades que atuam no setor portu\u00e1rio e de cargas questionaram a governan\u00e7a prevista para o ordenamento dos navios no projeto de concess\u00e3o do canal de acesso aquavi\u00e1rio ao Porto de Santos (SP). Durante audi\u00eancia p\u00fablica realizada na ter\u00e7a-feira (1\u00ba) pela ANTAQ (Ag\u00eancia Nacional de Transportes Aquavi\u00e1rios), os participantes destacaram que a proposta [&hellip;]","og_url":"https:\/\/agenciainfra.com\/blog\/entidades-pedem-clareza-sobre-ordenamento-de-navios-no-acesso-a-santos\/","og_site_name":"Ag\u00eancia iNFRA","article_publisher":"https:\/\/www.facebook.com\/ageninfra","article_published_time":"2026-09-03T11:00:00+00:00","article_modified_time":"2026-09-03T11:00:37+00:00","og_image":[{"width":1280,"height":853,"url":"https:\/\/agenciainfra.com\/blog\/wp-content\/uploads\/2026\/06\/foto-porto-de-santos-1.jpg","type":"image\/jpeg"}],"author":"Ag\u00eancia iNFRA","twitter_card":"summary_large_image","twitter_creator":"@agencia_infra","twitter_site":"@agencia_infra","twitter_misc":{"Escrito por":"Ag\u00eancia iNFRA","Est. tempo de leitura":"4 minutos"},"schema":{"@context":"https:\/\/schema.org","@graph":[{"@type":"Article","@id":"https:\/\/agenciainfra.com\/blog\/entidades-pedem-clareza-sobre-ordenamento-de-navios-no-acesso-a-santos\/#article","isPartOf":{"@id":"https:\/\/agenciainfra.com\/blog\/entidades-pedem-clareza-sobre-ordenamento-de-navios-no-acesso-a-santos\/"},"author":{"name":"Ag\u00eancia iNFRA","@id":"https:\/\/agenciainfra.com\/blog\/#\/schema\/person\/34af08dff6adea4cb22b06612ba7acfa"},"headline":"Entidades pedem clareza sobre ordenamento de navios no acesso a Santos","datePublished":"2026-09-03T11:00:00+00:00","dateModified":"2026-09-03T11:00:37+00:00","mainEntityOfPage":{"@id":"https:\/\/agenciainfra.com\/blog\/entidades-pedem-clareza-sobre-ordenamento-de-navios-no-acesso-a-santos\/"},"wordCount":842,"publisher":{"@id":"https:\/\/agenciainfra.com\/blog\/#organization"},"image":{"@id":"https:\/\/agenciainfra.com\/blog\/entidades-pedem-clareza-sobre-ordenamento-de-navios-no-acesso-a-santos\/#primaryimage"},"thumbnailUrl":"https:\/\/agenciainfra.com\/blog\/wp-content\/uploads\/2026\/06\/foto-porto-de-santos-1.jpg","keywords":["acesso ao porto de santos","acesso portu\u00e1rio","ANTAQ","atraca\u00e7\u00e3o de navios","audi\u00eancia antaq","canal de acesso","dragagem","eduardo costa bndes","embarca\u00e7\u00f5es","line up portu\u00e1rio","navios","navios em santos","ordenamento de navios","Porto de Santos","portos"],"articleSection":["Destaque"],"inLanguage":"pt-BR","copyrightYear":"2026","copyrightHolder":{"@id":"https:\/\/agenciainfra.com\/blog\/#organization"}},{"@type":"WebPage","@id":"https:\/\/agenciainfra.com\/blog\/entidades-pedem-clareza-sobre-ordenamento-de-navios-no-acesso-a-santos\/","url":"https:\/\/agenciainfra.com\/blog\/entidades-pedem-clareza-sobre-ordenamento-de-navios-no-acesso-a-santos\/","name":"Entidades pedem clareza sobre ordenamento de navios no acesso a Santos - Ag\u00eancia iNFRA","isPartOf":{"@id":"https:\/\/agenciainfra.com\/blog\/#website"},"primaryImageOfPage":{"@id":"https:\/\/agenciainfra.com\/blog\/entidades-pedem-clareza-sobre-ordenamento-de-navios-no-acesso-a-santos\/#primaryimage"},"image":{"@id":"https:\/\/agenciainfra.com\/blog\/entidades-pedem-clareza-sobre-ordenamento-de-navios-no-acesso-a-santos\/#primaryimage"},"thumbnailUrl":"https:\/\/agenciainfra.com\/blog\/wp-content\/uploads\/2026\/06\/foto-porto-de-santos-1.jpg","datePublished":"2026-09-03T11:00:00+00:00","dateModified":"2026-09-03T11:00:37+00:00","breadcrumb":{"@id":"https:\/\/agenciainfra.com\/blog\/entidades-pedem-clareza-sobre-ordenamento-de-navios-no-acesso-a-santos\/#breadcrumb"},"inLanguage":"pt-BR","potentialAction":[{"@type":"ReadAction","target":["https:\/\/agenciainfra.com\/blog\/entidades-pedem-clareza-sobre-ordenamento-de-navios-no-acesso-a-santos\/"]}]},{"@type":"ImageObject","inLanguage":"pt-BR","@id":"https:\/\/agenciainfra.com\/blog\/entidades-pedem-clareza-sobre-ordenamento-de-navios-no-acesso-a-santos\/#primaryimage","url":"https:\/\/agenciainfra.com\/blog\/wp-content\/uploads\/2026\/06\/foto-porto-de-santos-1.jpg","contentUrl":"https:\/\/agenciainfra.com\/blog\/wp-content\/uploads\/2026\/06\/foto-porto-de-santos-1.jpg","width":1280,"height":853,"caption":"Foto: Porto de Santos"},{"@type":"BreadcrumbList","@id":"https:\/\/agenciainfra.com\/blog\/entidades-pedem-clareza-sobre-ordenamento-de-navios-no-acesso-a-santos\/#breadcrumb","itemListElement":[{"@type":"ListItem","position":1,"name":"In\u00edcio","item":"https:\/\/agenciainfra.com\/blog\/"},{"@type":"ListItem","position":2,"name":"Entidades pedem clareza sobre ordenamento de navios no acesso a Santos"}]},{"@type":"WebSite","@id":"https:\/\/agenciainfra.com\/blog\/#website","url":"https:\/\/agenciainfra.com\/blog\/","name":"Ag\u00eancia iNFRA","description":"Multiplataforma de informa\u00e7\u00e3o jornal\u00edstica refer\u00eancia na \u00e1rea de infraestrutura no Brasil!","publisher":{"@id":"https:\/\/agenciainfra.com\/blog\/#organization"},"potentialAction":[{"@type":"SearchAction","target":{"@type":"EntryPoint","urlTemplate":"https:\/\/agenciainfra.com\/blog\/?s={search_term_string}"},"query-input":{"@type":"PropertyValueSpecification","valueRequired":true,"valueName":"search_term_string"}}],"inLanguage":"pt-BR"},{"@type":"Organization","@id":"https:\/\/agenciainfra.com\/blog\/#organization","name":"Ag\u00eancia iNFRA","url":"https:\/\/agenciainfra.com\/blog\/","logo":{"@type":"ImageObject","inLanguage":"pt-BR","@id":"https:\/\/agenciainfra.com\/blog\/#\/schema\/logo\/image\/","url":"https:\/\/agenciainfra.com\/blog\/wp-content\/uploads\/2023\/09\/iNFRA_5-e1761735885940.png","contentUrl":"https:\/\/agenciainfra.com\/blog\/wp-content\/uploads\/2023\/09\/iNFRA_5-e1761735885940.png","width":1672,"height":454,"caption":"Ag\u00eancia iNFRA"},"image":{"@id":"https:\/\/agenciainfra.com\/blog\/#\/schema\/logo\/image\/"},"sameAs":["https:\/\/www.facebook.com\/ageninfra","https:\/\/x.com\/agencia_infra","https:\/\/www.linkedin.com\/company\/ag\u00eanciainfra\/","https:\/\/www.instagram.com\/agenciainfra\/"]},{"@type":"Person","@id":"https:\/\/agenciainfra.com\/blog\/#\/schema\/person\/34af08dff6adea4cb22b06612ba7acfa","name":"Ag\u00eancia iNFRA","image":{"@type":"ImageObject","inLanguage":"pt-BR","@id":"https:\/\/secure.gravatar.com\/avatar\/d189e01678f06d8eb84d4e01f08eb848b3fffe3f8443818d3c356c66892f5be8?s=96&d=mm&r=g","url":"https:\/\/secure.gravatar.com\/avatar\/d189e01678f06d8eb84d4e01f08eb848b3fffe3f8443818d3c356c66892f5be8?s=96&d=mm&r=g","contentUrl":"https:\/\/secure.gravatar.com\/avatar\/d189e01678f06d8eb84d4e01f08eb848b3fffe3f8443818d3c356c66892f5be8?s=96&d=mm&r=g","caption":"Ag\u00eancia iNFRA"},"url":"https:\/\/agenciainfra.com\/blog\/author\/admin\/"}]}},"_links":{"self":[{"href":"https:\/\/agenciainfra.com\/blog\/wp-json\/wp\/v2\/posts\/46818","targetHints":{"allow":["GET"]}}],"collection":[{"href":"https:\/\/agenciainfra.com\/blog\/wp-json\/wp\/v2\/posts"}],"about":[{"href":"https:\/\/agenciainfra.com\/blog\/wp-json\/wp\/v2\/types\/post"}],"author":[{"embeddable":true,"href":"https:\/\/agenciainfra.com\/blog\/wp-json\/wp\/v2\/users\/1"}],"replies":[{"embeddable":true,"href":"https:\/\/agenciainfra.com\/blog\/wp-json\/wp\/v2\/comments?post=46818"}],"version-history":[{"count":1,"href":"https:\/\/agenciainfra.com\/blog\/wp-json\/wp\/v2\/posts\/46818\/revisions"}],"predecessor-version":[{"id":46821,"href":"https:\/\/agenciainfra.com\/blog\/wp-json\/wp\/v2\/posts\/46818\/revisions\/46821"}],"wp:featuredmedia":[{"embeddable":true,"href":"https:\/\/agenciainfra.com\/blog\/wp-json\/wp\/v2\/media\/42989"}],"wp:attachment":[{"href":"https:\/\/agenciainfra.com\/blog\/wp-json\/wp\/v2\/media?parent=46818"}],"wp:term":[{"taxonomy":"category","embeddable":true,"href":"https:\/\/agenciainfra.com\/blog\/wp-json\/wp\/v2\/categories?post=46818"},{"taxonomy":"post_tag","embeddable":true,"href":"https:\/\/agenciainfra.com\/blog\/wp-json\/wp\/v2\/tags?post=46818"}],"curies":[{"name":"wp","href":"https:\/\/api.w.org\/{rel}","templated":true}]}}