{"id":46822,"date":"2026-09-02T13:35:37","date_gmt":"2026-09-02T16:35:37","guid":{"rendered":"https:\/\/agenciainfra.com\/blog\/?p=46822"},"modified":"2026-09-02T13:38:54","modified_gmt":"2026-09-02T16:38:54","slug":"abegas-propoe-a-presidenciaveis-limite-a-reinjecao-e-gas-release","status":"publish","type":"post","link":"https:\/\/agenciainfra.com\/blog\/abegas-propoe-a-presidenciaveis-limite-a-reinjecao-e-gas-release\/","title":{"rendered":"Abeg\u00e1s prop\u00f5e a presidenci\u00e1veis limite \u00e0 reinje\u00e7\u00e3o e Gas Release"},"content":{"rendered":"\n<p class=\"has-text-align-right\"><strong>Gabriel Vasconcelos, da Ag\u00eancia iNFRA<\/strong><\/p>\n\n\n\n<p>A Abeg\u00e1s (Associa\u00e7\u00e3o Brasileira das Empresas Distribuidoras de G\u00e1s Canalizado) lan\u00e7ou nesta quarta-feira (2) um documento com propostas aos candidatos \u00e0 Presid\u00eancia da Rep\u00fablica. Alguns t\u00f3picos est\u00e3o al\u00e9m da al\u00e7ada mais direta do futuro presidente, voltados ao Legislativo ou \u00e0 ANP (Ag\u00eancia Nacional do Petr\u00f3leo, G\u00e1s Natural e Biocombust\u00edveis), mas, segundo a entidade, t\u00eam a fun\u00e7\u00e3o de subsidiar o debate eleitoral.<\/p>\n\n\n\n<p><strong>Reinje\u00e7\u00e3o<\/strong><br>Um dos focos da Abeg\u00e1s \u00e9 a redu\u00e7\u00e3o da reinje\u00e7\u00e3o de g\u00e1s em campos de petr\u00f3leo. A entidade fala em &#8220;paradoxo estrutural&#8221;, porque o pa\u00eds tem reservas abundantes, no que cita o Pr\u00e9-Sal, a bacia de Sergipe-Alagoas e a ainda inexplorada Margem Equatorial, mas n\u00e3o faria uso desse potencial.<\/p>\n\n\n\n<p>&#8220;Em 2025, o Pa\u00eds registrou a marca hist\u00f3rica de 179 milh\u00f5es de m\u00b3 di\u00e1rios de g\u00e1s natural produzidos, mas apenas 33% desse volume chegou efetivamente ao consumidor final, enquanto o restante foi reinjetado ou desperdi\u00e7ado&#8221;, diz a Abeg\u00e1s.<\/p>\n\n\n\n<p>Por essa raz\u00e3o, um dos itens do grupo de propostas regulat\u00f3rias fala em &#8220;otimiza\u00e7\u00e3o da reinje\u00e7\u00e3o de g\u00e1s&#8221;, que seria estabelecer crit\u00e9rios t\u00e9cnicos e econ\u00f4micos para limitar a reinje\u00e7\u00e3o de g\u00e1s ao &#8220;estritamente necess\u00e1rio&#8221; para a recupera\u00e7\u00e3o de petr\u00f3leo e aumento da oferta ao mercado interno.<\/p>\n\n\n\n<p><strong>Gas Release<\/strong><br>No mesmo rol de propostas, a Abeg\u00e1s sai em defesa do programa de desconcentra\u00e7\u00e3o do mercado de g\u00e1s, o Gas Release, em discuss\u00e3o na ANP e que visa reduzir a participa\u00e7\u00e3o da Petrobras nesse mercado por meio da proibi\u00e7\u00e3o da compra de volumes de terceiros na boca do po\u00e7o e sua sa\u00edda da importa\u00e7\u00e3o de mol\u00e9cula. Esses volumes passariam a ser obrigatoriamente leiloados a outros agentes, o que \u00e9 expressamente defendido pela entidade a fim de &#8220;fomentar a concorr\u00eancia &#8216;g\u00e1s-g\u00e1s&#8217; e trazer liquidez ao mercado&#8221;.<\/p>\n\n\n\n<p><strong>Uso em caminh\u00f5es<\/strong><br>Entre as chamadas propostas legislativas, a Abeg\u00e1s prop\u00f5e a institui\u00e7\u00e3o de uma Pol\u00edtica Nacional de Corredores Sustent\u00e1veis para integrar postos de g\u00e1s nas principais rotas de escoamento de safra agr\u00edcola, a fim de incentivar a substitui\u00e7\u00e3o do diesel em frotas pesadas.<\/p>\n\n\n\n<p>A entidade lembra que o setor de transportes responde por cerca de 50% das emiss\u00f5es de carbono do pa\u00eds, sendo altamente dependente do diesel importado, que teria custado US$ 9,4 bilh\u00f5es aos cofres p\u00fablicos em 2025. &#8220;Ao substituirmos o diesel por g\u00e1s em frotas pesadas e \u00f4nibus urbanos, reduzimos drasticamente as emiss\u00f5es e mantemos essa riqueza circulando dentro do nosso pr\u00f3prio territ\u00f3rio, gerando desenvolvimento nacional\u201d, escreve o presidente da Abeg\u00e1s, Marcelo Mendon\u00e7a.<\/p>\n\n\n\n<p><strong>Transporte de g\u00e1s<\/strong><br>Com rela\u00e7\u00e3o ao transporte de g\u00e1s, etapa anterior \u00e0 distribui\u00e7\u00e3o e gerenciada por empresas donas de gasodutos de transporte, a Abeg\u00e1s defende a exclus\u00e3o de trecho da chamada Nova Lei do G\u00e1s (14.134\/2021) que atribui \u00e0 ANP a classifica\u00e7\u00e3o de gasodutos.<\/p>\n\n\n\n<p>Na vis\u00e3o da entidade, essa prerrogativa amea\u00e7a a compet\u00eancia constitucional dos Estados na regulamenta\u00e7\u00e3o dos servi\u00e7os locais de distribui\u00e7\u00e3o de g\u00e1s canalizado, hoje exercida pelas ag\u00eancias reguladoras estaduais. O setor teme que gasodutos de distribui\u00e7\u00e3o venham a ser tachados como de transporte, reduzindo sua \u00e1rea de atua\u00e7\u00e3o.<\/p>\n\n\n\n<p>Ainda sobre transporte, a Abeg\u00e1s defende a expans\u00e3o dessa malha por meio de &#8220;chamadas p\u00fablicas coordenadas&#8221; capazes de superar a l\u00f3gica de constru\u00e7\u00e3o baseada em demanda garantida, assim como a cria\u00e7\u00e3o de uma &#8220;entidade independente&#8221; para coordenar a estrutura f\u00edsica e comercial dessa malha.<\/p>\n\n\n\n<p><strong>Outras propostas<\/strong><br>A Abeg\u00e1s defende, ainda, garantir que datacenters possam utilizar g\u00e1s natural como fonte de energia e atribuir a comercializa\u00e7\u00e3o de g\u00e1s natural no mercado livre \u00e0 CCEE (C\u00e2mara de Comercializa\u00e7\u00e3o de Energia El\u00e9trica), sob o argumento de &#8220;garantir maior transpar\u00eancia e governan\u00e7a na precifica\u00e7\u00e3o&#8221;.<\/p>\n\n\n\n<p>A entidade avan\u00e7a, tamb\u00e9m, com propostas ainda relacionadas ao escoamento da produ\u00e7\u00e3o no in\u00edcio da cadeia. Defende a obrigatoriedade de constru\u00e7\u00e3o de infraestruturas de escoamento para novas plataformas de petr\u00f3leo para ampliar a oferta ao mercado. E, tamb\u00e9m, o acesso n\u00e3o discriminat\u00f3rio de terceiros \u00e0s chamadas infraestruturas essenciais de g\u00e1s: gasodutos de escoamento, UPGNs (Unidades de Processamento de G\u00e1s Natural) e terminais de GNL.<\/p>\n\n\n\n<p>Demais propostas falam em novas linhas de cr\u00e9dito para expans\u00e3o da malha de distribui\u00e7\u00e3o e sua universaliza\u00e7\u00e3o; inclus\u00e3o de projetos a g\u00e1s natural no rol de financiamentos do Fundo Clima e promo\u00e7\u00e3o da integra\u00e7\u00e3o dos setores de g\u00e1s e el\u00e9trico. Neste \u00faltimo ponto, fala-se em &#8220;planejar o despacho estrutural de termel\u00e9tricas a g\u00e1s com menor flexibilidade para garantir a seguran\u00e7a energ\u00e9tica e lastrear o crescimento de fontes renov\u00e1veis intermitentes&#8221;.<\/p>\n","protected":false},"excerpt":{"rendered":"<p>Gabriel Vasconcelos, da Ag\u00eancia iNFRA A Abeg\u00e1s (Associa\u00e7\u00e3o Brasileira das Empresas Distribuidoras de G\u00e1s Canalizado) lan\u00e7ou nesta quarta-feira (2) um documento com propostas aos candidatos \u00e0 Presid\u00eancia da Rep\u00fablica. Alguns t\u00f3picos est\u00e3o al\u00e9m da al\u00e7ada mais direta do futuro presidente, voltados ao Legislativo ou \u00e0 ANP (Ag\u00eancia Nacional do Petr\u00f3leo, G\u00e1s Natural e Biocombust\u00edveis), mas, [&hellip;]<\/p>\n","protected":false},"author":1,"featured_media":7726,"comment_status":"closed","ping_status":"closed","sticky":false,"template":"","format":"standard","meta":{"_monsterinsights_skip_tracking":false,"_monsterinsights_sitenote_active":false,"_monsterinsights_sitenote_note":"","_monsterinsights_sitenote_category":0,"footnotes":""},"categories":[7250],"tags":[1150,1101,13251,6487,16070,13643,21672],"class_list":["post-46822","post","type-post","status-publish","format-standard","has-post-thumbnail","hentry","category-destaque-lista","tag-abegas","tag-anp","tag-gabriel-vasconcelos","tag-gas-release","tag-reinjecao-de-gas","tag-transporte-de-gas","tag-uso-em-caminhoes"],"yoast_head":"<!-- This site is optimized with the Yoast SEO Premium plugin v25.4 (Yoast SEO v28.2) - https:\/\/yoast.com\/product\/yoast-seo-premium-wordpress\/ -->\n<title>Abeg\u00e1s prop\u00f5e a presidenci\u00e1veis limite \u00e0 reinje\u00e7\u00e3o e Gas Release - Ag\u00eancia iNFRA<\/title>\n<meta name=\"robots\" content=\"index, follow, max-snippet:-1, max-image-preview:large, max-video-preview:-1\" \/>\n<link rel=\"canonical\" href=\"https:\/\/agenciainfra.com\/blog\/abegas-propoe-a-presidenciaveis-limite-a-reinjecao-e-gas-release\/\" \/>\n<meta property=\"og:locale\" content=\"pt_BR\" \/>\n<meta property=\"og:type\" content=\"article\" \/>\n<meta property=\"og:title\" content=\"Abeg\u00e1s prop\u00f5e a presidenci\u00e1veis limite \u00e0 reinje\u00e7\u00e3o e Gas Release\" \/>\n<meta property=\"og:description\" content=\"Gabriel Vasconcelos, da Ag\u00eancia iNFRA A Abeg\u00e1s (Associa\u00e7\u00e3o Brasileira das Empresas Distribuidoras de G\u00e1s Canalizado) lan\u00e7ou nesta quarta-feira (2) um documento com propostas aos candidatos \u00e0 Presid\u00eancia da Rep\u00fablica. Alguns t\u00f3picos est\u00e3o al\u00e9m da al\u00e7ada mais direta do futuro presidente, voltados ao Legislativo ou \u00e0 ANP (Ag\u00eancia Nacional do Petr\u00f3leo, G\u00e1s Natural e Biocombust\u00edveis), mas, [&hellip;]\" \/>\n<meta property=\"og:url\" content=\"https:\/\/agenciainfra.com\/blog\/abegas-propoe-a-presidenciaveis-limite-a-reinjecao-e-gas-release\/\" \/>\n<meta property=\"og:site_name\" content=\"Ag\u00eancia iNFRA\" \/>\n<meta property=\"article:publisher\" content=\"https:\/\/www.facebook.com\/ageninfra\" \/>\n<meta property=\"article:published_time\" content=\"2026-09-02T16:35:37+00:00\" \/>\n<meta property=\"article:modified_time\" content=\"2026-09-02T16:38:54+00:00\" \/>\n<meta property=\"og:image\" content=\"https:\/\/agenciainfra.com\/blog\/wp-content\/uploads\/2021\/07\/comgas-foto-comgas.png\" \/>\n\t<meta property=\"og:image:width\" content=\"1280\" \/>\n\t<meta property=\"og:image:height\" content=\"790\" \/>\n\t<meta property=\"og:image:type\" content=\"image\/png\" \/>\n<meta name=\"author\" content=\"Ag\u00eancia iNFRA\" \/>\n<meta name=\"twitter:card\" content=\"summary_large_image\" \/>\n<meta name=\"twitter:creator\" content=\"@agencia_infra\" \/>\n<meta name=\"twitter:site\" content=\"@agencia_infra\" \/>\n<meta name=\"twitter:label1\" content=\"Escrito por\" \/>\n\t<meta name=\"twitter:data1\" content=\"Ag\u00eancia iNFRA\" \/>\n\t<meta name=\"twitter:label2\" content=\"Est. tempo de leitura\" \/>\n\t<meta name=\"twitter:data2\" content=\"4 minutos\" \/>\n<script type=\"application\/ld+json\" class=\"yoast-schema-graph\">{\"@context\":\"https:\\\/\\\/schema.org\",\"@graph\":[{\"@type\":\"Article\",\"@id\":\"https:\\\/\\\/agenciainfra.com\\\/blog\\\/abegas-propoe-a-presidenciaveis-limite-a-reinjecao-e-gas-release\\\/#article\",\"isPartOf\":{\"@id\":\"https:\\\/\\\/agenciainfra.com\\\/blog\\\/abegas-propoe-a-presidenciaveis-limite-a-reinjecao-e-gas-release\\\/\"},\"author\":{\"name\":\"Ag\u00eancia iNFRA\",\"@id\":\"https:\\\/\\\/agenciainfra.com\\\/blog\\\/#\\\/schema\\\/person\\\/34af08dff6adea4cb22b06612ba7acfa\"},\"headline\":\"Abeg\u00e1s prop\u00f5e a presidenci\u00e1veis limite \u00e0 reinje\u00e7\u00e3o e Gas Release\",\"datePublished\":\"2026-09-02T16:35:37+00:00\",\"dateModified\":\"2026-09-02T16:38:54+00:00\",\"mainEntityOfPage\":{\"@id\":\"https:\\\/\\\/agenciainfra.com\\\/blog\\\/abegas-propoe-a-presidenciaveis-limite-a-reinjecao-e-gas-release\\\/\"},\"wordCount\":854,\"publisher\":{\"@id\":\"https:\\\/\\\/agenciainfra.com\\\/blog\\\/#organization\"},\"image\":{\"@id\":\"https:\\\/\\\/agenciainfra.com\\\/blog\\\/abegas-propoe-a-presidenciaveis-limite-a-reinjecao-e-gas-release\\\/#primaryimage\"},\"thumbnailUrl\":\"https:\\\/\\\/agenciainfra.com\\\/blog\\\/wp-content\\\/uploads\\\/2021\\\/07\\\/comgas-foto-comgas.png\",\"keywords\":[\"Abeg\u00e1s\",\"ANP\",\"Gabriel Vasconcelos\",\"Gas Release\",\"reinje\u00e7\u00e3o de g\u00e1s\",\"transporte de g\u00e1s\",\"Uso em caminh\u00f5es\"],\"articleSection\":[\"Destaque lista\"],\"inLanguage\":\"pt-BR\",\"copyrightYear\":\"2026\",\"copyrightHolder\":{\"@id\":\"https:\\\/\\\/agenciainfra.com\\\/blog\\\/#organization\"}},{\"@type\":\"WebPage\",\"@id\":\"https:\\\/\\\/agenciainfra.com\\\/blog\\\/abegas-propoe-a-presidenciaveis-limite-a-reinjecao-e-gas-release\\\/\",\"url\":\"https:\\\/\\\/agenciainfra.com\\\/blog\\\/abegas-propoe-a-presidenciaveis-limite-a-reinjecao-e-gas-release\\\/\",\"name\":\"Abeg\u00e1s prop\u00f5e a presidenci\u00e1veis limite \u00e0 reinje\u00e7\u00e3o e Gas Release - Ag\u00eancia iNFRA\",\"isPartOf\":{\"@id\":\"https:\\\/\\\/agenciainfra.com\\\/blog\\\/#website\"},\"primaryImageOfPage\":{\"@id\":\"https:\\\/\\\/agenciainfra.com\\\/blog\\\/abegas-propoe-a-presidenciaveis-limite-a-reinjecao-e-gas-release\\\/#primaryimage\"},\"image\":{\"@id\":\"https:\\\/\\\/agenciainfra.com\\\/blog\\\/abegas-propoe-a-presidenciaveis-limite-a-reinjecao-e-gas-release\\\/#primaryimage\"},\"thumbnailUrl\":\"https:\\\/\\\/agenciainfra.com\\\/blog\\\/wp-content\\\/uploads\\\/2021\\\/07\\\/comgas-foto-comgas.png\",\"datePublished\":\"2026-09-02T16:35:37+00:00\",\"dateModified\":\"2026-09-02T16:38:54+00:00\",\"breadcrumb\":{\"@id\":\"https:\\\/\\\/agenciainfra.com\\\/blog\\\/abegas-propoe-a-presidenciaveis-limite-a-reinjecao-e-gas-release\\\/#breadcrumb\"},\"inLanguage\":\"pt-BR\",\"potentialAction\":[{\"@type\":\"ReadAction\",\"target\":[\"https:\\\/\\\/agenciainfra.com\\\/blog\\\/abegas-propoe-a-presidenciaveis-limite-a-reinjecao-e-gas-release\\\/\"]}]},{\"@type\":\"ImageObject\",\"inLanguage\":\"pt-BR\",\"@id\":\"https:\\\/\\\/agenciainfra.com\\\/blog\\\/abegas-propoe-a-presidenciaveis-limite-a-reinjecao-e-gas-release\\\/#primaryimage\",\"url\":\"https:\\\/\\\/agenciainfra.com\\\/blog\\\/wp-content\\\/uploads\\\/2021\\\/07\\\/comgas-foto-comgas.png\",\"contentUrl\":\"https:\\\/\\\/agenciainfra.com\\\/blog\\\/wp-content\\\/uploads\\\/2021\\\/07\\\/comgas-foto-comgas.png\",\"width\":1280,\"height\":790,\"caption\":\"Foto: Comg\u00e1s\"},{\"@type\":\"BreadcrumbList\",\"@id\":\"https:\\\/\\\/agenciainfra.com\\\/blog\\\/abegas-propoe-a-presidenciaveis-limite-a-reinjecao-e-gas-release\\\/#breadcrumb\",\"itemListElement\":[{\"@type\":\"ListItem\",\"position\":1,\"name\":\"In\u00edcio\",\"item\":\"https:\\\/\\\/agenciainfra.com\\\/blog\\\/\"},{\"@type\":\"ListItem\",\"position\":2,\"name\":\"Abeg\u00e1s prop\u00f5e a presidenci\u00e1veis limite \u00e0 reinje\u00e7\u00e3o e Gas Release\"}]},{\"@type\":\"WebSite\",\"@id\":\"https:\\\/\\\/agenciainfra.com\\\/blog\\\/#website\",\"url\":\"https:\\\/\\\/agenciainfra.com\\\/blog\\\/\",\"name\":\"Ag\u00eancia iNFRA\",\"description\":\"Multiplataforma de informa\u00e7\u00e3o jornal\u00edstica refer\u00eancia na \u00e1rea de infraestrutura no Brasil!\",\"publisher\":{\"@id\":\"https:\\\/\\\/agenciainfra.com\\\/blog\\\/#organization\"},\"potentialAction\":[{\"@type\":\"SearchAction\",\"target\":{\"@type\":\"EntryPoint\",\"urlTemplate\":\"https:\\\/\\\/agenciainfra.com\\\/blog\\\/?s={search_term_string}\"},\"query-input\":{\"@type\":\"PropertyValueSpecification\",\"valueRequired\":true,\"valueName\":\"search_term_string\"}}],\"inLanguage\":\"pt-BR\"},{\"@type\":\"Organization\",\"@id\":\"https:\\\/\\\/agenciainfra.com\\\/blog\\\/#organization\",\"name\":\"Ag\u00eancia iNFRA\",\"url\":\"https:\\\/\\\/agenciainfra.com\\\/blog\\\/\",\"logo\":{\"@type\":\"ImageObject\",\"inLanguage\":\"pt-BR\",\"@id\":\"https:\\\/\\\/agenciainfra.com\\\/blog\\\/#\\\/schema\\\/logo\\\/image\\\/\",\"url\":\"https:\\\/\\\/agenciainfra.com\\\/blog\\\/wp-content\\\/uploads\\\/2023\\\/09\\\/iNFRA_5-e1761735885940.png\",\"contentUrl\":\"https:\\\/\\\/agenciainfra.com\\\/blog\\\/wp-content\\\/uploads\\\/2023\\\/09\\\/iNFRA_5-e1761735885940.png\",\"width\":1672,\"height\":454,\"caption\":\"Ag\u00eancia iNFRA\"},\"image\":{\"@id\":\"https:\\\/\\\/agenciainfra.com\\\/blog\\\/#\\\/schema\\\/logo\\\/image\\\/\"},\"sameAs\":[\"https:\\\/\\\/www.facebook.com\\\/ageninfra\",\"https:\\\/\\\/x.com\\\/agencia_infra\",\"https:\\\/\\\/www.linkedin.com\\\/company\\\/ag\u00eanciainfra\\\/\",\"https:\\\/\\\/www.instagram.com\\\/agenciainfra\\\/\"]},{\"@type\":\"Person\",\"@id\":\"https:\\\/\\\/agenciainfra.com\\\/blog\\\/#\\\/schema\\\/person\\\/34af08dff6adea4cb22b06612ba7acfa\",\"name\":\"Ag\u00eancia iNFRA\",\"image\":{\"@type\":\"ImageObject\",\"inLanguage\":\"pt-BR\",\"@id\":\"https:\\\/\\\/secure.gravatar.com\\\/avatar\\\/d189e01678f06d8eb84d4e01f08eb848b3fffe3f8443818d3c356c66892f5be8?s=96&d=mm&r=g\",\"url\":\"https:\\\/\\\/secure.gravatar.com\\\/avatar\\\/d189e01678f06d8eb84d4e01f08eb848b3fffe3f8443818d3c356c66892f5be8?s=96&d=mm&r=g\",\"contentUrl\":\"https:\\\/\\\/secure.gravatar.com\\\/avatar\\\/d189e01678f06d8eb84d4e01f08eb848b3fffe3f8443818d3c356c66892f5be8?s=96&d=mm&r=g\",\"caption\":\"Ag\u00eancia iNFRA\"},\"url\":\"https:\\\/\\\/agenciainfra.com\\\/blog\\\/author\\\/admin\\\/\"}]}<\/script>\n<!-- \/ Yoast SEO Premium plugin. -->","yoast_head_json":{"title":"Abeg\u00e1s prop\u00f5e a presidenci\u00e1veis limite \u00e0 reinje\u00e7\u00e3o e Gas Release - Ag\u00eancia iNFRA","robots":{"index":"index","follow":"follow","max-snippet":"max-snippet:-1","max-image-preview":"max-image-preview:large","max-video-preview":"max-video-preview:-1"},"canonical":"https:\/\/agenciainfra.com\/blog\/abegas-propoe-a-presidenciaveis-limite-a-reinjecao-e-gas-release\/","og_locale":"pt_BR","og_type":"article","og_title":"Abeg\u00e1s prop\u00f5e a presidenci\u00e1veis limite \u00e0 reinje\u00e7\u00e3o e Gas Release","og_description":"Gabriel Vasconcelos, da Ag\u00eancia iNFRA A Abeg\u00e1s (Associa\u00e7\u00e3o Brasileira das Empresas Distribuidoras de G\u00e1s Canalizado) lan\u00e7ou nesta quarta-feira (2) um documento com propostas aos candidatos \u00e0 Presid\u00eancia da Rep\u00fablica. Alguns t\u00f3picos est\u00e3o al\u00e9m da al\u00e7ada mais direta do futuro presidente, voltados ao Legislativo ou \u00e0 ANP (Ag\u00eancia Nacional do Petr\u00f3leo, G\u00e1s Natural e Biocombust\u00edveis), mas, [&hellip;]","og_url":"https:\/\/agenciainfra.com\/blog\/abegas-propoe-a-presidenciaveis-limite-a-reinjecao-e-gas-release\/","og_site_name":"Ag\u00eancia iNFRA","article_publisher":"https:\/\/www.facebook.com\/ageninfra","article_published_time":"2026-09-02T16:35:37+00:00","article_modified_time":"2026-09-02T16:38:54+00:00","og_image":[{"width":1280,"height":790,"url":"https:\/\/agenciainfra.com\/blog\/wp-content\/uploads\/2021\/07\/comgas-foto-comgas.png","type":"image\/png"}],"author":"Ag\u00eancia iNFRA","twitter_card":"summary_large_image","twitter_creator":"@agencia_infra","twitter_site":"@agencia_infra","twitter_misc":{"Escrito por":"Ag\u00eancia iNFRA","Est. tempo de leitura":"4 minutos"},"schema":{"@context":"https:\/\/schema.org","@graph":[{"@type":"Article","@id":"https:\/\/agenciainfra.com\/blog\/abegas-propoe-a-presidenciaveis-limite-a-reinjecao-e-gas-release\/#article","isPartOf":{"@id":"https:\/\/agenciainfra.com\/blog\/abegas-propoe-a-presidenciaveis-limite-a-reinjecao-e-gas-release\/"},"author":{"name":"Ag\u00eancia iNFRA","@id":"https:\/\/agenciainfra.com\/blog\/#\/schema\/person\/34af08dff6adea4cb22b06612ba7acfa"},"headline":"Abeg\u00e1s prop\u00f5e a presidenci\u00e1veis limite \u00e0 reinje\u00e7\u00e3o e Gas Release","datePublished":"2026-09-02T16:35:37+00:00","dateModified":"2026-09-02T16:38:54+00:00","mainEntityOfPage":{"@id":"https:\/\/agenciainfra.com\/blog\/abegas-propoe-a-presidenciaveis-limite-a-reinjecao-e-gas-release\/"},"wordCount":854,"publisher":{"@id":"https:\/\/agenciainfra.com\/blog\/#organization"},"image":{"@id":"https:\/\/agenciainfra.com\/blog\/abegas-propoe-a-presidenciaveis-limite-a-reinjecao-e-gas-release\/#primaryimage"},"thumbnailUrl":"https:\/\/agenciainfra.com\/blog\/wp-content\/uploads\/2021\/07\/comgas-foto-comgas.png","keywords":["Abeg\u00e1s","ANP","Gabriel Vasconcelos","Gas Release","reinje\u00e7\u00e3o de g\u00e1s","transporte de g\u00e1s","Uso em caminh\u00f5es"],"articleSection":["Destaque lista"],"inLanguage":"pt-BR","copyrightYear":"2026","copyrightHolder":{"@id":"https:\/\/agenciainfra.com\/blog\/#organization"}},{"@type":"WebPage","@id":"https:\/\/agenciainfra.com\/blog\/abegas-propoe-a-presidenciaveis-limite-a-reinjecao-e-gas-release\/","url":"https:\/\/agenciainfra.com\/blog\/abegas-propoe-a-presidenciaveis-limite-a-reinjecao-e-gas-release\/","name":"Abeg\u00e1s prop\u00f5e a presidenci\u00e1veis limite \u00e0 reinje\u00e7\u00e3o e Gas Release - Ag\u00eancia iNFRA","isPartOf":{"@id":"https:\/\/agenciainfra.com\/blog\/#website"},"primaryImageOfPage":{"@id":"https:\/\/agenciainfra.com\/blog\/abegas-propoe-a-presidenciaveis-limite-a-reinjecao-e-gas-release\/#primaryimage"},"image":{"@id":"https:\/\/agenciainfra.com\/blog\/abegas-propoe-a-presidenciaveis-limite-a-reinjecao-e-gas-release\/#primaryimage"},"thumbnailUrl":"https:\/\/agenciainfra.com\/blog\/wp-content\/uploads\/2021\/07\/comgas-foto-comgas.png","datePublished":"2026-09-02T16:35:37+00:00","dateModified":"2026-09-02T16:38:54+00:00","breadcrumb":{"@id":"https:\/\/agenciainfra.com\/blog\/abegas-propoe-a-presidenciaveis-limite-a-reinjecao-e-gas-release\/#breadcrumb"},"inLanguage":"pt-BR","potentialAction":[{"@type":"ReadAction","target":["https:\/\/agenciainfra.com\/blog\/abegas-propoe-a-presidenciaveis-limite-a-reinjecao-e-gas-release\/"]}]},{"@type":"ImageObject","inLanguage":"pt-BR","@id":"https:\/\/agenciainfra.com\/blog\/abegas-propoe-a-presidenciaveis-limite-a-reinjecao-e-gas-release\/#primaryimage","url":"https:\/\/agenciainfra.com\/blog\/wp-content\/uploads\/2021\/07\/comgas-foto-comgas.png","contentUrl":"https:\/\/agenciainfra.com\/blog\/wp-content\/uploads\/2021\/07\/comgas-foto-comgas.png","width":1280,"height":790,"caption":"Foto: Comg\u00e1s"},{"@type":"BreadcrumbList","@id":"https:\/\/agenciainfra.com\/blog\/abegas-propoe-a-presidenciaveis-limite-a-reinjecao-e-gas-release\/#breadcrumb","itemListElement":[{"@type":"ListItem","position":1,"name":"In\u00edcio","item":"https:\/\/agenciainfra.com\/blog\/"},{"@type":"ListItem","position":2,"name":"Abeg\u00e1s prop\u00f5e a presidenci\u00e1veis limite \u00e0 reinje\u00e7\u00e3o e Gas Release"}]},{"@type":"WebSite","@id":"https:\/\/agenciainfra.com\/blog\/#website","url":"https:\/\/agenciainfra.com\/blog\/","name":"Ag\u00eancia iNFRA","description":"Multiplataforma de informa\u00e7\u00e3o jornal\u00edstica refer\u00eancia na \u00e1rea de infraestrutura no Brasil!","publisher":{"@id":"https:\/\/agenciainfra.com\/blog\/#organization"},"potentialAction":[{"@type":"SearchAction","target":{"@type":"EntryPoint","urlTemplate":"https:\/\/agenciainfra.com\/blog\/?s={search_term_string}"},"query-input":{"@type":"PropertyValueSpecification","valueRequired":true,"valueName":"search_term_string"}}],"inLanguage":"pt-BR"},{"@type":"Organization","@id":"https:\/\/agenciainfra.com\/blog\/#organization","name":"Ag\u00eancia iNFRA","url":"https:\/\/agenciainfra.com\/blog\/","logo":{"@type":"ImageObject","inLanguage":"pt-BR","@id":"https:\/\/agenciainfra.com\/blog\/#\/schema\/logo\/image\/","url":"https:\/\/agenciainfra.com\/blog\/wp-content\/uploads\/2023\/09\/iNFRA_5-e1761735885940.png","contentUrl":"https:\/\/agenciainfra.com\/blog\/wp-content\/uploads\/2023\/09\/iNFRA_5-e1761735885940.png","width":1672,"height":454,"caption":"Ag\u00eancia iNFRA"},"image":{"@id":"https:\/\/agenciainfra.com\/blog\/#\/schema\/logo\/image\/"},"sameAs":["https:\/\/www.facebook.com\/ageninfra","https:\/\/x.com\/agencia_infra","https:\/\/www.linkedin.com\/company\/ag\u00eanciainfra\/","https:\/\/www.instagram.com\/agenciainfra\/"]},{"@type":"Person","@id":"https:\/\/agenciainfra.com\/blog\/#\/schema\/person\/34af08dff6adea4cb22b06612ba7acfa","name":"Ag\u00eancia iNFRA","image":{"@type":"ImageObject","inLanguage":"pt-BR","@id":"https:\/\/secure.gravatar.com\/avatar\/d189e01678f06d8eb84d4e01f08eb848b3fffe3f8443818d3c356c66892f5be8?s=96&d=mm&r=g","url":"https:\/\/secure.gravatar.com\/avatar\/d189e01678f06d8eb84d4e01f08eb848b3fffe3f8443818d3c356c66892f5be8?s=96&d=mm&r=g","contentUrl":"https:\/\/secure.gravatar.com\/avatar\/d189e01678f06d8eb84d4e01f08eb848b3fffe3f8443818d3c356c66892f5be8?s=96&d=mm&r=g","caption":"Ag\u00eancia iNFRA"},"url":"https:\/\/agenciainfra.com\/blog\/author\/admin\/"}]}},"_links":{"self":[{"href":"https:\/\/agenciainfra.com\/blog\/wp-json\/wp\/v2\/posts\/46822","targetHints":{"allow":["GET"]}}],"collection":[{"href":"https:\/\/agenciainfra.com\/blog\/wp-json\/wp\/v2\/posts"}],"about":[{"href":"https:\/\/agenciainfra.com\/blog\/wp-json\/wp\/v2\/types\/post"}],"author":[{"embeddable":true,"href":"https:\/\/agenciainfra.com\/blog\/wp-json\/wp\/v2\/users\/1"}],"replies":[{"embeddable":true,"href":"https:\/\/agenciainfra.com\/blog\/wp-json\/wp\/v2\/comments?post=46822"}],"version-history":[{"count":2,"href":"https:\/\/agenciainfra.com\/blog\/wp-json\/wp\/v2\/posts\/46822\/revisions"}],"predecessor-version":[{"id":46824,"href":"https:\/\/agenciainfra.com\/blog\/wp-json\/wp\/v2\/posts\/46822\/revisions\/46824"}],"wp:featuredmedia":[{"embeddable":true,"href":"https:\/\/agenciainfra.com\/blog\/wp-json\/wp\/v2\/media\/7726"}],"wp:attachment":[{"href":"https:\/\/agenciainfra.com\/blog\/wp-json\/wp\/v2\/media?parent=46822"}],"wp:term":[{"taxonomy":"category","embeddable":true,"href":"https:\/\/agenciainfra.com\/blog\/wp-json\/wp\/v2\/categories?post=46822"},{"taxonomy":"post_tag","embeddable":true,"href":"https:\/\/agenciainfra.com\/blog\/wp-json\/wp\/v2\/tags?post=46822"}],"curies":[{"name":"wp","href":"https:\/\/api.w.org\/{rel}","templated":true}]}}