{"id":46825,"date":"2026-09-02T15:32:28","date_gmt":"2026-09-02T18:32:28","guid":{"rendered":"https:\/\/agenciainfra.com\/blog\/?p=46825"},"modified":"2026-09-02T15:32:32","modified_gmt":"2026-09-02T18:32:32","slug":"mpf-aciona-justica-para-regularizar-faixa-de-dominio-da-malha-sul","status":"publish","type":"post","link":"https:\/\/agenciainfra.com\/blog\/mpf-aciona-justica-para-regularizar-faixa-de-dominio-da-malha-sul\/","title":{"rendered":"MPF aciona Justi\u00e7a para regularizar faixa de dom\u00ednio da Malha Sul"},"content":{"rendered":"\n<p class=\"has-text-align-right\"><strong>da Ag\u00eancia iNFRA<\/strong><\/p>\n\n\n\n<p>O MPF (Minist\u00e9rio P\u00fablico Federal) entrou com uma a\u00e7\u00e3o civil p\u00fablica na Justi\u00e7a Federal do Rio Grande do Sul para obrigar \u00f3rg\u00e3os federais e a Rumo Malha Sul a avan\u00e7arem na regulariza\u00e7\u00e3o das faixas de dom\u00ednio e na avalia\u00e7\u00e3o de riscos ao longo da Malha Sul ferrovi\u00e1ria.<\/p>\n\n\n\n<p>A a\u00e7\u00e3o envolve trechos no Paran\u00e1, em Santa Catarina e no Rio Grande do Sul e aponta omiss\u00f5es da Uni\u00e3o, do Dnit (Departamento Nacional de Infraestrutura de Transportes), da ANTT (Ag\u00eancia Nacional de Transportes Terrestres) e da concession\u00e1ria na defini\u00e7\u00e3o das faixas de dom\u00ednio e na elabora\u00e7\u00e3o de estudos sobre ocupa\u00e7\u00f5es pr\u00f3ximas \u00e0 ferrovia.<\/p>\n\n\n\n<p>Segundo o MPF, dos 7.223 quil\u00f4metros da Malha Sul, cerca de 2.755 quil\u00f4metros t\u00eam faixa de dom\u00ednio desconhecida ou ainda n\u00e3o mapeada pela concession\u00e1ria e pelo Dnit. O \u00f3rg\u00e3o afirma que a ocupa\u00e7\u00e3o dessas \u00e1reas por fam\u00edlias de baixa renda se consolidou ao longo de d\u00e9cadas de abandono, subutiliza\u00e7\u00e3o e falta de investimentos na rede.<\/p>\n\n\n\n<p>O MPF pede que Uni\u00e3o, Dnit e Rumo sejam obrigados a definir com precis\u00e3o a extens\u00e3o da faixa de dom\u00ednio da Malha Sul no prazo de dois anos. Tamb\u00e9m solicita que ANTT, Uni\u00e3o e concession\u00e1ria elaborem, em seis meses, um protocolo t\u00e9cnico para classificar os riscos das ocupa\u00e7\u00f5es existentes.<\/p>\n\n\n\n<p>Esse protocolo dever\u00e1 considerar tanto aspectos t\u00e9cnicos, como a dist\u00e2ncia das moradias em rela\u00e7\u00e3o \u00e0 via, quanto a situa\u00e7\u00e3o socioecon\u00f4mica dos ocupantes. Depois, a metodologia dever\u00e1 ser aplicada em toda a extens\u00e3o da malha, com prioridade para \u00e1reas j\u00e1 apontadas pelo Dnit e trechos com maior concentra\u00e7\u00e3o populacional.<\/p>\n\n\n\n<p>A a\u00e7\u00e3o tamb\u00e9m pede que as medidas determinadas \u00e0 atual concession\u00e1ria sejam incorporadas ao pr\u00f3ximo contrato de concess\u00e3o da Malha Sul.<\/p>\n","protected":false},"excerpt":{"rendered":"<p>da Ag\u00eancia iNFRA O MPF (Minist\u00e9rio P\u00fablico Federal) entrou com uma a\u00e7\u00e3o civil p\u00fablica na Justi\u00e7a Federal do Rio Grande do Sul para obrigar \u00f3rg\u00e3os federais e a Rumo Malha Sul a avan\u00e7arem na regulariza\u00e7\u00e3o das faixas de dom\u00ednio e na avalia\u00e7\u00e3o de riscos ao longo da Malha Sul ferrovi\u00e1ria. A a\u00e7\u00e3o envolve trechos no [&hellip;]<\/p>\n","protected":false},"author":1,"featured_media":5625,"comment_status":"closed","ping_status":"closed","sticky":false,"template":"","format":"standard","meta":{"_monsterinsights_skip_tracking":false,"_monsterinsights_sitenote_active":false,"_monsterinsights_sitenote_note":"","_monsterinsights_sitenote_category":0,"footnotes":""},"categories":[13576],"tags":[19,21673,22,328,120,4521],"class_list":["post-46825","post","type-post","status-publish","format-standard","has-post-thumbnail","hentry","category-giro-infra","tag-antt","tag-avaliacao-de-riscos","tag-concessao","tag-dnit","tag-ferrovias","tag-malha-sul"],"yoast_head":"<!-- This site is optimized with the Yoast SEO Premium plugin v25.4 (Yoast SEO v28.2) - https:\/\/yoast.com\/product\/yoast-seo-premium-wordpress\/ -->\n<title>MPF aciona Justi\u00e7a para regularizar faixa de dom\u00ednio da Malha Sul - Ag\u00eancia iNFRA<\/title>\n<meta name=\"robots\" content=\"index, follow, max-snippet:-1, max-image-preview:large, max-video-preview:-1\" \/>\n<link rel=\"canonical\" href=\"https:\/\/agenciainfra.com\/blog\/mpf-aciona-justica-para-regularizar-faixa-de-dominio-da-malha-sul\/\" \/>\n<meta property=\"og:locale\" content=\"pt_BR\" \/>\n<meta property=\"og:type\" content=\"article\" \/>\n<meta property=\"og:title\" content=\"MPF aciona Justi\u00e7a para regularizar faixa de dom\u00ednio da Malha Sul\" \/>\n<meta property=\"og:description\" content=\"da Ag\u00eancia iNFRA O MPF (Minist\u00e9rio P\u00fablico Federal) entrou com uma a\u00e7\u00e3o civil p\u00fablica na Justi\u00e7a Federal do Rio Grande do Sul para obrigar \u00f3rg\u00e3os federais e a Rumo Malha Sul a avan\u00e7arem na regulariza\u00e7\u00e3o das faixas de dom\u00ednio e na avalia\u00e7\u00e3o de riscos ao longo da Malha Sul ferrovi\u00e1ria. A a\u00e7\u00e3o envolve trechos no [&hellip;]\" \/>\n<meta property=\"og:url\" content=\"https:\/\/agenciainfra.com\/blog\/mpf-aciona-justica-para-regularizar-faixa-de-dominio-da-malha-sul\/\" \/>\n<meta property=\"og:site_name\" content=\"Ag\u00eancia iNFRA\" \/>\n<meta property=\"article:publisher\" content=\"https:\/\/www.facebook.com\/ageninfra\" \/>\n<meta property=\"article:published_time\" content=\"2026-09-02T18:32:28+00:00\" \/>\n<meta property=\"article:modified_time\" content=\"2026-09-02T18:32:32+00:00\" \/>\n<meta property=\"og:image\" content=\"https:\/\/agenciainfra.com\/blog\/wp-content\/uploads\/2020\/08\/linha-ferroviaria-foto-dominio-publico.jpg\" \/>\n\t<meta property=\"og:image:width\" content=\"1280\" \/>\n\t<meta property=\"og:image:height\" content=\"852\" \/>\n\t<meta property=\"og:image:type\" content=\"image\/jpeg\" \/>\n<meta name=\"author\" content=\"Ag\u00eancia iNFRA\" \/>\n<meta name=\"twitter:card\" content=\"summary_large_image\" \/>\n<meta name=\"twitter:creator\" content=\"@agencia_infra\" \/>\n<meta name=\"twitter:site\" content=\"@agencia_infra\" \/>\n<meta name=\"twitter:label1\" content=\"Escrito por\" \/>\n\t<meta name=\"twitter:data1\" content=\"Ag\u00eancia iNFRA\" \/>\n\t<meta name=\"twitter:label2\" content=\"Est. tempo de leitura\" \/>\n\t<meta name=\"twitter:data2\" content=\"2 minutos\" \/>\n<script type=\"application\/ld+json\" class=\"yoast-schema-graph\">{\"@context\":\"https:\\\/\\\/schema.org\",\"@graph\":[{\"@type\":\"Article\",\"@id\":\"https:\\\/\\\/agenciainfra.com\\\/blog\\\/mpf-aciona-justica-para-regularizar-faixa-de-dominio-da-malha-sul\\\/#article\",\"isPartOf\":{\"@id\":\"https:\\\/\\\/agenciainfra.com\\\/blog\\\/mpf-aciona-justica-para-regularizar-faixa-de-dominio-da-malha-sul\\\/\"},\"author\":{\"name\":\"Ag\u00eancia iNFRA\",\"@id\":\"https:\\\/\\\/agenciainfra.com\\\/blog\\\/#\\\/schema\\\/person\\\/34af08dff6adea4cb22b06612ba7acfa\"},\"headline\":\"MPF aciona Justi\u00e7a para regularizar faixa de dom\u00ednio da Malha Sul\",\"datePublished\":\"2026-09-02T18:32:28+00:00\",\"dateModified\":\"2026-09-02T18:32:32+00:00\",\"mainEntityOfPage\":{\"@id\":\"https:\\\/\\\/agenciainfra.com\\\/blog\\\/mpf-aciona-justica-para-regularizar-faixa-de-dominio-da-malha-sul\\\/\"},\"wordCount\":339,\"publisher\":{\"@id\":\"https:\\\/\\\/agenciainfra.com\\\/blog\\\/#organization\"},\"image\":{\"@id\":\"https:\\\/\\\/agenciainfra.com\\\/blog\\\/mpf-aciona-justica-para-regularizar-faixa-de-dominio-da-malha-sul\\\/#primaryimage\"},\"thumbnailUrl\":\"https:\\\/\\\/agenciainfra.com\\\/blog\\\/wp-content\\\/uploads\\\/2020\\\/08\\\/linha-ferroviaria-foto-dominio-publico.jpg\",\"keywords\":[\"ANTT\",\"avalia\u00e7\u00e3o de riscos\",\"Concess\u00e3o\",\"DNIT\",\"Ferrovias\",\"Malha Sul\"],\"articleSection\":[\"Giro iNFRA\"],\"inLanguage\":\"pt-BR\",\"copyrightYear\":\"2026\",\"copyrightHolder\":{\"@id\":\"https:\\\/\\\/agenciainfra.com\\\/blog\\\/#organization\"}},{\"@type\":\"WebPage\",\"@id\":\"https:\\\/\\\/agenciainfra.com\\\/blog\\\/mpf-aciona-justica-para-regularizar-faixa-de-dominio-da-malha-sul\\\/\",\"url\":\"https:\\\/\\\/agenciainfra.com\\\/blog\\\/mpf-aciona-justica-para-regularizar-faixa-de-dominio-da-malha-sul\\\/\",\"name\":\"MPF aciona Justi\u00e7a para regularizar faixa de dom\u00ednio da Malha Sul - Ag\u00eancia iNFRA\",\"isPartOf\":{\"@id\":\"https:\\\/\\\/agenciainfra.com\\\/blog\\\/#website\"},\"primaryImageOfPage\":{\"@id\":\"https:\\\/\\\/agenciainfra.com\\\/blog\\\/mpf-aciona-justica-para-regularizar-faixa-de-dominio-da-malha-sul\\\/#primaryimage\"},\"image\":{\"@id\":\"https:\\\/\\\/agenciainfra.com\\\/blog\\\/mpf-aciona-justica-para-regularizar-faixa-de-dominio-da-malha-sul\\\/#primaryimage\"},\"thumbnailUrl\":\"https:\\\/\\\/agenciainfra.com\\\/blog\\\/wp-content\\\/uploads\\\/2020\\\/08\\\/linha-ferroviaria-foto-dominio-publico.jpg\",\"datePublished\":\"2026-09-02T18:32:28+00:00\",\"dateModified\":\"2026-09-02T18:32:32+00:00\",\"breadcrumb\":{\"@id\":\"https:\\\/\\\/agenciainfra.com\\\/blog\\\/mpf-aciona-justica-para-regularizar-faixa-de-dominio-da-malha-sul\\\/#breadcrumb\"},\"inLanguage\":\"pt-BR\",\"potentialAction\":[{\"@type\":\"ReadAction\",\"target\":[\"https:\\\/\\\/agenciainfra.com\\\/blog\\\/mpf-aciona-justica-para-regularizar-faixa-de-dominio-da-malha-sul\\\/\"]}]},{\"@type\":\"ImageObject\",\"inLanguage\":\"pt-BR\",\"@id\":\"https:\\\/\\\/agenciainfra.com\\\/blog\\\/mpf-aciona-justica-para-regularizar-faixa-de-dominio-da-malha-sul\\\/#primaryimage\",\"url\":\"https:\\\/\\\/agenciainfra.com\\\/blog\\\/wp-content\\\/uploads\\\/2020\\\/08\\\/linha-ferroviaria-foto-dominio-publico.jpg\",\"contentUrl\":\"https:\\\/\\\/agenciainfra.com\\\/blog\\\/wp-content\\\/uploads\\\/2020\\\/08\\\/linha-ferroviaria-foto-dominio-publico.jpg\",\"width\":1280,\"height\":852,\"caption\":\"Foto: Dom\u00ednio P\u00fablico\"},{\"@type\":\"BreadcrumbList\",\"@id\":\"https:\\\/\\\/agenciainfra.com\\\/blog\\\/mpf-aciona-justica-para-regularizar-faixa-de-dominio-da-malha-sul\\\/#breadcrumb\",\"itemListElement\":[{\"@type\":\"ListItem\",\"position\":1,\"name\":\"In\u00edcio\",\"item\":\"https:\\\/\\\/agenciainfra.com\\\/blog\\\/\"},{\"@type\":\"ListItem\",\"position\":2,\"name\":\"MPF aciona Justi\u00e7a para regularizar faixa de dom\u00ednio da Malha Sul\"}]},{\"@type\":\"WebSite\",\"@id\":\"https:\\\/\\\/agenciainfra.com\\\/blog\\\/#website\",\"url\":\"https:\\\/\\\/agenciainfra.com\\\/blog\\\/\",\"name\":\"Ag\u00eancia iNFRA\",\"description\":\"Multiplataforma de informa\u00e7\u00e3o jornal\u00edstica refer\u00eancia na \u00e1rea de infraestrutura no Brasil!\",\"publisher\":{\"@id\":\"https:\\\/\\\/agenciainfra.com\\\/blog\\\/#organization\"},\"potentialAction\":[{\"@type\":\"SearchAction\",\"target\":{\"@type\":\"EntryPoint\",\"urlTemplate\":\"https:\\\/\\\/agenciainfra.com\\\/blog\\\/?s={search_term_string}\"},\"query-input\":{\"@type\":\"PropertyValueSpecification\",\"valueRequired\":true,\"valueName\":\"search_term_string\"}}],\"inLanguage\":\"pt-BR\"},{\"@type\":\"Organization\",\"@id\":\"https:\\\/\\\/agenciainfra.com\\\/blog\\\/#organization\",\"name\":\"Ag\u00eancia iNFRA\",\"url\":\"https:\\\/\\\/agenciainfra.com\\\/blog\\\/\",\"logo\":{\"@type\":\"ImageObject\",\"inLanguage\":\"pt-BR\",\"@id\":\"https:\\\/\\\/agenciainfra.com\\\/blog\\\/#\\\/schema\\\/logo\\\/image\\\/\",\"url\":\"https:\\\/\\\/agenciainfra.com\\\/blog\\\/wp-content\\\/uploads\\\/2023\\\/09\\\/iNFRA_5-e1761735885940.png\",\"contentUrl\":\"https:\\\/\\\/agenciainfra.com\\\/blog\\\/wp-content\\\/uploads\\\/2023\\\/09\\\/iNFRA_5-e1761735885940.png\",\"width\":1672,\"height\":454,\"caption\":\"Ag\u00eancia iNFRA\"},\"image\":{\"@id\":\"https:\\\/\\\/agenciainfra.com\\\/blog\\\/#\\\/schema\\\/logo\\\/image\\\/\"},\"sameAs\":[\"https:\\\/\\\/www.facebook.com\\\/ageninfra\",\"https:\\\/\\\/x.com\\\/agencia_infra\",\"https:\\\/\\\/www.linkedin.com\\\/company\\\/ag\u00eanciainfra\\\/\",\"https:\\\/\\\/www.instagram.com\\\/agenciainfra\\\/\"]},{\"@type\":\"Person\",\"@id\":\"https:\\\/\\\/agenciainfra.com\\\/blog\\\/#\\\/schema\\\/person\\\/34af08dff6adea4cb22b06612ba7acfa\",\"name\":\"Ag\u00eancia iNFRA\",\"image\":{\"@type\":\"ImageObject\",\"inLanguage\":\"pt-BR\",\"@id\":\"https:\\\/\\\/secure.gravatar.com\\\/avatar\\\/d189e01678f06d8eb84d4e01f08eb848b3fffe3f8443818d3c356c66892f5be8?s=96&d=mm&r=g\",\"url\":\"https:\\\/\\\/secure.gravatar.com\\\/avatar\\\/d189e01678f06d8eb84d4e01f08eb848b3fffe3f8443818d3c356c66892f5be8?s=96&d=mm&r=g\",\"contentUrl\":\"https:\\\/\\\/secure.gravatar.com\\\/avatar\\\/d189e01678f06d8eb84d4e01f08eb848b3fffe3f8443818d3c356c66892f5be8?s=96&d=mm&r=g\",\"caption\":\"Ag\u00eancia iNFRA\"},\"url\":\"https:\\\/\\\/agenciainfra.com\\\/blog\\\/author\\\/admin\\\/\"}]}<\/script>\n<!-- \/ Yoast SEO Premium plugin. -->","yoast_head_json":{"title":"MPF aciona Justi\u00e7a para regularizar faixa de dom\u00ednio da Malha Sul - Ag\u00eancia iNFRA","robots":{"index":"index","follow":"follow","max-snippet":"max-snippet:-1","max-image-preview":"max-image-preview:large","max-video-preview":"max-video-preview:-1"},"canonical":"https:\/\/agenciainfra.com\/blog\/mpf-aciona-justica-para-regularizar-faixa-de-dominio-da-malha-sul\/","og_locale":"pt_BR","og_type":"article","og_title":"MPF aciona Justi\u00e7a para regularizar faixa de dom\u00ednio da Malha Sul","og_description":"da Ag\u00eancia iNFRA O MPF (Minist\u00e9rio P\u00fablico Federal) entrou com uma a\u00e7\u00e3o civil p\u00fablica na Justi\u00e7a Federal do Rio Grande do Sul para obrigar \u00f3rg\u00e3os federais e a Rumo Malha Sul a avan\u00e7arem na regulariza\u00e7\u00e3o das faixas de dom\u00ednio e na avalia\u00e7\u00e3o de riscos ao longo da Malha Sul ferrovi\u00e1ria. A a\u00e7\u00e3o envolve trechos no [&hellip;]","og_url":"https:\/\/agenciainfra.com\/blog\/mpf-aciona-justica-para-regularizar-faixa-de-dominio-da-malha-sul\/","og_site_name":"Ag\u00eancia iNFRA","article_publisher":"https:\/\/www.facebook.com\/ageninfra","article_published_time":"2026-09-02T18:32:28+00:00","article_modified_time":"2026-09-02T18:32:32+00:00","og_image":[{"width":1280,"height":852,"url":"https:\/\/agenciainfra.com\/blog\/wp-content\/uploads\/2020\/08\/linha-ferroviaria-foto-dominio-publico.jpg","type":"image\/jpeg"}],"author":"Ag\u00eancia iNFRA","twitter_card":"summary_large_image","twitter_creator":"@agencia_infra","twitter_site":"@agencia_infra","twitter_misc":{"Escrito por":"Ag\u00eancia iNFRA","Est. tempo de leitura":"2 minutos"},"schema":{"@context":"https:\/\/schema.org","@graph":[{"@type":"Article","@id":"https:\/\/agenciainfra.com\/blog\/mpf-aciona-justica-para-regularizar-faixa-de-dominio-da-malha-sul\/#article","isPartOf":{"@id":"https:\/\/agenciainfra.com\/blog\/mpf-aciona-justica-para-regularizar-faixa-de-dominio-da-malha-sul\/"},"author":{"name":"Ag\u00eancia iNFRA","@id":"https:\/\/agenciainfra.com\/blog\/#\/schema\/person\/34af08dff6adea4cb22b06612ba7acfa"},"headline":"MPF aciona Justi\u00e7a para regularizar faixa de dom\u00ednio da Malha Sul","datePublished":"2026-09-02T18:32:28+00:00","dateModified":"2026-09-02T18:32:32+00:00","mainEntityOfPage":{"@id":"https:\/\/agenciainfra.com\/blog\/mpf-aciona-justica-para-regularizar-faixa-de-dominio-da-malha-sul\/"},"wordCount":339,"publisher":{"@id":"https:\/\/agenciainfra.com\/blog\/#organization"},"image":{"@id":"https:\/\/agenciainfra.com\/blog\/mpf-aciona-justica-para-regularizar-faixa-de-dominio-da-malha-sul\/#primaryimage"},"thumbnailUrl":"https:\/\/agenciainfra.com\/blog\/wp-content\/uploads\/2020\/08\/linha-ferroviaria-foto-dominio-publico.jpg","keywords":["ANTT","avalia\u00e7\u00e3o de riscos","Concess\u00e3o","DNIT","Ferrovias","Malha Sul"],"articleSection":["Giro iNFRA"],"inLanguage":"pt-BR","copyrightYear":"2026","copyrightHolder":{"@id":"https:\/\/agenciainfra.com\/blog\/#organization"}},{"@type":"WebPage","@id":"https:\/\/agenciainfra.com\/blog\/mpf-aciona-justica-para-regularizar-faixa-de-dominio-da-malha-sul\/","url":"https:\/\/agenciainfra.com\/blog\/mpf-aciona-justica-para-regularizar-faixa-de-dominio-da-malha-sul\/","name":"MPF aciona Justi\u00e7a para regularizar faixa de dom\u00ednio da Malha Sul - Ag\u00eancia iNFRA","isPartOf":{"@id":"https:\/\/agenciainfra.com\/blog\/#website"},"primaryImageOfPage":{"@id":"https:\/\/agenciainfra.com\/blog\/mpf-aciona-justica-para-regularizar-faixa-de-dominio-da-malha-sul\/#primaryimage"},"image":{"@id":"https:\/\/agenciainfra.com\/blog\/mpf-aciona-justica-para-regularizar-faixa-de-dominio-da-malha-sul\/#primaryimage"},"thumbnailUrl":"https:\/\/agenciainfra.com\/blog\/wp-content\/uploads\/2020\/08\/linha-ferroviaria-foto-dominio-publico.jpg","datePublished":"2026-09-02T18:32:28+00:00","dateModified":"2026-09-02T18:32:32+00:00","breadcrumb":{"@id":"https:\/\/agenciainfra.com\/blog\/mpf-aciona-justica-para-regularizar-faixa-de-dominio-da-malha-sul\/#breadcrumb"},"inLanguage":"pt-BR","potentialAction":[{"@type":"ReadAction","target":["https:\/\/agenciainfra.com\/blog\/mpf-aciona-justica-para-regularizar-faixa-de-dominio-da-malha-sul\/"]}]},{"@type":"ImageObject","inLanguage":"pt-BR","@id":"https:\/\/agenciainfra.com\/blog\/mpf-aciona-justica-para-regularizar-faixa-de-dominio-da-malha-sul\/#primaryimage","url":"https:\/\/agenciainfra.com\/blog\/wp-content\/uploads\/2020\/08\/linha-ferroviaria-foto-dominio-publico.jpg","contentUrl":"https:\/\/agenciainfra.com\/blog\/wp-content\/uploads\/2020\/08\/linha-ferroviaria-foto-dominio-publico.jpg","width":1280,"height":852,"caption":"Foto: Dom\u00ednio P\u00fablico"},{"@type":"BreadcrumbList","@id":"https:\/\/agenciainfra.com\/blog\/mpf-aciona-justica-para-regularizar-faixa-de-dominio-da-malha-sul\/#breadcrumb","itemListElement":[{"@type":"ListItem","position":1,"name":"In\u00edcio","item":"https:\/\/agenciainfra.com\/blog\/"},{"@type":"ListItem","position":2,"name":"MPF aciona Justi\u00e7a para regularizar faixa de dom\u00ednio da Malha Sul"}]},{"@type":"WebSite","@id":"https:\/\/agenciainfra.com\/blog\/#website","url":"https:\/\/agenciainfra.com\/blog\/","name":"Ag\u00eancia iNFRA","description":"Multiplataforma de informa\u00e7\u00e3o jornal\u00edstica refer\u00eancia na \u00e1rea de infraestrutura no Brasil!","publisher":{"@id":"https:\/\/agenciainfra.com\/blog\/#organization"},"potentialAction":[{"@type":"SearchAction","target":{"@type":"EntryPoint","urlTemplate":"https:\/\/agenciainfra.com\/blog\/?s={search_term_string}"},"query-input":{"@type":"PropertyValueSpecification","valueRequired":true,"valueName":"search_term_string"}}],"inLanguage":"pt-BR"},{"@type":"Organization","@id":"https:\/\/agenciainfra.com\/blog\/#organization","name":"Ag\u00eancia iNFRA","url":"https:\/\/agenciainfra.com\/blog\/","logo":{"@type":"ImageObject","inLanguage":"pt-BR","@id":"https:\/\/agenciainfra.com\/blog\/#\/schema\/logo\/image\/","url":"https:\/\/agenciainfra.com\/blog\/wp-content\/uploads\/2023\/09\/iNFRA_5-e1761735885940.png","contentUrl":"https:\/\/agenciainfra.com\/blog\/wp-content\/uploads\/2023\/09\/iNFRA_5-e1761735885940.png","width":1672,"height":454,"caption":"Ag\u00eancia iNFRA"},"image":{"@id":"https:\/\/agenciainfra.com\/blog\/#\/schema\/logo\/image\/"},"sameAs":["https:\/\/www.facebook.com\/ageninfra","https:\/\/x.com\/agencia_infra","https:\/\/www.linkedin.com\/company\/ag\u00eanciainfra\/","https:\/\/www.instagram.com\/agenciainfra\/"]},{"@type":"Person","@id":"https:\/\/agenciainfra.com\/blog\/#\/schema\/person\/34af08dff6adea4cb22b06612ba7acfa","name":"Ag\u00eancia iNFRA","image":{"@type":"ImageObject","inLanguage":"pt-BR","@id":"https:\/\/secure.gravatar.com\/avatar\/d189e01678f06d8eb84d4e01f08eb848b3fffe3f8443818d3c356c66892f5be8?s=96&d=mm&r=g","url":"https:\/\/secure.gravatar.com\/avatar\/d189e01678f06d8eb84d4e01f08eb848b3fffe3f8443818d3c356c66892f5be8?s=96&d=mm&r=g","contentUrl":"https:\/\/secure.gravatar.com\/avatar\/d189e01678f06d8eb84d4e01f08eb848b3fffe3f8443818d3c356c66892f5be8?s=96&d=mm&r=g","caption":"Ag\u00eancia iNFRA"},"url":"https:\/\/agenciainfra.com\/blog\/author\/admin\/"}]}},"_links":{"self":[{"href":"https:\/\/agenciainfra.com\/blog\/wp-json\/wp\/v2\/posts\/46825","targetHints":{"allow":["GET"]}}],"collection":[{"href":"https:\/\/agenciainfra.com\/blog\/wp-json\/wp\/v2\/posts"}],"about":[{"href":"https:\/\/agenciainfra.com\/blog\/wp-json\/wp\/v2\/types\/post"}],"author":[{"embeddable":true,"href":"https:\/\/agenciainfra.com\/blog\/wp-json\/wp\/v2\/users\/1"}],"replies":[{"embeddable":true,"href":"https:\/\/agenciainfra.com\/blog\/wp-json\/wp\/v2\/comments?post=46825"}],"version-history":[{"count":1,"href":"https:\/\/agenciainfra.com\/blog\/wp-json\/wp\/v2\/posts\/46825\/revisions"}],"predecessor-version":[{"id":46826,"href":"https:\/\/agenciainfra.com\/blog\/wp-json\/wp\/v2\/posts\/46825\/revisions\/46826"}],"wp:featuredmedia":[{"embeddable":true,"href":"https:\/\/agenciainfra.com\/blog\/wp-json\/wp\/v2\/media\/5625"}],"wp:attachment":[{"href":"https:\/\/agenciainfra.com\/blog\/wp-json\/wp\/v2\/media?parent=46825"}],"wp:term":[{"taxonomy":"category","embeddable":true,"href":"https:\/\/agenciainfra.com\/blog\/wp-json\/wp\/v2\/categories?post=46825"},{"taxonomy":"post_tag","embeddable":true,"href":"https:\/\/agenciainfra.com\/blog\/wp-json\/wp\/v2\/tags?post=46825"}],"curies":[{"name":"wp","href":"https:\/\/api.w.org\/{rel}","templated":true}]}}