{"id":46838,"date":"2026-09-02T16:32:16","date_gmt":"2026-09-02T19:32:16","guid":{"rendered":"https:\/\/agenciainfra.com\/blog\/?p=46838"},"modified":"2026-09-02T16:32:18","modified_gmt":"2026-09-02T19:32:18","slug":"silveira-defende-gas-release-petrobras-nao-e-o-pais-e-um-agente-do-pais","status":"publish","type":"post","link":"https:\/\/agenciainfra.com\/blog\/silveira-defende-gas-release-petrobras-nao-e-o-pais-e-um-agente-do-pais\/","title":{"rendered":"Silveira defende Gas Release: &#8216;Petrobras n\u00e3o \u00e9 o pa\u00eds, \u00e9 um agente do pa\u00eds&#8217;"},"content":{"rendered":"\n<p class=\"has-text-align-right\"><strong>Lais Carregosa e Geraldo Campos Jr., da Ag\u00eancia iNFRA<\/strong><\/p>\n\n\n\n<p>O ministro de Minas e Energia, Alexandre Silveira, defendeu nesta quarta-feira (2) que a ANP (Ag\u00eancia Nacional do Petr\u00f3leo, G\u00e1s Natural e Biocombust\u00edveis) leve adiante o programa de desconcentra\u00e7\u00e3o do mercado de g\u00e1s natural, o chamado Gas Release.<\/p>\n\n\n\n<p>O ministro frisou, em audi\u00eancia p\u00fablica na C\u00e2mara dos Deputados, que a Petrobras \u00e9 apenas um agente do pa\u00eds. Principal alvo do programa por ser dominante no mercado, a estatal tem resistido \u00e0 inciativa nos bastidores.<\/p>\n\n\n\n<p>\u201cCom o maior respeito a sua governan\u00e7a e import\u00e2ncia para o pa\u00eds, mas ela [Petrobras] n\u00e3o \u00e9 o pa\u00eds. Ela \u00e9 mais um agente do pa\u00eds. N\u00f3s temos que fortalecer a Petrobras, mas n\u00f3s temos que fazer pol\u00edtica p\u00fablica que interesse ao pa\u00eds. N\u00e3o podemos deixar que, com o monop\u00f3lio do gasoduto de escoamento e da esta\u00e7\u00e3o de tratamento, ela venda a US$ 14 [o milh\u00e3o de BTU de g\u00e1s]. Precisamos abrir o custo, ter transpar\u00eancia\u201d, disse.<\/p>\n\n\n\n<p>Ele citou, pelo menos tr\u00eas vezes, os esfor\u00e7os do diretor da ANP Pietro Mendes, relator da mat\u00e9ria na autarquia.<\/p>\n","protected":false},"excerpt":{"rendered":"<p>Lais Carregosa e Geraldo Campos Jr., da Ag\u00eancia iNFRA O ministro de Minas e Energia, Alexandre Silveira, defendeu nesta quarta-feira (2) que a ANP (Ag\u00eancia Nacional do Petr\u00f3leo, G\u00e1s Natural e Biocombust\u00edveis) leve adiante o programa de desconcentra\u00e7\u00e3o do mercado de g\u00e1s natural, o chamado Gas Release. O ministro frisou, em audi\u00eancia p\u00fablica na C\u00e2mara [&hellip;]<\/p>\n","protected":false},"author":1,"featured_media":46839,"comment_status":"closed","ping_status":"closed","sticky":false,"template":"","format":"standard","meta":{"_monsterinsights_skip_tracking":false,"_monsterinsights_sitenote_active":false,"_monsterinsights_sitenote_note":"","_monsterinsights_sitenote_category":0,"footnotes":""},"categories":[7250],"tags":[6040,1101,882,6487,11594,13132,1091,96,143,6335],"class_list":["post-46838","post","type-post","status-publish","format-standard","has-post-thumbnail","hentry","category-destaque-lista","tag-alexandre-silveira","tag-anp","tag-gas-natural","tag-gas-release","tag-geraldo-campos-jr","tag-lais-carregosa","tag-mercado-de-gas","tag-ministerio-de-minas-e-energia","tag-petrobras","tag-pietro-mendes"],"yoast_head":"<!-- This site is optimized with the Yoast SEO Premium plugin v25.4 (Yoast SEO v28.2) - https:\/\/yoast.com\/product\/yoast-seo-premium-wordpress\/ -->\n<title>Silveira defende Gas Release: &#039;Petrobras n\u00e3o \u00e9 o pa\u00eds, \u00e9 um agente do pa\u00eds&#039; - Ag\u00eancia iNFRA<\/title>\n<meta name=\"robots\" content=\"index, follow, max-snippet:-1, max-image-preview:large, max-video-preview:-1\" \/>\n<link rel=\"canonical\" href=\"https:\/\/agenciainfra.com\/blog\/silveira-defende-gas-release-petrobras-nao-e-o-pais-e-um-agente-do-pais\/\" \/>\n<meta property=\"og:locale\" content=\"pt_BR\" \/>\n<meta property=\"og:type\" content=\"article\" \/>\n<meta property=\"og:title\" content=\"Silveira defende Gas Release: &#039;Petrobras n\u00e3o \u00e9 o pa\u00eds, \u00e9 um agente do pa\u00eds&#039;\" \/>\n<meta property=\"og:description\" content=\"Lais Carregosa e Geraldo Campos Jr., da Ag\u00eancia iNFRA O ministro de Minas e Energia, Alexandre Silveira, defendeu nesta quarta-feira (2) que a ANP (Ag\u00eancia Nacional do Petr\u00f3leo, G\u00e1s Natural e Biocombust\u00edveis) leve adiante o programa de desconcentra\u00e7\u00e3o do mercado de g\u00e1s natural, o chamado Gas Release. O ministro frisou, em audi\u00eancia p\u00fablica na C\u00e2mara [&hellip;]\" \/>\n<meta property=\"og:url\" content=\"https:\/\/agenciainfra.com\/blog\/silveira-defende-gas-release-petrobras-nao-e-o-pais-e-um-agente-do-pais\/\" \/>\n<meta property=\"og:site_name\" content=\"Ag\u00eancia iNFRA\" \/>\n<meta property=\"article:publisher\" content=\"https:\/\/www.facebook.com\/ageninfra\" \/>\n<meta property=\"article:published_time\" content=\"2026-09-02T19:32:16+00:00\" \/>\n<meta property=\"article:modified_time\" content=\"2026-09-02T19:32:18+00:00\" \/>\n<meta property=\"og:image\" content=\"https:\/\/agenciainfra.com\/blog\/wp-content\/uploads\/2026\/09\/seminario-camara-alexandre-silveira-foto-renato-araujo-camara-dos-deputados.jpeg\" \/>\n\t<meta property=\"og:image:width\" content=\"1280\" \/>\n\t<meta property=\"og:image:height\" content=\"789\" \/>\n\t<meta property=\"og:image:type\" content=\"image\/jpeg\" \/>\n<meta name=\"author\" content=\"Ag\u00eancia iNFRA\" \/>\n<meta name=\"twitter:card\" content=\"summary_large_image\" \/>\n<meta name=\"twitter:creator\" content=\"@agencia_infra\" \/>\n<meta name=\"twitter:site\" content=\"@agencia_infra\" \/>\n<meta name=\"twitter:label1\" content=\"Escrito por\" \/>\n\t<meta name=\"twitter:data1\" content=\"Ag\u00eancia iNFRA\" \/>\n\t<meta name=\"twitter:label2\" content=\"Est. tempo de leitura\" \/>\n\t<meta name=\"twitter:data2\" content=\"1 minuto\" \/>\n<script type=\"application\/ld+json\" class=\"yoast-schema-graph\">{\"@context\":\"https:\\\/\\\/schema.org\",\"@graph\":[{\"@type\":\"Article\",\"@id\":\"https:\\\/\\\/agenciainfra.com\\\/blog\\\/silveira-defende-gas-release-petrobras-nao-e-o-pais-e-um-agente-do-pais\\\/#article\",\"isPartOf\":{\"@id\":\"https:\\\/\\\/agenciainfra.com\\\/blog\\\/silveira-defende-gas-release-petrobras-nao-e-o-pais-e-um-agente-do-pais\\\/\"},\"author\":{\"name\":\"Ag\u00eancia iNFRA\",\"@id\":\"https:\\\/\\\/agenciainfra.com\\\/blog\\\/#\\\/schema\\\/person\\\/34af08dff6adea4cb22b06612ba7acfa\"},\"headline\":\"Silveira defende Gas Release: &#8216;Petrobras n\u00e3o \u00e9 o pa\u00eds, \u00e9 um agente do pa\u00eds&#8217;\",\"datePublished\":\"2026-09-02T19:32:16+00:00\",\"dateModified\":\"2026-09-02T19:32:18+00:00\",\"mainEntityOfPage\":{\"@id\":\"https:\\\/\\\/agenciainfra.com\\\/blog\\\/silveira-defende-gas-release-petrobras-nao-e-o-pais-e-um-agente-do-pais\\\/\"},\"wordCount\":219,\"publisher\":{\"@id\":\"https:\\\/\\\/agenciainfra.com\\\/blog\\\/#organization\"},\"image\":{\"@id\":\"https:\\\/\\\/agenciainfra.com\\\/blog\\\/silveira-defende-gas-release-petrobras-nao-e-o-pais-e-um-agente-do-pais\\\/#primaryimage\"},\"thumbnailUrl\":\"https:\\\/\\\/agenciainfra.com\\\/blog\\\/wp-content\\\/uploads\\\/2026\\\/09\\\/seminario-camara-alexandre-silveira-foto-renato-araujo-camara-dos-deputados.jpeg\",\"keywords\":[\"Alexandre Silveira\",\"ANP\",\"g\u00e1s natural\",\"Gas Release\",\"Geraldo Campos Jr.\",\"Lais Carregosa\",\"mercado de g\u00e1s\",\"Minist\u00e9rio de Minas e Energia\",\"Petrobras\",\"Pietro Mendes\"],\"articleSection\":[\"Destaque lista\"],\"inLanguage\":\"pt-BR\",\"copyrightYear\":\"2026\",\"copyrightHolder\":{\"@id\":\"https:\\\/\\\/agenciainfra.com\\\/blog\\\/#organization\"}},{\"@type\":\"WebPage\",\"@id\":\"https:\\\/\\\/agenciainfra.com\\\/blog\\\/silveira-defende-gas-release-petrobras-nao-e-o-pais-e-um-agente-do-pais\\\/\",\"url\":\"https:\\\/\\\/agenciainfra.com\\\/blog\\\/silveira-defende-gas-release-petrobras-nao-e-o-pais-e-um-agente-do-pais\\\/\",\"name\":\"Silveira defende Gas Release: 'Petrobras n\u00e3o \u00e9 o pa\u00eds, \u00e9 um agente do pa\u00eds' - Ag\u00eancia iNFRA\",\"isPartOf\":{\"@id\":\"https:\\\/\\\/agenciainfra.com\\\/blog\\\/#website\"},\"primaryImageOfPage\":{\"@id\":\"https:\\\/\\\/agenciainfra.com\\\/blog\\\/silveira-defende-gas-release-petrobras-nao-e-o-pais-e-um-agente-do-pais\\\/#primaryimage\"},\"image\":{\"@id\":\"https:\\\/\\\/agenciainfra.com\\\/blog\\\/silveira-defende-gas-release-petrobras-nao-e-o-pais-e-um-agente-do-pais\\\/#primaryimage\"},\"thumbnailUrl\":\"https:\\\/\\\/agenciainfra.com\\\/blog\\\/wp-content\\\/uploads\\\/2026\\\/09\\\/seminario-camara-alexandre-silveira-foto-renato-araujo-camara-dos-deputados.jpeg\",\"datePublished\":\"2026-09-02T19:32:16+00:00\",\"dateModified\":\"2026-09-02T19:32:18+00:00\",\"breadcrumb\":{\"@id\":\"https:\\\/\\\/agenciainfra.com\\\/blog\\\/silveira-defende-gas-release-petrobras-nao-e-o-pais-e-um-agente-do-pais\\\/#breadcrumb\"},\"inLanguage\":\"pt-BR\",\"potentialAction\":[{\"@type\":\"ReadAction\",\"target\":[\"https:\\\/\\\/agenciainfra.com\\\/blog\\\/silveira-defende-gas-release-petrobras-nao-e-o-pais-e-um-agente-do-pais\\\/\"]}]},{\"@type\":\"ImageObject\",\"inLanguage\":\"pt-BR\",\"@id\":\"https:\\\/\\\/agenciainfra.com\\\/blog\\\/silveira-defende-gas-release-petrobras-nao-e-o-pais-e-um-agente-do-pais\\\/#primaryimage\",\"url\":\"https:\\\/\\\/agenciainfra.com\\\/blog\\\/wp-content\\\/uploads\\\/2026\\\/09\\\/seminario-camara-alexandre-silveira-foto-renato-araujo-camara-dos-deputados.jpeg\",\"contentUrl\":\"https:\\\/\\\/agenciainfra.com\\\/blog\\\/wp-content\\\/uploads\\\/2026\\\/09\\\/seminario-camara-alexandre-silveira-foto-renato-araujo-camara-dos-deputados.jpeg\",\"width\":1280,\"height\":789,\"caption\":\"Foto: Renato Ara\u00fajo\\\/C\u00e2mara dos Deputados\"},{\"@type\":\"BreadcrumbList\",\"@id\":\"https:\\\/\\\/agenciainfra.com\\\/blog\\\/silveira-defende-gas-release-petrobras-nao-e-o-pais-e-um-agente-do-pais\\\/#breadcrumb\",\"itemListElement\":[{\"@type\":\"ListItem\",\"position\":1,\"name\":\"In\u00edcio\",\"item\":\"https:\\\/\\\/agenciainfra.com\\\/blog\\\/\"},{\"@type\":\"ListItem\",\"position\":2,\"name\":\"Silveira defende Gas Release: &#8216;Petrobras n\u00e3o \u00e9 o pa\u00eds, \u00e9 um agente do pa\u00eds&#8217;\"}]},{\"@type\":\"WebSite\",\"@id\":\"https:\\\/\\\/agenciainfra.com\\\/blog\\\/#website\",\"url\":\"https:\\\/\\\/agenciainfra.com\\\/blog\\\/\",\"name\":\"Ag\u00eancia iNFRA\",\"description\":\"Multiplataforma de informa\u00e7\u00e3o jornal\u00edstica refer\u00eancia na \u00e1rea de infraestrutura no Brasil!\",\"publisher\":{\"@id\":\"https:\\\/\\\/agenciainfra.com\\\/blog\\\/#organization\"},\"potentialAction\":[{\"@type\":\"SearchAction\",\"target\":{\"@type\":\"EntryPoint\",\"urlTemplate\":\"https:\\\/\\\/agenciainfra.com\\\/blog\\\/?s={search_term_string}\"},\"query-input\":{\"@type\":\"PropertyValueSpecification\",\"valueRequired\":true,\"valueName\":\"search_term_string\"}}],\"inLanguage\":\"pt-BR\"},{\"@type\":\"Organization\",\"@id\":\"https:\\\/\\\/agenciainfra.com\\\/blog\\\/#organization\",\"name\":\"Ag\u00eancia iNFRA\",\"url\":\"https:\\\/\\\/agenciainfra.com\\\/blog\\\/\",\"logo\":{\"@type\":\"ImageObject\",\"inLanguage\":\"pt-BR\",\"@id\":\"https:\\\/\\\/agenciainfra.com\\\/blog\\\/#\\\/schema\\\/logo\\\/image\\\/\",\"url\":\"https:\\\/\\\/agenciainfra.com\\\/blog\\\/wp-content\\\/uploads\\\/2023\\\/09\\\/iNFRA_5-e1761735885940.png\",\"contentUrl\":\"https:\\\/\\\/agenciainfra.com\\\/blog\\\/wp-content\\\/uploads\\\/2023\\\/09\\\/iNFRA_5-e1761735885940.png\",\"width\":1672,\"height\":454,\"caption\":\"Ag\u00eancia iNFRA\"},\"image\":{\"@id\":\"https:\\\/\\\/agenciainfra.com\\\/blog\\\/#\\\/schema\\\/logo\\\/image\\\/\"},\"sameAs\":[\"https:\\\/\\\/www.facebook.com\\\/ageninfra\",\"https:\\\/\\\/x.com\\\/agencia_infra\",\"https:\\\/\\\/www.linkedin.com\\\/company\\\/ag\u00eanciainfra\\\/\",\"https:\\\/\\\/www.instagram.com\\\/agenciainfra\\\/\"]},{\"@type\":\"Person\",\"@id\":\"https:\\\/\\\/agenciainfra.com\\\/blog\\\/#\\\/schema\\\/person\\\/34af08dff6adea4cb22b06612ba7acfa\",\"name\":\"Ag\u00eancia iNFRA\",\"image\":{\"@type\":\"ImageObject\",\"inLanguage\":\"pt-BR\",\"@id\":\"https:\\\/\\\/secure.gravatar.com\\\/avatar\\\/d189e01678f06d8eb84d4e01f08eb848b3fffe3f8443818d3c356c66892f5be8?s=96&d=mm&r=g\",\"url\":\"https:\\\/\\\/secure.gravatar.com\\\/avatar\\\/d189e01678f06d8eb84d4e01f08eb848b3fffe3f8443818d3c356c66892f5be8?s=96&d=mm&r=g\",\"contentUrl\":\"https:\\\/\\\/secure.gravatar.com\\\/avatar\\\/d189e01678f06d8eb84d4e01f08eb848b3fffe3f8443818d3c356c66892f5be8?s=96&d=mm&r=g\",\"caption\":\"Ag\u00eancia iNFRA\"},\"url\":\"https:\\\/\\\/agenciainfra.com\\\/blog\\\/author\\\/admin\\\/\"}]}<\/script>\n<!-- \/ Yoast SEO Premium plugin. -->","yoast_head_json":{"title":"Silveira defende Gas Release: 'Petrobras n\u00e3o \u00e9 o pa\u00eds, \u00e9 um agente do pa\u00eds' - Ag\u00eancia iNFRA","robots":{"index":"index","follow":"follow","max-snippet":"max-snippet:-1","max-image-preview":"max-image-preview:large","max-video-preview":"max-video-preview:-1"},"canonical":"https:\/\/agenciainfra.com\/blog\/silveira-defende-gas-release-petrobras-nao-e-o-pais-e-um-agente-do-pais\/","og_locale":"pt_BR","og_type":"article","og_title":"Silveira defende Gas Release: 'Petrobras n\u00e3o \u00e9 o pa\u00eds, \u00e9 um agente do pa\u00eds'","og_description":"Lais Carregosa e Geraldo Campos Jr., da Ag\u00eancia iNFRA O ministro de Minas e Energia, Alexandre Silveira, defendeu nesta quarta-feira (2) que a ANP (Ag\u00eancia Nacional do Petr\u00f3leo, G\u00e1s Natural e Biocombust\u00edveis) leve adiante o programa de desconcentra\u00e7\u00e3o do mercado de g\u00e1s natural, o chamado Gas Release. O ministro frisou, em audi\u00eancia p\u00fablica na C\u00e2mara [&hellip;]","og_url":"https:\/\/agenciainfra.com\/blog\/silveira-defende-gas-release-petrobras-nao-e-o-pais-e-um-agente-do-pais\/","og_site_name":"Ag\u00eancia iNFRA","article_publisher":"https:\/\/www.facebook.com\/ageninfra","article_published_time":"2026-09-02T19:32:16+00:00","article_modified_time":"2026-09-02T19:32:18+00:00","og_image":[{"width":1280,"height":789,"url":"https:\/\/agenciainfra.com\/blog\/wp-content\/uploads\/2026\/09\/seminario-camara-alexandre-silveira-foto-renato-araujo-camara-dos-deputados.jpeg","type":"image\/jpeg"}],"author":"Ag\u00eancia iNFRA","twitter_card":"summary_large_image","twitter_creator":"@agencia_infra","twitter_site":"@agencia_infra","twitter_misc":{"Escrito por":"Ag\u00eancia iNFRA","Est. tempo de leitura":"1 minuto"},"schema":{"@context":"https:\/\/schema.org","@graph":[{"@type":"Article","@id":"https:\/\/agenciainfra.com\/blog\/silveira-defende-gas-release-petrobras-nao-e-o-pais-e-um-agente-do-pais\/#article","isPartOf":{"@id":"https:\/\/agenciainfra.com\/blog\/silveira-defende-gas-release-petrobras-nao-e-o-pais-e-um-agente-do-pais\/"},"author":{"name":"Ag\u00eancia iNFRA","@id":"https:\/\/agenciainfra.com\/blog\/#\/schema\/person\/34af08dff6adea4cb22b06612ba7acfa"},"headline":"Silveira defende Gas Release: &#8216;Petrobras n\u00e3o \u00e9 o pa\u00eds, \u00e9 um agente do pa\u00eds&#8217;","datePublished":"2026-09-02T19:32:16+00:00","dateModified":"2026-09-02T19:32:18+00:00","mainEntityOfPage":{"@id":"https:\/\/agenciainfra.com\/blog\/silveira-defende-gas-release-petrobras-nao-e-o-pais-e-um-agente-do-pais\/"},"wordCount":219,"publisher":{"@id":"https:\/\/agenciainfra.com\/blog\/#organization"},"image":{"@id":"https:\/\/agenciainfra.com\/blog\/silveira-defende-gas-release-petrobras-nao-e-o-pais-e-um-agente-do-pais\/#primaryimage"},"thumbnailUrl":"https:\/\/agenciainfra.com\/blog\/wp-content\/uploads\/2026\/09\/seminario-camara-alexandre-silveira-foto-renato-araujo-camara-dos-deputados.jpeg","keywords":["Alexandre Silveira","ANP","g\u00e1s natural","Gas Release","Geraldo Campos Jr.","Lais Carregosa","mercado de g\u00e1s","Minist\u00e9rio de Minas e Energia","Petrobras","Pietro Mendes"],"articleSection":["Destaque lista"],"inLanguage":"pt-BR","copyrightYear":"2026","copyrightHolder":{"@id":"https:\/\/agenciainfra.com\/blog\/#organization"}},{"@type":"WebPage","@id":"https:\/\/agenciainfra.com\/blog\/silveira-defende-gas-release-petrobras-nao-e-o-pais-e-um-agente-do-pais\/","url":"https:\/\/agenciainfra.com\/blog\/silveira-defende-gas-release-petrobras-nao-e-o-pais-e-um-agente-do-pais\/","name":"Silveira defende Gas Release: 'Petrobras n\u00e3o \u00e9 o pa\u00eds, \u00e9 um agente do pa\u00eds' - Ag\u00eancia iNFRA","isPartOf":{"@id":"https:\/\/agenciainfra.com\/blog\/#website"},"primaryImageOfPage":{"@id":"https:\/\/agenciainfra.com\/blog\/silveira-defende-gas-release-petrobras-nao-e-o-pais-e-um-agente-do-pais\/#primaryimage"},"image":{"@id":"https:\/\/agenciainfra.com\/blog\/silveira-defende-gas-release-petrobras-nao-e-o-pais-e-um-agente-do-pais\/#primaryimage"},"thumbnailUrl":"https:\/\/agenciainfra.com\/blog\/wp-content\/uploads\/2026\/09\/seminario-camara-alexandre-silveira-foto-renato-araujo-camara-dos-deputados.jpeg","datePublished":"2026-09-02T19:32:16+00:00","dateModified":"2026-09-02T19:32:18+00:00","breadcrumb":{"@id":"https:\/\/agenciainfra.com\/blog\/silveira-defende-gas-release-petrobras-nao-e-o-pais-e-um-agente-do-pais\/#breadcrumb"},"inLanguage":"pt-BR","potentialAction":[{"@type":"ReadAction","target":["https:\/\/agenciainfra.com\/blog\/silveira-defende-gas-release-petrobras-nao-e-o-pais-e-um-agente-do-pais\/"]}]},{"@type":"ImageObject","inLanguage":"pt-BR","@id":"https:\/\/agenciainfra.com\/blog\/silveira-defende-gas-release-petrobras-nao-e-o-pais-e-um-agente-do-pais\/#primaryimage","url":"https:\/\/agenciainfra.com\/blog\/wp-content\/uploads\/2026\/09\/seminario-camara-alexandre-silveira-foto-renato-araujo-camara-dos-deputados.jpeg","contentUrl":"https:\/\/agenciainfra.com\/blog\/wp-content\/uploads\/2026\/09\/seminario-camara-alexandre-silveira-foto-renato-araujo-camara-dos-deputados.jpeg","width":1280,"height":789,"caption":"Foto: Renato Ara\u00fajo\/C\u00e2mara dos Deputados"},{"@type":"BreadcrumbList","@id":"https:\/\/agenciainfra.com\/blog\/silveira-defende-gas-release-petrobras-nao-e-o-pais-e-um-agente-do-pais\/#breadcrumb","itemListElement":[{"@type":"ListItem","position":1,"name":"In\u00edcio","item":"https:\/\/agenciainfra.com\/blog\/"},{"@type":"ListItem","position":2,"name":"Silveira defende Gas Release: &#8216;Petrobras n\u00e3o \u00e9 o pa\u00eds, \u00e9 um agente do pa\u00eds&#8217;"}]},{"@type":"WebSite","@id":"https:\/\/agenciainfra.com\/blog\/#website","url":"https:\/\/agenciainfra.com\/blog\/","name":"Ag\u00eancia iNFRA","description":"Multiplataforma de informa\u00e7\u00e3o jornal\u00edstica refer\u00eancia na \u00e1rea de infraestrutura no Brasil!","publisher":{"@id":"https:\/\/agenciainfra.com\/blog\/#organization"},"potentialAction":[{"@type":"SearchAction","target":{"@type":"EntryPoint","urlTemplate":"https:\/\/agenciainfra.com\/blog\/?s={search_term_string}"},"query-input":{"@type":"PropertyValueSpecification","valueRequired":true,"valueName":"search_term_string"}}],"inLanguage":"pt-BR"},{"@type":"Organization","@id":"https:\/\/agenciainfra.com\/blog\/#organization","name":"Ag\u00eancia iNFRA","url":"https:\/\/agenciainfra.com\/blog\/","logo":{"@type":"ImageObject","inLanguage":"pt-BR","@id":"https:\/\/agenciainfra.com\/blog\/#\/schema\/logo\/image\/","url":"https:\/\/agenciainfra.com\/blog\/wp-content\/uploads\/2023\/09\/iNFRA_5-e1761735885940.png","contentUrl":"https:\/\/agenciainfra.com\/blog\/wp-content\/uploads\/2023\/09\/iNFRA_5-e1761735885940.png","width":1672,"height":454,"caption":"Ag\u00eancia iNFRA"},"image":{"@id":"https:\/\/agenciainfra.com\/blog\/#\/schema\/logo\/image\/"},"sameAs":["https:\/\/www.facebook.com\/ageninfra","https:\/\/x.com\/agencia_infra","https:\/\/www.linkedin.com\/company\/ag\u00eanciainfra\/","https:\/\/www.instagram.com\/agenciainfra\/"]},{"@type":"Person","@id":"https:\/\/agenciainfra.com\/blog\/#\/schema\/person\/34af08dff6adea4cb22b06612ba7acfa","name":"Ag\u00eancia iNFRA","image":{"@type":"ImageObject","inLanguage":"pt-BR","@id":"https:\/\/secure.gravatar.com\/avatar\/d189e01678f06d8eb84d4e01f08eb848b3fffe3f8443818d3c356c66892f5be8?s=96&d=mm&r=g","url":"https:\/\/secure.gravatar.com\/avatar\/d189e01678f06d8eb84d4e01f08eb848b3fffe3f8443818d3c356c66892f5be8?s=96&d=mm&r=g","contentUrl":"https:\/\/secure.gravatar.com\/avatar\/d189e01678f06d8eb84d4e01f08eb848b3fffe3f8443818d3c356c66892f5be8?s=96&d=mm&r=g","caption":"Ag\u00eancia iNFRA"},"url":"https:\/\/agenciainfra.com\/blog\/author\/admin\/"}]}},"_links":{"self":[{"href":"https:\/\/agenciainfra.com\/blog\/wp-json\/wp\/v2\/posts\/46838","targetHints":{"allow":["GET"]}}],"collection":[{"href":"https:\/\/agenciainfra.com\/blog\/wp-json\/wp\/v2\/posts"}],"about":[{"href":"https:\/\/agenciainfra.com\/blog\/wp-json\/wp\/v2\/types\/post"}],"author":[{"embeddable":true,"href":"https:\/\/agenciainfra.com\/blog\/wp-json\/wp\/v2\/users\/1"}],"replies":[{"embeddable":true,"href":"https:\/\/agenciainfra.com\/blog\/wp-json\/wp\/v2\/comments?post=46838"}],"version-history":[{"count":1,"href":"https:\/\/agenciainfra.com\/blog\/wp-json\/wp\/v2\/posts\/46838\/revisions"}],"predecessor-version":[{"id":46840,"href":"https:\/\/agenciainfra.com\/blog\/wp-json\/wp\/v2\/posts\/46838\/revisions\/46840"}],"wp:featuredmedia":[{"embeddable":true,"href":"https:\/\/agenciainfra.com\/blog\/wp-json\/wp\/v2\/media\/46839"}],"wp:attachment":[{"href":"https:\/\/agenciainfra.com\/blog\/wp-json\/wp\/v2\/media?parent=46838"}],"wp:term":[{"taxonomy":"category","embeddable":true,"href":"https:\/\/agenciainfra.com\/blog\/wp-json\/wp\/v2\/categories?post=46838"},{"taxonomy":"post_tag","embeddable":true,"href":"https:\/\/agenciainfra.com\/blog\/wp-json\/wp\/v2\/tags?post=46838"}],"curies":[{"name":"wp","href":"https:\/\/api.w.org\/{rel}","templated":true}]}}