{"id":46843,"date":"2026-09-02T18:00:00","date_gmt":"2026-09-02T21:00:00","guid":{"rendered":"https:\/\/agenciainfra.com\/blog\/?p=46843"},"modified":"2026-09-02T19:39:41","modified_gmt":"2026-09-02T22:39:41","slug":"tcu-relator-vota-por-contas-vinculadas-em-concessoes-decisao-e-adiada","status":"publish","type":"post","link":"https:\/\/agenciainfra.com\/blog\/tcu-relator-vota-por-contas-vinculadas-em-concessoes-decisao-e-adiada\/","title":{"rendered":"TCU: relator vota por contas vinculadas em concess\u00f5es; decis\u00e3o \u00e9 adiada"},"content":{"rendered":"\n<p class=\"has-text-align-right\"><strong>Amanda Pupo, da Ag\u00eancia iNFRA<\/strong><\/p>\n\n\n\n<p>Relator do processo sobre as contas vinculadas nas concess\u00f5es de infraestrutura, o ministro do TCU (Tribunal de Contas da Uni\u00e3o) Benjamin Zymler votou nesta quarta-feira (2) para considerar que os recursos que transitam nesses instrumentos t\u00eam natureza privada, em linha com o que defende o Minist\u00e9rio dos Transportes. Para o ministro, esse dinheiro s\u00f3 se torna p\u00fablico quando h\u00e1 transfer\u00eancia para o patrim\u00f4nio p\u00fablico. \u00c9 o caso do investimento em obras de bem revers\u00edvel, que ao final do contrato se tornam patrim\u00f4nio da Uni\u00e3o.<\/p>\n\n\n\n<p>\u201cQuando houver real ingresso para o er\u00e1rio, para o patrim\u00f4nio p\u00fablico, \u00e9 esse fato jur\u00eddico que faz transmutar a natureza de privado para p\u00fablico\u201d, afirmou Zymler. Esse \u00e9 o posicionamento defendido pelo Minist\u00e9rio dos Transportes, j\u00e1 que o car\u00e1ter privado desses recursos exime a necessidade de o dinheiro ser contabilizado na conta \u00fanica do Tesouro.<\/p>\n\n\n\n<p>O ministro Antonio Anastasia antecipou que acompanhar\u00e1 o voto de Zymler, mas o julgamento foi suspenso pelo pedido de vista dos ministros Walton Alencar, Odair Cunha e Vital do R\u00eago, que tamb\u00e9m \u00e9 presidente da corte. Alencar j\u00e1 havia pedido vista antes do voto de Zymler, e os demais ministros solicitaram a suspens\u00e3o do julgamento ap\u00f3s o relator ler seu posicionamento. Com isso, o caso s\u00f3 volta a julgamento em 11 de novembro.<\/p>\n\n\n\n<p>As contas vinculadas s\u00e3o um instrumento essencial nas modelagens dos projetos ferrovi\u00e1rios que o governo pretende leiloar. \u00c9 por elas que devem transitar os recursos necess\u00e1rios para tornar as ferrovias vi\u00e1veis financeiramente, vindos de aporte p\u00fablico ou de pagamentos devidos por concess\u00f5es ferrovi\u00e1rias j\u00e1 existentes.<\/p>\n","protected":false},"excerpt":{"rendered":"<p>Amanda Pupo, da Ag\u00eancia iNFRA Relator do processo sobre as contas vinculadas nas concess\u00f5es de infraestrutura, o ministro do TCU (Tribunal de Contas da Uni\u00e3o) Benjamin Zymler votou nesta quarta-feira (2) para considerar que os recursos que transitam nesses instrumentos t\u00eam natureza privada, em linha com o que defende o Minist\u00e9rio dos Transportes. Para o [&hellip;]<\/p>\n","protected":false},"author":1,"featured_media":15007,"comment_status":"closed","ping_status":"closed","sticky":false,"template":"","format":"standard","meta":{"_monsterinsights_skip_tracking":false,"_monsterinsights_sitenote_active":false,"_monsterinsights_sitenote_note":"","_monsterinsights_sitenote_category":0,"footnotes":""},"categories":[7249],"tags":[13354,490,10163,12300,120,16,18],"class_list":["post-46843","post","type-post","status-publish","format-standard","has-post-thumbnail","hentry","category-destaque","tag-amanda-pupo","tag-benjamin-zymler","tag-concessoes-de-infraestrutura","tag-contas-vinculadas","tag-ferrovias","tag-ministerio-dos-transportes","tag-tcu"],"yoast_head":"<!-- This site is optimized with the Yoast SEO Premium plugin v25.4 (Yoast SEO v28.2) - https:\/\/yoast.com\/product\/yoast-seo-premium-wordpress\/ -->\n<title>TCU: relator vota por contas vinculadas em concess\u00f5es; decis\u00e3o \u00e9 adiada - Ag\u00eancia iNFRA<\/title>\n<meta name=\"robots\" content=\"index, follow, max-snippet:-1, max-image-preview:large, max-video-preview:-1\" \/>\n<link rel=\"canonical\" href=\"https:\/\/agenciainfra.com\/blog\/tcu-relator-vota-por-contas-vinculadas-em-concessoes-decisao-e-adiada\/\" \/>\n<meta property=\"og:locale\" content=\"pt_BR\" \/>\n<meta property=\"og:type\" content=\"article\" \/>\n<meta property=\"og:title\" content=\"TCU: relator vota por contas vinculadas em concess\u00f5es; decis\u00e3o \u00e9 adiada\" \/>\n<meta property=\"og:description\" content=\"Amanda Pupo, da Ag\u00eancia iNFRA Relator do processo sobre as contas vinculadas nas concess\u00f5es de infraestrutura, o ministro do TCU (Tribunal de Contas da Uni\u00e3o) Benjamin Zymler votou nesta quarta-feira (2) para considerar que os recursos que transitam nesses instrumentos t\u00eam natureza privada, em linha com o que defende o Minist\u00e9rio dos Transportes. Para o [&hellip;]\" \/>\n<meta property=\"og:url\" content=\"https:\/\/agenciainfra.com\/blog\/tcu-relator-vota-por-contas-vinculadas-em-concessoes-decisao-e-adiada\/\" \/>\n<meta property=\"og:site_name\" content=\"Ag\u00eancia iNFRA\" \/>\n<meta property=\"article:publisher\" content=\"https:\/\/www.facebook.com\/ageninfra\" \/>\n<meta property=\"article:published_time\" content=\"2026-09-02T21:00:00+00:00\" \/>\n<meta property=\"article:modified_time\" content=\"2026-09-02T22:39:41+00:00\" \/>\n<meta property=\"og:image\" content=\"https:\/\/agenciainfra.com\/blog\/wp-content\/uploads\/2023\/12\/benjamin-zymler-foto-tcu-4.jpg\" \/>\n\t<meta property=\"og:image:width\" content=\"1202\" \/>\n\t<meta property=\"og:image:height\" content=\"802\" \/>\n\t<meta property=\"og:image:type\" content=\"image\/jpeg\" \/>\n<meta name=\"author\" content=\"Ag\u00eancia iNFRA\" \/>\n<meta name=\"twitter:card\" content=\"summary_large_image\" \/>\n<meta name=\"twitter:creator\" content=\"@agencia_infra\" \/>\n<meta name=\"twitter:site\" content=\"@agencia_infra\" \/>\n<meta name=\"twitter:label1\" content=\"Escrito por\" \/>\n\t<meta name=\"twitter:data1\" content=\"Ag\u00eancia iNFRA\" \/>\n\t<meta name=\"twitter:label2\" content=\"Est. tempo de leitura\" \/>\n\t<meta name=\"twitter:data2\" content=\"1 minuto\" \/>\n<script type=\"application\/ld+json\" class=\"yoast-schema-graph\">{\"@context\":\"https:\\\/\\\/schema.org\",\"@graph\":[{\"@type\":\"Article\",\"@id\":\"https:\\\/\\\/agenciainfra.com\\\/blog\\\/tcu-relator-vota-por-contas-vinculadas-em-concessoes-decisao-e-adiada\\\/#article\",\"isPartOf\":{\"@id\":\"https:\\\/\\\/agenciainfra.com\\\/blog\\\/tcu-relator-vota-por-contas-vinculadas-em-concessoes-decisao-e-adiada\\\/\"},\"author\":{\"name\":\"Ag\u00eancia iNFRA\",\"@id\":\"https:\\\/\\\/agenciainfra.com\\\/blog\\\/#\\\/schema\\\/person\\\/34af08dff6adea4cb22b06612ba7acfa\"},\"headline\":\"TCU: relator vota por contas vinculadas em concess\u00f5es; decis\u00e3o \u00e9 adiada\",\"datePublished\":\"2026-09-02T21:00:00+00:00\",\"dateModified\":\"2026-09-02T22:39:41+00:00\",\"mainEntityOfPage\":{\"@id\":\"https:\\\/\\\/agenciainfra.com\\\/blog\\\/tcu-relator-vota-por-contas-vinculadas-em-concessoes-decisao-e-adiada\\\/\"},\"wordCount\":297,\"publisher\":{\"@id\":\"https:\\\/\\\/agenciainfra.com\\\/blog\\\/#organization\"},\"image\":{\"@id\":\"https:\\\/\\\/agenciainfra.com\\\/blog\\\/tcu-relator-vota-por-contas-vinculadas-em-concessoes-decisao-e-adiada\\\/#primaryimage\"},\"thumbnailUrl\":\"https:\\\/\\\/agenciainfra.com\\\/blog\\\/wp-content\\\/uploads\\\/2023\\\/12\\\/benjamin-zymler-foto-tcu-4.jpg\",\"keywords\":[\"Amanda Pupo\",\"Benjamin Zymler\",\"concess\u00f5es de infraestrutura\",\"contas vinculadas\",\"Ferrovias\",\"minist\u00e9rio dos transportes\",\"TCU\"],\"articleSection\":[\"Destaque\"],\"inLanguage\":\"pt-BR\",\"copyrightYear\":\"2026\",\"copyrightHolder\":{\"@id\":\"https:\\\/\\\/agenciainfra.com\\\/blog\\\/#organization\"}},{\"@type\":\"WebPage\",\"@id\":\"https:\\\/\\\/agenciainfra.com\\\/blog\\\/tcu-relator-vota-por-contas-vinculadas-em-concessoes-decisao-e-adiada\\\/\",\"url\":\"https:\\\/\\\/agenciainfra.com\\\/blog\\\/tcu-relator-vota-por-contas-vinculadas-em-concessoes-decisao-e-adiada\\\/\",\"name\":\"TCU: relator vota por contas vinculadas em concess\u00f5es; decis\u00e3o \u00e9 adiada - Ag\u00eancia iNFRA\",\"isPartOf\":{\"@id\":\"https:\\\/\\\/agenciainfra.com\\\/blog\\\/#website\"},\"primaryImageOfPage\":{\"@id\":\"https:\\\/\\\/agenciainfra.com\\\/blog\\\/tcu-relator-vota-por-contas-vinculadas-em-concessoes-decisao-e-adiada\\\/#primaryimage\"},\"image\":{\"@id\":\"https:\\\/\\\/agenciainfra.com\\\/blog\\\/tcu-relator-vota-por-contas-vinculadas-em-concessoes-decisao-e-adiada\\\/#primaryimage\"},\"thumbnailUrl\":\"https:\\\/\\\/agenciainfra.com\\\/blog\\\/wp-content\\\/uploads\\\/2023\\\/12\\\/benjamin-zymler-foto-tcu-4.jpg\",\"datePublished\":\"2026-09-02T21:00:00+00:00\",\"dateModified\":\"2026-09-02T22:39:41+00:00\",\"breadcrumb\":{\"@id\":\"https:\\\/\\\/agenciainfra.com\\\/blog\\\/tcu-relator-vota-por-contas-vinculadas-em-concessoes-decisao-e-adiada\\\/#breadcrumb\"},\"inLanguage\":\"pt-BR\",\"potentialAction\":[{\"@type\":\"ReadAction\",\"target\":[\"https:\\\/\\\/agenciainfra.com\\\/blog\\\/tcu-relator-vota-por-contas-vinculadas-em-concessoes-decisao-e-adiada\\\/\"]}]},{\"@type\":\"ImageObject\",\"inLanguage\":\"pt-BR\",\"@id\":\"https:\\\/\\\/agenciainfra.com\\\/blog\\\/tcu-relator-vota-por-contas-vinculadas-em-concessoes-decisao-e-adiada\\\/#primaryimage\",\"url\":\"https:\\\/\\\/agenciainfra.com\\\/blog\\\/wp-content\\\/uploads\\\/2023\\\/12\\\/benjamin-zymler-foto-tcu-4.jpg\",\"contentUrl\":\"https:\\\/\\\/agenciainfra.com\\\/blog\\\/wp-content\\\/uploads\\\/2023\\\/12\\\/benjamin-zymler-foto-tcu-4.jpg\",\"width\":1202,\"height\":802,\"caption\":\"Foto: TCU\"},{\"@type\":\"BreadcrumbList\",\"@id\":\"https:\\\/\\\/agenciainfra.com\\\/blog\\\/tcu-relator-vota-por-contas-vinculadas-em-concessoes-decisao-e-adiada\\\/#breadcrumb\",\"itemListElement\":[{\"@type\":\"ListItem\",\"position\":1,\"name\":\"In\u00edcio\",\"item\":\"https:\\\/\\\/agenciainfra.com\\\/blog\\\/\"},{\"@type\":\"ListItem\",\"position\":2,\"name\":\"TCU: relator vota por contas vinculadas em concess\u00f5es; decis\u00e3o \u00e9 adiada\"}]},{\"@type\":\"WebSite\",\"@id\":\"https:\\\/\\\/agenciainfra.com\\\/blog\\\/#website\",\"url\":\"https:\\\/\\\/agenciainfra.com\\\/blog\\\/\",\"name\":\"Ag\u00eancia iNFRA\",\"description\":\"Multiplataforma de informa\u00e7\u00e3o jornal\u00edstica refer\u00eancia na \u00e1rea de infraestrutura no Brasil!\",\"publisher\":{\"@id\":\"https:\\\/\\\/agenciainfra.com\\\/blog\\\/#organization\"},\"potentialAction\":[{\"@type\":\"SearchAction\",\"target\":{\"@type\":\"EntryPoint\",\"urlTemplate\":\"https:\\\/\\\/agenciainfra.com\\\/blog\\\/?s={search_term_string}\"},\"query-input\":{\"@type\":\"PropertyValueSpecification\",\"valueRequired\":true,\"valueName\":\"search_term_string\"}}],\"inLanguage\":\"pt-BR\"},{\"@type\":\"Organization\",\"@id\":\"https:\\\/\\\/agenciainfra.com\\\/blog\\\/#organization\",\"name\":\"Ag\u00eancia iNFRA\",\"url\":\"https:\\\/\\\/agenciainfra.com\\\/blog\\\/\",\"logo\":{\"@type\":\"ImageObject\",\"inLanguage\":\"pt-BR\",\"@id\":\"https:\\\/\\\/agenciainfra.com\\\/blog\\\/#\\\/schema\\\/logo\\\/image\\\/\",\"url\":\"https:\\\/\\\/agenciainfra.com\\\/blog\\\/wp-content\\\/uploads\\\/2023\\\/09\\\/iNFRA_5-e1761735885940.png\",\"contentUrl\":\"https:\\\/\\\/agenciainfra.com\\\/blog\\\/wp-content\\\/uploads\\\/2023\\\/09\\\/iNFRA_5-e1761735885940.png\",\"width\":1672,\"height\":454,\"caption\":\"Ag\u00eancia iNFRA\"},\"image\":{\"@id\":\"https:\\\/\\\/agenciainfra.com\\\/blog\\\/#\\\/schema\\\/logo\\\/image\\\/\"},\"sameAs\":[\"https:\\\/\\\/www.facebook.com\\\/ageninfra\",\"https:\\\/\\\/x.com\\\/agencia_infra\",\"https:\\\/\\\/www.linkedin.com\\\/company\\\/ag\u00eanciainfra\\\/\",\"https:\\\/\\\/www.instagram.com\\\/agenciainfra\\\/\"]},{\"@type\":\"Person\",\"@id\":\"https:\\\/\\\/agenciainfra.com\\\/blog\\\/#\\\/schema\\\/person\\\/34af08dff6adea4cb22b06612ba7acfa\",\"name\":\"Ag\u00eancia iNFRA\",\"image\":{\"@type\":\"ImageObject\",\"inLanguage\":\"pt-BR\",\"@id\":\"https:\\\/\\\/secure.gravatar.com\\\/avatar\\\/d189e01678f06d8eb84d4e01f08eb848b3fffe3f8443818d3c356c66892f5be8?s=96&d=mm&r=g\",\"url\":\"https:\\\/\\\/secure.gravatar.com\\\/avatar\\\/d189e01678f06d8eb84d4e01f08eb848b3fffe3f8443818d3c356c66892f5be8?s=96&d=mm&r=g\",\"contentUrl\":\"https:\\\/\\\/secure.gravatar.com\\\/avatar\\\/d189e01678f06d8eb84d4e01f08eb848b3fffe3f8443818d3c356c66892f5be8?s=96&d=mm&r=g\",\"caption\":\"Ag\u00eancia iNFRA\"},\"url\":\"https:\\\/\\\/agenciainfra.com\\\/blog\\\/author\\\/admin\\\/\"}]}<\/script>\n<!-- \/ Yoast SEO Premium plugin. -->","yoast_head_json":{"title":"TCU: relator vota por contas vinculadas em concess\u00f5es; decis\u00e3o \u00e9 adiada - Ag\u00eancia iNFRA","robots":{"index":"index","follow":"follow","max-snippet":"max-snippet:-1","max-image-preview":"max-image-preview:large","max-video-preview":"max-video-preview:-1"},"canonical":"https:\/\/agenciainfra.com\/blog\/tcu-relator-vota-por-contas-vinculadas-em-concessoes-decisao-e-adiada\/","og_locale":"pt_BR","og_type":"article","og_title":"TCU: relator vota por contas vinculadas em concess\u00f5es; decis\u00e3o \u00e9 adiada","og_description":"Amanda Pupo, da Ag\u00eancia iNFRA Relator do processo sobre as contas vinculadas nas concess\u00f5es de infraestrutura, o ministro do TCU (Tribunal de Contas da Uni\u00e3o) Benjamin Zymler votou nesta quarta-feira (2) para considerar que os recursos que transitam nesses instrumentos t\u00eam natureza privada, em linha com o que defende o Minist\u00e9rio dos Transportes. Para o [&hellip;]","og_url":"https:\/\/agenciainfra.com\/blog\/tcu-relator-vota-por-contas-vinculadas-em-concessoes-decisao-e-adiada\/","og_site_name":"Ag\u00eancia iNFRA","article_publisher":"https:\/\/www.facebook.com\/ageninfra","article_published_time":"2026-09-02T21:00:00+00:00","article_modified_time":"2026-09-02T22:39:41+00:00","og_image":[{"width":1202,"height":802,"url":"https:\/\/agenciainfra.com\/blog\/wp-content\/uploads\/2023\/12\/benjamin-zymler-foto-tcu-4.jpg","type":"image\/jpeg"}],"author":"Ag\u00eancia iNFRA","twitter_card":"summary_large_image","twitter_creator":"@agencia_infra","twitter_site":"@agencia_infra","twitter_misc":{"Escrito por":"Ag\u00eancia iNFRA","Est. tempo de leitura":"1 minuto"},"schema":{"@context":"https:\/\/schema.org","@graph":[{"@type":"Article","@id":"https:\/\/agenciainfra.com\/blog\/tcu-relator-vota-por-contas-vinculadas-em-concessoes-decisao-e-adiada\/#article","isPartOf":{"@id":"https:\/\/agenciainfra.com\/blog\/tcu-relator-vota-por-contas-vinculadas-em-concessoes-decisao-e-adiada\/"},"author":{"name":"Ag\u00eancia iNFRA","@id":"https:\/\/agenciainfra.com\/blog\/#\/schema\/person\/34af08dff6adea4cb22b06612ba7acfa"},"headline":"TCU: relator vota por contas vinculadas em concess\u00f5es; decis\u00e3o \u00e9 adiada","datePublished":"2026-09-02T21:00:00+00:00","dateModified":"2026-09-02T22:39:41+00:00","mainEntityOfPage":{"@id":"https:\/\/agenciainfra.com\/blog\/tcu-relator-vota-por-contas-vinculadas-em-concessoes-decisao-e-adiada\/"},"wordCount":297,"publisher":{"@id":"https:\/\/agenciainfra.com\/blog\/#organization"},"image":{"@id":"https:\/\/agenciainfra.com\/blog\/tcu-relator-vota-por-contas-vinculadas-em-concessoes-decisao-e-adiada\/#primaryimage"},"thumbnailUrl":"https:\/\/agenciainfra.com\/blog\/wp-content\/uploads\/2023\/12\/benjamin-zymler-foto-tcu-4.jpg","keywords":["Amanda Pupo","Benjamin Zymler","concess\u00f5es de infraestrutura","contas vinculadas","Ferrovias","minist\u00e9rio dos transportes","TCU"],"articleSection":["Destaque"],"inLanguage":"pt-BR","copyrightYear":"2026","copyrightHolder":{"@id":"https:\/\/agenciainfra.com\/blog\/#organization"}},{"@type":"WebPage","@id":"https:\/\/agenciainfra.com\/blog\/tcu-relator-vota-por-contas-vinculadas-em-concessoes-decisao-e-adiada\/","url":"https:\/\/agenciainfra.com\/blog\/tcu-relator-vota-por-contas-vinculadas-em-concessoes-decisao-e-adiada\/","name":"TCU: relator vota por contas vinculadas em concess\u00f5es; decis\u00e3o \u00e9 adiada - Ag\u00eancia iNFRA","isPartOf":{"@id":"https:\/\/agenciainfra.com\/blog\/#website"},"primaryImageOfPage":{"@id":"https:\/\/agenciainfra.com\/blog\/tcu-relator-vota-por-contas-vinculadas-em-concessoes-decisao-e-adiada\/#primaryimage"},"image":{"@id":"https:\/\/agenciainfra.com\/blog\/tcu-relator-vota-por-contas-vinculadas-em-concessoes-decisao-e-adiada\/#primaryimage"},"thumbnailUrl":"https:\/\/agenciainfra.com\/blog\/wp-content\/uploads\/2023\/12\/benjamin-zymler-foto-tcu-4.jpg","datePublished":"2026-09-02T21:00:00+00:00","dateModified":"2026-09-02T22:39:41+00:00","breadcrumb":{"@id":"https:\/\/agenciainfra.com\/blog\/tcu-relator-vota-por-contas-vinculadas-em-concessoes-decisao-e-adiada\/#breadcrumb"},"inLanguage":"pt-BR","potentialAction":[{"@type":"ReadAction","target":["https:\/\/agenciainfra.com\/blog\/tcu-relator-vota-por-contas-vinculadas-em-concessoes-decisao-e-adiada\/"]}]},{"@type":"ImageObject","inLanguage":"pt-BR","@id":"https:\/\/agenciainfra.com\/blog\/tcu-relator-vota-por-contas-vinculadas-em-concessoes-decisao-e-adiada\/#primaryimage","url":"https:\/\/agenciainfra.com\/blog\/wp-content\/uploads\/2023\/12\/benjamin-zymler-foto-tcu-4.jpg","contentUrl":"https:\/\/agenciainfra.com\/blog\/wp-content\/uploads\/2023\/12\/benjamin-zymler-foto-tcu-4.jpg","width":1202,"height":802,"caption":"Foto: TCU"},{"@type":"BreadcrumbList","@id":"https:\/\/agenciainfra.com\/blog\/tcu-relator-vota-por-contas-vinculadas-em-concessoes-decisao-e-adiada\/#breadcrumb","itemListElement":[{"@type":"ListItem","position":1,"name":"In\u00edcio","item":"https:\/\/agenciainfra.com\/blog\/"},{"@type":"ListItem","position":2,"name":"TCU: relator vota por contas vinculadas em concess\u00f5es; decis\u00e3o \u00e9 adiada"}]},{"@type":"WebSite","@id":"https:\/\/agenciainfra.com\/blog\/#website","url":"https:\/\/agenciainfra.com\/blog\/","name":"Ag\u00eancia iNFRA","description":"Multiplataforma de informa\u00e7\u00e3o jornal\u00edstica refer\u00eancia na \u00e1rea de infraestrutura no Brasil!","publisher":{"@id":"https:\/\/agenciainfra.com\/blog\/#organization"},"potentialAction":[{"@type":"SearchAction","target":{"@type":"EntryPoint","urlTemplate":"https:\/\/agenciainfra.com\/blog\/?s={search_term_string}"},"query-input":{"@type":"PropertyValueSpecification","valueRequired":true,"valueName":"search_term_string"}}],"inLanguage":"pt-BR"},{"@type":"Organization","@id":"https:\/\/agenciainfra.com\/blog\/#organization","name":"Ag\u00eancia iNFRA","url":"https:\/\/agenciainfra.com\/blog\/","logo":{"@type":"ImageObject","inLanguage":"pt-BR","@id":"https:\/\/agenciainfra.com\/blog\/#\/schema\/logo\/image\/","url":"https:\/\/agenciainfra.com\/blog\/wp-content\/uploads\/2023\/09\/iNFRA_5-e1761735885940.png","contentUrl":"https:\/\/agenciainfra.com\/blog\/wp-content\/uploads\/2023\/09\/iNFRA_5-e1761735885940.png","width":1672,"height":454,"caption":"Ag\u00eancia iNFRA"},"image":{"@id":"https:\/\/agenciainfra.com\/blog\/#\/schema\/logo\/image\/"},"sameAs":["https:\/\/www.facebook.com\/ageninfra","https:\/\/x.com\/agencia_infra","https:\/\/www.linkedin.com\/company\/ag\u00eanciainfra\/","https:\/\/www.instagram.com\/agenciainfra\/"]},{"@type":"Person","@id":"https:\/\/agenciainfra.com\/blog\/#\/schema\/person\/34af08dff6adea4cb22b06612ba7acfa","name":"Ag\u00eancia iNFRA","image":{"@type":"ImageObject","inLanguage":"pt-BR","@id":"https:\/\/secure.gravatar.com\/avatar\/d189e01678f06d8eb84d4e01f08eb848b3fffe3f8443818d3c356c66892f5be8?s=96&d=mm&r=g","url":"https:\/\/secure.gravatar.com\/avatar\/d189e01678f06d8eb84d4e01f08eb848b3fffe3f8443818d3c356c66892f5be8?s=96&d=mm&r=g","contentUrl":"https:\/\/secure.gravatar.com\/avatar\/d189e01678f06d8eb84d4e01f08eb848b3fffe3f8443818d3c356c66892f5be8?s=96&d=mm&r=g","caption":"Ag\u00eancia iNFRA"},"url":"https:\/\/agenciainfra.com\/blog\/author\/admin\/"}]}},"_links":{"self":[{"href":"https:\/\/agenciainfra.com\/blog\/wp-json\/wp\/v2\/posts\/46843","targetHints":{"allow":["GET"]}}],"collection":[{"href":"https:\/\/agenciainfra.com\/blog\/wp-json\/wp\/v2\/posts"}],"about":[{"href":"https:\/\/agenciainfra.com\/blog\/wp-json\/wp\/v2\/types\/post"}],"author":[{"embeddable":true,"href":"https:\/\/agenciainfra.com\/blog\/wp-json\/wp\/v2\/users\/1"}],"replies":[{"embeddable":true,"href":"https:\/\/agenciainfra.com\/blog\/wp-json\/wp\/v2\/comments?post=46843"}],"version-history":[{"count":1,"href":"https:\/\/agenciainfra.com\/blog\/wp-json\/wp\/v2\/posts\/46843\/revisions"}],"predecessor-version":[{"id":46850,"href":"https:\/\/agenciainfra.com\/blog\/wp-json\/wp\/v2\/posts\/46843\/revisions\/46850"}],"wp:featuredmedia":[{"embeddable":true,"href":"https:\/\/agenciainfra.com\/blog\/wp-json\/wp\/v2\/media\/15007"}],"wp:attachment":[{"href":"https:\/\/agenciainfra.com\/blog\/wp-json\/wp\/v2\/media?parent=46843"}],"wp:term":[{"taxonomy":"category","embeddable":true,"href":"https:\/\/agenciainfra.com\/blog\/wp-json\/wp\/v2\/categories?post=46843"},{"taxonomy":"post_tag","embeddable":true,"href":"https:\/\/agenciainfra.com\/blog\/wp-json\/wp\/v2\/tags?post=46843"}],"curies":[{"name":"wp","href":"https:\/\/api.w.org\/{rel}","templated":true}]}}