{"id":46846,"date":"2026-09-02T17:04:12","date_gmt":"2026-09-02T20:04:12","guid":{"rendered":"https:\/\/agenciainfra.com\/blog\/?p=46846"},"modified":"2026-09-02T17:20:58","modified_gmt":"2026-09-02T20:20:58","slug":"redata-ministro-silveira-apoia-gas-natural-para-atender-data-centers","status":"publish","type":"post","link":"https:\/\/agenciainfra.com\/blog\/redata-ministro-silveira-apoia-gas-natural-para-atender-data-centers\/","title":{"rendered":"Redata: ministro Silveira apoia g\u00e1s natural para atender data centers"},"content":{"rendered":"\n<p class=\"has-text-align-right\"><strong>Lais Carregosa e Marisa Wanzeller, da Ag\u00eancia iNFRA<\/strong><\/p>\n\n\n\n<p>O ministro de Minas e Energia, Alexandre Silveira, disse nesta quarta-feira (2) que o g\u00e1s natural \u201ctamb\u00e9m \u00e9 uma frente\u201d de suprimento energ\u00e9tico para data centers no Brasil.<\/p>\n\n\n\n<p>O <a href=\"https:\/\/www25.senado.leg.br\/web\/atividade\/materias\/-\/materia\/172786\" data-type=\"link\" data-id=\"https:\/\/www25.senado.leg.br\/web\/atividade\/materias\/-\/materia\/172786\">PL (Projeto de Lei) 278\/2026<\/a> aprovado nesta ter\u00e7a-feira (1\u00ba) pelo Senado abriu caminho para que o insumo seja utilizado para atender a demanda dos empreendimentos que desejem se enquadrar no Redata (Regime Especial de Tributa\u00e7\u00e3o para Servi\u00e7os de Datacenter). O MME (Minist\u00e9rio de Minas e Energia) ser\u00e1 respons\u00e1vel pela regulamenta\u00e7\u00e3o, que poder\u00e1 incluir o g\u00e1s natural de forma mais expl\u00edcita.<\/p>\n\n\n\n<p>\u201cO Redata foi um grande avan\u00e7o para que a gente possa implementar grandes data centers no Brasil e eu acho que o g\u00e1s natural tamb\u00e9m \u00e9 uma frente&#8221;, disse Silveira a jornalistas ap\u00f3s audi\u00eancia na C\u00e2mara dos Deputados.<\/p>\n","protected":false},"excerpt":{"rendered":"<p>Lais Carregosa e Marisa Wanzeller, da Ag\u00eancia iNFRA O ministro de Minas e Energia, Alexandre Silveira, disse nesta quarta-feira (2) que o g\u00e1s natural \u201ctamb\u00e9m \u00e9 uma frente\u201d de suprimento energ\u00e9tico para data centers no Brasil. O PL (Projeto de Lei) 278\/2026 aprovado nesta ter\u00e7a-feira (1\u00ba) pelo Senado abriu caminho para que o insumo seja [&hellip;]<\/p>\n","protected":false},"author":1,"featured_media":46847,"comment_status":"closed","ping_status":"closed","sticky":false,"template":"","format":"standard","meta":{"_monsterinsights_skip_tracking":false,"_monsterinsights_sitenote_active":false,"_monsterinsights_sitenote_note":"","_monsterinsights_sitenote_category":0,"footnotes":""},"categories":[7249],"tags":[6040,13398,882,13132,7366,96,18446,14879],"class_list":["post-46846","post","type-post","status-publish","format-standard","has-post-thumbnail","hentry","category-destaque","tag-alexandre-silveira","tag-data-centers","tag-gas-natural","tag-lais-carregosa","tag-marisa-wanzeller","tag-ministerio-de-minas-e-energia","tag-pl-278-2026","tag-redata"],"yoast_head":"<!-- This site is optimized with the Yoast SEO Premium plugin v25.4 (Yoast SEO v28.2) - https:\/\/yoast.com\/product\/yoast-seo-premium-wordpress\/ -->\n<title>Redata: ministro Silveira apoia g\u00e1s natural para atender data centers - Ag\u00eancia iNFRA<\/title>\n<meta name=\"robots\" content=\"index, follow, max-snippet:-1, max-image-preview:large, max-video-preview:-1\" \/>\n<link rel=\"canonical\" href=\"https:\/\/agenciainfra.com\/blog\/redata-ministro-silveira-apoia-gas-natural-para-atender-data-centers\/\" \/>\n<meta property=\"og:locale\" content=\"pt_BR\" \/>\n<meta property=\"og:type\" content=\"article\" \/>\n<meta property=\"og:title\" content=\"Redata: ministro Silveira apoia g\u00e1s natural para atender data centers\" \/>\n<meta property=\"og:description\" content=\"Lais Carregosa e Marisa Wanzeller, da Ag\u00eancia iNFRA O ministro de Minas e Energia, Alexandre Silveira, disse nesta quarta-feira (2) que o g\u00e1s natural \u201ctamb\u00e9m \u00e9 uma frente\u201d de suprimento energ\u00e9tico para data centers no Brasil. O PL (Projeto de Lei) 278\/2026 aprovado nesta ter\u00e7a-feira (1\u00ba) pelo Senado abriu caminho para que o insumo seja [&hellip;]\" \/>\n<meta property=\"og:url\" content=\"https:\/\/agenciainfra.com\/blog\/redata-ministro-silveira-apoia-gas-natural-para-atender-data-centers\/\" \/>\n<meta property=\"og:site_name\" content=\"Ag\u00eancia iNFRA\" \/>\n<meta property=\"article:publisher\" content=\"https:\/\/www.facebook.com\/ageninfra\" \/>\n<meta property=\"article:published_time\" content=\"2026-09-02T20:04:12+00:00\" \/>\n<meta property=\"article:modified_time\" content=\"2026-09-02T20:20:58+00:00\" \/>\n<meta property=\"og:image\" content=\"https:\/\/agenciainfra.com\/blog\/wp-content\/uploads\/2026\/09\/alexandre-silveira-foto-renato-araujo-camara-dos-deputados.jpeg\" \/>\n\t<meta property=\"og:image:width\" content=\"1280\" \/>\n\t<meta property=\"og:image:height\" content=\"789\" \/>\n\t<meta property=\"og:image:type\" content=\"image\/jpeg\" \/>\n<meta name=\"author\" content=\"Ag\u00eancia iNFRA\" \/>\n<meta name=\"twitter:card\" content=\"summary_large_image\" \/>\n<meta name=\"twitter:creator\" content=\"@agencia_infra\" \/>\n<meta name=\"twitter:site\" content=\"@agencia_infra\" \/>\n<meta name=\"twitter:label1\" content=\"Escrito por\" \/>\n\t<meta name=\"twitter:data1\" content=\"Ag\u00eancia iNFRA\" \/>\n\t<meta name=\"twitter:label2\" content=\"Est. tempo de leitura\" \/>\n\t<meta name=\"twitter:data2\" content=\"1 minuto\" \/>\n<script type=\"application\/ld+json\" class=\"yoast-schema-graph\">{\"@context\":\"https:\\\/\\\/schema.org\",\"@graph\":[{\"@type\":\"Article\",\"@id\":\"https:\\\/\\\/agenciainfra.com\\\/blog\\\/redata-ministro-silveira-apoia-gas-natural-para-atender-data-centers\\\/#article\",\"isPartOf\":{\"@id\":\"https:\\\/\\\/agenciainfra.com\\\/blog\\\/redata-ministro-silveira-apoia-gas-natural-para-atender-data-centers\\\/\"},\"author\":{\"name\":\"Ag\u00eancia iNFRA\",\"@id\":\"https:\\\/\\\/agenciainfra.com\\\/blog\\\/#\\\/schema\\\/person\\\/34af08dff6adea4cb22b06612ba7acfa\"},\"headline\":\"Redata: ministro Silveira apoia g\u00e1s natural para atender data centers\",\"datePublished\":\"2026-09-02T20:04:12+00:00\",\"dateModified\":\"2026-09-02T20:20:58+00:00\",\"mainEntityOfPage\":{\"@id\":\"https:\\\/\\\/agenciainfra.com\\\/blog\\\/redata-ministro-silveira-apoia-gas-natural-para-atender-data-centers\\\/\"},\"wordCount\":159,\"publisher\":{\"@id\":\"https:\\\/\\\/agenciainfra.com\\\/blog\\\/#organization\"},\"image\":{\"@id\":\"https:\\\/\\\/agenciainfra.com\\\/blog\\\/redata-ministro-silveira-apoia-gas-natural-para-atender-data-centers\\\/#primaryimage\"},\"thumbnailUrl\":\"https:\\\/\\\/agenciainfra.com\\\/blog\\\/wp-content\\\/uploads\\\/2026\\\/09\\\/alexandre-silveira-foto-renato-araujo-camara-dos-deputados.jpeg\",\"keywords\":[\"Alexandre Silveira\",\"data centers\",\"g\u00e1s natural\",\"Lais Carregosa\",\"Marisa Wanzeller\",\"Minist\u00e9rio de Minas e Energia\",\"PL 278\\\/2026\",\"Redata\"],\"articleSection\":[\"Destaque\"],\"inLanguage\":\"pt-BR\",\"copyrightYear\":\"2026\",\"copyrightHolder\":{\"@id\":\"https:\\\/\\\/agenciainfra.com\\\/blog\\\/#organization\"}},{\"@type\":\"WebPage\",\"@id\":\"https:\\\/\\\/agenciainfra.com\\\/blog\\\/redata-ministro-silveira-apoia-gas-natural-para-atender-data-centers\\\/\",\"url\":\"https:\\\/\\\/agenciainfra.com\\\/blog\\\/redata-ministro-silveira-apoia-gas-natural-para-atender-data-centers\\\/\",\"name\":\"Redata: ministro Silveira apoia g\u00e1s natural para atender data centers - Ag\u00eancia iNFRA\",\"isPartOf\":{\"@id\":\"https:\\\/\\\/agenciainfra.com\\\/blog\\\/#website\"},\"primaryImageOfPage\":{\"@id\":\"https:\\\/\\\/agenciainfra.com\\\/blog\\\/redata-ministro-silveira-apoia-gas-natural-para-atender-data-centers\\\/#primaryimage\"},\"image\":{\"@id\":\"https:\\\/\\\/agenciainfra.com\\\/blog\\\/redata-ministro-silveira-apoia-gas-natural-para-atender-data-centers\\\/#primaryimage\"},\"thumbnailUrl\":\"https:\\\/\\\/agenciainfra.com\\\/blog\\\/wp-content\\\/uploads\\\/2026\\\/09\\\/alexandre-silveira-foto-renato-araujo-camara-dos-deputados.jpeg\",\"datePublished\":\"2026-09-02T20:04:12+00:00\",\"dateModified\":\"2026-09-02T20:20:58+00:00\",\"breadcrumb\":{\"@id\":\"https:\\\/\\\/agenciainfra.com\\\/blog\\\/redata-ministro-silveira-apoia-gas-natural-para-atender-data-centers\\\/#breadcrumb\"},\"inLanguage\":\"pt-BR\",\"potentialAction\":[{\"@type\":\"ReadAction\",\"target\":[\"https:\\\/\\\/agenciainfra.com\\\/blog\\\/redata-ministro-silveira-apoia-gas-natural-para-atender-data-centers\\\/\"]}]},{\"@type\":\"ImageObject\",\"inLanguage\":\"pt-BR\",\"@id\":\"https:\\\/\\\/agenciainfra.com\\\/blog\\\/redata-ministro-silveira-apoia-gas-natural-para-atender-data-centers\\\/#primaryimage\",\"url\":\"https:\\\/\\\/agenciainfra.com\\\/blog\\\/wp-content\\\/uploads\\\/2026\\\/09\\\/alexandre-silveira-foto-renato-araujo-camara-dos-deputados.jpeg\",\"contentUrl\":\"https:\\\/\\\/agenciainfra.com\\\/blog\\\/wp-content\\\/uploads\\\/2026\\\/09\\\/alexandre-silveira-foto-renato-araujo-camara-dos-deputados.jpeg\",\"width\":1280,\"height\":789,\"caption\":\"Foto: Renato Ara\u00fajo\\\/C\u00e2mara dos Deputados\"},{\"@type\":\"BreadcrumbList\",\"@id\":\"https:\\\/\\\/agenciainfra.com\\\/blog\\\/redata-ministro-silveira-apoia-gas-natural-para-atender-data-centers\\\/#breadcrumb\",\"itemListElement\":[{\"@type\":\"ListItem\",\"position\":1,\"name\":\"In\u00edcio\",\"item\":\"https:\\\/\\\/agenciainfra.com\\\/blog\\\/\"},{\"@type\":\"ListItem\",\"position\":2,\"name\":\"Redata: ministro Silveira apoia g\u00e1s natural para atender data centers\"}]},{\"@type\":\"WebSite\",\"@id\":\"https:\\\/\\\/agenciainfra.com\\\/blog\\\/#website\",\"url\":\"https:\\\/\\\/agenciainfra.com\\\/blog\\\/\",\"name\":\"Ag\u00eancia iNFRA\",\"description\":\"Multiplataforma de informa\u00e7\u00e3o jornal\u00edstica refer\u00eancia na \u00e1rea de infraestrutura no Brasil!\",\"publisher\":{\"@id\":\"https:\\\/\\\/agenciainfra.com\\\/blog\\\/#organization\"},\"potentialAction\":[{\"@type\":\"SearchAction\",\"target\":{\"@type\":\"EntryPoint\",\"urlTemplate\":\"https:\\\/\\\/agenciainfra.com\\\/blog\\\/?s={search_term_string}\"},\"query-input\":{\"@type\":\"PropertyValueSpecification\",\"valueRequired\":true,\"valueName\":\"search_term_string\"}}],\"inLanguage\":\"pt-BR\"},{\"@type\":\"Organization\",\"@id\":\"https:\\\/\\\/agenciainfra.com\\\/blog\\\/#organization\",\"name\":\"Ag\u00eancia iNFRA\",\"url\":\"https:\\\/\\\/agenciainfra.com\\\/blog\\\/\",\"logo\":{\"@type\":\"ImageObject\",\"inLanguage\":\"pt-BR\",\"@id\":\"https:\\\/\\\/agenciainfra.com\\\/blog\\\/#\\\/schema\\\/logo\\\/image\\\/\",\"url\":\"https:\\\/\\\/agenciainfra.com\\\/blog\\\/wp-content\\\/uploads\\\/2023\\\/09\\\/iNFRA_5-e1761735885940.png\",\"contentUrl\":\"https:\\\/\\\/agenciainfra.com\\\/blog\\\/wp-content\\\/uploads\\\/2023\\\/09\\\/iNFRA_5-e1761735885940.png\",\"width\":1672,\"height\":454,\"caption\":\"Ag\u00eancia iNFRA\"},\"image\":{\"@id\":\"https:\\\/\\\/agenciainfra.com\\\/blog\\\/#\\\/schema\\\/logo\\\/image\\\/\"},\"sameAs\":[\"https:\\\/\\\/www.facebook.com\\\/ageninfra\",\"https:\\\/\\\/x.com\\\/agencia_infra\",\"https:\\\/\\\/www.linkedin.com\\\/company\\\/ag\u00eanciainfra\\\/\",\"https:\\\/\\\/www.instagram.com\\\/agenciainfra\\\/\"]},{\"@type\":\"Person\",\"@id\":\"https:\\\/\\\/agenciainfra.com\\\/blog\\\/#\\\/schema\\\/person\\\/34af08dff6adea4cb22b06612ba7acfa\",\"name\":\"Ag\u00eancia iNFRA\",\"image\":{\"@type\":\"ImageObject\",\"inLanguage\":\"pt-BR\",\"@id\":\"https:\\\/\\\/secure.gravatar.com\\\/avatar\\\/d189e01678f06d8eb84d4e01f08eb848b3fffe3f8443818d3c356c66892f5be8?s=96&d=mm&r=g\",\"url\":\"https:\\\/\\\/secure.gravatar.com\\\/avatar\\\/d189e01678f06d8eb84d4e01f08eb848b3fffe3f8443818d3c356c66892f5be8?s=96&d=mm&r=g\",\"contentUrl\":\"https:\\\/\\\/secure.gravatar.com\\\/avatar\\\/d189e01678f06d8eb84d4e01f08eb848b3fffe3f8443818d3c356c66892f5be8?s=96&d=mm&r=g\",\"caption\":\"Ag\u00eancia iNFRA\"},\"url\":\"https:\\\/\\\/agenciainfra.com\\\/blog\\\/author\\\/admin\\\/\"}]}<\/script>\n<!-- \/ Yoast SEO Premium plugin. -->","yoast_head_json":{"title":"Redata: ministro Silveira apoia g\u00e1s natural para atender data centers - Ag\u00eancia iNFRA","robots":{"index":"index","follow":"follow","max-snippet":"max-snippet:-1","max-image-preview":"max-image-preview:large","max-video-preview":"max-video-preview:-1"},"canonical":"https:\/\/agenciainfra.com\/blog\/redata-ministro-silveira-apoia-gas-natural-para-atender-data-centers\/","og_locale":"pt_BR","og_type":"article","og_title":"Redata: ministro Silveira apoia g\u00e1s natural para atender data centers","og_description":"Lais Carregosa e Marisa Wanzeller, da Ag\u00eancia iNFRA O ministro de Minas e Energia, Alexandre Silveira, disse nesta quarta-feira (2) que o g\u00e1s natural \u201ctamb\u00e9m \u00e9 uma frente\u201d de suprimento energ\u00e9tico para data centers no Brasil. O PL (Projeto de Lei) 278\/2026 aprovado nesta ter\u00e7a-feira (1\u00ba) pelo Senado abriu caminho para que o insumo seja [&hellip;]","og_url":"https:\/\/agenciainfra.com\/blog\/redata-ministro-silveira-apoia-gas-natural-para-atender-data-centers\/","og_site_name":"Ag\u00eancia iNFRA","article_publisher":"https:\/\/www.facebook.com\/ageninfra","article_published_time":"2026-09-02T20:04:12+00:00","article_modified_time":"2026-09-02T20:20:58+00:00","og_image":[{"width":1280,"height":789,"url":"https:\/\/agenciainfra.com\/blog\/wp-content\/uploads\/2026\/09\/alexandre-silveira-foto-renato-araujo-camara-dos-deputados.jpeg","type":"image\/jpeg"}],"author":"Ag\u00eancia iNFRA","twitter_card":"summary_large_image","twitter_creator":"@agencia_infra","twitter_site":"@agencia_infra","twitter_misc":{"Escrito por":"Ag\u00eancia iNFRA","Est. tempo de leitura":"1 minuto"},"schema":{"@context":"https:\/\/schema.org","@graph":[{"@type":"Article","@id":"https:\/\/agenciainfra.com\/blog\/redata-ministro-silveira-apoia-gas-natural-para-atender-data-centers\/#article","isPartOf":{"@id":"https:\/\/agenciainfra.com\/blog\/redata-ministro-silveira-apoia-gas-natural-para-atender-data-centers\/"},"author":{"name":"Ag\u00eancia iNFRA","@id":"https:\/\/agenciainfra.com\/blog\/#\/schema\/person\/34af08dff6adea4cb22b06612ba7acfa"},"headline":"Redata: ministro Silveira apoia g\u00e1s natural para atender data centers","datePublished":"2026-09-02T20:04:12+00:00","dateModified":"2026-09-02T20:20:58+00:00","mainEntityOfPage":{"@id":"https:\/\/agenciainfra.com\/blog\/redata-ministro-silveira-apoia-gas-natural-para-atender-data-centers\/"},"wordCount":159,"publisher":{"@id":"https:\/\/agenciainfra.com\/blog\/#organization"},"image":{"@id":"https:\/\/agenciainfra.com\/blog\/redata-ministro-silveira-apoia-gas-natural-para-atender-data-centers\/#primaryimage"},"thumbnailUrl":"https:\/\/agenciainfra.com\/blog\/wp-content\/uploads\/2026\/09\/alexandre-silveira-foto-renato-araujo-camara-dos-deputados.jpeg","keywords":["Alexandre Silveira","data centers","g\u00e1s natural","Lais Carregosa","Marisa Wanzeller","Minist\u00e9rio de Minas e Energia","PL 278\/2026","Redata"],"articleSection":["Destaque"],"inLanguage":"pt-BR","copyrightYear":"2026","copyrightHolder":{"@id":"https:\/\/agenciainfra.com\/blog\/#organization"}},{"@type":"WebPage","@id":"https:\/\/agenciainfra.com\/blog\/redata-ministro-silveira-apoia-gas-natural-para-atender-data-centers\/","url":"https:\/\/agenciainfra.com\/blog\/redata-ministro-silveira-apoia-gas-natural-para-atender-data-centers\/","name":"Redata: ministro Silveira apoia g\u00e1s natural para atender data centers - Ag\u00eancia iNFRA","isPartOf":{"@id":"https:\/\/agenciainfra.com\/blog\/#website"},"primaryImageOfPage":{"@id":"https:\/\/agenciainfra.com\/blog\/redata-ministro-silveira-apoia-gas-natural-para-atender-data-centers\/#primaryimage"},"image":{"@id":"https:\/\/agenciainfra.com\/blog\/redata-ministro-silveira-apoia-gas-natural-para-atender-data-centers\/#primaryimage"},"thumbnailUrl":"https:\/\/agenciainfra.com\/blog\/wp-content\/uploads\/2026\/09\/alexandre-silveira-foto-renato-araujo-camara-dos-deputados.jpeg","datePublished":"2026-09-02T20:04:12+00:00","dateModified":"2026-09-02T20:20:58+00:00","breadcrumb":{"@id":"https:\/\/agenciainfra.com\/blog\/redata-ministro-silveira-apoia-gas-natural-para-atender-data-centers\/#breadcrumb"},"inLanguage":"pt-BR","potentialAction":[{"@type":"ReadAction","target":["https:\/\/agenciainfra.com\/blog\/redata-ministro-silveira-apoia-gas-natural-para-atender-data-centers\/"]}]},{"@type":"ImageObject","inLanguage":"pt-BR","@id":"https:\/\/agenciainfra.com\/blog\/redata-ministro-silveira-apoia-gas-natural-para-atender-data-centers\/#primaryimage","url":"https:\/\/agenciainfra.com\/blog\/wp-content\/uploads\/2026\/09\/alexandre-silveira-foto-renato-araujo-camara-dos-deputados.jpeg","contentUrl":"https:\/\/agenciainfra.com\/blog\/wp-content\/uploads\/2026\/09\/alexandre-silveira-foto-renato-araujo-camara-dos-deputados.jpeg","width":1280,"height":789,"caption":"Foto: Renato Ara\u00fajo\/C\u00e2mara dos Deputados"},{"@type":"BreadcrumbList","@id":"https:\/\/agenciainfra.com\/blog\/redata-ministro-silveira-apoia-gas-natural-para-atender-data-centers\/#breadcrumb","itemListElement":[{"@type":"ListItem","position":1,"name":"In\u00edcio","item":"https:\/\/agenciainfra.com\/blog\/"},{"@type":"ListItem","position":2,"name":"Redata: ministro Silveira apoia g\u00e1s natural para atender data centers"}]},{"@type":"WebSite","@id":"https:\/\/agenciainfra.com\/blog\/#website","url":"https:\/\/agenciainfra.com\/blog\/","name":"Ag\u00eancia iNFRA","description":"Multiplataforma de informa\u00e7\u00e3o jornal\u00edstica refer\u00eancia na \u00e1rea de infraestrutura no Brasil!","publisher":{"@id":"https:\/\/agenciainfra.com\/blog\/#organization"},"potentialAction":[{"@type":"SearchAction","target":{"@type":"EntryPoint","urlTemplate":"https:\/\/agenciainfra.com\/blog\/?s={search_term_string}"},"query-input":{"@type":"PropertyValueSpecification","valueRequired":true,"valueName":"search_term_string"}}],"inLanguage":"pt-BR"},{"@type":"Organization","@id":"https:\/\/agenciainfra.com\/blog\/#organization","name":"Ag\u00eancia iNFRA","url":"https:\/\/agenciainfra.com\/blog\/","logo":{"@type":"ImageObject","inLanguage":"pt-BR","@id":"https:\/\/agenciainfra.com\/blog\/#\/schema\/logo\/image\/","url":"https:\/\/agenciainfra.com\/blog\/wp-content\/uploads\/2023\/09\/iNFRA_5-e1761735885940.png","contentUrl":"https:\/\/agenciainfra.com\/blog\/wp-content\/uploads\/2023\/09\/iNFRA_5-e1761735885940.png","width":1672,"height":454,"caption":"Ag\u00eancia iNFRA"},"image":{"@id":"https:\/\/agenciainfra.com\/blog\/#\/schema\/logo\/image\/"},"sameAs":["https:\/\/www.facebook.com\/ageninfra","https:\/\/x.com\/agencia_infra","https:\/\/www.linkedin.com\/company\/ag\u00eanciainfra\/","https:\/\/www.instagram.com\/agenciainfra\/"]},{"@type":"Person","@id":"https:\/\/agenciainfra.com\/blog\/#\/schema\/person\/34af08dff6adea4cb22b06612ba7acfa","name":"Ag\u00eancia iNFRA","image":{"@type":"ImageObject","inLanguage":"pt-BR","@id":"https:\/\/secure.gravatar.com\/avatar\/d189e01678f06d8eb84d4e01f08eb848b3fffe3f8443818d3c356c66892f5be8?s=96&d=mm&r=g","url":"https:\/\/secure.gravatar.com\/avatar\/d189e01678f06d8eb84d4e01f08eb848b3fffe3f8443818d3c356c66892f5be8?s=96&d=mm&r=g","contentUrl":"https:\/\/secure.gravatar.com\/avatar\/d189e01678f06d8eb84d4e01f08eb848b3fffe3f8443818d3c356c66892f5be8?s=96&d=mm&r=g","caption":"Ag\u00eancia iNFRA"},"url":"https:\/\/agenciainfra.com\/blog\/author\/admin\/"}]}},"_links":{"self":[{"href":"https:\/\/agenciainfra.com\/blog\/wp-json\/wp\/v2\/posts\/46846","targetHints":{"allow":["GET"]}}],"collection":[{"href":"https:\/\/agenciainfra.com\/blog\/wp-json\/wp\/v2\/posts"}],"about":[{"href":"https:\/\/agenciainfra.com\/blog\/wp-json\/wp\/v2\/types\/post"}],"author":[{"embeddable":true,"href":"https:\/\/agenciainfra.com\/blog\/wp-json\/wp\/v2\/users\/1"}],"replies":[{"embeddable":true,"href":"https:\/\/agenciainfra.com\/blog\/wp-json\/wp\/v2\/comments?post=46846"}],"version-history":[{"count":3,"href":"https:\/\/agenciainfra.com\/blog\/wp-json\/wp\/v2\/posts\/46846\/revisions"}],"predecessor-version":[{"id":46852,"href":"https:\/\/agenciainfra.com\/blog\/wp-json\/wp\/v2\/posts\/46846\/revisions\/46852"}],"wp:featuredmedia":[{"embeddable":true,"href":"https:\/\/agenciainfra.com\/blog\/wp-json\/wp\/v2\/media\/46847"}],"wp:attachment":[{"href":"https:\/\/agenciainfra.com\/blog\/wp-json\/wp\/v2\/media?parent=46846"}],"wp:term":[{"taxonomy":"category","embeddable":true,"href":"https:\/\/agenciainfra.com\/blog\/wp-json\/wp\/v2\/categories?post=46846"},{"taxonomy":"post_tag","embeddable":true,"href":"https:\/\/agenciainfra.com\/blog\/wp-json\/wp\/v2\/tags?post=46846"}],"curies":[{"name":"wp","href":"https:\/\/api.w.org\/{rel}","templated":true}]}}