{"id":46853,"date":"2026-09-02T17:59:39","date_gmt":"2026-09-02T20:59:39","guid":{"rendered":"https:\/\/agenciainfra.com\/blog\/?p=46853"},"modified":"2026-09-02T17:59:41","modified_gmt":"2026-09-02T20:59:41","slug":"mme-trabalha-para-que-leilao-de-baterias-nao-seja-adiado-diz-silveira","status":"publish","type":"post","link":"https:\/\/agenciainfra.com\/blog\/mme-trabalha-para-que-leilao-de-baterias-nao-seja-adiado-diz-silveira\/","title":{"rendered":"MME trabalha para que leil\u00e3o de baterias n\u00e3o seja adiado, diz Silveira"},"content":{"rendered":"\n<p class=\"has-text-align-right\"><strong>Lais Carregosa e Marisa Wanzeller, da Ag\u00eancia iNFRA<\/strong><\/p>\n\n\n\n<p>O ministro Alexandre Silveira disse nesta quarta-feira (2) que o MME (Minist\u00e9rio de Minas e Energia) trabalha para evitar que o leil\u00e3o de baterias seja adiado. O certame est\u00e1 marcado para dezembro deste ano, mas enfrenta questionamentos do setor sobre o custeio do encargo de armazenamento.<\/p>\n\n\n\n<p>Questionado sobre o poss\u00edvel adiamento do certame, Silveira respondeu que, \u201ctecnicamente, sempre h\u00e1 possibilidade\u201d, mas disse considerar \u201cuma perda para o Brasil\u201d caso isso ocorra.<\/p>\n\n\n\n<p>\u201cO leil\u00e3o \u00e9 fundamental para dar estabilidade \u00e0s energias renov\u00e1veis que crescem de forma exponencial e s\u00e3o importantes de serem estimulados no pa\u00eds&#8221;, afirmou o ministro \u00e0 imprensa ap\u00f3s participa\u00e7\u00e3o em audi\u00eancia p\u00fablica na C\u00e2mara dos Deputados.<\/p>\n\n\n\n<p>A possibilidade de adiamento do leil\u00e3o tem sido especulada nos bastidores do setor el\u00e9trico em meio ao descontentamento dos agentes com a regra que aloca aos geradores o pagamento dos custos da contrata\u00e7\u00e3o de baterias.<\/p>\n\n\n\n<p>Ap\u00f3s articula\u00e7\u00e3o dos geradores, o deputado Arnaldo Jardim (Cidadania-SP) apresentou o <a href=\"https:\/\/www.camara.leg.br\/proposicoesWeb\/fichadetramitacao?idProposicao=2639692\" data-type=\"link\" data-id=\"https:\/\/www.camara.leg.br\/proposicoesWeb\/fichadetramitacao?idProposicao=2639692\">PL (Projeto de Lei) 3.716\/2026<\/a>, que visa excluir o trecho da Lei da Reforma do Setor El\u00e9trico (Lei 15.269) que trata do custeio. Al\u00e9m dessa frente, os agentes tamb\u00e9m tentaram aprovar emendas em outros projetos no Congresso com o mesmo objetivo, mas sem sucesso.<\/p>\n","protected":false},"excerpt":{"rendered":"<p>Lais Carregosa e Marisa Wanzeller, da Ag\u00eancia iNFRA O ministro Alexandre Silveira disse nesta quarta-feira (2) que o MME (Minist\u00e9rio de Minas e Energia) trabalha para evitar que o leil\u00e3o de baterias seja adiado. O certame est\u00e1 marcado para dezembro deste ano, mas enfrenta questionamentos do setor sobre o custeio do encargo de armazenamento. Questionado [&hellip;]<\/p>\n","protected":false},"author":1,"featured_media":46856,"comment_status":"closed","ping_status":"closed","sticky":false,"template":"","format":"standard","meta":{"_monsterinsights_skip_tracking":false,"_monsterinsights_sitenote_active":false,"_monsterinsights_sitenote_note":"","_monsterinsights_sitenote_category":0,"footnotes":""},"categories":[7250],"tags":[6040,888,13132,11465,7366,96,21075],"class_list":["post-46853","post","type-post","status-publish","format-standard","has-post-thumbnail","hentry","category-destaque-lista","tag-alexandre-silveira","tag-arnaldo-jardim","tag-lais-carregosa","tag-leilao-de-baterias","tag-marisa-wanzeller","tag-ministerio-de-minas-e-energia","tag-pl-3-716-2026"],"yoast_head":"<!-- This site is optimized with the Yoast SEO Premium plugin v25.4 (Yoast SEO v28.2) - https:\/\/yoast.com\/product\/yoast-seo-premium-wordpress\/ -->\n<title>MME trabalha para que leil\u00e3o de baterias n\u00e3o seja adiado, diz Silveira - Ag\u00eancia iNFRA<\/title>\n<meta name=\"robots\" content=\"index, follow, max-snippet:-1, max-image-preview:large, max-video-preview:-1\" \/>\n<link rel=\"canonical\" href=\"https:\/\/agenciainfra.com\/blog\/mme-trabalha-para-que-leilao-de-baterias-nao-seja-adiado-diz-silveira\/\" \/>\n<meta property=\"og:locale\" content=\"pt_BR\" \/>\n<meta property=\"og:type\" content=\"article\" \/>\n<meta property=\"og:title\" content=\"MME trabalha para que leil\u00e3o de baterias n\u00e3o seja adiado, diz Silveira\" \/>\n<meta property=\"og:description\" content=\"Lais Carregosa e Marisa Wanzeller, da Ag\u00eancia iNFRA O ministro Alexandre Silveira disse nesta quarta-feira (2) que o MME (Minist\u00e9rio de Minas e Energia) trabalha para evitar que o leil\u00e3o de baterias seja adiado. O certame est\u00e1 marcado para dezembro deste ano, mas enfrenta questionamentos do setor sobre o custeio do encargo de armazenamento. Questionado [&hellip;]\" \/>\n<meta property=\"og:url\" content=\"https:\/\/agenciainfra.com\/blog\/mme-trabalha-para-que-leilao-de-baterias-nao-seja-adiado-diz-silveira\/\" \/>\n<meta property=\"og:site_name\" content=\"Ag\u00eancia iNFRA\" \/>\n<meta property=\"article:publisher\" content=\"https:\/\/www.facebook.com\/ageninfra\" \/>\n<meta property=\"article:published_time\" content=\"2026-09-02T20:59:39+00:00\" \/>\n<meta property=\"article:modified_time\" content=\"2026-09-02T20:59:41+00:00\" \/>\n<meta property=\"og:image\" content=\"https:\/\/agenciainfra.com\/blog\/wp-content\/uploads\/2026\/09\/alexandre-silveira-foto-renato-araujo-camara-dos-deputados-1.jpeg\" \/>\n\t<meta property=\"og:image:width\" content=\"1280\" \/>\n\t<meta property=\"og:image:height\" content=\"789\" \/>\n\t<meta property=\"og:image:type\" content=\"image\/jpeg\" \/>\n<meta name=\"author\" content=\"Ag\u00eancia iNFRA\" \/>\n<meta name=\"twitter:card\" content=\"summary_large_image\" \/>\n<meta name=\"twitter:creator\" content=\"@agencia_infra\" \/>\n<meta name=\"twitter:site\" content=\"@agencia_infra\" \/>\n<meta name=\"twitter:label1\" content=\"Escrito por\" \/>\n\t<meta name=\"twitter:data1\" content=\"Ag\u00eancia iNFRA\" \/>\n\t<meta name=\"twitter:label2\" content=\"Est. tempo de leitura\" \/>\n\t<meta name=\"twitter:data2\" content=\"1 minuto\" \/>\n<script type=\"application\/ld+json\" class=\"yoast-schema-graph\">{\"@context\":\"https:\\\/\\\/schema.org\",\"@graph\":[{\"@type\":\"Article\",\"@id\":\"https:\\\/\\\/agenciainfra.com\\\/blog\\\/mme-trabalha-para-que-leilao-de-baterias-nao-seja-adiado-diz-silveira\\\/#article\",\"isPartOf\":{\"@id\":\"https:\\\/\\\/agenciainfra.com\\\/blog\\\/mme-trabalha-para-que-leilao-de-baterias-nao-seja-adiado-diz-silveira\\\/\"},\"author\":{\"name\":\"Ag\u00eancia iNFRA\",\"@id\":\"https:\\\/\\\/agenciainfra.com\\\/blog\\\/#\\\/schema\\\/person\\\/34af08dff6adea4cb22b06612ba7acfa\"},\"headline\":\"MME trabalha para que leil\u00e3o de baterias n\u00e3o seja adiado, diz Silveira\",\"datePublished\":\"2026-09-02T20:59:39+00:00\",\"dateModified\":\"2026-09-02T20:59:41+00:00\",\"mainEntityOfPage\":{\"@id\":\"https:\\\/\\\/agenciainfra.com\\\/blog\\\/mme-trabalha-para-que-leilao-de-baterias-nao-seja-adiado-diz-silveira\\\/\"},\"wordCount\":236,\"publisher\":{\"@id\":\"https:\\\/\\\/agenciainfra.com\\\/blog\\\/#organization\"},\"image\":{\"@id\":\"https:\\\/\\\/agenciainfra.com\\\/blog\\\/mme-trabalha-para-que-leilao-de-baterias-nao-seja-adiado-diz-silveira\\\/#primaryimage\"},\"thumbnailUrl\":\"https:\\\/\\\/agenciainfra.com\\\/blog\\\/wp-content\\\/uploads\\\/2026\\\/09\\\/alexandre-silveira-foto-renato-araujo-camara-dos-deputados-1.jpeg\",\"keywords\":[\"Alexandre Silveira\",\"Arnaldo Jardim\",\"Lais Carregosa\",\"leil\u00e3o de baterias\",\"Marisa Wanzeller\",\"Minist\u00e9rio de Minas e Energia\",\"PL 3.716\\\/2026\"],\"articleSection\":[\"Destaque lista\"],\"inLanguage\":\"pt-BR\",\"copyrightYear\":\"2026\",\"copyrightHolder\":{\"@id\":\"https:\\\/\\\/agenciainfra.com\\\/blog\\\/#organization\"}},{\"@type\":\"WebPage\",\"@id\":\"https:\\\/\\\/agenciainfra.com\\\/blog\\\/mme-trabalha-para-que-leilao-de-baterias-nao-seja-adiado-diz-silveira\\\/\",\"url\":\"https:\\\/\\\/agenciainfra.com\\\/blog\\\/mme-trabalha-para-que-leilao-de-baterias-nao-seja-adiado-diz-silveira\\\/\",\"name\":\"MME trabalha para que leil\u00e3o de baterias n\u00e3o seja adiado, diz Silveira - Ag\u00eancia iNFRA\",\"isPartOf\":{\"@id\":\"https:\\\/\\\/agenciainfra.com\\\/blog\\\/#website\"},\"primaryImageOfPage\":{\"@id\":\"https:\\\/\\\/agenciainfra.com\\\/blog\\\/mme-trabalha-para-que-leilao-de-baterias-nao-seja-adiado-diz-silveira\\\/#primaryimage\"},\"image\":{\"@id\":\"https:\\\/\\\/agenciainfra.com\\\/blog\\\/mme-trabalha-para-que-leilao-de-baterias-nao-seja-adiado-diz-silveira\\\/#primaryimage\"},\"thumbnailUrl\":\"https:\\\/\\\/agenciainfra.com\\\/blog\\\/wp-content\\\/uploads\\\/2026\\\/09\\\/alexandre-silveira-foto-renato-araujo-camara-dos-deputados-1.jpeg\",\"datePublished\":\"2026-09-02T20:59:39+00:00\",\"dateModified\":\"2026-09-02T20:59:41+00:00\",\"breadcrumb\":{\"@id\":\"https:\\\/\\\/agenciainfra.com\\\/blog\\\/mme-trabalha-para-que-leilao-de-baterias-nao-seja-adiado-diz-silveira\\\/#breadcrumb\"},\"inLanguage\":\"pt-BR\",\"potentialAction\":[{\"@type\":\"ReadAction\",\"target\":[\"https:\\\/\\\/agenciainfra.com\\\/blog\\\/mme-trabalha-para-que-leilao-de-baterias-nao-seja-adiado-diz-silveira\\\/\"]}]},{\"@type\":\"ImageObject\",\"inLanguage\":\"pt-BR\",\"@id\":\"https:\\\/\\\/agenciainfra.com\\\/blog\\\/mme-trabalha-para-que-leilao-de-baterias-nao-seja-adiado-diz-silveira\\\/#primaryimage\",\"url\":\"https:\\\/\\\/agenciainfra.com\\\/blog\\\/wp-content\\\/uploads\\\/2026\\\/09\\\/alexandre-silveira-foto-renato-araujo-camara-dos-deputados-1.jpeg\",\"contentUrl\":\"https:\\\/\\\/agenciainfra.com\\\/blog\\\/wp-content\\\/uploads\\\/2026\\\/09\\\/alexandre-silveira-foto-renato-araujo-camara-dos-deputados-1.jpeg\",\"width\":1280,\"height\":789,\"caption\":\"Foto: Renato Ara\u00fajo\\\/C\u00e2mara dos Deputados\"},{\"@type\":\"BreadcrumbList\",\"@id\":\"https:\\\/\\\/agenciainfra.com\\\/blog\\\/mme-trabalha-para-que-leilao-de-baterias-nao-seja-adiado-diz-silveira\\\/#breadcrumb\",\"itemListElement\":[{\"@type\":\"ListItem\",\"position\":1,\"name\":\"In\u00edcio\",\"item\":\"https:\\\/\\\/agenciainfra.com\\\/blog\\\/\"},{\"@type\":\"ListItem\",\"position\":2,\"name\":\"MME trabalha para que leil\u00e3o de baterias n\u00e3o seja adiado, diz Silveira\"}]},{\"@type\":\"WebSite\",\"@id\":\"https:\\\/\\\/agenciainfra.com\\\/blog\\\/#website\",\"url\":\"https:\\\/\\\/agenciainfra.com\\\/blog\\\/\",\"name\":\"Ag\u00eancia iNFRA\",\"description\":\"Multiplataforma de informa\u00e7\u00e3o jornal\u00edstica refer\u00eancia na \u00e1rea de infraestrutura no Brasil!\",\"publisher\":{\"@id\":\"https:\\\/\\\/agenciainfra.com\\\/blog\\\/#organization\"},\"potentialAction\":[{\"@type\":\"SearchAction\",\"target\":{\"@type\":\"EntryPoint\",\"urlTemplate\":\"https:\\\/\\\/agenciainfra.com\\\/blog\\\/?s={search_term_string}\"},\"query-input\":{\"@type\":\"PropertyValueSpecification\",\"valueRequired\":true,\"valueName\":\"search_term_string\"}}],\"inLanguage\":\"pt-BR\"},{\"@type\":\"Organization\",\"@id\":\"https:\\\/\\\/agenciainfra.com\\\/blog\\\/#organization\",\"name\":\"Ag\u00eancia iNFRA\",\"url\":\"https:\\\/\\\/agenciainfra.com\\\/blog\\\/\",\"logo\":{\"@type\":\"ImageObject\",\"inLanguage\":\"pt-BR\",\"@id\":\"https:\\\/\\\/agenciainfra.com\\\/blog\\\/#\\\/schema\\\/logo\\\/image\\\/\",\"url\":\"https:\\\/\\\/agenciainfra.com\\\/blog\\\/wp-content\\\/uploads\\\/2023\\\/09\\\/iNFRA_5-e1761735885940.png\",\"contentUrl\":\"https:\\\/\\\/agenciainfra.com\\\/blog\\\/wp-content\\\/uploads\\\/2023\\\/09\\\/iNFRA_5-e1761735885940.png\",\"width\":1672,\"height\":454,\"caption\":\"Ag\u00eancia iNFRA\"},\"image\":{\"@id\":\"https:\\\/\\\/agenciainfra.com\\\/blog\\\/#\\\/schema\\\/logo\\\/image\\\/\"},\"sameAs\":[\"https:\\\/\\\/www.facebook.com\\\/ageninfra\",\"https:\\\/\\\/x.com\\\/agencia_infra\",\"https:\\\/\\\/www.linkedin.com\\\/company\\\/ag\u00eanciainfra\\\/\",\"https:\\\/\\\/www.instagram.com\\\/agenciainfra\\\/\"]},{\"@type\":\"Person\",\"@id\":\"https:\\\/\\\/agenciainfra.com\\\/blog\\\/#\\\/schema\\\/person\\\/34af08dff6adea4cb22b06612ba7acfa\",\"name\":\"Ag\u00eancia iNFRA\",\"image\":{\"@type\":\"ImageObject\",\"inLanguage\":\"pt-BR\",\"@id\":\"https:\\\/\\\/secure.gravatar.com\\\/avatar\\\/d189e01678f06d8eb84d4e01f08eb848b3fffe3f8443818d3c356c66892f5be8?s=96&d=mm&r=g\",\"url\":\"https:\\\/\\\/secure.gravatar.com\\\/avatar\\\/d189e01678f06d8eb84d4e01f08eb848b3fffe3f8443818d3c356c66892f5be8?s=96&d=mm&r=g\",\"contentUrl\":\"https:\\\/\\\/secure.gravatar.com\\\/avatar\\\/d189e01678f06d8eb84d4e01f08eb848b3fffe3f8443818d3c356c66892f5be8?s=96&d=mm&r=g\",\"caption\":\"Ag\u00eancia iNFRA\"},\"url\":\"https:\\\/\\\/agenciainfra.com\\\/blog\\\/author\\\/admin\\\/\"}]}<\/script>\n<!-- \/ Yoast SEO Premium plugin. -->","yoast_head_json":{"title":"MME trabalha para que leil\u00e3o de baterias n\u00e3o seja adiado, diz Silveira - Ag\u00eancia iNFRA","robots":{"index":"index","follow":"follow","max-snippet":"max-snippet:-1","max-image-preview":"max-image-preview:large","max-video-preview":"max-video-preview:-1"},"canonical":"https:\/\/agenciainfra.com\/blog\/mme-trabalha-para-que-leilao-de-baterias-nao-seja-adiado-diz-silveira\/","og_locale":"pt_BR","og_type":"article","og_title":"MME trabalha para que leil\u00e3o de baterias n\u00e3o seja adiado, diz Silveira","og_description":"Lais Carregosa e Marisa Wanzeller, da Ag\u00eancia iNFRA O ministro Alexandre Silveira disse nesta quarta-feira (2) que o MME (Minist\u00e9rio de Minas e Energia) trabalha para evitar que o leil\u00e3o de baterias seja adiado. O certame est\u00e1 marcado para dezembro deste ano, mas enfrenta questionamentos do setor sobre o custeio do encargo de armazenamento. Questionado [&hellip;]","og_url":"https:\/\/agenciainfra.com\/blog\/mme-trabalha-para-que-leilao-de-baterias-nao-seja-adiado-diz-silveira\/","og_site_name":"Ag\u00eancia iNFRA","article_publisher":"https:\/\/www.facebook.com\/ageninfra","article_published_time":"2026-09-02T20:59:39+00:00","article_modified_time":"2026-09-02T20:59:41+00:00","og_image":[{"width":1280,"height":789,"url":"https:\/\/agenciainfra.com\/blog\/wp-content\/uploads\/2026\/09\/alexandre-silveira-foto-renato-araujo-camara-dos-deputados-1.jpeg","type":"image\/jpeg"}],"author":"Ag\u00eancia iNFRA","twitter_card":"summary_large_image","twitter_creator":"@agencia_infra","twitter_site":"@agencia_infra","twitter_misc":{"Escrito por":"Ag\u00eancia iNFRA","Est. tempo de leitura":"1 minuto"},"schema":{"@context":"https:\/\/schema.org","@graph":[{"@type":"Article","@id":"https:\/\/agenciainfra.com\/blog\/mme-trabalha-para-que-leilao-de-baterias-nao-seja-adiado-diz-silveira\/#article","isPartOf":{"@id":"https:\/\/agenciainfra.com\/blog\/mme-trabalha-para-que-leilao-de-baterias-nao-seja-adiado-diz-silveira\/"},"author":{"name":"Ag\u00eancia iNFRA","@id":"https:\/\/agenciainfra.com\/blog\/#\/schema\/person\/34af08dff6adea4cb22b06612ba7acfa"},"headline":"MME trabalha para que leil\u00e3o de baterias n\u00e3o seja adiado, diz Silveira","datePublished":"2026-09-02T20:59:39+00:00","dateModified":"2026-09-02T20:59:41+00:00","mainEntityOfPage":{"@id":"https:\/\/agenciainfra.com\/blog\/mme-trabalha-para-que-leilao-de-baterias-nao-seja-adiado-diz-silveira\/"},"wordCount":236,"publisher":{"@id":"https:\/\/agenciainfra.com\/blog\/#organization"},"image":{"@id":"https:\/\/agenciainfra.com\/blog\/mme-trabalha-para-que-leilao-de-baterias-nao-seja-adiado-diz-silveira\/#primaryimage"},"thumbnailUrl":"https:\/\/agenciainfra.com\/blog\/wp-content\/uploads\/2026\/09\/alexandre-silveira-foto-renato-araujo-camara-dos-deputados-1.jpeg","keywords":["Alexandre Silveira","Arnaldo Jardim","Lais Carregosa","leil\u00e3o de baterias","Marisa Wanzeller","Minist\u00e9rio de Minas e Energia","PL 3.716\/2026"],"articleSection":["Destaque lista"],"inLanguage":"pt-BR","copyrightYear":"2026","copyrightHolder":{"@id":"https:\/\/agenciainfra.com\/blog\/#organization"}},{"@type":"WebPage","@id":"https:\/\/agenciainfra.com\/blog\/mme-trabalha-para-que-leilao-de-baterias-nao-seja-adiado-diz-silveira\/","url":"https:\/\/agenciainfra.com\/blog\/mme-trabalha-para-que-leilao-de-baterias-nao-seja-adiado-diz-silveira\/","name":"MME trabalha para que leil\u00e3o de baterias n\u00e3o seja adiado, diz Silveira - Ag\u00eancia iNFRA","isPartOf":{"@id":"https:\/\/agenciainfra.com\/blog\/#website"},"primaryImageOfPage":{"@id":"https:\/\/agenciainfra.com\/blog\/mme-trabalha-para-que-leilao-de-baterias-nao-seja-adiado-diz-silveira\/#primaryimage"},"image":{"@id":"https:\/\/agenciainfra.com\/blog\/mme-trabalha-para-que-leilao-de-baterias-nao-seja-adiado-diz-silveira\/#primaryimage"},"thumbnailUrl":"https:\/\/agenciainfra.com\/blog\/wp-content\/uploads\/2026\/09\/alexandre-silveira-foto-renato-araujo-camara-dos-deputados-1.jpeg","datePublished":"2026-09-02T20:59:39+00:00","dateModified":"2026-09-02T20:59:41+00:00","breadcrumb":{"@id":"https:\/\/agenciainfra.com\/blog\/mme-trabalha-para-que-leilao-de-baterias-nao-seja-adiado-diz-silveira\/#breadcrumb"},"inLanguage":"pt-BR","potentialAction":[{"@type":"ReadAction","target":["https:\/\/agenciainfra.com\/blog\/mme-trabalha-para-que-leilao-de-baterias-nao-seja-adiado-diz-silveira\/"]}]},{"@type":"ImageObject","inLanguage":"pt-BR","@id":"https:\/\/agenciainfra.com\/blog\/mme-trabalha-para-que-leilao-de-baterias-nao-seja-adiado-diz-silveira\/#primaryimage","url":"https:\/\/agenciainfra.com\/blog\/wp-content\/uploads\/2026\/09\/alexandre-silveira-foto-renato-araujo-camara-dos-deputados-1.jpeg","contentUrl":"https:\/\/agenciainfra.com\/blog\/wp-content\/uploads\/2026\/09\/alexandre-silveira-foto-renato-araujo-camara-dos-deputados-1.jpeg","width":1280,"height":789,"caption":"Foto: Renato Ara\u00fajo\/C\u00e2mara dos Deputados"},{"@type":"BreadcrumbList","@id":"https:\/\/agenciainfra.com\/blog\/mme-trabalha-para-que-leilao-de-baterias-nao-seja-adiado-diz-silveira\/#breadcrumb","itemListElement":[{"@type":"ListItem","position":1,"name":"In\u00edcio","item":"https:\/\/agenciainfra.com\/blog\/"},{"@type":"ListItem","position":2,"name":"MME trabalha para que leil\u00e3o de baterias n\u00e3o seja adiado, diz Silveira"}]},{"@type":"WebSite","@id":"https:\/\/agenciainfra.com\/blog\/#website","url":"https:\/\/agenciainfra.com\/blog\/","name":"Ag\u00eancia iNFRA","description":"Multiplataforma de informa\u00e7\u00e3o jornal\u00edstica refer\u00eancia na \u00e1rea de infraestrutura no Brasil!","publisher":{"@id":"https:\/\/agenciainfra.com\/blog\/#organization"},"potentialAction":[{"@type":"SearchAction","target":{"@type":"EntryPoint","urlTemplate":"https:\/\/agenciainfra.com\/blog\/?s={search_term_string}"},"query-input":{"@type":"PropertyValueSpecification","valueRequired":true,"valueName":"search_term_string"}}],"inLanguage":"pt-BR"},{"@type":"Organization","@id":"https:\/\/agenciainfra.com\/blog\/#organization","name":"Ag\u00eancia iNFRA","url":"https:\/\/agenciainfra.com\/blog\/","logo":{"@type":"ImageObject","inLanguage":"pt-BR","@id":"https:\/\/agenciainfra.com\/blog\/#\/schema\/logo\/image\/","url":"https:\/\/agenciainfra.com\/blog\/wp-content\/uploads\/2023\/09\/iNFRA_5-e1761735885940.png","contentUrl":"https:\/\/agenciainfra.com\/blog\/wp-content\/uploads\/2023\/09\/iNFRA_5-e1761735885940.png","width":1672,"height":454,"caption":"Ag\u00eancia iNFRA"},"image":{"@id":"https:\/\/agenciainfra.com\/blog\/#\/schema\/logo\/image\/"},"sameAs":["https:\/\/www.facebook.com\/ageninfra","https:\/\/x.com\/agencia_infra","https:\/\/www.linkedin.com\/company\/ag\u00eanciainfra\/","https:\/\/www.instagram.com\/agenciainfra\/"]},{"@type":"Person","@id":"https:\/\/agenciainfra.com\/blog\/#\/schema\/person\/34af08dff6adea4cb22b06612ba7acfa","name":"Ag\u00eancia iNFRA","image":{"@type":"ImageObject","inLanguage":"pt-BR","@id":"https:\/\/secure.gravatar.com\/avatar\/d189e01678f06d8eb84d4e01f08eb848b3fffe3f8443818d3c356c66892f5be8?s=96&d=mm&r=g","url":"https:\/\/secure.gravatar.com\/avatar\/d189e01678f06d8eb84d4e01f08eb848b3fffe3f8443818d3c356c66892f5be8?s=96&d=mm&r=g","contentUrl":"https:\/\/secure.gravatar.com\/avatar\/d189e01678f06d8eb84d4e01f08eb848b3fffe3f8443818d3c356c66892f5be8?s=96&d=mm&r=g","caption":"Ag\u00eancia iNFRA"},"url":"https:\/\/agenciainfra.com\/blog\/author\/admin\/"}]}},"_links":{"self":[{"href":"https:\/\/agenciainfra.com\/blog\/wp-json\/wp\/v2\/posts\/46853","targetHints":{"allow":["GET"]}}],"collection":[{"href":"https:\/\/agenciainfra.com\/blog\/wp-json\/wp\/v2\/posts"}],"about":[{"href":"https:\/\/agenciainfra.com\/blog\/wp-json\/wp\/v2\/types\/post"}],"author":[{"embeddable":true,"href":"https:\/\/agenciainfra.com\/blog\/wp-json\/wp\/v2\/users\/1"}],"replies":[{"embeddable":true,"href":"https:\/\/agenciainfra.com\/blog\/wp-json\/wp\/v2\/comments?post=46853"}],"version-history":[{"count":1,"href":"https:\/\/agenciainfra.com\/blog\/wp-json\/wp\/v2\/posts\/46853\/revisions"}],"predecessor-version":[{"id":46857,"href":"https:\/\/agenciainfra.com\/blog\/wp-json\/wp\/v2\/posts\/46853\/revisions\/46857"}],"wp:featuredmedia":[{"embeddable":true,"href":"https:\/\/agenciainfra.com\/blog\/wp-json\/wp\/v2\/media\/46856"}],"wp:attachment":[{"href":"https:\/\/agenciainfra.com\/blog\/wp-json\/wp\/v2\/media?parent=46853"}],"wp:term":[{"taxonomy":"category","embeddable":true,"href":"https:\/\/agenciainfra.com\/blog\/wp-json\/wp\/v2\/categories?post=46853"},{"taxonomy":"post_tag","embeddable":true,"href":"https:\/\/agenciainfra.com\/blog\/wp-json\/wp\/v2\/tags?post=46853"}],"curies":[{"name":"wp","href":"https:\/\/api.w.org\/{rel}","templated":true}]}}