{"id":46854,"date":"2026-09-02T17:55:14","date_gmt":"2026-09-02T20:55:14","guid":{"rendered":"https:\/\/agenciainfra.com\/blog\/?p=46854"},"modified":"2026-09-02T17:55:16","modified_gmt":"2026-09-02T20:55:16","slug":"ministro-volta-a-defender-gas-de-fracking-a-dias-de-julgamento-no-stj","status":"publish","type":"post","link":"https:\/\/agenciainfra.com\/blog\/ministro-volta-a-defender-gas-de-fracking-a-dias-de-julgamento-no-stj\/","title":{"rendered":"Ministro volta a defender g\u00e1s de fracking a dias de julgamento no STJ"},"content":{"rendered":"\n<p class=\"has-text-align-right\"><strong>Gabriel Vasconcelos, da Ag\u00eancia iNFRA<\/strong><\/p>\n\n\n\n<p>O ministro de Minas e Energia, Alexandre Silveira, voltou a defender nesta quarta-feira (2) a produ\u00e7\u00e3o do chamado g\u00e1s de fracking, obtido via inje\u00e7\u00e3o de \u00e1gua, areia e aditivos qu\u00edmicos para fraturar a rocha. O ministro falou a jornalistas na sa\u00edda de uma audi\u00eancia p\u00fablica na C\u00e2mara dos Deputados. As declara\u00e7\u00f5es v\u00eam a oito dias do julgamento sobre a legalidade da pr\u00e1tica no STJ (Superior Tribunal de Justi\u00e7a).<\/p>\n\n\n\n<p>&#8220;No g\u00e1s de fracking, o g\u00e1s n\u00e3o convencional, em que temos grandes riquezas no Brasil, em especial na bacia do Paran\u00e1 e na bacia do S\u00e3o Francisco e Minas Gerais, n\u00e3o justifica a gente falar que estamos preservando [o meio ambiente] ou n\u00e3o considerando o g\u00e1s uma energia de transi\u00e7\u00e3o, sendo que somos o maior importador de g\u00e1s de fracking dos Estados Unidos&#8221;, disse Silveira a jornalistas na sa\u00edde de uma audi\u00eancia p\u00fablica na C\u00e2mara dos Deputados.<\/p>\n\n\n\n<p>O ministro citou o julgamento no STJ e disse que o pa\u00eds ter\u00e1 de come\u00e7ar essa discuss\u00e3o, listando o insumo como uma das possibilidades para aumentar a oferta de mol\u00e9cula no pa\u00eds e, com isso, reduzir pre\u00e7o.<\/p>\n\n\n\n<p><strong>Exporta\u00e7\u00e3o obrigat\u00f3ria em plataformas<br><\/strong>Nesse sentido, o ministro tamb\u00e9m defendeu a redu\u00e7\u00e3o da inje\u00e7\u00e3o de g\u00e1s em campos de petr\u00f3leo para que esses volumes sejam trazidos para a costa, o que requereria &#8220;plataformas adequadas&#8221; em suas palavras. Ele falou em obrigar as petroleiras a escoar seu g\u00e1s para o territ\u00f3rio.<\/p>\n\n\n\n<p>Segundo ele, o governo anterior, do ex-presidente Jair Bolsonaro, &#8220;praticamente fechou a possibilidade&#8221; para isso acontecer quando contratou, via Petrobras, plataformas que n\u00e3o permitem o aproveitamento do g\u00e1s como insumo energ\u00e9tico.<\/p>\n\n\n\n<p>&#8220;\u00c9 uma caracter\u00edstica das grandes petroleiras, se preocuparem s\u00f3 em produzir petr\u00f3leo porque \u00e9 mais rent\u00e1vel. Isso \u00e9 natural. Mas n\u00e3o \u00e9 natural que o governo deixe de implementar pol\u00edticas para obrigar as petroleiras, sejam elas quais forem, a trazer mais g\u00e1s natural para o Brasil&#8221;, disse Silveira.<\/p>\n","protected":false},"excerpt":{"rendered":"<p>Gabriel Vasconcelos, da Ag\u00eancia iNFRA O ministro de Minas e Energia, Alexandre Silveira, voltou a defender nesta quarta-feira (2) a produ\u00e7\u00e3o do chamado g\u00e1s de fracking, obtido via inje\u00e7\u00e3o de \u00e1gua, areia e aditivos qu\u00edmicos para fraturar a rocha. O ministro falou a jornalistas na sa\u00edda de uma audi\u00eancia p\u00fablica na C\u00e2mara dos Deputados. As [&hellip;]<\/p>\n","protected":false},"author":1,"featured_media":31409,"comment_status":"closed","ping_status":"closed","sticky":false,"template":"","format":"standard","meta":{"_monsterinsights_skip_tracking":false,"_monsterinsights_sitenote_active":false,"_monsterinsights_sitenote_note":"","_monsterinsights_sitenote_category":0,"footnotes":""},"categories":[7250],"tags":[6040,305,13251,343,14275,71,143,1489],"class_list":["post-46854","post","type-post","status-publish","format-standard","has-post-thumbnail","hentry","category-destaque-lista","tag-alexandre-silveira","tag-camara-dos-deputados","tag-gabriel-vasconcelos","tag-gas","tag-gas-de-fracking","tag-mme","tag-petrobras","tag-stj"],"yoast_head":"<!-- This site is optimized with the Yoast SEO Premium plugin v25.4 (Yoast SEO v28.2) - https:\/\/yoast.com\/product\/yoast-seo-premium-wordpress\/ -->\n<title>Ministro volta a defender g\u00e1s de fracking a dias de julgamento no STJ - Ag\u00eancia iNFRA<\/title>\n<meta name=\"robots\" content=\"index, follow, max-snippet:-1, max-image-preview:large, max-video-preview:-1\" \/>\n<link rel=\"canonical\" href=\"https:\/\/agenciainfra.com\/blog\/ministro-volta-a-defender-gas-de-fracking-a-dias-de-julgamento-no-stj\/\" \/>\n<meta property=\"og:locale\" content=\"pt_BR\" \/>\n<meta property=\"og:type\" content=\"article\" \/>\n<meta property=\"og:title\" content=\"Ministro volta a defender g\u00e1s de fracking a dias de julgamento no STJ\" \/>\n<meta property=\"og:description\" content=\"Gabriel Vasconcelos, da Ag\u00eancia iNFRA O ministro de Minas e Energia, Alexandre Silveira, voltou a defender nesta quarta-feira (2) a produ\u00e7\u00e3o do chamado g\u00e1s de fracking, obtido via inje\u00e7\u00e3o de \u00e1gua, areia e aditivos qu\u00edmicos para fraturar a rocha. O ministro falou a jornalistas na sa\u00edda de uma audi\u00eancia p\u00fablica na C\u00e2mara dos Deputados. As [&hellip;]\" \/>\n<meta property=\"og:url\" content=\"https:\/\/agenciainfra.com\/blog\/ministro-volta-a-defender-gas-de-fracking-a-dias-de-julgamento-no-stj\/\" \/>\n<meta property=\"og:site_name\" content=\"Ag\u00eancia iNFRA\" \/>\n<meta property=\"article:publisher\" content=\"https:\/\/www.facebook.com\/ageninfra\" \/>\n<meta property=\"article:published_time\" content=\"2026-09-02T20:55:14+00:00\" \/>\n<meta property=\"article:modified_time\" content=\"2026-09-02T20:55:16+00:00\" \/>\n<meta property=\"og:image\" content=\"https:\/\/agenciainfra.com\/blog\/wp-content\/uploads\/2025\/11\/exploracao-de-petroleo-foto-dominio-publico-scaled-e1763466179944.jpg\" \/>\n\t<meta property=\"og:image:width\" content=\"1280\" \/>\n\t<meta property=\"og:image:height\" content=\"730\" \/>\n\t<meta property=\"og:image:type\" content=\"image\/jpeg\" \/>\n<meta name=\"author\" content=\"Ag\u00eancia iNFRA\" \/>\n<meta name=\"twitter:card\" content=\"summary_large_image\" \/>\n<meta name=\"twitter:creator\" content=\"@agencia_infra\" \/>\n<meta name=\"twitter:site\" content=\"@agencia_infra\" \/>\n<meta name=\"twitter:label1\" content=\"Escrito por\" \/>\n\t<meta name=\"twitter:data1\" content=\"Ag\u00eancia iNFRA\" \/>\n\t<meta name=\"twitter:label2\" content=\"Est. tempo de leitura\" \/>\n\t<meta name=\"twitter:data2\" content=\"2 minutos\" \/>\n<script type=\"application\/ld+json\" class=\"yoast-schema-graph\">{\"@context\":\"https:\\\/\\\/schema.org\",\"@graph\":[{\"@type\":\"Article\",\"@id\":\"https:\\\/\\\/agenciainfra.com\\\/blog\\\/ministro-volta-a-defender-gas-de-fracking-a-dias-de-julgamento-no-stj\\\/#article\",\"isPartOf\":{\"@id\":\"https:\\\/\\\/agenciainfra.com\\\/blog\\\/ministro-volta-a-defender-gas-de-fracking-a-dias-de-julgamento-no-stj\\\/\"},\"author\":{\"name\":\"Ag\u00eancia iNFRA\",\"@id\":\"https:\\\/\\\/agenciainfra.com\\\/blog\\\/#\\\/schema\\\/person\\\/34af08dff6adea4cb22b06612ba7acfa\"},\"headline\":\"Ministro volta a defender g\u00e1s de fracking a dias de julgamento no STJ\",\"datePublished\":\"2026-09-02T20:55:14+00:00\",\"dateModified\":\"2026-09-02T20:55:16+00:00\",\"mainEntityOfPage\":{\"@id\":\"https:\\\/\\\/agenciainfra.com\\\/blog\\\/ministro-volta-a-defender-gas-de-fracking-a-dias-de-julgamento-no-stj\\\/\"},\"wordCount\":375,\"publisher\":{\"@id\":\"https:\\\/\\\/agenciainfra.com\\\/blog\\\/#organization\"},\"image\":{\"@id\":\"https:\\\/\\\/agenciainfra.com\\\/blog\\\/ministro-volta-a-defender-gas-de-fracking-a-dias-de-julgamento-no-stj\\\/#primaryimage\"},\"thumbnailUrl\":\"https:\\\/\\\/agenciainfra.com\\\/blog\\\/wp-content\\\/uploads\\\/2025\\\/11\\\/exploracao-de-petroleo-foto-dominio-publico-scaled-e1763466179944.jpg\",\"keywords\":[\"Alexandre Silveira\",\"C\u00e2mara dos Deputados\",\"Gabriel Vasconcelos\",\"g\u00e1s\",\"g\u00e1s de fracking\",\"MME\",\"Petrobras\",\"STJ\"],\"articleSection\":[\"Destaque lista\"],\"inLanguage\":\"pt-BR\",\"copyrightYear\":\"2026\",\"copyrightHolder\":{\"@id\":\"https:\\\/\\\/agenciainfra.com\\\/blog\\\/#organization\"}},{\"@type\":\"WebPage\",\"@id\":\"https:\\\/\\\/agenciainfra.com\\\/blog\\\/ministro-volta-a-defender-gas-de-fracking-a-dias-de-julgamento-no-stj\\\/\",\"url\":\"https:\\\/\\\/agenciainfra.com\\\/blog\\\/ministro-volta-a-defender-gas-de-fracking-a-dias-de-julgamento-no-stj\\\/\",\"name\":\"Ministro volta a defender g\u00e1s de fracking a dias de julgamento no STJ - Ag\u00eancia iNFRA\",\"isPartOf\":{\"@id\":\"https:\\\/\\\/agenciainfra.com\\\/blog\\\/#website\"},\"primaryImageOfPage\":{\"@id\":\"https:\\\/\\\/agenciainfra.com\\\/blog\\\/ministro-volta-a-defender-gas-de-fracking-a-dias-de-julgamento-no-stj\\\/#primaryimage\"},\"image\":{\"@id\":\"https:\\\/\\\/agenciainfra.com\\\/blog\\\/ministro-volta-a-defender-gas-de-fracking-a-dias-de-julgamento-no-stj\\\/#primaryimage\"},\"thumbnailUrl\":\"https:\\\/\\\/agenciainfra.com\\\/blog\\\/wp-content\\\/uploads\\\/2025\\\/11\\\/exploracao-de-petroleo-foto-dominio-publico-scaled-e1763466179944.jpg\",\"datePublished\":\"2026-09-02T20:55:14+00:00\",\"dateModified\":\"2026-09-02T20:55:16+00:00\",\"breadcrumb\":{\"@id\":\"https:\\\/\\\/agenciainfra.com\\\/blog\\\/ministro-volta-a-defender-gas-de-fracking-a-dias-de-julgamento-no-stj\\\/#breadcrumb\"},\"inLanguage\":\"pt-BR\",\"potentialAction\":[{\"@type\":\"ReadAction\",\"target\":[\"https:\\\/\\\/agenciainfra.com\\\/blog\\\/ministro-volta-a-defender-gas-de-fracking-a-dias-de-julgamento-no-stj\\\/\"]}]},{\"@type\":\"ImageObject\",\"inLanguage\":\"pt-BR\",\"@id\":\"https:\\\/\\\/agenciainfra.com\\\/blog\\\/ministro-volta-a-defender-gas-de-fracking-a-dias-de-julgamento-no-stj\\\/#primaryimage\",\"url\":\"https:\\\/\\\/agenciainfra.com\\\/blog\\\/wp-content\\\/uploads\\\/2025\\\/11\\\/exploracao-de-petroleo-foto-dominio-publico-scaled-e1763466179944.jpg\",\"contentUrl\":\"https:\\\/\\\/agenciainfra.com\\\/blog\\\/wp-content\\\/uploads\\\/2025\\\/11\\\/exploracao-de-petroleo-foto-dominio-publico-scaled-e1763466179944.jpg\",\"width\":1280,\"height\":730,\"caption\":\"Foto: Dom\u00ednio p\u00fablico\"},{\"@type\":\"BreadcrumbList\",\"@id\":\"https:\\\/\\\/agenciainfra.com\\\/blog\\\/ministro-volta-a-defender-gas-de-fracking-a-dias-de-julgamento-no-stj\\\/#breadcrumb\",\"itemListElement\":[{\"@type\":\"ListItem\",\"position\":1,\"name\":\"In\u00edcio\",\"item\":\"https:\\\/\\\/agenciainfra.com\\\/blog\\\/\"},{\"@type\":\"ListItem\",\"position\":2,\"name\":\"Ministro volta a defender g\u00e1s de fracking a dias de julgamento no STJ\"}]},{\"@type\":\"WebSite\",\"@id\":\"https:\\\/\\\/agenciainfra.com\\\/blog\\\/#website\",\"url\":\"https:\\\/\\\/agenciainfra.com\\\/blog\\\/\",\"name\":\"Ag\u00eancia iNFRA\",\"description\":\"Multiplataforma de informa\u00e7\u00e3o jornal\u00edstica refer\u00eancia na \u00e1rea de infraestrutura no Brasil!\",\"publisher\":{\"@id\":\"https:\\\/\\\/agenciainfra.com\\\/blog\\\/#organization\"},\"potentialAction\":[{\"@type\":\"SearchAction\",\"target\":{\"@type\":\"EntryPoint\",\"urlTemplate\":\"https:\\\/\\\/agenciainfra.com\\\/blog\\\/?s={search_term_string}\"},\"query-input\":{\"@type\":\"PropertyValueSpecification\",\"valueRequired\":true,\"valueName\":\"search_term_string\"}}],\"inLanguage\":\"pt-BR\"},{\"@type\":\"Organization\",\"@id\":\"https:\\\/\\\/agenciainfra.com\\\/blog\\\/#organization\",\"name\":\"Ag\u00eancia iNFRA\",\"url\":\"https:\\\/\\\/agenciainfra.com\\\/blog\\\/\",\"logo\":{\"@type\":\"ImageObject\",\"inLanguage\":\"pt-BR\",\"@id\":\"https:\\\/\\\/agenciainfra.com\\\/blog\\\/#\\\/schema\\\/logo\\\/image\\\/\",\"url\":\"https:\\\/\\\/agenciainfra.com\\\/blog\\\/wp-content\\\/uploads\\\/2023\\\/09\\\/iNFRA_5-e1761735885940.png\",\"contentUrl\":\"https:\\\/\\\/agenciainfra.com\\\/blog\\\/wp-content\\\/uploads\\\/2023\\\/09\\\/iNFRA_5-e1761735885940.png\",\"width\":1672,\"height\":454,\"caption\":\"Ag\u00eancia iNFRA\"},\"image\":{\"@id\":\"https:\\\/\\\/agenciainfra.com\\\/blog\\\/#\\\/schema\\\/logo\\\/image\\\/\"},\"sameAs\":[\"https:\\\/\\\/www.facebook.com\\\/ageninfra\",\"https:\\\/\\\/x.com\\\/agencia_infra\",\"https:\\\/\\\/www.linkedin.com\\\/company\\\/ag\u00eanciainfra\\\/\",\"https:\\\/\\\/www.instagram.com\\\/agenciainfra\\\/\"]},{\"@type\":\"Person\",\"@id\":\"https:\\\/\\\/agenciainfra.com\\\/blog\\\/#\\\/schema\\\/person\\\/34af08dff6adea4cb22b06612ba7acfa\",\"name\":\"Ag\u00eancia iNFRA\",\"image\":{\"@type\":\"ImageObject\",\"inLanguage\":\"pt-BR\",\"@id\":\"https:\\\/\\\/secure.gravatar.com\\\/avatar\\\/d189e01678f06d8eb84d4e01f08eb848b3fffe3f8443818d3c356c66892f5be8?s=96&d=mm&r=g\",\"url\":\"https:\\\/\\\/secure.gravatar.com\\\/avatar\\\/d189e01678f06d8eb84d4e01f08eb848b3fffe3f8443818d3c356c66892f5be8?s=96&d=mm&r=g\",\"contentUrl\":\"https:\\\/\\\/secure.gravatar.com\\\/avatar\\\/d189e01678f06d8eb84d4e01f08eb848b3fffe3f8443818d3c356c66892f5be8?s=96&d=mm&r=g\",\"caption\":\"Ag\u00eancia iNFRA\"},\"url\":\"https:\\\/\\\/agenciainfra.com\\\/blog\\\/author\\\/admin\\\/\"}]}<\/script>\n<!-- \/ Yoast SEO Premium plugin. -->","yoast_head_json":{"title":"Ministro volta a defender g\u00e1s de fracking a dias de julgamento no STJ - Ag\u00eancia iNFRA","robots":{"index":"index","follow":"follow","max-snippet":"max-snippet:-1","max-image-preview":"max-image-preview:large","max-video-preview":"max-video-preview:-1"},"canonical":"https:\/\/agenciainfra.com\/blog\/ministro-volta-a-defender-gas-de-fracking-a-dias-de-julgamento-no-stj\/","og_locale":"pt_BR","og_type":"article","og_title":"Ministro volta a defender g\u00e1s de fracking a dias de julgamento no STJ","og_description":"Gabriel Vasconcelos, da Ag\u00eancia iNFRA O ministro de Minas e Energia, Alexandre Silveira, voltou a defender nesta quarta-feira (2) a produ\u00e7\u00e3o do chamado g\u00e1s de fracking, obtido via inje\u00e7\u00e3o de \u00e1gua, areia e aditivos qu\u00edmicos para fraturar a rocha. O ministro falou a jornalistas na sa\u00edda de uma audi\u00eancia p\u00fablica na C\u00e2mara dos Deputados. As [&hellip;]","og_url":"https:\/\/agenciainfra.com\/blog\/ministro-volta-a-defender-gas-de-fracking-a-dias-de-julgamento-no-stj\/","og_site_name":"Ag\u00eancia iNFRA","article_publisher":"https:\/\/www.facebook.com\/ageninfra","article_published_time":"2026-09-02T20:55:14+00:00","article_modified_time":"2026-09-02T20:55:16+00:00","og_image":[{"width":1280,"height":730,"url":"https:\/\/agenciainfra.com\/blog\/wp-content\/uploads\/2025\/11\/exploracao-de-petroleo-foto-dominio-publico-scaled-e1763466179944.jpg","type":"image\/jpeg"}],"author":"Ag\u00eancia iNFRA","twitter_card":"summary_large_image","twitter_creator":"@agencia_infra","twitter_site":"@agencia_infra","twitter_misc":{"Escrito por":"Ag\u00eancia iNFRA","Est. tempo de leitura":"2 minutos"},"schema":{"@context":"https:\/\/schema.org","@graph":[{"@type":"Article","@id":"https:\/\/agenciainfra.com\/blog\/ministro-volta-a-defender-gas-de-fracking-a-dias-de-julgamento-no-stj\/#article","isPartOf":{"@id":"https:\/\/agenciainfra.com\/blog\/ministro-volta-a-defender-gas-de-fracking-a-dias-de-julgamento-no-stj\/"},"author":{"name":"Ag\u00eancia iNFRA","@id":"https:\/\/agenciainfra.com\/blog\/#\/schema\/person\/34af08dff6adea4cb22b06612ba7acfa"},"headline":"Ministro volta a defender g\u00e1s de fracking a dias de julgamento no STJ","datePublished":"2026-09-02T20:55:14+00:00","dateModified":"2026-09-02T20:55:16+00:00","mainEntityOfPage":{"@id":"https:\/\/agenciainfra.com\/blog\/ministro-volta-a-defender-gas-de-fracking-a-dias-de-julgamento-no-stj\/"},"wordCount":375,"publisher":{"@id":"https:\/\/agenciainfra.com\/blog\/#organization"},"image":{"@id":"https:\/\/agenciainfra.com\/blog\/ministro-volta-a-defender-gas-de-fracking-a-dias-de-julgamento-no-stj\/#primaryimage"},"thumbnailUrl":"https:\/\/agenciainfra.com\/blog\/wp-content\/uploads\/2025\/11\/exploracao-de-petroleo-foto-dominio-publico-scaled-e1763466179944.jpg","keywords":["Alexandre Silveira","C\u00e2mara dos Deputados","Gabriel Vasconcelos","g\u00e1s","g\u00e1s de fracking","MME","Petrobras","STJ"],"articleSection":["Destaque lista"],"inLanguage":"pt-BR","copyrightYear":"2026","copyrightHolder":{"@id":"https:\/\/agenciainfra.com\/blog\/#organization"}},{"@type":"WebPage","@id":"https:\/\/agenciainfra.com\/blog\/ministro-volta-a-defender-gas-de-fracking-a-dias-de-julgamento-no-stj\/","url":"https:\/\/agenciainfra.com\/blog\/ministro-volta-a-defender-gas-de-fracking-a-dias-de-julgamento-no-stj\/","name":"Ministro volta a defender g\u00e1s de fracking a dias de julgamento no STJ - Ag\u00eancia iNFRA","isPartOf":{"@id":"https:\/\/agenciainfra.com\/blog\/#website"},"primaryImageOfPage":{"@id":"https:\/\/agenciainfra.com\/blog\/ministro-volta-a-defender-gas-de-fracking-a-dias-de-julgamento-no-stj\/#primaryimage"},"image":{"@id":"https:\/\/agenciainfra.com\/blog\/ministro-volta-a-defender-gas-de-fracking-a-dias-de-julgamento-no-stj\/#primaryimage"},"thumbnailUrl":"https:\/\/agenciainfra.com\/blog\/wp-content\/uploads\/2025\/11\/exploracao-de-petroleo-foto-dominio-publico-scaled-e1763466179944.jpg","datePublished":"2026-09-02T20:55:14+00:00","dateModified":"2026-09-02T20:55:16+00:00","breadcrumb":{"@id":"https:\/\/agenciainfra.com\/blog\/ministro-volta-a-defender-gas-de-fracking-a-dias-de-julgamento-no-stj\/#breadcrumb"},"inLanguage":"pt-BR","potentialAction":[{"@type":"ReadAction","target":["https:\/\/agenciainfra.com\/blog\/ministro-volta-a-defender-gas-de-fracking-a-dias-de-julgamento-no-stj\/"]}]},{"@type":"ImageObject","inLanguage":"pt-BR","@id":"https:\/\/agenciainfra.com\/blog\/ministro-volta-a-defender-gas-de-fracking-a-dias-de-julgamento-no-stj\/#primaryimage","url":"https:\/\/agenciainfra.com\/blog\/wp-content\/uploads\/2025\/11\/exploracao-de-petroleo-foto-dominio-publico-scaled-e1763466179944.jpg","contentUrl":"https:\/\/agenciainfra.com\/blog\/wp-content\/uploads\/2025\/11\/exploracao-de-petroleo-foto-dominio-publico-scaled-e1763466179944.jpg","width":1280,"height":730,"caption":"Foto: Dom\u00ednio p\u00fablico"},{"@type":"BreadcrumbList","@id":"https:\/\/agenciainfra.com\/blog\/ministro-volta-a-defender-gas-de-fracking-a-dias-de-julgamento-no-stj\/#breadcrumb","itemListElement":[{"@type":"ListItem","position":1,"name":"In\u00edcio","item":"https:\/\/agenciainfra.com\/blog\/"},{"@type":"ListItem","position":2,"name":"Ministro volta a defender g\u00e1s de fracking a dias de julgamento no STJ"}]},{"@type":"WebSite","@id":"https:\/\/agenciainfra.com\/blog\/#website","url":"https:\/\/agenciainfra.com\/blog\/","name":"Ag\u00eancia iNFRA","description":"Multiplataforma de informa\u00e7\u00e3o jornal\u00edstica refer\u00eancia na \u00e1rea de infraestrutura no Brasil!","publisher":{"@id":"https:\/\/agenciainfra.com\/blog\/#organization"},"potentialAction":[{"@type":"SearchAction","target":{"@type":"EntryPoint","urlTemplate":"https:\/\/agenciainfra.com\/blog\/?s={search_term_string}"},"query-input":{"@type":"PropertyValueSpecification","valueRequired":true,"valueName":"search_term_string"}}],"inLanguage":"pt-BR"},{"@type":"Organization","@id":"https:\/\/agenciainfra.com\/blog\/#organization","name":"Ag\u00eancia iNFRA","url":"https:\/\/agenciainfra.com\/blog\/","logo":{"@type":"ImageObject","inLanguage":"pt-BR","@id":"https:\/\/agenciainfra.com\/blog\/#\/schema\/logo\/image\/","url":"https:\/\/agenciainfra.com\/blog\/wp-content\/uploads\/2023\/09\/iNFRA_5-e1761735885940.png","contentUrl":"https:\/\/agenciainfra.com\/blog\/wp-content\/uploads\/2023\/09\/iNFRA_5-e1761735885940.png","width":1672,"height":454,"caption":"Ag\u00eancia iNFRA"},"image":{"@id":"https:\/\/agenciainfra.com\/blog\/#\/schema\/logo\/image\/"},"sameAs":["https:\/\/www.facebook.com\/ageninfra","https:\/\/x.com\/agencia_infra","https:\/\/www.linkedin.com\/company\/ag\u00eanciainfra\/","https:\/\/www.instagram.com\/agenciainfra\/"]},{"@type":"Person","@id":"https:\/\/agenciainfra.com\/blog\/#\/schema\/person\/34af08dff6adea4cb22b06612ba7acfa","name":"Ag\u00eancia iNFRA","image":{"@type":"ImageObject","inLanguage":"pt-BR","@id":"https:\/\/secure.gravatar.com\/avatar\/d189e01678f06d8eb84d4e01f08eb848b3fffe3f8443818d3c356c66892f5be8?s=96&d=mm&r=g","url":"https:\/\/secure.gravatar.com\/avatar\/d189e01678f06d8eb84d4e01f08eb848b3fffe3f8443818d3c356c66892f5be8?s=96&d=mm&r=g","contentUrl":"https:\/\/secure.gravatar.com\/avatar\/d189e01678f06d8eb84d4e01f08eb848b3fffe3f8443818d3c356c66892f5be8?s=96&d=mm&r=g","caption":"Ag\u00eancia iNFRA"},"url":"https:\/\/agenciainfra.com\/blog\/author\/admin\/"}]}},"_links":{"self":[{"href":"https:\/\/agenciainfra.com\/blog\/wp-json\/wp\/v2\/posts\/46854","targetHints":{"allow":["GET"]}}],"collection":[{"href":"https:\/\/agenciainfra.com\/blog\/wp-json\/wp\/v2\/posts"}],"about":[{"href":"https:\/\/agenciainfra.com\/blog\/wp-json\/wp\/v2\/types\/post"}],"author":[{"embeddable":true,"href":"https:\/\/agenciainfra.com\/blog\/wp-json\/wp\/v2\/users\/1"}],"replies":[{"embeddable":true,"href":"https:\/\/agenciainfra.com\/blog\/wp-json\/wp\/v2\/comments?post=46854"}],"version-history":[{"count":1,"href":"https:\/\/agenciainfra.com\/blog\/wp-json\/wp\/v2\/posts\/46854\/revisions"}],"predecessor-version":[{"id":46855,"href":"https:\/\/agenciainfra.com\/blog\/wp-json\/wp\/v2\/posts\/46854\/revisions\/46855"}],"wp:featuredmedia":[{"embeddable":true,"href":"https:\/\/agenciainfra.com\/blog\/wp-json\/wp\/v2\/media\/31409"}],"wp:attachment":[{"href":"https:\/\/agenciainfra.com\/blog\/wp-json\/wp\/v2\/media?parent=46854"}],"wp:term":[{"taxonomy":"category","embeddable":true,"href":"https:\/\/agenciainfra.com\/blog\/wp-json\/wp\/v2\/categories?post=46854"},{"taxonomy":"post_tag","embeddable":true,"href":"https:\/\/agenciainfra.com\/blog\/wp-json\/wp\/v2\/tags?post=46854"}],"curies":[{"name":"wp","href":"https:\/\/api.w.org\/{rel}","templated":true}]}}