{"id":46858,"date":"2026-09-02T18:06:14","date_gmt":"2026-09-02T21:06:14","guid":{"rendered":"https:\/\/agenciainfra.com\/blog\/?p=46858"},"modified":"2026-09-02T18:06:18","modified_gmt":"2026-09-02T21:06:18","slug":"shell-firma-acordo-com-bp-para-entrar-no-bloco-tupinamba","status":"publish","type":"post","link":"https:\/\/agenciainfra.com\/blog\/shell-firma-acordo-com-bp-para-entrar-no-bloco-tupinamba\/","title":{"rendered":"Shell firma acordo com bp para entrar no bloco Tupinamb\u00e1"},"content":{"rendered":"\n<p class=\"has-text-align-right\"><strong>Ana Lu\u00edsa Egues, da Ag\u00eancia iNFRA<\/strong><\/p>\n\n\n\n<p>A bp firmou um acordo para garantir a entrada da Shell no bloco explorat\u00f3rio Tupinamb\u00e1, localizado no pr\u00e9-sal da Bacia de Santos, informou a companhia nesta quarta-feira (2). A ideia \u00e9 que a bp continue como operadora de Tupinamb\u00e1, com 50% de participa\u00e7\u00e3o, enquanto a Shell fica com a parcela restante.<\/p>\n\n\n\n<p>A conclus\u00e3o da transa\u00e7\u00e3o ainda depende do aval do Cade e da ANP (Ag\u00eancia Nacional do Petr\u00f3leo, G\u00e1s Natural e Biocombust\u00edveis). O bloco foi arrematado com 100% de participa\u00e7\u00e3o pela bp no 2\u00ba Ciclo da OPP (Oferta Permanente de Partilha de Produ\u00e7\u00e3o), em dezembro de 2023. A PPSA (Pr\u00e9-Sal Petr\u00f3leo S.A.) continuar\u00e1 administrando o contrato de partilha em nome do governo federal.<\/p>\n\n\n\n<p>Segundo a bp, a perfura\u00e7\u00e3o do po\u00e7o explorat\u00f3rio de Tupinamb\u00e1 dever\u00e1 ser iniciada em breve. At\u00e9 o momento, n\u00e3o h\u00e1 nenhum po\u00e7o perfurado no bloco, cujo vencimento da fase explorat\u00f3ria est\u00e1 previsto para 27 de maio de 2031.<\/p>\n\n\n\n<p>Al\u00e9m de Tupinamb\u00e1, a bp opera o bloco Bumerangue, tamb\u00e9m situado no pr\u00e9-sal da Bacia de Santos. A descoberta gerada no \u00fanico po\u00e7o perfurado no bloco at\u00e9 o momento foi considerada como a maior da empresa dos \u00faltimos 25 anos, com uma estimativa de 8 bilh\u00f5es de barris de l\u00edquidos in place.<\/p>\n\n\n\n<p><strong>Golfo do M\u00e9xico<br><\/strong>O acordo da bp com a Shell tamb\u00e9m inclui a aquisi\u00e7\u00e3o de uma parcela de 30% em cinco concess\u00f5es que comp\u00f5em o prospecto explorat\u00f3rio Conifer, na prov\u00edncia Pale\u00f3gena, em \u00e1guas profundas do Golfo do M\u00e9xico (EUA). A bp tamb\u00e9m permanece como operadora no prospecto, com 70% de participa\u00e7\u00e3o.<\/p>\n\n\n\n<p>Das cinco concess\u00f5es, quatro foram adquiridas em agosto de 2023, ap\u00f3s o leil\u00e3o 259, enquanto a quinta concess\u00e3o foi adquirida em fevereiro de 2026, ap\u00f3s o leil\u00e3o BBG-1. Segundo o vice-presidente executivo de Upstream da bp, Gordon Birrell, o Brasil e o Golfo do M\u00e9xico s\u00e3o regi\u00f5es estrat\u00e9gicas para a companhia.<\/p>\n","protected":false},"excerpt":{"rendered":"<p>Ana Lu\u00edsa Egues, da Ag\u00eancia iNFRA A bp firmou um acordo para garantir a entrada da Shell no bloco explorat\u00f3rio Tupinamb\u00e1, localizado no pr\u00e9-sal da Bacia de Santos, informou a companhia nesta quarta-feira (2). A ideia \u00e9 que a bp continue como operadora de Tupinamb\u00e1, com 50% de participa\u00e7\u00e3o, enquanto a Shell fica com a [&hellip;]<\/p>\n","protected":false},"author":32,"featured_media":22275,"comment_status":"closed","ping_status":"closed","sticky":false,"template":"","format":"standard","meta":{"_monsterinsights_skip_tracking":false,"_monsterinsights_sitenote_active":false,"_monsterinsights_sitenote_note":"","_monsterinsights_sitenote_category":0,"footnotes":""},"categories":[7250],"tags":[21677,1101,3927,21683,371,13309,5887],"class_list":["post-46858","post","type-post","status-publish","format-standard","has-post-thumbnail","hentry","category-destaque-lista","tag-ana-luisa-egues","tag-anp","tag-bacia-de-santos","tag-bloco-tupinamba","tag-cade","tag-poco-exploratorio","tag-shell"],"yoast_head":"<!-- This site is optimized with the Yoast SEO Premium plugin v25.4 (Yoast SEO v28.2) - https:\/\/yoast.com\/product\/yoast-seo-premium-wordpress\/ -->\n<title>Shell firma acordo com bp para entrar no bloco Tupinamb\u00e1 - Ag\u00eancia iNFRA<\/title>\n<meta name=\"robots\" content=\"index, follow, max-snippet:-1, max-image-preview:large, max-video-preview:-1\" \/>\n<link rel=\"canonical\" href=\"https:\/\/agenciainfra.com\/blog\/shell-firma-acordo-com-bp-para-entrar-no-bloco-tupinamba\/\" \/>\n<meta property=\"og:locale\" content=\"pt_BR\" \/>\n<meta property=\"og:type\" content=\"article\" \/>\n<meta property=\"og:title\" content=\"Shell firma acordo com bp para entrar no bloco Tupinamb\u00e1\" \/>\n<meta property=\"og:description\" content=\"Ana Lu\u00edsa Egues, da Ag\u00eancia iNFRA A bp firmou um acordo para garantir a entrada da Shell no bloco explorat\u00f3rio Tupinamb\u00e1, localizado no pr\u00e9-sal da Bacia de Santos, informou a companhia nesta quarta-feira (2). A ideia \u00e9 que a bp continue como operadora de Tupinamb\u00e1, com 50% de participa\u00e7\u00e3o, enquanto a Shell fica com a [&hellip;]\" \/>\n<meta property=\"og:url\" content=\"https:\/\/agenciainfra.com\/blog\/shell-firma-acordo-com-bp-para-entrar-no-bloco-tupinamba\/\" \/>\n<meta property=\"og:site_name\" content=\"Ag\u00eancia iNFRA\" \/>\n<meta property=\"article:publisher\" content=\"https:\/\/www.facebook.com\/ageninfra\" \/>\n<meta property=\"article:published_time\" content=\"2026-09-02T21:06:14+00:00\" \/>\n<meta property=\"article:modified_time\" content=\"2026-09-02T21:06:18+00:00\" \/>\n<meta property=\"og:image\" content=\"https:\/\/agenciainfra.com\/blog\/wp-content\/uploads\/2025\/05\/marca-shell-foto-dominiopublico.jpg\" \/>\n\t<meta property=\"og:image:width\" content=\"1200\" \/>\n\t<meta property=\"og:image:height\" content=\"830\" \/>\n\t<meta property=\"og:image:type\" content=\"image\/jpeg\" \/>\n<meta name=\"author\" content=\"Giordano Barros\" \/>\n<meta name=\"twitter:card\" content=\"summary_large_image\" \/>\n<meta name=\"twitter:creator\" content=\"@agencia_infra\" \/>\n<meta name=\"twitter:site\" content=\"@agencia_infra\" \/>\n<meta name=\"twitter:label1\" content=\"Escrito por\" \/>\n\t<meta name=\"twitter:data1\" content=\"Giordano Barros\" \/>\n\t<meta name=\"twitter:label2\" content=\"Est. tempo de leitura\" \/>\n\t<meta name=\"twitter:data2\" content=\"2 minutos\" \/>\n<script type=\"application\/ld+json\" class=\"yoast-schema-graph\">{\"@context\":\"https:\\\/\\\/schema.org\",\"@graph\":[{\"@type\":\"Article\",\"@id\":\"https:\\\/\\\/agenciainfra.com\\\/blog\\\/shell-firma-acordo-com-bp-para-entrar-no-bloco-tupinamba\\\/#article\",\"isPartOf\":{\"@id\":\"https:\\\/\\\/agenciainfra.com\\\/blog\\\/shell-firma-acordo-com-bp-para-entrar-no-bloco-tupinamba\\\/\"},\"author\":{\"name\":\"Giordano Barros\",\"@id\":\"https:\\\/\\\/agenciainfra.com\\\/blog\\\/#\\\/schema\\\/person\\\/bc5627de60fd770b5b471ff633595dcd\"},\"headline\":\"Shell firma acordo com bp para entrar no bloco Tupinamb\u00e1\",\"datePublished\":\"2026-09-02T21:06:14+00:00\",\"dateModified\":\"2026-09-02T21:06:18+00:00\",\"mainEntityOfPage\":{\"@id\":\"https:\\\/\\\/agenciainfra.com\\\/blog\\\/shell-firma-acordo-com-bp-para-entrar-no-bloco-tupinamba\\\/\"},\"wordCount\":355,\"publisher\":{\"@id\":\"https:\\\/\\\/agenciainfra.com\\\/blog\\\/#organization\"},\"image\":{\"@id\":\"https:\\\/\\\/agenciainfra.com\\\/blog\\\/shell-firma-acordo-com-bp-para-entrar-no-bloco-tupinamba\\\/#primaryimage\"},\"thumbnailUrl\":\"https:\\\/\\\/agenciainfra.com\\\/blog\\\/wp-content\\\/uploads\\\/2025\\\/05\\\/marca-shell-foto-dominiopublico.jpg\",\"keywords\":[\"Ana Lu\u00edsa Egues\",\"ANP\",\"Bacia de Santos\",\"bloco Tupinamb\u00e1\",\"Cade\",\"po\u00e7o explorat\u00f3rio\",\"Shell\"],\"articleSection\":[\"Destaque lista\"],\"inLanguage\":\"pt-BR\",\"copyrightYear\":\"2026\",\"copyrightHolder\":{\"@id\":\"https:\\\/\\\/agenciainfra.com\\\/blog\\\/#organization\"}},{\"@type\":\"WebPage\",\"@id\":\"https:\\\/\\\/agenciainfra.com\\\/blog\\\/shell-firma-acordo-com-bp-para-entrar-no-bloco-tupinamba\\\/\",\"url\":\"https:\\\/\\\/agenciainfra.com\\\/blog\\\/shell-firma-acordo-com-bp-para-entrar-no-bloco-tupinamba\\\/\",\"name\":\"Shell firma acordo com bp para entrar no bloco Tupinamb\u00e1 - Ag\u00eancia iNFRA\",\"isPartOf\":{\"@id\":\"https:\\\/\\\/agenciainfra.com\\\/blog\\\/#website\"},\"primaryImageOfPage\":{\"@id\":\"https:\\\/\\\/agenciainfra.com\\\/blog\\\/shell-firma-acordo-com-bp-para-entrar-no-bloco-tupinamba\\\/#primaryimage\"},\"image\":{\"@id\":\"https:\\\/\\\/agenciainfra.com\\\/blog\\\/shell-firma-acordo-com-bp-para-entrar-no-bloco-tupinamba\\\/#primaryimage\"},\"thumbnailUrl\":\"https:\\\/\\\/agenciainfra.com\\\/blog\\\/wp-content\\\/uploads\\\/2025\\\/05\\\/marca-shell-foto-dominiopublico.jpg\",\"datePublished\":\"2026-09-02T21:06:14+00:00\",\"dateModified\":\"2026-09-02T21:06:18+00:00\",\"breadcrumb\":{\"@id\":\"https:\\\/\\\/agenciainfra.com\\\/blog\\\/shell-firma-acordo-com-bp-para-entrar-no-bloco-tupinamba\\\/#breadcrumb\"},\"inLanguage\":\"pt-BR\",\"potentialAction\":[{\"@type\":\"ReadAction\",\"target\":[\"https:\\\/\\\/agenciainfra.com\\\/blog\\\/shell-firma-acordo-com-bp-para-entrar-no-bloco-tupinamba\\\/\"]}]},{\"@type\":\"ImageObject\",\"inLanguage\":\"pt-BR\",\"@id\":\"https:\\\/\\\/agenciainfra.com\\\/blog\\\/shell-firma-acordo-com-bp-para-entrar-no-bloco-tupinamba\\\/#primaryimage\",\"url\":\"https:\\\/\\\/agenciainfra.com\\\/blog\\\/wp-content\\\/uploads\\\/2025\\\/05\\\/marca-shell-foto-dominiopublico.jpg\",\"contentUrl\":\"https:\\\/\\\/agenciainfra.com\\\/blog\\\/wp-content\\\/uploads\\\/2025\\\/05\\\/marca-shell-foto-dominiopublico.jpg\",\"width\":1200,\"height\":830,\"caption\":\"Foto: Dom\u00ednio p\u00fablico\"},{\"@type\":\"BreadcrumbList\",\"@id\":\"https:\\\/\\\/agenciainfra.com\\\/blog\\\/shell-firma-acordo-com-bp-para-entrar-no-bloco-tupinamba\\\/#breadcrumb\",\"itemListElement\":[{\"@type\":\"ListItem\",\"position\":1,\"name\":\"In\u00edcio\",\"item\":\"https:\\\/\\\/agenciainfra.com\\\/blog\\\/\"},{\"@type\":\"ListItem\",\"position\":2,\"name\":\"Shell firma acordo com bp para entrar no bloco Tupinamb\u00e1\"}]},{\"@type\":\"WebSite\",\"@id\":\"https:\\\/\\\/agenciainfra.com\\\/blog\\\/#website\",\"url\":\"https:\\\/\\\/agenciainfra.com\\\/blog\\\/\",\"name\":\"Ag\u00eancia iNFRA\",\"description\":\"Multiplataforma de informa\u00e7\u00e3o jornal\u00edstica refer\u00eancia na \u00e1rea de infraestrutura no Brasil!\",\"publisher\":{\"@id\":\"https:\\\/\\\/agenciainfra.com\\\/blog\\\/#organization\"},\"potentialAction\":[{\"@type\":\"SearchAction\",\"target\":{\"@type\":\"EntryPoint\",\"urlTemplate\":\"https:\\\/\\\/agenciainfra.com\\\/blog\\\/?s={search_term_string}\"},\"query-input\":{\"@type\":\"PropertyValueSpecification\",\"valueRequired\":true,\"valueName\":\"search_term_string\"}}],\"inLanguage\":\"pt-BR\"},{\"@type\":\"Organization\",\"@id\":\"https:\\\/\\\/agenciainfra.com\\\/blog\\\/#organization\",\"name\":\"Ag\u00eancia iNFRA\",\"url\":\"https:\\\/\\\/agenciainfra.com\\\/blog\\\/\",\"logo\":{\"@type\":\"ImageObject\",\"inLanguage\":\"pt-BR\",\"@id\":\"https:\\\/\\\/agenciainfra.com\\\/blog\\\/#\\\/schema\\\/logo\\\/image\\\/\",\"url\":\"https:\\\/\\\/agenciainfra.com\\\/blog\\\/wp-content\\\/uploads\\\/2023\\\/09\\\/iNFRA_5-e1761735885940.png\",\"contentUrl\":\"https:\\\/\\\/agenciainfra.com\\\/blog\\\/wp-content\\\/uploads\\\/2023\\\/09\\\/iNFRA_5-e1761735885940.png\",\"width\":1672,\"height\":454,\"caption\":\"Ag\u00eancia iNFRA\"},\"image\":{\"@id\":\"https:\\\/\\\/agenciainfra.com\\\/blog\\\/#\\\/schema\\\/logo\\\/image\\\/\"},\"sameAs\":[\"https:\\\/\\\/www.facebook.com\\\/ageninfra\",\"https:\\\/\\\/x.com\\\/agencia_infra\",\"https:\\\/\\\/www.linkedin.com\\\/company\\\/ag\u00eanciainfra\\\/\",\"https:\\\/\\\/www.instagram.com\\\/agenciainfra\\\/\"]},{\"@type\":\"Person\",\"@id\":\"https:\\\/\\\/agenciainfra.com\\\/blog\\\/#\\\/schema\\\/person\\\/bc5627de60fd770b5b471ff633595dcd\",\"name\":\"Giordano Barros\",\"image\":{\"@type\":\"ImageObject\",\"inLanguage\":\"pt-BR\",\"@id\":\"https:\\\/\\\/secure.gravatar.com\\\/avatar\\\/932a6bc6716c1ad2e53a7649201ee59c540006a9ad184ccdf56bc5d604ba2395?s=96&d=mm&r=g\",\"url\":\"https:\\\/\\\/secure.gravatar.com\\\/avatar\\\/932a6bc6716c1ad2e53a7649201ee59c540006a9ad184ccdf56bc5d604ba2395?s=96&d=mm&r=g\",\"contentUrl\":\"https:\\\/\\\/secure.gravatar.com\\\/avatar\\\/932a6bc6716c1ad2e53a7649201ee59c540006a9ad184ccdf56bc5d604ba2395?s=96&d=mm&r=g\",\"caption\":\"Giordano Barros\"},\"url\":\"https:\\\/\\\/agenciainfra.com\\\/blog\\\/author\\\/giordano-barros\\\/\"}]}<\/script>\n<!-- \/ Yoast SEO Premium plugin. -->","yoast_head_json":{"title":"Shell firma acordo com bp para entrar no bloco Tupinamb\u00e1 - Ag\u00eancia iNFRA","robots":{"index":"index","follow":"follow","max-snippet":"max-snippet:-1","max-image-preview":"max-image-preview:large","max-video-preview":"max-video-preview:-1"},"canonical":"https:\/\/agenciainfra.com\/blog\/shell-firma-acordo-com-bp-para-entrar-no-bloco-tupinamba\/","og_locale":"pt_BR","og_type":"article","og_title":"Shell firma acordo com bp para entrar no bloco Tupinamb\u00e1","og_description":"Ana Lu\u00edsa Egues, da Ag\u00eancia iNFRA A bp firmou um acordo para garantir a entrada da Shell no bloco explorat\u00f3rio Tupinamb\u00e1, localizado no pr\u00e9-sal da Bacia de Santos, informou a companhia nesta quarta-feira (2). A ideia \u00e9 que a bp continue como operadora de Tupinamb\u00e1, com 50% de participa\u00e7\u00e3o, enquanto a Shell fica com a [&hellip;]","og_url":"https:\/\/agenciainfra.com\/blog\/shell-firma-acordo-com-bp-para-entrar-no-bloco-tupinamba\/","og_site_name":"Ag\u00eancia iNFRA","article_publisher":"https:\/\/www.facebook.com\/ageninfra","article_published_time":"2026-09-02T21:06:14+00:00","article_modified_time":"2026-09-02T21:06:18+00:00","og_image":[{"width":1200,"height":830,"url":"https:\/\/agenciainfra.com\/blog\/wp-content\/uploads\/2025\/05\/marca-shell-foto-dominiopublico.jpg","type":"image\/jpeg"}],"author":"Giordano Barros","twitter_card":"summary_large_image","twitter_creator":"@agencia_infra","twitter_site":"@agencia_infra","twitter_misc":{"Escrito por":"Giordano Barros","Est. tempo de leitura":"2 minutos"},"schema":{"@context":"https:\/\/schema.org","@graph":[{"@type":"Article","@id":"https:\/\/agenciainfra.com\/blog\/shell-firma-acordo-com-bp-para-entrar-no-bloco-tupinamba\/#article","isPartOf":{"@id":"https:\/\/agenciainfra.com\/blog\/shell-firma-acordo-com-bp-para-entrar-no-bloco-tupinamba\/"},"author":{"name":"Giordano Barros","@id":"https:\/\/agenciainfra.com\/blog\/#\/schema\/person\/bc5627de60fd770b5b471ff633595dcd"},"headline":"Shell firma acordo com bp para entrar no bloco Tupinamb\u00e1","datePublished":"2026-09-02T21:06:14+00:00","dateModified":"2026-09-02T21:06:18+00:00","mainEntityOfPage":{"@id":"https:\/\/agenciainfra.com\/blog\/shell-firma-acordo-com-bp-para-entrar-no-bloco-tupinamba\/"},"wordCount":355,"publisher":{"@id":"https:\/\/agenciainfra.com\/blog\/#organization"},"image":{"@id":"https:\/\/agenciainfra.com\/blog\/shell-firma-acordo-com-bp-para-entrar-no-bloco-tupinamba\/#primaryimage"},"thumbnailUrl":"https:\/\/agenciainfra.com\/blog\/wp-content\/uploads\/2025\/05\/marca-shell-foto-dominiopublico.jpg","keywords":["Ana Lu\u00edsa Egues","ANP","Bacia de Santos","bloco Tupinamb\u00e1","Cade","po\u00e7o explorat\u00f3rio","Shell"],"articleSection":["Destaque lista"],"inLanguage":"pt-BR","copyrightYear":"2026","copyrightHolder":{"@id":"https:\/\/agenciainfra.com\/blog\/#organization"}},{"@type":"WebPage","@id":"https:\/\/agenciainfra.com\/blog\/shell-firma-acordo-com-bp-para-entrar-no-bloco-tupinamba\/","url":"https:\/\/agenciainfra.com\/blog\/shell-firma-acordo-com-bp-para-entrar-no-bloco-tupinamba\/","name":"Shell firma acordo com bp para entrar no bloco Tupinamb\u00e1 - Ag\u00eancia iNFRA","isPartOf":{"@id":"https:\/\/agenciainfra.com\/blog\/#website"},"primaryImageOfPage":{"@id":"https:\/\/agenciainfra.com\/blog\/shell-firma-acordo-com-bp-para-entrar-no-bloco-tupinamba\/#primaryimage"},"image":{"@id":"https:\/\/agenciainfra.com\/blog\/shell-firma-acordo-com-bp-para-entrar-no-bloco-tupinamba\/#primaryimage"},"thumbnailUrl":"https:\/\/agenciainfra.com\/blog\/wp-content\/uploads\/2025\/05\/marca-shell-foto-dominiopublico.jpg","datePublished":"2026-09-02T21:06:14+00:00","dateModified":"2026-09-02T21:06:18+00:00","breadcrumb":{"@id":"https:\/\/agenciainfra.com\/blog\/shell-firma-acordo-com-bp-para-entrar-no-bloco-tupinamba\/#breadcrumb"},"inLanguage":"pt-BR","potentialAction":[{"@type":"ReadAction","target":["https:\/\/agenciainfra.com\/blog\/shell-firma-acordo-com-bp-para-entrar-no-bloco-tupinamba\/"]}]},{"@type":"ImageObject","inLanguage":"pt-BR","@id":"https:\/\/agenciainfra.com\/blog\/shell-firma-acordo-com-bp-para-entrar-no-bloco-tupinamba\/#primaryimage","url":"https:\/\/agenciainfra.com\/blog\/wp-content\/uploads\/2025\/05\/marca-shell-foto-dominiopublico.jpg","contentUrl":"https:\/\/agenciainfra.com\/blog\/wp-content\/uploads\/2025\/05\/marca-shell-foto-dominiopublico.jpg","width":1200,"height":830,"caption":"Foto: Dom\u00ednio p\u00fablico"},{"@type":"BreadcrumbList","@id":"https:\/\/agenciainfra.com\/blog\/shell-firma-acordo-com-bp-para-entrar-no-bloco-tupinamba\/#breadcrumb","itemListElement":[{"@type":"ListItem","position":1,"name":"In\u00edcio","item":"https:\/\/agenciainfra.com\/blog\/"},{"@type":"ListItem","position":2,"name":"Shell firma acordo com bp para entrar no bloco Tupinamb\u00e1"}]},{"@type":"WebSite","@id":"https:\/\/agenciainfra.com\/blog\/#website","url":"https:\/\/agenciainfra.com\/blog\/","name":"Ag\u00eancia iNFRA","description":"Multiplataforma de informa\u00e7\u00e3o jornal\u00edstica refer\u00eancia na \u00e1rea de infraestrutura no Brasil!","publisher":{"@id":"https:\/\/agenciainfra.com\/blog\/#organization"},"potentialAction":[{"@type":"SearchAction","target":{"@type":"EntryPoint","urlTemplate":"https:\/\/agenciainfra.com\/blog\/?s={search_term_string}"},"query-input":{"@type":"PropertyValueSpecification","valueRequired":true,"valueName":"search_term_string"}}],"inLanguage":"pt-BR"},{"@type":"Organization","@id":"https:\/\/agenciainfra.com\/blog\/#organization","name":"Ag\u00eancia iNFRA","url":"https:\/\/agenciainfra.com\/blog\/","logo":{"@type":"ImageObject","inLanguage":"pt-BR","@id":"https:\/\/agenciainfra.com\/blog\/#\/schema\/logo\/image\/","url":"https:\/\/agenciainfra.com\/blog\/wp-content\/uploads\/2023\/09\/iNFRA_5-e1761735885940.png","contentUrl":"https:\/\/agenciainfra.com\/blog\/wp-content\/uploads\/2023\/09\/iNFRA_5-e1761735885940.png","width":1672,"height":454,"caption":"Ag\u00eancia iNFRA"},"image":{"@id":"https:\/\/agenciainfra.com\/blog\/#\/schema\/logo\/image\/"},"sameAs":["https:\/\/www.facebook.com\/ageninfra","https:\/\/x.com\/agencia_infra","https:\/\/www.linkedin.com\/company\/ag\u00eanciainfra\/","https:\/\/www.instagram.com\/agenciainfra\/"]},{"@type":"Person","@id":"https:\/\/agenciainfra.com\/blog\/#\/schema\/person\/bc5627de60fd770b5b471ff633595dcd","name":"Giordano Barros","image":{"@type":"ImageObject","inLanguage":"pt-BR","@id":"https:\/\/secure.gravatar.com\/avatar\/932a6bc6716c1ad2e53a7649201ee59c540006a9ad184ccdf56bc5d604ba2395?s=96&d=mm&r=g","url":"https:\/\/secure.gravatar.com\/avatar\/932a6bc6716c1ad2e53a7649201ee59c540006a9ad184ccdf56bc5d604ba2395?s=96&d=mm&r=g","contentUrl":"https:\/\/secure.gravatar.com\/avatar\/932a6bc6716c1ad2e53a7649201ee59c540006a9ad184ccdf56bc5d604ba2395?s=96&d=mm&r=g","caption":"Giordano Barros"},"url":"https:\/\/agenciainfra.com\/blog\/author\/giordano-barros\/"}]}},"_links":{"self":[{"href":"https:\/\/agenciainfra.com\/blog\/wp-json\/wp\/v2\/posts\/46858","targetHints":{"allow":["GET"]}}],"collection":[{"href":"https:\/\/agenciainfra.com\/blog\/wp-json\/wp\/v2\/posts"}],"about":[{"href":"https:\/\/agenciainfra.com\/blog\/wp-json\/wp\/v2\/types\/post"}],"author":[{"embeddable":true,"href":"https:\/\/agenciainfra.com\/blog\/wp-json\/wp\/v2\/users\/32"}],"replies":[{"embeddable":true,"href":"https:\/\/agenciainfra.com\/blog\/wp-json\/wp\/v2\/comments?post=46858"}],"version-history":[{"count":1,"href":"https:\/\/agenciainfra.com\/blog\/wp-json\/wp\/v2\/posts\/46858\/revisions"}],"predecessor-version":[{"id":46859,"href":"https:\/\/agenciainfra.com\/blog\/wp-json\/wp\/v2\/posts\/46858\/revisions\/46859"}],"wp:featuredmedia":[{"embeddable":true,"href":"https:\/\/agenciainfra.com\/blog\/wp-json\/wp\/v2\/media\/22275"}],"wp:attachment":[{"href":"https:\/\/agenciainfra.com\/blog\/wp-json\/wp\/v2\/media?parent=46858"}],"wp:term":[{"taxonomy":"category","embeddable":true,"href":"https:\/\/agenciainfra.com\/blog\/wp-json\/wp\/v2\/categories?post=46858"},{"taxonomy":"post_tag","embeddable":true,"href":"https:\/\/agenciainfra.com\/blog\/wp-json\/wp\/v2\/tags?post=46858"}],"curies":[{"name":"wp","href":"https:\/\/api.w.org\/{rel}","templated":true}]}}