{"id":46861,"date":"2026-09-02T19:00:19","date_gmt":"2026-09-02T22:00:19","guid":{"rendered":"https:\/\/agenciainfra.com\/blog\/?p=46861"},"modified":"2026-09-02T19:00:23","modified_gmt":"2026-09-02T22:00:23","slug":"porto-de-santos-tem-novas-regras-para-gestao-de-agua-de-lastro","status":"publish","type":"post","link":"https:\/\/agenciainfra.com\/blog\/porto-de-santos-tem-novas-regras-para-gestao-de-agua-de-lastro\/","title":{"rendered":"Porto de Santos tem novas regras para gest\u00e3o de \u00e1gua de lastro"},"content":{"rendered":"\n<p class=\"has-text-align-right\"><strong>da Ag\u00eancia iNFRA<\/strong><\/p>\n\n\n\n<p>A APS (Autoridade Portu\u00e1ria de Santos) publicou, nesta ter\u00e7a-feira (1\u00ba), norma que atualiza os procedimentos para o controle ambiental da gest\u00e3o de \u00e1gua de lastro de navios e embarca\u00e7\u00f5es no Porto de Santos (SP). A nova regulamenta\u00e7\u00e3o alinha os dispositivos \u00e0 legisla\u00e7\u00e3o mar\u00edtima internacional. Tamb\u00e9m pela norma, um sistema de auditoria ambiental e avalia\u00e7\u00e3o de risco passa a substituir o modelo anterior de atesta\u00e7\u00e3o de conformidade.<\/p>\n\n\n\n<p>Pelo novo instrumento, dever\u00e1 ser emitido, por empresas credenciadas e contratadas pelos armadores, o RAA-BWM (Relat\u00f3rio de Auditoria Ambiental de \u00c1gua de Lastro), institu\u00eddo pela APS para a classifica\u00e7\u00e3o das opera\u00e7\u00f5es em tr\u00eas categorias de risco: reduzido, moderado, elevado ou cr\u00edtico.<\/p>\n\n\n\n<p>Se a embarca\u00e7\u00e3o for classificada em um dos dois \u00faltimos casos \u2013 risco elevado ou cr\u00edtico \u2013, dever\u00e1 passar por procedimento administrativo. Al\u00e9m disso, a APS ter\u00e1 que comunicar a Autoridade Mar\u00edtima, a ANTAQ (Ag\u00eancia Nacional de Transportes Aquavi\u00e1rios) e a ANVISA (Ag\u00eancia Nacional de Vigil\u00e2ncia Sanit\u00e1ria) para as san\u00e7\u00f5es cab\u00edveis.<\/p>\n\n\n\n<p><strong>Processos arquivados<\/strong><br>A APS publicou tamb\u00e9m portaria para determinar a interrup\u00e7\u00e3o e o arquivamento dos pedidos de credenciamento em tramita\u00e7\u00e3o sob as regras anteriores, protocolados at\u00e9 esta ter\u00e7a-feira (1\u00ba). O objetivo \u00e9 assegurar a adequa\u00e7\u00e3o \u00e0 nova regulamenta\u00e7\u00e3o e evitar inseguran\u00e7a jur\u00eddica.<\/p>\n\n\n\n<p>As empresas j\u00e1 credenciadas e em opera\u00e7\u00e3o ter\u00e3o uma regra de transi\u00e7\u00e3o de 30 dias, com um per\u00edodo suplementar de mais sete dias, para se adaptarem, al\u00e9m de realizarem uma nova Prova de Conceito. Ser\u00e1 dada prioridade na tramita\u00e7\u00e3o dos processos relacionados a estas empresas, para evitar a forma\u00e7\u00e3o de gargalos log\u00edsticos ou interrup\u00e7\u00f5es na atraca\u00e7\u00e3o de navios.<\/p>\n","protected":false},"excerpt":{"rendered":"<p>da Ag\u00eancia iNFRA A APS (Autoridade Portu\u00e1ria de Santos) publicou, nesta ter\u00e7a-feira (1\u00ba), norma que atualiza os procedimentos para o controle ambiental da gest\u00e3o de \u00e1gua de lastro de navios e embarca\u00e7\u00f5es no Porto de Santos (SP). A nova regulamenta\u00e7\u00e3o alinha os dispositivos \u00e0 legisla\u00e7\u00e3o mar\u00edtima internacional. Tamb\u00e9m pela norma, um sistema de auditoria ambiental [&hellip;]<\/p>\n","protected":false},"author":1,"featured_media":46865,"comment_status":"closed","ping_status":"closed","sticky":false,"template":"","format":"standard","meta":{"_monsterinsights_skip_tracking":false,"_monsterinsights_sitenote_active":false,"_monsterinsights_sitenote_note":"","_monsterinsights_sitenote_category":0,"footnotes":""},"categories":[13576],"tags":[14379,6854,4918,21685,260,21686],"class_list":["post-46861","post","type-post","status-publish","format-standard","has-post-thumbnail","hentry","category-giro-infra","tag-agua-de-lastro","tag-aps","tag-autoridade-portuaria-de-santos","tag-controle-ambiental","tag-porto-de-santos","tag-raa-bwm"],"yoast_head":"<!-- This site is optimized with the Yoast SEO Premium plugin v25.4 (Yoast SEO v28.2) - https:\/\/yoast.com\/product\/yoast-seo-premium-wordpress\/ -->\n<title>Porto de Santos tem novas regras para gest\u00e3o de \u00e1gua de lastro - Ag\u00eancia iNFRA<\/title>\n<meta name=\"robots\" content=\"index, follow, max-snippet:-1, max-image-preview:large, max-video-preview:-1\" \/>\n<link rel=\"canonical\" href=\"https:\/\/agenciainfra.com\/blog\/porto-de-santos-tem-novas-regras-para-gestao-de-agua-de-lastro\/\" \/>\n<meta property=\"og:locale\" content=\"pt_BR\" \/>\n<meta property=\"og:type\" content=\"article\" \/>\n<meta property=\"og:title\" content=\"Porto de Santos tem novas regras para gest\u00e3o de \u00e1gua de lastro\" \/>\n<meta property=\"og:description\" content=\"da Ag\u00eancia iNFRA A APS (Autoridade Portu\u00e1ria de Santos) publicou, nesta ter\u00e7a-feira (1\u00ba), norma que atualiza os procedimentos para o controle ambiental da gest\u00e3o de \u00e1gua de lastro de navios e embarca\u00e7\u00f5es no Porto de Santos (SP). A nova regulamenta\u00e7\u00e3o alinha os dispositivos \u00e0 legisla\u00e7\u00e3o mar\u00edtima internacional. Tamb\u00e9m pela norma, um sistema de auditoria ambiental [&hellip;]\" \/>\n<meta property=\"og:url\" content=\"https:\/\/agenciainfra.com\/blog\/porto-de-santos-tem-novas-regras-para-gestao-de-agua-de-lastro\/\" \/>\n<meta property=\"og:site_name\" content=\"Ag\u00eancia iNFRA\" \/>\n<meta property=\"article:publisher\" content=\"https:\/\/www.facebook.com\/ageninfra\" \/>\n<meta property=\"article:published_time\" content=\"2026-09-02T22:00:19+00:00\" \/>\n<meta property=\"article:modified_time\" content=\"2026-09-02T22:00:23+00:00\" \/>\n<meta property=\"og:image\" content=\"https:\/\/agenciainfra.com\/blog\/wp-content\/uploads\/2026\/09\/agua-de-lastro-foto-aps-porto-de-santos.jpg\" \/>\n\t<meta property=\"og:image:width\" content=\"1280\" \/>\n\t<meta property=\"og:image:height\" content=\"854\" \/>\n\t<meta property=\"og:image:type\" content=\"image\/jpeg\" \/>\n<meta name=\"author\" content=\"Ag\u00eancia iNFRA\" \/>\n<meta name=\"twitter:card\" content=\"summary_large_image\" \/>\n<meta name=\"twitter:creator\" content=\"@agencia_infra\" \/>\n<meta name=\"twitter:site\" content=\"@agencia_infra\" \/>\n<meta name=\"twitter:label1\" content=\"Escrito por\" \/>\n\t<meta name=\"twitter:data1\" content=\"Ag\u00eancia iNFRA\" \/>\n\t<meta name=\"twitter:label2\" content=\"Est. tempo de leitura\" \/>\n\t<meta name=\"twitter:data2\" content=\"1 minuto\" \/>\n<script type=\"application\/ld+json\" class=\"yoast-schema-graph\">{\"@context\":\"https:\\\/\\\/schema.org\",\"@graph\":[{\"@type\":\"Article\",\"@id\":\"https:\\\/\\\/agenciainfra.com\\\/blog\\\/porto-de-santos-tem-novas-regras-para-gestao-de-agua-de-lastro\\\/#article\",\"isPartOf\":{\"@id\":\"https:\\\/\\\/agenciainfra.com\\\/blog\\\/porto-de-santos-tem-novas-regras-para-gestao-de-agua-de-lastro\\\/\"},\"author\":{\"name\":\"Ag\u00eancia iNFRA\",\"@id\":\"https:\\\/\\\/agenciainfra.com\\\/blog\\\/#\\\/schema\\\/person\\\/34af08dff6adea4cb22b06612ba7acfa\"},\"headline\":\"Porto de Santos tem novas regras para gest\u00e3o de \u00e1gua de lastro\",\"datePublished\":\"2026-09-02T22:00:19+00:00\",\"dateModified\":\"2026-09-02T22:00:23+00:00\",\"mainEntityOfPage\":{\"@id\":\"https:\\\/\\\/agenciainfra.com\\\/blog\\\/porto-de-santos-tem-novas-regras-para-gestao-de-agua-de-lastro\\\/\"},\"wordCount\":312,\"publisher\":{\"@id\":\"https:\\\/\\\/agenciainfra.com\\\/blog\\\/#organization\"},\"image\":{\"@id\":\"https:\\\/\\\/agenciainfra.com\\\/blog\\\/porto-de-santos-tem-novas-regras-para-gestao-de-agua-de-lastro\\\/#primaryimage\"},\"thumbnailUrl\":\"https:\\\/\\\/agenciainfra.com\\\/blog\\\/wp-content\\\/uploads\\\/2026\\\/09\\\/agua-de-lastro-foto-aps-porto-de-santos.jpg\",\"keywords\":[\"\u00e1gua de lastro\",\"APS\",\"Autoridade Portu\u00e1ria de Santos\",\"controle ambiental\",\"Porto de Santos\",\"RAA-BWM\"],\"articleSection\":[\"Giro iNFRA\"],\"inLanguage\":\"pt-BR\",\"copyrightYear\":\"2026\",\"copyrightHolder\":{\"@id\":\"https:\\\/\\\/agenciainfra.com\\\/blog\\\/#organization\"}},{\"@type\":\"WebPage\",\"@id\":\"https:\\\/\\\/agenciainfra.com\\\/blog\\\/porto-de-santos-tem-novas-regras-para-gestao-de-agua-de-lastro\\\/\",\"url\":\"https:\\\/\\\/agenciainfra.com\\\/blog\\\/porto-de-santos-tem-novas-regras-para-gestao-de-agua-de-lastro\\\/\",\"name\":\"Porto de Santos tem novas regras para gest\u00e3o de \u00e1gua de lastro - Ag\u00eancia iNFRA\",\"isPartOf\":{\"@id\":\"https:\\\/\\\/agenciainfra.com\\\/blog\\\/#website\"},\"primaryImageOfPage\":{\"@id\":\"https:\\\/\\\/agenciainfra.com\\\/blog\\\/porto-de-santos-tem-novas-regras-para-gestao-de-agua-de-lastro\\\/#primaryimage\"},\"image\":{\"@id\":\"https:\\\/\\\/agenciainfra.com\\\/blog\\\/porto-de-santos-tem-novas-regras-para-gestao-de-agua-de-lastro\\\/#primaryimage\"},\"thumbnailUrl\":\"https:\\\/\\\/agenciainfra.com\\\/blog\\\/wp-content\\\/uploads\\\/2026\\\/09\\\/agua-de-lastro-foto-aps-porto-de-santos.jpg\",\"datePublished\":\"2026-09-02T22:00:19+00:00\",\"dateModified\":\"2026-09-02T22:00:23+00:00\",\"breadcrumb\":{\"@id\":\"https:\\\/\\\/agenciainfra.com\\\/blog\\\/porto-de-santos-tem-novas-regras-para-gestao-de-agua-de-lastro\\\/#breadcrumb\"},\"inLanguage\":\"pt-BR\",\"potentialAction\":[{\"@type\":\"ReadAction\",\"target\":[\"https:\\\/\\\/agenciainfra.com\\\/blog\\\/porto-de-santos-tem-novas-regras-para-gestao-de-agua-de-lastro\\\/\"]}]},{\"@type\":\"ImageObject\",\"inLanguage\":\"pt-BR\",\"@id\":\"https:\\\/\\\/agenciainfra.com\\\/blog\\\/porto-de-santos-tem-novas-regras-para-gestao-de-agua-de-lastro\\\/#primaryimage\",\"url\":\"https:\\\/\\\/agenciainfra.com\\\/blog\\\/wp-content\\\/uploads\\\/2026\\\/09\\\/agua-de-lastro-foto-aps-porto-de-santos.jpg\",\"contentUrl\":\"https:\\\/\\\/agenciainfra.com\\\/blog\\\/wp-content\\\/uploads\\\/2026\\\/09\\\/agua-de-lastro-foto-aps-porto-de-santos.jpg\",\"width\":1280,\"height\":854,\"caption\":\"Foto: APS\"},{\"@type\":\"BreadcrumbList\",\"@id\":\"https:\\\/\\\/agenciainfra.com\\\/blog\\\/porto-de-santos-tem-novas-regras-para-gestao-de-agua-de-lastro\\\/#breadcrumb\",\"itemListElement\":[{\"@type\":\"ListItem\",\"position\":1,\"name\":\"In\u00edcio\",\"item\":\"https:\\\/\\\/agenciainfra.com\\\/blog\\\/\"},{\"@type\":\"ListItem\",\"position\":2,\"name\":\"Porto de Santos tem novas regras para gest\u00e3o de \u00e1gua de lastro\"}]},{\"@type\":\"WebSite\",\"@id\":\"https:\\\/\\\/agenciainfra.com\\\/blog\\\/#website\",\"url\":\"https:\\\/\\\/agenciainfra.com\\\/blog\\\/\",\"name\":\"Ag\u00eancia iNFRA\",\"description\":\"Multiplataforma de informa\u00e7\u00e3o jornal\u00edstica refer\u00eancia na \u00e1rea de infraestrutura no Brasil!\",\"publisher\":{\"@id\":\"https:\\\/\\\/agenciainfra.com\\\/blog\\\/#organization\"},\"potentialAction\":[{\"@type\":\"SearchAction\",\"target\":{\"@type\":\"EntryPoint\",\"urlTemplate\":\"https:\\\/\\\/agenciainfra.com\\\/blog\\\/?s={search_term_string}\"},\"query-input\":{\"@type\":\"PropertyValueSpecification\",\"valueRequired\":true,\"valueName\":\"search_term_string\"}}],\"inLanguage\":\"pt-BR\"},{\"@type\":\"Organization\",\"@id\":\"https:\\\/\\\/agenciainfra.com\\\/blog\\\/#organization\",\"name\":\"Ag\u00eancia iNFRA\",\"url\":\"https:\\\/\\\/agenciainfra.com\\\/blog\\\/\",\"logo\":{\"@type\":\"ImageObject\",\"inLanguage\":\"pt-BR\",\"@id\":\"https:\\\/\\\/agenciainfra.com\\\/blog\\\/#\\\/schema\\\/logo\\\/image\\\/\",\"url\":\"https:\\\/\\\/agenciainfra.com\\\/blog\\\/wp-content\\\/uploads\\\/2023\\\/09\\\/iNFRA_5-e1761735885940.png\",\"contentUrl\":\"https:\\\/\\\/agenciainfra.com\\\/blog\\\/wp-content\\\/uploads\\\/2023\\\/09\\\/iNFRA_5-e1761735885940.png\",\"width\":1672,\"height\":454,\"caption\":\"Ag\u00eancia iNFRA\"},\"image\":{\"@id\":\"https:\\\/\\\/agenciainfra.com\\\/blog\\\/#\\\/schema\\\/logo\\\/image\\\/\"},\"sameAs\":[\"https:\\\/\\\/www.facebook.com\\\/ageninfra\",\"https:\\\/\\\/x.com\\\/agencia_infra\",\"https:\\\/\\\/www.linkedin.com\\\/company\\\/ag\u00eanciainfra\\\/\",\"https:\\\/\\\/www.instagram.com\\\/agenciainfra\\\/\"]},{\"@type\":\"Person\",\"@id\":\"https:\\\/\\\/agenciainfra.com\\\/blog\\\/#\\\/schema\\\/person\\\/34af08dff6adea4cb22b06612ba7acfa\",\"name\":\"Ag\u00eancia iNFRA\",\"image\":{\"@type\":\"ImageObject\",\"inLanguage\":\"pt-BR\",\"@id\":\"https:\\\/\\\/secure.gravatar.com\\\/avatar\\\/d189e01678f06d8eb84d4e01f08eb848b3fffe3f8443818d3c356c66892f5be8?s=96&d=mm&r=g\",\"url\":\"https:\\\/\\\/secure.gravatar.com\\\/avatar\\\/d189e01678f06d8eb84d4e01f08eb848b3fffe3f8443818d3c356c66892f5be8?s=96&d=mm&r=g\",\"contentUrl\":\"https:\\\/\\\/secure.gravatar.com\\\/avatar\\\/d189e01678f06d8eb84d4e01f08eb848b3fffe3f8443818d3c356c66892f5be8?s=96&d=mm&r=g\",\"caption\":\"Ag\u00eancia iNFRA\"},\"url\":\"https:\\\/\\\/agenciainfra.com\\\/blog\\\/author\\\/admin\\\/\"}]}<\/script>\n<!-- \/ Yoast SEO Premium plugin. -->","yoast_head_json":{"title":"Porto de Santos tem novas regras para gest\u00e3o de \u00e1gua de lastro - Ag\u00eancia iNFRA","robots":{"index":"index","follow":"follow","max-snippet":"max-snippet:-1","max-image-preview":"max-image-preview:large","max-video-preview":"max-video-preview:-1"},"canonical":"https:\/\/agenciainfra.com\/blog\/porto-de-santos-tem-novas-regras-para-gestao-de-agua-de-lastro\/","og_locale":"pt_BR","og_type":"article","og_title":"Porto de Santos tem novas regras para gest\u00e3o de \u00e1gua de lastro","og_description":"da Ag\u00eancia iNFRA A APS (Autoridade Portu\u00e1ria de Santos) publicou, nesta ter\u00e7a-feira (1\u00ba), norma que atualiza os procedimentos para o controle ambiental da gest\u00e3o de \u00e1gua de lastro de navios e embarca\u00e7\u00f5es no Porto de Santos (SP). A nova regulamenta\u00e7\u00e3o alinha os dispositivos \u00e0 legisla\u00e7\u00e3o mar\u00edtima internacional. Tamb\u00e9m pela norma, um sistema de auditoria ambiental [&hellip;]","og_url":"https:\/\/agenciainfra.com\/blog\/porto-de-santos-tem-novas-regras-para-gestao-de-agua-de-lastro\/","og_site_name":"Ag\u00eancia iNFRA","article_publisher":"https:\/\/www.facebook.com\/ageninfra","article_published_time":"2026-09-02T22:00:19+00:00","article_modified_time":"2026-09-02T22:00:23+00:00","og_image":[{"width":1280,"height":854,"url":"https:\/\/agenciainfra.com\/blog\/wp-content\/uploads\/2026\/09\/agua-de-lastro-foto-aps-porto-de-santos.jpg","type":"image\/jpeg"}],"author":"Ag\u00eancia iNFRA","twitter_card":"summary_large_image","twitter_creator":"@agencia_infra","twitter_site":"@agencia_infra","twitter_misc":{"Escrito por":"Ag\u00eancia iNFRA","Est. tempo de leitura":"1 minuto"},"schema":{"@context":"https:\/\/schema.org","@graph":[{"@type":"Article","@id":"https:\/\/agenciainfra.com\/blog\/porto-de-santos-tem-novas-regras-para-gestao-de-agua-de-lastro\/#article","isPartOf":{"@id":"https:\/\/agenciainfra.com\/blog\/porto-de-santos-tem-novas-regras-para-gestao-de-agua-de-lastro\/"},"author":{"name":"Ag\u00eancia iNFRA","@id":"https:\/\/agenciainfra.com\/blog\/#\/schema\/person\/34af08dff6adea4cb22b06612ba7acfa"},"headline":"Porto de Santos tem novas regras para gest\u00e3o de \u00e1gua de lastro","datePublished":"2026-09-02T22:00:19+00:00","dateModified":"2026-09-02T22:00:23+00:00","mainEntityOfPage":{"@id":"https:\/\/agenciainfra.com\/blog\/porto-de-santos-tem-novas-regras-para-gestao-de-agua-de-lastro\/"},"wordCount":312,"publisher":{"@id":"https:\/\/agenciainfra.com\/blog\/#organization"},"image":{"@id":"https:\/\/agenciainfra.com\/blog\/porto-de-santos-tem-novas-regras-para-gestao-de-agua-de-lastro\/#primaryimage"},"thumbnailUrl":"https:\/\/agenciainfra.com\/blog\/wp-content\/uploads\/2026\/09\/agua-de-lastro-foto-aps-porto-de-santos.jpg","keywords":["\u00e1gua de lastro","APS","Autoridade Portu\u00e1ria de Santos","controle ambiental","Porto de Santos","RAA-BWM"],"articleSection":["Giro iNFRA"],"inLanguage":"pt-BR","copyrightYear":"2026","copyrightHolder":{"@id":"https:\/\/agenciainfra.com\/blog\/#organization"}},{"@type":"WebPage","@id":"https:\/\/agenciainfra.com\/blog\/porto-de-santos-tem-novas-regras-para-gestao-de-agua-de-lastro\/","url":"https:\/\/agenciainfra.com\/blog\/porto-de-santos-tem-novas-regras-para-gestao-de-agua-de-lastro\/","name":"Porto de Santos tem novas regras para gest\u00e3o de \u00e1gua de lastro - Ag\u00eancia iNFRA","isPartOf":{"@id":"https:\/\/agenciainfra.com\/blog\/#website"},"primaryImageOfPage":{"@id":"https:\/\/agenciainfra.com\/blog\/porto-de-santos-tem-novas-regras-para-gestao-de-agua-de-lastro\/#primaryimage"},"image":{"@id":"https:\/\/agenciainfra.com\/blog\/porto-de-santos-tem-novas-regras-para-gestao-de-agua-de-lastro\/#primaryimage"},"thumbnailUrl":"https:\/\/agenciainfra.com\/blog\/wp-content\/uploads\/2026\/09\/agua-de-lastro-foto-aps-porto-de-santos.jpg","datePublished":"2026-09-02T22:00:19+00:00","dateModified":"2026-09-02T22:00:23+00:00","breadcrumb":{"@id":"https:\/\/agenciainfra.com\/blog\/porto-de-santos-tem-novas-regras-para-gestao-de-agua-de-lastro\/#breadcrumb"},"inLanguage":"pt-BR","potentialAction":[{"@type":"ReadAction","target":["https:\/\/agenciainfra.com\/blog\/porto-de-santos-tem-novas-regras-para-gestao-de-agua-de-lastro\/"]}]},{"@type":"ImageObject","inLanguage":"pt-BR","@id":"https:\/\/agenciainfra.com\/blog\/porto-de-santos-tem-novas-regras-para-gestao-de-agua-de-lastro\/#primaryimage","url":"https:\/\/agenciainfra.com\/blog\/wp-content\/uploads\/2026\/09\/agua-de-lastro-foto-aps-porto-de-santos.jpg","contentUrl":"https:\/\/agenciainfra.com\/blog\/wp-content\/uploads\/2026\/09\/agua-de-lastro-foto-aps-porto-de-santos.jpg","width":1280,"height":854,"caption":"Foto: APS"},{"@type":"BreadcrumbList","@id":"https:\/\/agenciainfra.com\/blog\/porto-de-santos-tem-novas-regras-para-gestao-de-agua-de-lastro\/#breadcrumb","itemListElement":[{"@type":"ListItem","position":1,"name":"In\u00edcio","item":"https:\/\/agenciainfra.com\/blog\/"},{"@type":"ListItem","position":2,"name":"Porto de Santos tem novas regras para gest\u00e3o de \u00e1gua de lastro"}]},{"@type":"WebSite","@id":"https:\/\/agenciainfra.com\/blog\/#website","url":"https:\/\/agenciainfra.com\/blog\/","name":"Ag\u00eancia iNFRA","description":"Multiplataforma de informa\u00e7\u00e3o jornal\u00edstica refer\u00eancia na \u00e1rea de infraestrutura no Brasil!","publisher":{"@id":"https:\/\/agenciainfra.com\/blog\/#organization"},"potentialAction":[{"@type":"SearchAction","target":{"@type":"EntryPoint","urlTemplate":"https:\/\/agenciainfra.com\/blog\/?s={search_term_string}"},"query-input":{"@type":"PropertyValueSpecification","valueRequired":true,"valueName":"search_term_string"}}],"inLanguage":"pt-BR"},{"@type":"Organization","@id":"https:\/\/agenciainfra.com\/blog\/#organization","name":"Ag\u00eancia iNFRA","url":"https:\/\/agenciainfra.com\/blog\/","logo":{"@type":"ImageObject","inLanguage":"pt-BR","@id":"https:\/\/agenciainfra.com\/blog\/#\/schema\/logo\/image\/","url":"https:\/\/agenciainfra.com\/blog\/wp-content\/uploads\/2023\/09\/iNFRA_5-e1761735885940.png","contentUrl":"https:\/\/agenciainfra.com\/blog\/wp-content\/uploads\/2023\/09\/iNFRA_5-e1761735885940.png","width":1672,"height":454,"caption":"Ag\u00eancia iNFRA"},"image":{"@id":"https:\/\/agenciainfra.com\/blog\/#\/schema\/logo\/image\/"},"sameAs":["https:\/\/www.facebook.com\/ageninfra","https:\/\/x.com\/agencia_infra","https:\/\/www.linkedin.com\/company\/ag\u00eanciainfra\/","https:\/\/www.instagram.com\/agenciainfra\/"]},{"@type":"Person","@id":"https:\/\/agenciainfra.com\/blog\/#\/schema\/person\/34af08dff6adea4cb22b06612ba7acfa","name":"Ag\u00eancia iNFRA","image":{"@type":"ImageObject","inLanguage":"pt-BR","@id":"https:\/\/secure.gravatar.com\/avatar\/d189e01678f06d8eb84d4e01f08eb848b3fffe3f8443818d3c356c66892f5be8?s=96&d=mm&r=g","url":"https:\/\/secure.gravatar.com\/avatar\/d189e01678f06d8eb84d4e01f08eb848b3fffe3f8443818d3c356c66892f5be8?s=96&d=mm&r=g","contentUrl":"https:\/\/secure.gravatar.com\/avatar\/d189e01678f06d8eb84d4e01f08eb848b3fffe3f8443818d3c356c66892f5be8?s=96&d=mm&r=g","caption":"Ag\u00eancia iNFRA"},"url":"https:\/\/agenciainfra.com\/blog\/author\/admin\/"}]}},"_links":{"self":[{"href":"https:\/\/agenciainfra.com\/blog\/wp-json\/wp\/v2\/posts\/46861","targetHints":{"allow":["GET"]}}],"collection":[{"href":"https:\/\/agenciainfra.com\/blog\/wp-json\/wp\/v2\/posts"}],"about":[{"href":"https:\/\/agenciainfra.com\/blog\/wp-json\/wp\/v2\/types\/post"}],"author":[{"embeddable":true,"href":"https:\/\/agenciainfra.com\/blog\/wp-json\/wp\/v2\/users\/1"}],"replies":[{"embeddable":true,"href":"https:\/\/agenciainfra.com\/blog\/wp-json\/wp\/v2\/comments?post=46861"}],"version-history":[{"count":1,"href":"https:\/\/agenciainfra.com\/blog\/wp-json\/wp\/v2\/posts\/46861\/revisions"}],"predecessor-version":[{"id":46866,"href":"https:\/\/agenciainfra.com\/blog\/wp-json\/wp\/v2\/posts\/46861\/revisions\/46866"}],"wp:featuredmedia":[{"embeddable":true,"href":"https:\/\/agenciainfra.com\/blog\/wp-json\/wp\/v2\/media\/46865"}],"wp:attachment":[{"href":"https:\/\/agenciainfra.com\/blog\/wp-json\/wp\/v2\/media?parent=46861"}],"wp:term":[{"taxonomy":"category","embeddable":true,"href":"https:\/\/agenciainfra.com\/blog\/wp-json\/wp\/v2\/categories?post=46861"},{"taxonomy":"post_tag","embeddable":true,"href":"https:\/\/agenciainfra.com\/blog\/wp-json\/wp\/v2\/tags?post=46861"}],"curies":[{"name":"wp","href":"https:\/\/api.w.org\/{rel}","templated":true}]}}