{"id":46872,"date":"2026-09-02T20:23:56","date_gmt":"2026-09-02T23:23:56","guid":{"rendered":"https:\/\/agenciainfra.com\/blog\/?p=46872"},"modified":"2026-09-02T20:24:03","modified_gmt":"2026-09-02T23:24:03","slug":"fabio-schvartsman-assume-presidencia-da-csn-apos-steinbruch-deixar-o-cargo","status":"publish","type":"post","link":"https:\/\/agenciainfra.com\/blog\/fabio-schvartsman-assume-presidencia-da-csn-apos-steinbruch-deixar-o-cargo\/","title":{"rendered":"Fabio Schvartsman assume presid\u00eancia da CSN ap\u00f3s  Steinbruch deixar o cargo"},"content":{"rendered":"\n<p>A CSN (Companhia Sider\u00fargica Nacional) informou nesta quarta-feira (2) que Fabio Schvartsman assumir\u00e1 a presid\u00eancia executiva da companhia a partir desta quinta (3). Ele substituir\u00e1 Benjamin Steinbruch, que passar\u00e1 a presidir o Conselho de Administra\u00e7\u00e3o.<\/p>\n\n\n\n<p>O conselho aprovou a elei\u00e7\u00e3o de Steinbruch para a presid\u00eancia do colegiado, cargo que ele j\u00e1 ocupou entre 1995 e 2023. A mudan\u00e7a separa novamente as fun\u00e7\u00f5es de comando executivo e de presid\u00eancia do conselho.<\/p>\n\n\n\n<p>Schvartsman foi diretor executivo da Klabin por seis anos e chefiou a Vale entre 2017 e 2019. Ap\u00f3s a sa\u00edda da Vale, ainda integrou o conselho da Vibra Energia. <\/p>\n\n\n\n<p>Segundo a empresa, a mudan\u00e7a faz parte da reorganiza\u00e7\u00e3o de sua lideran\u00e7a. <\/p>\n","protected":false},"excerpt":{"rendered":"<p>A CSN (Companhia Sider\u00fargica Nacional) informou nesta quarta-feira (2) que Fabio Schvartsman assumir\u00e1 a presid\u00eancia executiva da companhia a partir desta quinta (3). Ele substituir\u00e1 Benjamin Steinbruch, que passar\u00e1 a presidir o Conselho de Administra\u00e7\u00e3o. O conselho aprovou a elei\u00e7\u00e3o de Steinbruch para a presid\u00eancia do colegiado, cargo que ele j\u00e1 ocupou entre 1995 e [&hellip;]<\/p>\n","protected":false},"author":1,"featured_media":46874,"comment_status":"closed","ping_status":"closed","sticky":false,"template":"","format":"standard","meta":{"_monsterinsights_skip_tracking":false,"_monsterinsights_sitenote_active":false,"_monsterinsights_sitenote_note":"","_monsterinsights_sitenote_category":0,"footnotes":""},"categories":[7250],"tags":[1217,6443,693,21688,21689,83,7033],"class_list":["post-46872","post","type-post","status-publish","format-standard","has-post-thumbnail","hentry","category-destaque-lista","tag-benjamin-steinbruch","tag-conselho-de-administracao","tag-csn","tag-fabio-schvartsman","tag-klabin","tag-vale","tag-vibra"],"yoast_head":"<!-- This site is optimized with the Yoast SEO Premium plugin v25.4 (Yoast SEO v28.2) - https:\/\/yoast.com\/product\/yoast-seo-premium-wordpress\/ -->\n<title>Fabio Schvartsman assume presid\u00eancia da CSN ap\u00f3s Steinbruch deixar o cargo - Ag\u00eancia iNFRA<\/title>\n<meta name=\"robots\" content=\"index, follow, max-snippet:-1, max-image-preview:large, max-video-preview:-1\" \/>\n<link rel=\"canonical\" href=\"https:\/\/agenciainfra.com\/blog\/fabio-schvartsman-assume-presidencia-da-csn-apos-steinbruch-deixar-o-cargo\/\" \/>\n<meta property=\"og:locale\" content=\"pt_BR\" \/>\n<meta property=\"og:type\" content=\"article\" \/>\n<meta property=\"og:title\" content=\"Fabio Schvartsman assume presid\u00eancia da CSN ap\u00f3s Steinbruch deixar o cargo\" \/>\n<meta property=\"og:description\" content=\"A CSN (Companhia Sider\u00fargica Nacional) informou nesta quarta-feira (2) que Fabio Schvartsman assumir\u00e1 a presid\u00eancia executiva da companhia a partir desta quinta (3). Ele substituir\u00e1 Benjamin Steinbruch, que passar\u00e1 a presidir o Conselho de Administra\u00e7\u00e3o. O conselho aprovou a elei\u00e7\u00e3o de Steinbruch para a presid\u00eancia do colegiado, cargo que ele j\u00e1 ocupou entre 1995 e [&hellip;]\" \/>\n<meta property=\"og:url\" content=\"https:\/\/agenciainfra.com\/blog\/fabio-schvartsman-assume-presidencia-da-csn-apos-steinbruch-deixar-o-cargo\/\" \/>\n<meta property=\"og:site_name\" content=\"Ag\u00eancia iNFRA\" \/>\n<meta property=\"article:publisher\" content=\"https:\/\/www.facebook.com\/ageninfra\" \/>\n<meta property=\"article:published_time\" content=\"2026-09-02T23:23:56+00:00\" \/>\n<meta property=\"article:modified_time\" content=\"2026-09-02T23:24:03+00:00\" \/>\n<meta property=\"og:image\" content=\"https:\/\/agenciainfra.com\/blog\/wp-content\/uploads\/2026\/09\/Fabio-Schvartsman-foto-abi-1.jpg\" \/>\n\t<meta property=\"og:image:width\" content=\"1280\" \/>\n\t<meta property=\"og:image:height\" content=\"853\" \/>\n\t<meta property=\"og:image:type\" content=\"image\/jpeg\" \/>\n<meta name=\"author\" content=\"Ag\u00eancia iNFRA\" \/>\n<meta name=\"twitter:card\" content=\"summary_large_image\" \/>\n<meta name=\"twitter:creator\" content=\"@agencia_infra\" \/>\n<meta name=\"twitter:site\" content=\"@agencia_infra\" \/>\n<meta name=\"twitter:label1\" content=\"Escrito por\" \/>\n\t<meta name=\"twitter:data1\" content=\"Ag\u00eancia iNFRA\" \/>\n\t<meta name=\"twitter:label2\" content=\"Est. tempo de leitura\" \/>\n\t<meta name=\"twitter:data2\" content=\"1 minuto\" \/>\n<script type=\"application\/ld+json\" class=\"yoast-schema-graph\">{\"@context\":\"https:\\\/\\\/schema.org\",\"@graph\":[{\"@type\":\"Article\",\"@id\":\"https:\\\/\\\/agenciainfra.com\\\/blog\\\/fabio-schvartsman-assume-presidencia-da-csn-apos-steinbruch-deixar-o-cargo\\\/#article\",\"isPartOf\":{\"@id\":\"https:\\\/\\\/agenciainfra.com\\\/blog\\\/fabio-schvartsman-assume-presidencia-da-csn-apos-steinbruch-deixar-o-cargo\\\/\"},\"author\":{\"name\":\"Ag\u00eancia iNFRA\",\"@id\":\"https:\\\/\\\/agenciainfra.com\\\/blog\\\/#\\\/schema\\\/person\\\/34af08dff6adea4cb22b06612ba7acfa\"},\"headline\":\"Fabio Schvartsman assume presid\u00eancia da CSN ap\u00f3s Steinbruch deixar o cargo\",\"datePublished\":\"2026-09-02T23:23:56+00:00\",\"dateModified\":\"2026-09-02T23:24:03+00:00\",\"mainEntityOfPage\":{\"@id\":\"https:\\\/\\\/agenciainfra.com\\\/blog\\\/fabio-schvartsman-assume-presidencia-da-csn-apos-steinbruch-deixar-o-cargo\\\/\"},\"wordCount\":131,\"publisher\":{\"@id\":\"https:\\\/\\\/agenciainfra.com\\\/blog\\\/#organization\"},\"image\":{\"@id\":\"https:\\\/\\\/agenciainfra.com\\\/blog\\\/fabio-schvartsman-assume-presidencia-da-csn-apos-steinbruch-deixar-o-cargo\\\/#primaryimage\"},\"thumbnailUrl\":\"https:\\\/\\\/agenciainfra.com\\\/blog\\\/wp-content\\\/uploads\\\/2026\\\/09\\\/Fabio-Schvartsman-foto-abi-1.jpg\",\"keywords\":[\"Benjamin Steinbruch\",\"conselho de administra\u00e7\u00e3o\",\"CSN\",\"Fabio Schvartsman\",\"Klabin\",\"Vale\",\"Vibra\"],\"articleSection\":[\"Destaque lista\"],\"inLanguage\":\"pt-BR\",\"copyrightYear\":\"2026\",\"copyrightHolder\":{\"@id\":\"https:\\\/\\\/agenciainfra.com\\\/blog\\\/#organization\"}},{\"@type\":\"WebPage\",\"@id\":\"https:\\\/\\\/agenciainfra.com\\\/blog\\\/fabio-schvartsman-assume-presidencia-da-csn-apos-steinbruch-deixar-o-cargo\\\/\",\"url\":\"https:\\\/\\\/agenciainfra.com\\\/blog\\\/fabio-schvartsman-assume-presidencia-da-csn-apos-steinbruch-deixar-o-cargo\\\/\",\"name\":\"Fabio Schvartsman assume presid\u00eancia da CSN ap\u00f3s Steinbruch deixar o cargo - Ag\u00eancia iNFRA\",\"isPartOf\":{\"@id\":\"https:\\\/\\\/agenciainfra.com\\\/blog\\\/#website\"},\"primaryImageOfPage\":{\"@id\":\"https:\\\/\\\/agenciainfra.com\\\/blog\\\/fabio-schvartsman-assume-presidencia-da-csn-apos-steinbruch-deixar-o-cargo\\\/#primaryimage\"},\"image\":{\"@id\":\"https:\\\/\\\/agenciainfra.com\\\/blog\\\/fabio-schvartsman-assume-presidencia-da-csn-apos-steinbruch-deixar-o-cargo\\\/#primaryimage\"},\"thumbnailUrl\":\"https:\\\/\\\/agenciainfra.com\\\/blog\\\/wp-content\\\/uploads\\\/2026\\\/09\\\/Fabio-Schvartsman-foto-abi-1.jpg\",\"datePublished\":\"2026-09-02T23:23:56+00:00\",\"dateModified\":\"2026-09-02T23:24:03+00:00\",\"breadcrumb\":{\"@id\":\"https:\\\/\\\/agenciainfra.com\\\/blog\\\/fabio-schvartsman-assume-presidencia-da-csn-apos-steinbruch-deixar-o-cargo\\\/#breadcrumb\"},\"inLanguage\":\"pt-BR\",\"potentialAction\":[{\"@type\":\"ReadAction\",\"target\":[\"https:\\\/\\\/agenciainfra.com\\\/blog\\\/fabio-schvartsman-assume-presidencia-da-csn-apos-steinbruch-deixar-o-cargo\\\/\"]}]},{\"@type\":\"ImageObject\",\"inLanguage\":\"pt-BR\",\"@id\":\"https:\\\/\\\/agenciainfra.com\\\/blog\\\/fabio-schvartsman-assume-presidencia-da-csn-apos-steinbruch-deixar-o-cargo\\\/#primaryimage\",\"url\":\"https:\\\/\\\/agenciainfra.com\\\/blog\\\/wp-content\\\/uploads\\\/2026\\\/09\\\/Fabio-Schvartsman-foto-abi-1.jpg\",\"contentUrl\":\"https:\\\/\\\/agenciainfra.com\\\/blog\\\/wp-content\\\/uploads\\\/2026\\\/09\\\/Fabio-Schvartsman-foto-abi-1.jpg\",\"width\":1280,\"height\":853,\"caption\":\"Foto: ABI\"},{\"@type\":\"BreadcrumbList\",\"@id\":\"https:\\\/\\\/agenciainfra.com\\\/blog\\\/fabio-schvartsman-assume-presidencia-da-csn-apos-steinbruch-deixar-o-cargo\\\/#breadcrumb\",\"itemListElement\":[{\"@type\":\"ListItem\",\"position\":1,\"name\":\"In\u00edcio\",\"item\":\"https:\\\/\\\/agenciainfra.com\\\/blog\\\/\"},{\"@type\":\"ListItem\",\"position\":2,\"name\":\"Fabio Schvartsman assume presid\u00eancia da CSN ap\u00f3s Steinbruch deixar o cargo\"}]},{\"@type\":\"WebSite\",\"@id\":\"https:\\\/\\\/agenciainfra.com\\\/blog\\\/#website\",\"url\":\"https:\\\/\\\/agenciainfra.com\\\/blog\\\/\",\"name\":\"Ag\u00eancia iNFRA\",\"description\":\"Multiplataforma de informa\u00e7\u00e3o jornal\u00edstica refer\u00eancia na \u00e1rea de infraestrutura no Brasil!\",\"publisher\":{\"@id\":\"https:\\\/\\\/agenciainfra.com\\\/blog\\\/#organization\"},\"potentialAction\":[{\"@type\":\"SearchAction\",\"target\":{\"@type\":\"EntryPoint\",\"urlTemplate\":\"https:\\\/\\\/agenciainfra.com\\\/blog\\\/?s={search_term_string}\"},\"query-input\":{\"@type\":\"PropertyValueSpecification\",\"valueRequired\":true,\"valueName\":\"search_term_string\"}}],\"inLanguage\":\"pt-BR\"},{\"@type\":\"Organization\",\"@id\":\"https:\\\/\\\/agenciainfra.com\\\/blog\\\/#organization\",\"name\":\"Ag\u00eancia iNFRA\",\"url\":\"https:\\\/\\\/agenciainfra.com\\\/blog\\\/\",\"logo\":{\"@type\":\"ImageObject\",\"inLanguage\":\"pt-BR\",\"@id\":\"https:\\\/\\\/agenciainfra.com\\\/blog\\\/#\\\/schema\\\/logo\\\/image\\\/\",\"url\":\"https:\\\/\\\/agenciainfra.com\\\/blog\\\/wp-content\\\/uploads\\\/2023\\\/09\\\/iNFRA_5-e1761735885940.png\",\"contentUrl\":\"https:\\\/\\\/agenciainfra.com\\\/blog\\\/wp-content\\\/uploads\\\/2023\\\/09\\\/iNFRA_5-e1761735885940.png\",\"width\":1672,\"height\":454,\"caption\":\"Ag\u00eancia iNFRA\"},\"image\":{\"@id\":\"https:\\\/\\\/agenciainfra.com\\\/blog\\\/#\\\/schema\\\/logo\\\/image\\\/\"},\"sameAs\":[\"https:\\\/\\\/www.facebook.com\\\/ageninfra\",\"https:\\\/\\\/x.com\\\/agencia_infra\",\"https:\\\/\\\/www.linkedin.com\\\/company\\\/ag\u00eanciainfra\\\/\",\"https:\\\/\\\/www.instagram.com\\\/agenciainfra\\\/\"]},{\"@type\":\"Person\",\"@id\":\"https:\\\/\\\/agenciainfra.com\\\/blog\\\/#\\\/schema\\\/person\\\/34af08dff6adea4cb22b06612ba7acfa\",\"name\":\"Ag\u00eancia iNFRA\",\"image\":{\"@type\":\"ImageObject\",\"inLanguage\":\"pt-BR\",\"@id\":\"https:\\\/\\\/secure.gravatar.com\\\/avatar\\\/d189e01678f06d8eb84d4e01f08eb848b3fffe3f8443818d3c356c66892f5be8?s=96&d=mm&r=g\",\"url\":\"https:\\\/\\\/secure.gravatar.com\\\/avatar\\\/d189e01678f06d8eb84d4e01f08eb848b3fffe3f8443818d3c356c66892f5be8?s=96&d=mm&r=g\",\"contentUrl\":\"https:\\\/\\\/secure.gravatar.com\\\/avatar\\\/d189e01678f06d8eb84d4e01f08eb848b3fffe3f8443818d3c356c66892f5be8?s=96&d=mm&r=g\",\"caption\":\"Ag\u00eancia iNFRA\"},\"url\":\"https:\\\/\\\/agenciainfra.com\\\/blog\\\/author\\\/admin\\\/\"}]}<\/script>\n<!-- \/ Yoast SEO Premium plugin. -->","yoast_head_json":{"title":"Fabio Schvartsman assume presid\u00eancia da CSN ap\u00f3s Steinbruch deixar o cargo - Ag\u00eancia iNFRA","robots":{"index":"index","follow":"follow","max-snippet":"max-snippet:-1","max-image-preview":"max-image-preview:large","max-video-preview":"max-video-preview:-1"},"canonical":"https:\/\/agenciainfra.com\/blog\/fabio-schvartsman-assume-presidencia-da-csn-apos-steinbruch-deixar-o-cargo\/","og_locale":"pt_BR","og_type":"article","og_title":"Fabio Schvartsman assume presid\u00eancia da CSN ap\u00f3s Steinbruch deixar o cargo","og_description":"A CSN (Companhia Sider\u00fargica Nacional) informou nesta quarta-feira (2) que Fabio Schvartsman assumir\u00e1 a presid\u00eancia executiva da companhia a partir desta quinta (3). Ele substituir\u00e1 Benjamin Steinbruch, que passar\u00e1 a presidir o Conselho de Administra\u00e7\u00e3o. O conselho aprovou a elei\u00e7\u00e3o de Steinbruch para a presid\u00eancia do colegiado, cargo que ele j\u00e1 ocupou entre 1995 e [&hellip;]","og_url":"https:\/\/agenciainfra.com\/blog\/fabio-schvartsman-assume-presidencia-da-csn-apos-steinbruch-deixar-o-cargo\/","og_site_name":"Ag\u00eancia iNFRA","article_publisher":"https:\/\/www.facebook.com\/ageninfra","article_published_time":"2026-09-02T23:23:56+00:00","article_modified_time":"2026-09-02T23:24:03+00:00","og_image":[{"width":1280,"height":853,"url":"https:\/\/agenciainfra.com\/blog\/wp-content\/uploads\/2026\/09\/Fabio-Schvartsman-foto-abi-1.jpg","type":"image\/jpeg"}],"author":"Ag\u00eancia iNFRA","twitter_card":"summary_large_image","twitter_creator":"@agencia_infra","twitter_site":"@agencia_infra","twitter_misc":{"Escrito por":"Ag\u00eancia iNFRA","Est. tempo de leitura":"1 minuto"},"schema":{"@context":"https:\/\/schema.org","@graph":[{"@type":"Article","@id":"https:\/\/agenciainfra.com\/blog\/fabio-schvartsman-assume-presidencia-da-csn-apos-steinbruch-deixar-o-cargo\/#article","isPartOf":{"@id":"https:\/\/agenciainfra.com\/blog\/fabio-schvartsman-assume-presidencia-da-csn-apos-steinbruch-deixar-o-cargo\/"},"author":{"name":"Ag\u00eancia iNFRA","@id":"https:\/\/agenciainfra.com\/blog\/#\/schema\/person\/34af08dff6adea4cb22b06612ba7acfa"},"headline":"Fabio Schvartsman assume presid\u00eancia da CSN ap\u00f3s Steinbruch deixar o cargo","datePublished":"2026-09-02T23:23:56+00:00","dateModified":"2026-09-02T23:24:03+00:00","mainEntityOfPage":{"@id":"https:\/\/agenciainfra.com\/blog\/fabio-schvartsman-assume-presidencia-da-csn-apos-steinbruch-deixar-o-cargo\/"},"wordCount":131,"publisher":{"@id":"https:\/\/agenciainfra.com\/blog\/#organization"},"image":{"@id":"https:\/\/agenciainfra.com\/blog\/fabio-schvartsman-assume-presidencia-da-csn-apos-steinbruch-deixar-o-cargo\/#primaryimage"},"thumbnailUrl":"https:\/\/agenciainfra.com\/blog\/wp-content\/uploads\/2026\/09\/Fabio-Schvartsman-foto-abi-1.jpg","keywords":["Benjamin Steinbruch","conselho de administra\u00e7\u00e3o","CSN","Fabio Schvartsman","Klabin","Vale","Vibra"],"articleSection":["Destaque lista"],"inLanguage":"pt-BR","copyrightYear":"2026","copyrightHolder":{"@id":"https:\/\/agenciainfra.com\/blog\/#organization"}},{"@type":"WebPage","@id":"https:\/\/agenciainfra.com\/blog\/fabio-schvartsman-assume-presidencia-da-csn-apos-steinbruch-deixar-o-cargo\/","url":"https:\/\/agenciainfra.com\/blog\/fabio-schvartsman-assume-presidencia-da-csn-apos-steinbruch-deixar-o-cargo\/","name":"Fabio Schvartsman assume presid\u00eancia da CSN ap\u00f3s Steinbruch deixar o cargo - Ag\u00eancia iNFRA","isPartOf":{"@id":"https:\/\/agenciainfra.com\/blog\/#website"},"primaryImageOfPage":{"@id":"https:\/\/agenciainfra.com\/blog\/fabio-schvartsman-assume-presidencia-da-csn-apos-steinbruch-deixar-o-cargo\/#primaryimage"},"image":{"@id":"https:\/\/agenciainfra.com\/blog\/fabio-schvartsman-assume-presidencia-da-csn-apos-steinbruch-deixar-o-cargo\/#primaryimage"},"thumbnailUrl":"https:\/\/agenciainfra.com\/blog\/wp-content\/uploads\/2026\/09\/Fabio-Schvartsman-foto-abi-1.jpg","datePublished":"2026-09-02T23:23:56+00:00","dateModified":"2026-09-02T23:24:03+00:00","breadcrumb":{"@id":"https:\/\/agenciainfra.com\/blog\/fabio-schvartsman-assume-presidencia-da-csn-apos-steinbruch-deixar-o-cargo\/#breadcrumb"},"inLanguage":"pt-BR","potentialAction":[{"@type":"ReadAction","target":["https:\/\/agenciainfra.com\/blog\/fabio-schvartsman-assume-presidencia-da-csn-apos-steinbruch-deixar-o-cargo\/"]}]},{"@type":"ImageObject","inLanguage":"pt-BR","@id":"https:\/\/agenciainfra.com\/blog\/fabio-schvartsman-assume-presidencia-da-csn-apos-steinbruch-deixar-o-cargo\/#primaryimage","url":"https:\/\/agenciainfra.com\/blog\/wp-content\/uploads\/2026\/09\/Fabio-Schvartsman-foto-abi-1.jpg","contentUrl":"https:\/\/agenciainfra.com\/blog\/wp-content\/uploads\/2026\/09\/Fabio-Schvartsman-foto-abi-1.jpg","width":1280,"height":853,"caption":"Foto: ABI"},{"@type":"BreadcrumbList","@id":"https:\/\/agenciainfra.com\/blog\/fabio-schvartsman-assume-presidencia-da-csn-apos-steinbruch-deixar-o-cargo\/#breadcrumb","itemListElement":[{"@type":"ListItem","position":1,"name":"In\u00edcio","item":"https:\/\/agenciainfra.com\/blog\/"},{"@type":"ListItem","position":2,"name":"Fabio Schvartsman assume presid\u00eancia da CSN ap\u00f3s Steinbruch deixar o cargo"}]},{"@type":"WebSite","@id":"https:\/\/agenciainfra.com\/blog\/#website","url":"https:\/\/agenciainfra.com\/blog\/","name":"Ag\u00eancia iNFRA","description":"Multiplataforma de informa\u00e7\u00e3o jornal\u00edstica refer\u00eancia na \u00e1rea de infraestrutura no Brasil!","publisher":{"@id":"https:\/\/agenciainfra.com\/blog\/#organization"},"potentialAction":[{"@type":"SearchAction","target":{"@type":"EntryPoint","urlTemplate":"https:\/\/agenciainfra.com\/blog\/?s={search_term_string}"},"query-input":{"@type":"PropertyValueSpecification","valueRequired":true,"valueName":"search_term_string"}}],"inLanguage":"pt-BR"},{"@type":"Organization","@id":"https:\/\/agenciainfra.com\/blog\/#organization","name":"Ag\u00eancia iNFRA","url":"https:\/\/agenciainfra.com\/blog\/","logo":{"@type":"ImageObject","inLanguage":"pt-BR","@id":"https:\/\/agenciainfra.com\/blog\/#\/schema\/logo\/image\/","url":"https:\/\/agenciainfra.com\/blog\/wp-content\/uploads\/2023\/09\/iNFRA_5-e1761735885940.png","contentUrl":"https:\/\/agenciainfra.com\/blog\/wp-content\/uploads\/2023\/09\/iNFRA_5-e1761735885940.png","width":1672,"height":454,"caption":"Ag\u00eancia iNFRA"},"image":{"@id":"https:\/\/agenciainfra.com\/blog\/#\/schema\/logo\/image\/"},"sameAs":["https:\/\/www.facebook.com\/ageninfra","https:\/\/x.com\/agencia_infra","https:\/\/www.linkedin.com\/company\/ag\u00eanciainfra\/","https:\/\/www.instagram.com\/agenciainfra\/"]},{"@type":"Person","@id":"https:\/\/agenciainfra.com\/blog\/#\/schema\/person\/34af08dff6adea4cb22b06612ba7acfa","name":"Ag\u00eancia iNFRA","image":{"@type":"ImageObject","inLanguage":"pt-BR","@id":"https:\/\/secure.gravatar.com\/avatar\/d189e01678f06d8eb84d4e01f08eb848b3fffe3f8443818d3c356c66892f5be8?s=96&d=mm&r=g","url":"https:\/\/secure.gravatar.com\/avatar\/d189e01678f06d8eb84d4e01f08eb848b3fffe3f8443818d3c356c66892f5be8?s=96&d=mm&r=g","contentUrl":"https:\/\/secure.gravatar.com\/avatar\/d189e01678f06d8eb84d4e01f08eb848b3fffe3f8443818d3c356c66892f5be8?s=96&d=mm&r=g","caption":"Ag\u00eancia iNFRA"},"url":"https:\/\/agenciainfra.com\/blog\/author\/admin\/"}]}},"_links":{"self":[{"href":"https:\/\/agenciainfra.com\/blog\/wp-json\/wp\/v2\/posts\/46872","targetHints":{"allow":["GET"]}}],"collection":[{"href":"https:\/\/agenciainfra.com\/blog\/wp-json\/wp\/v2\/posts"}],"about":[{"href":"https:\/\/agenciainfra.com\/blog\/wp-json\/wp\/v2\/types\/post"}],"author":[{"embeddable":true,"href":"https:\/\/agenciainfra.com\/blog\/wp-json\/wp\/v2\/users\/1"}],"replies":[{"embeddable":true,"href":"https:\/\/agenciainfra.com\/blog\/wp-json\/wp\/v2\/comments?post=46872"}],"version-history":[{"count":1,"href":"https:\/\/agenciainfra.com\/blog\/wp-json\/wp\/v2\/posts\/46872\/revisions"}],"predecessor-version":[{"id":46875,"href":"https:\/\/agenciainfra.com\/blog\/wp-json\/wp\/v2\/posts\/46872\/revisions\/46875"}],"wp:featuredmedia":[{"embeddable":true,"href":"https:\/\/agenciainfra.com\/blog\/wp-json\/wp\/v2\/media\/46874"}],"wp:attachment":[{"href":"https:\/\/agenciainfra.com\/blog\/wp-json\/wp\/v2\/media?parent=46872"}],"wp:term":[{"taxonomy":"category","embeddable":true,"href":"https:\/\/agenciainfra.com\/blog\/wp-json\/wp\/v2\/categories?post=46872"},{"taxonomy":"post_tag","embeddable":true,"href":"https:\/\/agenciainfra.com\/blog\/wp-json\/wp\/v2\/tags?post=46872"}],"curies":[{"name":"wp","href":"https:\/\/api.w.org\/{rel}","templated":true}]}}