{"id":46889,"date":"2026-09-03T14:00:00","date_gmt":"2026-09-03T17:00:00","guid":{"rendered":"https:\/\/agenciainfra.com\/blog\/?p=46889"},"modified":"2026-09-03T14:00:22","modified_gmt":"2026-09-03T17:00:22","slug":"tcu-libera-leilao-de-terminal-em-fortaleza-com-ajustes-em-capacidade","status":"publish","type":"post","link":"https:\/\/agenciainfra.com\/blog\/tcu-libera-leilao-de-terminal-em-fortaleza-com-ajustes-em-capacidade\/","title":{"rendered":"TCU libera leil\u00e3o de terminal em Fortaleza com ajustes em capacidade"},"content":{"rendered":"\n<p class=\"has-text-align-right\"><strong>da Ag\u00eancia iNFRA<\/strong><\/p>\n\n\n\n<p>O TCU (Tribunal de Contas da Uni\u00e3o) deu aval na quarta-feira (2) para o governo fazer seu\u00a0primeiro leil\u00e3o de terminal de cont\u00eaineres. O ativo, chamado de MUC04, est\u00e1 localizado no Porto de Fortaleza (CE). Antes de avan\u00e7ar com a publica\u00e7\u00e3o do edital, por sua vez, a ANTAQ (Ag\u00eancia Nacional de Transportes Aquavi\u00e1rios) e o MPor (Minist\u00e9rio de Portos e Aeroportos) precisar\u00e3o ajustar o EVTEA (Estudo de Viabilidade T\u00e9cnica, Econ\u00f4mica e Ambiental) do arrendamento, o que pode resultar em aumento das proje\u00e7\u00f5es de movimenta\u00e7\u00e3o do ativo. Leia o\u00a0<a href=\"https:\/\/agenciainfra.com\/blog\/wp-content\/uploads\/2026\/09\/025.613-2024-3-AAA-Desestatizacao-Arrendamento-Portuario.pdf\" target=\"_blank\" rel=\"noreferrer noopener\">ac\u00f3rd\u00e3o<\/a>.<br><br>Entre as mudan\u00e7as determinadas pelo TCU est\u00e1 a revis\u00e3o do fator de convers\u00e3o de TEU\/unidade utilizado na modelagem. Segundo an\u00e1lise da \u00e1rea t\u00e9cnica, o sistema de embarque e desembarque apresentou uma capacidade din\u00e2mica de apenas 360 mil TEUs, configurando-se como o real gargalo operacional que restringe a capacidade total do terminal.<br><br>De acordo com os t\u00e9cnicos, essa \u201csevera limita\u00e7\u00e3o\u201d decorre diretamente da piora combinada dos par\u00e2metros de produtividade de cais (redu\u00e7\u00e3o da prancha geral e aumento do tempo morto) e, fundamentalmente, da mitiga\u00e7\u00e3o do fator de convers\u00e3o de 1,87 para 1,73 TEU\/unidade.<br><br>\u201cEsse rebaixamento do coeficiente de convers\u00e3o impactou negativamente o subsistema, reduzindo a capacidade l\u00edquida do cais em transformar movimentos f\u00edsicos de guindaste em volume de TEUs efetivamente operados, o que estrangula o fluxo de escoamento do terminal precocemente, antes mesmo que se atinja o limite potencial dos demais subsistemas\u201d, apontou o relat\u00f3rio da unidade t\u00e9cnica.\u00a0<br><br>Ao TCU, o governo argumentou que\u00a0a altera\u00e7\u00e3o decorreu de revis\u00e3o das premissas relativas ao mix de carga projetado para o horizonte contratual. Adotou-se como refer\u00eancia a m\u00e9dia observada no complexo portu\u00e1rio Fortaleza\/Pec\u00e9m, em raz\u00e3o da expectativa de maior converg\u00eancia entre o perfil futuro de movimenta\u00e7\u00e3o do terminal e a composi\u00e7\u00e3o m\u00e9dia da carga observada no complexo portu\u00e1rio. \u00a0<br><br>A unidade t\u00e9cnica observou, contudo, que o hist\u00f3rico operacional do Porto de Fortaleza aponta valores situados entre 1,85 e 1,90 TEU por unidade, &#8220;os quais refletiriam com maior fidelidade as caracter\u00edsticas efetivamente verificadas nas opera\u00e7\u00f5es realizadas no porto&#8221;. Com a revis\u00e3o do fator de convers\u00e3o, o minist\u00e9rio e a ag\u00eancia ter\u00e3o tamb\u00e9m de rever a estimativa de demanda projetada para o terminal.\u00a0<br><br>Na vers\u00e3o analisada pelo TCU, o MUC04 prev\u00ea Capex estimado em quase R$ 300 milh\u00f5es. O terminal \u00e9 bem menor na compara\u00e7\u00e3o com outros projetos de arrendamento para cont\u00eainer que est\u00e3o na carteira do governo para serem leiloados, como \u00e9 o caso do Tecon 10, para o Porto de Santos (SP), e o novo arrendamento para o Porto de Itaja\u00ed (SC).<br><br><strong>Sa\u00edda de Bruno Dantas<\/strong><br>Antes de iniciarem a vota\u00e7\u00e3o dos processos nesta quarta, os ministros da corte fizeram\u00a0homenagens ao ministro Bruno Dantas, que <a href=\"https:\/\/agenciainfra.com\/blog\/bruno-dantas-anuncia-saida-do-tcu\/\">anunciou sua sa\u00edda da corte<\/a> nesta semana. Presidente do TCU, o ministro Vital do R\u00eago destacou a lideran\u00e7a de Dantas na cria\u00e7\u00e3o da SecexConsenso do tribunal enquanto foi presidente do \u00f3rg\u00e3o.\u00a0<br><br>\u201cBruno conhece profundamente o direito processual e o direito administrativo, mas tamb\u00e9m conhece a realidade de quem administra, decide e assume responsabilidades no Estado. Essa combina\u00e7\u00e3o faz diferen\u00e7a em muitos dos seus votos e em muitas das transforma\u00e7\u00f5es ocorridas no Tribunal durante os \u00faltimos anos. Uma delas foi o avan\u00e7o do consensualismo\u201d, afirmou Vital.<br><br>Os ministros tamb\u00e9m destacaram a aprova\u00e7\u00e3o do nome de Rodrigo Pacheco, hoje senador, para ocupar a cadeira que ser\u00e1 aberta com a sa\u00edda de Dantas. O nome de <a href=\"https:\/\/agenciainfra.com\/blog\/camara-aprova-e-rodrigo-pacheco-vai-ocupar-vaga-de-bruno-dantas-no-tcu\/\">Pacheco foi aprovado<\/a> na ter\u00e7a-feira (1\u00ba) pelo Senado e na quarta pela C\u00e2mara.<\/p>\n","protected":false},"excerpt":{"rendered":"<p>da Ag\u00eancia iNFRA O TCU (Tribunal de Contas da Uni\u00e3o) deu aval na quarta-feira (2) para o governo fazer seu\u00a0primeiro leil\u00e3o de terminal de cont\u00eaineres. O ativo, chamado de MUC04, est\u00e1 localizado no Porto de Fortaleza (CE). Antes de avan\u00e7ar com a publica\u00e7\u00e3o do edital, por sua vez, a ANTAQ (Ag\u00eancia Nacional de Transportes Aquavi\u00e1rios) [&hellip;]<\/p>\n","protected":false},"author":1,"featured_media":46890,"comment_status":"closed","ping_status":"closed","sticky":false,"template":"","format":"standard","meta":{"_monsterinsights_skip_tracking":false,"_monsterinsights_sitenote_active":false,"_monsterinsights_sitenote_note":"","_monsterinsights_sitenote_category":0,"footnotes":""},"categories":[7249],"tags":[86,9467,396,6257,8770,2492,2254,18,1634,860],"class_list":["post-46889","post","type-post","status-publish","format-standard","has-post-thumbnail","hentry","category-destaque","tag-antaq","tag-arrendamento-portuario","tag-bruno-dantas","tag-ministerio-de-portos-e-aeroportos","tag-muc04","tag-porto-de-fortaleza","tag-rodrigo-pacheco","tag-tcu","tag-terminal-de-conteineres","tag-vital-do-rego"],"yoast_head":"<!-- This site is optimized with the Yoast SEO Premium plugin v25.4 (Yoast SEO v28.2) - https:\/\/yoast.com\/product\/yoast-seo-premium-wordpress\/ -->\n<title>TCU libera leil\u00e3o de terminal em Fortaleza com ajustes em capacidade - Ag\u00eancia iNFRA<\/title>\n<meta name=\"robots\" content=\"index, follow, max-snippet:-1, max-image-preview:large, max-video-preview:-1\" \/>\n<link rel=\"canonical\" href=\"https:\/\/agenciainfra.com\/blog\/tcu-libera-leilao-de-terminal-em-fortaleza-com-ajustes-em-capacidade\/\" \/>\n<meta property=\"og:locale\" content=\"pt_BR\" \/>\n<meta property=\"og:type\" content=\"article\" \/>\n<meta property=\"og:title\" content=\"TCU libera leil\u00e3o de terminal em Fortaleza com ajustes em capacidade\" \/>\n<meta property=\"og:description\" content=\"da Ag\u00eancia iNFRA O TCU (Tribunal de Contas da Uni\u00e3o) deu aval na quarta-feira (2) para o governo fazer seu\u00a0primeiro leil\u00e3o de terminal de cont\u00eaineres. O ativo, chamado de MUC04, est\u00e1 localizado no Porto de Fortaleza (CE). Antes de avan\u00e7ar com a publica\u00e7\u00e3o do edital, por sua vez, a ANTAQ (Ag\u00eancia Nacional de Transportes Aquavi\u00e1rios) [&hellip;]\" \/>\n<meta property=\"og:url\" content=\"https:\/\/agenciainfra.com\/blog\/tcu-libera-leilao-de-terminal-em-fortaleza-com-ajustes-em-capacidade\/\" \/>\n<meta property=\"og:site_name\" content=\"Ag\u00eancia iNFRA\" \/>\n<meta property=\"article:publisher\" content=\"https:\/\/www.facebook.com\/ageninfra\" \/>\n<meta property=\"article:published_time\" content=\"2026-09-03T17:00:00+00:00\" \/>\n<meta property=\"article:modified_time\" content=\"2026-09-03T17:00:22+00:00\" \/>\n<meta property=\"og:image\" content=\"https:\/\/agenciainfra.com\/blog\/wp-content\/uploads\/2026\/09\/porto-de-fortaleza-muc04-foto-antaq-1.png\" \/>\n\t<meta property=\"og:image:width\" content=\"1280\" \/>\n\t<meta property=\"og:image:height\" content=\"720\" \/>\n\t<meta property=\"og:image:type\" content=\"image\/png\" \/>\n<meta name=\"author\" content=\"Ag\u00eancia iNFRA\" \/>\n<meta name=\"twitter:card\" content=\"summary_large_image\" \/>\n<meta name=\"twitter:creator\" content=\"@agencia_infra\" \/>\n<meta name=\"twitter:site\" content=\"@agencia_infra\" \/>\n<meta name=\"twitter:label1\" content=\"Escrito por\" \/>\n\t<meta name=\"twitter:data1\" content=\"Ag\u00eancia iNFRA\" \/>\n\t<meta name=\"twitter:label2\" content=\"Est. tempo de leitura\" \/>\n\t<meta name=\"twitter:data2\" content=\"3 minutos\" \/>\n<script type=\"application\/ld+json\" class=\"yoast-schema-graph\">{\"@context\":\"https:\\\/\\\/schema.org\",\"@graph\":[{\"@type\":\"Article\",\"@id\":\"https:\\\/\\\/agenciainfra.com\\\/blog\\\/tcu-libera-leilao-de-terminal-em-fortaleza-com-ajustes-em-capacidade\\\/#article\",\"isPartOf\":{\"@id\":\"https:\\\/\\\/agenciainfra.com\\\/blog\\\/tcu-libera-leilao-de-terminal-em-fortaleza-com-ajustes-em-capacidade\\\/\"},\"author\":{\"name\":\"Ag\u00eancia iNFRA\",\"@id\":\"https:\\\/\\\/agenciainfra.com\\\/blog\\\/#\\\/schema\\\/person\\\/34af08dff6adea4cb22b06612ba7acfa\"},\"headline\":\"TCU libera leil\u00e3o de terminal em Fortaleza com ajustes em capacidade\",\"datePublished\":\"2026-09-03T17:00:00+00:00\",\"dateModified\":\"2026-09-03T17:00:22+00:00\",\"mainEntityOfPage\":{\"@id\":\"https:\\\/\\\/agenciainfra.com\\\/blog\\\/tcu-libera-leilao-de-terminal-em-fortaleza-com-ajustes-em-capacidade\\\/\"},\"wordCount\":651,\"publisher\":{\"@id\":\"https:\\\/\\\/agenciainfra.com\\\/blog\\\/#organization\"},\"image\":{\"@id\":\"https:\\\/\\\/agenciainfra.com\\\/blog\\\/tcu-libera-leilao-de-terminal-em-fortaleza-com-ajustes-em-capacidade\\\/#primaryimage\"},\"thumbnailUrl\":\"https:\\\/\\\/agenciainfra.com\\\/blog\\\/wp-content\\\/uploads\\\/2026\\\/09\\\/porto-de-fortaleza-muc04-foto-antaq-1.png\",\"keywords\":[\"ANTAQ\",\"arrendamento portu\u00e1rio\",\"Bruno Dantas\",\"Minist\u00e9rio de Portos e Aeroportos\",\"MUC04\",\"Porto de Fortaleza\",\"Rodrigo Pacheco\",\"TCU\",\"terminal de cont\u00eaineres\",\"Vital do R\u00eago\"],\"articleSection\":[\"Destaque\"],\"inLanguage\":\"pt-BR\",\"copyrightYear\":\"2026\",\"copyrightHolder\":{\"@id\":\"https:\\\/\\\/agenciainfra.com\\\/blog\\\/#organization\"}},{\"@type\":\"WebPage\",\"@id\":\"https:\\\/\\\/agenciainfra.com\\\/blog\\\/tcu-libera-leilao-de-terminal-em-fortaleza-com-ajustes-em-capacidade\\\/\",\"url\":\"https:\\\/\\\/agenciainfra.com\\\/blog\\\/tcu-libera-leilao-de-terminal-em-fortaleza-com-ajustes-em-capacidade\\\/\",\"name\":\"TCU libera leil\u00e3o de terminal em Fortaleza com ajustes em capacidade - Ag\u00eancia iNFRA\",\"isPartOf\":{\"@id\":\"https:\\\/\\\/agenciainfra.com\\\/blog\\\/#website\"},\"primaryImageOfPage\":{\"@id\":\"https:\\\/\\\/agenciainfra.com\\\/blog\\\/tcu-libera-leilao-de-terminal-em-fortaleza-com-ajustes-em-capacidade\\\/#primaryimage\"},\"image\":{\"@id\":\"https:\\\/\\\/agenciainfra.com\\\/blog\\\/tcu-libera-leilao-de-terminal-em-fortaleza-com-ajustes-em-capacidade\\\/#primaryimage\"},\"thumbnailUrl\":\"https:\\\/\\\/agenciainfra.com\\\/blog\\\/wp-content\\\/uploads\\\/2026\\\/09\\\/porto-de-fortaleza-muc04-foto-antaq-1.png\",\"datePublished\":\"2026-09-03T17:00:00+00:00\",\"dateModified\":\"2026-09-03T17:00:22+00:00\",\"breadcrumb\":{\"@id\":\"https:\\\/\\\/agenciainfra.com\\\/blog\\\/tcu-libera-leilao-de-terminal-em-fortaleza-com-ajustes-em-capacidade\\\/#breadcrumb\"},\"inLanguage\":\"pt-BR\",\"potentialAction\":[{\"@type\":\"ReadAction\",\"target\":[\"https:\\\/\\\/agenciainfra.com\\\/blog\\\/tcu-libera-leilao-de-terminal-em-fortaleza-com-ajustes-em-capacidade\\\/\"]}]},{\"@type\":\"ImageObject\",\"inLanguage\":\"pt-BR\",\"@id\":\"https:\\\/\\\/agenciainfra.com\\\/blog\\\/tcu-libera-leilao-de-terminal-em-fortaleza-com-ajustes-em-capacidade\\\/#primaryimage\",\"url\":\"https:\\\/\\\/agenciainfra.com\\\/blog\\\/wp-content\\\/uploads\\\/2026\\\/09\\\/porto-de-fortaleza-muc04-foto-antaq-1.png\",\"contentUrl\":\"https:\\\/\\\/agenciainfra.com\\\/blog\\\/wp-content\\\/uploads\\\/2026\\\/09\\\/porto-de-fortaleza-muc04-foto-antaq-1.png\",\"width\":1280,\"height\":720,\"caption\":\"Foto: ANTAQ\"},{\"@type\":\"BreadcrumbList\",\"@id\":\"https:\\\/\\\/agenciainfra.com\\\/blog\\\/tcu-libera-leilao-de-terminal-em-fortaleza-com-ajustes-em-capacidade\\\/#breadcrumb\",\"itemListElement\":[{\"@type\":\"ListItem\",\"position\":1,\"name\":\"In\u00edcio\",\"item\":\"https:\\\/\\\/agenciainfra.com\\\/blog\\\/\"},{\"@type\":\"ListItem\",\"position\":2,\"name\":\"TCU libera leil\u00e3o de terminal em Fortaleza com ajustes em capacidade\"}]},{\"@type\":\"WebSite\",\"@id\":\"https:\\\/\\\/agenciainfra.com\\\/blog\\\/#website\",\"url\":\"https:\\\/\\\/agenciainfra.com\\\/blog\\\/\",\"name\":\"Ag\u00eancia iNFRA\",\"description\":\"Multiplataforma de informa\u00e7\u00e3o jornal\u00edstica refer\u00eancia na \u00e1rea de infraestrutura no Brasil!\",\"publisher\":{\"@id\":\"https:\\\/\\\/agenciainfra.com\\\/blog\\\/#organization\"},\"potentialAction\":[{\"@type\":\"SearchAction\",\"target\":{\"@type\":\"EntryPoint\",\"urlTemplate\":\"https:\\\/\\\/agenciainfra.com\\\/blog\\\/?s={search_term_string}\"},\"query-input\":{\"@type\":\"PropertyValueSpecification\",\"valueRequired\":true,\"valueName\":\"search_term_string\"}}],\"inLanguage\":\"pt-BR\"},{\"@type\":\"Organization\",\"@id\":\"https:\\\/\\\/agenciainfra.com\\\/blog\\\/#organization\",\"name\":\"Ag\u00eancia iNFRA\",\"url\":\"https:\\\/\\\/agenciainfra.com\\\/blog\\\/\",\"logo\":{\"@type\":\"ImageObject\",\"inLanguage\":\"pt-BR\",\"@id\":\"https:\\\/\\\/agenciainfra.com\\\/blog\\\/#\\\/schema\\\/logo\\\/image\\\/\",\"url\":\"https:\\\/\\\/agenciainfra.com\\\/blog\\\/wp-content\\\/uploads\\\/2023\\\/09\\\/iNFRA_5-e1761735885940.png\",\"contentUrl\":\"https:\\\/\\\/agenciainfra.com\\\/blog\\\/wp-content\\\/uploads\\\/2023\\\/09\\\/iNFRA_5-e1761735885940.png\",\"width\":1672,\"height\":454,\"caption\":\"Ag\u00eancia iNFRA\"},\"image\":{\"@id\":\"https:\\\/\\\/agenciainfra.com\\\/blog\\\/#\\\/schema\\\/logo\\\/image\\\/\"},\"sameAs\":[\"https:\\\/\\\/www.facebook.com\\\/ageninfra\",\"https:\\\/\\\/x.com\\\/agencia_infra\",\"https:\\\/\\\/www.linkedin.com\\\/company\\\/ag\u00eanciainfra\\\/\",\"https:\\\/\\\/www.instagram.com\\\/agenciainfra\\\/\"]},{\"@type\":\"Person\",\"@id\":\"https:\\\/\\\/agenciainfra.com\\\/blog\\\/#\\\/schema\\\/person\\\/34af08dff6adea4cb22b06612ba7acfa\",\"name\":\"Ag\u00eancia iNFRA\",\"image\":{\"@type\":\"ImageObject\",\"inLanguage\":\"pt-BR\",\"@id\":\"https:\\\/\\\/secure.gravatar.com\\\/avatar\\\/d189e01678f06d8eb84d4e01f08eb848b3fffe3f8443818d3c356c66892f5be8?s=96&d=mm&r=g\",\"url\":\"https:\\\/\\\/secure.gravatar.com\\\/avatar\\\/d189e01678f06d8eb84d4e01f08eb848b3fffe3f8443818d3c356c66892f5be8?s=96&d=mm&r=g\",\"contentUrl\":\"https:\\\/\\\/secure.gravatar.com\\\/avatar\\\/d189e01678f06d8eb84d4e01f08eb848b3fffe3f8443818d3c356c66892f5be8?s=96&d=mm&r=g\",\"caption\":\"Ag\u00eancia iNFRA\"},\"url\":\"https:\\\/\\\/agenciainfra.com\\\/blog\\\/author\\\/admin\\\/\"}]}<\/script>\n<!-- \/ Yoast SEO Premium plugin. -->","yoast_head_json":{"title":"TCU libera leil\u00e3o de terminal em Fortaleza com ajustes em capacidade - Ag\u00eancia iNFRA","robots":{"index":"index","follow":"follow","max-snippet":"max-snippet:-1","max-image-preview":"max-image-preview:large","max-video-preview":"max-video-preview:-1"},"canonical":"https:\/\/agenciainfra.com\/blog\/tcu-libera-leilao-de-terminal-em-fortaleza-com-ajustes-em-capacidade\/","og_locale":"pt_BR","og_type":"article","og_title":"TCU libera leil\u00e3o de terminal em Fortaleza com ajustes em capacidade","og_description":"da Ag\u00eancia iNFRA O TCU (Tribunal de Contas da Uni\u00e3o) deu aval na quarta-feira (2) para o governo fazer seu\u00a0primeiro leil\u00e3o de terminal de cont\u00eaineres. O ativo, chamado de MUC04, est\u00e1 localizado no Porto de Fortaleza (CE). Antes de avan\u00e7ar com a publica\u00e7\u00e3o do edital, por sua vez, a ANTAQ (Ag\u00eancia Nacional de Transportes Aquavi\u00e1rios) [&hellip;]","og_url":"https:\/\/agenciainfra.com\/blog\/tcu-libera-leilao-de-terminal-em-fortaleza-com-ajustes-em-capacidade\/","og_site_name":"Ag\u00eancia iNFRA","article_publisher":"https:\/\/www.facebook.com\/ageninfra","article_published_time":"2026-09-03T17:00:00+00:00","article_modified_time":"2026-09-03T17:00:22+00:00","og_image":[{"width":1280,"height":720,"url":"https:\/\/agenciainfra.com\/blog\/wp-content\/uploads\/2026\/09\/porto-de-fortaleza-muc04-foto-antaq-1.png","type":"image\/png"}],"author":"Ag\u00eancia iNFRA","twitter_card":"summary_large_image","twitter_creator":"@agencia_infra","twitter_site":"@agencia_infra","twitter_misc":{"Escrito por":"Ag\u00eancia iNFRA","Est. tempo de leitura":"3 minutos"},"schema":{"@context":"https:\/\/schema.org","@graph":[{"@type":"Article","@id":"https:\/\/agenciainfra.com\/blog\/tcu-libera-leilao-de-terminal-em-fortaleza-com-ajustes-em-capacidade\/#article","isPartOf":{"@id":"https:\/\/agenciainfra.com\/blog\/tcu-libera-leilao-de-terminal-em-fortaleza-com-ajustes-em-capacidade\/"},"author":{"name":"Ag\u00eancia iNFRA","@id":"https:\/\/agenciainfra.com\/blog\/#\/schema\/person\/34af08dff6adea4cb22b06612ba7acfa"},"headline":"TCU libera leil\u00e3o de terminal em Fortaleza com ajustes em capacidade","datePublished":"2026-09-03T17:00:00+00:00","dateModified":"2026-09-03T17:00:22+00:00","mainEntityOfPage":{"@id":"https:\/\/agenciainfra.com\/blog\/tcu-libera-leilao-de-terminal-em-fortaleza-com-ajustes-em-capacidade\/"},"wordCount":651,"publisher":{"@id":"https:\/\/agenciainfra.com\/blog\/#organization"},"image":{"@id":"https:\/\/agenciainfra.com\/blog\/tcu-libera-leilao-de-terminal-em-fortaleza-com-ajustes-em-capacidade\/#primaryimage"},"thumbnailUrl":"https:\/\/agenciainfra.com\/blog\/wp-content\/uploads\/2026\/09\/porto-de-fortaleza-muc04-foto-antaq-1.png","keywords":["ANTAQ","arrendamento portu\u00e1rio","Bruno Dantas","Minist\u00e9rio de Portos e Aeroportos","MUC04","Porto de Fortaleza","Rodrigo Pacheco","TCU","terminal de cont\u00eaineres","Vital do R\u00eago"],"articleSection":["Destaque"],"inLanguage":"pt-BR","copyrightYear":"2026","copyrightHolder":{"@id":"https:\/\/agenciainfra.com\/blog\/#organization"}},{"@type":"WebPage","@id":"https:\/\/agenciainfra.com\/blog\/tcu-libera-leilao-de-terminal-em-fortaleza-com-ajustes-em-capacidade\/","url":"https:\/\/agenciainfra.com\/blog\/tcu-libera-leilao-de-terminal-em-fortaleza-com-ajustes-em-capacidade\/","name":"TCU libera leil\u00e3o de terminal em Fortaleza com ajustes em capacidade - Ag\u00eancia iNFRA","isPartOf":{"@id":"https:\/\/agenciainfra.com\/blog\/#website"},"primaryImageOfPage":{"@id":"https:\/\/agenciainfra.com\/blog\/tcu-libera-leilao-de-terminal-em-fortaleza-com-ajustes-em-capacidade\/#primaryimage"},"image":{"@id":"https:\/\/agenciainfra.com\/blog\/tcu-libera-leilao-de-terminal-em-fortaleza-com-ajustes-em-capacidade\/#primaryimage"},"thumbnailUrl":"https:\/\/agenciainfra.com\/blog\/wp-content\/uploads\/2026\/09\/porto-de-fortaleza-muc04-foto-antaq-1.png","datePublished":"2026-09-03T17:00:00+00:00","dateModified":"2026-09-03T17:00:22+00:00","breadcrumb":{"@id":"https:\/\/agenciainfra.com\/blog\/tcu-libera-leilao-de-terminal-em-fortaleza-com-ajustes-em-capacidade\/#breadcrumb"},"inLanguage":"pt-BR","potentialAction":[{"@type":"ReadAction","target":["https:\/\/agenciainfra.com\/blog\/tcu-libera-leilao-de-terminal-em-fortaleza-com-ajustes-em-capacidade\/"]}]},{"@type":"ImageObject","inLanguage":"pt-BR","@id":"https:\/\/agenciainfra.com\/blog\/tcu-libera-leilao-de-terminal-em-fortaleza-com-ajustes-em-capacidade\/#primaryimage","url":"https:\/\/agenciainfra.com\/blog\/wp-content\/uploads\/2026\/09\/porto-de-fortaleza-muc04-foto-antaq-1.png","contentUrl":"https:\/\/agenciainfra.com\/blog\/wp-content\/uploads\/2026\/09\/porto-de-fortaleza-muc04-foto-antaq-1.png","width":1280,"height":720,"caption":"Foto: ANTAQ"},{"@type":"BreadcrumbList","@id":"https:\/\/agenciainfra.com\/blog\/tcu-libera-leilao-de-terminal-em-fortaleza-com-ajustes-em-capacidade\/#breadcrumb","itemListElement":[{"@type":"ListItem","position":1,"name":"In\u00edcio","item":"https:\/\/agenciainfra.com\/blog\/"},{"@type":"ListItem","position":2,"name":"TCU libera leil\u00e3o de terminal em Fortaleza com ajustes em capacidade"}]},{"@type":"WebSite","@id":"https:\/\/agenciainfra.com\/blog\/#website","url":"https:\/\/agenciainfra.com\/blog\/","name":"Ag\u00eancia iNFRA","description":"Multiplataforma de informa\u00e7\u00e3o jornal\u00edstica refer\u00eancia na \u00e1rea de infraestrutura no Brasil!","publisher":{"@id":"https:\/\/agenciainfra.com\/blog\/#organization"},"potentialAction":[{"@type":"SearchAction","target":{"@type":"EntryPoint","urlTemplate":"https:\/\/agenciainfra.com\/blog\/?s={search_term_string}"},"query-input":{"@type":"PropertyValueSpecification","valueRequired":true,"valueName":"search_term_string"}}],"inLanguage":"pt-BR"},{"@type":"Organization","@id":"https:\/\/agenciainfra.com\/blog\/#organization","name":"Ag\u00eancia iNFRA","url":"https:\/\/agenciainfra.com\/blog\/","logo":{"@type":"ImageObject","inLanguage":"pt-BR","@id":"https:\/\/agenciainfra.com\/blog\/#\/schema\/logo\/image\/","url":"https:\/\/agenciainfra.com\/blog\/wp-content\/uploads\/2023\/09\/iNFRA_5-e1761735885940.png","contentUrl":"https:\/\/agenciainfra.com\/blog\/wp-content\/uploads\/2023\/09\/iNFRA_5-e1761735885940.png","width":1672,"height":454,"caption":"Ag\u00eancia iNFRA"},"image":{"@id":"https:\/\/agenciainfra.com\/blog\/#\/schema\/logo\/image\/"},"sameAs":["https:\/\/www.facebook.com\/ageninfra","https:\/\/x.com\/agencia_infra","https:\/\/www.linkedin.com\/company\/ag\u00eanciainfra\/","https:\/\/www.instagram.com\/agenciainfra\/"]},{"@type":"Person","@id":"https:\/\/agenciainfra.com\/blog\/#\/schema\/person\/34af08dff6adea4cb22b06612ba7acfa","name":"Ag\u00eancia iNFRA","image":{"@type":"ImageObject","inLanguage":"pt-BR","@id":"https:\/\/secure.gravatar.com\/avatar\/d189e01678f06d8eb84d4e01f08eb848b3fffe3f8443818d3c356c66892f5be8?s=96&d=mm&r=g","url":"https:\/\/secure.gravatar.com\/avatar\/d189e01678f06d8eb84d4e01f08eb848b3fffe3f8443818d3c356c66892f5be8?s=96&d=mm&r=g","contentUrl":"https:\/\/secure.gravatar.com\/avatar\/d189e01678f06d8eb84d4e01f08eb848b3fffe3f8443818d3c356c66892f5be8?s=96&d=mm&r=g","caption":"Ag\u00eancia iNFRA"},"url":"https:\/\/agenciainfra.com\/blog\/author\/admin\/"}]}},"_links":{"self":[{"href":"https:\/\/agenciainfra.com\/blog\/wp-json\/wp\/v2\/posts\/46889","targetHints":{"allow":["GET"]}}],"collection":[{"href":"https:\/\/agenciainfra.com\/blog\/wp-json\/wp\/v2\/posts"}],"about":[{"href":"https:\/\/agenciainfra.com\/blog\/wp-json\/wp\/v2\/types\/post"}],"author":[{"embeddable":true,"href":"https:\/\/agenciainfra.com\/blog\/wp-json\/wp\/v2\/users\/1"}],"replies":[{"embeddable":true,"href":"https:\/\/agenciainfra.com\/blog\/wp-json\/wp\/v2\/comments?post=46889"}],"version-history":[{"count":1,"href":"https:\/\/agenciainfra.com\/blog\/wp-json\/wp\/v2\/posts\/46889\/revisions"}],"predecessor-version":[{"id":46891,"href":"https:\/\/agenciainfra.com\/blog\/wp-json\/wp\/v2\/posts\/46889\/revisions\/46891"}],"wp:featuredmedia":[{"embeddable":true,"href":"https:\/\/agenciainfra.com\/blog\/wp-json\/wp\/v2\/media\/46890"}],"wp:attachment":[{"href":"https:\/\/agenciainfra.com\/blog\/wp-json\/wp\/v2\/media?parent=46889"}],"wp:term":[{"taxonomy":"category","embeddable":true,"href":"https:\/\/agenciainfra.com\/blog\/wp-json\/wp\/v2\/categories?post=46889"},{"taxonomy":"post_tag","embeddable":true,"href":"https:\/\/agenciainfra.com\/blog\/wp-json\/wp\/v2\/tags?post=46889"}],"curies":[{"name":"wp","href":"https:\/\/api.w.org\/{rel}","templated":true}]}}