{"id":46897,"date":"2026-09-03T12:16:02","date_gmt":"2026-09-03T15:16:02","guid":{"rendered":"https:\/\/agenciainfra.com\/blog\/?p=46897"},"modified":"2026-09-03T12:16:06","modified_gmt":"2026-09-03T15:16:06","slug":"anp-amplia-prazo-para-proposta-sobre-multiplicadores-da-tarifa-do-gas","status":"publish","type":"post","link":"https:\/\/agenciainfra.com\/blog\/anp-amplia-prazo-para-proposta-sobre-multiplicadores-da-tarifa-do-gas\/","title":{"rendered":"ANP amplia prazo para proposta sobre multiplicadores da tarifa do g\u00e1s"},"content":{"rendered":"\n<p class=\"has-text-align-right\"><strong>Ana Lu\u00edsa Egues, da Ag\u00eancia iNFRA<\/strong><\/p>\n\n\n\n<p>A ANP (Ag\u00eancia Nacional do Petr\u00f3leo, G\u00e1s Natural e Biocombust\u00edveis) atendeu pedido feito pelo Conselho de Usu\u00e1rios e pela ATG\u00e1s (Associa\u00e7\u00e3o de Empresas de Transporte de G\u00e1s Natural por Gasoduto) e adiou, por mais 20 dias, o prazo para submiss\u00e3o da proposta conjunta sobre a metodologia de c\u00e1lculo dos chamados &#8220;multiplicadores&#8221; da tarifa-base, previstos no artigo 36 da Resolu\u00e7\u00e3o ANP n\u00ba 991\/2026. Com a decis\u00e3o, tomada na ter\u00e7a-feira (1\u00ba), a data limite passou de 31 de agosto para 20 de setembro de 2026.<\/p>\n\n\n\n<p>Esses multiplicadores s\u00e3o \u00edndices que atuam sobre a tarifa de refer\u00eancia (contratos firmes de longo prazo) para apontar o valor a ser cobrado pelo servi\u00e7o de transporte no caso de contratos de menor dura\u00e7\u00e3o. Funcionam, portanto, como um adicional de tarifa. Os valores entram no saldo da conta regulat\u00f3ria e s\u00e3o revertidos, depois, em mocidade tarif\u00e1ria. Os usu\u00e1rios defendem atenuar esses multiplicadores para incentivar o mercado spot.<\/p>\n\n\n\n<p><strong>Imprevisto<\/strong><br>Inicialmente, a Resolu\u00e7\u00e3o ANP n\u00ba 991\/2026 definiu prazo de 180 dias para a apresenta\u00e7\u00e3o da proposta conjunta (ou seja, at\u00e9 julho deste ano). Um primeiro adiamento, de 60 dias, j\u00e1 havia sido concedido pela diretoria da ANP em junho.<\/p>\n\n\n\n<p>No cronograma de trabalho reformado, aprovado pela ANP, a ideia era que o alinhamento entre as entidades acontecesse at\u00e9 o pr\u00f3ximo domingo (6), enquanto a reuni\u00e3o t\u00e9cnica de esclarecimentos est\u00e1 prevista para a pr\u00f3xima semana. A consolida\u00e7\u00e3o da proposta final aconteceria na semana do dia 14 de setembro.<\/p>\n\n\n\n<p>Para justificar o pedido de adiamento do prazo, as entidades explicaram que houve um princ\u00edpio de inc\u00eandio no local onde seria realizado um workshop sobre o assunto no in\u00edcio de agosto. O epis\u00f3dio teria atrasado todo o restante do cronograma porque, segundo o Conselho de Usu\u00e1rios e a ATG\u00e1s, \u201co workshop constitui etapa essencial para o desenvolvimento dos trabalhos subsequentes\u201d. Esse workshop foi reagendado e realizado no dia 24 de agosto.<\/p>\n\n\n\n<p>De acordo com a ANP, eventuais novos pedidos de prorroga\u00e7\u00e3o feitos pelas entidades somente ser\u00e3o objeto de aprecia\u00e7\u00e3o mediante a demonstra\u00e7\u00e3o de circunst\u00e2ncia excepcional, \u201csuperveniente e devidamente comprovada que impe\u00e7a o cumprimento do cronograma aprovado\u201d.<\/p>\n\n\n\n<p><strong>Regra<\/strong><br>O artigo 36 da Resolu\u00e7\u00e3o ANP n\u00ba 991\/2026 determina que o n\u00edvel dos multiplicadores para os produtos relacionados a servi\u00e7os de transporte firme de curto prazo dever\u00e1 ser proposto pelo transportador, acompanhado de racional de c\u00e1lculo, e aprovado pela ag\u00eancia reguladora no processo de revis\u00e3o tarif\u00e1ria.<\/p>\n\n\n\n<p>Para a defini\u00e7\u00e3o do n\u00edvel dos multiplicadores, dever\u00e3o ser observados, por exemplo, o impacto nas receitas dos servi\u00e7os de transporte e em sua recupera\u00e7\u00e3o, e a necessidade de evitar o subs\u00eddio cruzado e sele\u00e7\u00e3o adversa entre carregadores que contratam produtos de capacidade de longo e de curto prazo.<\/p>\n","protected":false},"excerpt":{"rendered":"<p>Ana Lu\u00edsa Egues, da Ag\u00eancia iNFRA A ANP (Ag\u00eancia Nacional do Petr\u00f3leo, G\u00e1s Natural e Biocombust\u00edveis) atendeu pedido feito pelo Conselho de Usu\u00e1rios e pela ATG\u00e1s (Associa\u00e7\u00e3o de Empresas de Transporte de G\u00e1s Natural por Gasoduto) e adiou, por mais 20 dias, o prazo para submiss\u00e3o da proposta conjunta sobre a metodologia de c\u00e1lculo dos [&hellip;]<\/p>\n","protected":false},"author":1,"featured_media":12697,"comment_status":"closed","ping_status":"closed","sticky":false,"template":"","format":"standard","meta":{"_monsterinsights_skip_tracking":false,"_monsterinsights_sitenote_active":false,"_monsterinsights_sitenote_note":"","_monsterinsights_sitenote_category":0,"footnotes":""},"categories":[7250],"tags":[21677,1101,14970,21692,882,2554,21691,13643],"class_list":["post-46897","post","type-post","status-publish","format-standard","has-post-thumbnail","hentry","category-destaque-lista","tag-ana-luisa-egues","tag-anp","tag-atgas","tag-conselho-de-usuarios","tag-gas-natural","tag-gasoduto","tag-multiplicadores-da-tarifa","tag-transporte-de-gas"],"yoast_head":"<!-- This site is optimized with the Yoast SEO Premium plugin v25.4 (Yoast SEO v28.2) - https:\/\/yoast.com\/product\/yoast-seo-premium-wordpress\/ -->\n<title>ANP amplia prazo para proposta sobre multiplicadores da tarifa do g\u00e1s - Ag\u00eancia iNFRA<\/title>\n<meta name=\"robots\" content=\"index, follow, max-snippet:-1, max-image-preview:large, max-video-preview:-1\" \/>\n<link rel=\"canonical\" href=\"https:\/\/agenciainfra.com\/blog\/anp-amplia-prazo-para-proposta-sobre-multiplicadores-da-tarifa-do-gas\/\" \/>\n<meta property=\"og:locale\" content=\"pt_BR\" \/>\n<meta property=\"og:type\" content=\"article\" \/>\n<meta property=\"og:title\" content=\"ANP amplia prazo para proposta sobre multiplicadores da tarifa do g\u00e1s\" \/>\n<meta property=\"og:description\" content=\"Ana Lu\u00edsa Egues, da Ag\u00eancia iNFRA A ANP (Ag\u00eancia Nacional do Petr\u00f3leo, G\u00e1s Natural e Biocombust\u00edveis) atendeu pedido feito pelo Conselho de Usu\u00e1rios e pela ATG\u00e1s (Associa\u00e7\u00e3o de Empresas de Transporte de G\u00e1s Natural por Gasoduto) e adiou, por mais 20 dias, o prazo para submiss\u00e3o da proposta conjunta sobre a metodologia de c\u00e1lculo dos [&hellip;]\" \/>\n<meta property=\"og:url\" content=\"https:\/\/agenciainfra.com\/blog\/anp-amplia-prazo-para-proposta-sobre-multiplicadores-da-tarifa-do-gas\/\" \/>\n<meta property=\"og:site_name\" content=\"Ag\u00eancia iNFRA\" \/>\n<meta property=\"article:publisher\" content=\"https:\/\/www.facebook.com\/ageninfra\" \/>\n<meta property=\"article:published_time\" content=\"2026-09-03T15:16:02+00:00\" \/>\n<meta property=\"article:modified_time\" content=\"2026-09-03T15:16:06+00:00\" \/>\n<meta property=\"og:image\" content=\"https:\/\/agenciainfra.com\/blog\/wp-content\/uploads\/2023\/05\/logo-anp-foto-mme-saulo-cruz-e1748370900715.jpg\" \/>\n\t<meta property=\"og:image:width\" content=\"1280\" \/>\n\t<meta property=\"og:image:height\" content=\"766\" \/>\n\t<meta property=\"og:image:type\" content=\"image\/jpeg\" \/>\n<meta name=\"author\" content=\"Ag\u00eancia iNFRA\" \/>\n<meta name=\"twitter:card\" content=\"summary_large_image\" \/>\n<meta name=\"twitter:creator\" content=\"@agencia_infra\" \/>\n<meta name=\"twitter:site\" content=\"@agencia_infra\" \/>\n<meta name=\"twitter:label1\" content=\"Escrito por\" \/>\n\t<meta name=\"twitter:data1\" content=\"Ag\u00eancia iNFRA\" \/>\n\t<meta name=\"twitter:label2\" content=\"Est. tempo de leitura\" \/>\n\t<meta name=\"twitter:data2\" content=\"2 minutos\" \/>\n<script type=\"application\/ld+json\" class=\"yoast-schema-graph\">{\"@context\":\"https:\\\/\\\/schema.org\",\"@graph\":[{\"@type\":\"Article\",\"@id\":\"https:\\\/\\\/agenciainfra.com\\\/blog\\\/anp-amplia-prazo-para-proposta-sobre-multiplicadores-da-tarifa-do-gas\\\/#article\",\"isPartOf\":{\"@id\":\"https:\\\/\\\/agenciainfra.com\\\/blog\\\/anp-amplia-prazo-para-proposta-sobre-multiplicadores-da-tarifa-do-gas\\\/\"},\"author\":{\"name\":\"Ag\u00eancia iNFRA\",\"@id\":\"https:\\\/\\\/agenciainfra.com\\\/blog\\\/#\\\/schema\\\/person\\\/34af08dff6adea4cb22b06612ba7acfa\"},\"headline\":\"ANP amplia prazo para proposta sobre multiplicadores da tarifa do g\u00e1s\",\"datePublished\":\"2026-09-03T15:16:02+00:00\",\"dateModified\":\"2026-09-03T15:16:06+00:00\",\"mainEntityOfPage\":{\"@id\":\"https:\\\/\\\/agenciainfra.com\\\/blog\\\/anp-amplia-prazo-para-proposta-sobre-multiplicadores-da-tarifa-do-gas\\\/\"},\"wordCount\":498,\"publisher\":{\"@id\":\"https:\\\/\\\/agenciainfra.com\\\/blog\\\/#organization\"},\"image\":{\"@id\":\"https:\\\/\\\/agenciainfra.com\\\/blog\\\/anp-amplia-prazo-para-proposta-sobre-multiplicadores-da-tarifa-do-gas\\\/#primaryimage\"},\"thumbnailUrl\":\"https:\\\/\\\/agenciainfra.com\\\/blog\\\/wp-content\\\/uploads\\\/2023\\\/05\\\/logo-anp-foto-mme-saulo-cruz-e1748370900715.jpg\",\"keywords\":[\"Ana Lu\u00edsa Egues\",\"ANP\",\"Atg\u00e1s\",\"Conselho de Usu\u00e1rios\",\"g\u00e1s natural\",\"gasoduto\",\"multiplicadores da tarifa\",\"transporte de g\u00e1s\"],\"articleSection\":[\"Destaque lista\"],\"inLanguage\":\"pt-BR\",\"copyrightYear\":\"2026\",\"copyrightHolder\":{\"@id\":\"https:\\\/\\\/agenciainfra.com\\\/blog\\\/#organization\"}},{\"@type\":\"WebPage\",\"@id\":\"https:\\\/\\\/agenciainfra.com\\\/blog\\\/anp-amplia-prazo-para-proposta-sobre-multiplicadores-da-tarifa-do-gas\\\/\",\"url\":\"https:\\\/\\\/agenciainfra.com\\\/blog\\\/anp-amplia-prazo-para-proposta-sobre-multiplicadores-da-tarifa-do-gas\\\/\",\"name\":\"ANP amplia prazo para proposta sobre multiplicadores da tarifa do g\u00e1s - Ag\u00eancia iNFRA\",\"isPartOf\":{\"@id\":\"https:\\\/\\\/agenciainfra.com\\\/blog\\\/#website\"},\"primaryImageOfPage\":{\"@id\":\"https:\\\/\\\/agenciainfra.com\\\/blog\\\/anp-amplia-prazo-para-proposta-sobre-multiplicadores-da-tarifa-do-gas\\\/#primaryimage\"},\"image\":{\"@id\":\"https:\\\/\\\/agenciainfra.com\\\/blog\\\/anp-amplia-prazo-para-proposta-sobre-multiplicadores-da-tarifa-do-gas\\\/#primaryimage\"},\"thumbnailUrl\":\"https:\\\/\\\/agenciainfra.com\\\/blog\\\/wp-content\\\/uploads\\\/2023\\\/05\\\/logo-anp-foto-mme-saulo-cruz-e1748370900715.jpg\",\"datePublished\":\"2026-09-03T15:16:02+00:00\",\"dateModified\":\"2026-09-03T15:16:06+00:00\",\"breadcrumb\":{\"@id\":\"https:\\\/\\\/agenciainfra.com\\\/blog\\\/anp-amplia-prazo-para-proposta-sobre-multiplicadores-da-tarifa-do-gas\\\/#breadcrumb\"},\"inLanguage\":\"pt-BR\",\"potentialAction\":[{\"@type\":\"ReadAction\",\"target\":[\"https:\\\/\\\/agenciainfra.com\\\/blog\\\/anp-amplia-prazo-para-proposta-sobre-multiplicadores-da-tarifa-do-gas\\\/\"]}]},{\"@type\":\"ImageObject\",\"inLanguage\":\"pt-BR\",\"@id\":\"https:\\\/\\\/agenciainfra.com\\\/blog\\\/anp-amplia-prazo-para-proposta-sobre-multiplicadores-da-tarifa-do-gas\\\/#primaryimage\",\"url\":\"https:\\\/\\\/agenciainfra.com\\\/blog\\\/wp-content\\\/uploads\\\/2023\\\/05\\\/logo-anp-foto-mme-saulo-cruz-e1748370900715.jpg\",\"contentUrl\":\"https:\\\/\\\/agenciainfra.com\\\/blog\\\/wp-content\\\/uploads\\\/2023\\\/05\\\/logo-anp-foto-mme-saulo-cruz-e1748370900715.jpg\",\"width\":1280,\"height\":766,\"caption\":\"Foto: Saulo Cruz\\\/MME\"},{\"@type\":\"BreadcrumbList\",\"@id\":\"https:\\\/\\\/agenciainfra.com\\\/blog\\\/anp-amplia-prazo-para-proposta-sobre-multiplicadores-da-tarifa-do-gas\\\/#breadcrumb\",\"itemListElement\":[{\"@type\":\"ListItem\",\"position\":1,\"name\":\"In\u00edcio\",\"item\":\"https:\\\/\\\/agenciainfra.com\\\/blog\\\/\"},{\"@type\":\"ListItem\",\"position\":2,\"name\":\"ANP amplia prazo para proposta sobre multiplicadores da tarifa do g\u00e1s\"}]},{\"@type\":\"WebSite\",\"@id\":\"https:\\\/\\\/agenciainfra.com\\\/blog\\\/#website\",\"url\":\"https:\\\/\\\/agenciainfra.com\\\/blog\\\/\",\"name\":\"Ag\u00eancia iNFRA\",\"description\":\"Multiplataforma de informa\u00e7\u00e3o jornal\u00edstica refer\u00eancia na \u00e1rea de infraestrutura no Brasil!\",\"publisher\":{\"@id\":\"https:\\\/\\\/agenciainfra.com\\\/blog\\\/#organization\"},\"potentialAction\":[{\"@type\":\"SearchAction\",\"target\":{\"@type\":\"EntryPoint\",\"urlTemplate\":\"https:\\\/\\\/agenciainfra.com\\\/blog\\\/?s={search_term_string}\"},\"query-input\":{\"@type\":\"PropertyValueSpecification\",\"valueRequired\":true,\"valueName\":\"search_term_string\"}}],\"inLanguage\":\"pt-BR\"},{\"@type\":\"Organization\",\"@id\":\"https:\\\/\\\/agenciainfra.com\\\/blog\\\/#organization\",\"name\":\"Ag\u00eancia iNFRA\",\"url\":\"https:\\\/\\\/agenciainfra.com\\\/blog\\\/\",\"logo\":{\"@type\":\"ImageObject\",\"inLanguage\":\"pt-BR\",\"@id\":\"https:\\\/\\\/agenciainfra.com\\\/blog\\\/#\\\/schema\\\/logo\\\/image\\\/\",\"url\":\"https:\\\/\\\/agenciainfra.com\\\/blog\\\/wp-content\\\/uploads\\\/2023\\\/09\\\/iNFRA_5-e1761735885940.png\",\"contentUrl\":\"https:\\\/\\\/agenciainfra.com\\\/blog\\\/wp-content\\\/uploads\\\/2023\\\/09\\\/iNFRA_5-e1761735885940.png\",\"width\":1672,\"height\":454,\"caption\":\"Ag\u00eancia iNFRA\"},\"image\":{\"@id\":\"https:\\\/\\\/agenciainfra.com\\\/blog\\\/#\\\/schema\\\/logo\\\/image\\\/\"},\"sameAs\":[\"https:\\\/\\\/www.facebook.com\\\/ageninfra\",\"https:\\\/\\\/x.com\\\/agencia_infra\",\"https:\\\/\\\/www.linkedin.com\\\/company\\\/ag\u00eanciainfra\\\/\",\"https:\\\/\\\/www.instagram.com\\\/agenciainfra\\\/\"]},{\"@type\":\"Person\",\"@id\":\"https:\\\/\\\/agenciainfra.com\\\/blog\\\/#\\\/schema\\\/person\\\/34af08dff6adea4cb22b06612ba7acfa\",\"name\":\"Ag\u00eancia iNFRA\",\"image\":{\"@type\":\"ImageObject\",\"inLanguage\":\"pt-BR\",\"@id\":\"https:\\\/\\\/secure.gravatar.com\\\/avatar\\\/d189e01678f06d8eb84d4e01f08eb848b3fffe3f8443818d3c356c66892f5be8?s=96&d=mm&r=g\",\"url\":\"https:\\\/\\\/secure.gravatar.com\\\/avatar\\\/d189e01678f06d8eb84d4e01f08eb848b3fffe3f8443818d3c356c66892f5be8?s=96&d=mm&r=g\",\"contentUrl\":\"https:\\\/\\\/secure.gravatar.com\\\/avatar\\\/d189e01678f06d8eb84d4e01f08eb848b3fffe3f8443818d3c356c66892f5be8?s=96&d=mm&r=g\",\"caption\":\"Ag\u00eancia iNFRA\"},\"url\":\"https:\\\/\\\/agenciainfra.com\\\/blog\\\/author\\\/admin\\\/\"}]}<\/script>\n<!-- \/ Yoast SEO Premium plugin. -->","yoast_head_json":{"title":"ANP amplia prazo para proposta sobre multiplicadores da tarifa do g\u00e1s - Ag\u00eancia iNFRA","robots":{"index":"index","follow":"follow","max-snippet":"max-snippet:-1","max-image-preview":"max-image-preview:large","max-video-preview":"max-video-preview:-1"},"canonical":"https:\/\/agenciainfra.com\/blog\/anp-amplia-prazo-para-proposta-sobre-multiplicadores-da-tarifa-do-gas\/","og_locale":"pt_BR","og_type":"article","og_title":"ANP amplia prazo para proposta sobre multiplicadores da tarifa do g\u00e1s","og_description":"Ana Lu\u00edsa Egues, da Ag\u00eancia iNFRA A ANP (Ag\u00eancia Nacional do Petr\u00f3leo, G\u00e1s Natural e Biocombust\u00edveis) atendeu pedido feito pelo Conselho de Usu\u00e1rios e pela ATG\u00e1s (Associa\u00e7\u00e3o de Empresas de Transporte de G\u00e1s Natural por Gasoduto) e adiou, por mais 20 dias, o prazo para submiss\u00e3o da proposta conjunta sobre a metodologia de c\u00e1lculo dos [&hellip;]","og_url":"https:\/\/agenciainfra.com\/blog\/anp-amplia-prazo-para-proposta-sobre-multiplicadores-da-tarifa-do-gas\/","og_site_name":"Ag\u00eancia iNFRA","article_publisher":"https:\/\/www.facebook.com\/ageninfra","article_published_time":"2026-09-03T15:16:02+00:00","article_modified_time":"2026-09-03T15:16:06+00:00","og_image":[{"width":1280,"height":766,"url":"https:\/\/agenciainfra.com\/blog\/wp-content\/uploads\/2023\/05\/logo-anp-foto-mme-saulo-cruz-e1748370900715.jpg","type":"image\/jpeg"}],"author":"Ag\u00eancia iNFRA","twitter_card":"summary_large_image","twitter_creator":"@agencia_infra","twitter_site":"@agencia_infra","twitter_misc":{"Escrito por":"Ag\u00eancia iNFRA","Est. tempo de leitura":"2 minutos"},"schema":{"@context":"https:\/\/schema.org","@graph":[{"@type":"Article","@id":"https:\/\/agenciainfra.com\/blog\/anp-amplia-prazo-para-proposta-sobre-multiplicadores-da-tarifa-do-gas\/#article","isPartOf":{"@id":"https:\/\/agenciainfra.com\/blog\/anp-amplia-prazo-para-proposta-sobre-multiplicadores-da-tarifa-do-gas\/"},"author":{"name":"Ag\u00eancia iNFRA","@id":"https:\/\/agenciainfra.com\/blog\/#\/schema\/person\/34af08dff6adea4cb22b06612ba7acfa"},"headline":"ANP amplia prazo para proposta sobre multiplicadores da tarifa do g\u00e1s","datePublished":"2026-09-03T15:16:02+00:00","dateModified":"2026-09-03T15:16:06+00:00","mainEntityOfPage":{"@id":"https:\/\/agenciainfra.com\/blog\/anp-amplia-prazo-para-proposta-sobre-multiplicadores-da-tarifa-do-gas\/"},"wordCount":498,"publisher":{"@id":"https:\/\/agenciainfra.com\/blog\/#organization"},"image":{"@id":"https:\/\/agenciainfra.com\/blog\/anp-amplia-prazo-para-proposta-sobre-multiplicadores-da-tarifa-do-gas\/#primaryimage"},"thumbnailUrl":"https:\/\/agenciainfra.com\/blog\/wp-content\/uploads\/2023\/05\/logo-anp-foto-mme-saulo-cruz-e1748370900715.jpg","keywords":["Ana Lu\u00edsa Egues","ANP","Atg\u00e1s","Conselho de Usu\u00e1rios","g\u00e1s natural","gasoduto","multiplicadores da tarifa","transporte de g\u00e1s"],"articleSection":["Destaque lista"],"inLanguage":"pt-BR","copyrightYear":"2026","copyrightHolder":{"@id":"https:\/\/agenciainfra.com\/blog\/#organization"}},{"@type":"WebPage","@id":"https:\/\/agenciainfra.com\/blog\/anp-amplia-prazo-para-proposta-sobre-multiplicadores-da-tarifa-do-gas\/","url":"https:\/\/agenciainfra.com\/blog\/anp-amplia-prazo-para-proposta-sobre-multiplicadores-da-tarifa-do-gas\/","name":"ANP amplia prazo para proposta sobre multiplicadores da tarifa do g\u00e1s - Ag\u00eancia iNFRA","isPartOf":{"@id":"https:\/\/agenciainfra.com\/blog\/#website"},"primaryImageOfPage":{"@id":"https:\/\/agenciainfra.com\/blog\/anp-amplia-prazo-para-proposta-sobre-multiplicadores-da-tarifa-do-gas\/#primaryimage"},"image":{"@id":"https:\/\/agenciainfra.com\/blog\/anp-amplia-prazo-para-proposta-sobre-multiplicadores-da-tarifa-do-gas\/#primaryimage"},"thumbnailUrl":"https:\/\/agenciainfra.com\/blog\/wp-content\/uploads\/2023\/05\/logo-anp-foto-mme-saulo-cruz-e1748370900715.jpg","datePublished":"2026-09-03T15:16:02+00:00","dateModified":"2026-09-03T15:16:06+00:00","breadcrumb":{"@id":"https:\/\/agenciainfra.com\/blog\/anp-amplia-prazo-para-proposta-sobre-multiplicadores-da-tarifa-do-gas\/#breadcrumb"},"inLanguage":"pt-BR","potentialAction":[{"@type":"ReadAction","target":["https:\/\/agenciainfra.com\/blog\/anp-amplia-prazo-para-proposta-sobre-multiplicadores-da-tarifa-do-gas\/"]}]},{"@type":"ImageObject","inLanguage":"pt-BR","@id":"https:\/\/agenciainfra.com\/blog\/anp-amplia-prazo-para-proposta-sobre-multiplicadores-da-tarifa-do-gas\/#primaryimage","url":"https:\/\/agenciainfra.com\/blog\/wp-content\/uploads\/2023\/05\/logo-anp-foto-mme-saulo-cruz-e1748370900715.jpg","contentUrl":"https:\/\/agenciainfra.com\/blog\/wp-content\/uploads\/2023\/05\/logo-anp-foto-mme-saulo-cruz-e1748370900715.jpg","width":1280,"height":766,"caption":"Foto: Saulo Cruz\/MME"},{"@type":"BreadcrumbList","@id":"https:\/\/agenciainfra.com\/blog\/anp-amplia-prazo-para-proposta-sobre-multiplicadores-da-tarifa-do-gas\/#breadcrumb","itemListElement":[{"@type":"ListItem","position":1,"name":"In\u00edcio","item":"https:\/\/agenciainfra.com\/blog\/"},{"@type":"ListItem","position":2,"name":"ANP amplia prazo para proposta sobre multiplicadores da tarifa do g\u00e1s"}]},{"@type":"WebSite","@id":"https:\/\/agenciainfra.com\/blog\/#website","url":"https:\/\/agenciainfra.com\/blog\/","name":"Ag\u00eancia iNFRA","description":"Multiplataforma de informa\u00e7\u00e3o jornal\u00edstica refer\u00eancia na \u00e1rea de infraestrutura no Brasil!","publisher":{"@id":"https:\/\/agenciainfra.com\/blog\/#organization"},"potentialAction":[{"@type":"SearchAction","target":{"@type":"EntryPoint","urlTemplate":"https:\/\/agenciainfra.com\/blog\/?s={search_term_string}"},"query-input":{"@type":"PropertyValueSpecification","valueRequired":true,"valueName":"search_term_string"}}],"inLanguage":"pt-BR"},{"@type":"Organization","@id":"https:\/\/agenciainfra.com\/blog\/#organization","name":"Ag\u00eancia iNFRA","url":"https:\/\/agenciainfra.com\/blog\/","logo":{"@type":"ImageObject","inLanguage":"pt-BR","@id":"https:\/\/agenciainfra.com\/blog\/#\/schema\/logo\/image\/","url":"https:\/\/agenciainfra.com\/blog\/wp-content\/uploads\/2023\/09\/iNFRA_5-e1761735885940.png","contentUrl":"https:\/\/agenciainfra.com\/blog\/wp-content\/uploads\/2023\/09\/iNFRA_5-e1761735885940.png","width":1672,"height":454,"caption":"Ag\u00eancia iNFRA"},"image":{"@id":"https:\/\/agenciainfra.com\/blog\/#\/schema\/logo\/image\/"},"sameAs":["https:\/\/www.facebook.com\/ageninfra","https:\/\/x.com\/agencia_infra","https:\/\/www.linkedin.com\/company\/ag\u00eanciainfra\/","https:\/\/www.instagram.com\/agenciainfra\/"]},{"@type":"Person","@id":"https:\/\/agenciainfra.com\/blog\/#\/schema\/person\/34af08dff6adea4cb22b06612ba7acfa","name":"Ag\u00eancia iNFRA","image":{"@type":"ImageObject","inLanguage":"pt-BR","@id":"https:\/\/secure.gravatar.com\/avatar\/d189e01678f06d8eb84d4e01f08eb848b3fffe3f8443818d3c356c66892f5be8?s=96&d=mm&r=g","url":"https:\/\/secure.gravatar.com\/avatar\/d189e01678f06d8eb84d4e01f08eb848b3fffe3f8443818d3c356c66892f5be8?s=96&d=mm&r=g","contentUrl":"https:\/\/secure.gravatar.com\/avatar\/d189e01678f06d8eb84d4e01f08eb848b3fffe3f8443818d3c356c66892f5be8?s=96&d=mm&r=g","caption":"Ag\u00eancia iNFRA"},"url":"https:\/\/agenciainfra.com\/blog\/author\/admin\/"}]}},"_links":{"self":[{"href":"https:\/\/agenciainfra.com\/blog\/wp-json\/wp\/v2\/posts\/46897","targetHints":{"allow":["GET"]}}],"collection":[{"href":"https:\/\/agenciainfra.com\/blog\/wp-json\/wp\/v2\/posts"}],"about":[{"href":"https:\/\/agenciainfra.com\/blog\/wp-json\/wp\/v2\/types\/post"}],"author":[{"embeddable":true,"href":"https:\/\/agenciainfra.com\/blog\/wp-json\/wp\/v2\/users\/1"}],"replies":[{"embeddable":true,"href":"https:\/\/agenciainfra.com\/blog\/wp-json\/wp\/v2\/comments?post=46897"}],"version-history":[{"count":1,"href":"https:\/\/agenciainfra.com\/blog\/wp-json\/wp\/v2\/posts\/46897\/revisions"}],"predecessor-version":[{"id":46898,"href":"https:\/\/agenciainfra.com\/blog\/wp-json\/wp\/v2\/posts\/46897\/revisions\/46898"}],"wp:featuredmedia":[{"embeddable":true,"href":"https:\/\/agenciainfra.com\/blog\/wp-json\/wp\/v2\/media\/12697"}],"wp:attachment":[{"href":"https:\/\/agenciainfra.com\/blog\/wp-json\/wp\/v2\/media?parent=46897"}],"wp:term":[{"taxonomy":"category","embeddable":true,"href":"https:\/\/agenciainfra.com\/blog\/wp-json\/wp\/v2\/categories?post=46897"},{"taxonomy":"post_tag","embeddable":true,"href":"https:\/\/agenciainfra.com\/blog\/wp-json\/wp\/v2\/tags?post=46897"}],"curies":[{"name":"wp","href":"https:\/\/api.w.org\/{rel}","templated":true}]}}