{"id":46908,"date":"2026-09-03T13:38:30","date_gmt":"2026-09-03T16:38:30","guid":{"rendered":"https:\/\/agenciainfra.com\/blog\/?p=46908"},"modified":"2026-09-03T14:10:19","modified_gmt":"2026-09-03T17:10:19","slug":"lrcap-area-tecnica-da-aneel-reitera-veto-ao-consorcio-ion","status":"publish","type":"post","link":"https:\/\/agenciainfra.com\/blog\/lrcap-area-tecnica-da-aneel-reitera-veto-ao-consorcio-ion\/","title":{"rendered":"LRCAP: \u00e1rea t\u00e9cnica da ANEEL reitera veto ao Cons\u00f3rcio ION"},"content":{"rendered":"\n<p class=\"has-text-align-right\"><strong>Lais Carregosa, da Ag\u00eancia iNFRA<\/strong><\/p>\n\n\n\n<p>A \u00e1rea t\u00e9cnica da ANEEL (Ag\u00eancia Nacional de Energia El\u00e9trica) reiterou, em <a href=\"https:\/\/agenciainfra.com\/blog\/wp-content\/uploads\/2026\/09\/SEI_ANEEL-0445783-Nota-Tecnica-LRCAP.pdf\">manifesta\u00e7\u00e3o<\/a> na quarta-feira (2), o entendimento pela inabilita\u00e7\u00e3o do Cons\u00f3rcio ION, da EPP, no LRCAP (Leil\u00e3o de Reserva de Capacidade na forma de Pot\u00eancia).<\/p>\n\n\n\n<p>No documento, a CPL (Comiss\u00e3o Permanente de Leil\u00f5es) afirma que desconsiderou, do patrim\u00f4nio l\u00edquido declarado, pagamentos a receber e valores contados em duplicidade entre as empresas do cons\u00f3rcio. Isso fez com que cinco empresas da sociedade ficassem com patrim\u00f4nio l\u00edquido negativo para efeitos de an\u00e1lise pela comiss\u00e3o, aponta a nota t\u00e9cnica.<\/p>\n\n\n\n<p>A comiss\u00e3o afirma que o patrim\u00f4nio declarado pelas empresas estava pr\u00f3ximo do m\u00ednimo previsto pelo edital. \u201cOu seja, a diminui\u00e7\u00e3o do PL provocada pela an\u00e1lise da CPL foi fundamental para a n\u00e3o-habilita\u00e7\u00e3o das proponentes\u201d, disse. No entanto, destaca que, mesmo que tivesse considerado os valores a receber, tr\u00eas das empresas do cons\u00f3rcio seriam inabilitadas \u2013 o que, por regra, faria com que a sociedade inteira fosse inabilitada.<\/p>\n\n\n\n<p>Contudo, a CPL entendeu que as contas do cons\u00f3rcio n\u00e3o continham \u201cinconsist\u00eancia formal, cont\u00e1bil ou v\u00edcio de escritura\u00e7\u00e3o nos demonstrativos cont\u00e1beis\u201d que justificassem sua inabilita\u00e7\u00e3o para a fase de lances do certame.<\/p>\n\n\n\n<p><\/p>\n","protected":false},"excerpt":{"rendered":"<p>Lais Carregosa, da Ag\u00eancia iNFRA A \u00e1rea t\u00e9cnica da ANEEL (Ag\u00eancia Nacional de Energia El\u00e9trica) reiterou, em manifesta\u00e7\u00e3o na quarta-feira (2), o entendimento pela inabilita\u00e7\u00e3o do Cons\u00f3rcio ION, da EPP, no LRCAP (Leil\u00e3o de Reserva de Capacidade na forma de Pot\u00eancia). No documento, a CPL (Comiss\u00e3o Permanente de Leil\u00f5es) afirma que desconsiderou, do patrim\u00f4nio l\u00edquido [&hellip;]<\/p>\n","protected":false},"author":1,"featured_media":10065,"comment_status":"closed","ping_status":"closed","sticky":false,"template":"","format":"standard","meta":{"_monsterinsights_skip_tracking":false,"_monsterinsights_sitenote_active":false,"_monsterinsights_sitenote_note":"","_monsterinsights_sitenote_category":0,"footnotes":""},"categories":[7250],"tags":[53,21696,21695,20137,13132,9822,21697],"class_list":["post-46908","post","type-post","status-publish","format-standard","has-post-thumbnail","hentry","category-destaque-lista","tag-aneel","tag-comissao-permanente-de-leiloes","tag-consorcio-ion","tag-epp","tag-lais-carregosa","tag-lrcap","tag-patrimonio-declarado"],"yoast_head":"<!-- This site is optimized with the Yoast SEO Premium plugin v25.4 (Yoast SEO v28.2) - https:\/\/yoast.com\/product\/yoast-seo-premium-wordpress\/ -->\n<title>LRCAP: \u00e1rea t\u00e9cnica da ANEEL reitera veto ao Cons\u00f3rcio ION - Ag\u00eancia iNFRA<\/title>\n<meta name=\"robots\" content=\"index, follow, max-snippet:-1, max-image-preview:large, max-video-preview:-1\" \/>\n<link rel=\"canonical\" href=\"https:\/\/agenciainfra.com\/blog\/lrcap-area-tecnica-da-aneel-reitera-veto-ao-consorcio-ion\/\" \/>\n<meta property=\"og:locale\" content=\"pt_BR\" \/>\n<meta property=\"og:type\" content=\"article\" \/>\n<meta property=\"og:title\" content=\"LRCAP: \u00e1rea t\u00e9cnica da ANEEL reitera veto ao Cons\u00f3rcio ION\" \/>\n<meta property=\"og:description\" content=\"Lais Carregosa, da Ag\u00eancia iNFRA A \u00e1rea t\u00e9cnica da ANEEL (Ag\u00eancia Nacional de Energia El\u00e9trica) reiterou, em manifesta\u00e7\u00e3o na quarta-feira (2), o entendimento pela inabilita\u00e7\u00e3o do Cons\u00f3rcio ION, da EPP, no LRCAP (Leil\u00e3o de Reserva de Capacidade na forma de Pot\u00eancia). No documento, a CPL (Comiss\u00e3o Permanente de Leil\u00f5es) afirma que desconsiderou, do patrim\u00f4nio l\u00edquido [&hellip;]\" \/>\n<meta property=\"og:url\" content=\"https:\/\/agenciainfra.com\/blog\/lrcap-area-tecnica-da-aneel-reitera-veto-ao-consorcio-ion\/\" \/>\n<meta property=\"og:site_name\" content=\"Ag\u00eancia iNFRA\" \/>\n<meta property=\"article:publisher\" content=\"https:\/\/www.facebook.com\/ageninfra\" \/>\n<meta property=\"article:published_time\" content=\"2026-09-03T16:38:30+00:00\" \/>\n<meta property=\"article:modified_time\" content=\"2026-09-03T17:10:19+00:00\" \/>\n<meta property=\"og:image\" content=\"https:\/\/agenciainfra.com\/blog\/wp-content\/uploads\/2022\/04\/divulgacao-aneel-scaled-e1770122374333.jpeg\" \/>\n\t<meta property=\"og:image:width\" content=\"1280\" \/>\n\t<meta property=\"og:image:height\" content=\"750\" \/>\n\t<meta property=\"og:image:type\" content=\"image\/jpeg\" \/>\n<meta name=\"author\" content=\"Ag\u00eancia iNFRA\" \/>\n<meta name=\"twitter:card\" content=\"summary_large_image\" \/>\n<meta name=\"twitter:creator\" content=\"@agencia_infra\" \/>\n<meta name=\"twitter:site\" content=\"@agencia_infra\" \/>\n<meta name=\"twitter:label1\" content=\"Escrito por\" \/>\n\t<meta name=\"twitter:data1\" content=\"Ag\u00eancia iNFRA\" \/>\n\t<meta name=\"twitter:label2\" content=\"Est. tempo de leitura\" \/>\n\t<meta name=\"twitter:data2\" content=\"1 minuto\" \/>\n<script type=\"application\/ld+json\" class=\"yoast-schema-graph\">{\"@context\":\"https:\\\/\\\/schema.org\",\"@graph\":[{\"@type\":\"Article\",\"@id\":\"https:\\\/\\\/agenciainfra.com\\\/blog\\\/lrcap-area-tecnica-da-aneel-reitera-veto-ao-consorcio-ion\\\/#article\",\"isPartOf\":{\"@id\":\"https:\\\/\\\/agenciainfra.com\\\/blog\\\/lrcap-area-tecnica-da-aneel-reitera-veto-ao-consorcio-ion\\\/\"},\"author\":{\"name\":\"Ag\u00eancia iNFRA\",\"@id\":\"https:\\\/\\\/agenciainfra.com\\\/blog\\\/#\\\/schema\\\/person\\\/34af08dff6adea4cb22b06612ba7acfa\"},\"headline\":\"LRCAP: \u00e1rea t\u00e9cnica da ANEEL reitera veto ao Cons\u00f3rcio ION\",\"datePublished\":\"2026-09-03T16:38:30+00:00\",\"dateModified\":\"2026-09-03T17:10:19+00:00\",\"mainEntityOfPage\":{\"@id\":\"https:\\\/\\\/agenciainfra.com\\\/blog\\\/lrcap-area-tecnica-da-aneel-reitera-veto-ao-consorcio-ion\\\/\"},\"wordCount\":238,\"publisher\":{\"@id\":\"https:\\\/\\\/agenciainfra.com\\\/blog\\\/#organization\"},\"image\":{\"@id\":\"https:\\\/\\\/agenciainfra.com\\\/blog\\\/lrcap-area-tecnica-da-aneel-reitera-veto-ao-consorcio-ion\\\/#primaryimage\"},\"thumbnailUrl\":\"https:\\\/\\\/agenciainfra.com\\\/blog\\\/wp-content\\\/uploads\\\/2022\\\/04\\\/divulgacao-aneel-scaled-e1770122374333.jpeg\",\"keywords\":[\"ANEEL\",\"comiss\u00e3o permanente de leil\u00f5es\",\"Cons\u00f3rcio ION\",\"EPP\",\"Lais Carregosa\",\"LRCAP\",\"patrim\u00f4nio declarado\"],\"articleSection\":[\"Destaque lista\"],\"inLanguage\":\"pt-BR\",\"copyrightYear\":\"2026\",\"copyrightHolder\":{\"@id\":\"https:\\\/\\\/agenciainfra.com\\\/blog\\\/#organization\"}},{\"@type\":\"WebPage\",\"@id\":\"https:\\\/\\\/agenciainfra.com\\\/blog\\\/lrcap-area-tecnica-da-aneel-reitera-veto-ao-consorcio-ion\\\/\",\"url\":\"https:\\\/\\\/agenciainfra.com\\\/blog\\\/lrcap-area-tecnica-da-aneel-reitera-veto-ao-consorcio-ion\\\/\",\"name\":\"LRCAP: \u00e1rea t\u00e9cnica da ANEEL reitera veto ao Cons\u00f3rcio ION - Ag\u00eancia iNFRA\",\"isPartOf\":{\"@id\":\"https:\\\/\\\/agenciainfra.com\\\/blog\\\/#website\"},\"primaryImageOfPage\":{\"@id\":\"https:\\\/\\\/agenciainfra.com\\\/blog\\\/lrcap-area-tecnica-da-aneel-reitera-veto-ao-consorcio-ion\\\/#primaryimage\"},\"image\":{\"@id\":\"https:\\\/\\\/agenciainfra.com\\\/blog\\\/lrcap-area-tecnica-da-aneel-reitera-veto-ao-consorcio-ion\\\/#primaryimage\"},\"thumbnailUrl\":\"https:\\\/\\\/agenciainfra.com\\\/blog\\\/wp-content\\\/uploads\\\/2022\\\/04\\\/divulgacao-aneel-scaled-e1770122374333.jpeg\",\"datePublished\":\"2026-09-03T16:38:30+00:00\",\"dateModified\":\"2026-09-03T17:10:19+00:00\",\"breadcrumb\":{\"@id\":\"https:\\\/\\\/agenciainfra.com\\\/blog\\\/lrcap-area-tecnica-da-aneel-reitera-veto-ao-consorcio-ion\\\/#breadcrumb\"},\"inLanguage\":\"pt-BR\",\"potentialAction\":[{\"@type\":\"ReadAction\",\"target\":[\"https:\\\/\\\/agenciainfra.com\\\/blog\\\/lrcap-area-tecnica-da-aneel-reitera-veto-ao-consorcio-ion\\\/\"]}]},{\"@type\":\"ImageObject\",\"inLanguage\":\"pt-BR\",\"@id\":\"https:\\\/\\\/agenciainfra.com\\\/blog\\\/lrcap-area-tecnica-da-aneel-reitera-veto-ao-consorcio-ion\\\/#primaryimage\",\"url\":\"https:\\\/\\\/agenciainfra.com\\\/blog\\\/wp-content\\\/uploads\\\/2022\\\/04\\\/divulgacao-aneel-scaled-e1770122374333.jpeg\",\"contentUrl\":\"https:\\\/\\\/agenciainfra.com\\\/blog\\\/wp-content\\\/uploads\\\/2022\\\/04\\\/divulgacao-aneel-scaled-e1770122374333.jpeg\",\"width\":1280,\"height\":750,\"caption\":\"Foto: ANEEL\"},{\"@type\":\"BreadcrumbList\",\"@id\":\"https:\\\/\\\/agenciainfra.com\\\/blog\\\/lrcap-area-tecnica-da-aneel-reitera-veto-ao-consorcio-ion\\\/#breadcrumb\",\"itemListElement\":[{\"@type\":\"ListItem\",\"position\":1,\"name\":\"In\u00edcio\",\"item\":\"https:\\\/\\\/agenciainfra.com\\\/blog\\\/\"},{\"@type\":\"ListItem\",\"position\":2,\"name\":\"LRCAP: \u00e1rea t\u00e9cnica da ANEEL reitera veto ao Cons\u00f3rcio ION\"}]},{\"@type\":\"WebSite\",\"@id\":\"https:\\\/\\\/agenciainfra.com\\\/blog\\\/#website\",\"url\":\"https:\\\/\\\/agenciainfra.com\\\/blog\\\/\",\"name\":\"Ag\u00eancia iNFRA\",\"description\":\"Multiplataforma de informa\u00e7\u00e3o jornal\u00edstica refer\u00eancia na \u00e1rea de infraestrutura no Brasil!\",\"publisher\":{\"@id\":\"https:\\\/\\\/agenciainfra.com\\\/blog\\\/#organization\"},\"potentialAction\":[{\"@type\":\"SearchAction\",\"target\":{\"@type\":\"EntryPoint\",\"urlTemplate\":\"https:\\\/\\\/agenciainfra.com\\\/blog\\\/?s={search_term_string}\"},\"query-input\":{\"@type\":\"PropertyValueSpecification\",\"valueRequired\":true,\"valueName\":\"search_term_string\"}}],\"inLanguage\":\"pt-BR\"},{\"@type\":\"Organization\",\"@id\":\"https:\\\/\\\/agenciainfra.com\\\/blog\\\/#organization\",\"name\":\"Ag\u00eancia iNFRA\",\"url\":\"https:\\\/\\\/agenciainfra.com\\\/blog\\\/\",\"logo\":{\"@type\":\"ImageObject\",\"inLanguage\":\"pt-BR\",\"@id\":\"https:\\\/\\\/agenciainfra.com\\\/blog\\\/#\\\/schema\\\/logo\\\/image\\\/\",\"url\":\"https:\\\/\\\/agenciainfra.com\\\/blog\\\/wp-content\\\/uploads\\\/2023\\\/09\\\/iNFRA_5-e1761735885940.png\",\"contentUrl\":\"https:\\\/\\\/agenciainfra.com\\\/blog\\\/wp-content\\\/uploads\\\/2023\\\/09\\\/iNFRA_5-e1761735885940.png\",\"width\":1672,\"height\":454,\"caption\":\"Ag\u00eancia iNFRA\"},\"image\":{\"@id\":\"https:\\\/\\\/agenciainfra.com\\\/blog\\\/#\\\/schema\\\/logo\\\/image\\\/\"},\"sameAs\":[\"https:\\\/\\\/www.facebook.com\\\/ageninfra\",\"https:\\\/\\\/x.com\\\/agencia_infra\",\"https:\\\/\\\/www.linkedin.com\\\/company\\\/ag\u00eanciainfra\\\/\",\"https:\\\/\\\/www.instagram.com\\\/agenciainfra\\\/\"]},{\"@type\":\"Person\",\"@id\":\"https:\\\/\\\/agenciainfra.com\\\/blog\\\/#\\\/schema\\\/person\\\/34af08dff6adea4cb22b06612ba7acfa\",\"name\":\"Ag\u00eancia iNFRA\",\"image\":{\"@type\":\"ImageObject\",\"inLanguage\":\"pt-BR\",\"@id\":\"https:\\\/\\\/secure.gravatar.com\\\/avatar\\\/d189e01678f06d8eb84d4e01f08eb848b3fffe3f8443818d3c356c66892f5be8?s=96&d=mm&r=g\",\"url\":\"https:\\\/\\\/secure.gravatar.com\\\/avatar\\\/d189e01678f06d8eb84d4e01f08eb848b3fffe3f8443818d3c356c66892f5be8?s=96&d=mm&r=g\",\"contentUrl\":\"https:\\\/\\\/secure.gravatar.com\\\/avatar\\\/d189e01678f06d8eb84d4e01f08eb848b3fffe3f8443818d3c356c66892f5be8?s=96&d=mm&r=g\",\"caption\":\"Ag\u00eancia iNFRA\"},\"url\":\"https:\\\/\\\/agenciainfra.com\\\/blog\\\/author\\\/admin\\\/\"}]}<\/script>\n<!-- \/ Yoast SEO Premium plugin. -->","yoast_head_json":{"title":"LRCAP: \u00e1rea t\u00e9cnica da ANEEL reitera veto ao Cons\u00f3rcio ION - Ag\u00eancia iNFRA","robots":{"index":"index","follow":"follow","max-snippet":"max-snippet:-1","max-image-preview":"max-image-preview:large","max-video-preview":"max-video-preview:-1"},"canonical":"https:\/\/agenciainfra.com\/blog\/lrcap-area-tecnica-da-aneel-reitera-veto-ao-consorcio-ion\/","og_locale":"pt_BR","og_type":"article","og_title":"LRCAP: \u00e1rea t\u00e9cnica da ANEEL reitera veto ao Cons\u00f3rcio ION","og_description":"Lais Carregosa, da Ag\u00eancia iNFRA A \u00e1rea t\u00e9cnica da ANEEL (Ag\u00eancia Nacional de Energia El\u00e9trica) reiterou, em manifesta\u00e7\u00e3o na quarta-feira (2), o entendimento pela inabilita\u00e7\u00e3o do Cons\u00f3rcio ION, da EPP, no LRCAP (Leil\u00e3o de Reserva de Capacidade na forma de Pot\u00eancia). No documento, a CPL (Comiss\u00e3o Permanente de Leil\u00f5es) afirma que desconsiderou, do patrim\u00f4nio l\u00edquido [&hellip;]","og_url":"https:\/\/agenciainfra.com\/blog\/lrcap-area-tecnica-da-aneel-reitera-veto-ao-consorcio-ion\/","og_site_name":"Ag\u00eancia iNFRA","article_publisher":"https:\/\/www.facebook.com\/ageninfra","article_published_time":"2026-09-03T16:38:30+00:00","article_modified_time":"2026-09-03T17:10:19+00:00","og_image":[{"width":1280,"height":750,"url":"https:\/\/agenciainfra.com\/blog\/wp-content\/uploads\/2022\/04\/divulgacao-aneel-scaled-e1770122374333.jpeg","type":"image\/jpeg"}],"author":"Ag\u00eancia iNFRA","twitter_card":"summary_large_image","twitter_creator":"@agencia_infra","twitter_site":"@agencia_infra","twitter_misc":{"Escrito por":"Ag\u00eancia iNFRA","Est. tempo de leitura":"1 minuto"},"schema":{"@context":"https:\/\/schema.org","@graph":[{"@type":"Article","@id":"https:\/\/agenciainfra.com\/blog\/lrcap-area-tecnica-da-aneel-reitera-veto-ao-consorcio-ion\/#article","isPartOf":{"@id":"https:\/\/agenciainfra.com\/blog\/lrcap-area-tecnica-da-aneel-reitera-veto-ao-consorcio-ion\/"},"author":{"name":"Ag\u00eancia iNFRA","@id":"https:\/\/agenciainfra.com\/blog\/#\/schema\/person\/34af08dff6adea4cb22b06612ba7acfa"},"headline":"LRCAP: \u00e1rea t\u00e9cnica da ANEEL reitera veto ao Cons\u00f3rcio ION","datePublished":"2026-09-03T16:38:30+00:00","dateModified":"2026-09-03T17:10:19+00:00","mainEntityOfPage":{"@id":"https:\/\/agenciainfra.com\/blog\/lrcap-area-tecnica-da-aneel-reitera-veto-ao-consorcio-ion\/"},"wordCount":238,"publisher":{"@id":"https:\/\/agenciainfra.com\/blog\/#organization"},"image":{"@id":"https:\/\/agenciainfra.com\/blog\/lrcap-area-tecnica-da-aneel-reitera-veto-ao-consorcio-ion\/#primaryimage"},"thumbnailUrl":"https:\/\/agenciainfra.com\/blog\/wp-content\/uploads\/2022\/04\/divulgacao-aneel-scaled-e1770122374333.jpeg","keywords":["ANEEL","comiss\u00e3o permanente de leil\u00f5es","Cons\u00f3rcio ION","EPP","Lais Carregosa","LRCAP","patrim\u00f4nio declarado"],"articleSection":["Destaque lista"],"inLanguage":"pt-BR","copyrightYear":"2026","copyrightHolder":{"@id":"https:\/\/agenciainfra.com\/blog\/#organization"}},{"@type":"WebPage","@id":"https:\/\/agenciainfra.com\/blog\/lrcap-area-tecnica-da-aneel-reitera-veto-ao-consorcio-ion\/","url":"https:\/\/agenciainfra.com\/blog\/lrcap-area-tecnica-da-aneel-reitera-veto-ao-consorcio-ion\/","name":"LRCAP: \u00e1rea t\u00e9cnica da ANEEL reitera veto ao Cons\u00f3rcio ION - Ag\u00eancia iNFRA","isPartOf":{"@id":"https:\/\/agenciainfra.com\/blog\/#website"},"primaryImageOfPage":{"@id":"https:\/\/agenciainfra.com\/blog\/lrcap-area-tecnica-da-aneel-reitera-veto-ao-consorcio-ion\/#primaryimage"},"image":{"@id":"https:\/\/agenciainfra.com\/blog\/lrcap-area-tecnica-da-aneel-reitera-veto-ao-consorcio-ion\/#primaryimage"},"thumbnailUrl":"https:\/\/agenciainfra.com\/blog\/wp-content\/uploads\/2022\/04\/divulgacao-aneel-scaled-e1770122374333.jpeg","datePublished":"2026-09-03T16:38:30+00:00","dateModified":"2026-09-03T17:10:19+00:00","breadcrumb":{"@id":"https:\/\/agenciainfra.com\/blog\/lrcap-area-tecnica-da-aneel-reitera-veto-ao-consorcio-ion\/#breadcrumb"},"inLanguage":"pt-BR","potentialAction":[{"@type":"ReadAction","target":["https:\/\/agenciainfra.com\/blog\/lrcap-area-tecnica-da-aneel-reitera-veto-ao-consorcio-ion\/"]}]},{"@type":"ImageObject","inLanguage":"pt-BR","@id":"https:\/\/agenciainfra.com\/blog\/lrcap-area-tecnica-da-aneel-reitera-veto-ao-consorcio-ion\/#primaryimage","url":"https:\/\/agenciainfra.com\/blog\/wp-content\/uploads\/2022\/04\/divulgacao-aneel-scaled-e1770122374333.jpeg","contentUrl":"https:\/\/agenciainfra.com\/blog\/wp-content\/uploads\/2022\/04\/divulgacao-aneel-scaled-e1770122374333.jpeg","width":1280,"height":750,"caption":"Foto: ANEEL"},{"@type":"BreadcrumbList","@id":"https:\/\/agenciainfra.com\/blog\/lrcap-area-tecnica-da-aneel-reitera-veto-ao-consorcio-ion\/#breadcrumb","itemListElement":[{"@type":"ListItem","position":1,"name":"In\u00edcio","item":"https:\/\/agenciainfra.com\/blog\/"},{"@type":"ListItem","position":2,"name":"LRCAP: \u00e1rea t\u00e9cnica da ANEEL reitera veto ao Cons\u00f3rcio ION"}]},{"@type":"WebSite","@id":"https:\/\/agenciainfra.com\/blog\/#website","url":"https:\/\/agenciainfra.com\/blog\/","name":"Ag\u00eancia iNFRA","description":"Multiplataforma de informa\u00e7\u00e3o jornal\u00edstica refer\u00eancia na \u00e1rea de infraestrutura no Brasil!","publisher":{"@id":"https:\/\/agenciainfra.com\/blog\/#organization"},"potentialAction":[{"@type":"SearchAction","target":{"@type":"EntryPoint","urlTemplate":"https:\/\/agenciainfra.com\/blog\/?s={search_term_string}"},"query-input":{"@type":"PropertyValueSpecification","valueRequired":true,"valueName":"search_term_string"}}],"inLanguage":"pt-BR"},{"@type":"Organization","@id":"https:\/\/agenciainfra.com\/blog\/#organization","name":"Ag\u00eancia iNFRA","url":"https:\/\/agenciainfra.com\/blog\/","logo":{"@type":"ImageObject","inLanguage":"pt-BR","@id":"https:\/\/agenciainfra.com\/blog\/#\/schema\/logo\/image\/","url":"https:\/\/agenciainfra.com\/blog\/wp-content\/uploads\/2023\/09\/iNFRA_5-e1761735885940.png","contentUrl":"https:\/\/agenciainfra.com\/blog\/wp-content\/uploads\/2023\/09\/iNFRA_5-e1761735885940.png","width":1672,"height":454,"caption":"Ag\u00eancia iNFRA"},"image":{"@id":"https:\/\/agenciainfra.com\/blog\/#\/schema\/logo\/image\/"},"sameAs":["https:\/\/www.facebook.com\/ageninfra","https:\/\/x.com\/agencia_infra","https:\/\/www.linkedin.com\/company\/ag\u00eanciainfra\/","https:\/\/www.instagram.com\/agenciainfra\/"]},{"@type":"Person","@id":"https:\/\/agenciainfra.com\/blog\/#\/schema\/person\/34af08dff6adea4cb22b06612ba7acfa","name":"Ag\u00eancia iNFRA","image":{"@type":"ImageObject","inLanguage":"pt-BR","@id":"https:\/\/secure.gravatar.com\/avatar\/d189e01678f06d8eb84d4e01f08eb848b3fffe3f8443818d3c356c66892f5be8?s=96&d=mm&r=g","url":"https:\/\/secure.gravatar.com\/avatar\/d189e01678f06d8eb84d4e01f08eb848b3fffe3f8443818d3c356c66892f5be8?s=96&d=mm&r=g","contentUrl":"https:\/\/secure.gravatar.com\/avatar\/d189e01678f06d8eb84d4e01f08eb848b3fffe3f8443818d3c356c66892f5be8?s=96&d=mm&r=g","caption":"Ag\u00eancia iNFRA"},"url":"https:\/\/agenciainfra.com\/blog\/author\/admin\/"}]}},"_links":{"self":[{"href":"https:\/\/agenciainfra.com\/blog\/wp-json\/wp\/v2\/posts\/46908","targetHints":{"allow":["GET"]}}],"collection":[{"href":"https:\/\/agenciainfra.com\/blog\/wp-json\/wp\/v2\/posts"}],"about":[{"href":"https:\/\/agenciainfra.com\/blog\/wp-json\/wp\/v2\/types\/post"}],"author":[{"embeddable":true,"href":"https:\/\/agenciainfra.com\/blog\/wp-json\/wp\/v2\/users\/1"}],"replies":[{"embeddable":true,"href":"https:\/\/agenciainfra.com\/blog\/wp-json\/wp\/v2\/comments?post=46908"}],"version-history":[{"count":2,"href":"https:\/\/agenciainfra.com\/blog\/wp-json\/wp\/v2\/posts\/46908\/revisions"}],"predecessor-version":[{"id":46912,"href":"https:\/\/agenciainfra.com\/blog\/wp-json\/wp\/v2\/posts\/46908\/revisions\/46912"}],"wp:featuredmedia":[{"embeddable":true,"href":"https:\/\/agenciainfra.com\/blog\/wp-json\/wp\/v2\/media\/10065"}],"wp:attachment":[{"href":"https:\/\/agenciainfra.com\/blog\/wp-json\/wp\/v2\/media?parent=46908"}],"wp:term":[{"taxonomy":"category","embeddable":true,"href":"https:\/\/agenciainfra.com\/blog\/wp-json\/wp\/v2\/categories?post=46908"},{"taxonomy":"post_tag","embeddable":true,"href":"https:\/\/agenciainfra.com\/blog\/wp-json\/wp\/v2\/tags?post=46908"}],"curies":[{"name":"wp","href":"https:\/\/api.w.org\/{rel}","templated":true}]}}