{"id":46929,"date":"2026-09-03T17:09:32","date_gmt":"2026-09-03T20:09:32","guid":{"rendered":"https:\/\/agenciainfra.com\/blog\/?p=46929"},"modified":"2026-09-03T17:09:37","modified_gmt":"2026-09-03T20:09:37","slug":"aneel-altera-estrutura-organizacional-e-atualiza-regimento-interno","status":"publish","type":"post","link":"https:\/\/agenciainfra.com\/blog\/aneel-altera-estrutura-organizacional-e-atualiza-regimento-interno\/","title":{"rendered":"ANEEL altera estrutura organizacional e atualiza regimento interno"},"content":{"rendered":"\n<p class=\"has-text-align-right\"><strong>da Ag\u00eancia iNFRA<\/strong><\/p>\n\n\n\n<p>A ANEEL (Ag\u00eancia Nacional de Energia El\u00e9trica) publicou nesta quinta-feira (3) um conjunto de portarias que altera sua estrutura organizacional, atualiza o Regimento Interno e redefine compet\u00eancias de gabinetes e assessorias.<\/p>\n\n\n\n<p>Entre as mudan\u00e7as, o novo regimento passa a prever formalmente os Gabinetes de Assessoramento da Diretoria, o Gabinete Executivo de Diretrizes de Governan\u00e7a e Gest\u00e3o, a Assessoria Especial de Comunica\u00e7\u00e3o e Eventos Institucionais e a Assessoria Especial de Relacionamento Institucional.<\/p>\n\n\n\n<p>A Assessoria Especial de Comunica\u00e7\u00e3o passa a incorporar tamb\u00e9m as atribui\u00e7\u00f5es relacionadas a eventos e cerimonial. J\u00e1 a Assessoria Especial de Relacionamento Institucional amplia seu escopo para incluir rela\u00e7\u00f5es internacionais e posicionamento institucional.<\/p>\n\n\n\n<p>Outras portarias regulamentam a estrutura e o funcionamento dos gabinetes da diretoria e das duas assessorias, al\u00e9m de definir a distribui\u00e7\u00e3o de cargos e fun\u00e7\u00f5es comissionadas.<\/p>\n","protected":false},"excerpt":{"rendered":"<p>da Ag\u00eancia iNFRA A ANEEL (Ag\u00eancia Nacional de Energia El\u00e9trica) publicou nesta quinta-feira (3) um conjunto de portarias que altera sua estrutura organizacional, atualiza o Regimento Interno e redefine compet\u00eancias de gabinetes e assessorias. Entre as mudan\u00e7as, o novo regimento passa a prever formalmente os Gabinetes de Assessoramento da Diretoria, o Gabinete Executivo de Diretrizes [&hellip;]<\/p>\n","protected":false},"author":1,"featured_media":39539,"comment_status":"closed","ping_status":"closed","sticky":false,"template":"","format":"standard","meta":{"_monsterinsights_skip_tracking":false,"_monsterinsights_sitenote_active":false,"_monsterinsights_sitenote_note":"","_monsterinsights_sitenote_category":0,"footnotes":""},"categories":[13576],"tags":[72,53,282,21704,21705],"class_list":["post-46929","post","type-post","status-publish","format-standard","has-post-thumbnail","hentry","category-giro-infra","tag-agencia-reguladora","tag-aneel","tag-energia-eletrica","tag-mudanca-organizacional","tag-relacionamento-institucional"],"yoast_head":"<!-- This site is optimized with the Yoast SEO Premium plugin v25.4 (Yoast SEO v28.2) - https:\/\/yoast.com\/product\/yoast-seo-premium-wordpress\/ -->\n<title>ANEEL altera estrutura organizacional e atualiza regimento interno - Ag\u00eancia iNFRA<\/title>\n<meta name=\"robots\" content=\"index, follow, max-snippet:-1, max-image-preview:large, max-video-preview:-1\" \/>\n<link rel=\"canonical\" href=\"https:\/\/agenciainfra.com\/blog\/aneel-altera-estrutura-organizacional-e-atualiza-regimento-interno\/\" \/>\n<meta property=\"og:locale\" content=\"pt_BR\" \/>\n<meta property=\"og:type\" content=\"article\" \/>\n<meta property=\"og:title\" content=\"ANEEL altera estrutura organizacional e atualiza regimento interno\" \/>\n<meta property=\"og:description\" content=\"da Ag\u00eancia iNFRA A ANEEL (Ag\u00eancia Nacional de Energia El\u00e9trica) publicou nesta quinta-feira (3) um conjunto de portarias que altera sua estrutura organizacional, atualiza o Regimento Interno e redefine compet\u00eancias de gabinetes e assessorias. Entre as mudan\u00e7as, o novo regimento passa a prever formalmente os Gabinetes de Assessoramento da Diretoria, o Gabinete Executivo de Diretrizes [&hellip;]\" \/>\n<meta property=\"og:url\" content=\"https:\/\/agenciainfra.com\/blog\/aneel-altera-estrutura-organizacional-e-atualiza-regimento-interno\/\" \/>\n<meta property=\"og:site_name\" content=\"Ag\u00eancia iNFRA\" \/>\n<meta property=\"article:publisher\" content=\"https:\/\/www.facebook.com\/ageninfra\" \/>\n<meta property=\"article:published_time\" content=\"2026-09-03T20:09:32+00:00\" \/>\n<meta property=\"article:modified_time\" content=\"2026-09-03T20:09:37+00:00\" \/>\n<meta property=\"og:image\" content=\"https:\/\/agenciainfra.com\/blog\/wp-content\/uploads\/2026\/04\/aneel-fachada-foto-aneel.png\" \/>\n\t<meta property=\"og:image:width\" content=\"1280\" \/>\n\t<meta property=\"og:image:height\" content=\"826\" \/>\n\t<meta property=\"og:image:type\" content=\"image\/png\" \/>\n<meta name=\"author\" content=\"Ag\u00eancia iNFRA\" \/>\n<meta name=\"twitter:card\" content=\"summary_large_image\" \/>\n<meta name=\"twitter:creator\" content=\"@agencia_infra\" \/>\n<meta name=\"twitter:site\" content=\"@agencia_infra\" \/>\n<meta name=\"twitter:label1\" content=\"Escrito por\" \/>\n\t<meta name=\"twitter:data1\" content=\"Ag\u00eancia iNFRA\" \/>\n\t<meta name=\"twitter:label2\" content=\"Est. tempo de leitura\" \/>\n\t<meta name=\"twitter:data2\" content=\"1 minuto\" \/>\n<script type=\"application\/ld+json\" class=\"yoast-schema-graph\">{\"@context\":\"https:\\\/\\\/schema.org\",\"@graph\":[{\"@type\":\"Article\",\"@id\":\"https:\\\/\\\/agenciainfra.com\\\/blog\\\/aneel-altera-estrutura-organizacional-e-atualiza-regimento-interno\\\/#article\",\"isPartOf\":{\"@id\":\"https:\\\/\\\/agenciainfra.com\\\/blog\\\/aneel-altera-estrutura-organizacional-e-atualiza-regimento-interno\\\/\"},\"author\":{\"name\":\"Ag\u00eancia iNFRA\",\"@id\":\"https:\\\/\\\/agenciainfra.com\\\/blog\\\/#\\\/schema\\\/person\\\/34af08dff6adea4cb22b06612ba7acfa\"},\"headline\":\"ANEEL altera estrutura organizacional e atualiza regimento interno\",\"datePublished\":\"2026-09-03T20:09:32+00:00\",\"dateModified\":\"2026-09-03T20:09:37+00:00\",\"mainEntityOfPage\":{\"@id\":\"https:\\\/\\\/agenciainfra.com\\\/blog\\\/aneel-altera-estrutura-organizacional-e-atualiza-regimento-interno\\\/\"},\"wordCount\":155,\"publisher\":{\"@id\":\"https:\\\/\\\/agenciainfra.com\\\/blog\\\/#organization\"},\"image\":{\"@id\":\"https:\\\/\\\/agenciainfra.com\\\/blog\\\/aneel-altera-estrutura-organizacional-e-atualiza-regimento-interno\\\/#primaryimage\"},\"thumbnailUrl\":\"https:\\\/\\\/agenciainfra.com\\\/blog\\\/wp-content\\\/uploads\\\/2026\\\/04\\\/aneel-fachada-foto-aneel.png\",\"keywords\":[\"ag\u00eancia reguladora\",\"ANEEL\",\"energia el\u00e9trica\",\"mudan\u00e7a organizacional\",\"relacionamento institucional\"],\"articleSection\":[\"Giro iNFRA\"],\"inLanguage\":\"pt-BR\",\"copyrightYear\":\"2026\",\"copyrightHolder\":{\"@id\":\"https:\\\/\\\/agenciainfra.com\\\/blog\\\/#organization\"}},{\"@type\":\"WebPage\",\"@id\":\"https:\\\/\\\/agenciainfra.com\\\/blog\\\/aneel-altera-estrutura-organizacional-e-atualiza-regimento-interno\\\/\",\"url\":\"https:\\\/\\\/agenciainfra.com\\\/blog\\\/aneel-altera-estrutura-organizacional-e-atualiza-regimento-interno\\\/\",\"name\":\"ANEEL altera estrutura organizacional e atualiza regimento interno - Ag\u00eancia iNFRA\",\"isPartOf\":{\"@id\":\"https:\\\/\\\/agenciainfra.com\\\/blog\\\/#website\"},\"primaryImageOfPage\":{\"@id\":\"https:\\\/\\\/agenciainfra.com\\\/blog\\\/aneel-altera-estrutura-organizacional-e-atualiza-regimento-interno\\\/#primaryimage\"},\"image\":{\"@id\":\"https:\\\/\\\/agenciainfra.com\\\/blog\\\/aneel-altera-estrutura-organizacional-e-atualiza-regimento-interno\\\/#primaryimage\"},\"thumbnailUrl\":\"https:\\\/\\\/agenciainfra.com\\\/blog\\\/wp-content\\\/uploads\\\/2026\\\/04\\\/aneel-fachada-foto-aneel.png\",\"datePublished\":\"2026-09-03T20:09:32+00:00\",\"dateModified\":\"2026-09-03T20:09:37+00:00\",\"breadcrumb\":{\"@id\":\"https:\\\/\\\/agenciainfra.com\\\/blog\\\/aneel-altera-estrutura-organizacional-e-atualiza-regimento-interno\\\/#breadcrumb\"},\"inLanguage\":\"pt-BR\",\"potentialAction\":[{\"@type\":\"ReadAction\",\"target\":[\"https:\\\/\\\/agenciainfra.com\\\/blog\\\/aneel-altera-estrutura-organizacional-e-atualiza-regimento-interno\\\/\"]}]},{\"@type\":\"ImageObject\",\"inLanguage\":\"pt-BR\",\"@id\":\"https:\\\/\\\/agenciainfra.com\\\/blog\\\/aneel-altera-estrutura-organizacional-e-atualiza-regimento-interno\\\/#primaryimage\",\"url\":\"https:\\\/\\\/agenciainfra.com\\\/blog\\\/wp-content\\\/uploads\\\/2026\\\/04\\\/aneel-fachada-foto-aneel.png\",\"contentUrl\":\"https:\\\/\\\/agenciainfra.com\\\/blog\\\/wp-content\\\/uploads\\\/2026\\\/04\\\/aneel-fachada-foto-aneel.png\",\"width\":1280,\"height\":826,\"caption\":\"Foto: ANEEL\"},{\"@type\":\"BreadcrumbList\",\"@id\":\"https:\\\/\\\/agenciainfra.com\\\/blog\\\/aneel-altera-estrutura-organizacional-e-atualiza-regimento-interno\\\/#breadcrumb\",\"itemListElement\":[{\"@type\":\"ListItem\",\"position\":1,\"name\":\"In\u00edcio\",\"item\":\"https:\\\/\\\/agenciainfra.com\\\/blog\\\/\"},{\"@type\":\"ListItem\",\"position\":2,\"name\":\"ANEEL altera estrutura organizacional e atualiza regimento interno\"}]},{\"@type\":\"WebSite\",\"@id\":\"https:\\\/\\\/agenciainfra.com\\\/blog\\\/#website\",\"url\":\"https:\\\/\\\/agenciainfra.com\\\/blog\\\/\",\"name\":\"Ag\u00eancia iNFRA\",\"description\":\"Multiplataforma de informa\u00e7\u00e3o jornal\u00edstica refer\u00eancia na \u00e1rea de infraestrutura no Brasil!\",\"publisher\":{\"@id\":\"https:\\\/\\\/agenciainfra.com\\\/blog\\\/#organization\"},\"potentialAction\":[{\"@type\":\"SearchAction\",\"target\":{\"@type\":\"EntryPoint\",\"urlTemplate\":\"https:\\\/\\\/agenciainfra.com\\\/blog\\\/?s={search_term_string}\"},\"query-input\":{\"@type\":\"PropertyValueSpecification\",\"valueRequired\":true,\"valueName\":\"search_term_string\"}}],\"inLanguage\":\"pt-BR\"},{\"@type\":\"Organization\",\"@id\":\"https:\\\/\\\/agenciainfra.com\\\/blog\\\/#organization\",\"name\":\"Ag\u00eancia iNFRA\",\"url\":\"https:\\\/\\\/agenciainfra.com\\\/blog\\\/\",\"logo\":{\"@type\":\"ImageObject\",\"inLanguage\":\"pt-BR\",\"@id\":\"https:\\\/\\\/agenciainfra.com\\\/blog\\\/#\\\/schema\\\/logo\\\/image\\\/\",\"url\":\"https:\\\/\\\/agenciainfra.com\\\/blog\\\/wp-content\\\/uploads\\\/2023\\\/09\\\/iNFRA_5-e1761735885940.png\",\"contentUrl\":\"https:\\\/\\\/agenciainfra.com\\\/blog\\\/wp-content\\\/uploads\\\/2023\\\/09\\\/iNFRA_5-e1761735885940.png\",\"width\":1672,\"height\":454,\"caption\":\"Ag\u00eancia iNFRA\"},\"image\":{\"@id\":\"https:\\\/\\\/agenciainfra.com\\\/blog\\\/#\\\/schema\\\/logo\\\/image\\\/\"},\"sameAs\":[\"https:\\\/\\\/www.facebook.com\\\/ageninfra\",\"https:\\\/\\\/x.com\\\/agencia_infra\",\"https:\\\/\\\/www.linkedin.com\\\/company\\\/ag\u00eanciainfra\\\/\",\"https:\\\/\\\/www.instagram.com\\\/agenciainfra\\\/\"]},{\"@type\":\"Person\",\"@id\":\"https:\\\/\\\/agenciainfra.com\\\/blog\\\/#\\\/schema\\\/person\\\/34af08dff6adea4cb22b06612ba7acfa\",\"name\":\"Ag\u00eancia iNFRA\",\"image\":{\"@type\":\"ImageObject\",\"inLanguage\":\"pt-BR\",\"@id\":\"https:\\\/\\\/secure.gravatar.com\\\/avatar\\\/d189e01678f06d8eb84d4e01f08eb848b3fffe3f8443818d3c356c66892f5be8?s=96&d=mm&r=g\",\"url\":\"https:\\\/\\\/secure.gravatar.com\\\/avatar\\\/d189e01678f06d8eb84d4e01f08eb848b3fffe3f8443818d3c356c66892f5be8?s=96&d=mm&r=g\",\"contentUrl\":\"https:\\\/\\\/secure.gravatar.com\\\/avatar\\\/d189e01678f06d8eb84d4e01f08eb848b3fffe3f8443818d3c356c66892f5be8?s=96&d=mm&r=g\",\"caption\":\"Ag\u00eancia iNFRA\"},\"url\":\"https:\\\/\\\/agenciainfra.com\\\/blog\\\/author\\\/admin\\\/\"}]}<\/script>\n<!-- \/ Yoast SEO Premium plugin. -->","yoast_head_json":{"title":"ANEEL altera estrutura organizacional e atualiza regimento interno - Ag\u00eancia iNFRA","robots":{"index":"index","follow":"follow","max-snippet":"max-snippet:-1","max-image-preview":"max-image-preview:large","max-video-preview":"max-video-preview:-1"},"canonical":"https:\/\/agenciainfra.com\/blog\/aneel-altera-estrutura-organizacional-e-atualiza-regimento-interno\/","og_locale":"pt_BR","og_type":"article","og_title":"ANEEL altera estrutura organizacional e atualiza regimento interno","og_description":"da Ag\u00eancia iNFRA A ANEEL (Ag\u00eancia Nacional de Energia El\u00e9trica) publicou nesta quinta-feira (3) um conjunto de portarias que altera sua estrutura organizacional, atualiza o Regimento Interno e redefine compet\u00eancias de gabinetes e assessorias. Entre as mudan\u00e7as, o novo regimento passa a prever formalmente os Gabinetes de Assessoramento da Diretoria, o Gabinete Executivo de Diretrizes [&hellip;]","og_url":"https:\/\/agenciainfra.com\/blog\/aneel-altera-estrutura-organizacional-e-atualiza-regimento-interno\/","og_site_name":"Ag\u00eancia iNFRA","article_publisher":"https:\/\/www.facebook.com\/ageninfra","article_published_time":"2026-09-03T20:09:32+00:00","article_modified_time":"2026-09-03T20:09:37+00:00","og_image":[{"width":1280,"height":826,"url":"https:\/\/agenciainfra.com\/blog\/wp-content\/uploads\/2026\/04\/aneel-fachada-foto-aneel.png","type":"image\/png"}],"author":"Ag\u00eancia iNFRA","twitter_card":"summary_large_image","twitter_creator":"@agencia_infra","twitter_site":"@agencia_infra","twitter_misc":{"Escrito por":"Ag\u00eancia iNFRA","Est. tempo de leitura":"1 minuto"},"schema":{"@context":"https:\/\/schema.org","@graph":[{"@type":"Article","@id":"https:\/\/agenciainfra.com\/blog\/aneel-altera-estrutura-organizacional-e-atualiza-regimento-interno\/#article","isPartOf":{"@id":"https:\/\/agenciainfra.com\/blog\/aneel-altera-estrutura-organizacional-e-atualiza-regimento-interno\/"},"author":{"name":"Ag\u00eancia iNFRA","@id":"https:\/\/agenciainfra.com\/blog\/#\/schema\/person\/34af08dff6adea4cb22b06612ba7acfa"},"headline":"ANEEL altera estrutura organizacional e atualiza regimento interno","datePublished":"2026-09-03T20:09:32+00:00","dateModified":"2026-09-03T20:09:37+00:00","mainEntityOfPage":{"@id":"https:\/\/agenciainfra.com\/blog\/aneel-altera-estrutura-organizacional-e-atualiza-regimento-interno\/"},"wordCount":155,"publisher":{"@id":"https:\/\/agenciainfra.com\/blog\/#organization"},"image":{"@id":"https:\/\/agenciainfra.com\/blog\/aneel-altera-estrutura-organizacional-e-atualiza-regimento-interno\/#primaryimage"},"thumbnailUrl":"https:\/\/agenciainfra.com\/blog\/wp-content\/uploads\/2026\/04\/aneel-fachada-foto-aneel.png","keywords":["ag\u00eancia reguladora","ANEEL","energia el\u00e9trica","mudan\u00e7a organizacional","relacionamento institucional"],"articleSection":["Giro iNFRA"],"inLanguage":"pt-BR","copyrightYear":"2026","copyrightHolder":{"@id":"https:\/\/agenciainfra.com\/blog\/#organization"}},{"@type":"WebPage","@id":"https:\/\/agenciainfra.com\/blog\/aneel-altera-estrutura-organizacional-e-atualiza-regimento-interno\/","url":"https:\/\/agenciainfra.com\/blog\/aneel-altera-estrutura-organizacional-e-atualiza-regimento-interno\/","name":"ANEEL altera estrutura organizacional e atualiza regimento interno - Ag\u00eancia iNFRA","isPartOf":{"@id":"https:\/\/agenciainfra.com\/blog\/#website"},"primaryImageOfPage":{"@id":"https:\/\/agenciainfra.com\/blog\/aneel-altera-estrutura-organizacional-e-atualiza-regimento-interno\/#primaryimage"},"image":{"@id":"https:\/\/agenciainfra.com\/blog\/aneel-altera-estrutura-organizacional-e-atualiza-regimento-interno\/#primaryimage"},"thumbnailUrl":"https:\/\/agenciainfra.com\/blog\/wp-content\/uploads\/2026\/04\/aneel-fachada-foto-aneel.png","datePublished":"2026-09-03T20:09:32+00:00","dateModified":"2026-09-03T20:09:37+00:00","breadcrumb":{"@id":"https:\/\/agenciainfra.com\/blog\/aneel-altera-estrutura-organizacional-e-atualiza-regimento-interno\/#breadcrumb"},"inLanguage":"pt-BR","potentialAction":[{"@type":"ReadAction","target":["https:\/\/agenciainfra.com\/blog\/aneel-altera-estrutura-organizacional-e-atualiza-regimento-interno\/"]}]},{"@type":"ImageObject","inLanguage":"pt-BR","@id":"https:\/\/agenciainfra.com\/blog\/aneel-altera-estrutura-organizacional-e-atualiza-regimento-interno\/#primaryimage","url":"https:\/\/agenciainfra.com\/blog\/wp-content\/uploads\/2026\/04\/aneel-fachada-foto-aneel.png","contentUrl":"https:\/\/agenciainfra.com\/blog\/wp-content\/uploads\/2026\/04\/aneel-fachada-foto-aneel.png","width":1280,"height":826,"caption":"Foto: ANEEL"},{"@type":"BreadcrumbList","@id":"https:\/\/agenciainfra.com\/blog\/aneel-altera-estrutura-organizacional-e-atualiza-regimento-interno\/#breadcrumb","itemListElement":[{"@type":"ListItem","position":1,"name":"In\u00edcio","item":"https:\/\/agenciainfra.com\/blog\/"},{"@type":"ListItem","position":2,"name":"ANEEL altera estrutura organizacional e atualiza regimento interno"}]},{"@type":"WebSite","@id":"https:\/\/agenciainfra.com\/blog\/#website","url":"https:\/\/agenciainfra.com\/blog\/","name":"Ag\u00eancia iNFRA","description":"Multiplataforma de informa\u00e7\u00e3o jornal\u00edstica refer\u00eancia na \u00e1rea de infraestrutura no Brasil!","publisher":{"@id":"https:\/\/agenciainfra.com\/blog\/#organization"},"potentialAction":[{"@type":"SearchAction","target":{"@type":"EntryPoint","urlTemplate":"https:\/\/agenciainfra.com\/blog\/?s={search_term_string}"},"query-input":{"@type":"PropertyValueSpecification","valueRequired":true,"valueName":"search_term_string"}}],"inLanguage":"pt-BR"},{"@type":"Organization","@id":"https:\/\/agenciainfra.com\/blog\/#organization","name":"Ag\u00eancia iNFRA","url":"https:\/\/agenciainfra.com\/blog\/","logo":{"@type":"ImageObject","inLanguage":"pt-BR","@id":"https:\/\/agenciainfra.com\/blog\/#\/schema\/logo\/image\/","url":"https:\/\/agenciainfra.com\/blog\/wp-content\/uploads\/2023\/09\/iNFRA_5-e1761735885940.png","contentUrl":"https:\/\/agenciainfra.com\/blog\/wp-content\/uploads\/2023\/09\/iNFRA_5-e1761735885940.png","width":1672,"height":454,"caption":"Ag\u00eancia iNFRA"},"image":{"@id":"https:\/\/agenciainfra.com\/blog\/#\/schema\/logo\/image\/"},"sameAs":["https:\/\/www.facebook.com\/ageninfra","https:\/\/x.com\/agencia_infra","https:\/\/www.linkedin.com\/company\/ag\u00eanciainfra\/","https:\/\/www.instagram.com\/agenciainfra\/"]},{"@type":"Person","@id":"https:\/\/agenciainfra.com\/blog\/#\/schema\/person\/34af08dff6adea4cb22b06612ba7acfa","name":"Ag\u00eancia iNFRA","image":{"@type":"ImageObject","inLanguage":"pt-BR","@id":"https:\/\/secure.gravatar.com\/avatar\/d189e01678f06d8eb84d4e01f08eb848b3fffe3f8443818d3c356c66892f5be8?s=96&d=mm&r=g","url":"https:\/\/secure.gravatar.com\/avatar\/d189e01678f06d8eb84d4e01f08eb848b3fffe3f8443818d3c356c66892f5be8?s=96&d=mm&r=g","contentUrl":"https:\/\/secure.gravatar.com\/avatar\/d189e01678f06d8eb84d4e01f08eb848b3fffe3f8443818d3c356c66892f5be8?s=96&d=mm&r=g","caption":"Ag\u00eancia iNFRA"},"url":"https:\/\/agenciainfra.com\/blog\/author\/admin\/"}]}},"_links":{"self":[{"href":"https:\/\/agenciainfra.com\/blog\/wp-json\/wp\/v2\/posts\/46929","targetHints":{"allow":["GET"]}}],"collection":[{"href":"https:\/\/agenciainfra.com\/blog\/wp-json\/wp\/v2\/posts"}],"about":[{"href":"https:\/\/agenciainfra.com\/blog\/wp-json\/wp\/v2\/types\/post"}],"author":[{"embeddable":true,"href":"https:\/\/agenciainfra.com\/blog\/wp-json\/wp\/v2\/users\/1"}],"replies":[{"embeddable":true,"href":"https:\/\/agenciainfra.com\/blog\/wp-json\/wp\/v2\/comments?post=46929"}],"version-history":[{"count":1,"href":"https:\/\/agenciainfra.com\/blog\/wp-json\/wp\/v2\/posts\/46929\/revisions"}],"predecessor-version":[{"id":46930,"href":"https:\/\/agenciainfra.com\/blog\/wp-json\/wp\/v2\/posts\/46929\/revisions\/46930"}],"wp:featuredmedia":[{"embeddable":true,"href":"https:\/\/agenciainfra.com\/blog\/wp-json\/wp\/v2\/media\/39539"}],"wp:attachment":[{"href":"https:\/\/agenciainfra.com\/blog\/wp-json\/wp\/v2\/media?parent=46929"}],"wp:term":[{"taxonomy":"category","embeddable":true,"href":"https:\/\/agenciainfra.com\/blog\/wp-json\/wp\/v2\/categories?post=46929"},{"taxonomy":"post_tag","embeddable":true,"href":"https:\/\/agenciainfra.com\/blog\/wp-json\/wp\/v2\/tags?post=46929"}],"curies":[{"name":"wp","href":"https:\/\/api.w.org\/{rel}","templated":true}]}}