{"id":46931,"date":"2026-09-03T17:24:12","date_gmt":"2026-09-03T20:24:12","guid":{"rendered":"https:\/\/agenciainfra.com\/blog\/?p=46931"},"modified":"2026-09-03T18:44:29","modified_gmt":"2026-09-03T21:44:29","slug":"de-olho-nos-efeitos-do-el-nino-light-antecipa-plano-verao-2","status":"publish","type":"post","link":"https:\/\/agenciainfra.com\/blog\/de-olho-nos-efeitos-do-el-nino-light-antecipa-plano-verao-2\/","title":{"rendered":"De olho nos efeitos do El Ni\u00f1o, Light antecipa Plano Ver\u00e3o"},"content":{"rendered":"\n<p class=\"has-text-align-right\"><strong>Ana Lu\u00edsa Egues, da Ag\u00eancia iNFRA<\/strong><\/p>\n\n\n\n<p>A Light refor\u00e7ou sua opera\u00e7\u00e3o para os pr\u00f3ximos meses, com foco na preven\u00e7\u00e3o e na redu\u00e7\u00e3o dos impactos de eventos clim\u00e1ticos extremos no fornecimento de energia. Com a previs\u00e3o de condi\u00e7\u00f5es clim\u00e1ticas mais severas associadas ao fen\u00f4meno El Ni\u00f1o, a empresa est\u00e1 antecipando as a\u00e7\u00f5es do seu Plano Ver\u00e3o 2026\/2027, preparando a rede para enfrentar per\u00edodos de chuva intensa, ondas de calor e ventos fortes. Entre as medidas adotadas est\u00e3o a antecipa\u00e7\u00e3o de servi\u00e7os de manuten\u00e7\u00e3o preventiva, o refor\u00e7o do monitoramento das condi\u00e7\u00f5es meteorol\u00f3gicas e a amplia\u00e7\u00e3o da estrutura operacional para ampliar a capacidade de resposta a eventuais ocorr\u00eancias.<\/p>\n\n\n\n<p>A empresa afirma que houve um aumento m\u00e9dio de 45% nos servi\u00e7os de manuten\u00e7\u00e3o preventiva em compara\u00e7\u00e3o ao ano anterior. Essas a\u00e7\u00f5es incluem a inspe\u00e7\u00e3o de 11,6 mil km na rede de distribui\u00e7\u00e3o, a execu\u00e7\u00e3o de 56 mil servi\u00e7os na rede e a instala\u00e7\u00e3o de 247 novos equipamentos de prote\u00e7\u00e3o telecomandados, tecnologia que permite reduzir o tempo de interrup\u00e7\u00e3o do fornecimento ao possibilitar a recomposi\u00e7\u00e3o autom\u00e1tica do sistema em determinadas ocorr\u00eancias.<\/p>\n\n\n\n<p>Como parte da opera\u00e7\u00e3o especial, a Light tamb\u00e9m ampliou o n\u00famero de t\u00e9cnicos em seu COI (Centro de Opera\u00e7\u00e3o Integrado), respons\u00e1vel por monitorar e atuar, em tempo real, o funcionamento do sistema el\u00e9trico, al\u00e9m de refor\u00e7ar as equipes em campo. Em dias com maior volume de ocorr\u00eancias, a companhia afirma que tem capacidade de ampliar em at\u00e9 quatro vezes o n\u00famero de profissionais mobilizados ao longo do dia. A concession\u00e1ria tamb\u00e9m mant\u00e9m equipes dedicadas no COR (Centro de Opera\u00e7\u00f5es Rio) e no CICC (Centro Integrado de Comando e Controle).<\/p>\n\n\n\n<p>\u201cTamb\u00e9m aumentamos a disponibilidade de geradores por meio das nossas empresas contratadas, ampliando nossa capacidade de resposta \u00e0s ocorr\u00eancias e de apoio a servi\u00e7os essenciais, como hospitais e postos de sa\u00fade\u201d, disse Jo\u00e3o Paulo Parreira, superintendente de Opera\u00e7\u00f5es Integradas da Light, durante encontro com a imprensa realizado nesta quinta-feira (3).<\/p>\n\n\n\n<p>Um outro ponto de aten\u00e7\u00e3o do plano \u00e9 a poda de \u00e1rvores. At\u00e9 o final deste ano, a Light prev\u00ea a realiza\u00e7\u00e3o de 413 mil podas em galhos perto da rede, um aumento de aproximadamente 13% ante o ano anterior, quando foram realizados 364 mil servi\u00e7os deste tipo.<\/p>\n\n\n\n<p>Al\u00e9m disso, a Light firmou, em janeiro, uma parceria com a Comlurb para realizar a poda de \u00e1rvores pr\u00f3ximas \u00e0 rede el\u00e9trica sem a interrup\u00e7\u00e3o do fornecimento de energia. A iniciativa prioriza casos de maior risco, com \u00e1rvores em conflito direto com a rede. At\u00e9 o momento, 315 \u00e1rvores foram podadas com a linha energizada.<\/p>\n\n\n\n<p><strong>Furto de energia<\/strong><br>A Light estima que a cada 100 clientes regulares, 36 furtam energia, em toda a sua \u00e1rea de concess\u00e3o. A distribuidora calcula preju\u00edzos de aproximadamente R$ 1,3 bilh\u00e3o por ano por conta desses furtos, que possuem uma m\u00e9dia de quatro ocorr\u00eancias por dia.<\/p>\n\n\n\n<p>Os \u201cgatos\u201d tamb\u00e9m sobrecarregam os transformadores, causando interrup\u00e7\u00f5es no fornecimento de energia e impactando diretamente a qualidade do servi\u00e7o. No per\u00edodo de dezembro de 2025 a abril de 2026, a empresa registrou 1.102 transformadores queimados por causa da sobrecarga do furto, impactando diretamente 117 mil clientes devido \u00e0 falta de energia.<\/p>\n\n\n\n<p><\/p>\n","protected":false},"excerpt":{"rendered":"<p>Ana Lu\u00edsa Egues, da Ag\u00eancia iNFRA A Light refor\u00e7ou sua opera\u00e7\u00e3o para os pr\u00f3ximos meses, com foco na preven\u00e7\u00e3o e na redu\u00e7\u00e3o dos impactos de eventos clim\u00e1ticos extremos no fornecimento de energia. Com a previs\u00e3o de condi\u00e7\u00f5es clim\u00e1ticas mais severas associadas ao fen\u00f4meno El Ni\u00f1o, a empresa est\u00e1 antecipando as a\u00e7\u00f5es do seu Plano Ver\u00e3o [&hellip;]<\/p>\n","protected":false},"author":1,"featured_media":24177,"comment_status":"closed","ping_status":"closed","sticky":false,"template":"","format":"standard","meta":{"_monsterinsights_skip_tracking":false,"_monsterinsights_sitenote_active":false,"_monsterinsights_sitenote_note":"","_monsterinsights_sitenote_category":0,"footnotes":""},"categories":[7249],"tags":[21677,4012,282,6972,9359,6298,1867,4174,21709,21706],"class_list":["post-46931","post","type-post","status-publish","format-standard","has-post-thumbnail","hentry","category-destaque","tag-ana-luisa-egues","tag-el-nino","tag-energia-eletrica","tag-eventos-climaticos","tag-fornecimento-de-energia","tag-furto-de-energia","tag-light","tag-manutencao","tag-ondas-de-calor","tag-plano-verao"],"yoast_head":"<!-- This site is optimized with the Yoast SEO Premium plugin v25.4 (Yoast SEO v28.2) - https:\/\/yoast.com\/product\/yoast-seo-premium-wordpress\/ -->\n<title>De olho nos efeitos do El Ni\u00f1o, Light antecipa Plano Ver\u00e3o - Ag\u00eancia iNFRA<\/title>\n<meta name=\"robots\" content=\"index, follow, max-snippet:-1, max-image-preview:large, max-video-preview:-1\" \/>\n<link rel=\"canonical\" href=\"https:\/\/agenciainfra.com\/blog\/de-olho-nos-efeitos-do-el-nino-light-antecipa-plano-verao-2\/\" \/>\n<meta property=\"og:locale\" content=\"pt_BR\" \/>\n<meta property=\"og:type\" content=\"article\" \/>\n<meta property=\"og:title\" content=\"De olho nos efeitos do El Ni\u00f1o, Light antecipa Plano Ver\u00e3o\" \/>\n<meta property=\"og:description\" content=\"Ana Lu\u00edsa Egues, da Ag\u00eancia iNFRA A Light refor\u00e7ou sua opera\u00e7\u00e3o para os pr\u00f3ximos meses, com foco na preven\u00e7\u00e3o e na redu\u00e7\u00e3o dos impactos de eventos clim\u00e1ticos extremos no fornecimento de energia. Com a previs\u00e3o de condi\u00e7\u00f5es clim\u00e1ticas mais severas associadas ao fen\u00f4meno El Ni\u00f1o, a empresa est\u00e1 antecipando as a\u00e7\u00f5es do seu Plano Ver\u00e3o [&hellip;]\" \/>\n<meta property=\"og:url\" content=\"https:\/\/agenciainfra.com\/blog\/de-olho-nos-efeitos-do-el-nino-light-antecipa-plano-verao-2\/\" \/>\n<meta property=\"og:site_name\" content=\"Ag\u00eancia iNFRA\" \/>\n<meta property=\"article:publisher\" content=\"https:\/\/www.facebook.com\/ageninfra\" \/>\n<meta property=\"article:published_time\" content=\"2026-09-03T20:24:12+00:00\" \/>\n<meta property=\"article:modified_time\" content=\"2026-09-03T21:44:29+00:00\" \/>\n<meta property=\"og:image\" content=\"https:\/\/agenciainfra.com\/blog\/wp-content\/uploads\/2025\/07\/light-foto-divulgacao-1-e1751905021397.jpg\" \/>\n\t<meta property=\"og:image:width\" content=\"1280\" \/>\n\t<meta property=\"og:image:height\" content=\"777\" \/>\n\t<meta property=\"og:image:type\" content=\"image\/jpeg\" \/>\n<meta name=\"author\" content=\"Ag\u00eancia iNFRA\" \/>\n<meta name=\"twitter:card\" content=\"summary_large_image\" \/>\n<meta name=\"twitter:creator\" content=\"@agencia_infra\" \/>\n<meta name=\"twitter:site\" content=\"@agencia_infra\" \/>\n<meta name=\"twitter:label1\" content=\"Escrito por\" \/>\n\t<meta name=\"twitter:data1\" content=\"Ag\u00eancia iNFRA\" \/>\n\t<meta name=\"twitter:label2\" content=\"Est. tempo de leitura\" \/>\n\t<meta name=\"twitter:data2\" content=\"3 minutos\" \/>\n<script type=\"application\/ld+json\" class=\"yoast-schema-graph\">{\"@context\":\"https:\\\/\\\/schema.org\",\"@graph\":[{\"@type\":\"Article\",\"@id\":\"https:\\\/\\\/agenciainfra.com\\\/blog\\\/de-olho-nos-efeitos-do-el-nino-light-antecipa-plano-verao-2\\\/#article\",\"isPartOf\":{\"@id\":\"https:\\\/\\\/agenciainfra.com\\\/blog\\\/de-olho-nos-efeitos-do-el-nino-light-antecipa-plano-verao-2\\\/\"},\"author\":{\"name\":\"Ag\u00eancia iNFRA\",\"@id\":\"https:\\\/\\\/agenciainfra.com\\\/blog\\\/#\\\/schema\\\/person\\\/34af08dff6adea4cb22b06612ba7acfa\"},\"headline\":\"De olho nos efeitos do El Ni\u00f1o, Light antecipa Plano Ver\u00e3o\",\"datePublished\":\"2026-09-03T20:24:12+00:00\",\"dateModified\":\"2026-09-03T21:44:29+00:00\",\"mainEntityOfPage\":{\"@id\":\"https:\\\/\\\/agenciainfra.com\\\/blog\\\/de-olho-nos-efeitos-do-el-nino-light-antecipa-plano-verao-2\\\/\"},\"wordCount\":585,\"publisher\":{\"@id\":\"https:\\\/\\\/agenciainfra.com\\\/blog\\\/#organization\"},\"image\":{\"@id\":\"https:\\\/\\\/agenciainfra.com\\\/blog\\\/de-olho-nos-efeitos-do-el-nino-light-antecipa-plano-verao-2\\\/#primaryimage\"},\"thumbnailUrl\":\"https:\\\/\\\/agenciainfra.com\\\/blog\\\/wp-content\\\/uploads\\\/2025\\\/07\\\/light-foto-divulgacao-1-e1751905021397.jpg\",\"keywords\":[\"Ana Lu\u00edsa Egues\",\"El Ni\u00f1o\",\"energia el\u00e9trica\",\"eventos clim\u00e1ticos\",\"fornecimento de energia\",\"furto de energia\",\"Light\",\"manuten\u00e7\u00e3o\",\"ondas de calor\",\"plano ver\u00e3o\"],\"articleSection\":[\"Destaque\"],\"inLanguage\":\"pt-BR\",\"copyrightYear\":\"2026\",\"copyrightHolder\":{\"@id\":\"https:\\\/\\\/agenciainfra.com\\\/blog\\\/#organization\"}},{\"@type\":\"WebPage\",\"@id\":\"https:\\\/\\\/agenciainfra.com\\\/blog\\\/de-olho-nos-efeitos-do-el-nino-light-antecipa-plano-verao-2\\\/\",\"url\":\"https:\\\/\\\/agenciainfra.com\\\/blog\\\/de-olho-nos-efeitos-do-el-nino-light-antecipa-plano-verao-2\\\/\",\"name\":\"De olho nos efeitos do El Ni\u00f1o, Light antecipa Plano Ver\u00e3o - Ag\u00eancia iNFRA\",\"isPartOf\":{\"@id\":\"https:\\\/\\\/agenciainfra.com\\\/blog\\\/#website\"},\"primaryImageOfPage\":{\"@id\":\"https:\\\/\\\/agenciainfra.com\\\/blog\\\/de-olho-nos-efeitos-do-el-nino-light-antecipa-plano-verao-2\\\/#primaryimage\"},\"image\":{\"@id\":\"https:\\\/\\\/agenciainfra.com\\\/blog\\\/de-olho-nos-efeitos-do-el-nino-light-antecipa-plano-verao-2\\\/#primaryimage\"},\"thumbnailUrl\":\"https:\\\/\\\/agenciainfra.com\\\/blog\\\/wp-content\\\/uploads\\\/2025\\\/07\\\/light-foto-divulgacao-1-e1751905021397.jpg\",\"datePublished\":\"2026-09-03T20:24:12+00:00\",\"dateModified\":\"2026-09-03T21:44:29+00:00\",\"breadcrumb\":{\"@id\":\"https:\\\/\\\/agenciainfra.com\\\/blog\\\/de-olho-nos-efeitos-do-el-nino-light-antecipa-plano-verao-2\\\/#breadcrumb\"},\"inLanguage\":\"pt-BR\",\"potentialAction\":[{\"@type\":\"ReadAction\",\"target\":[\"https:\\\/\\\/agenciainfra.com\\\/blog\\\/de-olho-nos-efeitos-do-el-nino-light-antecipa-plano-verao-2\\\/\"]}]},{\"@type\":\"ImageObject\",\"inLanguage\":\"pt-BR\",\"@id\":\"https:\\\/\\\/agenciainfra.com\\\/blog\\\/de-olho-nos-efeitos-do-el-nino-light-antecipa-plano-verao-2\\\/#primaryimage\",\"url\":\"https:\\\/\\\/agenciainfra.com\\\/blog\\\/wp-content\\\/uploads\\\/2025\\\/07\\\/light-foto-divulgacao-1-e1751905021397.jpg\",\"contentUrl\":\"https:\\\/\\\/agenciainfra.com\\\/blog\\\/wp-content\\\/uploads\\\/2025\\\/07\\\/light-foto-divulgacao-1-e1751905021397.jpg\",\"width\":1280,\"height\":777,\"caption\":\"Foto: Light\\\/Divulga\u00e7\u00e3o\"},{\"@type\":\"BreadcrumbList\",\"@id\":\"https:\\\/\\\/agenciainfra.com\\\/blog\\\/de-olho-nos-efeitos-do-el-nino-light-antecipa-plano-verao-2\\\/#breadcrumb\",\"itemListElement\":[{\"@type\":\"ListItem\",\"position\":1,\"name\":\"In\u00edcio\",\"item\":\"https:\\\/\\\/agenciainfra.com\\\/blog\\\/\"},{\"@type\":\"ListItem\",\"position\":2,\"name\":\"De olho nos efeitos do El Ni\u00f1o, Light antecipa Plano Ver\u00e3o\"}]},{\"@type\":\"WebSite\",\"@id\":\"https:\\\/\\\/agenciainfra.com\\\/blog\\\/#website\",\"url\":\"https:\\\/\\\/agenciainfra.com\\\/blog\\\/\",\"name\":\"Ag\u00eancia iNFRA\",\"description\":\"Multiplataforma de informa\u00e7\u00e3o jornal\u00edstica refer\u00eancia na \u00e1rea de infraestrutura no Brasil!\",\"publisher\":{\"@id\":\"https:\\\/\\\/agenciainfra.com\\\/blog\\\/#organization\"},\"potentialAction\":[{\"@type\":\"SearchAction\",\"target\":{\"@type\":\"EntryPoint\",\"urlTemplate\":\"https:\\\/\\\/agenciainfra.com\\\/blog\\\/?s={search_term_string}\"},\"query-input\":{\"@type\":\"PropertyValueSpecification\",\"valueRequired\":true,\"valueName\":\"search_term_string\"}}],\"inLanguage\":\"pt-BR\"},{\"@type\":\"Organization\",\"@id\":\"https:\\\/\\\/agenciainfra.com\\\/blog\\\/#organization\",\"name\":\"Ag\u00eancia iNFRA\",\"url\":\"https:\\\/\\\/agenciainfra.com\\\/blog\\\/\",\"logo\":{\"@type\":\"ImageObject\",\"inLanguage\":\"pt-BR\",\"@id\":\"https:\\\/\\\/agenciainfra.com\\\/blog\\\/#\\\/schema\\\/logo\\\/image\\\/\",\"url\":\"https:\\\/\\\/agenciainfra.com\\\/blog\\\/wp-content\\\/uploads\\\/2023\\\/09\\\/iNFRA_5-e1761735885940.png\",\"contentUrl\":\"https:\\\/\\\/agenciainfra.com\\\/blog\\\/wp-content\\\/uploads\\\/2023\\\/09\\\/iNFRA_5-e1761735885940.png\",\"width\":1672,\"height\":454,\"caption\":\"Ag\u00eancia iNFRA\"},\"image\":{\"@id\":\"https:\\\/\\\/agenciainfra.com\\\/blog\\\/#\\\/schema\\\/logo\\\/image\\\/\"},\"sameAs\":[\"https:\\\/\\\/www.facebook.com\\\/ageninfra\",\"https:\\\/\\\/x.com\\\/agencia_infra\",\"https:\\\/\\\/www.linkedin.com\\\/company\\\/ag\u00eanciainfra\\\/\",\"https:\\\/\\\/www.instagram.com\\\/agenciainfra\\\/\"]},{\"@type\":\"Person\",\"@id\":\"https:\\\/\\\/agenciainfra.com\\\/blog\\\/#\\\/schema\\\/person\\\/34af08dff6adea4cb22b06612ba7acfa\",\"name\":\"Ag\u00eancia iNFRA\",\"image\":{\"@type\":\"ImageObject\",\"inLanguage\":\"pt-BR\",\"@id\":\"https:\\\/\\\/secure.gravatar.com\\\/avatar\\\/d189e01678f06d8eb84d4e01f08eb848b3fffe3f8443818d3c356c66892f5be8?s=96&d=mm&r=g\",\"url\":\"https:\\\/\\\/secure.gravatar.com\\\/avatar\\\/d189e01678f06d8eb84d4e01f08eb848b3fffe3f8443818d3c356c66892f5be8?s=96&d=mm&r=g\",\"contentUrl\":\"https:\\\/\\\/secure.gravatar.com\\\/avatar\\\/d189e01678f06d8eb84d4e01f08eb848b3fffe3f8443818d3c356c66892f5be8?s=96&d=mm&r=g\",\"caption\":\"Ag\u00eancia iNFRA\"},\"url\":\"https:\\\/\\\/agenciainfra.com\\\/blog\\\/author\\\/admin\\\/\"}]}<\/script>\n<!-- \/ Yoast SEO Premium plugin. -->","yoast_head_json":{"title":"De olho nos efeitos do El Ni\u00f1o, Light antecipa Plano Ver\u00e3o - Ag\u00eancia iNFRA","robots":{"index":"index","follow":"follow","max-snippet":"max-snippet:-1","max-image-preview":"max-image-preview:large","max-video-preview":"max-video-preview:-1"},"canonical":"https:\/\/agenciainfra.com\/blog\/de-olho-nos-efeitos-do-el-nino-light-antecipa-plano-verao-2\/","og_locale":"pt_BR","og_type":"article","og_title":"De olho nos efeitos do El Ni\u00f1o, Light antecipa Plano Ver\u00e3o","og_description":"Ana Lu\u00edsa Egues, da Ag\u00eancia iNFRA A Light refor\u00e7ou sua opera\u00e7\u00e3o para os pr\u00f3ximos meses, com foco na preven\u00e7\u00e3o e na redu\u00e7\u00e3o dos impactos de eventos clim\u00e1ticos extremos no fornecimento de energia. Com a previs\u00e3o de condi\u00e7\u00f5es clim\u00e1ticas mais severas associadas ao fen\u00f4meno El Ni\u00f1o, a empresa est\u00e1 antecipando as a\u00e7\u00f5es do seu Plano Ver\u00e3o [&hellip;]","og_url":"https:\/\/agenciainfra.com\/blog\/de-olho-nos-efeitos-do-el-nino-light-antecipa-plano-verao-2\/","og_site_name":"Ag\u00eancia iNFRA","article_publisher":"https:\/\/www.facebook.com\/ageninfra","article_published_time":"2026-09-03T20:24:12+00:00","article_modified_time":"2026-09-03T21:44:29+00:00","og_image":[{"width":1280,"height":777,"url":"https:\/\/agenciainfra.com\/blog\/wp-content\/uploads\/2025\/07\/light-foto-divulgacao-1-e1751905021397.jpg","type":"image\/jpeg"}],"author":"Ag\u00eancia iNFRA","twitter_card":"summary_large_image","twitter_creator":"@agencia_infra","twitter_site":"@agencia_infra","twitter_misc":{"Escrito por":"Ag\u00eancia iNFRA","Est. tempo de leitura":"3 minutos"},"schema":{"@context":"https:\/\/schema.org","@graph":[{"@type":"Article","@id":"https:\/\/agenciainfra.com\/blog\/de-olho-nos-efeitos-do-el-nino-light-antecipa-plano-verao-2\/#article","isPartOf":{"@id":"https:\/\/agenciainfra.com\/blog\/de-olho-nos-efeitos-do-el-nino-light-antecipa-plano-verao-2\/"},"author":{"name":"Ag\u00eancia iNFRA","@id":"https:\/\/agenciainfra.com\/blog\/#\/schema\/person\/34af08dff6adea4cb22b06612ba7acfa"},"headline":"De olho nos efeitos do El Ni\u00f1o, Light antecipa Plano Ver\u00e3o","datePublished":"2026-09-03T20:24:12+00:00","dateModified":"2026-09-03T21:44:29+00:00","mainEntityOfPage":{"@id":"https:\/\/agenciainfra.com\/blog\/de-olho-nos-efeitos-do-el-nino-light-antecipa-plano-verao-2\/"},"wordCount":585,"publisher":{"@id":"https:\/\/agenciainfra.com\/blog\/#organization"},"image":{"@id":"https:\/\/agenciainfra.com\/blog\/de-olho-nos-efeitos-do-el-nino-light-antecipa-plano-verao-2\/#primaryimage"},"thumbnailUrl":"https:\/\/agenciainfra.com\/blog\/wp-content\/uploads\/2025\/07\/light-foto-divulgacao-1-e1751905021397.jpg","keywords":["Ana Lu\u00edsa Egues","El Ni\u00f1o","energia el\u00e9trica","eventos clim\u00e1ticos","fornecimento de energia","furto de energia","Light","manuten\u00e7\u00e3o","ondas de calor","plano ver\u00e3o"],"articleSection":["Destaque"],"inLanguage":"pt-BR","copyrightYear":"2026","copyrightHolder":{"@id":"https:\/\/agenciainfra.com\/blog\/#organization"}},{"@type":"WebPage","@id":"https:\/\/agenciainfra.com\/blog\/de-olho-nos-efeitos-do-el-nino-light-antecipa-plano-verao-2\/","url":"https:\/\/agenciainfra.com\/blog\/de-olho-nos-efeitos-do-el-nino-light-antecipa-plano-verao-2\/","name":"De olho nos efeitos do El Ni\u00f1o, Light antecipa Plano Ver\u00e3o - Ag\u00eancia iNFRA","isPartOf":{"@id":"https:\/\/agenciainfra.com\/blog\/#website"},"primaryImageOfPage":{"@id":"https:\/\/agenciainfra.com\/blog\/de-olho-nos-efeitos-do-el-nino-light-antecipa-plano-verao-2\/#primaryimage"},"image":{"@id":"https:\/\/agenciainfra.com\/blog\/de-olho-nos-efeitos-do-el-nino-light-antecipa-plano-verao-2\/#primaryimage"},"thumbnailUrl":"https:\/\/agenciainfra.com\/blog\/wp-content\/uploads\/2025\/07\/light-foto-divulgacao-1-e1751905021397.jpg","datePublished":"2026-09-03T20:24:12+00:00","dateModified":"2026-09-03T21:44:29+00:00","breadcrumb":{"@id":"https:\/\/agenciainfra.com\/blog\/de-olho-nos-efeitos-do-el-nino-light-antecipa-plano-verao-2\/#breadcrumb"},"inLanguage":"pt-BR","potentialAction":[{"@type":"ReadAction","target":["https:\/\/agenciainfra.com\/blog\/de-olho-nos-efeitos-do-el-nino-light-antecipa-plano-verao-2\/"]}]},{"@type":"ImageObject","inLanguage":"pt-BR","@id":"https:\/\/agenciainfra.com\/blog\/de-olho-nos-efeitos-do-el-nino-light-antecipa-plano-verao-2\/#primaryimage","url":"https:\/\/agenciainfra.com\/blog\/wp-content\/uploads\/2025\/07\/light-foto-divulgacao-1-e1751905021397.jpg","contentUrl":"https:\/\/agenciainfra.com\/blog\/wp-content\/uploads\/2025\/07\/light-foto-divulgacao-1-e1751905021397.jpg","width":1280,"height":777,"caption":"Foto: Light\/Divulga\u00e7\u00e3o"},{"@type":"BreadcrumbList","@id":"https:\/\/agenciainfra.com\/blog\/de-olho-nos-efeitos-do-el-nino-light-antecipa-plano-verao-2\/#breadcrumb","itemListElement":[{"@type":"ListItem","position":1,"name":"In\u00edcio","item":"https:\/\/agenciainfra.com\/blog\/"},{"@type":"ListItem","position":2,"name":"De olho nos efeitos do El Ni\u00f1o, Light antecipa Plano Ver\u00e3o"}]},{"@type":"WebSite","@id":"https:\/\/agenciainfra.com\/blog\/#website","url":"https:\/\/agenciainfra.com\/blog\/","name":"Ag\u00eancia iNFRA","description":"Multiplataforma de informa\u00e7\u00e3o jornal\u00edstica refer\u00eancia na \u00e1rea de infraestrutura no Brasil!","publisher":{"@id":"https:\/\/agenciainfra.com\/blog\/#organization"},"potentialAction":[{"@type":"SearchAction","target":{"@type":"EntryPoint","urlTemplate":"https:\/\/agenciainfra.com\/blog\/?s={search_term_string}"},"query-input":{"@type":"PropertyValueSpecification","valueRequired":true,"valueName":"search_term_string"}}],"inLanguage":"pt-BR"},{"@type":"Organization","@id":"https:\/\/agenciainfra.com\/blog\/#organization","name":"Ag\u00eancia iNFRA","url":"https:\/\/agenciainfra.com\/blog\/","logo":{"@type":"ImageObject","inLanguage":"pt-BR","@id":"https:\/\/agenciainfra.com\/blog\/#\/schema\/logo\/image\/","url":"https:\/\/agenciainfra.com\/blog\/wp-content\/uploads\/2023\/09\/iNFRA_5-e1761735885940.png","contentUrl":"https:\/\/agenciainfra.com\/blog\/wp-content\/uploads\/2023\/09\/iNFRA_5-e1761735885940.png","width":1672,"height":454,"caption":"Ag\u00eancia iNFRA"},"image":{"@id":"https:\/\/agenciainfra.com\/blog\/#\/schema\/logo\/image\/"},"sameAs":["https:\/\/www.facebook.com\/ageninfra","https:\/\/x.com\/agencia_infra","https:\/\/www.linkedin.com\/company\/ag\u00eanciainfra\/","https:\/\/www.instagram.com\/agenciainfra\/"]},{"@type":"Person","@id":"https:\/\/agenciainfra.com\/blog\/#\/schema\/person\/34af08dff6adea4cb22b06612ba7acfa","name":"Ag\u00eancia iNFRA","image":{"@type":"ImageObject","inLanguage":"pt-BR","@id":"https:\/\/secure.gravatar.com\/avatar\/d189e01678f06d8eb84d4e01f08eb848b3fffe3f8443818d3c356c66892f5be8?s=96&d=mm&r=g","url":"https:\/\/secure.gravatar.com\/avatar\/d189e01678f06d8eb84d4e01f08eb848b3fffe3f8443818d3c356c66892f5be8?s=96&d=mm&r=g","contentUrl":"https:\/\/secure.gravatar.com\/avatar\/d189e01678f06d8eb84d4e01f08eb848b3fffe3f8443818d3c356c66892f5be8?s=96&d=mm&r=g","caption":"Ag\u00eancia iNFRA"},"url":"https:\/\/agenciainfra.com\/blog\/author\/admin\/"}]}},"_links":{"self":[{"href":"https:\/\/agenciainfra.com\/blog\/wp-json\/wp\/v2\/posts\/46931","targetHints":{"allow":["GET"]}}],"collection":[{"href":"https:\/\/agenciainfra.com\/blog\/wp-json\/wp\/v2\/posts"}],"about":[{"href":"https:\/\/agenciainfra.com\/blog\/wp-json\/wp\/v2\/types\/post"}],"author":[{"embeddable":true,"href":"https:\/\/agenciainfra.com\/blog\/wp-json\/wp\/v2\/users\/1"}],"replies":[{"embeddable":true,"href":"https:\/\/agenciainfra.com\/blog\/wp-json\/wp\/v2\/comments?post=46931"}],"version-history":[{"count":1,"href":"https:\/\/agenciainfra.com\/blog\/wp-json\/wp\/v2\/posts\/46931\/revisions"}],"predecessor-version":[{"id":46934,"href":"https:\/\/agenciainfra.com\/blog\/wp-json\/wp\/v2\/posts\/46931\/revisions\/46934"}],"wp:featuredmedia":[{"embeddable":true,"href":"https:\/\/agenciainfra.com\/blog\/wp-json\/wp\/v2\/media\/24177"}],"wp:attachment":[{"href":"https:\/\/agenciainfra.com\/blog\/wp-json\/wp\/v2\/media?parent=46931"}],"wp:term":[{"taxonomy":"category","embeddable":true,"href":"https:\/\/agenciainfra.com\/blog\/wp-json\/wp\/v2\/categories?post=46931"},{"taxonomy":"post_tag","embeddable":true,"href":"https:\/\/agenciainfra.com\/blog\/wp-json\/wp\/v2\/tags?post=46931"}],"curies":[{"name":"wp","href":"https:\/\/api.w.org\/{rel}","templated":true}]}}