{"id":46937,"date":"2026-09-03T17:41:10","date_gmt":"2026-09-03T20:41:10","guid":{"rendered":"https:\/\/agenciainfra.com\/blog\/?p=46937"},"modified":"2026-09-03T17:41:14","modified_gmt":"2026-09-03T20:41:14","slug":"marquise-ambiental-assume-gestao-de-residuos-em-guaiuba-ce","status":"publish","type":"post","link":"https:\/\/agenciainfra.com\/blog\/marquise-ambiental-assume-gestao-de-residuos-em-guaiuba-ce\/","title":{"rendered":"Marquise Ambiental assume gest\u00e3o de res\u00edduos em Guai\u00faba (CE)"},"content":{"rendered":"\n<p class=\"has-text-align-right\"><strong>da Ag\u00eancia iNFRA<\/strong><\/p>\n\n\n\n<p>A Marquise Ambiental assumiu, nesta quinta-feira (3), os servi\u00e7os de gest\u00e3o de res\u00edduos s\u00f3lidos no munic\u00edpio de Guai\u00faba, na regi\u00e3o metropolitana de Fortaleza (CE), com implementa\u00e7\u00e3o de um sistema que promove ganhos de escala.<\/p>\n\n\n\n<p>Os res\u00edduos do munic\u00edpio, que antes iam para lix\u00f5es, passar\u00e3o por uma ETR (Esta\u00e7\u00e3o de Transfer\u00eancia de Res\u00edduos), capaz de movimentar cerca de 30 toneladas de lixo por dia, e depois ser\u00e3o destinados para o complexo log\u00edsitico de res\u00edduos chamado EcoHub Sol Nascente.<\/p>\n\n\n\n<p>\u201cO encerramento de um lix\u00e3o \u00e9 uma conquista importante para toda a popula\u00e7\u00e3o, e o passo seguinte \u00e9 assegurar uma estrutura que sustente essa mudan\u00e7a ao longo do tempo\u201d, disse a diretora-presidente do Grupo Marquise, Carla Pontes.<\/p>\n\n\n\n<p>A ida dos res\u00eddusos \u00e0 esta\u00e7\u00e3o incentiva menores viagens, com um maior volume de material, segudo a Marquise, enquanto o ganho de escala diminui o custo por tonelada e torna a destina\u00e7\u00e3o ambientalmente adequada mais acess\u00edvel, uma vez que outros munic\u00edpios tamb\u00e9m podem utilizar a ETR.<\/p>\n\n\n\n<p>A rede inclui pontos em Osasco (SP), Amazonas, na regi\u00e3o metropolitana de Natal (RN) e em Fortaleza.<\/p>\n\n\n\n<p>\u201cH\u00e1 tamb\u00e9m um ganho ambiental associado a essa efici\u00eancia log\u00edstica, com menos viagens e, consequentemente, menor gera\u00e7\u00e3o de emiss\u00f5es\u201d, comentou o diretor-presidente da Marquise Ambiental, Hugo Nery. \u201c\u00c9 um modelo escal\u00e1vel, que pode acompanhar outros munic\u00edpios no processo de encerramento de lix\u00f5es e de moderniza\u00e7\u00e3o da gest\u00e3o de res\u00edduos&#8221;, continuou.<\/p>\n","protected":false},"excerpt":{"rendered":"<p>da Ag\u00eancia iNFRA A Marquise Ambiental assumiu, nesta quinta-feira (3), os servi\u00e7os de gest\u00e3o de res\u00edduos s\u00f3lidos no munic\u00edpio de Guai\u00faba, na regi\u00e3o metropolitana de Fortaleza (CE), com implementa\u00e7\u00e3o de um sistema que promove ganhos de escala. Os res\u00edduos do munic\u00edpio, que antes iam para lix\u00f5es, passar\u00e3o por uma ETR (Esta\u00e7\u00e3o de Transfer\u00eancia de Res\u00edduos), [&hellip;]<\/p>\n","protected":false},"author":1,"featured_media":46938,"comment_status":"closed","ping_status":"closed","sticky":false,"template":"","format":"standard","meta":{"_monsterinsights_skip_tracking":false,"_monsterinsights_sitenote_active":false,"_monsterinsights_sitenote_note":"","_monsterinsights_sitenote_category":0,"footnotes":""},"categories":[7250],"tags":[21712,21711,6846,21710,3212,179],"class_list":["post-46937","post","type-post","status-publish","format-standard","has-post-thumbnail","hentry","category-destaque-lista","tag-carla-pontes","tag-etr-2","tag-lixoes","tag-marquise-ambiental","tag-residuos-solidos","tag-saneamento"],"yoast_head":"<!-- This site is optimized with the Yoast SEO Premium plugin v25.4 (Yoast SEO v28.2) - https:\/\/yoast.com\/product\/yoast-seo-premium-wordpress\/ -->\n<title>Marquise Ambiental assume gest\u00e3o de res\u00edduos em Guai\u00faba (CE) - Ag\u00eancia iNFRA<\/title>\n<meta name=\"robots\" content=\"index, follow, max-snippet:-1, max-image-preview:large, max-video-preview:-1\" \/>\n<link rel=\"canonical\" href=\"https:\/\/agenciainfra.com\/blog\/marquise-ambiental-assume-gestao-de-residuos-em-guaiuba-ce\/\" \/>\n<meta property=\"og:locale\" content=\"pt_BR\" \/>\n<meta property=\"og:type\" content=\"article\" \/>\n<meta property=\"og:title\" content=\"Marquise Ambiental assume gest\u00e3o de res\u00edduos em Guai\u00faba (CE)\" \/>\n<meta property=\"og:description\" content=\"da Ag\u00eancia iNFRA A Marquise Ambiental assumiu, nesta quinta-feira (3), os servi\u00e7os de gest\u00e3o de res\u00edduos s\u00f3lidos no munic\u00edpio de Guai\u00faba, na regi\u00e3o metropolitana de Fortaleza (CE), com implementa\u00e7\u00e3o de um sistema que promove ganhos de escala. Os res\u00edduos do munic\u00edpio, que antes iam para lix\u00f5es, passar\u00e3o por uma ETR (Esta\u00e7\u00e3o de Transfer\u00eancia de Res\u00edduos), [&hellip;]\" \/>\n<meta property=\"og:url\" content=\"https:\/\/agenciainfra.com\/blog\/marquise-ambiental-assume-gestao-de-residuos-em-guaiuba-ce\/\" \/>\n<meta property=\"og:site_name\" content=\"Ag\u00eancia iNFRA\" \/>\n<meta property=\"article:publisher\" content=\"https:\/\/www.facebook.com\/ageninfra\" \/>\n<meta property=\"article:published_time\" content=\"2026-09-03T20:41:10+00:00\" \/>\n<meta property=\"article:modified_time\" content=\"2026-09-03T20:41:14+00:00\" \/>\n<meta property=\"og:image\" content=\"https:\/\/agenciainfra.com\/blog\/wp-content\/uploads\/2026\/09\/CAPA-HUB-1024x567-1-1.png\" \/>\n\t<meta property=\"og:image:width\" content=\"780\" \/>\n\t<meta property=\"og:image:height\" content=\"432\" \/>\n\t<meta property=\"og:image:type\" content=\"image\/png\" \/>\n<meta name=\"author\" content=\"Ag\u00eancia iNFRA\" \/>\n<meta name=\"twitter:card\" content=\"summary_large_image\" \/>\n<meta name=\"twitter:creator\" content=\"@agencia_infra\" \/>\n<meta name=\"twitter:site\" content=\"@agencia_infra\" \/>\n<meta name=\"twitter:label1\" content=\"Escrito por\" \/>\n\t<meta name=\"twitter:data1\" content=\"Ag\u00eancia iNFRA\" \/>\n\t<meta name=\"twitter:label2\" content=\"Est. tempo de leitura\" \/>\n\t<meta name=\"twitter:data2\" content=\"1 minuto\" \/>\n<script type=\"application\/ld+json\" class=\"yoast-schema-graph\">{\"@context\":\"https:\\\/\\\/schema.org\",\"@graph\":[{\"@type\":\"Article\",\"@id\":\"https:\\\/\\\/agenciainfra.com\\\/blog\\\/marquise-ambiental-assume-gestao-de-residuos-em-guaiuba-ce\\\/#article\",\"isPartOf\":{\"@id\":\"https:\\\/\\\/agenciainfra.com\\\/blog\\\/marquise-ambiental-assume-gestao-de-residuos-em-guaiuba-ce\\\/\"},\"author\":{\"name\":\"Ag\u00eancia iNFRA\",\"@id\":\"https:\\\/\\\/agenciainfra.com\\\/blog\\\/#\\\/schema\\\/person\\\/34af08dff6adea4cb22b06612ba7acfa\"},\"headline\":\"Marquise Ambiental assume gest\u00e3o de res\u00edduos em Guai\u00faba (CE)\",\"datePublished\":\"2026-09-03T20:41:10+00:00\",\"dateModified\":\"2026-09-03T20:41:14+00:00\",\"mainEntityOfPage\":{\"@id\":\"https:\\\/\\\/agenciainfra.com\\\/blog\\\/marquise-ambiental-assume-gestao-de-residuos-em-guaiuba-ce\\\/\"},\"wordCount\":276,\"publisher\":{\"@id\":\"https:\\\/\\\/agenciainfra.com\\\/blog\\\/#organization\"},\"image\":{\"@id\":\"https:\\\/\\\/agenciainfra.com\\\/blog\\\/marquise-ambiental-assume-gestao-de-residuos-em-guaiuba-ce\\\/#primaryimage\"},\"thumbnailUrl\":\"https:\\\/\\\/agenciainfra.com\\\/blog\\\/wp-content\\\/uploads\\\/2026\\\/09\\\/CAPA-HUB-1024x567-1-1.png\",\"keywords\":[\"Carla Pontes\",\"ETR\",\"lix\u00f5es\",\"Marquise Ambiental\",\"res\u00edduos s\u00f3lidos\",\"saneamento\"],\"articleSection\":[\"Destaque lista\"],\"inLanguage\":\"pt-BR\",\"copyrightYear\":\"2026\",\"copyrightHolder\":{\"@id\":\"https:\\\/\\\/agenciainfra.com\\\/blog\\\/#organization\"}},{\"@type\":\"WebPage\",\"@id\":\"https:\\\/\\\/agenciainfra.com\\\/blog\\\/marquise-ambiental-assume-gestao-de-residuos-em-guaiuba-ce\\\/\",\"url\":\"https:\\\/\\\/agenciainfra.com\\\/blog\\\/marquise-ambiental-assume-gestao-de-residuos-em-guaiuba-ce\\\/\",\"name\":\"Marquise Ambiental assume gest\u00e3o de res\u00edduos em Guai\u00faba (CE) - Ag\u00eancia iNFRA\",\"isPartOf\":{\"@id\":\"https:\\\/\\\/agenciainfra.com\\\/blog\\\/#website\"},\"primaryImageOfPage\":{\"@id\":\"https:\\\/\\\/agenciainfra.com\\\/blog\\\/marquise-ambiental-assume-gestao-de-residuos-em-guaiuba-ce\\\/#primaryimage\"},\"image\":{\"@id\":\"https:\\\/\\\/agenciainfra.com\\\/blog\\\/marquise-ambiental-assume-gestao-de-residuos-em-guaiuba-ce\\\/#primaryimage\"},\"thumbnailUrl\":\"https:\\\/\\\/agenciainfra.com\\\/blog\\\/wp-content\\\/uploads\\\/2026\\\/09\\\/CAPA-HUB-1024x567-1-1.png\",\"datePublished\":\"2026-09-03T20:41:10+00:00\",\"dateModified\":\"2026-09-03T20:41:14+00:00\",\"breadcrumb\":{\"@id\":\"https:\\\/\\\/agenciainfra.com\\\/blog\\\/marquise-ambiental-assume-gestao-de-residuos-em-guaiuba-ce\\\/#breadcrumb\"},\"inLanguage\":\"pt-BR\",\"potentialAction\":[{\"@type\":\"ReadAction\",\"target\":[\"https:\\\/\\\/agenciainfra.com\\\/blog\\\/marquise-ambiental-assume-gestao-de-residuos-em-guaiuba-ce\\\/\"]}]},{\"@type\":\"ImageObject\",\"inLanguage\":\"pt-BR\",\"@id\":\"https:\\\/\\\/agenciainfra.com\\\/blog\\\/marquise-ambiental-assume-gestao-de-residuos-em-guaiuba-ce\\\/#primaryimage\",\"url\":\"https:\\\/\\\/agenciainfra.com\\\/blog\\\/wp-content\\\/uploads\\\/2026\\\/09\\\/CAPA-HUB-1024x567-1-1.png\",\"contentUrl\":\"https:\\\/\\\/agenciainfra.com\\\/blog\\\/wp-content\\\/uploads\\\/2026\\\/09\\\/CAPA-HUB-1024x567-1-1.png\",\"width\":780,\"height\":432,\"caption\":\"Foto: Marquise\\\/Divulga\u00e7\u00e3o\"},{\"@type\":\"BreadcrumbList\",\"@id\":\"https:\\\/\\\/agenciainfra.com\\\/blog\\\/marquise-ambiental-assume-gestao-de-residuos-em-guaiuba-ce\\\/#breadcrumb\",\"itemListElement\":[{\"@type\":\"ListItem\",\"position\":1,\"name\":\"In\u00edcio\",\"item\":\"https:\\\/\\\/agenciainfra.com\\\/blog\\\/\"},{\"@type\":\"ListItem\",\"position\":2,\"name\":\"Marquise Ambiental assume gest\u00e3o de res\u00edduos em Guai\u00faba (CE)\"}]},{\"@type\":\"WebSite\",\"@id\":\"https:\\\/\\\/agenciainfra.com\\\/blog\\\/#website\",\"url\":\"https:\\\/\\\/agenciainfra.com\\\/blog\\\/\",\"name\":\"Ag\u00eancia iNFRA\",\"description\":\"Multiplataforma de informa\u00e7\u00e3o jornal\u00edstica refer\u00eancia na \u00e1rea de infraestrutura no Brasil!\",\"publisher\":{\"@id\":\"https:\\\/\\\/agenciainfra.com\\\/blog\\\/#organization\"},\"potentialAction\":[{\"@type\":\"SearchAction\",\"target\":{\"@type\":\"EntryPoint\",\"urlTemplate\":\"https:\\\/\\\/agenciainfra.com\\\/blog\\\/?s={search_term_string}\"},\"query-input\":{\"@type\":\"PropertyValueSpecification\",\"valueRequired\":true,\"valueName\":\"search_term_string\"}}],\"inLanguage\":\"pt-BR\"},{\"@type\":\"Organization\",\"@id\":\"https:\\\/\\\/agenciainfra.com\\\/blog\\\/#organization\",\"name\":\"Ag\u00eancia iNFRA\",\"url\":\"https:\\\/\\\/agenciainfra.com\\\/blog\\\/\",\"logo\":{\"@type\":\"ImageObject\",\"inLanguage\":\"pt-BR\",\"@id\":\"https:\\\/\\\/agenciainfra.com\\\/blog\\\/#\\\/schema\\\/logo\\\/image\\\/\",\"url\":\"https:\\\/\\\/agenciainfra.com\\\/blog\\\/wp-content\\\/uploads\\\/2023\\\/09\\\/iNFRA_5-e1761735885940.png\",\"contentUrl\":\"https:\\\/\\\/agenciainfra.com\\\/blog\\\/wp-content\\\/uploads\\\/2023\\\/09\\\/iNFRA_5-e1761735885940.png\",\"width\":1672,\"height\":454,\"caption\":\"Ag\u00eancia iNFRA\"},\"image\":{\"@id\":\"https:\\\/\\\/agenciainfra.com\\\/blog\\\/#\\\/schema\\\/logo\\\/image\\\/\"},\"sameAs\":[\"https:\\\/\\\/www.facebook.com\\\/ageninfra\",\"https:\\\/\\\/x.com\\\/agencia_infra\",\"https:\\\/\\\/www.linkedin.com\\\/company\\\/ag\u00eanciainfra\\\/\",\"https:\\\/\\\/www.instagram.com\\\/agenciainfra\\\/\"]},{\"@type\":\"Person\",\"@id\":\"https:\\\/\\\/agenciainfra.com\\\/blog\\\/#\\\/schema\\\/person\\\/34af08dff6adea4cb22b06612ba7acfa\",\"name\":\"Ag\u00eancia iNFRA\",\"image\":{\"@type\":\"ImageObject\",\"inLanguage\":\"pt-BR\",\"@id\":\"https:\\\/\\\/secure.gravatar.com\\\/avatar\\\/d189e01678f06d8eb84d4e01f08eb848b3fffe3f8443818d3c356c66892f5be8?s=96&d=mm&r=g\",\"url\":\"https:\\\/\\\/secure.gravatar.com\\\/avatar\\\/d189e01678f06d8eb84d4e01f08eb848b3fffe3f8443818d3c356c66892f5be8?s=96&d=mm&r=g\",\"contentUrl\":\"https:\\\/\\\/secure.gravatar.com\\\/avatar\\\/d189e01678f06d8eb84d4e01f08eb848b3fffe3f8443818d3c356c66892f5be8?s=96&d=mm&r=g\",\"caption\":\"Ag\u00eancia iNFRA\"},\"url\":\"https:\\\/\\\/agenciainfra.com\\\/blog\\\/author\\\/admin\\\/\"}]}<\/script>\n<!-- \/ Yoast SEO Premium plugin. -->","yoast_head_json":{"title":"Marquise Ambiental assume gest\u00e3o de res\u00edduos em Guai\u00faba (CE) - Ag\u00eancia iNFRA","robots":{"index":"index","follow":"follow","max-snippet":"max-snippet:-1","max-image-preview":"max-image-preview:large","max-video-preview":"max-video-preview:-1"},"canonical":"https:\/\/agenciainfra.com\/blog\/marquise-ambiental-assume-gestao-de-residuos-em-guaiuba-ce\/","og_locale":"pt_BR","og_type":"article","og_title":"Marquise Ambiental assume gest\u00e3o de res\u00edduos em Guai\u00faba (CE)","og_description":"da Ag\u00eancia iNFRA A Marquise Ambiental assumiu, nesta quinta-feira (3), os servi\u00e7os de gest\u00e3o de res\u00edduos s\u00f3lidos no munic\u00edpio de Guai\u00faba, na regi\u00e3o metropolitana de Fortaleza (CE), com implementa\u00e7\u00e3o de um sistema que promove ganhos de escala. Os res\u00edduos do munic\u00edpio, que antes iam para lix\u00f5es, passar\u00e3o por uma ETR (Esta\u00e7\u00e3o de Transfer\u00eancia de Res\u00edduos), [&hellip;]","og_url":"https:\/\/agenciainfra.com\/blog\/marquise-ambiental-assume-gestao-de-residuos-em-guaiuba-ce\/","og_site_name":"Ag\u00eancia iNFRA","article_publisher":"https:\/\/www.facebook.com\/ageninfra","article_published_time":"2026-09-03T20:41:10+00:00","article_modified_time":"2026-09-03T20:41:14+00:00","og_image":[{"width":780,"height":432,"url":"https:\/\/agenciainfra.com\/blog\/wp-content\/uploads\/2026\/09\/CAPA-HUB-1024x567-1-1.png","type":"image\/png"}],"author":"Ag\u00eancia iNFRA","twitter_card":"summary_large_image","twitter_creator":"@agencia_infra","twitter_site":"@agencia_infra","twitter_misc":{"Escrito por":"Ag\u00eancia iNFRA","Est. tempo de leitura":"1 minuto"},"schema":{"@context":"https:\/\/schema.org","@graph":[{"@type":"Article","@id":"https:\/\/agenciainfra.com\/blog\/marquise-ambiental-assume-gestao-de-residuos-em-guaiuba-ce\/#article","isPartOf":{"@id":"https:\/\/agenciainfra.com\/blog\/marquise-ambiental-assume-gestao-de-residuos-em-guaiuba-ce\/"},"author":{"name":"Ag\u00eancia iNFRA","@id":"https:\/\/agenciainfra.com\/blog\/#\/schema\/person\/34af08dff6adea4cb22b06612ba7acfa"},"headline":"Marquise Ambiental assume gest\u00e3o de res\u00edduos em Guai\u00faba (CE)","datePublished":"2026-09-03T20:41:10+00:00","dateModified":"2026-09-03T20:41:14+00:00","mainEntityOfPage":{"@id":"https:\/\/agenciainfra.com\/blog\/marquise-ambiental-assume-gestao-de-residuos-em-guaiuba-ce\/"},"wordCount":276,"publisher":{"@id":"https:\/\/agenciainfra.com\/blog\/#organization"},"image":{"@id":"https:\/\/agenciainfra.com\/blog\/marquise-ambiental-assume-gestao-de-residuos-em-guaiuba-ce\/#primaryimage"},"thumbnailUrl":"https:\/\/agenciainfra.com\/blog\/wp-content\/uploads\/2026\/09\/CAPA-HUB-1024x567-1-1.png","keywords":["Carla Pontes","ETR","lix\u00f5es","Marquise Ambiental","res\u00edduos s\u00f3lidos","saneamento"],"articleSection":["Destaque lista"],"inLanguage":"pt-BR","copyrightYear":"2026","copyrightHolder":{"@id":"https:\/\/agenciainfra.com\/blog\/#organization"}},{"@type":"WebPage","@id":"https:\/\/agenciainfra.com\/blog\/marquise-ambiental-assume-gestao-de-residuos-em-guaiuba-ce\/","url":"https:\/\/agenciainfra.com\/blog\/marquise-ambiental-assume-gestao-de-residuos-em-guaiuba-ce\/","name":"Marquise Ambiental assume gest\u00e3o de res\u00edduos em Guai\u00faba (CE) - Ag\u00eancia iNFRA","isPartOf":{"@id":"https:\/\/agenciainfra.com\/blog\/#website"},"primaryImageOfPage":{"@id":"https:\/\/agenciainfra.com\/blog\/marquise-ambiental-assume-gestao-de-residuos-em-guaiuba-ce\/#primaryimage"},"image":{"@id":"https:\/\/agenciainfra.com\/blog\/marquise-ambiental-assume-gestao-de-residuos-em-guaiuba-ce\/#primaryimage"},"thumbnailUrl":"https:\/\/agenciainfra.com\/blog\/wp-content\/uploads\/2026\/09\/CAPA-HUB-1024x567-1-1.png","datePublished":"2026-09-03T20:41:10+00:00","dateModified":"2026-09-03T20:41:14+00:00","breadcrumb":{"@id":"https:\/\/agenciainfra.com\/blog\/marquise-ambiental-assume-gestao-de-residuos-em-guaiuba-ce\/#breadcrumb"},"inLanguage":"pt-BR","potentialAction":[{"@type":"ReadAction","target":["https:\/\/agenciainfra.com\/blog\/marquise-ambiental-assume-gestao-de-residuos-em-guaiuba-ce\/"]}]},{"@type":"ImageObject","inLanguage":"pt-BR","@id":"https:\/\/agenciainfra.com\/blog\/marquise-ambiental-assume-gestao-de-residuos-em-guaiuba-ce\/#primaryimage","url":"https:\/\/agenciainfra.com\/blog\/wp-content\/uploads\/2026\/09\/CAPA-HUB-1024x567-1-1.png","contentUrl":"https:\/\/agenciainfra.com\/blog\/wp-content\/uploads\/2026\/09\/CAPA-HUB-1024x567-1-1.png","width":780,"height":432,"caption":"Foto: Marquise\/Divulga\u00e7\u00e3o"},{"@type":"BreadcrumbList","@id":"https:\/\/agenciainfra.com\/blog\/marquise-ambiental-assume-gestao-de-residuos-em-guaiuba-ce\/#breadcrumb","itemListElement":[{"@type":"ListItem","position":1,"name":"In\u00edcio","item":"https:\/\/agenciainfra.com\/blog\/"},{"@type":"ListItem","position":2,"name":"Marquise Ambiental assume gest\u00e3o de res\u00edduos em Guai\u00faba (CE)"}]},{"@type":"WebSite","@id":"https:\/\/agenciainfra.com\/blog\/#website","url":"https:\/\/agenciainfra.com\/blog\/","name":"Ag\u00eancia iNFRA","description":"Multiplataforma de informa\u00e7\u00e3o jornal\u00edstica refer\u00eancia na \u00e1rea de infraestrutura no Brasil!","publisher":{"@id":"https:\/\/agenciainfra.com\/blog\/#organization"},"potentialAction":[{"@type":"SearchAction","target":{"@type":"EntryPoint","urlTemplate":"https:\/\/agenciainfra.com\/blog\/?s={search_term_string}"},"query-input":{"@type":"PropertyValueSpecification","valueRequired":true,"valueName":"search_term_string"}}],"inLanguage":"pt-BR"},{"@type":"Organization","@id":"https:\/\/agenciainfra.com\/blog\/#organization","name":"Ag\u00eancia iNFRA","url":"https:\/\/agenciainfra.com\/blog\/","logo":{"@type":"ImageObject","inLanguage":"pt-BR","@id":"https:\/\/agenciainfra.com\/blog\/#\/schema\/logo\/image\/","url":"https:\/\/agenciainfra.com\/blog\/wp-content\/uploads\/2023\/09\/iNFRA_5-e1761735885940.png","contentUrl":"https:\/\/agenciainfra.com\/blog\/wp-content\/uploads\/2023\/09\/iNFRA_5-e1761735885940.png","width":1672,"height":454,"caption":"Ag\u00eancia iNFRA"},"image":{"@id":"https:\/\/agenciainfra.com\/blog\/#\/schema\/logo\/image\/"},"sameAs":["https:\/\/www.facebook.com\/ageninfra","https:\/\/x.com\/agencia_infra","https:\/\/www.linkedin.com\/company\/ag\u00eanciainfra\/","https:\/\/www.instagram.com\/agenciainfra\/"]},{"@type":"Person","@id":"https:\/\/agenciainfra.com\/blog\/#\/schema\/person\/34af08dff6adea4cb22b06612ba7acfa","name":"Ag\u00eancia iNFRA","image":{"@type":"ImageObject","inLanguage":"pt-BR","@id":"https:\/\/secure.gravatar.com\/avatar\/d189e01678f06d8eb84d4e01f08eb848b3fffe3f8443818d3c356c66892f5be8?s=96&d=mm&r=g","url":"https:\/\/secure.gravatar.com\/avatar\/d189e01678f06d8eb84d4e01f08eb848b3fffe3f8443818d3c356c66892f5be8?s=96&d=mm&r=g","contentUrl":"https:\/\/secure.gravatar.com\/avatar\/d189e01678f06d8eb84d4e01f08eb848b3fffe3f8443818d3c356c66892f5be8?s=96&d=mm&r=g","caption":"Ag\u00eancia iNFRA"},"url":"https:\/\/agenciainfra.com\/blog\/author\/admin\/"}]}},"_links":{"self":[{"href":"https:\/\/agenciainfra.com\/blog\/wp-json\/wp\/v2\/posts\/46937","targetHints":{"allow":["GET"]}}],"collection":[{"href":"https:\/\/agenciainfra.com\/blog\/wp-json\/wp\/v2\/posts"}],"about":[{"href":"https:\/\/agenciainfra.com\/blog\/wp-json\/wp\/v2\/types\/post"}],"author":[{"embeddable":true,"href":"https:\/\/agenciainfra.com\/blog\/wp-json\/wp\/v2\/users\/1"}],"replies":[{"embeddable":true,"href":"https:\/\/agenciainfra.com\/blog\/wp-json\/wp\/v2\/comments?post=46937"}],"version-history":[{"count":1,"href":"https:\/\/agenciainfra.com\/blog\/wp-json\/wp\/v2\/posts\/46937\/revisions"}],"predecessor-version":[{"id":46939,"href":"https:\/\/agenciainfra.com\/blog\/wp-json\/wp\/v2\/posts\/46937\/revisions\/46939"}],"wp:featuredmedia":[{"embeddable":true,"href":"https:\/\/agenciainfra.com\/blog\/wp-json\/wp\/v2\/media\/46938"}],"wp:attachment":[{"href":"https:\/\/agenciainfra.com\/blog\/wp-json\/wp\/v2\/media?parent=46937"}],"wp:term":[{"taxonomy":"category","embeddable":true,"href":"https:\/\/agenciainfra.com\/blog\/wp-json\/wp\/v2\/categories?post=46937"},{"taxonomy":"post_tag","embeddable":true,"href":"https:\/\/agenciainfra.com\/blog\/wp-json\/wp\/v2\/tags?post=46937"}],"curies":[{"name":"wp","href":"https:\/\/api.w.org\/{rel}","templated":true}]}}