{"id":46944,"date":"2026-09-03T21:09:45","date_gmt":"2026-09-04T00:09:45","guid":{"rendered":"https:\/\/agenciainfra.com\/blog\/?p=46944"},"modified":"2026-09-03T21:09:49","modified_gmt":"2026-09-04T00:09:49","slug":"luciana-maia-assume-diretoria-financeira-e-de-ri-na-neoenergia","status":"publish","type":"post","link":"https:\/\/agenciainfra.com\/blog\/luciana-maia-assume-diretoria-financeira-e-de-ri-na-neoenergia\/","title":{"rendered":"Luciana Maia assume diretoria financeira e de RI na Neoenergia"},"content":{"rendered":"\n<p class=\"has-text-align-right\"><strong>da Ag\u00eancia iNFRA<\/strong><\/p>\n\n\n\n<p>A Neoenergia anunciou nesta quinta-feira (3) mudan\u00e7as na diretoria financeira e de Rela\u00e7\u00f5es com Investidores de cinco empresas do grupo. Luciana Maximino Maia foi eleita para substituir Renato de Almeida Rocha, que apresentou ren\u00fancia ao cargo de diretor de Rela\u00e7\u00f5es com Investidores.<\/p>\n\n\n\n<p>Na Neoenergia Elektro, Luciana assume o cargo de diretora executiva de Controladoria, Financeiro e de Rela\u00e7\u00f5es com Investidores, com mandato at\u00e9 9 de fevereiro de 2027.<\/p>\n\n\n\n<p>Na Neoenergia Pernambuco, Neoenergia Coelba, Neoenergia Cosern e Afluente Transmiss\u00e3o de Energia El\u00e9trica, ela passa a exercer o cargo de diretora Financeira e de Rela\u00e7\u00f5es com Investidores, com mandato at\u00e9 26 de abril de 2028. Nessas quatro empresas, Luciana tamb\u00e9m continuar\u00e1 acumulando a fun\u00e7\u00e3o de diretora de Planejamento e Controle. <\/p>\n\n\n\n<p>As elei\u00e7\u00f5es foram aprovadas pelos respectivos conselhos de administra\u00e7\u00e3o em reuni\u00f5es realizadas em 3 de setembro.<\/p>\n","protected":false},"excerpt":{"rendered":"<p>da Ag\u00eancia iNFRA A Neoenergia anunciou nesta quinta-feira (3) mudan\u00e7as na diretoria financeira e de Rela\u00e7\u00f5es com Investidores de cinco empresas do grupo. Luciana Maximino Maia foi eleita para substituir Renato de Almeida Rocha, que apresentou ren\u00fancia ao cargo de diretor de Rela\u00e7\u00f5es com Investidores. Na Neoenergia Elektro, Luciana assume o cargo de diretora executiva [&hellip;]<\/p>\n","protected":false},"author":1,"featured_media":28348,"comment_status":"closed","ping_status":"closed","sticky":false,"template":"","format":"standard","meta":{"_monsterinsights_skip_tracking":false,"_monsterinsights_sitenote_active":false,"_monsterinsights_sitenote_note":"","_monsterinsights_sitenote_category":0,"footnotes":""},"categories":[13576],"tags":[13832,4071,4072,8862,282,593,11724,21715],"class_list":["post-46944","post","type-post","status-publish","format-standard","has-post-thumbnail","hentry","category-giro-infra","tag-afluente","tag-coelba","tag-cosern","tag-distribuidora-de-energia","tag-energia-eletrica","tag-neoenergia","tag-neoenergia-pernambuco","tag-renato-de-almeida-rocha"],"yoast_head":"<!-- This site is optimized with the Yoast SEO Premium plugin v25.4 (Yoast SEO v28.2) - https:\/\/yoast.com\/product\/yoast-seo-premium-wordpress\/ -->\n<title>Luciana Maia assume diretoria financeira e de RI na Neoenergia - Ag\u00eancia iNFRA<\/title>\n<meta name=\"robots\" content=\"index, follow, max-snippet:-1, max-image-preview:large, max-video-preview:-1\" \/>\n<link rel=\"canonical\" href=\"https:\/\/agenciainfra.com\/blog\/luciana-maia-assume-diretoria-financeira-e-de-ri-na-neoenergia\/\" \/>\n<meta property=\"og:locale\" content=\"pt_BR\" \/>\n<meta property=\"og:type\" content=\"article\" \/>\n<meta property=\"og:title\" content=\"Luciana Maia assume diretoria financeira e de RI na Neoenergia\" \/>\n<meta property=\"og:description\" content=\"da Ag\u00eancia iNFRA A Neoenergia anunciou nesta quinta-feira (3) mudan\u00e7as na diretoria financeira e de Rela\u00e7\u00f5es com Investidores de cinco empresas do grupo. Luciana Maximino Maia foi eleita para substituir Renato de Almeida Rocha, que apresentou ren\u00fancia ao cargo de diretor de Rela\u00e7\u00f5es com Investidores. Na Neoenergia Elektro, Luciana assume o cargo de diretora executiva [&hellip;]\" \/>\n<meta property=\"og:url\" content=\"https:\/\/agenciainfra.com\/blog\/luciana-maia-assume-diretoria-financeira-e-de-ri-na-neoenergia\/\" \/>\n<meta property=\"og:site_name\" content=\"Ag\u00eancia iNFRA\" \/>\n<meta property=\"article:publisher\" content=\"https:\/\/www.facebook.com\/ageninfra\" \/>\n<meta property=\"article:published_time\" content=\"2026-09-04T00:09:45+00:00\" \/>\n<meta property=\"article:modified_time\" content=\"2026-09-04T00:09:49+00:00\" \/>\n<meta property=\"og:image\" content=\"https:\/\/agenciainfra.com\/blog\/wp-content\/uploads\/2025\/09\/fachada-neoenergia-pernambuco-foto-neoenergia-pernambuco.jpg\" \/>\n\t<meta property=\"og:image:width\" content=\"1280\" \/>\n\t<meta property=\"og:image:height\" content=\"743\" \/>\n\t<meta property=\"og:image:type\" content=\"image\/jpeg\" \/>\n<meta name=\"author\" content=\"Ag\u00eancia iNFRA\" \/>\n<meta name=\"twitter:card\" content=\"summary_large_image\" \/>\n<meta name=\"twitter:creator\" content=\"@agencia_infra\" \/>\n<meta name=\"twitter:site\" content=\"@agencia_infra\" \/>\n<meta name=\"twitter:label1\" content=\"Escrito por\" \/>\n\t<meta name=\"twitter:data1\" content=\"Ag\u00eancia iNFRA\" \/>\n\t<meta name=\"twitter:label2\" content=\"Est. tempo de leitura\" \/>\n\t<meta name=\"twitter:data2\" content=\"1 minuto\" \/>\n<script type=\"application\/ld+json\" class=\"yoast-schema-graph\">{\"@context\":\"https:\\\/\\\/schema.org\",\"@graph\":[{\"@type\":\"Article\",\"@id\":\"https:\\\/\\\/agenciainfra.com\\\/blog\\\/luciana-maia-assume-diretoria-financeira-e-de-ri-na-neoenergia\\\/#article\",\"isPartOf\":{\"@id\":\"https:\\\/\\\/agenciainfra.com\\\/blog\\\/luciana-maia-assume-diretoria-financeira-e-de-ri-na-neoenergia\\\/\"},\"author\":{\"name\":\"Ag\u00eancia iNFRA\",\"@id\":\"https:\\\/\\\/agenciainfra.com\\\/blog\\\/#\\\/schema\\\/person\\\/34af08dff6adea4cb22b06612ba7acfa\"},\"headline\":\"Luciana Maia assume diretoria financeira e de RI na Neoenergia\",\"datePublished\":\"2026-09-04T00:09:45+00:00\",\"dateModified\":\"2026-09-04T00:09:49+00:00\",\"mainEntityOfPage\":{\"@id\":\"https:\\\/\\\/agenciainfra.com\\\/blog\\\/luciana-maia-assume-diretoria-financeira-e-de-ri-na-neoenergia\\\/\"},\"wordCount\":155,\"publisher\":{\"@id\":\"https:\\\/\\\/agenciainfra.com\\\/blog\\\/#organization\"},\"image\":{\"@id\":\"https:\\\/\\\/agenciainfra.com\\\/blog\\\/luciana-maia-assume-diretoria-financeira-e-de-ri-na-neoenergia\\\/#primaryimage\"},\"thumbnailUrl\":\"https:\\\/\\\/agenciainfra.com\\\/blog\\\/wp-content\\\/uploads\\\/2025\\\/09\\\/fachada-neoenergia-pernambuco-foto-neoenergia-pernambuco.jpg\",\"keywords\":[\"Afluente\",\"Coelba\",\"Cosern\",\"Distribuidora de energia\",\"energia el\u00e9trica\",\"neoenergia\",\"Neoenergia Pernambuco\",\"renato de almeida rocha\"],\"articleSection\":[\"Giro iNFRA\"],\"inLanguage\":\"pt-BR\",\"copyrightYear\":\"2026\",\"copyrightHolder\":{\"@id\":\"https:\\\/\\\/agenciainfra.com\\\/blog\\\/#organization\"}},{\"@type\":\"WebPage\",\"@id\":\"https:\\\/\\\/agenciainfra.com\\\/blog\\\/luciana-maia-assume-diretoria-financeira-e-de-ri-na-neoenergia\\\/\",\"url\":\"https:\\\/\\\/agenciainfra.com\\\/blog\\\/luciana-maia-assume-diretoria-financeira-e-de-ri-na-neoenergia\\\/\",\"name\":\"Luciana Maia assume diretoria financeira e de RI na Neoenergia - Ag\u00eancia iNFRA\",\"isPartOf\":{\"@id\":\"https:\\\/\\\/agenciainfra.com\\\/blog\\\/#website\"},\"primaryImageOfPage\":{\"@id\":\"https:\\\/\\\/agenciainfra.com\\\/blog\\\/luciana-maia-assume-diretoria-financeira-e-de-ri-na-neoenergia\\\/#primaryimage\"},\"image\":{\"@id\":\"https:\\\/\\\/agenciainfra.com\\\/blog\\\/luciana-maia-assume-diretoria-financeira-e-de-ri-na-neoenergia\\\/#primaryimage\"},\"thumbnailUrl\":\"https:\\\/\\\/agenciainfra.com\\\/blog\\\/wp-content\\\/uploads\\\/2025\\\/09\\\/fachada-neoenergia-pernambuco-foto-neoenergia-pernambuco.jpg\",\"datePublished\":\"2026-09-04T00:09:45+00:00\",\"dateModified\":\"2026-09-04T00:09:49+00:00\",\"breadcrumb\":{\"@id\":\"https:\\\/\\\/agenciainfra.com\\\/blog\\\/luciana-maia-assume-diretoria-financeira-e-de-ri-na-neoenergia\\\/#breadcrumb\"},\"inLanguage\":\"pt-BR\",\"potentialAction\":[{\"@type\":\"ReadAction\",\"target\":[\"https:\\\/\\\/agenciainfra.com\\\/blog\\\/luciana-maia-assume-diretoria-financeira-e-de-ri-na-neoenergia\\\/\"]}]},{\"@type\":\"ImageObject\",\"inLanguage\":\"pt-BR\",\"@id\":\"https:\\\/\\\/agenciainfra.com\\\/blog\\\/luciana-maia-assume-diretoria-financeira-e-de-ri-na-neoenergia\\\/#primaryimage\",\"url\":\"https:\\\/\\\/agenciainfra.com\\\/blog\\\/wp-content\\\/uploads\\\/2025\\\/09\\\/fachada-neoenergia-pernambuco-foto-neoenergia-pernambuco.jpg\",\"contentUrl\":\"https:\\\/\\\/agenciainfra.com\\\/blog\\\/wp-content\\\/uploads\\\/2025\\\/09\\\/fachada-neoenergia-pernambuco-foto-neoenergia-pernambuco.jpg\",\"width\":1280,\"height\":743,\"caption\":\"Foto: Neoenergia Pernambuco\"},{\"@type\":\"BreadcrumbList\",\"@id\":\"https:\\\/\\\/agenciainfra.com\\\/blog\\\/luciana-maia-assume-diretoria-financeira-e-de-ri-na-neoenergia\\\/#breadcrumb\",\"itemListElement\":[{\"@type\":\"ListItem\",\"position\":1,\"name\":\"In\u00edcio\",\"item\":\"https:\\\/\\\/agenciainfra.com\\\/blog\\\/\"},{\"@type\":\"ListItem\",\"position\":2,\"name\":\"Luciana Maia assume diretoria financeira e de RI na Neoenergia\"}]},{\"@type\":\"WebSite\",\"@id\":\"https:\\\/\\\/agenciainfra.com\\\/blog\\\/#website\",\"url\":\"https:\\\/\\\/agenciainfra.com\\\/blog\\\/\",\"name\":\"Ag\u00eancia iNFRA\",\"description\":\"Multiplataforma de informa\u00e7\u00e3o jornal\u00edstica refer\u00eancia na \u00e1rea de infraestrutura no Brasil!\",\"publisher\":{\"@id\":\"https:\\\/\\\/agenciainfra.com\\\/blog\\\/#organization\"},\"potentialAction\":[{\"@type\":\"SearchAction\",\"target\":{\"@type\":\"EntryPoint\",\"urlTemplate\":\"https:\\\/\\\/agenciainfra.com\\\/blog\\\/?s={search_term_string}\"},\"query-input\":{\"@type\":\"PropertyValueSpecification\",\"valueRequired\":true,\"valueName\":\"search_term_string\"}}],\"inLanguage\":\"pt-BR\"},{\"@type\":\"Organization\",\"@id\":\"https:\\\/\\\/agenciainfra.com\\\/blog\\\/#organization\",\"name\":\"Ag\u00eancia iNFRA\",\"url\":\"https:\\\/\\\/agenciainfra.com\\\/blog\\\/\",\"logo\":{\"@type\":\"ImageObject\",\"inLanguage\":\"pt-BR\",\"@id\":\"https:\\\/\\\/agenciainfra.com\\\/blog\\\/#\\\/schema\\\/logo\\\/image\\\/\",\"url\":\"https:\\\/\\\/agenciainfra.com\\\/blog\\\/wp-content\\\/uploads\\\/2023\\\/09\\\/iNFRA_5-e1761735885940.png\",\"contentUrl\":\"https:\\\/\\\/agenciainfra.com\\\/blog\\\/wp-content\\\/uploads\\\/2023\\\/09\\\/iNFRA_5-e1761735885940.png\",\"width\":1672,\"height\":454,\"caption\":\"Ag\u00eancia iNFRA\"},\"image\":{\"@id\":\"https:\\\/\\\/agenciainfra.com\\\/blog\\\/#\\\/schema\\\/logo\\\/image\\\/\"},\"sameAs\":[\"https:\\\/\\\/www.facebook.com\\\/ageninfra\",\"https:\\\/\\\/x.com\\\/agencia_infra\",\"https:\\\/\\\/www.linkedin.com\\\/company\\\/ag\u00eanciainfra\\\/\",\"https:\\\/\\\/www.instagram.com\\\/agenciainfra\\\/\"]},{\"@type\":\"Person\",\"@id\":\"https:\\\/\\\/agenciainfra.com\\\/blog\\\/#\\\/schema\\\/person\\\/34af08dff6adea4cb22b06612ba7acfa\",\"name\":\"Ag\u00eancia iNFRA\",\"image\":{\"@type\":\"ImageObject\",\"inLanguage\":\"pt-BR\",\"@id\":\"https:\\\/\\\/secure.gravatar.com\\\/avatar\\\/d189e01678f06d8eb84d4e01f08eb848b3fffe3f8443818d3c356c66892f5be8?s=96&d=mm&r=g\",\"url\":\"https:\\\/\\\/secure.gravatar.com\\\/avatar\\\/d189e01678f06d8eb84d4e01f08eb848b3fffe3f8443818d3c356c66892f5be8?s=96&d=mm&r=g\",\"contentUrl\":\"https:\\\/\\\/secure.gravatar.com\\\/avatar\\\/d189e01678f06d8eb84d4e01f08eb848b3fffe3f8443818d3c356c66892f5be8?s=96&d=mm&r=g\",\"caption\":\"Ag\u00eancia iNFRA\"},\"url\":\"https:\\\/\\\/agenciainfra.com\\\/blog\\\/author\\\/admin\\\/\"}]}<\/script>\n<!-- \/ Yoast SEO Premium plugin. -->","yoast_head_json":{"title":"Luciana Maia assume diretoria financeira e de RI na Neoenergia - Ag\u00eancia iNFRA","robots":{"index":"index","follow":"follow","max-snippet":"max-snippet:-1","max-image-preview":"max-image-preview:large","max-video-preview":"max-video-preview:-1"},"canonical":"https:\/\/agenciainfra.com\/blog\/luciana-maia-assume-diretoria-financeira-e-de-ri-na-neoenergia\/","og_locale":"pt_BR","og_type":"article","og_title":"Luciana Maia assume diretoria financeira e de RI na Neoenergia","og_description":"da Ag\u00eancia iNFRA A Neoenergia anunciou nesta quinta-feira (3) mudan\u00e7as na diretoria financeira e de Rela\u00e7\u00f5es com Investidores de cinco empresas do grupo. Luciana Maximino Maia foi eleita para substituir Renato de Almeida Rocha, que apresentou ren\u00fancia ao cargo de diretor de Rela\u00e7\u00f5es com Investidores. Na Neoenergia Elektro, Luciana assume o cargo de diretora executiva [&hellip;]","og_url":"https:\/\/agenciainfra.com\/blog\/luciana-maia-assume-diretoria-financeira-e-de-ri-na-neoenergia\/","og_site_name":"Ag\u00eancia iNFRA","article_publisher":"https:\/\/www.facebook.com\/ageninfra","article_published_time":"2026-09-04T00:09:45+00:00","article_modified_time":"2026-09-04T00:09:49+00:00","og_image":[{"width":1280,"height":743,"url":"https:\/\/agenciainfra.com\/blog\/wp-content\/uploads\/2025\/09\/fachada-neoenergia-pernambuco-foto-neoenergia-pernambuco.jpg","type":"image\/jpeg"}],"author":"Ag\u00eancia iNFRA","twitter_card":"summary_large_image","twitter_creator":"@agencia_infra","twitter_site":"@agencia_infra","twitter_misc":{"Escrito por":"Ag\u00eancia iNFRA","Est. tempo de leitura":"1 minuto"},"schema":{"@context":"https:\/\/schema.org","@graph":[{"@type":"Article","@id":"https:\/\/agenciainfra.com\/blog\/luciana-maia-assume-diretoria-financeira-e-de-ri-na-neoenergia\/#article","isPartOf":{"@id":"https:\/\/agenciainfra.com\/blog\/luciana-maia-assume-diretoria-financeira-e-de-ri-na-neoenergia\/"},"author":{"name":"Ag\u00eancia iNFRA","@id":"https:\/\/agenciainfra.com\/blog\/#\/schema\/person\/34af08dff6adea4cb22b06612ba7acfa"},"headline":"Luciana Maia assume diretoria financeira e de RI na Neoenergia","datePublished":"2026-09-04T00:09:45+00:00","dateModified":"2026-09-04T00:09:49+00:00","mainEntityOfPage":{"@id":"https:\/\/agenciainfra.com\/blog\/luciana-maia-assume-diretoria-financeira-e-de-ri-na-neoenergia\/"},"wordCount":155,"publisher":{"@id":"https:\/\/agenciainfra.com\/blog\/#organization"},"image":{"@id":"https:\/\/agenciainfra.com\/blog\/luciana-maia-assume-diretoria-financeira-e-de-ri-na-neoenergia\/#primaryimage"},"thumbnailUrl":"https:\/\/agenciainfra.com\/blog\/wp-content\/uploads\/2025\/09\/fachada-neoenergia-pernambuco-foto-neoenergia-pernambuco.jpg","keywords":["Afluente","Coelba","Cosern","Distribuidora de energia","energia el\u00e9trica","neoenergia","Neoenergia Pernambuco","renato de almeida rocha"],"articleSection":["Giro iNFRA"],"inLanguage":"pt-BR","copyrightYear":"2026","copyrightHolder":{"@id":"https:\/\/agenciainfra.com\/blog\/#organization"}},{"@type":"WebPage","@id":"https:\/\/agenciainfra.com\/blog\/luciana-maia-assume-diretoria-financeira-e-de-ri-na-neoenergia\/","url":"https:\/\/agenciainfra.com\/blog\/luciana-maia-assume-diretoria-financeira-e-de-ri-na-neoenergia\/","name":"Luciana Maia assume diretoria financeira e de RI na Neoenergia - Ag\u00eancia iNFRA","isPartOf":{"@id":"https:\/\/agenciainfra.com\/blog\/#website"},"primaryImageOfPage":{"@id":"https:\/\/agenciainfra.com\/blog\/luciana-maia-assume-diretoria-financeira-e-de-ri-na-neoenergia\/#primaryimage"},"image":{"@id":"https:\/\/agenciainfra.com\/blog\/luciana-maia-assume-diretoria-financeira-e-de-ri-na-neoenergia\/#primaryimage"},"thumbnailUrl":"https:\/\/agenciainfra.com\/blog\/wp-content\/uploads\/2025\/09\/fachada-neoenergia-pernambuco-foto-neoenergia-pernambuco.jpg","datePublished":"2026-09-04T00:09:45+00:00","dateModified":"2026-09-04T00:09:49+00:00","breadcrumb":{"@id":"https:\/\/agenciainfra.com\/blog\/luciana-maia-assume-diretoria-financeira-e-de-ri-na-neoenergia\/#breadcrumb"},"inLanguage":"pt-BR","potentialAction":[{"@type":"ReadAction","target":["https:\/\/agenciainfra.com\/blog\/luciana-maia-assume-diretoria-financeira-e-de-ri-na-neoenergia\/"]}]},{"@type":"ImageObject","inLanguage":"pt-BR","@id":"https:\/\/agenciainfra.com\/blog\/luciana-maia-assume-diretoria-financeira-e-de-ri-na-neoenergia\/#primaryimage","url":"https:\/\/agenciainfra.com\/blog\/wp-content\/uploads\/2025\/09\/fachada-neoenergia-pernambuco-foto-neoenergia-pernambuco.jpg","contentUrl":"https:\/\/agenciainfra.com\/blog\/wp-content\/uploads\/2025\/09\/fachada-neoenergia-pernambuco-foto-neoenergia-pernambuco.jpg","width":1280,"height":743,"caption":"Foto: Neoenergia Pernambuco"},{"@type":"BreadcrumbList","@id":"https:\/\/agenciainfra.com\/blog\/luciana-maia-assume-diretoria-financeira-e-de-ri-na-neoenergia\/#breadcrumb","itemListElement":[{"@type":"ListItem","position":1,"name":"In\u00edcio","item":"https:\/\/agenciainfra.com\/blog\/"},{"@type":"ListItem","position":2,"name":"Luciana Maia assume diretoria financeira e de RI na Neoenergia"}]},{"@type":"WebSite","@id":"https:\/\/agenciainfra.com\/blog\/#website","url":"https:\/\/agenciainfra.com\/blog\/","name":"Ag\u00eancia iNFRA","description":"Multiplataforma de informa\u00e7\u00e3o jornal\u00edstica refer\u00eancia na \u00e1rea de infraestrutura no Brasil!","publisher":{"@id":"https:\/\/agenciainfra.com\/blog\/#organization"},"potentialAction":[{"@type":"SearchAction","target":{"@type":"EntryPoint","urlTemplate":"https:\/\/agenciainfra.com\/blog\/?s={search_term_string}"},"query-input":{"@type":"PropertyValueSpecification","valueRequired":true,"valueName":"search_term_string"}}],"inLanguage":"pt-BR"},{"@type":"Organization","@id":"https:\/\/agenciainfra.com\/blog\/#organization","name":"Ag\u00eancia iNFRA","url":"https:\/\/agenciainfra.com\/blog\/","logo":{"@type":"ImageObject","inLanguage":"pt-BR","@id":"https:\/\/agenciainfra.com\/blog\/#\/schema\/logo\/image\/","url":"https:\/\/agenciainfra.com\/blog\/wp-content\/uploads\/2023\/09\/iNFRA_5-e1761735885940.png","contentUrl":"https:\/\/agenciainfra.com\/blog\/wp-content\/uploads\/2023\/09\/iNFRA_5-e1761735885940.png","width":1672,"height":454,"caption":"Ag\u00eancia iNFRA"},"image":{"@id":"https:\/\/agenciainfra.com\/blog\/#\/schema\/logo\/image\/"},"sameAs":["https:\/\/www.facebook.com\/ageninfra","https:\/\/x.com\/agencia_infra","https:\/\/www.linkedin.com\/company\/ag\u00eanciainfra\/","https:\/\/www.instagram.com\/agenciainfra\/"]},{"@type":"Person","@id":"https:\/\/agenciainfra.com\/blog\/#\/schema\/person\/34af08dff6adea4cb22b06612ba7acfa","name":"Ag\u00eancia iNFRA","image":{"@type":"ImageObject","inLanguage":"pt-BR","@id":"https:\/\/secure.gravatar.com\/avatar\/d189e01678f06d8eb84d4e01f08eb848b3fffe3f8443818d3c356c66892f5be8?s=96&d=mm&r=g","url":"https:\/\/secure.gravatar.com\/avatar\/d189e01678f06d8eb84d4e01f08eb848b3fffe3f8443818d3c356c66892f5be8?s=96&d=mm&r=g","contentUrl":"https:\/\/secure.gravatar.com\/avatar\/d189e01678f06d8eb84d4e01f08eb848b3fffe3f8443818d3c356c66892f5be8?s=96&d=mm&r=g","caption":"Ag\u00eancia iNFRA"},"url":"https:\/\/agenciainfra.com\/blog\/author\/admin\/"}]}},"_links":{"self":[{"href":"https:\/\/agenciainfra.com\/blog\/wp-json\/wp\/v2\/posts\/46944","targetHints":{"allow":["GET"]}}],"collection":[{"href":"https:\/\/agenciainfra.com\/blog\/wp-json\/wp\/v2\/posts"}],"about":[{"href":"https:\/\/agenciainfra.com\/blog\/wp-json\/wp\/v2\/types\/post"}],"author":[{"embeddable":true,"href":"https:\/\/agenciainfra.com\/blog\/wp-json\/wp\/v2\/users\/1"}],"replies":[{"embeddable":true,"href":"https:\/\/agenciainfra.com\/blog\/wp-json\/wp\/v2\/comments?post=46944"}],"version-history":[{"count":2,"href":"https:\/\/agenciainfra.com\/blog\/wp-json\/wp\/v2\/posts\/46944\/revisions"}],"predecessor-version":[{"id":46946,"href":"https:\/\/agenciainfra.com\/blog\/wp-json\/wp\/v2\/posts\/46944\/revisions\/46946"}],"wp:featuredmedia":[{"embeddable":true,"href":"https:\/\/agenciainfra.com\/blog\/wp-json\/wp\/v2\/media\/28348"}],"wp:attachment":[{"href":"https:\/\/agenciainfra.com\/blog\/wp-json\/wp\/v2\/media?parent=46944"}],"wp:term":[{"taxonomy":"category","embeddable":true,"href":"https:\/\/agenciainfra.com\/blog\/wp-json\/wp\/v2\/categories?post=46944"},{"taxonomy":"post_tag","embeddable":true,"href":"https:\/\/agenciainfra.com\/blog\/wp-json\/wp\/v2\/tags?post=46944"}],"curies":[{"name":"wp","href":"https:\/\/api.w.org\/{rel}","templated":true}]}}