{"id":46947,"date":"2026-09-03T22:23:08","date_gmt":"2026-09-04T01:23:08","guid":{"rendered":"https:\/\/agenciainfra.com\/blog\/?p=46947"},"modified":"2026-09-03T22:23:11","modified_gmt":"2026-09-04T01:23:11","slug":"ambar-preve-r-55-bilhoes-para-modernizar-rede-eletrica-do-amazonas","status":"publish","type":"post","link":"https:\/\/agenciainfra.com\/blog\/ambar-preve-r-55-bilhoes-para-modernizar-rede-eletrica-do-amazonas\/","title":{"rendered":"\u00c2mbar prev\u00ea R$ 5,5 bilh\u00f5es para modernizar rede el\u00e9trica do Amazonas"},"content":{"rendered":"\n<p class=\"has-text-align-right\"><strong>da Ag\u00eancia iNFRA<\/strong><\/p>\n\n\n\n<p>A \u00c2mbar Energia apresentou nesta quinta-feira (3), na Aleam (Assembleia Legislativa do Amazonas), um plano de R$ 5,5 bilh\u00f5es para modernizar o sistema el\u00e9trico do Amazonas at\u00e9 2031.<\/p>\n\n\n\n<p>Do total, R$ 3,9 bilh\u00f5es ser\u00e3o de capital pr\u00f3prio. O restante vir\u00e1 de repasses do governo federal para o Luz para Todos e para a interliga\u00e7\u00e3o de alguns munic\u00edpios ao sistema el\u00e9trico.<\/p>\n\n\n\n<p>A empresa, que assumiu a distribui\u00e7\u00e3o de energia no estado em abril, informou que o plano prev\u00ea substitui\u00e7\u00e3o de cabos, expans\u00e3o da rede, constru\u00e7\u00e3o e revitaliza\u00e7\u00e3o de subesta\u00e7\u00f5es e ado\u00e7\u00e3o de novas tecnologias. Tamb\u00e9m j\u00e1 est\u00e3o em andamento a\u00e7\u00f5es emergenciais em pontos cr\u00edticos, como manuten\u00e7\u00e3o, refor\u00e7o de estruturas e troca de equipamentos.<\/p>\n\n\n\n<p>Entre as medidas previstas est\u00e3o a substitui\u00e7\u00e3o gradual de cabos antigos por cabos conc\u00eantricos revestidos, a retomada do Luz para Todos e a constru\u00e7\u00e3o de doze subesta\u00e7\u00f5es at\u00e9 2028. O n\u00famero pode chegar a 15 nos pr\u00f3ximos cinco anos. A \u00c2mbar tamb\u00e9m pretende construir uma nova rede para atender Iranduba e Manacapuru, munic\u00edpios apontados como priorit\u00e1rios para refor\u00e7o estrutural.<\/p>\n\n\n\n<p>Outro foco ser\u00e1 a redu\u00e7\u00e3o das perdas de energia. Segundo a companhia, cerca de 44% da energia injetada na rede n\u00e3o \u00e9 faturada, principalmente por desvios e liga\u00e7\u00f5es irregulares. A estrat\u00e9gia inclui moderniza\u00e7\u00e3o da infraestrutura, monitoramento e regulariza\u00e7\u00e3o.<\/p>\n\n\n\n<p><strong>Conta de Luz\u00a0<br><\/strong>Sobre as contas de luz, o diretor-presidente Jo\u00e3o Pilla\u00a0 disse que a tarifa \u00e9 regulada pela ANEEL (Ag\u00eancia Nacional de Energia El\u00e9trica) e teve reajuste de 3,79%. Ele afirmou que as faturas tamb\u00e9m podem variar conforme o consumo, especialmente em per\u00edodos de calor, com maior uso de ventiladores e aparelhos de ar-condicionado.<\/p>\n\n\n\n<p>A companhia informou ainda que a tarifa inclui custos de gera\u00e7\u00e3o, transmiss\u00e3o, encargos setoriais, tributos e despesas da opera\u00e7\u00e3o da distribui\u00e7\u00e3o.<\/p>\n","protected":false},"excerpt":{"rendered":"<p>da Ag\u00eancia iNFRA A \u00c2mbar Energia apresentou nesta quinta-feira (3), na Aleam (Assembleia Legislativa do Amazonas), um plano de R$ 5,5 bilh\u00f5es para modernizar o sistema el\u00e9trico do Amazonas at\u00e9 2031. Do total, R$ 3,9 bilh\u00f5es ser\u00e3o de capital pr\u00f3prio. O restante vir\u00e1 de repasses do governo federal para o Luz para Todos e para [&hellip;]<\/p>\n","protected":false},"author":1,"featured_media":41320,"comment_status":"closed","ping_status":"closed","sticky":false,"template":"","format":"standard","meta":{"_monsterinsights_skip_tracking":false,"_monsterinsights_sitenote_active":false,"_monsterinsights_sitenote_note":"","_monsterinsights_sitenote_category":0,"footnotes":""},"categories":[13576],"tags":[5678,122,1082,282,32,195,2648,9360],"class_list":["post-46947","post","type-post","status-publish","format-standard","has-post-thumbnail","hentry","category-giro-infra","tag-ambar","tag-conta-de-luz","tag-distribuicao-de-energia","tag-energia-eletrica","tag-investimentos","tag-luz-para-todos","tag-modernizacao","tag-subestacoes"],"yoast_head":"<!-- This site is optimized with the Yoast SEO Premium plugin v25.4 (Yoast SEO v28.2) - https:\/\/yoast.com\/product\/yoast-seo-premium-wordpress\/ -->\n<title>\u00c2mbar prev\u00ea R$ 5,5 bilh\u00f5es para modernizar rede el\u00e9trica do Amazonas - Ag\u00eancia iNFRA<\/title>\n<meta name=\"robots\" content=\"index, follow, max-snippet:-1, max-image-preview:large, max-video-preview:-1\" \/>\n<link rel=\"canonical\" href=\"https:\/\/agenciainfra.com\/blog\/ambar-preve-r-55-bilhoes-para-modernizar-rede-eletrica-do-amazonas\/\" \/>\n<meta property=\"og:locale\" content=\"pt_BR\" \/>\n<meta property=\"og:type\" content=\"article\" \/>\n<meta property=\"og:title\" content=\"\u00c2mbar prev\u00ea R$ 5,5 bilh\u00f5es para modernizar rede el\u00e9trica do Amazonas\" \/>\n<meta property=\"og:description\" content=\"da Ag\u00eancia iNFRA A \u00c2mbar Energia apresentou nesta quinta-feira (3), na Aleam (Assembleia Legislativa do Amazonas), um plano de R$ 5,5 bilh\u00f5es para modernizar o sistema el\u00e9trico do Amazonas at\u00e9 2031. Do total, R$ 3,9 bilh\u00f5es ser\u00e3o de capital pr\u00f3prio. O restante vir\u00e1 de repasses do governo federal para o Luz para Todos e para [&hellip;]\" \/>\n<meta property=\"og:url\" content=\"https:\/\/agenciainfra.com\/blog\/ambar-preve-r-55-bilhoes-para-modernizar-rede-eletrica-do-amazonas\/\" \/>\n<meta property=\"og:site_name\" content=\"Ag\u00eancia iNFRA\" \/>\n<meta property=\"article:publisher\" content=\"https:\/\/www.facebook.com\/ageninfra\" \/>\n<meta property=\"article:published_time\" content=\"2026-09-04T01:23:08+00:00\" \/>\n<meta property=\"article:modified_time\" content=\"2026-09-04T01:23:11+00:00\" \/>\n<meta property=\"og:image\" content=\"https:\/\/agenciainfra.com\/blog\/wp-content\/uploads\/2026\/05\/ambar-energia-foto-ambar.jpg\" \/>\n\t<meta property=\"og:image:width\" content=\"1280\" \/>\n\t<meta property=\"og:image:height\" content=\"681\" \/>\n\t<meta property=\"og:image:type\" content=\"image\/jpeg\" \/>\n<meta name=\"author\" content=\"Ag\u00eancia iNFRA\" \/>\n<meta name=\"twitter:card\" content=\"summary_large_image\" \/>\n<meta name=\"twitter:creator\" content=\"@agencia_infra\" \/>\n<meta name=\"twitter:site\" content=\"@agencia_infra\" \/>\n<meta name=\"twitter:label1\" content=\"Escrito por\" \/>\n\t<meta name=\"twitter:data1\" content=\"Ag\u00eancia iNFRA\" \/>\n\t<meta name=\"twitter:label2\" content=\"Est. tempo de leitura\" \/>\n\t<meta name=\"twitter:data2\" content=\"2 minutos\" \/>\n<script type=\"application\/ld+json\" class=\"yoast-schema-graph\">{\"@context\":\"https:\\\/\\\/schema.org\",\"@graph\":[{\"@type\":\"Article\",\"@id\":\"https:\\\/\\\/agenciainfra.com\\\/blog\\\/ambar-preve-r-55-bilhoes-para-modernizar-rede-eletrica-do-amazonas\\\/#article\",\"isPartOf\":{\"@id\":\"https:\\\/\\\/agenciainfra.com\\\/blog\\\/ambar-preve-r-55-bilhoes-para-modernizar-rede-eletrica-do-amazonas\\\/\"},\"author\":{\"name\":\"Ag\u00eancia iNFRA\",\"@id\":\"https:\\\/\\\/agenciainfra.com\\\/blog\\\/#\\\/schema\\\/person\\\/34af08dff6adea4cb22b06612ba7acfa\"},\"headline\":\"\u00c2mbar prev\u00ea R$ 5,5 bilh\u00f5es para modernizar rede el\u00e9trica do Amazonas\",\"datePublished\":\"2026-09-04T01:23:08+00:00\",\"dateModified\":\"2026-09-04T01:23:11+00:00\",\"mainEntityOfPage\":{\"@id\":\"https:\\\/\\\/agenciainfra.com\\\/blog\\\/ambar-preve-r-55-bilhoes-para-modernizar-rede-eletrica-do-amazonas\\\/\"},\"wordCount\":338,\"publisher\":{\"@id\":\"https:\\\/\\\/agenciainfra.com\\\/blog\\\/#organization\"},\"image\":{\"@id\":\"https:\\\/\\\/agenciainfra.com\\\/blog\\\/ambar-preve-r-55-bilhoes-para-modernizar-rede-eletrica-do-amazonas\\\/#primaryimage\"},\"thumbnailUrl\":\"https:\\\/\\\/agenciainfra.com\\\/blog\\\/wp-content\\\/uploads\\\/2026\\\/05\\\/ambar-energia-foto-ambar.jpg\",\"keywords\":[\"\u00c2mbar\",\"Conta de Luz\",\"distribui\u00e7\u00e3o de energia\",\"energia el\u00e9trica\",\"Investimentos\",\"Luz para todos\",\"moderniza\u00e7\u00e3o\",\"subesta\u00e7\u00f5es\"],\"articleSection\":[\"Giro iNFRA\"],\"inLanguage\":\"pt-BR\",\"copyrightYear\":\"2026\",\"copyrightHolder\":{\"@id\":\"https:\\\/\\\/agenciainfra.com\\\/blog\\\/#organization\"}},{\"@type\":\"WebPage\",\"@id\":\"https:\\\/\\\/agenciainfra.com\\\/blog\\\/ambar-preve-r-55-bilhoes-para-modernizar-rede-eletrica-do-amazonas\\\/\",\"url\":\"https:\\\/\\\/agenciainfra.com\\\/blog\\\/ambar-preve-r-55-bilhoes-para-modernizar-rede-eletrica-do-amazonas\\\/\",\"name\":\"\u00c2mbar prev\u00ea R$ 5,5 bilh\u00f5es para modernizar rede el\u00e9trica do Amazonas - Ag\u00eancia iNFRA\",\"isPartOf\":{\"@id\":\"https:\\\/\\\/agenciainfra.com\\\/blog\\\/#website\"},\"primaryImageOfPage\":{\"@id\":\"https:\\\/\\\/agenciainfra.com\\\/blog\\\/ambar-preve-r-55-bilhoes-para-modernizar-rede-eletrica-do-amazonas\\\/#primaryimage\"},\"image\":{\"@id\":\"https:\\\/\\\/agenciainfra.com\\\/blog\\\/ambar-preve-r-55-bilhoes-para-modernizar-rede-eletrica-do-amazonas\\\/#primaryimage\"},\"thumbnailUrl\":\"https:\\\/\\\/agenciainfra.com\\\/blog\\\/wp-content\\\/uploads\\\/2026\\\/05\\\/ambar-energia-foto-ambar.jpg\",\"datePublished\":\"2026-09-04T01:23:08+00:00\",\"dateModified\":\"2026-09-04T01:23:11+00:00\",\"breadcrumb\":{\"@id\":\"https:\\\/\\\/agenciainfra.com\\\/blog\\\/ambar-preve-r-55-bilhoes-para-modernizar-rede-eletrica-do-amazonas\\\/#breadcrumb\"},\"inLanguage\":\"pt-BR\",\"potentialAction\":[{\"@type\":\"ReadAction\",\"target\":[\"https:\\\/\\\/agenciainfra.com\\\/blog\\\/ambar-preve-r-55-bilhoes-para-modernizar-rede-eletrica-do-amazonas\\\/\"]}]},{\"@type\":\"ImageObject\",\"inLanguage\":\"pt-BR\",\"@id\":\"https:\\\/\\\/agenciainfra.com\\\/blog\\\/ambar-preve-r-55-bilhoes-para-modernizar-rede-eletrica-do-amazonas\\\/#primaryimage\",\"url\":\"https:\\\/\\\/agenciainfra.com\\\/blog\\\/wp-content\\\/uploads\\\/2026\\\/05\\\/ambar-energia-foto-ambar.jpg\",\"contentUrl\":\"https:\\\/\\\/agenciainfra.com\\\/blog\\\/wp-content\\\/uploads\\\/2026\\\/05\\\/ambar-energia-foto-ambar.jpg\",\"width\":1280,\"height\":681,\"caption\":\"Foto: \u00c2mbar Energia\"},{\"@type\":\"BreadcrumbList\",\"@id\":\"https:\\\/\\\/agenciainfra.com\\\/blog\\\/ambar-preve-r-55-bilhoes-para-modernizar-rede-eletrica-do-amazonas\\\/#breadcrumb\",\"itemListElement\":[{\"@type\":\"ListItem\",\"position\":1,\"name\":\"In\u00edcio\",\"item\":\"https:\\\/\\\/agenciainfra.com\\\/blog\\\/\"},{\"@type\":\"ListItem\",\"position\":2,\"name\":\"\u00c2mbar prev\u00ea R$ 5,5 bilh\u00f5es para modernizar rede el\u00e9trica do Amazonas\"}]},{\"@type\":\"WebSite\",\"@id\":\"https:\\\/\\\/agenciainfra.com\\\/blog\\\/#website\",\"url\":\"https:\\\/\\\/agenciainfra.com\\\/blog\\\/\",\"name\":\"Ag\u00eancia iNFRA\",\"description\":\"Multiplataforma de informa\u00e7\u00e3o jornal\u00edstica refer\u00eancia na \u00e1rea de infraestrutura no Brasil!\",\"publisher\":{\"@id\":\"https:\\\/\\\/agenciainfra.com\\\/blog\\\/#organization\"},\"potentialAction\":[{\"@type\":\"SearchAction\",\"target\":{\"@type\":\"EntryPoint\",\"urlTemplate\":\"https:\\\/\\\/agenciainfra.com\\\/blog\\\/?s={search_term_string}\"},\"query-input\":{\"@type\":\"PropertyValueSpecification\",\"valueRequired\":true,\"valueName\":\"search_term_string\"}}],\"inLanguage\":\"pt-BR\"},{\"@type\":\"Organization\",\"@id\":\"https:\\\/\\\/agenciainfra.com\\\/blog\\\/#organization\",\"name\":\"Ag\u00eancia iNFRA\",\"url\":\"https:\\\/\\\/agenciainfra.com\\\/blog\\\/\",\"logo\":{\"@type\":\"ImageObject\",\"inLanguage\":\"pt-BR\",\"@id\":\"https:\\\/\\\/agenciainfra.com\\\/blog\\\/#\\\/schema\\\/logo\\\/image\\\/\",\"url\":\"https:\\\/\\\/agenciainfra.com\\\/blog\\\/wp-content\\\/uploads\\\/2023\\\/09\\\/iNFRA_5-e1761735885940.png\",\"contentUrl\":\"https:\\\/\\\/agenciainfra.com\\\/blog\\\/wp-content\\\/uploads\\\/2023\\\/09\\\/iNFRA_5-e1761735885940.png\",\"width\":1672,\"height\":454,\"caption\":\"Ag\u00eancia iNFRA\"},\"image\":{\"@id\":\"https:\\\/\\\/agenciainfra.com\\\/blog\\\/#\\\/schema\\\/logo\\\/image\\\/\"},\"sameAs\":[\"https:\\\/\\\/www.facebook.com\\\/ageninfra\",\"https:\\\/\\\/x.com\\\/agencia_infra\",\"https:\\\/\\\/www.linkedin.com\\\/company\\\/ag\u00eanciainfra\\\/\",\"https:\\\/\\\/www.instagram.com\\\/agenciainfra\\\/\"]},{\"@type\":\"Person\",\"@id\":\"https:\\\/\\\/agenciainfra.com\\\/blog\\\/#\\\/schema\\\/person\\\/34af08dff6adea4cb22b06612ba7acfa\",\"name\":\"Ag\u00eancia iNFRA\",\"image\":{\"@type\":\"ImageObject\",\"inLanguage\":\"pt-BR\",\"@id\":\"https:\\\/\\\/secure.gravatar.com\\\/avatar\\\/d189e01678f06d8eb84d4e01f08eb848b3fffe3f8443818d3c356c66892f5be8?s=96&d=mm&r=g\",\"url\":\"https:\\\/\\\/secure.gravatar.com\\\/avatar\\\/d189e01678f06d8eb84d4e01f08eb848b3fffe3f8443818d3c356c66892f5be8?s=96&d=mm&r=g\",\"contentUrl\":\"https:\\\/\\\/secure.gravatar.com\\\/avatar\\\/d189e01678f06d8eb84d4e01f08eb848b3fffe3f8443818d3c356c66892f5be8?s=96&d=mm&r=g\",\"caption\":\"Ag\u00eancia iNFRA\"},\"url\":\"https:\\\/\\\/agenciainfra.com\\\/blog\\\/author\\\/admin\\\/\"}]}<\/script>\n<!-- \/ Yoast SEO Premium plugin. -->","yoast_head_json":{"title":"\u00c2mbar prev\u00ea R$ 5,5 bilh\u00f5es para modernizar rede el\u00e9trica do Amazonas - Ag\u00eancia iNFRA","robots":{"index":"index","follow":"follow","max-snippet":"max-snippet:-1","max-image-preview":"max-image-preview:large","max-video-preview":"max-video-preview:-1"},"canonical":"https:\/\/agenciainfra.com\/blog\/ambar-preve-r-55-bilhoes-para-modernizar-rede-eletrica-do-amazonas\/","og_locale":"pt_BR","og_type":"article","og_title":"\u00c2mbar prev\u00ea R$ 5,5 bilh\u00f5es para modernizar rede el\u00e9trica do Amazonas","og_description":"da Ag\u00eancia iNFRA A \u00c2mbar Energia apresentou nesta quinta-feira (3), na Aleam (Assembleia Legislativa do Amazonas), um plano de R$ 5,5 bilh\u00f5es para modernizar o sistema el\u00e9trico do Amazonas at\u00e9 2031. Do total, R$ 3,9 bilh\u00f5es ser\u00e3o de capital pr\u00f3prio. O restante vir\u00e1 de repasses do governo federal para o Luz para Todos e para [&hellip;]","og_url":"https:\/\/agenciainfra.com\/blog\/ambar-preve-r-55-bilhoes-para-modernizar-rede-eletrica-do-amazonas\/","og_site_name":"Ag\u00eancia iNFRA","article_publisher":"https:\/\/www.facebook.com\/ageninfra","article_published_time":"2026-09-04T01:23:08+00:00","article_modified_time":"2026-09-04T01:23:11+00:00","og_image":[{"width":1280,"height":681,"url":"https:\/\/agenciainfra.com\/blog\/wp-content\/uploads\/2026\/05\/ambar-energia-foto-ambar.jpg","type":"image\/jpeg"}],"author":"Ag\u00eancia iNFRA","twitter_card":"summary_large_image","twitter_creator":"@agencia_infra","twitter_site":"@agencia_infra","twitter_misc":{"Escrito por":"Ag\u00eancia iNFRA","Est. tempo de leitura":"2 minutos"},"schema":{"@context":"https:\/\/schema.org","@graph":[{"@type":"Article","@id":"https:\/\/agenciainfra.com\/blog\/ambar-preve-r-55-bilhoes-para-modernizar-rede-eletrica-do-amazonas\/#article","isPartOf":{"@id":"https:\/\/agenciainfra.com\/blog\/ambar-preve-r-55-bilhoes-para-modernizar-rede-eletrica-do-amazonas\/"},"author":{"name":"Ag\u00eancia iNFRA","@id":"https:\/\/agenciainfra.com\/blog\/#\/schema\/person\/34af08dff6adea4cb22b06612ba7acfa"},"headline":"\u00c2mbar prev\u00ea R$ 5,5 bilh\u00f5es para modernizar rede el\u00e9trica do Amazonas","datePublished":"2026-09-04T01:23:08+00:00","dateModified":"2026-09-04T01:23:11+00:00","mainEntityOfPage":{"@id":"https:\/\/agenciainfra.com\/blog\/ambar-preve-r-55-bilhoes-para-modernizar-rede-eletrica-do-amazonas\/"},"wordCount":338,"publisher":{"@id":"https:\/\/agenciainfra.com\/blog\/#organization"},"image":{"@id":"https:\/\/agenciainfra.com\/blog\/ambar-preve-r-55-bilhoes-para-modernizar-rede-eletrica-do-amazonas\/#primaryimage"},"thumbnailUrl":"https:\/\/agenciainfra.com\/blog\/wp-content\/uploads\/2026\/05\/ambar-energia-foto-ambar.jpg","keywords":["\u00c2mbar","Conta de Luz","distribui\u00e7\u00e3o de energia","energia el\u00e9trica","Investimentos","Luz para todos","moderniza\u00e7\u00e3o","subesta\u00e7\u00f5es"],"articleSection":["Giro iNFRA"],"inLanguage":"pt-BR","copyrightYear":"2026","copyrightHolder":{"@id":"https:\/\/agenciainfra.com\/blog\/#organization"}},{"@type":"WebPage","@id":"https:\/\/agenciainfra.com\/blog\/ambar-preve-r-55-bilhoes-para-modernizar-rede-eletrica-do-amazonas\/","url":"https:\/\/agenciainfra.com\/blog\/ambar-preve-r-55-bilhoes-para-modernizar-rede-eletrica-do-amazonas\/","name":"\u00c2mbar prev\u00ea R$ 5,5 bilh\u00f5es para modernizar rede el\u00e9trica do Amazonas - Ag\u00eancia iNFRA","isPartOf":{"@id":"https:\/\/agenciainfra.com\/blog\/#website"},"primaryImageOfPage":{"@id":"https:\/\/agenciainfra.com\/blog\/ambar-preve-r-55-bilhoes-para-modernizar-rede-eletrica-do-amazonas\/#primaryimage"},"image":{"@id":"https:\/\/agenciainfra.com\/blog\/ambar-preve-r-55-bilhoes-para-modernizar-rede-eletrica-do-amazonas\/#primaryimage"},"thumbnailUrl":"https:\/\/agenciainfra.com\/blog\/wp-content\/uploads\/2026\/05\/ambar-energia-foto-ambar.jpg","datePublished":"2026-09-04T01:23:08+00:00","dateModified":"2026-09-04T01:23:11+00:00","breadcrumb":{"@id":"https:\/\/agenciainfra.com\/blog\/ambar-preve-r-55-bilhoes-para-modernizar-rede-eletrica-do-amazonas\/#breadcrumb"},"inLanguage":"pt-BR","potentialAction":[{"@type":"ReadAction","target":["https:\/\/agenciainfra.com\/blog\/ambar-preve-r-55-bilhoes-para-modernizar-rede-eletrica-do-amazonas\/"]}]},{"@type":"ImageObject","inLanguage":"pt-BR","@id":"https:\/\/agenciainfra.com\/blog\/ambar-preve-r-55-bilhoes-para-modernizar-rede-eletrica-do-amazonas\/#primaryimage","url":"https:\/\/agenciainfra.com\/blog\/wp-content\/uploads\/2026\/05\/ambar-energia-foto-ambar.jpg","contentUrl":"https:\/\/agenciainfra.com\/blog\/wp-content\/uploads\/2026\/05\/ambar-energia-foto-ambar.jpg","width":1280,"height":681,"caption":"Foto: \u00c2mbar Energia"},{"@type":"BreadcrumbList","@id":"https:\/\/agenciainfra.com\/blog\/ambar-preve-r-55-bilhoes-para-modernizar-rede-eletrica-do-amazonas\/#breadcrumb","itemListElement":[{"@type":"ListItem","position":1,"name":"In\u00edcio","item":"https:\/\/agenciainfra.com\/blog\/"},{"@type":"ListItem","position":2,"name":"\u00c2mbar prev\u00ea R$ 5,5 bilh\u00f5es para modernizar rede el\u00e9trica do Amazonas"}]},{"@type":"WebSite","@id":"https:\/\/agenciainfra.com\/blog\/#website","url":"https:\/\/agenciainfra.com\/blog\/","name":"Ag\u00eancia iNFRA","description":"Multiplataforma de informa\u00e7\u00e3o jornal\u00edstica refer\u00eancia na \u00e1rea de infraestrutura no Brasil!","publisher":{"@id":"https:\/\/agenciainfra.com\/blog\/#organization"},"potentialAction":[{"@type":"SearchAction","target":{"@type":"EntryPoint","urlTemplate":"https:\/\/agenciainfra.com\/blog\/?s={search_term_string}"},"query-input":{"@type":"PropertyValueSpecification","valueRequired":true,"valueName":"search_term_string"}}],"inLanguage":"pt-BR"},{"@type":"Organization","@id":"https:\/\/agenciainfra.com\/blog\/#organization","name":"Ag\u00eancia iNFRA","url":"https:\/\/agenciainfra.com\/blog\/","logo":{"@type":"ImageObject","inLanguage":"pt-BR","@id":"https:\/\/agenciainfra.com\/blog\/#\/schema\/logo\/image\/","url":"https:\/\/agenciainfra.com\/blog\/wp-content\/uploads\/2023\/09\/iNFRA_5-e1761735885940.png","contentUrl":"https:\/\/agenciainfra.com\/blog\/wp-content\/uploads\/2023\/09\/iNFRA_5-e1761735885940.png","width":1672,"height":454,"caption":"Ag\u00eancia iNFRA"},"image":{"@id":"https:\/\/agenciainfra.com\/blog\/#\/schema\/logo\/image\/"},"sameAs":["https:\/\/www.facebook.com\/ageninfra","https:\/\/x.com\/agencia_infra","https:\/\/www.linkedin.com\/company\/ag\u00eanciainfra\/","https:\/\/www.instagram.com\/agenciainfra\/"]},{"@type":"Person","@id":"https:\/\/agenciainfra.com\/blog\/#\/schema\/person\/34af08dff6adea4cb22b06612ba7acfa","name":"Ag\u00eancia iNFRA","image":{"@type":"ImageObject","inLanguage":"pt-BR","@id":"https:\/\/secure.gravatar.com\/avatar\/d189e01678f06d8eb84d4e01f08eb848b3fffe3f8443818d3c356c66892f5be8?s=96&d=mm&r=g","url":"https:\/\/secure.gravatar.com\/avatar\/d189e01678f06d8eb84d4e01f08eb848b3fffe3f8443818d3c356c66892f5be8?s=96&d=mm&r=g","contentUrl":"https:\/\/secure.gravatar.com\/avatar\/d189e01678f06d8eb84d4e01f08eb848b3fffe3f8443818d3c356c66892f5be8?s=96&d=mm&r=g","caption":"Ag\u00eancia iNFRA"},"url":"https:\/\/agenciainfra.com\/blog\/author\/admin\/"}]}},"_links":{"self":[{"href":"https:\/\/agenciainfra.com\/blog\/wp-json\/wp\/v2\/posts\/46947","targetHints":{"allow":["GET"]}}],"collection":[{"href":"https:\/\/agenciainfra.com\/blog\/wp-json\/wp\/v2\/posts"}],"about":[{"href":"https:\/\/agenciainfra.com\/blog\/wp-json\/wp\/v2\/types\/post"}],"author":[{"embeddable":true,"href":"https:\/\/agenciainfra.com\/blog\/wp-json\/wp\/v2\/users\/1"}],"replies":[{"embeddable":true,"href":"https:\/\/agenciainfra.com\/blog\/wp-json\/wp\/v2\/comments?post=46947"}],"version-history":[{"count":1,"href":"https:\/\/agenciainfra.com\/blog\/wp-json\/wp\/v2\/posts\/46947\/revisions"}],"predecessor-version":[{"id":46948,"href":"https:\/\/agenciainfra.com\/blog\/wp-json\/wp\/v2\/posts\/46947\/revisions\/46948"}],"wp:featuredmedia":[{"embeddable":true,"href":"https:\/\/agenciainfra.com\/blog\/wp-json\/wp\/v2\/media\/41320"}],"wp:attachment":[{"href":"https:\/\/agenciainfra.com\/blog\/wp-json\/wp\/v2\/media?parent=46947"}],"wp:term":[{"taxonomy":"category","embeddable":true,"href":"https:\/\/agenciainfra.com\/blog\/wp-json\/wp\/v2\/categories?post=46947"},{"taxonomy":"post_tag","embeddable":true,"href":"https:\/\/agenciainfra.com\/blog\/wp-json\/wp\/v2\/tags?post=46947"}],"curies":[{"name":"wp","href":"https:\/\/api.w.org\/{rel}","templated":true}]}}