{"id":46955,"date":"2026-09-04T10:32:45","date_gmt":"2026-09-04T13:32:45","guid":{"rendered":"https:\/\/agenciainfra.com\/blog\/?p=46955"},"modified":"2026-09-04T10:32:45","modified_gmt":"2026-09-04T13:32:45","slug":"enel-sp-alega-vicio-no-processo-e-diz-que-caducidade-nao-e-a-melhor-solucao","status":"publish","type":"post","link":"https:\/\/agenciainfra.com\/blog\/enel-sp-alega-vicio-no-processo-e-diz-que-caducidade-nao-e-a-melhor-solucao\/","title":{"rendered":"Enel SP alega v\u00edcio no processo e diz que caducidade n\u00e3o \u00e9 a melhor solu\u00e7\u00e3o"},"content":{"rendered":"\n<p class=\"has-text-align-right\"><strong>Lais Carregosa e Geraldo Campos Jr., da Ag\u00eancia iNFRA<\/strong><\/p>\n\n\n\n<p>A Enel S\u00e3o Paulo enviou \u00e0 ANEEL (Ag\u00eancia Nacional de Energia El\u00e9trica) na quinta-feira (3) as suas alega\u00e7\u00f5es finais no processo que pode levar \u00e0 caducidade da concess\u00e3o. No <a href=\"https:\/\/agenciainfra.com\/blog\/wp-content\/uploads\/2026\/09\/Carta-Enel-SP-277-2026-RB-Novas-Alegacoes-Finais_v03-09-2026.pdf\">documento<\/a>, a empresa alega falta de crit\u00e9rio objetivo previamente definido para fundamentar a recomenda\u00e7\u00e3o de caducidade. Diz ainda que o processo aberto pela reguladora tem v\u00edcios e seria nulo desde a origem, argumentando que a reguladora exigiu um plano de recupera\u00e7\u00e3o de falhas sem ouvir a defesa da empresa.<\/p>\n\n\n\n<p>A distribuidora afirma ainda que n\u00e3o haveria fundamento t\u00e9cnico para a caducidade e que a alternativa n\u00e3o seria a melhor solu\u00e7\u00e3o para os consumidores, alegando que a ANEEL n\u00e3o teria analisado adequadamente os custos, riscos operacionais, efeitos tarif\u00e1rios e consequ\u00eancias da substitui\u00e7\u00e3o da concession\u00e1ria.<\/p>\n\n\n\n<p>Na pe\u00e7a, a empresa solicitou que a reguladora fa\u00e7a uma an\u00e1lise sobre as consequ\u00eancias de se declarar caducidade na concess\u00e3o, considerando aspectos como impacto tarif\u00e1rio, para demonstrar que a extin\u00e7\u00e3o do contrato produziria \u201cbenef\u00edcio l\u00edquido aos consumidores\u201d. A companhia pede ainda a rejei\u00e7\u00e3o da caducidade e a determina\u00e7\u00e3o de um novo plano de recupera\u00e7\u00e3o, ou ainda a \u201cado\u00e7\u00e3o de medidas menos gravosas \u00e0 concess\u00e3o\u201d.<\/p>\n\n\n\n<p><strong>Reconsidera\u00e7\u00e3o<br><\/strong>Al\u00e9m das alega\u00e7\u00f5es finais, a Enel encaminhou \u00e0 ANEEL <a href=\"https:\/\/sei.aneel.gov.br\/sei\/modulos\/pesquisa\/md_pesq_documento_consulta_externa.php?yPDszXhdoNcWQHJaQlHJmJIqCNXRK_Sh2SMdn1U-tzOIH3yoi_V2KKxLQ6fsEubBx7Yyxrl6exMDx12XFs7Y_uXz5UP5Og6i0eyb1eKDfY2HIB7PMm_HDffvq72EYnHs\">carta<\/a> com pedido de reconsidera\u00e7\u00e3o sobre a decis\u00e3o que negou a produ\u00e7\u00e3o de prova pericial. A diretoria <a href=\"https:\/\/agenciainfra.com\/blog\/aneel-nega-recurso-da-enel-sp-e-mantem-processo-de-caducidade\/\">rejeitou<\/a> a contrata\u00e7\u00e3o de per\u00edcia para analisar os indicadores, como pedia a distribuidora, em decis\u00e3o de 24 de agosto.<\/p>\n","protected":false},"excerpt":{"rendered":"<p>Lais Carregosa e Geraldo Campos Jr., da Ag\u00eancia iNFRA A Enel S\u00e3o Paulo enviou \u00e0 ANEEL (Ag\u00eancia Nacional de Energia El\u00e9trica) na quinta-feira (3) as suas alega\u00e7\u00f5es finais no processo que pode levar \u00e0 caducidade da concess\u00e3o. No documento, a empresa alega falta de crit\u00e9rio objetivo previamente definido para fundamentar a recomenda\u00e7\u00e3o de caducidade. Diz [&hellip;]<\/p>\n","protected":false},"author":1,"featured_media":29686,"comment_status":"closed","ping_status":"closed","sticky":false,"template":"","format":"standard","meta":{"_monsterinsights_skip_tracking":false,"_monsterinsights_sitenote_active":false,"_monsterinsights_sitenote_note":"","_monsterinsights_sitenote_category":0,"footnotes":""},"categories":[7249],"tags":[53,11549,16637,13605,78,616,7829,282,11594,34,13132,54],"class_list":["post-46955","post","type-post","status-publish","format-standard","has-post-thumbnail","hentry","category-destaque","tag-aneel","tag-apagao-em-sp","tag-caducidade-da-enel-sp","tag-caducidade-de-concessao","tag-concessoes","tag-enel","tag-enel-sp","tag-energia-eletrica","tag-geraldo-campos-jr","tag-infraestrutura","tag-lais-carregosa","tag-setor-eletrico"],"yoast_head":"<!-- This site is optimized with the Yoast SEO Premium plugin v25.4 (Yoast SEO v28.2) - https:\/\/yoast.com\/product\/yoast-seo-premium-wordpress\/ -->\n<title>Enel SP alega v\u00edcio no processo e diz que caducidade n\u00e3o \u00e9 a melhor solu\u00e7\u00e3o - Ag\u00eancia iNFRA<\/title>\n<meta name=\"robots\" content=\"index, follow, max-snippet:-1, max-image-preview:large, max-video-preview:-1\" \/>\n<link rel=\"canonical\" href=\"https:\/\/agenciainfra.com\/blog\/enel-sp-alega-vicio-no-processo-e-diz-que-caducidade-nao-e-a-melhor-solucao\/\" \/>\n<meta property=\"og:locale\" content=\"pt_BR\" \/>\n<meta property=\"og:type\" content=\"article\" \/>\n<meta property=\"og:title\" content=\"Enel SP alega v\u00edcio no processo e diz que caducidade n\u00e3o \u00e9 a melhor solu\u00e7\u00e3o\" \/>\n<meta property=\"og:description\" content=\"Lais Carregosa e Geraldo Campos Jr., da Ag\u00eancia iNFRA A Enel S\u00e3o Paulo enviou \u00e0 ANEEL (Ag\u00eancia Nacional de Energia El\u00e9trica) na quinta-feira (3) as suas alega\u00e7\u00f5es finais no processo que pode levar \u00e0 caducidade da concess\u00e3o. No documento, a empresa alega falta de crit\u00e9rio objetivo previamente definido para fundamentar a recomenda\u00e7\u00e3o de caducidade. Diz [&hellip;]\" \/>\n<meta property=\"og:url\" content=\"https:\/\/agenciainfra.com\/blog\/enel-sp-alega-vicio-no-processo-e-diz-que-caducidade-nao-e-a-melhor-solucao\/\" \/>\n<meta property=\"og:site_name\" content=\"Ag\u00eancia iNFRA\" \/>\n<meta property=\"article:publisher\" content=\"https:\/\/www.facebook.com\/ageninfra\" \/>\n<meta property=\"article:published_time\" content=\"2026-09-04T13:32:45+00:00\" \/>\n<meta property=\"og:image\" content=\"https:\/\/agenciainfra.com\/blog\/wp-content\/uploads\/2025\/10\/enel-foto-paulo-pinto-agencia-brasil.jpg\" \/>\n\t<meta property=\"og:image:width\" content=\"1280\" \/>\n\t<meta property=\"og:image:height\" content=\"765\" \/>\n\t<meta property=\"og:image:type\" content=\"image\/jpeg\" \/>\n<meta name=\"author\" content=\"Ag\u00eancia iNFRA\" \/>\n<meta name=\"twitter:card\" content=\"summary_large_image\" \/>\n<meta name=\"twitter:creator\" content=\"@agencia_infra\" \/>\n<meta name=\"twitter:site\" content=\"@agencia_infra\" \/>\n<meta name=\"twitter:label1\" content=\"Escrito por\" \/>\n\t<meta name=\"twitter:data1\" content=\"Ag\u00eancia iNFRA\" \/>\n\t<meta name=\"twitter:label2\" content=\"Est. tempo de leitura\" \/>\n\t<meta name=\"twitter:data2\" content=\"1 minuto\" \/>\n<script type=\"application\/ld+json\" class=\"yoast-schema-graph\">{\"@context\":\"https:\\\/\\\/schema.org\",\"@graph\":[{\"@type\":\"Article\",\"@id\":\"https:\\\/\\\/agenciainfra.com\\\/blog\\\/enel-sp-alega-vicio-no-processo-e-diz-que-caducidade-nao-e-a-melhor-solucao\\\/#article\",\"isPartOf\":{\"@id\":\"https:\\\/\\\/agenciainfra.com\\\/blog\\\/enel-sp-alega-vicio-no-processo-e-diz-que-caducidade-nao-e-a-melhor-solucao\\\/\"},\"author\":{\"name\":\"Ag\u00eancia iNFRA\",\"@id\":\"https:\\\/\\\/agenciainfra.com\\\/blog\\\/#\\\/schema\\\/person\\\/34af08dff6adea4cb22b06612ba7acfa\"},\"headline\":\"Enel SP alega v\u00edcio no processo e diz que caducidade n\u00e3o \u00e9 a melhor solu\u00e7\u00e3o\",\"datePublished\":\"2026-09-04T13:32:45+00:00\",\"mainEntityOfPage\":{\"@id\":\"https:\\\/\\\/agenciainfra.com\\\/blog\\\/enel-sp-alega-vicio-no-processo-e-diz-que-caducidade-nao-e-a-melhor-solucao\\\/\"},\"wordCount\":294,\"publisher\":{\"@id\":\"https:\\\/\\\/agenciainfra.com\\\/blog\\\/#organization\"},\"image\":{\"@id\":\"https:\\\/\\\/agenciainfra.com\\\/blog\\\/enel-sp-alega-vicio-no-processo-e-diz-que-caducidade-nao-e-a-melhor-solucao\\\/#primaryimage\"},\"thumbnailUrl\":\"https:\\\/\\\/agenciainfra.com\\\/blog\\\/wp-content\\\/uploads\\\/2025\\\/10\\\/enel-foto-paulo-pinto-agencia-brasil.jpg\",\"keywords\":[\"ANEEL\",\"apag\u00e3o em sp\",\"caducidade da Enel SP\",\"caducidade de concess\u00e3o\",\"concess\u00f5es\",\"Enel\",\"ENEL SP\",\"energia el\u00e9trica\",\"Geraldo Campos Jr.\",\"Infraestrutura\",\"Lais Carregosa\",\"Setor El\u00e9trico\"],\"articleSection\":[\"Destaque\"],\"inLanguage\":\"pt-BR\",\"copyrightYear\":\"2026\",\"copyrightHolder\":{\"@id\":\"https:\\\/\\\/agenciainfra.com\\\/blog\\\/#organization\"}},{\"@type\":\"WebPage\",\"@id\":\"https:\\\/\\\/agenciainfra.com\\\/blog\\\/enel-sp-alega-vicio-no-processo-e-diz-que-caducidade-nao-e-a-melhor-solucao\\\/\",\"url\":\"https:\\\/\\\/agenciainfra.com\\\/blog\\\/enel-sp-alega-vicio-no-processo-e-diz-que-caducidade-nao-e-a-melhor-solucao\\\/\",\"name\":\"Enel SP alega v\u00edcio no processo e diz que caducidade n\u00e3o \u00e9 a melhor solu\u00e7\u00e3o - Ag\u00eancia iNFRA\",\"isPartOf\":{\"@id\":\"https:\\\/\\\/agenciainfra.com\\\/blog\\\/#website\"},\"primaryImageOfPage\":{\"@id\":\"https:\\\/\\\/agenciainfra.com\\\/blog\\\/enel-sp-alega-vicio-no-processo-e-diz-que-caducidade-nao-e-a-melhor-solucao\\\/#primaryimage\"},\"image\":{\"@id\":\"https:\\\/\\\/agenciainfra.com\\\/blog\\\/enel-sp-alega-vicio-no-processo-e-diz-que-caducidade-nao-e-a-melhor-solucao\\\/#primaryimage\"},\"thumbnailUrl\":\"https:\\\/\\\/agenciainfra.com\\\/blog\\\/wp-content\\\/uploads\\\/2025\\\/10\\\/enel-foto-paulo-pinto-agencia-brasil.jpg\",\"datePublished\":\"2026-09-04T13:32:45+00:00\",\"breadcrumb\":{\"@id\":\"https:\\\/\\\/agenciainfra.com\\\/blog\\\/enel-sp-alega-vicio-no-processo-e-diz-que-caducidade-nao-e-a-melhor-solucao\\\/#breadcrumb\"},\"inLanguage\":\"pt-BR\",\"potentialAction\":[{\"@type\":\"ReadAction\",\"target\":[\"https:\\\/\\\/agenciainfra.com\\\/blog\\\/enel-sp-alega-vicio-no-processo-e-diz-que-caducidade-nao-e-a-melhor-solucao\\\/\"]}]},{\"@type\":\"ImageObject\",\"inLanguage\":\"pt-BR\",\"@id\":\"https:\\\/\\\/agenciainfra.com\\\/blog\\\/enel-sp-alega-vicio-no-processo-e-diz-que-caducidade-nao-e-a-melhor-solucao\\\/#primaryimage\",\"url\":\"https:\\\/\\\/agenciainfra.com\\\/blog\\\/wp-content\\\/uploads\\\/2025\\\/10\\\/enel-foto-paulo-pinto-agencia-brasil.jpg\",\"contentUrl\":\"https:\\\/\\\/agenciainfra.com\\\/blog\\\/wp-content\\\/uploads\\\/2025\\\/10\\\/enel-foto-paulo-pinto-agencia-brasil.jpg\",\"width\":1280,\"height\":765,\"caption\":\"Foto: Paulo Pinto\\\/Ag\u00eancia Brasil\"},{\"@type\":\"BreadcrumbList\",\"@id\":\"https:\\\/\\\/agenciainfra.com\\\/blog\\\/enel-sp-alega-vicio-no-processo-e-diz-que-caducidade-nao-e-a-melhor-solucao\\\/#breadcrumb\",\"itemListElement\":[{\"@type\":\"ListItem\",\"position\":1,\"name\":\"In\u00edcio\",\"item\":\"https:\\\/\\\/agenciainfra.com\\\/blog\\\/\"},{\"@type\":\"ListItem\",\"position\":2,\"name\":\"Enel SP alega v\u00edcio no processo e diz que caducidade n\u00e3o \u00e9 a melhor solu\u00e7\u00e3o\"}]},{\"@type\":\"WebSite\",\"@id\":\"https:\\\/\\\/agenciainfra.com\\\/blog\\\/#website\",\"url\":\"https:\\\/\\\/agenciainfra.com\\\/blog\\\/\",\"name\":\"Ag\u00eancia iNFRA\",\"description\":\"Multiplataforma de informa\u00e7\u00e3o jornal\u00edstica refer\u00eancia na \u00e1rea de infraestrutura no Brasil!\",\"publisher\":{\"@id\":\"https:\\\/\\\/agenciainfra.com\\\/blog\\\/#organization\"},\"potentialAction\":[{\"@type\":\"SearchAction\",\"target\":{\"@type\":\"EntryPoint\",\"urlTemplate\":\"https:\\\/\\\/agenciainfra.com\\\/blog\\\/?s={search_term_string}\"},\"query-input\":{\"@type\":\"PropertyValueSpecification\",\"valueRequired\":true,\"valueName\":\"search_term_string\"}}],\"inLanguage\":\"pt-BR\"},{\"@type\":\"Organization\",\"@id\":\"https:\\\/\\\/agenciainfra.com\\\/blog\\\/#organization\",\"name\":\"Ag\u00eancia iNFRA\",\"url\":\"https:\\\/\\\/agenciainfra.com\\\/blog\\\/\",\"logo\":{\"@type\":\"ImageObject\",\"inLanguage\":\"pt-BR\",\"@id\":\"https:\\\/\\\/agenciainfra.com\\\/blog\\\/#\\\/schema\\\/logo\\\/image\\\/\",\"url\":\"https:\\\/\\\/agenciainfra.com\\\/blog\\\/wp-content\\\/uploads\\\/2023\\\/09\\\/iNFRA_5-e1761735885940.png\",\"contentUrl\":\"https:\\\/\\\/agenciainfra.com\\\/blog\\\/wp-content\\\/uploads\\\/2023\\\/09\\\/iNFRA_5-e1761735885940.png\",\"width\":1672,\"height\":454,\"caption\":\"Ag\u00eancia iNFRA\"},\"image\":{\"@id\":\"https:\\\/\\\/agenciainfra.com\\\/blog\\\/#\\\/schema\\\/logo\\\/image\\\/\"},\"sameAs\":[\"https:\\\/\\\/www.facebook.com\\\/ageninfra\",\"https:\\\/\\\/x.com\\\/agencia_infra\",\"https:\\\/\\\/www.linkedin.com\\\/company\\\/ag\u00eanciainfra\\\/\",\"https:\\\/\\\/www.instagram.com\\\/agenciainfra\\\/\"]},{\"@type\":\"Person\",\"@id\":\"https:\\\/\\\/agenciainfra.com\\\/blog\\\/#\\\/schema\\\/person\\\/34af08dff6adea4cb22b06612ba7acfa\",\"name\":\"Ag\u00eancia iNFRA\",\"image\":{\"@type\":\"ImageObject\",\"inLanguage\":\"pt-BR\",\"@id\":\"https:\\\/\\\/secure.gravatar.com\\\/avatar\\\/d189e01678f06d8eb84d4e01f08eb848b3fffe3f8443818d3c356c66892f5be8?s=96&d=mm&r=g\",\"url\":\"https:\\\/\\\/secure.gravatar.com\\\/avatar\\\/d189e01678f06d8eb84d4e01f08eb848b3fffe3f8443818d3c356c66892f5be8?s=96&d=mm&r=g\",\"contentUrl\":\"https:\\\/\\\/secure.gravatar.com\\\/avatar\\\/d189e01678f06d8eb84d4e01f08eb848b3fffe3f8443818d3c356c66892f5be8?s=96&d=mm&r=g\",\"caption\":\"Ag\u00eancia iNFRA\"},\"url\":\"https:\\\/\\\/agenciainfra.com\\\/blog\\\/author\\\/admin\\\/\"}]}<\/script>\n<!-- \/ Yoast SEO Premium plugin. -->","yoast_head_json":{"title":"Enel SP alega v\u00edcio no processo e diz que caducidade n\u00e3o \u00e9 a melhor solu\u00e7\u00e3o - Ag\u00eancia iNFRA","robots":{"index":"index","follow":"follow","max-snippet":"max-snippet:-1","max-image-preview":"max-image-preview:large","max-video-preview":"max-video-preview:-1"},"canonical":"https:\/\/agenciainfra.com\/blog\/enel-sp-alega-vicio-no-processo-e-diz-que-caducidade-nao-e-a-melhor-solucao\/","og_locale":"pt_BR","og_type":"article","og_title":"Enel SP alega v\u00edcio no processo e diz que caducidade n\u00e3o \u00e9 a melhor solu\u00e7\u00e3o","og_description":"Lais Carregosa e Geraldo Campos Jr., da Ag\u00eancia iNFRA A Enel S\u00e3o Paulo enviou \u00e0 ANEEL (Ag\u00eancia Nacional de Energia El\u00e9trica) na quinta-feira (3) as suas alega\u00e7\u00f5es finais no processo que pode levar \u00e0 caducidade da concess\u00e3o. No documento, a empresa alega falta de crit\u00e9rio objetivo previamente definido para fundamentar a recomenda\u00e7\u00e3o de caducidade. Diz [&hellip;]","og_url":"https:\/\/agenciainfra.com\/blog\/enel-sp-alega-vicio-no-processo-e-diz-que-caducidade-nao-e-a-melhor-solucao\/","og_site_name":"Ag\u00eancia iNFRA","article_publisher":"https:\/\/www.facebook.com\/ageninfra","article_published_time":"2026-09-04T13:32:45+00:00","og_image":[{"width":1280,"height":765,"url":"https:\/\/agenciainfra.com\/blog\/wp-content\/uploads\/2025\/10\/enel-foto-paulo-pinto-agencia-brasil.jpg","type":"image\/jpeg"}],"author":"Ag\u00eancia iNFRA","twitter_card":"summary_large_image","twitter_creator":"@agencia_infra","twitter_site":"@agencia_infra","twitter_misc":{"Escrito por":"Ag\u00eancia iNFRA","Est. tempo de leitura":"1 minuto"},"schema":{"@context":"https:\/\/schema.org","@graph":[{"@type":"Article","@id":"https:\/\/agenciainfra.com\/blog\/enel-sp-alega-vicio-no-processo-e-diz-que-caducidade-nao-e-a-melhor-solucao\/#article","isPartOf":{"@id":"https:\/\/agenciainfra.com\/blog\/enel-sp-alega-vicio-no-processo-e-diz-que-caducidade-nao-e-a-melhor-solucao\/"},"author":{"name":"Ag\u00eancia iNFRA","@id":"https:\/\/agenciainfra.com\/blog\/#\/schema\/person\/34af08dff6adea4cb22b06612ba7acfa"},"headline":"Enel SP alega v\u00edcio no processo e diz que caducidade n\u00e3o \u00e9 a melhor solu\u00e7\u00e3o","datePublished":"2026-09-04T13:32:45+00:00","mainEntityOfPage":{"@id":"https:\/\/agenciainfra.com\/blog\/enel-sp-alega-vicio-no-processo-e-diz-que-caducidade-nao-e-a-melhor-solucao\/"},"wordCount":294,"publisher":{"@id":"https:\/\/agenciainfra.com\/blog\/#organization"},"image":{"@id":"https:\/\/agenciainfra.com\/blog\/enel-sp-alega-vicio-no-processo-e-diz-que-caducidade-nao-e-a-melhor-solucao\/#primaryimage"},"thumbnailUrl":"https:\/\/agenciainfra.com\/blog\/wp-content\/uploads\/2025\/10\/enel-foto-paulo-pinto-agencia-brasil.jpg","keywords":["ANEEL","apag\u00e3o em sp","caducidade da Enel SP","caducidade de concess\u00e3o","concess\u00f5es","Enel","ENEL SP","energia el\u00e9trica","Geraldo Campos Jr.","Infraestrutura","Lais Carregosa","Setor El\u00e9trico"],"articleSection":["Destaque"],"inLanguage":"pt-BR","copyrightYear":"2026","copyrightHolder":{"@id":"https:\/\/agenciainfra.com\/blog\/#organization"}},{"@type":"WebPage","@id":"https:\/\/agenciainfra.com\/blog\/enel-sp-alega-vicio-no-processo-e-diz-que-caducidade-nao-e-a-melhor-solucao\/","url":"https:\/\/agenciainfra.com\/blog\/enel-sp-alega-vicio-no-processo-e-diz-que-caducidade-nao-e-a-melhor-solucao\/","name":"Enel SP alega v\u00edcio no processo e diz que caducidade n\u00e3o \u00e9 a melhor solu\u00e7\u00e3o - Ag\u00eancia iNFRA","isPartOf":{"@id":"https:\/\/agenciainfra.com\/blog\/#website"},"primaryImageOfPage":{"@id":"https:\/\/agenciainfra.com\/blog\/enel-sp-alega-vicio-no-processo-e-diz-que-caducidade-nao-e-a-melhor-solucao\/#primaryimage"},"image":{"@id":"https:\/\/agenciainfra.com\/blog\/enel-sp-alega-vicio-no-processo-e-diz-que-caducidade-nao-e-a-melhor-solucao\/#primaryimage"},"thumbnailUrl":"https:\/\/agenciainfra.com\/blog\/wp-content\/uploads\/2025\/10\/enel-foto-paulo-pinto-agencia-brasil.jpg","datePublished":"2026-09-04T13:32:45+00:00","breadcrumb":{"@id":"https:\/\/agenciainfra.com\/blog\/enel-sp-alega-vicio-no-processo-e-diz-que-caducidade-nao-e-a-melhor-solucao\/#breadcrumb"},"inLanguage":"pt-BR","potentialAction":[{"@type":"ReadAction","target":["https:\/\/agenciainfra.com\/blog\/enel-sp-alega-vicio-no-processo-e-diz-que-caducidade-nao-e-a-melhor-solucao\/"]}]},{"@type":"ImageObject","inLanguage":"pt-BR","@id":"https:\/\/agenciainfra.com\/blog\/enel-sp-alega-vicio-no-processo-e-diz-que-caducidade-nao-e-a-melhor-solucao\/#primaryimage","url":"https:\/\/agenciainfra.com\/blog\/wp-content\/uploads\/2025\/10\/enel-foto-paulo-pinto-agencia-brasil.jpg","contentUrl":"https:\/\/agenciainfra.com\/blog\/wp-content\/uploads\/2025\/10\/enel-foto-paulo-pinto-agencia-brasil.jpg","width":1280,"height":765,"caption":"Foto: Paulo Pinto\/Ag\u00eancia Brasil"},{"@type":"BreadcrumbList","@id":"https:\/\/agenciainfra.com\/blog\/enel-sp-alega-vicio-no-processo-e-diz-que-caducidade-nao-e-a-melhor-solucao\/#breadcrumb","itemListElement":[{"@type":"ListItem","position":1,"name":"In\u00edcio","item":"https:\/\/agenciainfra.com\/blog\/"},{"@type":"ListItem","position":2,"name":"Enel SP alega v\u00edcio no processo e diz que caducidade n\u00e3o \u00e9 a melhor solu\u00e7\u00e3o"}]},{"@type":"WebSite","@id":"https:\/\/agenciainfra.com\/blog\/#website","url":"https:\/\/agenciainfra.com\/blog\/","name":"Ag\u00eancia iNFRA","description":"Multiplataforma de informa\u00e7\u00e3o jornal\u00edstica refer\u00eancia na \u00e1rea de infraestrutura no Brasil!","publisher":{"@id":"https:\/\/agenciainfra.com\/blog\/#organization"},"potentialAction":[{"@type":"SearchAction","target":{"@type":"EntryPoint","urlTemplate":"https:\/\/agenciainfra.com\/blog\/?s={search_term_string}"},"query-input":{"@type":"PropertyValueSpecification","valueRequired":true,"valueName":"search_term_string"}}],"inLanguage":"pt-BR"},{"@type":"Organization","@id":"https:\/\/agenciainfra.com\/blog\/#organization","name":"Ag\u00eancia iNFRA","url":"https:\/\/agenciainfra.com\/blog\/","logo":{"@type":"ImageObject","inLanguage":"pt-BR","@id":"https:\/\/agenciainfra.com\/blog\/#\/schema\/logo\/image\/","url":"https:\/\/agenciainfra.com\/blog\/wp-content\/uploads\/2023\/09\/iNFRA_5-e1761735885940.png","contentUrl":"https:\/\/agenciainfra.com\/blog\/wp-content\/uploads\/2023\/09\/iNFRA_5-e1761735885940.png","width":1672,"height":454,"caption":"Ag\u00eancia iNFRA"},"image":{"@id":"https:\/\/agenciainfra.com\/blog\/#\/schema\/logo\/image\/"},"sameAs":["https:\/\/www.facebook.com\/ageninfra","https:\/\/x.com\/agencia_infra","https:\/\/www.linkedin.com\/company\/ag\u00eanciainfra\/","https:\/\/www.instagram.com\/agenciainfra\/"]},{"@type":"Person","@id":"https:\/\/agenciainfra.com\/blog\/#\/schema\/person\/34af08dff6adea4cb22b06612ba7acfa","name":"Ag\u00eancia iNFRA","image":{"@type":"ImageObject","inLanguage":"pt-BR","@id":"https:\/\/secure.gravatar.com\/avatar\/d189e01678f06d8eb84d4e01f08eb848b3fffe3f8443818d3c356c66892f5be8?s=96&d=mm&r=g","url":"https:\/\/secure.gravatar.com\/avatar\/d189e01678f06d8eb84d4e01f08eb848b3fffe3f8443818d3c356c66892f5be8?s=96&d=mm&r=g","contentUrl":"https:\/\/secure.gravatar.com\/avatar\/d189e01678f06d8eb84d4e01f08eb848b3fffe3f8443818d3c356c66892f5be8?s=96&d=mm&r=g","caption":"Ag\u00eancia iNFRA"},"url":"https:\/\/agenciainfra.com\/blog\/author\/admin\/"}]}},"_links":{"self":[{"href":"https:\/\/agenciainfra.com\/blog\/wp-json\/wp\/v2\/posts\/46955","targetHints":{"allow":["GET"]}}],"collection":[{"href":"https:\/\/agenciainfra.com\/blog\/wp-json\/wp\/v2\/posts"}],"about":[{"href":"https:\/\/agenciainfra.com\/blog\/wp-json\/wp\/v2\/types\/post"}],"author":[{"embeddable":true,"href":"https:\/\/agenciainfra.com\/blog\/wp-json\/wp\/v2\/users\/1"}],"replies":[{"embeddable":true,"href":"https:\/\/agenciainfra.com\/blog\/wp-json\/wp\/v2\/comments?post=46955"}],"version-history":[{"count":2,"href":"https:\/\/agenciainfra.com\/blog\/wp-json\/wp\/v2\/posts\/46955\/revisions"}],"predecessor-version":[{"id":46960,"href":"https:\/\/agenciainfra.com\/blog\/wp-json\/wp\/v2\/posts\/46955\/revisions\/46960"}],"wp:featuredmedia":[{"embeddable":true,"href":"https:\/\/agenciainfra.com\/blog\/wp-json\/wp\/v2\/media\/29686"}],"wp:attachment":[{"href":"https:\/\/agenciainfra.com\/blog\/wp-json\/wp\/v2\/media?parent=46955"}],"wp:term":[{"taxonomy":"category","embeddable":true,"href":"https:\/\/agenciainfra.com\/blog\/wp-json\/wp\/v2\/categories?post=46955"},{"taxonomy":"post_tag","embeddable":true,"href":"https:\/\/agenciainfra.com\/blog\/wp-json\/wp\/v2\/tags?post=46955"}],"curies":[{"name":"wp","href":"https:\/\/api.w.org\/{rel}","templated":true}]}}