{"id":46966,"date":"2026-09-04T11:20:56","date_gmt":"2026-09-04T14:20:56","guid":{"rendered":"https:\/\/agenciainfra.com\/blog\/?p=46966"},"modified":"2026-09-04T11:24:38","modified_gmt":"2026-09-04T14:24:38","slug":"procuradoria-diz-que-aneel-pode-impor-regra-para-distribuidoras-na-comercializacao","status":"publish","type":"post","link":"https:\/\/agenciainfra.com\/blog\/procuradoria-diz-que-aneel-pode-impor-regra-para-distribuidoras-na-comercializacao\/","title":{"rendered":"ANEEL pode impor regra a distribuidoras na comercializa\u00e7\u00e3o, diz procuradoria"},"content":{"rendered":"\n<p class=\"has-text-align-right\"><strong>Geraldo Campos Jr., da Ag\u00eancia iNFRA<\/strong><\/p>\n\n\n\n<p>A Procuradoria Federal junto \u00e0 ANEEL (Ag\u00eancia Nacional de Energia El\u00e9trica) emitiu parecer jur\u00eddico em que afirma que a reguladora t\u00eam plena compet\u00eancia e respaldo legal para impor restri\u00e7\u00f5es \u00e0 distribuidoras no segmento de comercializa\u00e7\u00e3o de energia. O <a href=\"https:\/\/agenciainfra.com\/blog\/wp-content\/uploads\/2026\/09\/Parecer_218_2026_CID_DIR__03_09_2026.pdf\">documento<\/a>, emitido na quinta-feira (3), trata de processo pautado para a pr\u00f3xima ter\u00e7a-feira (8), que analisa, entre outros pontos, proibir o compartilhamento de recursos e da identidade visual e marca de distribuidoras com comercializadora com mesmo grupo econ\u00f4mico.<\/p>\n\n\n\n<p>O documento afirma que o parecer do Cade (Conselho Administrativo de Defesa Econ\u00f4mica) que abordou o tema n\u00e3o afasta a compet\u00eancia da ag\u00eancia e reconhece que cabe \u00e0 ANEEL definir o modelo de concorr\u00eancia que melhor atenda aos interesses p\u00fablicos setoriais. Sendo assim, a atua\u00e7\u00e3o da reguladora n\u00e3o invadiria as atribui\u00e7\u00f5es do conselho.<\/p>\n\n\n\n<p>\u201cA ANEEL n\u00e3o apura infra\u00e7\u00e3o \u00e0 ordem econ\u00f4mica nem examina ato de concentra\u00e7\u00e3o. Estabelece regras gerais para um mercado em processo de abertura, no exerc\u00edcio das compet\u00eancias examinadas no t\u00f3pico anterior. A prote\u00e7\u00e3o da concorr\u00eancia pode integrar tanto a regula\u00e7\u00e3o setorial quanto a atua\u00e7\u00e3o do CADE, sem que essas compet\u00eancias se confundam\u201d, diz a procuradoria.<\/p>\n\n\n\n<p>Ainda segundo o parecer, a Lei 10.848\/2004, que atribui expressamente \u00e0 ANEEL a regulamenta\u00e7\u00e3o da comercializa\u00e7\u00e3o varejista, tamb\u00e9m permite que a ag\u00eancia atue para promover as salvaguardas destinadas \u00e0 neutralidade da distribuidora e \u00e0s condi\u00e7\u00f5es de concorr\u00eancia.<\/p>\n\n\n\n<p>Esse enquadramento, observa a procuradoria, \u00e9 refor\u00e7ado pelo Decreto 12.068\/2024, de renova\u00e7\u00e3o das concess\u00f5es, que determina que a reguladora estabele\u00e7a, na migra\u00e7\u00e3o para o mercado livre, veda\u00e7\u00f5es a condutas anticoncorrenciais, inclusive quanto \u00e0 prote\u00e7\u00e3o e ao compartilhamento de dados e \u00e0 garantia de condi\u00e7\u00f5es ison\u00f4micas aos consumidores.<\/p>\n","protected":false},"excerpt":{"rendered":"<p>Geraldo Campos Jr., da Ag\u00eancia iNFRA A Procuradoria Federal junto \u00e0 ANEEL (Ag\u00eancia Nacional de Energia El\u00e9trica) emitiu parecer jur\u00eddico em que afirma que a reguladora t\u00eam plena compet\u00eancia e respaldo legal para impor restri\u00e7\u00f5es \u00e0 distribuidoras no segmento de comercializa\u00e7\u00e3o de energia. O documento, emitido na quinta-feira (3), trata de processo pautado para a [&hellip;]<\/p>\n","protected":false},"author":1,"featured_media":23973,"comment_status":"closed","ping_status":"closed","sticky":false,"template":"","format":"standard","meta":{"_monsterinsights_skip_tracking":false,"_monsterinsights_sitenote_active":false,"_monsterinsights_sitenote_note":"","_monsterinsights_sitenote_category":0,"footnotes":""},"categories":[7250],"tags":[53,371,5540,491,25,11594,924,11872],"class_list":["post-46966","post","type-post","status-publish","format-standard","has-post-thumbnail","hentry","category-destaque-lista","tag-aneel","tag-cade","tag-comercializacao-de-energia","tag-distribuidoras-de-energia","tag-energia","tag-geraldo-campos-jr","tag-mercado-livre-de-energia","tag-procuradoria-da-aneel"],"yoast_head":"<!-- This site is optimized with the Yoast SEO Premium plugin v25.4 (Yoast SEO v28.2) - https:\/\/yoast.com\/product\/yoast-seo-premium-wordpress\/ -->\n<title>ANEEL pode impor regra a distribuidoras na comercializa\u00e7\u00e3o, diz procuradoria - Ag\u00eancia iNFRA<\/title>\n<meta name=\"robots\" content=\"index, follow, max-snippet:-1, max-image-preview:large, max-video-preview:-1\" \/>\n<link rel=\"canonical\" href=\"https:\/\/agenciainfra.com\/blog\/procuradoria-diz-que-aneel-pode-impor-regra-para-distribuidoras-na-comercializacao\/\" \/>\n<meta property=\"og:locale\" content=\"pt_BR\" \/>\n<meta property=\"og:type\" content=\"article\" \/>\n<meta property=\"og:title\" content=\"ANEEL pode impor regra a distribuidoras na comercializa\u00e7\u00e3o, diz procuradoria\" \/>\n<meta property=\"og:description\" content=\"Geraldo Campos Jr., da Ag\u00eancia iNFRA A Procuradoria Federal junto \u00e0 ANEEL (Ag\u00eancia Nacional de Energia El\u00e9trica) emitiu parecer jur\u00eddico em que afirma que a reguladora t\u00eam plena compet\u00eancia e respaldo legal para impor restri\u00e7\u00f5es \u00e0 distribuidoras no segmento de comercializa\u00e7\u00e3o de energia. O documento, emitido na quinta-feira (3), trata de processo pautado para a [&hellip;]\" \/>\n<meta property=\"og:url\" content=\"https:\/\/agenciainfra.com\/blog\/procuradoria-diz-que-aneel-pode-impor-regra-para-distribuidoras-na-comercializacao\/\" \/>\n<meta property=\"og:site_name\" content=\"Ag\u00eancia iNFRA\" \/>\n<meta property=\"article:publisher\" content=\"https:\/\/www.facebook.com\/ageninfra\" \/>\n<meta property=\"article:published_time\" content=\"2026-09-04T14:20:56+00:00\" \/>\n<meta property=\"article:modified_time\" content=\"2026-09-04T14:24:38+00:00\" \/>\n<meta property=\"og:image\" content=\"https:\/\/agenciainfra.com\/blog\/wp-content\/uploads\/2025\/07\/energia-eletrica-poste-distribuidora-foto-rovena-rosa-agencia-brasil.png\" \/>\n\t<meta property=\"og:image:width\" content=\"1280\" \/>\n\t<meta property=\"og:image:height\" content=\"764\" \/>\n\t<meta property=\"og:image:type\" content=\"image\/png\" \/>\n<meta name=\"author\" content=\"Ag\u00eancia iNFRA\" \/>\n<meta name=\"twitter:card\" content=\"summary_large_image\" \/>\n<meta name=\"twitter:creator\" content=\"@agencia_infra\" \/>\n<meta name=\"twitter:site\" content=\"@agencia_infra\" \/>\n<meta name=\"twitter:label1\" content=\"Escrito por\" \/>\n\t<meta name=\"twitter:data1\" content=\"Ag\u00eancia iNFRA\" \/>\n\t<meta name=\"twitter:label2\" content=\"Est. tempo de leitura\" \/>\n\t<meta name=\"twitter:data2\" content=\"2 minutos\" \/>\n<script type=\"application\/ld+json\" class=\"yoast-schema-graph\">{\"@context\":\"https:\\\/\\\/schema.org\",\"@graph\":[{\"@type\":\"Article\",\"@id\":\"https:\\\/\\\/agenciainfra.com\\\/blog\\\/procuradoria-diz-que-aneel-pode-impor-regra-para-distribuidoras-na-comercializacao\\\/#article\",\"isPartOf\":{\"@id\":\"https:\\\/\\\/agenciainfra.com\\\/blog\\\/procuradoria-diz-que-aneel-pode-impor-regra-para-distribuidoras-na-comercializacao\\\/\"},\"author\":{\"name\":\"Ag\u00eancia iNFRA\",\"@id\":\"https:\\\/\\\/agenciainfra.com\\\/blog\\\/#\\\/schema\\\/person\\\/34af08dff6adea4cb22b06612ba7acfa\"},\"headline\":\"ANEEL pode impor regra a distribuidoras na comercializa\u00e7\u00e3o, diz procuradoria\",\"datePublished\":\"2026-09-04T14:20:56+00:00\",\"dateModified\":\"2026-09-04T14:24:38+00:00\",\"mainEntityOfPage\":{\"@id\":\"https:\\\/\\\/agenciainfra.com\\\/blog\\\/procuradoria-diz-que-aneel-pode-impor-regra-para-distribuidoras-na-comercializacao\\\/\"},\"wordCount\":319,\"publisher\":{\"@id\":\"https:\\\/\\\/agenciainfra.com\\\/blog\\\/#organization\"},\"image\":{\"@id\":\"https:\\\/\\\/agenciainfra.com\\\/blog\\\/procuradoria-diz-que-aneel-pode-impor-regra-para-distribuidoras-na-comercializacao\\\/#primaryimage\"},\"thumbnailUrl\":\"https:\\\/\\\/agenciainfra.com\\\/blog\\\/wp-content\\\/uploads\\\/2025\\\/07\\\/energia-eletrica-poste-distribuidora-foto-rovena-rosa-agencia-brasil.png\",\"keywords\":[\"ANEEL\",\"Cade\",\"comercializa\u00e7\u00e3o de energia\",\"distribuidoras de energia\",\"energia\",\"Geraldo Campos Jr.\",\"mercado livre de energia\",\"Procuradoria da ANEEL\"],\"articleSection\":[\"Destaque lista\"],\"inLanguage\":\"pt-BR\",\"copyrightYear\":\"2026\",\"copyrightHolder\":{\"@id\":\"https:\\\/\\\/agenciainfra.com\\\/blog\\\/#organization\"}},{\"@type\":\"WebPage\",\"@id\":\"https:\\\/\\\/agenciainfra.com\\\/blog\\\/procuradoria-diz-que-aneel-pode-impor-regra-para-distribuidoras-na-comercializacao\\\/\",\"url\":\"https:\\\/\\\/agenciainfra.com\\\/blog\\\/procuradoria-diz-que-aneel-pode-impor-regra-para-distribuidoras-na-comercializacao\\\/\",\"name\":\"ANEEL pode impor regra a distribuidoras na comercializa\u00e7\u00e3o, diz procuradoria - Ag\u00eancia iNFRA\",\"isPartOf\":{\"@id\":\"https:\\\/\\\/agenciainfra.com\\\/blog\\\/#website\"},\"primaryImageOfPage\":{\"@id\":\"https:\\\/\\\/agenciainfra.com\\\/blog\\\/procuradoria-diz-que-aneel-pode-impor-regra-para-distribuidoras-na-comercializacao\\\/#primaryimage\"},\"image\":{\"@id\":\"https:\\\/\\\/agenciainfra.com\\\/blog\\\/procuradoria-diz-que-aneel-pode-impor-regra-para-distribuidoras-na-comercializacao\\\/#primaryimage\"},\"thumbnailUrl\":\"https:\\\/\\\/agenciainfra.com\\\/blog\\\/wp-content\\\/uploads\\\/2025\\\/07\\\/energia-eletrica-poste-distribuidora-foto-rovena-rosa-agencia-brasil.png\",\"datePublished\":\"2026-09-04T14:20:56+00:00\",\"dateModified\":\"2026-09-04T14:24:38+00:00\",\"breadcrumb\":{\"@id\":\"https:\\\/\\\/agenciainfra.com\\\/blog\\\/procuradoria-diz-que-aneel-pode-impor-regra-para-distribuidoras-na-comercializacao\\\/#breadcrumb\"},\"inLanguage\":\"pt-BR\",\"potentialAction\":[{\"@type\":\"ReadAction\",\"target\":[\"https:\\\/\\\/agenciainfra.com\\\/blog\\\/procuradoria-diz-que-aneel-pode-impor-regra-para-distribuidoras-na-comercializacao\\\/\"]}]},{\"@type\":\"ImageObject\",\"inLanguage\":\"pt-BR\",\"@id\":\"https:\\\/\\\/agenciainfra.com\\\/blog\\\/procuradoria-diz-que-aneel-pode-impor-regra-para-distribuidoras-na-comercializacao\\\/#primaryimage\",\"url\":\"https:\\\/\\\/agenciainfra.com\\\/blog\\\/wp-content\\\/uploads\\\/2025\\\/07\\\/energia-eletrica-poste-distribuidora-foto-rovena-rosa-agencia-brasil.png\",\"contentUrl\":\"https:\\\/\\\/agenciainfra.com\\\/blog\\\/wp-content\\\/uploads\\\/2025\\\/07\\\/energia-eletrica-poste-distribuidora-foto-rovena-rosa-agencia-brasil.png\",\"width\":1280,\"height\":764,\"caption\":\"Foto: Rovena Rosa\\\/Ag\u00eancia Brasil\"},{\"@type\":\"BreadcrumbList\",\"@id\":\"https:\\\/\\\/agenciainfra.com\\\/blog\\\/procuradoria-diz-que-aneel-pode-impor-regra-para-distribuidoras-na-comercializacao\\\/#breadcrumb\",\"itemListElement\":[{\"@type\":\"ListItem\",\"position\":1,\"name\":\"In\u00edcio\",\"item\":\"https:\\\/\\\/agenciainfra.com\\\/blog\\\/\"},{\"@type\":\"ListItem\",\"position\":2,\"name\":\"ANEEL pode impor regra a distribuidoras na comercializa\u00e7\u00e3o, diz procuradoria\"}]},{\"@type\":\"WebSite\",\"@id\":\"https:\\\/\\\/agenciainfra.com\\\/blog\\\/#website\",\"url\":\"https:\\\/\\\/agenciainfra.com\\\/blog\\\/\",\"name\":\"Ag\u00eancia iNFRA\",\"description\":\"Multiplataforma de informa\u00e7\u00e3o jornal\u00edstica refer\u00eancia na \u00e1rea de infraestrutura no Brasil!\",\"publisher\":{\"@id\":\"https:\\\/\\\/agenciainfra.com\\\/blog\\\/#organization\"},\"potentialAction\":[{\"@type\":\"SearchAction\",\"target\":{\"@type\":\"EntryPoint\",\"urlTemplate\":\"https:\\\/\\\/agenciainfra.com\\\/blog\\\/?s={search_term_string}\"},\"query-input\":{\"@type\":\"PropertyValueSpecification\",\"valueRequired\":true,\"valueName\":\"search_term_string\"}}],\"inLanguage\":\"pt-BR\"},{\"@type\":\"Organization\",\"@id\":\"https:\\\/\\\/agenciainfra.com\\\/blog\\\/#organization\",\"name\":\"Ag\u00eancia iNFRA\",\"url\":\"https:\\\/\\\/agenciainfra.com\\\/blog\\\/\",\"logo\":{\"@type\":\"ImageObject\",\"inLanguage\":\"pt-BR\",\"@id\":\"https:\\\/\\\/agenciainfra.com\\\/blog\\\/#\\\/schema\\\/logo\\\/image\\\/\",\"url\":\"https:\\\/\\\/agenciainfra.com\\\/blog\\\/wp-content\\\/uploads\\\/2023\\\/09\\\/iNFRA_5-e1761735885940.png\",\"contentUrl\":\"https:\\\/\\\/agenciainfra.com\\\/blog\\\/wp-content\\\/uploads\\\/2023\\\/09\\\/iNFRA_5-e1761735885940.png\",\"width\":1672,\"height\":454,\"caption\":\"Ag\u00eancia iNFRA\"},\"image\":{\"@id\":\"https:\\\/\\\/agenciainfra.com\\\/blog\\\/#\\\/schema\\\/logo\\\/image\\\/\"},\"sameAs\":[\"https:\\\/\\\/www.facebook.com\\\/ageninfra\",\"https:\\\/\\\/x.com\\\/agencia_infra\",\"https:\\\/\\\/www.linkedin.com\\\/company\\\/ag\u00eanciainfra\\\/\",\"https:\\\/\\\/www.instagram.com\\\/agenciainfra\\\/\"]},{\"@type\":\"Person\",\"@id\":\"https:\\\/\\\/agenciainfra.com\\\/blog\\\/#\\\/schema\\\/person\\\/34af08dff6adea4cb22b06612ba7acfa\",\"name\":\"Ag\u00eancia iNFRA\",\"image\":{\"@type\":\"ImageObject\",\"inLanguage\":\"pt-BR\",\"@id\":\"https:\\\/\\\/secure.gravatar.com\\\/avatar\\\/d189e01678f06d8eb84d4e01f08eb848b3fffe3f8443818d3c356c66892f5be8?s=96&d=mm&r=g\",\"url\":\"https:\\\/\\\/secure.gravatar.com\\\/avatar\\\/d189e01678f06d8eb84d4e01f08eb848b3fffe3f8443818d3c356c66892f5be8?s=96&d=mm&r=g\",\"contentUrl\":\"https:\\\/\\\/secure.gravatar.com\\\/avatar\\\/d189e01678f06d8eb84d4e01f08eb848b3fffe3f8443818d3c356c66892f5be8?s=96&d=mm&r=g\",\"caption\":\"Ag\u00eancia iNFRA\"},\"url\":\"https:\\\/\\\/agenciainfra.com\\\/blog\\\/author\\\/admin\\\/\"}]}<\/script>\n<!-- \/ Yoast SEO Premium plugin. -->","yoast_head_json":{"title":"ANEEL pode impor regra a distribuidoras na comercializa\u00e7\u00e3o, diz procuradoria - Ag\u00eancia iNFRA","robots":{"index":"index","follow":"follow","max-snippet":"max-snippet:-1","max-image-preview":"max-image-preview:large","max-video-preview":"max-video-preview:-1"},"canonical":"https:\/\/agenciainfra.com\/blog\/procuradoria-diz-que-aneel-pode-impor-regra-para-distribuidoras-na-comercializacao\/","og_locale":"pt_BR","og_type":"article","og_title":"ANEEL pode impor regra a distribuidoras na comercializa\u00e7\u00e3o, diz procuradoria","og_description":"Geraldo Campos Jr., da Ag\u00eancia iNFRA A Procuradoria Federal junto \u00e0 ANEEL (Ag\u00eancia Nacional de Energia El\u00e9trica) emitiu parecer jur\u00eddico em que afirma que a reguladora t\u00eam plena compet\u00eancia e respaldo legal para impor restri\u00e7\u00f5es \u00e0 distribuidoras no segmento de comercializa\u00e7\u00e3o de energia. O documento, emitido na quinta-feira (3), trata de processo pautado para a [&hellip;]","og_url":"https:\/\/agenciainfra.com\/blog\/procuradoria-diz-que-aneel-pode-impor-regra-para-distribuidoras-na-comercializacao\/","og_site_name":"Ag\u00eancia iNFRA","article_publisher":"https:\/\/www.facebook.com\/ageninfra","article_published_time":"2026-09-04T14:20:56+00:00","article_modified_time":"2026-09-04T14:24:38+00:00","og_image":[{"width":1280,"height":764,"url":"https:\/\/agenciainfra.com\/blog\/wp-content\/uploads\/2025\/07\/energia-eletrica-poste-distribuidora-foto-rovena-rosa-agencia-brasil.png","type":"image\/png"}],"author":"Ag\u00eancia iNFRA","twitter_card":"summary_large_image","twitter_creator":"@agencia_infra","twitter_site":"@agencia_infra","twitter_misc":{"Escrito por":"Ag\u00eancia iNFRA","Est. tempo de leitura":"2 minutos"},"schema":{"@context":"https:\/\/schema.org","@graph":[{"@type":"Article","@id":"https:\/\/agenciainfra.com\/blog\/procuradoria-diz-que-aneel-pode-impor-regra-para-distribuidoras-na-comercializacao\/#article","isPartOf":{"@id":"https:\/\/agenciainfra.com\/blog\/procuradoria-diz-que-aneel-pode-impor-regra-para-distribuidoras-na-comercializacao\/"},"author":{"name":"Ag\u00eancia iNFRA","@id":"https:\/\/agenciainfra.com\/blog\/#\/schema\/person\/34af08dff6adea4cb22b06612ba7acfa"},"headline":"ANEEL pode impor regra a distribuidoras na comercializa\u00e7\u00e3o, diz procuradoria","datePublished":"2026-09-04T14:20:56+00:00","dateModified":"2026-09-04T14:24:38+00:00","mainEntityOfPage":{"@id":"https:\/\/agenciainfra.com\/blog\/procuradoria-diz-que-aneel-pode-impor-regra-para-distribuidoras-na-comercializacao\/"},"wordCount":319,"publisher":{"@id":"https:\/\/agenciainfra.com\/blog\/#organization"},"image":{"@id":"https:\/\/agenciainfra.com\/blog\/procuradoria-diz-que-aneel-pode-impor-regra-para-distribuidoras-na-comercializacao\/#primaryimage"},"thumbnailUrl":"https:\/\/agenciainfra.com\/blog\/wp-content\/uploads\/2025\/07\/energia-eletrica-poste-distribuidora-foto-rovena-rosa-agencia-brasil.png","keywords":["ANEEL","Cade","comercializa\u00e7\u00e3o de energia","distribuidoras de energia","energia","Geraldo Campos Jr.","mercado livre de energia","Procuradoria da ANEEL"],"articleSection":["Destaque lista"],"inLanguage":"pt-BR","copyrightYear":"2026","copyrightHolder":{"@id":"https:\/\/agenciainfra.com\/blog\/#organization"}},{"@type":"WebPage","@id":"https:\/\/agenciainfra.com\/blog\/procuradoria-diz-que-aneel-pode-impor-regra-para-distribuidoras-na-comercializacao\/","url":"https:\/\/agenciainfra.com\/blog\/procuradoria-diz-que-aneel-pode-impor-regra-para-distribuidoras-na-comercializacao\/","name":"ANEEL pode impor regra a distribuidoras na comercializa\u00e7\u00e3o, diz procuradoria - Ag\u00eancia iNFRA","isPartOf":{"@id":"https:\/\/agenciainfra.com\/blog\/#website"},"primaryImageOfPage":{"@id":"https:\/\/agenciainfra.com\/blog\/procuradoria-diz-que-aneel-pode-impor-regra-para-distribuidoras-na-comercializacao\/#primaryimage"},"image":{"@id":"https:\/\/agenciainfra.com\/blog\/procuradoria-diz-que-aneel-pode-impor-regra-para-distribuidoras-na-comercializacao\/#primaryimage"},"thumbnailUrl":"https:\/\/agenciainfra.com\/blog\/wp-content\/uploads\/2025\/07\/energia-eletrica-poste-distribuidora-foto-rovena-rosa-agencia-brasil.png","datePublished":"2026-09-04T14:20:56+00:00","dateModified":"2026-09-04T14:24:38+00:00","breadcrumb":{"@id":"https:\/\/agenciainfra.com\/blog\/procuradoria-diz-que-aneel-pode-impor-regra-para-distribuidoras-na-comercializacao\/#breadcrumb"},"inLanguage":"pt-BR","potentialAction":[{"@type":"ReadAction","target":["https:\/\/agenciainfra.com\/blog\/procuradoria-diz-que-aneel-pode-impor-regra-para-distribuidoras-na-comercializacao\/"]}]},{"@type":"ImageObject","inLanguage":"pt-BR","@id":"https:\/\/agenciainfra.com\/blog\/procuradoria-diz-que-aneel-pode-impor-regra-para-distribuidoras-na-comercializacao\/#primaryimage","url":"https:\/\/agenciainfra.com\/blog\/wp-content\/uploads\/2025\/07\/energia-eletrica-poste-distribuidora-foto-rovena-rosa-agencia-brasil.png","contentUrl":"https:\/\/agenciainfra.com\/blog\/wp-content\/uploads\/2025\/07\/energia-eletrica-poste-distribuidora-foto-rovena-rosa-agencia-brasil.png","width":1280,"height":764,"caption":"Foto: Rovena Rosa\/Ag\u00eancia Brasil"},{"@type":"BreadcrumbList","@id":"https:\/\/agenciainfra.com\/blog\/procuradoria-diz-que-aneel-pode-impor-regra-para-distribuidoras-na-comercializacao\/#breadcrumb","itemListElement":[{"@type":"ListItem","position":1,"name":"In\u00edcio","item":"https:\/\/agenciainfra.com\/blog\/"},{"@type":"ListItem","position":2,"name":"ANEEL pode impor regra a distribuidoras na comercializa\u00e7\u00e3o, diz procuradoria"}]},{"@type":"WebSite","@id":"https:\/\/agenciainfra.com\/blog\/#website","url":"https:\/\/agenciainfra.com\/blog\/","name":"Ag\u00eancia iNFRA","description":"Multiplataforma de informa\u00e7\u00e3o jornal\u00edstica refer\u00eancia na \u00e1rea de infraestrutura no Brasil!","publisher":{"@id":"https:\/\/agenciainfra.com\/blog\/#organization"},"potentialAction":[{"@type":"SearchAction","target":{"@type":"EntryPoint","urlTemplate":"https:\/\/agenciainfra.com\/blog\/?s={search_term_string}"},"query-input":{"@type":"PropertyValueSpecification","valueRequired":true,"valueName":"search_term_string"}}],"inLanguage":"pt-BR"},{"@type":"Organization","@id":"https:\/\/agenciainfra.com\/blog\/#organization","name":"Ag\u00eancia iNFRA","url":"https:\/\/agenciainfra.com\/blog\/","logo":{"@type":"ImageObject","inLanguage":"pt-BR","@id":"https:\/\/agenciainfra.com\/blog\/#\/schema\/logo\/image\/","url":"https:\/\/agenciainfra.com\/blog\/wp-content\/uploads\/2023\/09\/iNFRA_5-e1761735885940.png","contentUrl":"https:\/\/agenciainfra.com\/blog\/wp-content\/uploads\/2023\/09\/iNFRA_5-e1761735885940.png","width":1672,"height":454,"caption":"Ag\u00eancia iNFRA"},"image":{"@id":"https:\/\/agenciainfra.com\/blog\/#\/schema\/logo\/image\/"},"sameAs":["https:\/\/www.facebook.com\/ageninfra","https:\/\/x.com\/agencia_infra","https:\/\/www.linkedin.com\/company\/ag\u00eanciainfra\/","https:\/\/www.instagram.com\/agenciainfra\/"]},{"@type":"Person","@id":"https:\/\/agenciainfra.com\/blog\/#\/schema\/person\/34af08dff6adea4cb22b06612ba7acfa","name":"Ag\u00eancia iNFRA","image":{"@type":"ImageObject","inLanguage":"pt-BR","@id":"https:\/\/secure.gravatar.com\/avatar\/d189e01678f06d8eb84d4e01f08eb848b3fffe3f8443818d3c356c66892f5be8?s=96&d=mm&r=g","url":"https:\/\/secure.gravatar.com\/avatar\/d189e01678f06d8eb84d4e01f08eb848b3fffe3f8443818d3c356c66892f5be8?s=96&d=mm&r=g","contentUrl":"https:\/\/secure.gravatar.com\/avatar\/d189e01678f06d8eb84d4e01f08eb848b3fffe3f8443818d3c356c66892f5be8?s=96&d=mm&r=g","caption":"Ag\u00eancia iNFRA"},"url":"https:\/\/agenciainfra.com\/blog\/author\/admin\/"}]}},"_links":{"self":[{"href":"https:\/\/agenciainfra.com\/blog\/wp-json\/wp\/v2\/posts\/46966","targetHints":{"allow":["GET"]}}],"collection":[{"href":"https:\/\/agenciainfra.com\/blog\/wp-json\/wp\/v2\/posts"}],"about":[{"href":"https:\/\/agenciainfra.com\/blog\/wp-json\/wp\/v2\/types\/post"}],"author":[{"embeddable":true,"href":"https:\/\/agenciainfra.com\/blog\/wp-json\/wp\/v2\/users\/1"}],"replies":[{"embeddable":true,"href":"https:\/\/agenciainfra.com\/blog\/wp-json\/wp\/v2\/comments?post=46966"}],"version-history":[{"count":2,"href":"https:\/\/agenciainfra.com\/blog\/wp-json\/wp\/v2\/posts\/46966\/revisions"}],"predecessor-version":[{"id":46969,"href":"https:\/\/agenciainfra.com\/blog\/wp-json\/wp\/v2\/posts\/46966\/revisions\/46969"}],"wp:featuredmedia":[{"embeddable":true,"href":"https:\/\/agenciainfra.com\/blog\/wp-json\/wp\/v2\/media\/23973"}],"wp:attachment":[{"href":"https:\/\/agenciainfra.com\/blog\/wp-json\/wp\/v2\/media?parent=46966"}],"wp:term":[{"taxonomy":"category","embeddable":true,"href":"https:\/\/agenciainfra.com\/blog\/wp-json\/wp\/v2\/categories?post=46966"},{"taxonomy":"post_tag","embeddable":true,"href":"https:\/\/agenciainfra.com\/blog\/wp-json\/wp\/v2\/tags?post=46966"}],"curies":[{"name":"wp","href":"https:\/\/api.w.org\/{rel}","templated":true}]}}