{"id":46971,"date":"2026-09-04T11:47:45","date_gmt":"2026-09-04T14:47:45","guid":{"rendered":"https:\/\/agenciainfra.com\/blog\/?p=46971"},"modified":"2026-09-04T12:19:22","modified_gmt":"2026-09-04T15:19:22","slug":"distribuidoras-podem-controlar-13-gw-de-mmgd-com-revisao-de-norma-diz-aneel","status":"publish","type":"post","link":"https:\/\/agenciainfra.com\/blog\/distribuidoras-podem-controlar-13-gw-de-mmgd-com-revisao-de-norma-diz-aneel\/","title":{"rendered":"Distribuidoras podem controlar 13 GW de MMGD com revis\u00e3o de norma, diz ANEEL"},"content":{"rendered":"\n<p class=\"has-text-align-right\"><strong>Lais Carregosa, da Ag\u00eancia iNFRA<\/strong><\/p>\n\n\n\n<p>As distribuidoras podem controlar at\u00e9 13 GW (gigawatts) de minigera\u00e7\u00e3o distribu\u00edda com a revis\u00e3o dos procedimentos de rede. A abertura de consulta p\u00fablica est\u00e1 na pauta da pr\u00f3xima reuni\u00e3o de diretoria da ANEEL (Ag\u00eancia Nacional de Energia El\u00e9trica), marcada para ter\u00e7a-feira (8).<\/p>\n\n\n\n<p>A informa\u00e7\u00e3o consta em AIR (An\u00e1lise de Impacto Regulat\u00f3rio) de 15 de julho, que discorre sobre as alternativas para a aplica\u00e7\u00e3o de requisitos que permitam o controle da MMGD (Micro e Minigera\u00e7\u00e3o Distribu\u00edda), em um contexto de expans\u00e3o dessa fonte. A op\u00e7\u00e3o recomendada pela \u00e1rea t\u00e9cnica da reguladora \u00e9 a aplica\u00e7\u00e3o dos novos requisitos a todas as novas conex\u00f5es no sistema de distribui\u00e7\u00e3o e \u00e0s centrais de minigera\u00e7\u00e3o e de GD (gera\u00e7\u00e3o distribu\u00edda) do tipo 3 existentes.<\/p>\n\n\n\n<p>Segundo o documento, essa alternativa faria com que as distribuidoras pudessem desligar 33 GW de gera\u00e7\u00e3o distribu\u00edda, sendo 20 GW de usinas do tipo 3 e 13 GW de minigera\u00e7\u00e3o, alcan\u00e7ando 68 mil centrais de MMGD. A microgera\u00e7\u00e3o, que \u00e9 mais capilarizada, n\u00e3o ser\u00e1 afetada, conforme a proposta. De acordo com a ANEEL, s\u00e3o 4,31 milh\u00f5es de microgeradores.<\/p>\n\n\n\n<p>A GD do tipo 3 \u2013 usinas maiores, geralmente centrais hidrel\u00e9tricas \u2013 j\u00e1 \u00e9 operada dentro do <a href=\"https:\/\/agenciainfra.com\/blog\/ons-aciona-plano-emergencial-de-corte-de-geracao-distribuida-pela-2a-vez\/\">plano emergencial<\/a> do ONS (Operador Nacional do Sistema El\u00e9trico), por meio de comandos \u00e0s distribuidoras, que por sua vez entram em contato com as usinas e solicitam o seu desligamento. A minigera\u00e7\u00e3o, por outro lado, ainda n\u00e3o faz parte do plano.<\/p>\n\n\n\n<p><strong>Prazos<\/strong><br>Os t\u00e9cnicos da ANEEL prop\u00f5em que a atualiza\u00e7\u00e3o dos procedimentos de rede entre em vigor seis meses depois da sua publica\u00e7\u00e3o pela reguladora, a fim de permitir que as concession\u00e1rias de distribui\u00e7\u00e3o e os fabricantes de equipamentos se adaptem \u00e0s novas regras.<\/p>\n\n\n\n<p>Depois disso, a norma entraria em vig\u00eancia imediata para as novas conex\u00f5es de gera\u00e7\u00e3o distribu\u00edda. J\u00e1 as usinas existentes do tipo 3 e de minigera\u00e7\u00e3o teriam quatro e seis meses para adequa\u00e7\u00f5es, respectivamente.<\/p>\n","protected":false},"excerpt":{"rendered":"<p>Lais Carregosa, da Ag\u00eancia iNFRA As distribuidoras podem controlar at\u00e9 13 GW (gigawatts) de minigera\u00e7\u00e3o distribu\u00edda com a revis\u00e3o dos procedimentos de rede. A abertura de consulta p\u00fablica est\u00e1 na pauta da pr\u00f3xima reuni\u00e3o de diretoria da ANEEL (Ag\u00eancia Nacional de Energia El\u00e9trica), marcada para ter\u00e7a-feira (8). A informa\u00e7\u00e3o consta em AIR (An\u00e1lise de Impacto [&hellip;]<\/p>\n","protected":false},"author":1,"featured_media":2972,"comment_status":"closed","ping_status":"closed","sticky":false,"template":"","format":"standard","meta":{"_monsterinsights_skip_tracking":false,"_monsterinsights_sitenote_active":false,"_monsterinsights_sitenote_note":"","_monsterinsights_sitenote_category":0,"footnotes":""},"categories":[7250],"tags":[53,6371,850,13132,8724,216],"class_list":["post-46971","post","type-post","status-publish","format-standard","has-post-thumbnail","hentry","category-destaque-lista","tag-aneel","tag-gd","tag-geracao-distribuida","tag-lais-carregosa","tag-mmgd","tag-ons"],"yoast_head":"<!-- This site is optimized with the Yoast SEO Premium plugin v25.4 (Yoast SEO v28.2) - https:\/\/yoast.com\/product\/yoast-seo-premium-wordpress\/ -->\n<title>Distribuidoras podem controlar 13 GW de MMGD com revis\u00e3o de norma, diz ANEEL - Ag\u00eancia iNFRA<\/title>\n<meta name=\"robots\" content=\"index, follow, max-snippet:-1, max-image-preview:large, max-video-preview:-1\" \/>\n<link rel=\"canonical\" href=\"https:\/\/agenciainfra.com\/blog\/distribuidoras-podem-controlar-13-gw-de-mmgd-com-revisao-de-norma-diz-aneel\/\" \/>\n<meta property=\"og:locale\" content=\"pt_BR\" \/>\n<meta property=\"og:type\" content=\"article\" \/>\n<meta property=\"og:title\" content=\"Distribuidoras podem controlar 13 GW de MMGD com revis\u00e3o de norma, diz ANEEL\" \/>\n<meta property=\"og:description\" content=\"Lais Carregosa, da Ag\u00eancia iNFRA As distribuidoras podem controlar at\u00e9 13 GW (gigawatts) de minigera\u00e7\u00e3o distribu\u00edda com a revis\u00e3o dos procedimentos de rede. A abertura de consulta p\u00fablica est\u00e1 na pauta da pr\u00f3xima reuni\u00e3o de diretoria da ANEEL (Ag\u00eancia Nacional de Energia El\u00e9trica), marcada para ter\u00e7a-feira (8). A informa\u00e7\u00e3o consta em AIR (An\u00e1lise de Impacto [&hellip;]\" \/>\n<meta property=\"og:url\" content=\"https:\/\/agenciainfra.com\/blog\/distribuidoras-podem-controlar-13-gw-de-mmgd-com-revisao-de-norma-diz-aneel\/\" \/>\n<meta property=\"og:site_name\" content=\"Ag\u00eancia iNFRA\" \/>\n<meta property=\"article:publisher\" content=\"https:\/\/www.facebook.com\/ageninfra\" \/>\n<meta property=\"article:published_time\" content=\"2026-09-04T14:47:45+00:00\" \/>\n<meta property=\"article:modified_time\" content=\"2026-09-04T15:19:22+00:00\" \/>\n<meta property=\"og:image\" content=\"https:\/\/agenciainfra.com\/blog\/wp-content\/uploads\/2019\/03\/geracao-distribuida-divulgacao-tecpar-e1746526886433.jpg\" \/>\n\t<meta property=\"og:image:width\" content=\"1280\" \/>\n\t<meta property=\"og:image:height\" content=\"853\" \/>\n\t<meta property=\"og:image:type\" content=\"image\/jpeg\" \/>\n<meta name=\"author\" content=\"Ag\u00eancia iNFRA\" \/>\n<meta name=\"twitter:card\" content=\"summary_large_image\" \/>\n<meta name=\"twitter:creator\" content=\"@agencia_infra\" \/>\n<meta name=\"twitter:site\" content=\"@agencia_infra\" \/>\n<meta name=\"twitter:label1\" content=\"Escrito por\" \/>\n\t<meta name=\"twitter:data1\" content=\"Ag\u00eancia iNFRA\" \/>\n\t<meta name=\"twitter:label2\" content=\"Est. tempo de leitura\" \/>\n\t<meta name=\"twitter:data2\" content=\"2 minutos\" \/>\n<script type=\"application\/ld+json\" class=\"yoast-schema-graph\">{\"@context\":\"https:\\\/\\\/schema.org\",\"@graph\":[{\"@type\":\"Article\",\"@id\":\"https:\\\/\\\/agenciainfra.com\\\/blog\\\/distribuidoras-podem-controlar-13-gw-de-mmgd-com-revisao-de-norma-diz-aneel\\\/#article\",\"isPartOf\":{\"@id\":\"https:\\\/\\\/agenciainfra.com\\\/blog\\\/distribuidoras-podem-controlar-13-gw-de-mmgd-com-revisao-de-norma-diz-aneel\\\/\"},\"author\":{\"name\":\"Ag\u00eancia iNFRA\",\"@id\":\"https:\\\/\\\/agenciainfra.com\\\/blog\\\/#\\\/schema\\\/person\\\/34af08dff6adea4cb22b06612ba7acfa\"},\"headline\":\"Distribuidoras podem controlar 13 GW de MMGD com revis\u00e3o de norma, diz ANEEL\",\"datePublished\":\"2026-09-04T14:47:45+00:00\",\"dateModified\":\"2026-09-04T15:19:22+00:00\",\"mainEntityOfPage\":{\"@id\":\"https:\\\/\\\/agenciainfra.com\\\/blog\\\/distribuidoras-podem-controlar-13-gw-de-mmgd-com-revisao-de-norma-diz-aneel\\\/\"},\"wordCount\":361,\"publisher\":{\"@id\":\"https:\\\/\\\/agenciainfra.com\\\/blog\\\/#organization\"},\"image\":{\"@id\":\"https:\\\/\\\/agenciainfra.com\\\/blog\\\/distribuidoras-podem-controlar-13-gw-de-mmgd-com-revisao-de-norma-diz-aneel\\\/#primaryimage\"},\"thumbnailUrl\":\"https:\\\/\\\/agenciainfra.com\\\/blog\\\/wp-content\\\/uploads\\\/2019\\\/03\\\/geracao-distribuida-divulgacao-tecpar-e1746526886433.jpg\",\"keywords\":[\"ANEEL\",\"GD\",\"gera\u00e7\u00e3o distribu\u00edda\",\"Lais Carregosa\",\"MMGD\",\"ONS\"],\"articleSection\":[\"Destaque lista\"],\"inLanguage\":\"pt-BR\",\"copyrightYear\":\"2026\",\"copyrightHolder\":{\"@id\":\"https:\\\/\\\/agenciainfra.com\\\/blog\\\/#organization\"}},{\"@type\":\"WebPage\",\"@id\":\"https:\\\/\\\/agenciainfra.com\\\/blog\\\/distribuidoras-podem-controlar-13-gw-de-mmgd-com-revisao-de-norma-diz-aneel\\\/\",\"url\":\"https:\\\/\\\/agenciainfra.com\\\/blog\\\/distribuidoras-podem-controlar-13-gw-de-mmgd-com-revisao-de-norma-diz-aneel\\\/\",\"name\":\"Distribuidoras podem controlar 13 GW de MMGD com revis\u00e3o de norma, diz ANEEL - Ag\u00eancia iNFRA\",\"isPartOf\":{\"@id\":\"https:\\\/\\\/agenciainfra.com\\\/blog\\\/#website\"},\"primaryImageOfPage\":{\"@id\":\"https:\\\/\\\/agenciainfra.com\\\/blog\\\/distribuidoras-podem-controlar-13-gw-de-mmgd-com-revisao-de-norma-diz-aneel\\\/#primaryimage\"},\"image\":{\"@id\":\"https:\\\/\\\/agenciainfra.com\\\/blog\\\/distribuidoras-podem-controlar-13-gw-de-mmgd-com-revisao-de-norma-diz-aneel\\\/#primaryimage\"},\"thumbnailUrl\":\"https:\\\/\\\/agenciainfra.com\\\/blog\\\/wp-content\\\/uploads\\\/2019\\\/03\\\/geracao-distribuida-divulgacao-tecpar-e1746526886433.jpg\",\"datePublished\":\"2026-09-04T14:47:45+00:00\",\"dateModified\":\"2026-09-04T15:19:22+00:00\",\"breadcrumb\":{\"@id\":\"https:\\\/\\\/agenciainfra.com\\\/blog\\\/distribuidoras-podem-controlar-13-gw-de-mmgd-com-revisao-de-norma-diz-aneel\\\/#breadcrumb\"},\"inLanguage\":\"pt-BR\",\"potentialAction\":[{\"@type\":\"ReadAction\",\"target\":[\"https:\\\/\\\/agenciainfra.com\\\/blog\\\/distribuidoras-podem-controlar-13-gw-de-mmgd-com-revisao-de-norma-diz-aneel\\\/\"]}]},{\"@type\":\"ImageObject\",\"inLanguage\":\"pt-BR\",\"@id\":\"https:\\\/\\\/agenciainfra.com\\\/blog\\\/distribuidoras-podem-controlar-13-gw-de-mmgd-com-revisao-de-norma-diz-aneel\\\/#primaryimage\",\"url\":\"https:\\\/\\\/agenciainfra.com\\\/blog\\\/wp-content\\\/uploads\\\/2019\\\/03\\\/geracao-distribuida-divulgacao-tecpar-e1746526886433.jpg\",\"contentUrl\":\"https:\\\/\\\/agenciainfra.com\\\/blog\\\/wp-content\\\/uploads\\\/2019\\\/03\\\/geracao-distribuida-divulgacao-tecpar-e1746526886433.jpg\",\"width\":1280,\"height\":853,\"caption\":\"Foto: Divulga\u00e7\u00e3o Tecpar\"},{\"@type\":\"BreadcrumbList\",\"@id\":\"https:\\\/\\\/agenciainfra.com\\\/blog\\\/distribuidoras-podem-controlar-13-gw-de-mmgd-com-revisao-de-norma-diz-aneel\\\/#breadcrumb\",\"itemListElement\":[{\"@type\":\"ListItem\",\"position\":1,\"name\":\"In\u00edcio\",\"item\":\"https:\\\/\\\/agenciainfra.com\\\/blog\\\/\"},{\"@type\":\"ListItem\",\"position\":2,\"name\":\"Distribuidoras podem controlar 13 GW de MMGD com revis\u00e3o de norma, diz ANEEL\"}]},{\"@type\":\"WebSite\",\"@id\":\"https:\\\/\\\/agenciainfra.com\\\/blog\\\/#website\",\"url\":\"https:\\\/\\\/agenciainfra.com\\\/blog\\\/\",\"name\":\"Ag\u00eancia iNFRA\",\"description\":\"Multiplataforma de informa\u00e7\u00e3o jornal\u00edstica refer\u00eancia na \u00e1rea de infraestrutura no Brasil!\",\"publisher\":{\"@id\":\"https:\\\/\\\/agenciainfra.com\\\/blog\\\/#organization\"},\"potentialAction\":[{\"@type\":\"SearchAction\",\"target\":{\"@type\":\"EntryPoint\",\"urlTemplate\":\"https:\\\/\\\/agenciainfra.com\\\/blog\\\/?s={search_term_string}\"},\"query-input\":{\"@type\":\"PropertyValueSpecification\",\"valueRequired\":true,\"valueName\":\"search_term_string\"}}],\"inLanguage\":\"pt-BR\"},{\"@type\":\"Organization\",\"@id\":\"https:\\\/\\\/agenciainfra.com\\\/blog\\\/#organization\",\"name\":\"Ag\u00eancia iNFRA\",\"url\":\"https:\\\/\\\/agenciainfra.com\\\/blog\\\/\",\"logo\":{\"@type\":\"ImageObject\",\"inLanguage\":\"pt-BR\",\"@id\":\"https:\\\/\\\/agenciainfra.com\\\/blog\\\/#\\\/schema\\\/logo\\\/image\\\/\",\"url\":\"https:\\\/\\\/agenciainfra.com\\\/blog\\\/wp-content\\\/uploads\\\/2023\\\/09\\\/iNFRA_5-e1761735885940.png\",\"contentUrl\":\"https:\\\/\\\/agenciainfra.com\\\/blog\\\/wp-content\\\/uploads\\\/2023\\\/09\\\/iNFRA_5-e1761735885940.png\",\"width\":1672,\"height\":454,\"caption\":\"Ag\u00eancia iNFRA\"},\"image\":{\"@id\":\"https:\\\/\\\/agenciainfra.com\\\/blog\\\/#\\\/schema\\\/logo\\\/image\\\/\"},\"sameAs\":[\"https:\\\/\\\/www.facebook.com\\\/ageninfra\",\"https:\\\/\\\/x.com\\\/agencia_infra\",\"https:\\\/\\\/www.linkedin.com\\\/company\\\/ag\u00eanciainfra\\\/\",\"https:\\\/\\\/www.instagram.com\\\/agenciainfra\\\/\"]},{\"@type\":\"Person\",\"@id\":\"https:\\\/\\\/agenciainfra.com\\\/blog\\\/#\\\/schema\\\/person\\\/34af08dff6adea4cb22b06612ba7acfa\",\"name\":\"Ag\u00eancia iNFRA\",\"image\":{\"@type\":\"ImageObject\",\"inLanguage\":\"pt-BR\",\"@id\":\"https:\\\/\\\/secure.gravatar.com\\\/avatar\\\/d189e01678f06d8eb84d4e01f08eb848b3fffe3f8443818d3c356c66892f5be8?s=96&d=mm&r=g\",\"url\":\"https:\\\/\\\/secure.gravatar.com\\\/avatar\\\/d189e01678f06d8eb84d4e01f08eb848b3fffe3f8443818d3c356c66892f5be8?s=96&d=mm&r=g\",\"contentUrl\":\"https:\\\/\\\/secure.gravatar.com\\\/avatar\\\/d189e01678f06d8eb84d4e01f08eb848b3fffe3f8443818d3c356c66892f5be8?s=96&d=mm&r=g\",\"caption\":\"Ag\u00eancia iNFRA\"},\"url\":\"https:\\\/\\\/agenciainfra.com\\\/blog\\\/author\\\/admin\\\/\"}]}<\/script>\n<!-- \/ Yoast SEO Premium plugin. -->","yoast_head_json":{"title":"Distribuidoras podem controlar 13 GW de MMGD com revis\u00e3o de norma, diz ANEEL - Ag\u00eancia iNFRA","robots":{"index":"index","follow":"follow","max-snippet":"max-snippet:-1","max-image-preview":"max-image-preview:large","max-video-preview":"max-video-preview:-1"},"canonical":"https:\/\/agenciainfra.com\/blog\/distribuidoras-podem-controlar-13-gw-de-mmgd-com-revisao-de-norma-diz-aneel\/","og_locale":"pt_BR","og_type":"article","og_title":"Distribuidoras podem controlar 13 GW de MMGD com revis\u00e3o de norma, diz ANEEL","og_description":"Lais Carregosa, da Ag\u00eancia iNFRA As distribuidoras podem controlar at\u00e9 13 GW (gigawatts) de minigera\u00e7\u00e3o distribu\u00edda com a revis\u00e3o dos procedimentos de rede. A abertura de consulta p\u00fablica est\u00e1 na pauta da pr\u00f3xima reuni\u00e3o de diretoria da ANEEL (Ag\u00eancia Nacional de Energia El\u00e9trica), marcada para ter\u00e7a-feira (8). A informa\u00e7\u00e3o consta em AIR (An\u00e1lise de Impacto [&hellip;]","og_url":"https:\/\/agenciainfra.com\/blog\/distribuidoras-podem-controlar-13-gw-de-mmgd-com-revisao-de-norma-diz-aneel\/","og_site_name":"Ag\u00eancia iNFRA","article_publisher":"https:\/\/www.facebook.com\/ageninfra","article_published_time":"2026-09-04T14:47:45+00:00","article_modified_time":"2026-09-04T15:19:22+00:00","og_image":[{"width":1280,"height":853,"url":"https:\/\/agenciainfra.com\/blog\/wp-content\/uploads\/2019\/03\/geracao-distribuida-divulgacao-tecpar-e1746526886433.jpg","type":"image\/jpeg"}],"author":"Ag\u00eancia iNFRA","twitter_card":"summary_large_image","twitter_creator":"@agencia_infra","twitter_site":"@agencia_infra","twitter_misc":{"Escrito por":"Ag\u00eancia iNFRA","Est. tempo de leitura":"2 minutos"},"schema":{"@context":"https:\/\/schema.org","@graph":[{"@type":"Article","@id":"https:\/\/agenciainfra.com\/blog\/distribuidoras-podem-controlar-13-gw-de-mmgd-com-revisao-de-norma-diz-aneel\/#article","isPartOf":{"@id":"https:\/\/agenciainfra.com\/blog\/distribuidoras-podem-controlar-13-gw-de-mmgd-com-revisao-de-norma-diz-aneel\/"},"author":{"name":"Ag\u00eancia iNFRA","@id":"https:\/\/agenciainfra.com\/blog\/#\/schema\/person\/34af08dff6adea4cb22b06612ba7acfa"},"headline":"Distribuidoras podem controlar 13 GW de MMGD com revis\u00e3o de norma, diz ANEEL","datePublished":"2026-09-04T14:47:45+00:00","dateModified":"2026-09-04T15:19:22+00:00","mainEntityOfPage":{"@id":"https:\/\/agenciainfra.com\/blog\/distribuidoras-podem-controlar-13-gw-de-mmgd-com-revisao-de-norma-diz-aneel\/"},"wordCount":361,"publisher":{"@id":"https:\/\/agenciainfra.com\/blog\/#organization"},"image":{"@id":"https:\/\/agenciainfra.com\/blog\/distribuidoras-podem-controlar-13-gw-de-mmgd-com-revisao-de-norma-diz-aneel\/#primaryimage"},"thumbnailUrl":"https:\/\/agenciainfra.com\/blog\/wp-content\/uploads\/2019\/03\/geracao-distribuida-divulgacao-tecpar-e1746526886433.jpg","keywords":["ANEEL","GD","gera\u00e7\u00e3o distribu\u00edda","Lais Carregosa","MMGD","ONS"],"articleSection":["Destaque lista"],"inLanguage":"pt-BR","copyrightYear":"2026","copyrightHolder":{"@id":"https:\/\/agenciainfra.com\/blog\/#organization"}},{"@type":"WebPage","@id":"https:\/\/agenciainfra.com\/blog\/distribuidoras-podem-controlar-13-gw-de-mmgd-com-revisao-de-norma-diz-aneel\/","url":"https:\/\/agenciainfra.com\/blog\/distribuidoras-podem-controlar-13-gw-de-mmgd-com-revisao-de-norma-diz-aneel\/","name":"Distribuidoras podem controlar 13 GW de MMGD com revis\u00e3o de norma, diz ANEEL - Ag\u00eancia iNFRA","isPartOf":{"@id":"https:\/\/agenciainfra.com\/blog\/#website"},"primaryImageOfPage":{"@id":"https:\/\/agenciainfra.com\/blog\/distribuidoras-podem-controlar-13-gw-de-mmgd-com-revisao-de-norma-diz-aneel\/#primaryimage"},"image":{"@id":"https:\/\/agenciainfra.com\/blog\/distribuidoras-podem-controlar-13-gw-de-mmgd-com-revisao-de-norma-diz-aneel\/#primaryimage"},"thumbnailUrl":"https:\/\/agenciainfra.com\/blog\/wp-content\/uploads\/2019\/03\/geracao-distribuida-divulgacao-tecpar-e1746526886433.jpg","datePublished":"2026-09-04T14:47:45+00:00","dateModified":"2026-09-04T15:19:22+00:00","breadcrumb":{"@id":"https:\/\/agenciainfra.com\/blog\/distribuidoras-podem-controlar-13-gw-de-mmgd-com-revisao-de-norma-diz-aneel\/#breadcrumb"},"inLanguage":"pt-BR","potentialAction":[{"@type":"ReadAction","target":["https:\/\/agenciainfra.com\/blog\/distribuidoras-podem-controlar-13-gw-de-mmgd-com-revisao-de-norma-diz-aneel\/"]}]},{"@type":"ImageObject","inLanguage":"pt-BR","@id":"https:\/\/agenciainfra.com\/blog\/distribuidoras-podem-controlar-13-gw-de-mmgd-com-revisao-de-norma-diz-aneel\/#primaryimage","url":"https:\/\/agenciainfra.com\/blog\/wp-content\/uploads\/2019\/03\/geracao-distribuida-divulgacao-tecpar-e1746526886433.jpg","contentUrl":"https:\/\/agenciainfra.com\/blog\/wp-content\/uploads\/2019\/03\/geracao-distribuida-divulgacao-tecpar-e1746526886433.jpg","width":1280,"height":853,"caption":"Foto: Divulga\u00e7\u00e3o Tecpar"},{"@type":"BreadcrumbList","@id":"https:\/\/agenciainfra.com\/blog\/distribuidoras-podem-controlar-13-gw-de-mmgd-com-revisao-de-norma-diz-aneel\/#breadcrumb","itemListElement":[{"@type":"ListItem","position":1,"name":"In\u00edcio","item":"https:\/\/agenciainfra.com\/blog\/"},{"@type":"ListItem","position":2,"name":"Distribuidoras podem controlar 13 GW de MMGD com revis\u00e3o de norma, diz ANEEL"}]},{"@type":"WebSite","@id":"https:\/\/agenciainfra.com\/blog\/#website","url":"https:\/\/agenciainfra.com\/blog\/","name":"Ag\u00eancia iNFRA","description":"Multiplataforma de informa\u00e7\u00e3o jornal\u00edstica refer\u00eancia na \u00e1rea de infraestrutura no Brasil!","publisher":{"@id":"https:\/\/agenciainfra.com\/blog\/#organization"},"potentialAction":[{"@type":"SearchAction","target":{"@type":"EntryPoint","urlTemplate":"https:\/\/agenciainfra.com\/blog\/?s={search_term_string}"},"query-input":{"@type":"PropertyValueSpecification","valueRequired":true,"valueName":"search_term_string"}}],"inLanguage":"pt-BR"},{"@type":"Organization","@id":"https:\/\/agenciainfra.com\/blog\/#organization","name":"Ag\u00eancia iNFRA","url":"https:\/\/agenciainfra.com\/blog\/","logo":{"@type":"ImageObject","inLanguage":"pt-BR","@id":"https:\/\/agenciainfra.com\/blog\/#\/schema\/logo\/image\/","url":"https:\/\/agenciainfra.com\/blog\/wp-content\/uploads\/2023\/09\/iNFRA_5-e1761735885940.png","contentUrl":"https:\/\/agenciainfra.com\/blog\/wp-content\/uploads\/2023\/09\/iNFRA_5-e1761735885940.png","width":1672,"height":454,"caption":"Ag\u00eancia iNFRA"},"image":{"@id":"https:\/\/agenciainfra.com\/blog\/#\/schema\/logo\/image\/"},"sameAs":["https:\/\/www.facebook.com\/ageninfra","https:\/\/x.com\/agencia_infra","https:\/\/www.linkedin.com\/company\/ag\u00eanciainfra\/","https:\/\/www.instagram.com\/agenciainfra\/"]},{"@type":"Person","@id":"https:\/\/agenciainfra.com\/blog\/#\/schema\/person\/34af08dff6adea4cb22b06612ba7acfa","name":"Ag\u00eancia iNFRA","image":{"@type":"ImageObject","inLanguage":"pt-BR","@id":"https:\/\/secure.gravatar.com\/avatar\/d189e01678f06d8eb84d4e01f08eb848b3fffe3f8443818d3c356c66892f5be8?s=96&d=mm&r=g","url":"https:\/\/secure.gravatar.com\/avatar\/d189e01678f06d8eb84d4e01f08eb848b3fffe3f8443818d3c356c66892f5be8?s=96&d=mm&r=g","contentUrl":"https:\/\/secure.gravatar.com\/avatar\/d189e01678f06d8eb84d4e01f08eb848b3fffe3f8443818d3c356c66892f5be8?s=96&d=mm&r=g","caption":"Ag\u00eancia iNFRA"},"url":"https:\/\/agenciainfra.com\/blog\/author\/admin\/"}]}},"_links":{"self":[{"href":"https:\/\/agenciainfra.com\/blog\/wp-json\/wp\/v2\/posts\/46971","targetHints":{"allow":["GET"]}}],"collection":[{"href":"https:\/\/agenciainfra.com\/blog\/wp-json\/wp\/v2\/posts"}],"about":[{"href":"https:\/\/agenciainfra.com\/blog\/wp-json\/wp\/v2\/types\/post"}],"author":[{"embeddable":true,"href":"https:\/\/agenciainfra.com\/blog\/wp-json\/wp\/v2\/users\/1"}],"replies":[{"embeddable":true,"href":"https:\/\/agenciainfra.com\/blog\/wp-json\/wp\/v2\/comments?post=46971"}],"version-history":[{"count":3,"href":"https:\/\/agenciainfra.com\/blog\/wp-json\/wp\/v2\/posts\/46971\/revisions"}],"predecessor-version":[{"id":46979,"href":"https:\/\/agenciainfra.com\/blog\/wp-json\/wp\/v2\/posts\/46971\/revisions\/46979"}],"wp:featuredmedia":[{"embeddable":true,"href":"https:\/\/agenciainfra.com\/blog\/wp-json\/wp\/v2\/media\/2972"}],"wp:attachment":[{"href":"https:\/\/agenciainfra.com\/blog\/wp-json\/wp\/v2\/media?parent=46971"}],"wp:term":[{"taxonomy":"category","embeddable":true,"href":"https:\/\/agenciainfra.com\/blog\/wp-json\/wp\/v2\/categories?post=46971"},{"taxonomy":"post_tag","embeddable":true,"href":"https:\/\/agenciainfra.com\/blog\/wp-json\/wp\/v2\/tags?post=46971"}],"curies":[{"name":"wp","href":"https:\/\/api.w.org\/{rel}","templated":true}]}}