{"id":46975,"date":"2026-09-04T12:12:45","date_gmt":"2026-09-04T15:12:45","guid":{"rendered":"https:\/\/agenciainfra.com\/blog\/?p=46975"},"modified":"2026-09-04T12:31:09","modified_gmt":"2026-09-04T15:31:09","slug":"mpor-anuncia-ferramenta-para-monitorar-saturacao-portuaria-a-partir-de-2027","status":"publish","type":"post","link":"https:\/\/agenciainfra.com\/blog\/mpor-anuncia-ferramenta-para-monitorar-saturacao-portuaria-a-partir-de-2027\/","title":{"rendered":"MPor anuncia ferramenta para monitorar satura\u00e7\u00e3o portu\u00e1ria a partir de 2027"},"content":{"rendered":"\n<p class=\"has-text-align-right\"><strong>da Ag\u00eancia iNFRA<\/strong><\/p>\n\n\n\n<p>Uma ferramenta para monitorar o quanto os portos brasileiros est\u00e3o com dificuldades para atender \u00e0s demandas, com capacidade para avaliar o n\u00edvel de servi\u00e7o prestado aos usu\u00e1rios em cada um deles. \u00c9 o que promete o Minist\u00e9rio de Portos e Aeroportos a partir de 2027, com a cria\u00e7\u00e3o do\u00a0MSP (Monitoramento de Satura\u00e7\u00e3o Portu\u00e1ria).\u00a0\u00a0\u00a0\u00a0<br><br>A proposta foi apresentada pela Secretaria Nacional de Portos a agentes do mercado em reuni\u00e3o na quinta-feira (3) na sede do minist\u00e9rio. De acordo com a apresenta\u00e7\u00e3o, a\u00a0ferramenta pretende identificar antecipadamente gargalos operacionais, em portos p\u00fablicos e terminais privados, e orientar investimentos no setor aquavi\u00e1rio. Com publica\u00e7\u00f5es anuais previstas inicialmente para o\u00a0<a href=\"https:\/\/agenciainfra.com\/blog\/mpor-cria-grupo-de-trabalho-para-monitorar-saturacao-portuaria-ate-2030\/\" target=\"_blank\" rel=\"noreferrer noopener\">per\u00edodo de 2027 a 2030<\/a>, a metodologia passar\u00e1 por aprimoramento cont\u00ednuo, segundo a pasta.\u00a0<br><br>O cronograma de estrutura\u00e7\u00e3o do projeto prev\u00ea reuni\u00f5es de trabalho, sele\u00e7\u00e3o de parceiro t\u00e9cnico e consultas ao mercado a partir deste m\u00eas de setembro.\u00a0O primeiro compromisso da agenda ocorre no dia 18 de setembro, com a reuni\u00e3o do Grupo de Trabalho criado em agosto pela pasta para monitorar a satura\u00e7\u00e3o portu\u00e1ria no pa\u00eds.\u00a0<br><br>Ap\u00f3s a escolha do parceiro para elaborar a ferramenta, que deve ser conclu\u00edda neste m\u00eas,\u00a0a secretaria iniciar\u00e1 a fase de escuta ativa com\u00a0stakeholders\u00a0do setor p\u00fablico e privado, incluindo autoridades portu\u00e1rias, ag\u00eancias reguladoras, titulares de outorgas e usu\u00e1rios.<br><br>V\u00e1rios setores t\u00eam relatado problemas com gargalos no setor portu\u00e1rio, em diferentes momentos, seja por problemas nos acessos terrestres, nos acessos aquavi\u00e1rios ou por\u00a0falta de capacidade para armazenagem e movimenta\u00e7\u00e3o dos produtos.\u00a0<br><br>Isso leva a atrasos no envio e recebimento de cargas, filas de espera de navios ou caminh\u00f5es e, consequentemente, aumento dos custos log\u00edsticos do pa\u00eds. O setor de cont\u00eaineres \u00e9 um dos que t\u00eam mais vocalizado os problemas de satura\u00e7\u00e3o.<br><br>Na apresenta\u00e7\u00e3o do secret\u00e1rio Alex \u00c1vila, foi informado que a ferramenta vai ser desenvolvida em tr\u00eas etapas: um balan\u00e7o entre demanda e capacidade, com mapeamento peri\u00f3dico sobre o equil\u00edbrio operacional por complexo portu\u00e1rio e tipo de carga; um painel de indicadores sobre o\u00a0n\u00edvel de servi\u00e7o prestado; e uma\u00a0revis\u00e3o normativa\u00a0para a defini\u00e7\u00e3o da metodologia oficial de aplica\u00e7\u00e3o do MSP.<br><br>Presente ao encontro, Andr\u00e9 de Seixas, presidente da Log\u00edstica Brasil, afirmou que a cria\u00e7\u00e3o do MSP representa um passo positivo, desde que seja acompanhada de a\u00e7\u00f5es concretas para mitigar os gargalos identificados. &#8220;Temos um diagn\u00f3stico distinto, por\u00e9m complementar, pois entendemos que a atua\u00e7\u00e3o deve ir al\u00e9m do monitoramento da satura\u00e7\u00e3o, tratando das solu\u00e7\u00f5es. Levamos \u00e0 reuni\u00e3o a preocupa\u00e7\u00e3o de estruturar essa iniciativa como uma pol\u00edtica de Estado, garantindo sua continuidade frente ao cen\u00e1rio eleitoral e a uma eventual mudan\u00e7a de governo&#8221;, avaliou Seixas.<br><br>Na apresenta\u00e7\u00e3o, o diagn\u00f3stico \u00e9 que as ferramentas atuais de planejamento n\u00e3o conseguiriam acompanhar a velocidade de mudan\u00e7as no mercado e seria preciso separar a parte de dados do planejamento. Da\u00ed a necessidade de criar o MSP, como complemento\u00a0a instrumentos j\u00e1 previstos, como o PIT (Planejamento Integrado de Transportes), o PNL (Plano Nacional de Log\u00edstica), os planos mestres e\u00a0PDZs (Planos de Desenvolvimento e Zoneamento), fornecendo informa\u00e7\u00f5es mais \u00e1geis e precisas.<\/p>\n","protected":false},"excerpt":{"rendered":"<p>da Ag\u00eancia iNFRA Uma ferramenta para monitorar o quanto os portos brasileiros est\u00e3o com dificuldades para atender \u00e0s demandas, com capacidade para avaliar o n\u00edvel de servi\u00e7o prestado aos usu\u00e1rios em cada um deles. \u00c9 o que promete o Minist\u00e9rio de Portos e Aeroportos a partir de 2027, com a cria\u00e7\u00e3o do\u00a0MSP (Monitoramento de Satura\u00e7\u00e3o [&hellip;]<\/p>\n","protected":false},"author":1,"featured_media":17524,"comment_status":"closed","ping_status":"closed","sticky":false,"template":"","format":"standard","meta":{"_monsterinsights_skip_tracking":false,"_monsterinsights_sitenote_active":false,"_monsterinsights_sitenote_note":"","_monsterinsights_sitenote_category":0,"footnotes":""},"categories":[7249],"tags":[21717,21718,1726,6257,21288,6919,8493,310,21289,812],"class_list":["post-46975","post","type-post","status-publish","format-standard","has-post-thumbnail","hentry","category-destaque","tag-alex-avila-mpor","tag-andre-de-seixas-logistica-brasil","tag-infraestrutura-portuaria","tag-ministerio-de-portos-e-aeroportos","tag-monitoramento-portuario","tag-mpor","tag-planejamento-portuario","tag-portos","tag-saturacao-portuaria","tag-secretaria-nacional-de-portos"],"yoast_head":"<!-- This site is optimized with the Yoast SEO Premium plugin v25.4 (Yoast SEO v28.2) - https:\/\/yoast.com\/product\/yoast-seo-premium-wordpress\/ -->\n<title>MPor anuncia ferramenta para monitorar satura\u00e7\u00e3o portu\u00e1ria a partir de 2027 - Ag\u00eancia iNFRA<\/title>\n<meta name=\"robots\" content=\"index, follow, max-snippet:-1, max-image-preview:large, max-video-preview:-1\" \/>\n<link rel=\"canonical\" href=\"https:\/\/agenciainfra.com\/blog\/mpor-anuncia-ferramenta-para-monitorar-saturacao-portuaria-a-partir-de-2027\/\" \/>\n<meta property=\"og:locale\" content=\"pt_BR\" \/>\n<meta property=\"og:type\" content=\"article\" \/>\n<meta property=\"og:title\" content=\"MPor anuncia ferramenta para monitorar satura\u00e7\u00e3o portu\u00e1ria a partir de 2027\" \/>\n<meta property=\"og:description\" content=\"da Ag\u00eancia iNFRA Uma ferramenta para monitorar o quanto os portos brasileiros est\u00e3o com dificuldades para atender \u00e0s demandas, com capacidade para avaliar o n\u00edvel de servi\u00e7o prestado aos usu\u00e1rios em cada um deles. \u00c9 o que promete o Minist\u00e9rio de Portos e Aeroportos a partir de 2027, com a cria\u00e7\u00e3o do\u00a0MSP (Monitoramento de Satura\u00e7\u00e3o [&hellip;]\" \/>\n<meta property=\"og:url\" content=\"https:\/\/agenciainfra.com\/blog\/mpor-anuncia-ferramenta-para-monitorar-saturacao-portuaria-a-partir-de-2027\/\" \/>\n<meta property=\"og:site_name\" content=\"Ag\u00eancia iNFRA\" \/>\n<meta property=\"article:publisher\" content=\"https:\/\/www.facebook.com\/ageninfra\" \/>\n<meta property=\"article:published_time\" content=\"2026-09-04T15:12:45+00:00\" \/>\n<meta property=\"article:modified_time\" content=\"2026-09-04T15:31:09+00:00\" \/>\n<meta property=\"og:image\" content=\"https:\/\/agenciainfra.com\/blog\/wp-content\/uploads\/2024\/07\/btp-conteiners-foto-divulgacao.png\" \/>\n\t<meta property=\"og:image:width\" content=\"1202\" \/>\n\t<meta property=\"og:image:height\" content=\"757\" \/>\n\t<meta property=\"og:image:type\" content=\"image\/png\" \/>\n<meta name=\"author\" content=\"Ag\u00eancia iNFRA\" \/>\n<meta name=\"twitter:card\" content=\"summary_large_image\" \/>\n<meta name=\"twitter:creator\" content=\"@agencia_infra\" \/>\n<meta name=\"twitter:site\" content=\"@agencia_infra\" \/>\n<meta name=\"twitter:label1\" content=\"Escrito por\" \/>\n\t<meta name=\"twitter:data1\" content=\"Ag\u00eancia iNFRA\" \/>\n\t<meta name=\"twitter:label2\" content=\"Est. tempo de leitura\" \/>\n\t<meta name=\"twitter:data2\" content=\"3 minutos\" \/>\n<script type=\"application\/ld+json\" class=\"yoast-schema-graph\">{\"@context\":\"https:\\\/\\\/schema.org\",\"@graph\":[{\"@type\":\"Article\",\"@id\":\"https:\\\/\\\/agenciainfra.com\\\/blog\\\/mpor-anuncia-ferramenta-para-monitorar-saturacao-portuaria-a-partir-de-2027\\\/#article\",\"isPartOf\":{\"@id\":\"https:\\\/\\\/agenciainfra.com\\\/blog\\\/mpor-anuncia-ferramenta-para-monitorar-saturacao-portuaria-a-partir-de-2027\\\/\"},\"author\":{\"name\":\"Ag\u00eancia iNFRA\",\"@id\":\"https:\\\/\\\/agenciainfra.com\\\/blog\\\/#\\\/schema\\\/person\\\/34af08dff6adea4cb22b06612ba7acfa\"},\"headline\":\"MPor anuncia ferramenta para monitorar satura\u00e7\u00e3o portu\u00e1ria a partir de 2027\",\"datePublished\":\"2026-09-04T15:12:45+00:00\",\"dateModified\":\"2026-09-04T15:31:09+00:00\",\"mainEntityOfPage\":{\"@id\":\"https:\\\/\\\/agenciainfra.com\\\/blog\\\/mpor-anuncia-ferramenta-para-monitorar-saturacao-portuaria-a-partir-de-2027\\\/\"},\"wordCount\":586,\"publisher\":{\"@id\":\"https:\\\/\\\/agenciainfra.com\\\/blog\\\/#organization\"},\"image\":{\"@id\":\"https:\\\/\\\/agenciainfra.com\\\/blog\\\/mpor-anuncia-ferramenta-para-monitorar-saturacao-portuaria-a-partir-de-2027\\\/#primaryimage\"},\"thumbnailUrl\":\"https:\\\/\\\/agenciainfra.com\\\/blog\\\/wp-content\\\/uploads\\\/2024\\\/07\\\/btp-conteiners-foto-divulgacao.png\",\"keywords\":[\"alex \u00e1vila mpor\",\"andr\u00e9 de seixas log\u00edstica brasil\",\"infraestrutura portu\u00e1ria\",\"Minist\u00e9rio de Portos e Aeroportos\",\"monitoramento portu\u00e1rio\",\"MPor\",\"planejamento portu\u00e1rio\",\"portos\",\"satura\u00e7\u00e3o portu\u00e1ria\",\"Secretaria Nacional de Portos\"],\"articleSection\":[\"Destaque\"],\"inLanguage\":\"pt-BR\",\"copyrightYear\":\"2026\",\"copyrightHolder\":{\"@id\":\"https:\\\/\\\/agenciainfra.com\\\/blog\\\/#organization\"}},{\"@type\":\"WebPage\",\"@id\":\"https:\\\/\\\/agenciainfra.com\\\/blog\\\/mpor-anuncia-ferramenta-para-monitorar-saturacao-portuaria-a-partir-de-2027\\\/\",\"url\":\"https:\\\/\\\/agenciainfra.com\\\/blog\\\/mpor-anuncia-ferramenta-para-monitorar-saturacao-portuaria-a-partir-de-2027\\\/\",\"name\":\"MPor anuncia ferramenta para monitorar satura\u00e7\u00e3o portu\u00e1ria a partir de 2027 - Ag\u00eancia iNFRA\",\"isPartOf\":{\"@id\":\"https:\\\/\\\/agenciainfra.com\\\/blog\\\/#website\"},\"primaryImageOfPage\":{\"@id\":\"https:\\\/\\\/agenciainfra.com\\\/blog\\\/mpor-anuncia-ferramenta-para-monitorar-saturacao-portuaria-a-partir-de-2027\\\/#primaryimage\"},\"image\":{\"@id\":\"https:\\\/\\\/agenciainfra.com\\\/blog\\\/mpor-anuncia-ferramenta-para-monitorar-saturacao-portuaria-a-partir-de-2027\\\/#primaryimage\"},\"thumbnailUrl\":\"https:\\\/\\\/agenciainfra.com\\\/blog\\\/wp-content\\\/uploads\\\/2024\\\/07\\\/btp-conteiners-foto-divulgacao.png\",\"datePublished\":\"2026-09-04T15:12:45+00:00\",\"dateModified\":\"2026-09-04T15:31:09+00:00\",\"breadcrumb\":{\"@id\":\"https:\\\/\\\/agenciainfra.com\\\/blog\\\/mpor-anuncia-ferramenta-para-monitorar-saturacao-portuaria-a-partir-de-2027\\\/#breadcrumb\"},\"inLanguage\":\"pt-BR\",\"potentialAction\":[{\"@type\":\"ReadAction\",\"target\":[\"https:\\\/\\\/agenciainfra.com\\\/blog\\\/mpor-anuncia-ferramenta-para-monitorar-saturacao-portuaria-a-partir-de-2027\\\/\"]}]},{\"@type\":\"ImageObject\",\"inLanguage\":\"pt-BR\",\"@id\":\"https:\\\/\\\/agenciainfra.com\\\/blog\\\/mpor-anuncia-ferramenta-para-monitorar-saturacao-portuaria-a-partir-de-2027\\\/#primaryimage\",\"url\":\"https:\\\/\\\/agenciainfra.com\\\/blog\\\/wp-content\\\/uploads\\\/2024\\\/07\\\/btp-conteiners-foto-divulgacao.png\",\"contentUrl\":\"https:\\\/\\\/agenciainfra.com\\\/blog\\\/wp-content\\\/uploads\\\/2024\\\/07\\\/btp-conteiners-foto-divulgacao.png\",\"width\":1202,\"height\":757,\"caption\":\"Foto: BTP\"},{\"@type\":\"BreadcrumbList\",\"@id\":\"https:\\\/\\\/agenciainfra.com\\\/blog\\\/mpor-anuncia-ferramenta-para-monitorar-saturacao-portuaria-a-partir-de-2027\\\/#breadcrumb\",\"itemListElement\":[{\"@type\":\"ListItem\",\"position\":1,\"name\":\"In\u00edcio\",\"item\":\"https:\\\/\\\/agenciainfra.com\\\/blog\\\/\"},{\"@type\":\"ListItem\",\"position\":2,\"name\":\"MPor anuncia ferramenta para monitorar satura\u00e7\u00e3o portu\u00e1ria a partir de 2027\"}]},{\"@type\":\"WebSite\",\"@id\":\"https:\\\/\\\/agenciainfra.com\\\/blog\\\/#website\",\"url\":\"https:\\\/\\\/agenciainfra.com\\\/blog\\\/\",\"name\":\"Ag\u00eancia iNFRA\",\"description\":\"Multiplataforma de informa\u00e7\u00e3o jornal\u00edstica refer\u00eancia na \u00e1rea de infraestrutura no Brasil!\",\"publisher\":{\"@id\":\"https:\\\/\\\/agenciainfra.com\\\/blog\\\/#organization\"},\"potentialAction\":[{\"@type\":\"SearchAction\",\"target\":{\"@type\":\"EntryPoint\",\"urlTemplate\":\"https:\\\/\\\/agenciainfra.com\\\/blog\\\/?s={search_term_string}\"},\"query-input\":{\"@type\":\"PropertyValueSpecification\",\"valueRequired\":true,\"valueName\":\"search_term_string\"}}],\"inLanguage\":\"pt-BR\"},{\"@type\":\"Organization\",\"@id\":\"https:\\\/\\\/agenciainfra.com\\\/blog\\\/#organization\",\"name\":\"Ag\u00eancia iNFRA\",\"url\":\"https:\\\/\\\/agenciainfra.com\\\/blog\\\/\",\"logo\":{\"@type\":\"ImageObject\",\"inLanguage\":\"pt-BR\",\"@id\":\"https:\\\/\\\/agenciainfra.com\\\/blog\\\/#\\\/schema\\\/logo\\\/image\\\/\",\"url\":\"https:\\\/\\\/agenciainfra.com\\\/blog\\\/wp-content\\\/uploads\\\/2023\\\/09\\\/iNFRA_5-e1761735885940.png\",\"contentUrl\":\"https:\\\/\\\/agenciainfra.com\\\/blog\\\/wp-content\\\/uploads\\\/2023\\\/09\\\/iNFRA_5-e1761735885940.png\",\"width\":1672,\"height\":454,\"caption\":\"Ag\u00eancia iNFRA\"},\"image\":{\"@id\":\"https:\\\/\\\/agenciainfra.com\\\/blog\\\/#\\\/schema\\\/logo\\\/image\\\/\"},\"sameAs\":[\"https:\\\/\\\/www.facebook.com\\\/ageninfra\",\"https:\\\/\\\/x.com\\\/agencia_infra\",\"https:\\\/\\\/www.linkedin.com\\\/company\\\/ag\u00eanciainfra\\\/\",\"https:\\\/\\\/www.instagram.com\\\/agenciainfra\\\/\"]},{\"@type\":\"Person\",\"@id\":\"https:\\\/\\\/agenciainfra.com\\\/blog\\\/#\\\/schema\\\/person\\\/34af08dff6adea4cb22b06612ba7acfa\",\"name\":\"Ag\u00eancia iNFRA\",\"image\":{\"@type\":\"ImageObject\",\"inLanguage\":\"pt-BR\",\"@id\":\"https:\\\/\\\/secure.gravatar.com\\\/avatar\\\/d189e01678f06d8eb84d4e01f08eb848b3fffe3f8443818d3c356c66892f5be8?s=96&d=mm&r=g\",\"url\":\"https:\\\/\\\/secure.gravatar.com\\\/avatar\\\/d189e01678f06d8eb84d4e01f08eb848b3fffe3f8443818d3c356c66892f5be8?s=96&d=mm&r=g\",\"contentUrl\":\"https:\\\/\\\/secure.gravatar.com\\\/avatar\\\/d189e01678f06d8eb84d4e01f08eb848b3fffe3f8443818d3c356c66892f5be8?s=96&d=mm&r=g\",\"caption\":\"Ag\u00eancia iNFRA\"},\"url\":\"https:\\\/\\\/agenciainfra.com\\\/blog\\\/author\\\/admin\\\/\"}]}<\/script>\n<!-- \/ Yoast SEO Premium plugin. -->","yoast_head_json":{"title":"MPor anuncia ferramenta para monitorar satura\u00e7\u00e3o portu\u00e1ria a partir de 2027 - Ag\u00eancia iNFRA","robots":{"index":"index","follow":"follow","max-snippet":"max-snippet:-1","max-image-preview":"max-image-preview:large","max-video-preview":"max-video-preview:-1"},"canonical":"https:\/\/agenciainfra.com\/blog\/mpor-anuncia-ferramenta-para-monitorar-saturacao-portuaria-a-partir-de-2027\/","og_locale":"pt_BR","og_type":"article","og_title":"MPor anuncia ferramenta para monitorar satura\u00e7\u00e3o portu\u00e1ria a partir de 2027","og_description":"da Ag\u00eancia iNFRA Uma ferramenta para monitorar o quanto os portos brasileiros est\u00e3o com dificuldades para atender \u00e0s demandas, com capacidade para avaliar o n\u00edvel de servi\u00e7o prestado aos usu\u00e1rios em cada um deles. \u00c9 o que promete o Minist\u00e9rio de Portos e Aeroportos a partir de 2027, com a cria\u00e7\u00e3o do\u00a0MSP (Monitoramento de Satura\u00e7\u00e3o [&hellip;]","og_url":"https:\/\/agenciainfra.com\/blog\/mpor-anuncia-ferramenta-para-monitorar-saturacao-portuaria-a-partir-de-2027\/","og_site_name":"Ag\u00eancia iNFRA","article_publisher":"https:\/\/www.facebook.com\/ageninfra","article_published_time":"2026-09-04T15:12:45+00:00","article_modified_time":"2026-09-04T15:31:09+00:00","og_image":[{"width":1202,"height":757,"url":"https:\/\/agenciainfra.com\/blog\/wp-content\/uploads\/2024\/07\/btp-conteiners-foto-divulgacao.png","type":"image\/png"}],"author":"Ag\u00eancia iNFRA","twitter_card":"summary_large_image","twitter_creator":"@agencia_infra","twitter_site":"@agencia_infra","twitter_misc":{"Escrito por":"Ag\u00eancia iNFRA","Est. tempo de leitura":"3 minutos"},"schema":{"@context":"https:\/\/schema.org","@graph":[{"@type":"Article","@id":"https:\/\/agenciainfra.com\/blog\/mpor-anuncia-ferramenta-para-monitorar-saturacao-portuaria-a-partir-de-2027\/#article","isPartOf":{"@id":"https:\/\/agenciainfra.com\/blog\/mpor-anuncia-ferramenta-para-monitorar-saturacao-portuaria-a-partir-de-2027\/"},"author":{"name":"Ag\u00eancia iNFRA","@id":"https:\/\/agenciainfra.com\/blog\/#\/schema\/person\/34af08dff6adea4cb22b06612ba7acfa"},"headline":"MPor anuncia ferramenta para monitorar satura\u00e7\u00e3o portu\u00e1ria a partir de 2027","datePublished":"2026-09-04T15:12:45+00:00","dateModified":"2026-09-04T15:31:09+00:00","mainEntityOfPage":{"@id":"https:\/\/agenciainfra.com\/blog\/mpor-anuncia-ferramenta-para-monitorar-saturacao-portuaria-a-partir-de-2027\/"},"wordCount":586,"publisher":{"@id":"https:\/\/agenciainfra.com\/blog\/#organization"},"image":{"@id":"https:\/\/agenciainfra.com\/blog\/mpor-anuncia-ferramenta-para-monitorar-saturacao-portuaria-a-partir-de-2027\/#primaryimage"},"thumbnailUrl":"https:\/\/agenciainfra.com\/blog\/wp-content\/uploads\/2024\/07\/btp-conteiners-foto-divulgacao.png","keywords":["alex \u00e1vila mpor","andr\u00e9 de seixas log\u00edstica brasil","infraestrutura portu\u00e1ria","Minist\u00e9rio de Portos e Aeroportos","monitoramento portu\u00e1rio","MPor","planejamento portu\u00e1rio","portos","satura\u00e7\u00e3o portu\u00e1ria","Secretaria Nacional de Portos"],"articleSection":["Destaque"],"inLanguage":"pt-BR","copyrightYear":"2026","copyrightHolder":{"@id":"https:\/\/agenciainfra.com\/blog\/#organization"}},{"@type":"WebPage","@id":"https:\/\/agenciainfra.com\/blog\/mpor-anuncia-ferramenta-para-monitorar-saturacao-portuaria-a-partir-de-2027\/","url":"https:\/\/agenciainfra.com\/blog\/mpor-anuncia-ferramenta-para-monitorar-saturacao-portuaria-a-partir-de-2027\/","name":"MPor anuncia ferramenta para monitorar satura\u00e7\u00e3o portu\u00e1ria a partir de 2027 - Ag\u00eancia iNFRA","isPartOf":{"@id":"https:\/\/agenciainfra.com\/blog\/#website"},"primaryImageOfPage":{"@id":"https:\/\/agenciainfra.com\/blog\/mpor-anuncia-ferramenta-para-monitorar-saturacao-portuaria-a-partir-de-2027\/#primaryimage"},"image":{"@id":"https:\/\/agenciainfra.com\/blog\/mpor-anuncia-ferramenta-para-monitorar-saturacao-portuaria-a-partir-de-2027\/#primaryimage"},"thumbnailUrl":"https:\/\/agenciainfra.com\/blog\/wp-content\/uploads\/2024\/07\/btp-conteiners-foto-divulgacao.png","datePublished":"2026-09-04T15:12:45+00:00","dateModified":"2026-09-04T15:31:09+00:00","breadcrumb":{"@id":"https:\/\/agenciainfra.com\/blog\/mpor-anuncia-ferramenta-para-monitorar-saturacao-portuaria-a-partir-de-2027\/#breadcrumb"},"inLanguage":"pt-BR","potentialAction":[{"@type":"ReadAction","target":["https:\/\/agenciainfra.com\/blog\/mpor-anuncia-ferramenta-para-monitorar-saturacao-portuaria-a-partir-de-2027\/"]}]},{"@type":"ImageObject","inLanguage":"pt-BR","@id":"https:\/\/agenciainfra.com\/blog\/mpor-anuncia-ferramenta-para-monitorar-saturacao-portuaria-a-partir-de-2027\/#primaryimage","url":"https:\/\/agenciainfra.com\/blog\/wp-content\/uploads\/2024\/07\/btp-conteiners-foto-divulgacao.png","contentUrl":"https:\/\/agenciainfra.com\/blog\/wp-content\/uploads\/2024\/07\/btp-conteiners-foto-divulgacao.png","width":1202,"height":757,"caption":"Foto: BTP"},{"@type":"BreadcrumbList","@id":"https:\/\/agenciainfra.com\/blog\/mpor-anuncia-ferramenta-para-monitorar-saturacao-portuaria-a-partir-de-2027\/#breadcrumb","itemListElement":[{"@type":"ListItem","position":1,"name":"In\u00edcio","item":"https:\/\/agenciainfra.com\/blog\/"},{"@type":"ListItem","position":2,"name":"MPor anuncia ferramenta para monitorar satura\u00e7\u00e3o portu\u00e1ria a partir de 2027"}]},{"@type":"WebSite","@id":"https:\/\/agenciainfra.com\/blog\/#website","url":"https:\/\/agenciainfra.com\/blog\/","name":"Ag\u00eancia iNFRA","description":"Multiplataforma de informa\u00e7\u00e3o jornal\u00edstica refer\u00eancia na \u00e1rea de infraestrutura no Brasil!","publisher":{"@id":"https:\/\/agenciainfra.com\/blog\/#organization"},"potentialAction":[{"@type":"SearchAction","target":{"@type":"EntryPoint","urlTemplate":"https:\/\/agenciainfra.com\/blog\/?s={search_term_string}"},"query-input":{"@type":"PropertyValueSpecification","valueRequired":true,"valueName":"search_term_string"}}],"inLanguage":"pt-BR"},{"@type":"Organization","@id":"https:\/\/agenciainfra.com\/blog\/#organization","name":"Ag\u00eancia iNFRA","url":"https:\/\/agenciainfra.com\/blog\/","logo":{"@type":"ImageObject","inLanguage":"pt-BR","@id":"https:\/\/agenciainfra.com\/blog\/#\/schema\/logo\/image\/","url":"https:\/\/agenciainfra.com\/blog\/wp-content\/uploads\/2023\/09\/iNFRA_5-e1761735885940.png","contentUrl":"https:\/\/agenciainfra.com\/blog\/wp-content\/uploads\/2023\/09\/iNFRA_5-e1761735885940.png","width":1672,"height":454,"caption":"Ag\u00eancia iNFRA"},"image":{"@id":"https:\/\/agenciainfra.com\/blog\/#\/schema\/logo\/image\/"},"sameAs":["https:\/\/www.facebook.com\/ageninfra","https:\/\/x.com\/agencia_infra","https:\/\/www.linkedin.com\/company\/ag\u00eanciainfra\/","https:\/\/www.instagram.com\/agenciainfra\/"]},{"@type":"Person","@id":"https:\/\/agenciainfra.com\/blog\/#\/schema\/person\/34af08dff6adea4cb22b06612ba7acfa","name":"Ag\u00eancia iNFRA","image":{"@type":"ImageObject","inLanguage":"pt-BR","@id":"https:\/\/secure.gravatar.com\/avatar\/d189e01678f06d8eb84d4e01f08eb848b3fffe3f8443818d3c356c66892f5be8?s=96&d=mm&r=g","url":"https:\/\/secure.gravatar.com\/avatar\/d189e01678f06d8eb84d4e01f08eb848b3fffe3f8443818d3c356c66892f5be8?s=96&d=mm&r=g","contentUrl":"https:\/\/secure.gravatar.com\/avatar\/d189e01678f06d8eb84d4e01f08eb848b3fffe3f8443818d3c356c66892f5be8?s=96&d=mm&r=g","caption":"Ag\u00eancia iNFRA"},"url":"https:\/\/agenciainfra.com\/blog\/author\/admin\/"}]}},"_links":{"self":[{"href":"https:\/\/agenciainfra.com\/blog\/wp-json\/wp\/v2\/posts\/46975","targetHints":{"allow":["GET"]}}],"collection":[{"href":"https:\/\/agenciainfra.com\/blog\/wp-json\/wp\/v2\/posts"}],"about":[{"href":"https:\/\/agenciainfra.com\/blog\/wp-json\/wp\/v2\/types\/post"}],"author":[{"embeddable":true,"href":"https:\/\/agenciainfra.com\/blog\/wp-json\/wp\/v2\/users\/1"}],"replies":[{"embeddable":true,"href":"https:\/\/agenciainfra.com\/blog\/wp-json\/wp\/v2\/comments?post=46975"}],"version-history":[{"count":2,"href":"https:\/\/agenciainfra.com\/blog\/wp-json\/wp\/v2\/posts\/46975\/revisions"}],"predecessor-version":[{"id":46977,"href":"https:\/\/agenciainfra.com\/blog\/wp-json\/wp\/v2\/posts\/46975\/revisions\/46977"}],"wp:featuredmedia":[{"embeddable":true,"href":"https:\/\/agenciainfra.com\/blog\/wp-json\/wp\/v2\/media\/17524"}],"wp:attachment":[{"href":"https:\/\/agenciainfra.com\/blog\/wp-json\/wp\/v2\/media?parent=46975"}],"wp:term":[{"taxonomy":"category","embeddable":true,"href":"https:\/\/agenciainfra.com\/blog\/wp-json\/wp\/v2\/categories?post=46975"},{"taxonomy":"post_tag","embeddable":true,"href":"https:\/\/agenciainfra.com\/blog\/wp-json\/wp\/v2\/tags?post=46975"}],"curies":[{"name":"wp","href":"https:\/\/api.w.org\/{rel}","templated":true}]}}