{"id":4698,"date":"2020-04-10T08:00:10","date_gmt":"2020-04-10T11:00:10","guid":{"rendered":"http:\/\/www.agenciainfra.com\/blog\/?p=4698"},"modified":"2020-04-09T10:38:55","modified_gmt":"2020-04-09T13:38:55","slug":"governo-edita-medida-provisoria-com-socorro-a-distribuidoras-e-subsidio-para-baixa-renda","status":"publish","type":"post","link":"https:\/\/agenciainfra.com\/blog\/governo-edita-medida-provisoria-com-socorro-a-distribuidoras-e-subsidio-para-baixa-renda\/","title":{"rendered":"Governo edita medida provis\u00f3ria com socorro a distribuidoras e subs\u00eddio para baixa renda"},"content":{"rendered":"<h5 style=\"text-align: right;\"><strong>Leila Coimbra,\u00a0da Ag\u00eancia iNFRA<\/strong><\/h5>\n<p>O governo federal editou uma medida provis\u00f3ria com diretrizes para o socorro financeiro \u00e0s distribuidoras de energia \u2013 Conta ACR \u2013 e o subs\u00eddio para o consumidor baixa renda por tr\u00eas meses. A MP (Medida Provis\u00f3ria) 950 foi publicada em edi\u00e7\u00e3o extraordin\u00e1ria do DOU (Di\u00e1rio Oficial da Uni\u00e3o), nesta quarta-feira (8). Leia a \u00edntegra do texto <a href=\"http:\/\/www.in.gov.br\/web\/dou\/-\/medida-provisoria-n-950-de-8-de-abril-de-2020-251768271\" target=\"_blank\" rel=\"noopener noreferrer\">neste link<\/a>.<\/p>\n<p>O ministro de Minas e Energia, Bento Albuquerque, antecipou \u00e0 <strong>Ag\u00eancia iNFRA<\/strong>\u00a0na ter\u00e7a-feira (7) a elabora\u00e7\u00e3o da MP. Segundo o almirante, h\u00e1 ainda uma outra MP sob an\u00e1lise, que permitiria que as empresas de energia tivessem acesso aos recursos de fundos setoriais, dentre eles o P&amp;D (pesquisa e desenvolvimento), que possui quase R$ 5 bilh\u00f5es represados.<\/p>\n<p>\u201cAinda est\u00e1 em estudo o uso de fundos como P&amp;D, junto com outras propostas, por todos os agentes do setor el\u00e9trico. Estamos trabalhando com transpar\u00eancia e di\u00e1logo permanente. Hoje [ter\u00e7a-feira, dia 7] de manh\u00e3 tive uma reuni\u00e3o com as distribuidoras\u201d, disse o ministro.<\/p>\n<p>Na mesma edi\u00e7\u00e3o extraordin\u00e1ria do DOU desta quarta-feira, tamb\u00e9m foi publicada a MP 949 (<a href=\"http:\/\/www.in.gov.br\/web\/dou\/-\/medida-provisoria-n-949-de-8-de-abril-de-2020-251768262\" target=\"_blank\" rel=\"noopener noreferrer\">neste link<\/a>), que abre cr\u00e9dito suplementar com R$ 900 milh\u00f5es em recursos do Tesouro para o subs\u00eddio, que deve ter um custo total de R$ 1 bilh\u00e3o a R$ 1,1 bilh\u00e3o por tr\u00eas meses. Os R$ 200 milh\u00f5es restantes dever\u00e3o vir de recursos n\u00e3o utilizados do programa Luz para Todos.<\/p>\n<p><strong>Tr\u00eas MPs e uma estrat\u00e9gia<\/strong><br \/>\nEm um primeiro momento, foi pensada a publica\u00e7\u00e3o de tr\u00eas medidas provis\u00f3rias: 1) com as diretrizes gerais para a inje\u00e7\u00e3o de recursos nas distribuidoras, via empr\u00e9stimo e tamb\u00e9m outras alternativas; 2) que trataria do subs\u00eddio para os consumidores de baixa renda por tr\u00eas meses; 3) que versaria sobre o acesso das empresas a recursos de fundos como o P&amp;D (pesquisa e desenvolvimento).<\/p>\n<p>Mas depois a estrat\u00e9gia foi modificada, com a edi\u00e7\u00e3o de uma medida provis\u00f3ria \u00fanica para tratar simultaneamente do empr\u00e9stimo e do subs\u00eddio para a classe baixa renda. Fontes disseram que seria politicamente mais palat\u00e1vel a quest\u00e3o do socorro financeiro junto ao Congresso se no mesmo texto estivesse o programa de benef\u00edcio do Tesouro para o consumidor mais desassistido.<\/p>\n<p>Uma segunda MP, que abordaria o acesso aos fundos setoriais, ainda est\u00e1 em discuss\u00e3o com a ANEEL (Ag\u00eancia Nacional de Energia El\u00e9trica)\u00a0e os agentes do setor. At\u00e9 o fim da semana o MME (Minist\u00e9rio de Minas e Energia) dever\u00e1 ter uma posi\u00e7\u00e3o a respeito dessa medida.<\/p>\n","protected":false},"excerpt":{"rendered":"<p>Leila Coimbra,\u00a0da Ag\u00eancia iNFRA O governo federal editou uma medida provis\u00f3ria com diretrizes para o socorro financeiro \u00e0s distribuidoras de energia \u2013 Conta ACR \u2013 e o subs\u00eddio para o consumidor baixa renda por tr\u00eas meses. A MP (Medida Provis\u00f3ria) 950 foi publicada em edi\u00e7\u00e3o extraordin\u00e1ria do DOU (Di\u00e1rio Oficial da Uni\u00e3o), nesta quarta-feira (8). [&hellip;]<\/p>\n","protected":false},"author":9,"featured_media":4699,"comment_status":"closed","ping_status":"closed","sticky":false,"template":"","format":"standard","meta":{"_monsterinsights_skip_tracking":false,"_monsterinsights_sitenote_active":false,"_monsterinsights_sitenote_note":"","_monsterinsights_sitenote_category":0,"footnotes":""},"categories":[10],"tags":[1825,710,1887,491,96,1886,1885,718],"class_list":["post-4698","post","type-post","status-publish","format-standard","has-post-thumbnail","hentry","category-infraenergia","tag-baixa-renda","tag-bento-albuquerque","tag-consumidor","tag-distribuidoras-de-energia","tag-ministerio-de-minas-e-energia","tag-mp-949","tag-mp-950","tag-subsidio"],"yoast_head":"<!-- This site is optimized with the Yoast SEO Premium plugin v25.4 (Yoast SEO v26.0) - https:\/\/yoast.com\/wordpress\/plugins\/seo\/ -->\n<title>Governo edita medida provis\u00f3ria com socorro a distribuidoras e subs\u00eddio para baixa renda - Ag\u00eancia iNFRA<\/title>\n<meta name=\"robots\" content=\"index, follow, max-snippet:-1, max-image-preview:large, max-video-preview:-1\" \/>\n<link rel=\"canonical\" href=\"https:\/\/agenciainfra.com\/blog\/governo-edita-medida-provisoria-com-socorro-a-distribuidoras-e-subsidio-para-baixa-renda\/\" \/>\n<meta property=\"og:locale\" content=\"pt_BR\" \/>\n<meta property=\"og:type\" content=\"article\" \/>\n<meta property=\"og:title\" content=\"Governo edita medida provis\u00f3ria com socorro a distribuidoras e subs\u00eddio para baixa renda\" \/>\n<meta property=\"og:description\" content=\"Leila Coimbra,\u00a0da Ag\u00eancia iNFRA O governo federal editou uma medida provis\u00f3ria com diretrizes para o socorro financeiro \u00e0s distribuidoras de energia \u2013 Conta ACR \u2013 e o subs\u00eddio para o consumidor baixa renda por tr\u00eas meses. A MP (Medida Provis\u00f3ria) 950 foi publicada em edi\u00e7\u00e3o extraordin\u00e1ria do DOU (Di\u00e1rio Oficial da Uni\u00e3o), nesta quarta-feira (8). [&hellip;]\" \/>\n<meta property=\"og:url\" content=\"https:\/\/agenciainfra.com\/blog\/governo-edita-medida-provisoria-com-socorro-a-distribuidoras-e-subsidio-para-baixa-renda\/\" \/>\n<meta property=\"og:site_name\" content=\"Ag\u00eancia iNFRA\" \/>\n<meta property=\"article:publisher\" content=\"https:\/\/www.facebook.com\/ageninfra\" \/>\n<meta property=\"article:published_time\" content=\"2020-04-10T11:00:10+00:00\" \/>\n<meta property=\"og:image\" content=\"https:\/\/agenciainfra.com\/blog\/wp-content\/uploads\/2020\/04\/ministro-bento-albuquerque-foto-mme.jpg\" \/>\n\t<meta property=\"og:image:width\" content=\"1280\" \/>\n\t<meta property=\"og:image:height\" content=\"853\" \/>\n\t<meta property=\"og:image:type\" content=\"image\/jpeg\" \/>\n<meta name=\"author\" content=\"Rodrigo Zuquim\" \/>\n<meta name=\"twitter:card\" content=\"summary_large_image\" \/>\n<meta name=\"twitter:creator\" content=\"@agencia_infra\" \/>\n<meta name=\"twitter:site\" content=\"@agencia_infra\" \/>\n<meta name=\"twitter:label1\" content=\"Escrito por\" \/>\n\t<meta name=\"twitter:data1\" content=\"Rodrigo Zuquim\" \/>\n\t<meta name=\"twitter:label2\" content=\"Est. tempo de leitura\" \/>\n\t<meta name=\"twitter:data2\" content=\"2 minutos\" \/>\n<script type=\"application\/ld+json\" class=\"yoast-schema-graph\">{\"@context\":\"https:\/\/schema.org\",\"@graph\":[{\"@type\":\"Article\",\"@id\":\"https:\/\/agenciainfra.com\/blog\/governo-edita-medida-provisoria-com-socorro-a-distribuidoras-e-subsidio-para-baixa-renda\/#article\",\"isPartOf\":{\"@id\":\"https:\/\/agenciainfra.com\/blog\/governo-edita-medida-provisoria-com-socorro-a-distribuidoras-e-subsidio-para-baixa-renda\/\"},\"author\":{\"name\":\"Rodrigo Zuquim\",\"@id\":\"https:\/\/agenciainfra.com\/blog\/#\/schema\/person\/04dbb79bd6d8951f063da71f3e4c1eb1\"},\"headline\":\"Governo edita medida provis\u00f3ria com socorro a distribuidoras e subs\u00eddio para baixa renda\",\"datePublished\":\"2020-04-10T11:00:10+00:00\",\"mainEntityOfPage\":{\"@id\":\"https:\/\/agenciainfra.com\/blog\/governo-edita-medida-provisoria-com-socorro-a-distribuidoras-e-subsidio-para-baixa-renda\/\"},\"wordCount\":458,\"publisher\":{\"@id\":\"https:\/\/agenciainfra.com\/blog\/#organization\"},\"image\":{\"@id\":\"https:\/\/agenciainfra.com\/blog\/governo-edita-medida-provisoria-com-socorro-a-distribuidoras-e-subsidio-para-baixa-renda\/#primaryimage\"},\"thumbnailUrl\":\"https:\/\/agenciainfra.com\/blog\/wp-content\/uploads\/2020\/04\/ministro-bento-albuquerque-foto-mme.jpg\",\"keywords\":[\"baixa renda\",\"bento albuquerque\",\"consumidor\",\"distribuidoras de energia\",\"Minist\u00e9rio de Minas e Energia\",\"MP 949\",\"MP 950\",\"subs\u00eddio\"],\"articleSection\":[\"iNFRAEnergia\"],\"inLanguage\":\"pt-BR\",\"copyrightYear\":\"2020\",\"copyrightHolder\":{\"@id\":\"https:\/\/agenciainfra.com\/blog\/#organization\"}},{\"@type\":\"WebPage\",\"@id\":\"https:\/\/agenciainfra.com\/blog\/governo-edita-medida-provisoria-com-socorro-a-distribuidoras-e-subsidio-para-baixa-renda\/\",\"url\":\"https:\/\/agenciainfra.com\/blog\/governo-edita-medida-provisoria-com-socorro-a-distribuidoras-e-subsidio-para-baixa-renda\/\",\"name\":\"Governo edita medida provis\u00f3ria com socorro a distribuidoras e subs\u00eddio para baixa renda - Ag\u00eancia iNFRA\",\"isPartOf\":{\"@id\":\"https:\/\/agenciainfra.com\/blog\/#website\"},\"primaryImageOfPage\":{\"@id\":\"https:\/\/agenciainfra.com\/blog\/governo-edita-medida-provisoria-com-socorro-a-distribuidoras-e-subsidio-para-baixa-renda\/#primaryimage\"},\"image\":{\"@id\":\"https:\/\/agenciainfra.com\/blog\/governo-edita-medida-provisoria-com-socorro-a-distribuidoras-e-subsidio-para-baixa-renda\/#primaryimage\"},\"thumbnailUrl\":\"https:\/\/agenciainfra.com\/blog\/wp-content\/uploads\/2020\/04\/ministro-bento-albuquerque-foto-mme.jpg\",\"datePublished\":\"2020-04-10T11:00:10+00:00\",\"breadcrumb\":{\"@id\":\"https:\/\/agenciainfra.com\/blog\/governo-edita-medida-provisoria-com-socorro-a-distribuidoras-e-subsidio-para-baixa-renda\/#breadcrumb\"},\"inLanguage\":\"pt-BR\",\"potentialAction\":[{\"@type\":\"ReadAction\",\"target\":[\"https:\/\/agenciainfra.com\/blog\/governo-edita-medida-provisoria-com-socorro-a-distribuidoras-e-subsidio-para-baixa-renda\/\"]}]},{\"@type\":\"ImageObject\",\"inLanguage\":\"pt-BR\",\"@id\":\"https:\/\/agenciainfra.com\/blog\/governo-edita-medida-provisoria-com-socorro-a-distribuidoras-e-subsidio-para-baixa-renda\/#primaryimage\",\"url\":\"https:\/\/agenciainfra.com\/blog\/wp-content\/uploads\/2020\/04\/ministro-bento-albuquerque-foto-mme.jpg\",\"contentUrl\":\"https:\/\/agenciainfra.com\/blog\/wp-content\/uploads\/2020\/04\/ministro-bento-albuquerque-foto-mme.jpg\",\"width\":1280,\"height\":853},{\"@type\":\"BreadcrumbList\",\"@id\":\"https:\/\/agenciainfra.com\/blog\/governo-edita-medida-provisoria-com-socorro-a-distribuidoras-e-subsidio-para-baixa-renda\/#breadcrumb\",\"itemListElement\":[{\"@type\":\"ListItem\",\"position\":1,\"name\":\"In\u00edcio\",\"item\":\"https:\/\/agenciainfra.com\/blog\/\"},{\"@type\":\"ListItem\",\"position\":2,\"name\":\"Governo edita medida provis\u00f3ria com socorro a distribuidoras e subs\u00eddio para baixa renda\"}]},{\"@type\":\"WebSite\",\"@id\":\"https:\/\/agenciainfra.com\/blog\/#website\",\"url\":\"https:\/\/agenciainfra.com\/blog\/\",\"name\":\"Ag\u00eancia iNFRA\",\"description\":\"Multiplataforma de informa\u00e7\u00e3o jornal\u00edstica refer\u00eancia na \u00e1rea de infraestrutura no Brasil!\",\"publisher\":{\"@id\":\"https:\/\/agenciainfra.com\/blog\/#organization\"},\"potentialAction\":[{\"@type\":\"SearchAction\",\"target\":{\"@type\":\"EntryPoint\",\"urlTemplate\":\"https:\/\/agenciainfra.com\/blog\/?s={search_term_string}\"},\"query-input\":{\"@type\":\"PropertyValueSpecification\",\"valueRequired\":true,\"valueName\":\"search_term_string\"}}],\"inLanguage\":\"pt-BR\"},{\"@type\":\"Organization\",\"@id\":\"https:\/\/agenciainfra.com\/blog\/#organization\",\"name\":\"Ag\u00eancia iNFRA\",\"url\":\"https:\/\/agenciainfra.com\/blog\/\",\"logo\":{\"@type\":\"ImageObject\",\"inLanguage\":\"pt-BR\",\"@id\":\"https:\/\/agenciainfra.com\/blog\/#\/schema\/logo\/image\/\",\"url\":\"https:\/\/agenciainfra.com\/blog\/wp-content\/uploads\/2023\/09\/iNFRA_5-e1761735885940.png\",\"contentUrl\":\"https:\/\/agenciainfra.com\/blog\/wp-content\/uploads\/2023\/09\/iNFRA_5-e1761735885940.png\",\"width\":1672,\"height\":454,\"caption\":\"Ag\u00eancia iNFRA\"},\"image\":{\"@id\":\"https:\/\/agenciainfra.com\/blog\/#\/schema\/logo\/image\/\"},\"sameAs\":[\"https:\/\/www.facebook.com\/ageninfra\",\"https:\/\/x.com\/agencia_infra\",\"https:\/\/www.linkedin.com\/company\/ag\u00eanciainfra\/\",\"https:\/\/www.instagram.com\/agenciainfra\/\"]},{\"@type\":\"Person\",\"@id\":\"https:\/\/agenciainfra.com\/blog\/#\/schema\/person\/04dbb79bd6d8951f063da71f3e4c1eb1\",\"name\":\"Rodrigo Zuquim\",\"image\":{\"@type\":\"ImageObject\",\"inLanguage\":\"pt-BR\",\"@id\":\"https:\/\/agenciainfra.com\/blog\/#\/schema\/person\/image\/\",\"url\":\"https:\/\/secure.gravatar.com\/avatar\/594abfe82761d620726242ff34ca472a705a4b97f16c790053a6b4c4035274d0?s=96&d=mm&r=g\",\"contentUrl\":\"https:\/\/secure.gravatar.com\/avatar\/594abfe82761d620726242ff34ca472a705a4b97f16c790053a6b4c4035274d0?s=96&d=mm&r=g\",\"caption\":\"Rodrigo Zuquim\"},\"url\":\"https:\/\/agenciainfra.com\/blog\/author\/rodrigo-zuquim\/\"}]}<\/script>\n<!-- \/ Yoast SEO Premium plugin. -->","yoast_head_json":{"title":"Governo edita medida provis\u00f3ria com socorro a distribuidoras e subs\u00eddio para baixa renda - Ag\u00eancia iNFRA","robots":{"index":"index","follow":"follow","max-snippet":"max-snippet:-1","max-image-preview":"max-image-preview:large","max-video-preview":"max-video-preview:-1"},"canonical":"https:\/\/agenciainfra.com\/blog\/governo-edita-medida-provisoria-com-socorro-a-distribuidoras-e-subsidio-para-baixa-renda\/","og_locale":"pt_BR","og_type":"article","og_title":"Governo edita medida provis\u00f3ria com socorro a distribuidoras e subs\u00eddio para baixa renda","og_description":"Leila Coimbra,\u00a0da Ag\u00eancia iNFRA O governo federal editou uma medida provis\u00f3ria com diretrizes para o socorro financeiro \u00e0s distribuidoras de energia \u2013 Conta ACR \u2013 e o subs\u00eddio para o consumidor baixa renda por tr\u00eas meses. A MP (Medida Provis\u00f3ria) 950 foi publicada em edi\u00e7\u00e3o extraordin\u00e1ria do DOU (Di\u00e1rio Oficial da Uni\u00e3o), nesta quarta-feira (8). [&hellip;]","og_url":"https:\/\/agenciainfra.com\/blog\/governo-edita-medida-provisoria-com-socorro-a-distribuidoras-e-subsidio-para-baixa-renda\/","og_site_name":"Ag\u00eancia iNFRA","article_publisher":"https:\/\/www.facebook.com\/ageninfra","article_published_time":"2020-04-10T11:00:10+00:00","og_image":[{"width":1280,"height":853,"url":"https:\/\/agenciainfra.com\/blog\/wp-content\/uploads\/2020\/04\/ministro-bento-albuquerque-foto-mme.jpg","type":"image\/jpeg"}],"author":"Rodrigo Zuquim","twitter_card":"summary_large_image","twitter_creator":"@agencia_infra","twitter_site":"@agencia_infra","twitter_misc":{"Escrito por":"Rodrigo Zuquim","Est. tempo de leitura":"2 minutos"},"schema":{"@context":"https:\/\/schema.org","@graph":[{"@type":"Article","@id":"https:\/\/agenciainfra.com\/blog\/governo-edita-medida-provisoria-com-socorro-a-distribuidoras-e-subsidio-para-baixa-renda\/#article","isPartOf":{"@id":"https:\/\/agenciainfra.com\/blog\/governo-edita-medida-provisoria-com-socorro-a-distribuidoras-e-subsidio-para-baixa-renda\/"},"author":{"name":"Rodrigo Zuquim","@id":"https:\/\/agenciainfra.com\/blog\/#\/schema\/person\/04dbb79bd6d8951f063da71f3e4c1eb1"},"headline":"Governo edita medida provis\u00f3ria com socorro a distribuidoras e subs\u00eddio para baixa renda","datePublished":"2020-04-10T11:00:10+00:00","mainEntityOfPage":{"@id":"https:\/\/agenciainfra.com\/blog\/governo-edita-medida-provisoria-com-socorro-a-distribuidoras-e-subsidio-para-baixa-renda\/"},"wordCount":458,"publisher":{"@id":"https:\/\/agenciainfra.com\/blog\/#organization"},"image":{"@id":"https:\/\/agenciainfra.com\/blog\/governo-edita-medida-provisoria-com-socorro-a-distribuidoras-e-subsidio-para-baixa-renda\/#primaryimage"},"thumbnailUrl":"https:\/\/agenciainfra.com\/blog\/wp-content\/uploads\/2020\/04\/ministro-bento-albuquerque-foto-mme.jpg","keywords":["baixa renda","bento albuquerque","consumidor","distribuidoras de energia","Minist\u00e9rio de Minas e Energia","MP 949","MP 950","subs\u00eddio"],"articleSection":["iNFRAEnergia"],"inLanguage":"pt-BR","copyrightYear":"2020","copyrightHolder":{"@id":"https:\/\/agenciainfra.com\/blog\/#organization"}},{"@type":"WebPage","@id":"https:\/\/agenciainfra.com\/blog\/governo-edita-medida-provisoria-com-socorro-a-distribuidoras-e-subsidio-para-baixa-renda\/","url":"https:\/\/agenciainfra.com\/blog\/governo-edita-medida-provisoria-com-socorro-a-distribuidoras-e-subsidio-para-baixa-renda\/","name":"Governo edita medida provis\u00f3ria com socorro a distribuidoras e subs\u00eddio para baixa renda - Ag\u00eancia iNFRA","isPartOf":{"@id":"https:\/\/agenciainfra.com\/blog\/#website"},"primaryImageOfPage":{"@id":"https:\/\/agenciainfra.com\/blog\/governo-edita-medida-provisoria-com-socorro-a-distribuidoras-e-subsidio-para-baixa-renda\/#primaryimage"},"image":{"@id":"https:\/\/agenciainfra.com\/blog\/governo-edita-medida-provisoria-com-socorro-a-distribuidoras-e-subsidio-para-baixa-renda\/#primaryimage"},"thumbnailUrl":"https:\/\/agenciainfra.com\/blog\/wp-content\/uploads\/2020\/04\/ministro-bento-albuquerque-foto-mme.jpg","datePublished":"2020-04-10T11:00:10+00:00","breadcrumb":{"@id":"https:\/\/agenciainfra.com\/blog\/governo-edita-medida-provisoria-com-socorro-a-distribuidoras-e-subsidio-para-baixa-renda\/#breadcrumb"},"inLanguage":"pt-BR","potentialAction":[{"@type":"ReadAction","target":["https:\/\/agenciainfra.com\/blog\/governo-edita-medida-provisoria-com-socorro-a-distribuidoras-e-subsidio-para-baixa-renda\/"]}]},{"@type":"ImageObject","inLanguage":"pt-BR","@id":"https:\/\/agenciainfra.com\/blog\/governo-edita-medida-provisoria-com-socorro-a-distribuidoras-e-subsidio-para-baixa-renda\/#primaryimage","url":"https:\/\/agenciainfra.com\/blog\/wp-content\/uploads\/2020\/04\/ministro-bento-albuquerque-foto-mme.jpg","contentUrl":"https:\/\/agenciainfra.com\/blog\/wp-content\/uploads\/2020\/04\/ministro-bento-albuquerque-foto-mme.jpg","width":1280,"height":853},{"@type":"BreadcrumbList","@id":"https:\/\/agenciainfra.com\/blog\/governo-edita-medida-provisoria-com-socorro-a-distribuidoras-e-subsidio-para-baixa-renda\/#breadcrumb","itemListElement":[{"@type":"ListItem","position":1,"name":"In\u00edcio","item":"https:\/\/agenciainfra.com\/blog\/"},{"@type":"ListItem","position":2,"name":"Governo edita medida provis\u00f3ria com socorro a distribuidoras e subs\u00eddio para baixa renda"}]},{"@type":"WebSite","@id":"https:\/\/agenciainfra.com\/blog\/#website","url":"https:\/\/agenciainfra.com\/blog\/","name":"Ag\u00eancia iNFRA","description":"Multiplataforma de informa\u00e7\u00e3o jornal\u00edstica refer\u00eancia na \u00e1rea de infraestrutura no Brasil!","publisher":{"@id":"https:\/\/agenciainfra.com\/blog\/#organization"},"potentialAction":[{"@type":"SearchAction","target":{"@type":"EntryPoint","urlTemplate":"https:\/\/agenciainfra.com\/blog\/?s={search_term_string}"},"query-input":{"@type":"PropertyValueSpecification","valueRequired":true,"valueName":"search_term_string"}}],"inLanguage":"pt-BR"},{"@type":"Organization","@id":"https:\/\/agenciainfra.com\/blog\/#organization","name":"Ag\u00eancia iNFRA","url":"https:\/\/agenciainfra.com\/blog\/","logo":{"@type":"ImageObject","inLanguage":"pt-BR","@id":"https:\/\/agenciainfra.com\/blog\/#\/schema\/logo\/image\/","url":"https:\/\/agenciainfra.com\/blog\/wp-content\/uploads\/2023\/09\/iNFRA_5-e1761735885940.png","contentUrl":"https:\/\/agenciainfra.com\/blog\/wp-content\/uploads\/2023\/09\/iNFRA_5-e1761735885940.png","width":1672,"height":454,"caption":"Ag\u00eancia iNFRA"},"image":{"@id":"https:\/\/agenciainfra.com\/blog\/#\/schema\/logo\/image\/"},"sameAs":["https:\/\/www.facebook.com\/ageninfra","https:\/\/x.com\/agencia_infra","https:\/\/www.linkedin.com\/company\/ag\u00eanciainfra\/","https:\/\/www.instagram.com\/agenciainfra\/"]},{"@type":"Person","@id":"https:\/\/agenciainfra.com\/blog\/#\/schema\/person\/04dbb79bd6d8951f063da71f3e4c1eb1","name":"Rodrigo Zuquim","image":{"@type":"ImageObject","inLanguage":"pt-BR","@id":"https:\/\/agenciainfra.com\/blog\/#\/schema\/person\/image\/","url":"https:\/\/secure.gravatar.com\/avatar\/594abfe82761d620726242ff34ca472a705a4b97f16c790053a6b4c4035274d0?s=96&d=mm&r=g","contentUrl":"https:\/\/secure.gravatar.com\/avatar\/594abfe82761d620726242ff34ca472a705a4b97f16c790053a6b4c4035274d0?s=96&d=mm&r=g","caption":"Rodrigo Zuquim"},"url":"https:\/\/agenciainfra.com\/blog\/author\/rodrigo-zuquim\/"}]}},"_links":{"self":[{"href":"https:\/\/agenciainfra.com\/blog\/wp-json\/wp\/v2\/posts\/4698","targetHints":{"allow":["GET"]}}],"collection":[{"href":"https:\/\/agenciainfra.com\/blog\/wp-json\/wp\/v2\/posts"}],"about":[{"href":"https:\/\/agenciainfra.com\/blog\/wp-json\/wp\/v2\/types\/post"}],"author":[{"embeddable":true,"href":"https:\/\/agenciainfra.com\/blog\/wp-json\/wp\/v2\/users\/9"}],"replies":[{"embeddable":true,"href":"https:\/\/agenciainfra.com\/blog\/wp-json\/wp\/v2\/comments?post=4698"}],"version-history":[{"count":0,"href":"https:\/\/agenciainfra.com\/blog\/wp-json\/wp\/v2\/posts\/4698\/revisions"}],"wp:featuredmedia":[{"embeddable":true,"href":"https:\/\/agenciainfra.com\/blog\/wp-json\/wp\/v2\/media\/4699"}],"wp:attachment":[{"href":"https:\/\/agenciainfra.com\/blog\/wp-json\/wp\/v2\/media?parent=4698"}],"wp:term":[{"taxonomy":"category","embeddable":true,"href":"https:\/\/agenciainfra.com\/blog\/wp-json\/wp\/v2\/categories?post=4698"},{"taxonomy":"post_tag","embeddable":true,"href":"https:\/\/agenciainfra.com\/blog\/wp-json\/wp\/v2\/tags?post=4698"}],"curies":[{"name":"wp","href":"https:\/\/api.w.org\/{rel}","templated":true}]}}