{"id":46988,"date":"2026-09-04T14:58:20","date_gmt":"2026-09-04T17:58:20","guid":{"rendered":"https:\/\/agenciainfra.com\/blog\/?p=46988"},"modified":"2026-09-04T14:58:22","modified_gmt":"2026-09-04T17:58:22","slug":"anac-e-comaer-lancam-plano-de-seguranca-operacional-ate-2028","status":"publish","type":"post","link":"https:\/\/agenciainfra.com\/blog\/anac-e-comaer-lancam-plano-de-seguranca-operacional-ate-2028\/","title":{"rendered":"ANAC e Comaer lan\u00e7am plano de seguran\u00e7a operacional at\u00e9 2028"},"content":{"rendered":"\n<p class=\"has-text-align-right\"><strong>da Ag\u00eancia iNFRA<\/strong><\/p>\n\n\n\n<p>A ANAC (Ag\u00eancia Nacional de Avia\u00e7\u00e3o Civil) e o Comaer (Comando da Aeron\u00e1utica) publicaram o <a href=\"https:\/\/www.gov.br\/anac\/pt-br\/assuntos\/seguranca-operacional\/programas-de-seguranca-operacional\/arquivos\/pnso-2026-2028\">Plano Nacional de Seguran\u00e7a Operacional<\/a> para a Avia\u00e7\u00e3o Civil 2026\u20132028, que estabelece as diretrizes do Estado brasileiro para o gerenciamento da seguran\u00e7a operacional do setor.<\/p>\n\n\n\n<p>O documento define quest\u00f5es priorit\u00e1rias, objetivos e metas nacionais, indicadores de desempenho e iniciativas voltadas \u00e0 redu\u00e7\u00e3o cont\u00ednua dos riscos na avia\u00e7\u00e3o civil.<\/p>\n\n\n\n<p>Entre as metas estabelecidas, o plano prev\u00ea que n\u00e3o haja acidentes com mortes nas opera\u00e7\u00f5es da avia\u00e7\u00e3o comercial regular entre 2026 e 2028. O documento tamb\u00e9m busca manter ou reduzir as taxas de acidentes e incidentes graves por milh\u00e3o de decolagens, al\u00e9m de aprimorar a supervis\u00e3o estatal e os sistemas de gerenciamento de seguran\u00e7a dos prestadores de servi\u00e7os.<\/p>\n\n\n\n<p>Para a avia\u00e7\u00e3o regular, foram definidas cinco categorias priorit\u00e1rias de risco: voo controlado contra o terreno ou obst\u00e1culos; perda de controle em voo; colis\u00e3o ou perda de separa\u00e7\u00e3o entre aeronaves; sa\u00edda de pista; e incurs\u00e3o de pista, caracterizada pela presen\u00e7a indevida de aeronaves, ve\u00edculos ou pessoas na \u00e1rea destinada a pousos e decolagens.<\/p>\n\n\n\n<p>O plano tamb\u00e9m inclui o monitoramento de riscos emergentes, como desastres naturais, voos em condi\u00e7\u00f5es meteorol\u00f3gicas adversas, drones, colis\u00f5es com aves e a entrada dos ve\u00edculos el\u00e9tricos de pouso e decolagem vertical, os carros voadores, chamados eVTOLs, e dos vertiportos no sistema de avia\u00e7\u00e3o civil.<\/p>\n\n\n\n<p>Segundo o documento, o n\u00famero de movimentos a\u00e9reos no pa\u00eds dever\u00e1 crescer aproximadamente 14,6% no cen\u00e1rio considerado mais realista, passando de 2,11 milh\u00f5es em 2025 para 2,42 milh\u00f5es em 2030. A expans\u00e3o, de acordo com o plano, aumenta a exposi\u00e7\u00e3o aos riscos operacionais e exige a\u00e7\u00f5es preventivas do Estado.<\/p>\n\n\n\n<p>A nova edi\u00e7\u00e3o, segundo a ANAC, foi elaborada pelo Comit\u00ea de Seguran\u00e7a Operacional da Avia\u00e7\u00e3o Civil Brasileira e est\u00e1 alinhada \u00e0s diretrizes da Oaci (Organiza\u00e7\u00e3o de Avia\u00e7\u00e3o Civil Internacional), incluindo o Plano Global de Seguran\u00e7a Operacional e o South America Safety Plan para o ciclo 2026\u20132028.<\/p>\n\n\n\n<p><\/p>\n","protected":false},"excerpt":{"rendered":"<p>da Ag\u00eancia iNFRA A ANAC (Ag\u00eancia Nacional de Avia\u00e7\u00e3o Civil) e o Comaer (Comando da Aeron\u00e1utica) publicaram o Plano Nacional de Seguran\u00e7a Operacional para a Avia\u00e7\u00e3o Civil 2026\u20132028, que estabelece as diretrizes do Estado brasileiro para o gerenciamento da seguran\u00e7a operacional do setor. O documento define quest\u00f5es priorit\u00e1rias, objetivos e metas nacionais, indicadores de desempenho [&hellip;]<\/p>\n","protected":false},"author":1,"featured_media":43601,"comment_status":"closed","ping_status":"closed","sticky":false,"template":"","format":"standard","meta":{"_monsterinsights_skip_tracking":false,"_monsterinsights_sitenote_active":false,"_monsterinsights_sitenote_note":"","_monsterinsights_sitenote_category":0,"footnotes":""},"categories":[13576],"tags":[242,599,12252,14952,21723,2177],"class_list":["post-46988","post","type-post","status-publish","format-standard","has-post-thumbnail","hentry","category-giro-infra","tag-anac","tag-aviacao-civil","tag-comaer","tag-seguranca-na-aviacao","tag-taxas-de-acidentes","tag-veiculos-eletricos"],"yoast_head":"<!-- This site is optimized with the Yoast SEO Premium plugin v25.4 (Yoast SEO v28.2) - https:\/\/yoast.com\/product\/yoast-seo-premium-wordpress\/ -->\n<title>ANAC e Comaer lan\u00e7am plano de seguran\u00e7a operacional at\u00e9 2028 - Ag\u00eancia iNFRA<\/title>\n<meta name=\"robots\" content=\"index, follow, max-snippet:-1, max-image-preview:large, max-video-preview:-1\" \/>\n<link rel=\"canonical\" href=\"https:\/\/agenciainfra.com\/blog\/anac-e-comaer-lancam-plano-de-seguranca-operacional-ate-2028\/\" \/>\n<meta property=\"og:locale\" content=\"pt_BR\" \/>\n<meta property=\"og:type\" content=\"article\" \/>\n<meta property=\"og:title\" content=\"ANAC e Comaer lan\u00e7am plano de seguran\u00e7a operacional at\u00e9 2028\" \/>\n<meta property=\"og:description\" content=\"da Ag\u00eancia iNFRA A ANAC (Ag\u00eancia Nacional de Avia\u00e7\u00e3o Civil) e o Comaer (Comando da Aeron\u00e1utica) publicaram o Plano Nacional de Seguran\u00e7a Operacional para a Avia\u00e7\u00e3o Civil 2026\u20132028, que estabelece as diretrizes do Estado brasileiro para o gerenciamento da seguran\u00e7a operacional do setor. O documento define quest\u00f5es priorit\u00e1rias, objetivos e metas nacionais, indicadores de desempenho [&hellip;]\" \/>\n<meta property=\"og:url\" content=\"https:\/\/agenciainfra.com\/blog\/anac-e-comaer-lancam-plano-de-seguranca-operacional-ate-2028\/\" \/>\n<meta property=\"og:site_name\" content=\"Ag\u00eancia iNFRA\" \/>\n<meta property=\"article:publisher\" content=\"https:\/\/www.facebook.com\/ageninfra\" \/>\n<meta property=\"article:published_time\" content=\"2026-09-04T17:58:20+00:00\" \/>\n<meta property=\"article:modified_time\" content=\"2026-09-04T17:58:22+00:00\" \/>\n<meta property=\"og:image\" content=\"https:\/\/agenciainfra.com\/blog\/wp-content\/uploads\/2026\/06\/aviao-aviacao-transporte-aereo-foto-philip-myrtorp-unsplash.jpg\" \/>\n\t<meta property=\"og:image:width\" content=\"1280\" \/>\n\t<meta property=\"og:image:height\" content=\"853\" \/>\n\t<meta property=\"og:image:type\" content=\"image\/jpeg\" \/>\n<meta name=\"author\" content=\"Ag\u00eancia iNFRA\" \/>\n<meta name=\"twitter:card\" content=\"summary_large_image\" \/>\n<meta name=\"twitter:creator\" content=\"@agencia_infra\" \/>\n<meta name=\"twitter:site\" content=\"@agencia_infra\" \/>\n<meta name=\"twitter:label1\" content=\"Escrito por\" \/>\n\t<meta name=\"twitter:data1\" content=\"Ag\u00eancia iNFRA\" \/>\n\t<meta name=\"twitter:label2\" content=\"Est. tempo de leitura\" \/>\n\t<meta name=\"twitter:data2\" content=\"2 minutos\" \/>\n<script type=\"application\/ld+json\" class=\"yoast-schema-graph\">{\"@context\":\"https:\\\/\\\/schema.org\",\"@graph\":[{\"@type\":\"Article\",\"@id\":\"https:\\\/\\\/agenciainfra.com\\\/blog\\\/anac-e-comaer-lancam-plano-de-seguranca-operacional-ate-2028\\\/#article\",\"isPartOf\":{\"@id\":\"https:\\\/\\\/agenciainfra.com\\\/blog\\\/anac-e-comaer-lancam-plano-de-seguranca-operacional-ate-2028\\\/\"},\"author\":{\"name\":\"Ag\u00eancia iNFRA\",\"@id\":\"https:\\\/\\\/agenciainfra.com\\\/blog\\\/#\\\/schema\\\/person\\\/34af08dff6adea4cb22b06612ba7acfa\"},\"headline\":\"ANAC e Comaer lan\u00e7am plano de seguran\u00e7a operacional at\u00e9 2028\",\"datePublished\":\"2026-09-04T17:58:20+00:00\",\"dateModified\":\"2026-09-04T17:58:22+00:00\",\"mainEntityOfPage\":{\"@id\":\"https:\\\/\\\/agenciainfra.com\\\/blog\\\/anac-e-comaer-lancam-plano-de-seguranca-operacional-ate-2028\\\/\"},\"wordCount\":370,\"publisher\":{\"@id\":\"https:\\\/\\\/agenciainfra.com\\\/blog\\\/#organization\"},\"image\":{\"@id\":\"https:\\\/\\\/agenciainfra.com\\\/blog\\\/anac-e-comaer-lancam-plano-de-seguranca-operacional-ate-2028\\\/#primaryimage\"},\"thumbnailUrl\":\"https:\\\/\\\/agenciainfra.com\\\/blog\\\/wp-content\\\/uploads\\\/2026\\\/06\\\/aviao-aviacao-transporte-aereo-foto-philip-myrtorp-unsplash.jpg\",\"keywords\":[\"ANAC\",\"avia\u00e7\u00e3o civil\",\"Comaer\",\"seguran\u00e7a na avia\u00e7\u00e3o\",\"taxas de acidentes\",\"ve\u00edculos el\u00e9tricos\"],\"articleSection\":[\"Giro iNFRA\"],\"inLanguage\":\"pt-BR\",\"copyrightYear\":\"2026\",\"copyrightHolder\":{\"@id\":\"https:\\\/\\\/agenciainfra.com\\\/blog\\\/#organization\"}},{\"@type\":\"WebPage\",\"@id\":\"https:\\\/\\\/agenciainfra.com\\\/blog\\\/anac-e-comaer-lancam-plano-de-seguranca-operacional-ate-2028\\\/\",\"url\":\"https:\\\/\\\/agenciainfra.com\\\/blog\\\/anac-e-comaer-lancam-plano-de-seguranca-operacional-ate-2028\\\/\",\"name\":\"ANAC e Comaer lan\u00e7am plano de seguran\u00e7a operacional at\u00e9 2028 - Ag\u00eancia iNFRA\",\"isPartOf\":{\"@id\":\"https:\\\/\\\/agenciainfra.com\\\/blog\\\/#website\"},\"primaryImageOfPage\":{\"@id\":\"https:\\\/\\\/agenciainfra.com\\\/blog\\\/anac-e-comaer-lancam-plano-de-seguranca-operacional-ate-2028\\\/#primaryimage\"},\"image\":{\"@id\":\"https:\\\/\\\/agenciainfra.com\\\/blog\\\/anac-e-comaer-lancam-plano-de-seguranca-operacional-ate-2028\\\/#primaryimage\"},\"thumbnailUrl\":\"https:\\\/\\\/agenciainfra.com\\\/blog\\\/wp-content\\\/uploads\\\/2026\\\/06\\\/aviao-aviacao-transporte-aereo-foto-philip-myrtorp-unsplash.jpg\",\"datePublished\":\"2026-09-04T17:58:20+00:00\",\"dateModified\":\"2026-09-04T17:58:22+00:00\",\"breadcrumb\":{\"@id\":\"https:\\\/\\\/agenciainfra.com\\\/blog\\\/anac-e-comaer-lancam-plano-de-seguranca-operacional-ate-2028\\\/#breadcrumb\"},\"inLanguage\":\"pt-BR\",\"potentialAction\":[{\"@type\":\"ReadAction\",\"target\":[\"https:\\\/\\\/agenciainfra.com\\\/blog\\\/anac-e-comaer-lancam-plano-de-seguranca-operacional-ate-2028\\\/\"]}]},{\"@type\":\"ImageObject\",\"inLanguage\":\"pt-BR\",\"@id\":\"https:\\\/\\\/agenciainfra.com\\\/blog\\\/anac-e-comaer-lancam-plano-de-seguranca-operacional-ate-2028\\\/#primaryimage\",\"url\":\"https:\\\/\\\/agenciainfra.com\\\/blog\\\/wp-content\\\/uploads\\\/2026\\\/06\\\/aviao-aviacao-transporte-aereo-foto-philip-myrtorp-unsplash.jpg\",\"contentUrl\":\"https:\\\/\\\/agenciainfra.com\\\/blog\\\/wp-content\\\/uploads\\\/2026\\\/06\\\/aviao-aviacao-transporte-aereo-foto-philip-myrtorp-unsplash.jpg\",\"width\":1280,\"height\":853,\"caption\":\"Foto: Philip Myrtorp\\\/Unsplash\"},{\"@type\":\"BreadcrumbList\",\"@id\":\"https:\\\/\\\/agenciainfra.com\\\/blog\\\/anac-e-comaer-lancam-plano-de-seguranca-operacional-ate-2028\\\/#breadcrumb\",\"itemListElement\":[{\"@type\":\"ListItem\",\"position\":1,\"name\":\"In\u00edcio\",\"item\":\"https:\\\/\\\/agenciainfra.com\\\/blog\\\/\"},{\"@type\":\"ListItem\",\"position\":2,\"name\":\"ANAC e Comaer lan\u00e7am plano de seguran\u00e7a operacional at\u00e9 2028\"}]},{\"@type\":\"WebSite\",\"@id\":\"https:\\\/\\\/agenciainfra.com\\\/blog\\\/#website\",\"url\":\"https:\\\/\\\/agenciainfra.com\\\/blog\\\/\",\"name\":\"Ag\u00eancia iNFRA\",\"description\":\"Multiplataforma de informa\u00e7\u00e3o jornal\u00edstica refer\u00eancia na \u00e1rea de infraestrutura no Brasil!\",\"publisher\":{\"@id\":\"https:\\\/\\\/agenciainfra.com\\\/blog\\\/#organization\"},\"potentialAction\":[{\"@type\":\"SearchAction\",\"target\":{\"@type\":\"EntryPoint\",\"urlTemplate\":\"https:\\\/\\\/agenciainfra.com\\\/blog\\\/?s={search_term_string}\"},\"query-input\":{\"@type\":\"PropertyValueSpecification\",\"valueRequired\":true,\"valueName\":\"search_term_string\"}}],\"inLanguage\":\"pt-BR\"},{\"@type\":\"Organization\",\"@id\":\"https:\\\/\\\/agenciainfra.com\\\/blog\\\/#organization\",\"name\":\"Ag\u00eancia iNFRA\",\"url\":\"https:\\\/\\\/agenciainfra.com\\\/blog\\\/\",\"logo\":{\"@type\":\"ImageObject\",\"inLanguage\":\"pt-BR\",\"@id\":\"https:\\\/\\\/agenciainfra.com\\\/blog\\\/#\\\/schema\\\/logo\\\/image\\\/\",\"url\":\"https:\\\/\\\/agenciainfra.com\\\/blog\\\/wp-content\\\/uploads\\\/2023\\\/09\\\/iNFRA_5-e1761735885940.png\",\"contentUrl\":\"https:\\\/\\\/agenciainfra.com\\\/blog\\\/wp-content\\\/uploads\\\/2023\\\/09\\\/iNFRA_5-e1761735885940.png\",\"width\":1672,\"height\":454,\"caption\":\"Ag\u00eancia iNFRA\"},\"image\":{\"@id\":\"https:\\\/\\\/agenciainfra.com\\\/blog\\\/#\\\/schema\\\/logo\\\/image\\\/\"},\"sameAs\":[\"https:\\\/\\\/www.facebook.com\\\/ageninfra\",\"https:\\\/\\\/x.com\\\/agencia_infra\",\"https:\\\/\\\/www.linkedin.com\\\/company\\\/ag\u00eanciainfra\\\/\",\"https:\\\/\\\/www.instagram.com\\\/agenciainfra\\\/\"]},{\"@type\":\"Person\",\"@id\":\"https:\\\/\\\/agenciainfra.com\\\/blog\\\/#\\\/schema\\\/person\\\/34af08dff6adea4cb22b06612ba7acfa\",\"name\":\"Ag\u00eancia iNFRA\",\"image\":{\"@type\":\"ImageObject\",\"inLanguage\":\"pt-BR\",\"@id\":\"https:\\\/\\\/secure.gravatar.com\\\/avatar\\\/d189e01678f06d8eb84d4e01f08eb848b3fffe3f8443818d3c356c66892f5be8?s=96&d=mm&r=g\",\"url\":\"https:\\\/\\\/secure.gravatar.com\\\/avatar\\\/d189e01678f06d8eb84d4e01f08eb848b3fffe3f8443818d3c356c66892f5be8?s=96&d=mm&r=g\",\"contentUrl\":\"https:\\\/\\\/secure.gravatar.com\\\/avatar\\\/d189e01678f06d8eb84d4e01f08eb848b3fffe3f8443818d3c356c66892f5be8?s=96&d=mm&r=g\",\"caption\":\"Ag\u00eancia iNFRA\"},\"url\":\"https:\\\/\\\/agenciainfra.com\\\/blog\\\/author\\\/admin\\\/\"}]}<\/script>\n<!-- \/ Yoast SEO Premium plugin. -->","yoast_head_json":{"title":"ANAC e Comaer lan\u00e7am plano de seguran\u00e7a operacional at\u00e9 2028 - Ag\u00eancia iNFRA","robots":{"index":"index","follow":"follow","max-snippet":"max-snippet:-1","max-image-preview":"max-image-preview:large","max-video-preview":"max-video-preview:-1"},"canonical":"https:\/\/agenciainfra.com\/blog\/anac-e-comaer-lancam-plano-de-seguranca-operacional-ate-2028\/","og_locale":"pt_BR","og_type":"article","og_title":"ANAC e Comaer lan\u00e7am plano de seguran\u00e7a operacional at\u00e9 2028","og_description":"da Ag\u00eancia iNFRA A ANAC (Ag\u00eancia Nacional de Avia\u00e7\u00e3o Civil) e o Comaer (Comando da Aeron\u00e1utica) publicaram o Plano Nacional de Seguran\u00e7a Operacional para a Avia\u00e7\u00e3o Civil 2026\u20132028, que estabelece as diretrizes do Estado brasileiro para o gerenciamento da seguran\u00e7a operacional do setor. O documento define quest\u00f5es priorit\u00e1rias, objetivos e metas nacionais, indicadores de desempenho [&hellip;]","og_url":"https:\/\/agenciainfra.com\/blog\/anac-e-comaer-lancam-plano-de-seguranca-operacional-ate-2028\/","og_site_name":"Ag\u00eancia iNFRA","article_publisher":"https:\/\/www.facebook.com\/ageninfra","article_published_time":"2026-09-04T17:58:20+00:00","article_modified_time":"2026-09-04T17:58:22+00:00","og_image":[{"width":1280,"height":853,"url":"https:\/\/agenciainfra.com\/blog\/wp-content\/uploads\/2026\/06\/aviao-aviacao-transporte-aereo-foto-philip-myrtorp-unsplash.jpg","type":"image\/jpeg"}],"author":"Ag\u00eancia iNFRA","twitter_card":"summary_large_image","twitter_creator":"@agencia_infra","twitter_site":"@agencia_infra","twitter_misc":{"Escrito por":"Ag\u00eancia iNFRA","Est. tempo de leitura":"2 minutos"},"schema":{"@context":"https:\/\/schema.org","@graph":[{"@type":"Article","@id":"https:\/\/agenciainfra.com\/blog\/anac-e-comaer-lancam-plano-de-seguranca-operacional-ate-2028\/#article","isPartOf":{"@id":"https:\/\/agenciainfra.com\/blog\/anac-e-comaer-lancam-plano-de-seguranca-operacional-ate-2028\/"},"author":{"name":"Ag\u00eancia iNFRA","@id":"https:\/\/agenciainfra.com\/blog\/#\/schema\/person\/34af08dff6adea4cb22b06612ba7acfa"},"headline":"ANAC e Comaer lan\u00e7am plano de seguran\u00e7a operacional at\u00e9 2028","datePublished":"2026-09-04T17:58:20+00:00","dateModified":"2026-09-04T17:58:22+00:00","mainEntityOfPage":{"@id":"https:\/\/agenciainfra.com\/blog\/anac-e-comaer-lancam-plano-de-seguranca-operacional-ate-2028\/"},"wordCount":370,"publisher":{"@id":"https:\/\/agenciainfra.com\/blog\/#organization"},"image":{"@id":"https:\/\/agenciainfra.com\/blog\/anac-e-comaer-lancam-plano-de-seguranca-operacional-ate-2028\/#primaryimage"},"thumbnailUrl":"https:\/\/agenciainfra.com\/blog\/wp-content\/uploads\/2026\/06\/aviao-aviacao-transporte-aereo-foto-philip-myrtorp-unsplash.jpg","keywords":["ANAC","avia\u00e7\u00e3o civil","Comaer","seguran\u00e7a na avia\u00e7\u00e3o","taxas de acidentes","ve\u00edculos el\u00e9tricos"],"articleSection":["Giro iNFRA"],"inLanguage":"pt-BR","copyrightYear":"2026","copyrightHolder":{"@id":"https:\/\/agenciainfra.com\/blog\/#organization"}},{"@type":"WebPage","@id":"https:\/\/agenciainfra.com\/blog\/anac-e-comaer-lancam-plano-de-seguranca-operacional-ate-2028\/","url":"https:\/\/agenciainfra.com\/blog\/anac-e-comaer-lancam-plano-de-seguranca-operacional-ate-2028\/","name":"ANAC e Comaer lan\u00e7am plano de seguran\u00e7a operacional at\u00e9 2028 - Ag\u00eancia iNFRA","isPartOf":{"@id":"https:\/\/agenciainfra.com\/blog\/#website"},"primaryImageOfPage":{"@id":"https:\/\/agenciainfra.com\/blog\/anac-e-comaer-lancam-plano-de-seguranca-operacional-ate-2028\/#primaryimage"},"image":{"@id":"https:\/\/agenciainfra.com\/blog\/anac-e-comaer-lancam-plano-de-seguranca-operacional-ate-2028\/#primaryimage"},"thumbnailUrl":"https:\/\/agenciainfra.com\/blog\/wp-content\/uploads\/2026\/06\/aviao-aviacao-transporte-aereo-foto-philip-myrtorp-unsplash.jpg","datePublished":"2026-09-04T17:58:20+00:00","dateModified":"2026-09-04T17:58:22+00:00","breadcrumb":{"@id":"https:\/\/agenciainfra.com\/blog\/anac-e-comaer-lancam-plano-de-seguranca-operacional-ate-2028\/#breadcrumb"},"inLanguage":"pt-BR","potentialAction":[{"@type":"ReadAction","target":["https:\/\/agenciainfra.com\/blog\/anac-e-comaer-lancam-plano-de-seguranca-operacional-ate-2028\/"]}]},{"@type":"ImageObject","inLanguage":"pt-BR","@id":"https:\/\/agenciainfra.com\/blog\/anac-e-comaer-lancam-plano-de-seguranca-operacional-ate-2028\/#primaryimage","url":"https:\/\/agenciainfra.com\/blog\/wp-content\/uploads\/2026\/06\/aviao-aviacao-transporte-aereo-foto-philip-myrtorp-unsplash.jpg","contentUrl":"https:\/\/agenciainfra.com\/blog\/wp-content\/uploads\/2026\/06\/aviao-aviacao-transporte-aereo-foto-philip-myrtorp-unsplash.jpg","width":1280,"height":853,"caption":"Foto: Philip Myrtorp\/Unsplash"},{"@type":"BreadcrumbList","@id":"https:\/\/agenciainfra.com\/blog\/anac-e-comaer-lancam-plano-de-seguranca-operacional-ate-2028\/#breadcrumb","itemListElement":[{"@type":"ListItem","position":1,"name":"In\u00edcio","item":"https:\/\/agenciainfra.com\/blog\/"},{"@type":"ListItem","position":2,"name":"ANAC e Comaer lan\u00e7am plano de seguran\u00e7a operacional at\u00e9 2028"}]},{"@type":"WebSite","@id":"https:\/\/agenciainfra.com\/blog\/#website","url":"https:\/\/agenciainfra.com\/blog\/","name":"Ag\u00eancia iNFRA","description":"Multiplataforma de informa\u00e7\u00e3o jornal\u00edstica refer\u00eancia na \u00e1rea de infraestrutura no Brasil!","publisher":{"@id":"https:\/\/agenciainfra.com\/blog\/#organization"},"potentialAction":[{"@type":"SearchAction","target":{"@type":"EntryPoint","urlTemplate":"https:\/\/agenciainfra.com\/blog\/?s={search_term_string}"},"query-input":{"@type":"PropertyValueSpecification","valueRequired":true,"valueName":"search_term_string"}}],"inLanguage":"pt-BR"},{"@type":"Organization","@id":"https:\/\/agenciainfra.com\/blog\/#organization","name":"Ag\u00eancia iNFRA","url":"https:\/\/agenciainfra.com\/blog\/","logo":{"@type":"ImageObject","inLanguage":"pt-BR","@id":"https:\/\/agenciainfra.com\/blog\/#\/schema\/logo\/image\/","url":"https:\/\/agenciainfra.com\/blog\/wp-content\/uploads\/2023\/09\/iNFRA_5-e1761735885940.png","contentUrl":"https:\/\/agenciainfra.com\/blog\/wp-content\/uploads\/2023\/09\/iNFRA_5-e1761735885940.png","width":1672,"height":454,"caption":"Ag\u00eancia iNFRA"},"image":{"@id":"https:\/\/agenciainfra.com\/blog\/#\/schema\/logo\/image\/"},"sameAs":["https:\/\/www.facebook.com\/ageninfra","https:\/\/x.com\/agencia_infra","https:\/\/www.linkedin.com\/company\/ag\u00eanciainfra\/","https:\/\/www.instagram.com\/agenciainfra\/"]},{"@type":"Person","@id":"https:\/\/agenciainfra.com\/blog\/#\/schema\/person\/34af08dff6adea4cb22b06612ba7acfa","name":"Ag\u00eancia iNFRA","image":{"@type":"ImageObject","inLanguage":"pt-BR","@id":"https:\/\/secure.gravatar.com\/avatar\/d189e01678f06d8eb84d4e01f08eb848b3fffe3f8443818d3c356c66892f5be8?s=96&d=mm&r=g","url":"https:\/\/secure.gravatar.com\/avatar\/d189e01678f06d8eb84d4e01f08eb848b3fffe3f8443818d3c356c66892f5be8?s=96&d=mm&r=g","contentUrl":"https:\/\/secure.gravatar.com\/avatar\/d189e01678f06d8eb84d4e01f08eb848b3fffe3f8443818d3c356c66892f5be8?s=96&d=mm&r=g","caption":"Ag\u00eancia iNFRA"},"url":"https:\/\/agenciainfra.com\/blog\/author\/admin\/"}]}},"_links":{"self":[{"href":"https:\/\/agenciainfra.com\/blog\/wp-json\/wp\/v2\/posts\/46988","targetHints":{"allow":["GET"]}}],"collection":[{"href":"https:\/\/agenciainfra.com\/blog\/wp-json\/wp\/v2\/posts"}],"about":[{"href":"https:\/\/agenciainfra.com\/blog\/wp-json\/wp\/v2\/types\/post"}],"author":[{"embeddable":true,"href":"https:\/\/agenciainfra.com\/blog\/wp-json\/wp\/v2\/users\/1"}],"replies":[{"embeddable":true,"href":"https:\/\/agenciainfra.com\/blog\/wp-json\/wp\/v2\/comments?post=46988"}],"version-history":[{"count":2,"href":"https:\/\/agenciainfra.com\/blog\/wp-json\/wp\/v2\/posts\/46988\/revisions"}],"predecessor-version":[{"id":46992,"href":"https:\/\/agenciainfra.com\/blog\/wp-json\/wp\/v2\/posts\/46988\/revisions\/46992"}],"wp:featuredmedia":[{"embeddable":true,"href":"https:\/\/agenciainfra.com\/blog\/wp-json\/wp\/v2\/media\/43601"}],"wp:attachment":[{"href":"https:\/\/agenciainfra.com\/blog\/wp-json\/wp\/v2\/media?parent=46988"}],"wp:term":[{"taxonomy":"category","embeddable":true,"href":"https:\/\/agenciainfra.com\/blog\/wp-json\/wp\/v2\/categories?post=46988"},{"taxonomy":"post_tag","embeddable":true,"href":"https:\/\/agenciainfra.com\/blog\/wp-json\/wp\/v2\/tags?post=46988"}],"curies":[{"name":"wp","href":"https:\/\/api.w.org\/{rel}","templated":true}]}}