{"id":47000,"date":"2026-09-04T16:12:11","date_gmt":"2026-09-04T19:12:11","guid":{"rendered":"https:\/\/agenciainfra.com\/blog\/?p=47000"},"modified":"2026-09-04T16:12:12","modified_gmt":"2026-09-04T19:12:12","slug":"abihv-propoe-agenda-a-presidenciaveis-para-destravar-hidrogenio-verde","status":"publish","type":"post","link":"https:\/\/agenciainfra.com\/blog\/abihv-propoe-agenda-a-presidenciaveis-para-destravar-hidrogenio-verde\/","title":{"rendered":"ABIHV prop\u00f5e agenda a presidenci\u00e1veis para destravar hidrog\u00eanio verde"},"content":{"rendered":"\n<p class=\"has-text-align-right\"><strong>da Ag\u00eancia iNFRA<\/strong><\/p>\n\n\n\n<p>A ABIHV (Associa\u00e7\u00e3o Brasileira da Ind\u00fastria do Hidrog\u00eanio Verde) apresentou aos candidatos \u00e0 Presid\u00eancia da Rep\u00fablica uma agenda de propostas para o desenvolvimento do setor no pa\u00eds, com medidas voltadas a regula\u00e7\u00e3o, financiamento, infraestrutura, demanda e inser\u00e7\u00e3o internacional.<\/p>\n\n\n\n<p>Segundo estimativas da LCA Consultores inclu\u00eddas no documento, a ind\u00fastria de hidrog\u00eanio de baixo carbono pode mobilizar R$ 135 bilh\u00f5es em investimentos produtivos at\u00e9 2034, al\u00e9m de gerar impacto adicional estimado de R$ 301 bilh\u00f5es no PIB, R$ 32 bilh\u00f5es em arrecada\u00e7\u00e3o l\u00edquida e at\u00e9 608 mil ocupa\u00e7\u00f5es. A entidade ressalta que os n\u00fameros s\u00e3o estimativas condicionais, e n\u00e3o previs\u00f5es.<\/p>\n\n\n\n<p>A agenda est\u00e1 organizada em cinco frentes: previsibilidade regulat\u00f3ria e incentivos; competitividade e moderniza\u00e7\u00e3o do setor el\u00e9trico; demanda, contratos e financiamento; infraestrutura, pol\u00edtica industrial e desenvolvimento regional; e certifica\u00e7\u00e3o e inser\u00e7\u00e3o internacional.<\/p>\n\n\n\n<p>Entre as propostas, a ABIHV defende a cria\u00e7\u00e3o de contratos de compra de longo prazo e instrumentos para estimular a demanda em setores como fertilizantes, siderurgia, refino, ind\u00fastria qu\u00edmica, avia\u00e7\u00e3o e transporte mar\u00edtimo. A entidade tamb\u00e9m prop\u00f5e maior participa\u00e7\u00e3o de bancos p\u00fablicos, fundos clim\u00e1ticos e mecanismos de garantia para reduzir o custo de capital dos primeiros projetos.<\/p>\n\n\n\n<p>No setor el\u00e9trico, a associa\u00e7\u00e3o destaca que a eletricidade pode representar de 60% a 70% do custo nivelado do hidrog\u00eanio. Por isso, defende que a demanda dos eletrolisadores seja incorporada ao planejamento energ\u00e9tico e da transmiss\u00e3o, al\u00e9m de mudan\u00e7as na forma\u00e7\u00e3o do PLD (Pre\u00e7o de Liquida\u00e7\u00e3o das Diferen\u00e7as), reconhecimento dos eletrolisadores como cargas flex\u00edveis e regras mais claras para cortes de gera\u00e7\u00e3o renov\u00e1vel.<\/p>\n","protected":false},"excerpt":{"rendered":"<p>da Ag\u00eancia iNFRA A ABIHV (Associa\u00e7\u00e3o Brasileira da Ind\u00fastria do Hidrog\u00eanio Verde) apresentou aos candidatos \u00e0 Presid\u00eancia da Rep\u00fablica uma agenda de propostas para o desenvolvimento do setor no pa\u00eds, com medidas voltadas a regula\u00e7\u00e3o, financiamento, infraestrutura, demanda e inser\u00e7\u00e3o internacional. Segundo estimativas da LCA Consultores inclu\u00eddas no documento, a ind\u00fastria de hidrog\u00eanio de baixo [&hellip;]<\/p>\n","protected":false},"author":1,"featured_media":10756,"comment_status":"closed","ping_status":"closed","sticky":false,"template":"","format":"standard","meta":{"_monsterinsights_skip_tracking":false,"_monsterinsights_sitenote_active":false,"_monsterinsights_sitenote_note":"","_monsterinsights_sitenote_category":0,"footnotes":""},"categories":[13576],"tags":[15272,16167,4535,34,15262,330],"class_list":["post-47000","post","type-post","status-publish","format-standard","has-post-thumbnail","hentry","category-giro-infra","tag-abihv","tag-eleicoes-2026","tag-hidrogenio-verde","tag-infraestrutura","tag-politica-industrial","tag-presidenciaveis"],"yoast_head":"<!-- This site is optimized with the Yoast SEO Premium plugin v25.4 (Yoast SEO v28.2) - https:\/\/yoast.com\/product\/yoast-seo-premium-wordpress\/ -->\n<title>ABIHV prop\u00f5e agenda a presidenci\u00e1veis para destravar hidrog\u00eanio verde - Ag\u00eancia iNFRA<\/title>\n<meta name=\"robots\" content=\"index, follow, max-snippet:-1, max-image-preview:large, max-video-preview:-1\" \/>\n<link rel=\"canonical\" href=\"https:\/\/agenciainfra.com\/blog\/abihv-propoe-agenda-a-presidenciaveis-para-destravar-hidrogenio-verde\/\" \/>\n<meta property=\"og:locale\" content=\"pt_BR\" \/>\n<meta property=\"og:type\" content=\"article\" \/>\n<meta property=\"og:title\" content=\"ABIHV prop\u00f5e agenda a presidenci\u00e1veis para destravar hidrog\u00eanio verde\" \/>\n<meta property=\"og:description\" content=\"da Ag\u00eancia iNFRA A ABIHV (Associa\u00e7\u00e3o Brasileira da Ind\u00fastria do Hidrog\u00eanio Verde) apresentou aos candidatos \u00e0 Presid\u00eancia da Rep\u00fablica uma agenda de propostas para o desenvolvimento do setor no pa\u00eds, com medidas voltadas a regula\u00e7\u00e3o, financiamento, infraestrutura, demanda e inser\u00e7\u00e3o internacional. Segundo estimativas da LCA Consultores inclu\u00eddas no documento, a ind\u00fastria de hidrog\u00eanio de baixo [&hellip;]\" \/>\n<meta property=\"og:url\" content=\"https:\/\/agenciainfra.com\/blog\/abihv-propoe-agenda-a-presidenciaveis-para-destravar-hidrogenio-verde\/\" \/>\n<meta property=\"og:site_name\" content=\"Ag\u00eancia iNFRA\" \/>\n<meta property=\"article:publisher\" content=\"https:\/\/www.facebook.com\/ageninfra\" \/>\n<meta property=\"article:published_time\" content=\"2026-09-04T19:12:11+00:00\" \/>\n<meta property=\"article:modified_time\" content=\"2026-09-04T19:12:12+00:00\" \/>\n<meta property=\"og:image\" content=\"https:\/\/agenciainfra.com\/blog\/wp-content\/uploads\/2022\/06\/hidrogenio-verde-foto-dominio-publico.jpeg\" \/>\n\t<meta property=\"og:image:width\" content=\"1280\" \/>\n\t<meta property=\"og:image:height\" content=\"905\" \/>\n\t<meta property=\"og:image:type\" content=\"image\/jpeg\" \/>\n<meta name=\"author\" content=\"Ag\u00eancia iNFRA\" \/>\n<meta name=\"twitter:card\" content=\"summary_large_image\" \/>\n<meta name=\"twitter:creator\" content=\"@agencia_infra\" \/>\n<meta name=\"twitter:site\" content=\"@agencia_infra\" \/>\n<meta name=\"twitter:label1\" content=\"Escrito por\" \/>\n\t<meta name=\"twitter:data1\" content=\"Ag\u00eancia iNFRA\" \/>\n\t<meta name=\"twitter:label2\" content=\"Est. tempo de leitura\" \/>\n\t<meta name=\"twitter:data2\" content=\"1 minuto\" \/>\n<script type=\"application\/ld+json\" class=\"yoast-schema-graph\">{\"@context\":\"https:\\\/\\\/schema.org\",\"@graph\":[{\"@type\":\"Article\",\"@id\":\"https:\\\/\\\/agenciainfra.com\\\/blog\\\/abihv-propoe-agenda-a-presidenciaveis-para-destravar-hidrogenio-verde\\\/#article\",\"isPartOf\":{\"@id\":\"https:\\\/\\\/agenciainfra.com\\\/blog\\\/abihv-propoe-agenda-a-presidenciaveis-para-destravar-hidrogenio-verde\\\/\"},\"author\":{\"name\":\"Ag\u00eancia iNFRA\",\"@id\":\"https:\\\/\\\/agenciainfra.com\\\/blog\\\/#\\\/schema\\\/person\\\/34af08dff6adea4cb22b06612ba7acfa\"},\"headline\":\"ABIHV prop\u00f5e agenda a presidenci\u00e1veis para destravar hidrog\u00eanio verde\",\"datePublished\":\"2026-09-04T19:12:11+00:00\",\"dateModified\":\"2026-09-04T19:12:12+00:00\",\"mainEntityOfPage\":{\"@id\":\"https:\\\/\\\/agenciainfra.com\\\/blog\\\/abihv-propoe-agenda-a-presidenciaveis-para-destravar-hidrogenio-verde\\\/\"},\"wordCount\":310,\"publisher\":{\"@id\":\"https:\\\/\\\/agenciainfra.com\\\/blog\\\/#organization\"},\"image\":{\"@id\":\"https:\\\/\\\/agenciainfra.com\\\/blog\\\/abihv-propoe-agenda-a-presidenciaveis-para-destravar-hidrogenio-verde\\\/#primaryimage\"},\"thumbnailUrl\":\"https:\\\/\\\/agenciainfra.com\\\/blog\\\/wp-content\\\/uploads\\\/2022\\\/06\\\/hidrogenio-verde-foto-dominio-publico.jpeg\",\"keywords\":[\"ABIHV\",\"elei\u00e7\u00f5es 2026\",\"hidrog\u00eanio verde\",\"Infraestrutura\",\"pol\u00edtica industrial\",\"presidenci\u00e1veis\"],\"articleSection\":[\"Giro iNFRA\"],\"inLanguage\":\"pt-BR\",\"copyrightYear\":\"2026\",\"copyrightHolder\":{\"@id\":\"https:\\\/\\\/agenciainfra.com\\\/blog\\\/#organization\"}},{\"@type\":\"WebPage\",\"@id\":\"https:\\\/\\\/agenciainfra.com\\\/blog\\\/abihv-propoe-agenda-a-presidenciaveis-para-destravar-hidrogenio-verde\\\/\",\"url\":\"https:\\\/\\\/agenciainfra.com\\\/blog\\\/abihv-propoe-agenda-a-presidenciaveis-para-destravar-hidrogenio-verde\\\/\",\"name\":\"ABIHV prop\u00f5e agenda a presidenci\u00e1veis para destravar hidrog\u00eanio verde - Ag\u00eancia iNFRA\",\"isPartOf\":{\"@id\":\"https:\\\/\\\/agenciainfra.com\\\/blog\\\/#website\"},\"primaryImageOfPage\":{\"@id\":\"https:\\\/\\\/agenciainfra.com\\\/blog\\\/abihv-propoe-agenda-a-presidenciaveis-para-destravar-hidrogenio-verde\\\/#primaryimage\"},\"image\":{\"@id\":\"https:\\\/\\\/agenciainfra.com\\\/blog\\\/abihv-propoe-agenda-a-presidenciaveis-para-destravar-hidrogenio-verde\\\/#primaryimage\"},\"thumbnailUrl\":\"https:\\\/\\\/agenciainfra.com\\\/blog\\\/wp-content\\\/uploads\\\/2022\\\/06\\\/hidrogenio-verde-foto-dominio-publico.jpeg\",\"datePublished\":\"2026-09-04T19:12:11+00:00\",\"dateModified\":\"2026-09-04T19:12:12+00:00\",\"breadcrumb\":{\"@id\":\"https:\\\/\\\/agenciainfra.com\\\/blog\\\/abihv-propoe-agenda-a-presidenciaveis-para-destravar-hidrogenio-verde\\\/#breadcrumb\"},\"inLanguage\":\"pt-BR\",\"potentialAction\":[{\"@type\":\"ReadAction\",\"target\":[\"https:\\\/\\\/agenciainfra.com\\\/blog\\\/abihv-propoe-agenda-a-presidenciaveis-para-destravar-hidrogenio-verde\\\/\"]}]},{\"@type\":\"ImageObject\",\"inLanguage\":\"pt-BR\",\"@id\":\"https:\\\/\\\/agenciainfra.com\\\/blog\\\/abihv-propoe-agenda-a-presidenciaveis-para-destravar-hidrogenio-verde\\\/#primaryimage\",\"url\":\"https:\\\/\\\/agenciainfra.com\\\/blog\\\/wp-content\\\/uploads\\\/2022\\\/06\\\/hidrogenio-verde-foto-dominio-publico.jpeg\",\"contentUrl\":\"https:\\\/\\\/agenciainfra.com\\\/blog\\\/wp-content\\\/uploads\\\/2022\\\/06\\\/hidrogenio-verde-foto-dominio-publico.jpeg\",\"width\":1280,\"height\":905,\"caption\":\"Arte: Dom\u00ednio p\u00fablico\"},{\"@type\":\"BreadcrumbList\",\"@id\":\"https:\\\/\\\/agenciainfra.com\\\/blog\\\/abihv-propoe-agenda-a-presidenciaveis-para-destravar-hidrogenio-verde\\\/#breadcrumb\",\"itemListElement\":[{\"@type\":\"ListItem\",\"position\":1,\"name\":\"In\u00edcio\",\"item\":\"https:\\\/\\\/agenciainfra.com\\\/blog\\\/\"},{\"@type\":\"ListItem\",\"position\":2,\"name\":\"ABIHV prop\u00f5e agenda a presidenci\u00e1veis para destravar hidrog\u00eanio verde\"}]},{\"@type\":\"WebSite\",\"@id\":\"https:\\\/\\\/agenciainfra.com\\\/blog\\\/#website\",\"url\":\"https:\\\/\\\/agenciainfra.com\\\/blog\\\/\",\"name\":\"Ag\u00eancia iNFRA\",\"description\":\"Multiplataforma de informa\u00e7\u00e3o jornal\u00edstica refer\u00eancia na \u00e1rea de infraestrutura no Brasil!\",\"publisher\":{\"@id\":\"https:\\\/\\\/agenciainfra.com\\\/blog\\\/#organization\"},\"potentialAction\":[{\"@type\":\"SearchAction\",\"target\":{\"@type\":\"EntryPoint\",\"urlTemplate\":\"https:\\\/\\\/agenciainfra.com\\\/blog\\\/?s={search_term_string}\"},\"query-input\":{\"@type\":\"PropertyValueSpecification\",\"valueRequired\":true,\"valueName\":\"search_term_string\"}}],\"inLanguage\":\"pt-BR\"},{\"@type\":\"Organization\",\"@id\":\"https:\\\/\\\/agenciainfra.com\\\/blog\\\/#organization\",\"name\":\"Ag\u00eancia iNFRA\",\"url\":\"https:\\\/\\\/agenciainfra.com\\\/blog\\\/\",\"logo\":{\"@type\":\"ImageObject\",\"inLanguage\":\"pt-BR\",\"@id\":\"https:\\\/\\\/agenciainfra.com\\\/blog\\\/#\\\/schema\\\/logo\\\/image\\\/\",\"url\":\"https:\\\/\\\/agenciainfra.com\\\/blog\\\/wp-content\\\/uploads\\\/2023\\\/09\\\/iNFRA_5-e1761735885940.png\",\"contentUrl\":\"https:\\\/\\\/agenciainfra.com\\\/blog\\\/wp-content\\\/uploads\\\/2023\\\/09\\\/iNFRA_5-e1761735885940.png\",\"width\":1672,\"height\":454,\"caption\":\"Ag\u00eancia iNFRA\"},\"image\":{\"@id\":\"https:\\\/\\\/agenciainfra.com\\\/blog\\\/#\\\/schema\\\/logo\\\/image\\\/\"},\"sameAs\":[\"https:\\\/\\\/www.facebook.com\\\/ageninfra\",\"https:\\\/\\\/x.com\\\/agencia_infra\",\"https:\\\/\\\/www.linkedin.com\\\/company\\\/ag\u00eanciainfra\\\/\",\"https:\\\/\\\/www.instagram.com\\\/agenciainfra\\\/\"]},{\"@type\":\"Person\",\"@id\":\"https:\\\/\\\/agenciainfra.com\\\/blog\\\/#\\\/schema\\\/person\\\/34af08dff6adea4cb22b06612ba7acfa\",\"name\":\"Ag\u00eancia iNFRA\",\"image\":{\"@type\":\"ImageObject\",\"inLanguage\":\"pt-BR\",\"@id\":\"https:\\\/\\\/secure.gravatar.com\\\/avatar\\\/d189e01678f06d8eb84d4e01f08eb848b3fffe3f8443818d3c356c66892f5be8?s=96&d=mm&r=g\",\"url\":\"https:\\\/\\\/secure.gravatar.com\\\/avatar\\\/d189e01678f06d8eb84d4e01f08eb848b3fffe3f8443818d3c356c66892f5be8?s=96&d=mm&r=g\",\"contentUrl\":\"https:\\\/\\\/secure.gravatar.com\\\/avatar\\\/d189e01678f06d8eb84d4e01f08eb848b3fffe3f8443818d3c356c66892f5be8?s=96&d=mm&r=g\",\"caption\":\"Ag\u00eancia iNFRA\"},\"url\":\"https:\\\/\\\/agenciainfra.com\\\/blog\\\/author\\\/admin\\\/\"}]}<\/script>\n<!-- \/ Yoast SEO Premium plugin. -->","yoast_head_json":{"title":"ABIHV prop\u00f5e agenda a presidenci\u00e1veis para destravar hidrog\u00eanio verde - Ag\u00eancia iNFRA","robots":{"index":"index","follow":"follow","max-snippet":"max-snippet:-1","max-image-preview":"max-image-preview:large","max-video-preview":"max-video-preview:-1"},"canonical":"https:\/\/agenciainfra.com\/blog\/abihv-propoe-agenda-a-presidenciaveis-para-destravar-hidrogenio-verde\/","og_locale":"pt_BR","og_type":"article","og_title":"ABIHV prop\u00f5e agenda a presidenci\u00e1veis para destravar hidrog\u00eanio verde","og_description":"da Ag\u00eancia iNFRA A ABIHV (Associa\u00e7\u00e3o Brasileira da Ind\u00fastria do Hidrog\u00eanio Verde) apresentou aos candidatos \u00e0 Presid\u00eancia da Rep\u00fablica uma agenda de propostas para o desenvolvimento do setor no pa\u00eds, com medidas voltadas a regula\u00e7\u00e3o, financiamento, infraestrutura, demanda e inser\u00e7\u00e3o internacional. Segundo estimativas da LCA Consultores inclu\u00eddas no documento, a ind\u00fastria de hidrog\u00eanio de baixo [&hellip;]","og_url":"https:\/\/agenciainfra.com\/blog\/abihv-propoe-agenda-a-presidenciaveis-para-destravar-hidrogenio-verde\/","og_site_name":"Ag\u00eancia iNFRA","article_publisher":"https:\/\/www.facebook.com\/ageninfra","article_published_time":"2026-09-04T19:12:11+00:00","article_modified_time":"2026-09-04T19:12:12+00:00","og_image":[{"width":1280,"height":905,"url":"https:\/\/agenciainfra.com\/blog\/wp-content\/uploads\/2022\/06\/hidrogenio-verde-foto-dominio-publico.jpeg","type":"image\/jpeg"}],"author":"Ag\u00eancia iNFRA","twitter_card":"summary_large_image","twitter_creator":"@agencia_infra","twitter_site":"@agencia_infra","twitter_misc":{"Escrito por":"Ag\u00eancia iNFRA","Est. tempo de leitura":"1 minuto"},"schema":{"@context":"https:\/\/schema.org","@graph":[{"@type":"Article","@id":"https:\/\/agenciainfra.com\/blog\/abihv-propoe-agenda-a-presidenciaveis-para-destravar-hidrogenio-verde\/#article","isPartOf":{"@id":"https:\/\/agenciainfra.com\/blog\/abihv-propoe-agenda-a-presidenciaveis-para-destravar-hidrogenio-verde\/"},"author":{"name":"Ag\u00eancia iNFRA","@id":"https:\/\/agenciainfra.com\/blog\/#\/schema\/person\/34af08dff6adea4cb22b06612ba7acfa"},"headline":"ABIHV prop\u00f5e agenda a presidenci\u00e1veis para destravar hidrog\u00eanio verde","datePublished":"2026-09-04T19:12:11+00:00","dateModified":"2026-09-04T19:12:12+00:00","mainEntityOfPage":{"@id":"https:\/\/agenciainfra.com\/blog\/abihv-propoe-agenda-a-presidenciaveis-para-destravar-hidrogenio-verde\/"},"wordCount":310,"publisher":{"@id":"https:\/\/agenciainfra.com\/blog\/#organization"},"image":{"@id":"https:\/\/agenciainfra.com\/blog\/abihv-propoe-agenda-a-presidenciaveis-para-destravar-hidrogenio-verde\/#primaryimage"},"thumbnailUrl":"https:\/\/agenciainfra.com\/blog\/wp-content\/uploads\/2022\/06\/hidrogenio-verde-foto-dominio-publico.jpeg","keywords":["ABIHV","elei\u00e7\u00f5es 2026","hidrog\u00eanio verde","Infraestrutura","pol\u00edtica industrial","presidenci\u00e1veis"],"articleSection":["Giro iNFRA"],"inLanguage":"pt-BR","copyrightYear":"2026","copyrightHolder":{"@id":"https:\/\/agenciainfra.com\/blog\/#organization"}},{"@type":"WebPage","@id":"https:\/\/agenciainfra.com\/blog\/abihv-propoe-agenda-a-presidenciaveis-para-destravar-hidrogenio-verde\/","url":"https:\/\/agenciainfra.com\/blog\/abihv-propoe-agenda-a-presidenciaveis-para-destravar-hidrogenio-verde\/","name":"ABIHV prop\u00f5e agenda a presidenci\u00e1veis para destravar hidrog\u00eanio verde - Ag\u00eancia iNFRA","isPartOf":{"@id":"https:\/\/agenciainfra.com\/blog\/#website"},"primaryImageOfPage":{"@id":"https:\/\/agenciainfra.com\/blog\/abihv-propoe-agenda-a-presidenciaveis-para-destravar-hidrogenio-verde\/#primaryimage"},"image":{"@id":"https:\/\/agenciainfra.com\/blog\/abihv-propoe-agenda-a-presidenciaveis-para-destravar-hidrogenio-verde\/#primaryimage"},"thumbnailUrl":"https:\/\/agenciainfra.com\/blog\/wp-content\/uploads\/2022\/06\/hidrogenio-verde-foto-dominio-publico.jpeg","datePublished":"2026-09-04T19:12:11+00:00","dateModified":"2026-09-04T19:12:12+00:00","breadcrumb":{"@id":"https:\/\/agenciainfra.com\/blog\/abihv-propoe-agenda-a-presidenciaveis-para-destravar-hidrogenio-verde\/#breadcrumb"},"inLanguage":"pt-BR","potentialAction":[{"@type":"ReadAction","target":["https:\/\/agenciainfra.com\/blog\/abihv-propoe-agenda-a-presidenciaveis-para-destravar-hidrogenio-verde\/"]}]},{"@type":"ImageObject","inLanguage":"pt-BR","@id":"https:\/\/agenciainfra.com\/blog\/abihv-propoe-agenda-a-presidenciaveis-para-destravar-hidrogenio-verde\/#primaryimage","url":"https:\/\/agenciainfra.com\/blog\/wp-content\/uploads\/2022\/06\/hidrogenio-verde-foto-dominio-publico.jpeg","contentUrl":"https:\/\/agenciainfra.com\/blog\/wp-content\/uploads\/2022\/06\/hidrogenio-verde-foto-dominio-publico.jpeg","width":1280,"height":905,"caption":"Arte: Dom\u00ednio p\u00fablico"},{"@type":"BreadcrumbList","@id":"https:\/\/agenciainfra.com\/blog\/abihv-propoe-agenda-a-presidenciaveis-para-destravar-hidrogenio-verde\/#breadcrumb","itemListElement":[{"@type":"ListItem","position":1,"name":"In\u00edcio","item":"https:\/\/agenciainfra.com\/blog\/"},{"@type":"ListItem","position":2,"name":"ABIHV prop\u00f5e agenda a presidenci\u00e1veis para destravar hidrog\u00eanio verde"}]},{"@type":"WebSite","@id":"https:\/\/agenciainfra.com\/blog\/#website","url":"https:\/\/agenciainfra.com\/blog\/","name":"Ag\u00eancia iNFRA","description":"Multiplataforma de informa\u00e7\u00e3o jornal\u00edstica refer\u00eancia na \u00e1rea de infraestrutura no Brasil!","publisher":{"@id":"https:\/\/agenciainfra.com\/blog\/#organization"},"potentialAction":[{"@type":"SearchAction","target":{"@type":"EntryPoint","urlTemplate":"https:\/\/agenciainfra.com\/blog\/?s={search_term_string}"},"query-input":{"@type":"PropertyValueSpecification","valueRequired":true,"valueName":"search_term_string"}}],"inLanguage":"pt-BR"},{"@type":"Organization","@id":"https:\/\/agenciainfra.com\/blog\/#organization","name":"Ag\u00eancia iNFRA","url":"https:\/\/agenciainfra.com\/blog\/","logo":{"@type":"ImageObject","inLanguage":"pt-BR","@id":"https:\/\/agenciainfra.com\/blog\/#\/schema\/logo\/image\/","url":"https:\/\/agenciainfra.com\/blog\/wp-content\/uploads\/2023\/09\/iNFRA_5-e1761735885940.png","contentUrl":"https:\/\/agenciainfra.com\/blog\/wp-content\/uploads\/2023\/09\/iNFRA_5-e1761735885940.png","width":1672,"height":454,"caption":"Ag\u00eancia iNFRA"},"image":{"@id":"https:\/\/agenciainfra.com\/blog\/#\/schema\/logo\/image\/"},"sameAs":["https:\/\/www.facebook.com\/ageninfra","https:\/\/x.com\/agencia_infra","https:\/\/www.linkedin.com\/company\/ag\u00eanciainfra\/","https:\/\/www.instagram.com\/agenciainfra\/"]},{"@type":"Person","@id":"https:\/\/agenciainfra.com\/blog\/#\/schema\/person\/34af08dff6adea4cb22b06612ba7acfa","name":"Ag\u00eancia iNFRA","image":{"@type":"ImageObject","inLanguage":"pt-BR","@id":"https:\/\/secure.gravatar.com\/avatar\/d189e01678f06d8eb84d4e01f08eb848b3fffe3f8443818d3c356c66892f5be8?s=96&d=mm&r=g","url":"https:\/\/secure.gravatar.com\/avatar\/d189e01678f06d8eb84d4e01f08eb848b3fffe3f8443818d3c356c66892f5be8?s=96&d=mm&r=g","contentUrl":"https:\/\/secure.gravatar.com\/avatar\/d189e01678f06d8eb84d4e01f08eb848b3fffe3f8443818d3c356c66892f5be8?s=96&d=mm&r=g","caption":"Ag\u00eancia iNFRA"},"url":"https:\/\/agenciainfra.com\/blog\/author\/admin\/"}]}},"_links":{"self":[{"href":"https:\/\/agenciainfra.com\/blog\/wp-json\/wp\/v2\/posts\/47000","targetHints":{"allow":["GET"]}}],"collection":[{"href":"https:\/\/agenciainfra.com\/blog\/wp-json\/wp\/v2\/posts"}],"about":[{"href":"https:\/\/agenciainfra.com\/blog\/wp-json\/wp\/v2\/types\/post"}],"author":[{"embeddable":true,"href":"https:\/\/agenciainfra.com\/blog\/wp-json\/wp\/v2\/users\/1"}],"replies":[{"embeddable":true,"href":"https:\/\/agenciainfra.com\/blog\/wp-json\/wp\/v2\/comments?post=47000"}],"version-history":[{"count":1,"href":"https:\/\/agenciainfra.com\/blog\/wp-json\/wp\/v2\/posts\/47000\/revisions"}],"predecessor-version":[{"id":47001,"href":"https:\/\/agenciainfra.com\/blog\/wp-json\/wp\/v2\/posts\/47000\/revisions\/47001"}],"wp:featuredmedia":[{"embeddable":true,"href":"https:\/\/agenciainfra.com\/blog\/wp-json\/wp\/v2\/media\/10756"}],"wp:attachment":[{"href":"https:\/\/agenciainfra.com\/blog\/wp-json\/wp\/v2\/media?parent=47000"}],"wp:term":[{"taxonomy":"category","embeddable":true,"href":"https:\/\/agenciainfra.com\/blog\/wp-json\/wp\/v2\/categories?post=47000"},{"taxonomy":"post_tag","embeddable":true,"href":"https:\/\/agenciainfra.com\/blog\/wp-json\/wp\/v2\/tags?post=47000"}],"curies":[{"name":"wp","href":"https:\/\/api.w.org\/{rel}","templated":true}]}}