{"id":47003,"date":"2026-09-04T18:27:33","date_gmt":"2026-09-04T21:27:33","guid":{"rendered":"https:\/\/agenciainfra.com\/blog\/?p=47003"},"modified":"2026-09-04T18:27:36","modified_gmt":"2026-09-04T21:27:36","slug":"anp-e-banco-mundial-lancam-campanha-para-medir-emissoes-de-metano","status":"publish","type":"post","link":"https:\/\/agenciainfra.com\/blog\/anp-e-banco-mundial-lancam-campanha-para-medir-emissoes-de-metano\/","title":{"rendered":"ANP e Banco Mundial lan\u00e7am campanha para medir emiss\u00f5es de metano"},"content":{"rendered":"\n<p class=\"has-text-align-right\"><strong>da Ag\u00eancia iNFRA<\/strong><\/p>\n\n\n\n<p>A ANP (Ag\u00eancia Nacional do Petr\u00f3leo, G\u00e1s Natural e Biocombust\u00edveis) lan\u00e7ou nesta quinta-feira (3), em parceria com o Banco Mundial, uma campanha para medir emiss\u00f5es de metano em ativos de produ\u00e7\u00e3o de petr\u00f3leo e g\u00e1s natural.<\/p>\n\n\n\n<p>A iniciativa prev\u00ea medi\u00e7\u00f5es diretas em instala\u00e7\u00f5es selecionadas e capacita\u00e7\u00e3o de servidores em tecnologias de detec\u00e7\u00e3o, medi\u00e7\u00e3o e quantifica\u00e7\u00e3o de metano. Segundo a ag\u00eancia, os resultados dever\u00e3o ampliar o conhecimento sobre as emiss\u00f5es do setor e subsidiar a elabora\u00e7\u00e3o de uma regulamenta\u00e7\u00e3o espec\u00edfica sobre o tema.<\/p>\n\n\n\n<p>A campanha tamb\u00e9m busca fortalecer a capacidade t\u00e9cnica da ANP para identificar fontes de emiss\u00e3o e avaliar medidas de mitiga\u00e7\u00e3o na produ\u00e7\u00e3o de petr\u00f3leo e g\u00e1s.<\/p>\n\n\n\n<p>O lan\u00e7amento ocorreu no escrit\u00f3rio central da ag\u00eancia, no Rio de Janeiro, e reuniu t\u00e9cnicos da ANP e do Banco Mundial, al\u00e9m de representantes de empresas do setor. A programa\u00e7\u00e3o incluiu palestras, mesas-redondas e treinamento t\u00e9cnico.<\/p>\n","protected":false},"excerpt":{"rendered":"<p>da Ag\u00eancia iNFRA A ANP (Ag\u00eancia Nacional do Petr\u00f3leo, G\u00e1s Natural e Biocombust\u00edveis) lan\u00e7ou nesta quinta-feira (3), em parceria com o Banco Mundial, uma campanha para medir emiss\u00f5es de metano em ativos de produ\u00e7\u00e3o de petr\u00f3leo e g\u00e1s natural. A iniciativa prev\u00ea medi\u00e7\u00f5es diretas em instala\u00e7\u00f5es selecionadas e capacita\u00e7\u00e3o de servidores em tecnologias de detec\u00e7\u00e3o, [&hellip;]<\/p>\n","protected":false},"author":1,"featured_media":12697,"comment_status":"closed","ping_status":"closed","sticky":false,"template":"","format":"standard","meta":{"_monsterinsights_skip_tracking":false,"_monsterinsights_sitenote_active":false,"_monsterinsights_sitenote_note":"","_monsterinsights_sitenote_category":0,"footnotes":""},"categories":[13576],"tags":[1101,522,21725,3191,2656],"class_list":["post-47003","post","type-post","status-publish","format-standard","has-post-thumbnail","hentry","category-giro-infra","tag-anp","tag-banco-mundial","tag-emissoes-de-metano","tag-oleo-e-gas","tag-regulamentacao"],"yoast_head":"<!-- This site is optimized with the Yoast SEO Premium plugin v25.4 (Yoast SEO v28.2) - https:\/\/yoast.com\/product\/yoast-seo-premium-wordpress\/ -->\n<title>ANP e Banco Mundial lan\u00e7am campanha para medir emiss\u00f5es de metano - Ag\u00eancia iNFRA<\/title>\n<meta name=\"robots\" content=\"index, follow, max-snippet:-1, max-image-preview:large, max-video-preview:-1\" \/>\n<link rel=\"canonical\" href=\"https:\/\/agenciainfra.com\/blog\/anp-e-banco-mundial-lancam-campanha-para-medir-emissoes-de-metano\/\" \/>\n<meta property=\"og:locale\" content=\"pt_BR\" \/>\n<meta property=\"og:type\" content=\"article\" \/>\n<meta property=\"og:title\" content=\"ANP e Banco Mundial lan\u00e7am campanha para medir emiss\u00f5es de metano\" \/>\n<meta property=\"og:description\" content=\"da Ag\u00eancia iNFRA A ANP (Ag\u00eancia Nacional do Petr\u00f3leo, G\u00e1s Natural e Biocombust\u00edveis) lan\u00e7ou nesta quinta-feira (3), em parceria com o Banco Mundial, uma campanha para medir emiss\u00f5es de metano em ativos de produ\u00e7\u00e3o de petr\u00f3leo e g\u00e1s natural. A iniciativa prev\u00ea medi\u00e7\u00f5es diretas em instala\u00e7\u00f5es selecionadas e capacita\u00e7\u00e3o de servidores em tecnologias de detec\u00e7\u00e3o, [&hellip;]\" \/>\n<meta property=\"og:url\" content=\"https:\/\/agenciainfra.com\/blog\/anp-e-banco-mundial-lancam-campanha-para-medir-emissoes-de-metano\/\" \/>\n<meta property=\"og:site_name\" content=\"Ag\u00eancia iNFRA\" \/>\n<meta property=\"article:publisher\" content=\"https:\/\/www.facebook.com\/ageninfra\" \/>\n<meta property=\"article:published_time\" content=\"2026-09-04T21:27:33+00:00\" \/>\n<meta property=\"article:modified_time\" content=\"2026-09-04T21:27:36+00:00\" \/>\n<meta property=\"og:image\" content=\"https:\/\/agenciainfra.com\/blog\/wp-content\/uploads\/2023\/05\/logo-anp-foto-mme-saulo-cruz-e1748370900715.jpg\" \/>\n\t<meta property=\"og:image:width\" content=\"1280\" \/>\n\t<meta property=\"og:image:height\" content=\"766\" \/>\n\t<meta property=\"og:image:type\" content=\"image\/jpeg\" \/>\n<meta name=\"author\" content=\"Ag\u00eancia iNFRA\" \/>\n<meta name=\"twitter:card\" content=\"summary_large_image\" \/>\n<meta name=\"twitter:creator\" content=\"@agencia_infra\" \/>\n<meta name=\"twitter:site\" content=\"@agencia_infra\" \/>\n<meta name=\"twitter:label1\" content=\"Escrito por\" \/>\n\t<meta name=\"twitter:data1\" content=\"Ag\u00eancia iNFRA\" \/>\n\t<meta name=\"twitter:label2\" content=\"Est. tempo de leitura\" \/>\n\t<meta name=\"twitter:data2\" content=\"1 minuto\" \/>\n<script type=\"application\/ld+json\" class=\"yoast-schema-graph\">{\"@context\":\"https:\\\/\\\/schema.org\",\"@graph\":[{\"@type\":\"Article\",\"@id\":\"https:\\\/\\\/agenciainfra.com\\\/blog\\\/anp-e-banco-mundial-lancam-campanha-para-medir-emissoes-de-metano\\\/#article\",\"isPartOf\":{\"@id\":\"https:\\\/\\\/agenciainfra.com\\\/blog\\\/anp-e-banco-mundial-lancam-campanha-para-medir-emissoes-de-metano\\\/\"},\"author\":{\"name\":\"Ag\u00eancia iNFRA\",\"@id\":\"https:\\\/\\\/agenciainfra.com\\\/blog\\\/#\\\/schema\\\/person\\\/34af08dff6adea4cb22b06612ba7acfa\"},\"headline\":\"ANP e Banco Mundial lan\u00e7am campanha para medir emiss\u00f5es de metano\",\"datePublished\":\"2026-09-04T21:27:33+00:00\",\"dateModified\":\"2026-09-04T21:27:36+00:00\",\"mainEntityOfPage\":{\"@id\":\"https:\\\/\\\/agenciainfra.com\\\/blog\\\/anp-e-banco-mundial-lancam-campanha-para-medir-emissoes-de-metano\\\/\"},\"wordCount\":195,\"publisher\":{\"@id\":\"https:\\\/\\\/agenciainfra.com\\\/blog\\\/#organization\"},\"image\":{\"@id\":\"https:\\\/\\\/agenciainfra.com\\\/blog\\\/anp-e-banco-mundial-lancam-campanha-para-medir-emissoes-de-metano\\\/#primaryimage\"},\"thumbnailUrl\":\"https:\\\/\\\/agenciainfra.com\\\/blog\\\/wp-content\\\/uploads\\\/2023\\\/05\\\/logo-anp-foto-mme-saulo-cruz-e1748370900715.jpg\",\"keywords\":[\"ANP\",\"Banco Mundial\",\"emiss\u00f5es de metano\",\"\u00f3leo e g\u00e1s\",\"regulamenta\u00e7\u00e3o\"],\"articleSection\":[\"Giro iNFRA\"],\"inLanguage\":\"pt-BR\",\"copyrightYear\":\"2026\",\"copyrightHolder\":{\"@id\":\"https:\\\/\\\/agenciainfra.com\\\/blog\\\/#organization\"}},{\"@type\":\"WebPage\",\"@id\":\"https:\\\/\\\/agenciainfra.com\\\/blog\\\/anp-e-banco-mundial-lancam-campanha-para-medir-emissoes-de-metano\\\/\",\"url\":\"https:\\\/\\\/agenciainfra.com\\\/blog\\\/anp-e-banco-mundial-lancam-campanha-para-medir-emissoes-de-metano\\\/\",\"name\":\"ANP e Banco Mundial lan\u00e7am campanha para medir emiss\u00f5es de metano - Ag\u00eancia iNFRA\",\"isPartOf\":{\"@id\":\"https:\\\/\\\/agenciainfra.com\\\/blog\\\/#website\"},\"primaryImageOfPage\":{\"@id\":\"https:\\\/\\\/agenciainfra.com\\\/blog\\\/anp-e-banco-mundial-lancam-campanha-para-medir-emissoes-de-metano\\\/#primaryimage\"},\"image\":{\"@id\":\"https:\\\/\\\/agenciainfra.com\\\/blog\\\/anp-e-banco-mundial-lancam-campanha-para-medir-emissoes-de-metano\\\/#primaryimage\"},\"thumbnailUrl\":\"https:\\\/\\\/agenciainfra.com\\\/blog\\\/wp-content\\\/uploads\\\/2023\\\/05\\\/logo-anp-foto-mme-saulo-cruz-e1748370900715.jpg\",\"datePublished\":\"2026-09-04T21:27:33+00:00\",\"dateModified\":\"2026-09-04T21:27:36+00:00\",\"breadcrumb\":{\"@id\":\"https:\\\/\\\/agenciainfra.com\\\/blog\\\/anp-e-banco-mundial-lancam-campanha-para-medir-emissoes-de-metano\\\/#breadcrumb\"},\"inLanguage\":\"pt-BR\",\"potentialAction\":[{\"@type\":\"ReadAction\",\"target\":[\"https:\\\/\\\/agenciainfra.com\\\/blog\\\/anp-e-banco-mundial-lancam-campanha-para-medir-emissoes-de-metano\\\/\"]}]},{\"@type\":\"ImageObject\",\"inLanguage\":\"pt-BR\",\"@id\":\"https:\\\/\\\/agenciainfra.com\\\/blog\\\/anp-e-banco-mundial-lancam-campanha-para-medir-emissoes-de-metano\\\/#primaryimage\",\"url\":\"https:\\\/\\\/agenciainfra.com\\\/blog\\\/wp-content\\\/uploads\\\/2023\\\/05\\\/logo-anp-foto-mme-saulo-cruz-e1748370900715.jpg\",\"contentUrl\":\"https:\\\/\\\/agenciainfra.com\\\/blog\\\/wp-content\\\/uploads\\\/2023\\\/05\\\/logo-anp-foto-mme-saulo-cruz-e1748370900715.jpg\",\"width\":1280,\"height\":766,\"caption\":\"Foto: Saulo Cruz\\\/MME\"},{\"@type\":\"BreadcrumbList\",\"@id\":\"https:\\\/\\\/agenciainfra.com\\\/blog\\\/anp-e-banco-mundial-lancam-campanha-para-medir-emissoes-de-metano\\\/#breadcrumb\",\"itemListElement\":[{\"@type\":\"ListItem\",\"position\":1,\"name\":\"In\u00edcio\",\"item\":\"https:\\\/\\\/agenciainfra.com\\\/blog\\\/\"},{\"@type\":\"ListItem\",\"position\":2,\"name\":\"ANP e Banco Mundial lan\u00e7am campanha para medir emiss\u00f5es de metano\"}]},{\"@type\":\"WebSite\",\"@id\":\"https:\\\/\\\/agenciainfra.com\\\/blog\\\/#website\",\"url\":\"https:\\\/\\\/agenciainfra.com\\\/blog\\\/\",\"name\":\"Ag\u00eancia iNFRA\",\"description\":\"Multiplataforma de informa\u00e7\u00e3o jornal\u00edstica refer\u00eancia na \u00e1rea de infraestrutura no Brasil!\",\"publisher\":{\"@id\":\"https:\\\/\\\/agenciainfra.com\\\/blog\\\/#organization\"},\"potentialAction\":[{\"@type\":\"SearchAction\",\"target\":{\"@type\":\"EntryPoint\",\"urlTemplate\":\"https:\\\/\\\/agenciainfra.com\\\/blog\\\/?s={search_term_string}\"},\"query-input\":{\"@type\":\"PropertyValueSpecification\",\"valueRequired\":true,\"valueName\":\"search_term_string\"}}],\"inLanguage\":\"pt-BR\"},{\"@type\":\"Organization\",\"@id\":\"https:\\\/\\\/agenciainfra.com\\\/blog\\\/#organization\",\"name\":\"Ag\u00eancia iNFRA\",\"url\":\"https:\\\/\\\/agenciainfra.com\\\/blog\\\/\",\"logo\":{\"@type\":\"ImageObject\",\"inLanguage\":\"pt-BR\",\"@id\":\"https:\\\/\\\/agenciainfra.com\\\/blog\\\/#\\\/schema\\\/logo\\\/image\\\/\",\"url\":\"https:\\\/\\\/agenciainfra.com\\\/blog\\\/wp-content\\\/uploads\\\/2023\\\/09\\\/iNFRA_5-e1761735885940.png\",\"contentUrl\":\"https:\\\/\\\/agenciainfra.com\\\/blog\\\/wp-content\\\/uploads\\\/2023\\\/09\\\/iNFRA_5-e1761735885940.png\",\"width\":1672,\"height\":454,\"caption\":\"Ag\u00eancia iNFRA\"},\"image\":{\"@id\":\"https:\\\/\\\/agenciainfra.com\\\/blog\\\/#\\\/schema\\\/logo\\\/image\\\/\"},\"sameAs\":[\"https:\\\/\\\/www.facebook.com\\\/ageninfra\",\"https:\\\/\\\/x.com\\\/agencia_infra\",\"https:\\\/\\\/www.linkedin.com\\\/company\\\/ag\u00eanciainfra\\\/\",\"https:\\\/\\\/www.instagram.com\\\/agenciainfra\\\/\"]},{\"@type\":\"Person\",\"@id\":\"https:\\\/\\\/agenciainfra.com\\\/blog\\\/#\\\/schema\\\/person\\\/34af08dff6adea4cb22b06612ba7acfa\",\"name\":\"Ag\u00eancia iNFRA\",\"image\":{\"@type\":\"ImageObject\",\"inLanguage\":\"pt-BR\",\"@id\":\"https:\\\/\\\/secure.gravatar.com\\\/avatar\\\/d189e01678f06d8eb84d4e01f08eb848b3fffe3f8443818d3c356c66892f5be8?s=96&d=mm&r=g\",\"url\":\"https:\\\/\\\/secure.gravatar.com\\\/avatar\\\/d189e01678f06d8eb84d4e01f08eb848b3fffe3f8443818d3c356c66892f5be8?s=96&d=mm&r=g\",\"contentUrl\":\"https:\\\/\\\/secure.gravatar.com\\\/avatar\\\/d189e01678f06d8eb84d4e01f08eb848b3fffe3f8443818d3c356c66892f5be8?s=96&d=mm&r=g\",\"caption\":\"Ag\u00eancia iNFRA\"},\"url\":\"https:\\\/\\\/agenciainfra.com\\\/blog\\\/author\\\/admin\\\/\"}]}<\/script>\n<!-- \/ Yoast SEO Premium plugin. -->","yoast_head_json":{"title":"ANP e Banco Mundial lan\u00e7am campanha para medir emiss\u00f5es de metano - Ag\u00eancia iNFRA","robots":{"index":"index","follow":"follow","max-snippet":"max-snippet:-1","max-image-preview":"max-image-preview:large","max-video-preview":"max-video-preview:-1"},"canonical":"https:\/\/agenciainfra.com\/blog\/anp-e-banco-mundial-lancam-campanha-para-medir-emissoes-de-metano\/","og_locale":"pt_BR","og_type":"article","og_title":"ANP e Banco Mundial lan\u00e7am campanha para medir emiss\u00f5es de metano","og_description":"da Ag\u00eancia iNFRA A ANP (Ag\u00eancia Nacional do Petr\u00f3leo, G\u00e1s Natural e Biocombust\u00edveis) lan\u00e7ou nesta quinta-feira (3), em parceria com o Banco Mundial, uma campanha para medir emiss\u00f5es de metano em ativos de produ\u00e7\u00e3o de petr\u00f3leo e g\u00e1s natural. A iniciativa prev\u00ea medi\u00e7\u00f5es diretas em instala\u00e7\u00f5es selecionadas e capacita\u00e7\u00e3o de servidores em tecnologias de detec\u00e7\u00e3o, [&hellip;]","og_url":"https:\/\/agenciainfra.com\/blog\/anp-e-banco-mundial-lancam-campanha-para-medir-emissoes-de-metano\/","og_site_name":"Ag\u00eancia iNFRA","article_publisher":"https:\/\/www.facebook.com\/ageninfra","article_published_time":"2026-09-04T21:27:33+00:00","article_modified_time":"2026-09-04T21:27:36+00:00","og_image":[{"width":1280,"height":766,"url":"https:\/\/agenciainfra.com\/blog\/wp-content\/uploads\/2023\/05\/logo-anp-foto-mme-saulo-cruz-e1748370900715.jpg","type":"image\/jpeg"}],"author":"Ag\u00eancia iNFRA","twitter_card":"summary_large_image","twitter_creator":"@agencia_infra","twitter_site":"@agencia_infra","twitter_misc":{"Escrito por":"Ag\u00eancia iNFRA","Est. tempo de leitura":"1 minuto"},"schema":{"@context":"https:\/\/schema.org","@graph":[{"@type":"Article","@id":"https:\/\/agenciainfra.com\/blog\/anp-e-banco-mundial-lancam-campanha-para-medir-emissoes-de-metano\/#article","isPartOf":{"@id":"https:\/\/agenciainfra.com\/blog\/anp-e-banco-mundial-lancam-campanha-para-medir-emissoes-de-metano\/"},"author":{"name":"Ag\u00eancia iNFRA","@id":"https:\/\/agenciainfra.com\/blog\/#\/schema\/person\/34af08dff6adea4cb22b06612ba7acfa"},"headline":"ANP e Banco Mundial lan\u00e7am campanha para medir emiss\u00f5es de metano","datePublished":"2026-09-04T21:27:33+00:00","dateModified":"2026-09-04T21:27:36+00:00","mainEntityOfPage":{"@id":"https:\/\/agenciainfra.com\/blog\/anp-e-banco-mundial-lancam-campanha-para-medir-emissoes-de-metano\/"},"wordCount":195,"publisher":{"@id":"https:\/\/agenciainfra.com\/blog\/#organization"},"image":{"@id":"https:\/\/agenciainfra.com\/blog\/anp-e-banco-mundial-lancam-campanha-para-medir-emissoes-de-metano\/#primaryimage"},"thumbnailUrl":"https:\/\/agenciainfra.com\/blog\/wp-content\/uploads\/2023\/05\/logo-anp-foto-mme-saulo-cruz-e1748370900715.jpg","keywords":["ANP","Banco Mundial","emiss\u00f5es de metano","\u00f3leo e g\u00e1s","regulamenta\u00e7\u00e3o"],"articleSection":["Giro iNFRA"],"inLanguage":"pt-BR","copyrightYear":"2026","copyrightHolder":{"@id":"https:\/\/agenciainfra.com\/blog\/#organization"}},{"@type":"WebPage","@id":"https:\/\/agenciainfra.com\/blog\/anp-e-banco-mundial-lancam-campanha-para-medir-emissoes-de-metano\/","url":"https:\/\/agenciainfra.com\/blog\/anp-e-banco-mundial-lancam-campanha-para-medir-emissoes-de-metano\/","name":"ANP e Banco Mundial lan\u00e7am campanha para medir emiss\u00f5es de metano - Ag\u00eancia iNFRA","isPartOf":{"@id":"https:\/\/agenciainfra.com\/blog\/#website"},"primaryImageOfPage":{"@id":"https:\/\/agenciainfra.com\/blog\/anp-e-banco-mundial-lancam-campanha-para-medir-emissoes-de-metano\/#primaryimage"},"image":{"@id":"https:\/\/agenciainfra.com\/blog\/anp-e-banco-mundial-lancam-campanha-para-medir-emissoes-de-metano\/#primaryimage"},"thumbnailUrl":"https:\/\/agenciainfra.com\/blog\/wp-content\/uploads\/2023\/05\/logo-anp-foto-mme-saulo-cruz-e1748370900715.jpg","datePublished":"2026-09-04T21:27:33+00:00","dateModified":"2026-09-04T21:27:36+00:00","breadcrumb":{"@id":"https:\/\/agenciainfra.com\/blog\/anp-e-banco-mundial-lancam-campanha-para-medir-emissoes-de-metano\/#breadcrumb"},"inLanguage":"pt-BR","potentialAction":[{"@type":"ReadAction","target":["https:\/\/agenciainfra.com\/blog\/anp-e-banco-mundial-lancam-campanha-para-medir-emissoes-de-metano\/"]}]},{"@type":"ImageObject","inLanguage":"pt-BR","@id":"https:\/\/agenciainfra.com\/blog\/anp-e-banco-mundial-lancam-campanha-para-medir-emissoes-de-metano\/#primaryimage","url":"https:\/\/agenciainfra.com\/blog\/wp-content\/uploads\/2023\/05\/logo-anp-foto-mme-saulo-cruz-e1748370900715.jpg","contentUrl":"https:\/\/agenciainfra.com\/blog\/wp-content\/uploads\/2023\/05\/logo-anp-foto-mme-saulo-cruz-e1748370900715.jpg","width":1280,"height":766,"caption":"Foto: Saulo Cruz\/MME"},{"@type":"BreadcrumbList","@id":"https:\/\/agenciainfra.com\/blog\/anp-e-banco-mundial-lancam-campanha-para-medir-emissoes-de-metano\/#breadcrumb","itemListElement":[{"@type":"ListItem","position":1,"name":"In\u00edcio","item":"https:\/\/agenciainfra.com\/blog\/"},{"@type":"ListItem","position":2,"name":"ANP e Banco Mundial lan\u00e7am campanha para medir emiss\u00f5es de metano"}]},{"@type":"WebSite","@id":"https:\/\/agenciainfra.com\/blog\/#website","url":"https:\/\/agenciainfra.com\/blog\/","name":"Ag\u00eancia iNFRA","description":"Multiplataforma de informa\u00e7\u00e3o jornal\u00edstica refer\u00eancia na \u00e1rea de infraestrutura no Brasil!","publisher":{"@id":"https:\/\/agenciainfra.com\/blog\/#organization"},"potentialAction":[{"@type":"SearchAction","target":{"@type":"EntryPoint","urlTemplate":"https:\/\/agenciainfra.com\/blog\/?s={search_term_string}"},"query-input":{"@type":"PropertyValueSpecification","valueRequired":true,"valueName":"search_term_string"}}],"inLanguage":"pt-BR"},{"@type":"Organization","@id":"https:\/\/agenciainfra.com\/blog\/#organization","name":"Ag\u00eancia iNFRA","url":"https:\/\/agenciainfra.com\/blog\/","logo":{"@type":"ImageObject","inLanguage":"pt-BR","@id":"https:\/\/agenciainfra.com\/blog\/#\/schema\/logo\/image\/","url":"https:\/\/agenciainfra.com\/blog\/wp-content\/uploads\/2023\/09\/iNFRA_5-e1761735885940.png","contentUrl":"https:\/\/agenciainfra.com\/blog\/wp-content\/uploads\/2023\/09\/iNFRA_5-e1761735885940.png","width":1672,"height":454,"caption":"Ag\u00eancia iNFRA"},"image":{"@id":"https:\/\/agenciainfra.com\/blog\/#\/schema\/logo\/image\/"},"sameAs":["https:\/\/www.facebook.com\/ageninfra","https:\/\/x.com\/agencia_infra","https:\/\/www.linkedin.com\/company\/ag\u00eanciainfra\/","https:\/\/www.instagram.com\/agenciainfra\/"]},{"@type":"Person","@id":"https:\/\/agenciainfra.com\/blog\/#\/schema\/person\/34af08dff6adea4cb22b06612ba7acfa","name":"Ag\u00eancia iNFRA","image":{"@type":"ImageObject","inLanguage":"pt-BR","@id":"https:\/\/secure.gravatar.com\/avatar\/d189e01678f06d8eb84d4e01f08eb848b3fffe3f8443818d3c356c66892f5be8?s=96&d=mm&r=g","url":"https:\/\/secure.gravatar.com\/avatar\/d189e01678f06d8eb84d4e01f08eb848b3fffe3f8443818d3c356c66892f5be8?s=96&d=mm&r=g","contentUrl":"https:\/\/secure.gravatar.com\/avatar\/d189e01678f06d8eb84d4e01f08eb848b3fffe3f8443818d3c356c66892f5be8?s=96&d=mm&r=g","caption":"Ag\u00eancia iNFRA"},"url":"https:\/\/agenciainfra.com\/blog\/author\/admin\/"}]}},"_links":{"self":[{"href":"https:\/\/agenciainfra.com\/blog\/wp-json\/wp\/v2\/posts\/47003","targetHints":{"allow":["GET"]}}],"collection":[{"href":"https:\/\/agenciainfra.com\/blog\/wp-json\/wp\/v2\/posts"}],"about":[{"href":"https:\/\/agenciainfra.com\/blog\/wp-json\/wp\/v2\/types\/post"}],"author":[{"embeddable":true,"href":"https:\/\/agenciainfra.com\/blog\/wp-json\/wp\/v2\/users\/1"}],"replies":[{"embeddable":true,"href":"https:\/\/agenciainfra.com\/blog\/wp-json\/wp\/v2\/comments?post=47003"}],"version-history":[{"count":1,"href":"https:\/\/agenciainfra.com\/blog\/wp-json\/wp\/v2\/posts\/47003\/revisions"}],"predecessor-version":[{"id":47015,"href":"https:\/\/agenciainfra.com\/blog\/wp-json\/wp\/v2\/posts\/47003\/revisions\/47015"}],"wp:featuredmedia":[{"embeddable":true,"href":"https:\/\/agenciainfra.com\/blog\/wp-json\/wp\/v2\/media\/12697"}],"wp:attachment":[{"href":"https:\/\/agenciainfra.com\/blog\/wp-json\/wp\/v2\/media?parent=47003"}],"wp:term":[{"taxonomy":"category","embeddable":true,"href":"https:\/\/agenciainfra.com\/blog\/wp-json\/wp\/v2\/categories?post=47003"},{"taxonomy":"post_tag","embeddable":true,"href":"https:\/\/agenciainfra.com\/blog\/wp-json\/wp\/v2\/tags?post=47003"}],"curies":[{"name":"wp","href":"https:\/\/api.w.org\/{rel}","templated":true}]}}