{"id":47004,"date":"2026-09-04T16:58:38","date_gmt":"2026-09-04T19:58:38","guid":{"rendered":"https:\/\/agenciainfra.com\/blog\/?p=47004"},"modified":"2026-09-04T17:08:15","modified_gmt":"2026-09-04T20:08:15","slug":"tecon-10-acao-de-maersk-e-msc-no-cade-para-leilao-deve-ser-reavaliada","status":"publish","type":"post","link":"https:\/\/agenciainfra.com\/blog\/tecon-10-acao-de-maersk-e-msc-no-cade-para-leilao-deve-ser-reavaliada\/","title":{"rendered":"Tecon 10: a\u00e7\u00e3o de Maersk e MSC no Cade para leil\u00e3o deve ser reavaliada"},"content":{"rendered":"\n<p class=\"has-text-align-right\"><strong>da Ag\u00eancia iNFRA<\/strong><\/p>\n\n\n\n<p>O presidente do Cade (Conselho Administrativo de Defesa Econ\u00f4mica), Diogo Thomson, pediu que o tribunal do \u00f3rg\u00e3o antitruste avalie o processo que discute a potencial reorganiza\u00e7\u00e3o societ\u00e1ria envolvendo a BTP (Brasil Terminal Portu\u00e1rio), operadora do segundo maior terminal de cont\u00eaineres do Porto de Santos numa sociedade da Maersk com a MSC.<\/p>\n\n\n\n<p>A notifica\u00e7\u00e3o \u00e9 uma etapa preparat\u00f3ria adotada pelas empresas caso elas possam participar do leil\u00e3o do Tecon Santos 10, projetado para ser o maior terminal de cont\u00eaineres do pa\u00eds, e uma delas arremate o ativo, o que for\u00e7aria a sa\u00edda de um dos grupos da BTP. O plano apresentado ao Cade \u00e9, que neste caso, quem est\u00e1 saindo venda sua fatia para a empresa que permanecer no terminal.<\/p>\n\n\n\n<p>Por envolver as aspectos concorrenciais, o assunto foi levado ao Cade em julho. Em agosto, a SG (Superintend\u00eancia-Geral) do \u00f3rg\u00e3o chegou a liberar a opera\u00e7\u00e3o pr\u00e9via. Quando h\u00e1 uma aprova\u00e7\u00e3o pela \u00e1rea t\u00e9cnica como ocorreu no caso, qualquer conselheiro pode pedir para que uma nova an\u00e1lise seja feita e julgada pelo tribunal.<\/p>\n\n\n\n<p>\u00c9 o que dever\u00e1 ocorrer caso os demais conselheiros concordem com o pedido de Thomson. No despacho assinado nesta quinta-feira (3), o presidente interino do Cade argumentou que o tema precisa de uma avalia\u00e7\u00e3o aprofundada por duas raz\u00f5es. Uma porque o sinal verde dado ao potencial neg\u00f3cio entre as empresas, em seu entendimento, n\u00e3o deve ocorrer sem um prazo determinado. A outra \u00e9 que, para Thomson, \u00e9 preciso assegurar que eventual opera\u00e7\u00e3o de uma das empresas no Tecon 10, caso ven\u00e7a o certame, possa ser submetida \u00e0 aprecia\u00e7\u00e3o pr\u00e9via do Cade.<\/p>\n\n\n\n<p>Sobre o primeiro ponto, o presidente afirmou que a autoriza\u00e7\u00e3o por prazo indeterminado permitiria que cada grupo mantenha, por per\u00edodo indefinido, a possibilidade de implementar o desinvestimento sem necessidade de nova aprecia\u00e7\u00e3o das condi\u00e7\u00f5es concorrenciais, que podem mudar futuramente.<\/p>\n\n\n\n<p>\u201cA fixa\u00e7\u00e3o de prazo para a implementa\u00e7\u00e3o das opera\u00e7\u00f5es permitiria compatibilizar a autoriza\u00e7\u00e3o concorrencial com o cen\u00e1rio efetivamente examinado pelo Cade, de modo que, ultrapassado per\u00edodo razo\u00e1vel sem a consuma\u00e7\u00e3o, eventual implementa\u00e7\u00e3o posterior demandasse nova aprecia\u00e7\u00e3o \u00e0 luz das condi\u00e7\u00f5es ent\u00e3o vigentes\u201d, afirmou.<\/p>\n\n\n\n<p>A segunda quest\u00e3o levantada por Thonsom parte da avalia\u00e7\u00e3o de que uma eventual dissolu\u00e7\u00e3o do controle conjunto da BTP n\u00e3o significa que as rela\u00e7\u00f5es entre os grupos Maersk e MSC deixar\u00e3o de ser relevantes para uma futura an\u00e1lise concorrencial da Tecon 10.<\/p>\n\n\n\n<p>No despacho, o conselheiro escreve que, sem antecipar o exame de m\u00e9rito que caber\u00e1 ao Cade caso esse cen\u00e1rio venha a acontecer, v\u00e1rios fatores suscitam quest\u00f5es concorrencialmente relevantes, relacionadas, entre outros aspectos, aos efeitos da integra\u00e7\u00e3o vertical entre transporte mar\u00edtimo e infraestrutura portu\u00e1ria e aos incentivos e possibilidades de coordena\u00e7\u00e3o decorrentes das rela\u00e7\u00f5es horizontais e comerciais mantidas entre os grupos.<\/p>\n\n\n\n<p>\u201cAmbos permanecer\u00e3o atuantes no transporte mar\u00edtimo de cont\u00eaineres e integrados verticalmente \u00e0 opera\u00e7\u00e3o portu\u00e1ria, al\u00e9m de poderem manter rela\u00e7\u00f5es comerciais entre si, inclusive por meio de acordos de compartilhamento de navios\u201d, disse Thomson.<\/p>\n\n\n\n<p>Dessa forma, o presidente concluiu que a aprova\u00e7\u00e3o das opera\u00e7\u00f5es deve ser condicionada \u00e0 obriga\u00e7\u00e3o de submiss\u00e3o pr\u00e9via ao Cade de eventual outorga do Tecon 10, caso uma delas ven\u00e7a o certame. Tal an\u00e1lise, a depender da complexidade, pode levar at\u00e9 330 dias. \u201cA obriga\u00e7\u00e3o de submiss\u00e3o pr\u00e9via destina-se exclusivamente a assegurar que, caso o cen\u00e1rio atualmente hipot\u00e9tico venha a se concretizar, o Cade possa examinar a configura\u00e7\u00e3o concorrencial ent\u00e3o existente antes da produ\u00e7\u00e3o dos efeitos da opera\u00e7\u00e3o\u201d, escreveu.<\/p>\n\n\n\n<p>No momento, pelo modelo de licita\u00e7\u00e3o proposto pelo governo federal e pela ANTAQ (Ag\u00eancia Nacional de Transportes Aquavi\u00e1rios) no ano passado e aprovado pelo TCU (Tribunal de Contas da Uni\u00e3o), essa participa\u00e7\u00e3o a operadores de cont\u00eainer do Porto de Santos est\u00e1 restrita.<\/p>\n\n\n\n<p>Como incumbentes (propriet\u00e1rias de um porto na regi\u00e3o), elas s\u00f3 entrariam na disputa se n\u00e3o houvesse outros interessados, medida defendida na decis\u00e3o da ANTAQ aprovada pelo tribunal como forma de ampliar o mercado e evitar concentra\u00e7\u00e3o na regi\u00e3o do Porto de Santos.<\/p>\n\n\n\n<p>Este ano, o modelo do certame voltou a ser discutido ap\u00f3s o governo federal pedir a revis\u00e3o da estrutura originalmente aprovada. O Executivo passou a defender a abertura da disputa tamb\u00e9m para empresas j\u00e1 presentes no porto, desde que condicionada \u00e0 garantia de que far\u00e3o o desinvestimento em ativos existentes se ganharem a licita\u00e7\u00e3o. A nova proposta est\u00e1 em an\u00e1lise na ANTAQ e, levada adiante, poder\u00e1 ter de retornar para nova an\u00e1lise do TCU.<\/p>\n\n\n\n<p>Pela reformula\u00e7\u00e3o pedida pela Secretaria Especial do PPI (Programa de Parcerias de Investimentos), vinculada \u00e0 Casa Civil, passaria a ser permitido que operadores j\u00e1 atuantes na movimenta\u00e7\u00e3o de cont\u00eaineres em Santos sejam enquadrados como participantes n\u00e3o incumbentes no leil\u00e3o, desde que apresentem previamente acordos e documenta\u00e7\u00e3o que comprovem o compromisso de alienar sua participa\u00e7\u00e3o em terminais existentes, condicionando a efetiva\u00e7\u00e3o da opera\u00e7\u00e3o \u00e0 vit\u00f3ria na licita\u00e7\u00e3o. Por isso, Maersk e MSC recorreram ao Cade.<\/p>\n","protected":false},"excerpt":{"rendered":"<p>da Ag\u00eancia iNFRA O presidente do Cade (Conselho Administrativo de Defesa Econ\u00f4mica), Diogo Thomson, pediu que o tribunal do \u00f3rg\u00e3o antitruste avalie o processo que discute a potencial reorganiza\u00e7\u00e3o societ\u00e1ria envolvendo a BTP (Brasil Terminal Portu\u00e1rio), operadora do segundo maior terminal de cont\u00eaineres do Porto de Santos numa sociedade da Maersk com a MSC. A [&hellip;]<\/p>\n","protected":false},"author":1,"featured_media":26678,"comment_status":"closed","ping_status":"closed","sticky":false,"template":"","format":"standard","meta":{"_monsterinsights_skip_tracking":false,"_monsterinsights_sitenote_active":false,"_monsterinsights_sitenote_note":"","_monsterinsights_sitenote_category":0,"footnotes":""},"categories":[7250],"tags":[86,1030,371,21724,1057,5457,260,1634],"class_list":["post-47004","post","type-post","status-publish","format-standard","has-post-thumbnail","hentry","category-destaque-lista","tag-antaq","tag-btp","tag-cade","tag-leilao-do-tecon-santos-10","tag-maersk","tag-msc","tag-porto-de-santos","tag-terminal-de-conteineres"],"yoast_head":"<!-- This site is optimized with the Yoast SEO Premium plugin v25.4 (Yoast SEO v28.2) - https:\/\/yoast.com\/product\/yoast-seo-premium-wordpress\/ -->\n<title>Tecon 10: a\u00e7\u00e3o de Maersk e MSC no Cade para leil\u00e3o deve ser reavaliada - Ag\u00eancia iNFRA<\/title>\n<meta name=\"robots\" content=\"index, follow, max-snippet:-1, max-image-preview:large, max-video-preview:-1\" \/>\n<link rel=\"canonical\" href=\"https:\/\/agenciainfra.com\/blog\/tecon-10-acao-de-maersk-e-msc-no-cade-para-leilao-deve-ser-reavaliada\/\" \/>\n<meta property=\"og:locale\" content=\"pt_BR\" \/>\n<meta property=\"og:type\" content=\"article\" \/>\n<meta property=\"og:title\" content=\"Tecon 10: a\u00e7\u00e3o de Maersk e MSC no Cade para leil\u00e3o deve ser reavaliada\" \/>\n<meta property=\"og:description\" content=\"da Ag\u00eancia iNFRA O presidente do Cade (Conselho Administrativo de Defesa Econ\u00f4mica), Diogo Thomson, pediu que o tribunal do \u00f3rg\u00e3o antitruste avalie o processo que discute a potencial reorganiza\u00e7\u00e3o societ\u00e1ria envolvendo a BTP (Brasil Terminal Portu\u00e1rio), operadora do segundo maior terminal de cont\u00eaineres do Porto de Santos numa sociedade da Maersk com a MSC. A [&hellip;]\" \/>\n<meta property=\"og:url\" content=\"https:\/\/agenciainfra.com\/blog\/tecon-10-acao-de-maersk-e-msc-no-cade-para-leilao-deve-ser-reavaliada\/\" \/>\n<meta property=\"og:site_name\" content=\"Ag\u00eancia iNFRA\" \/>\n<meta property=\"article:publisher\" content=\"https:\/\/www.facebook.com\/ageninfra\" \/>\n<meta property=\"article:published_time\" content=\"2026-09-04T19:58:38+00:00\" \/>\n<meta property=\"article:modified_time\" content=\"2026-09-04T20:08:15+00:00\" \/>\n<meta property=\"og:image\" content=\"https:\/\/agenciainfra.com\/blog\/wp-content\/uploads\/2025\/08\/porto-de-santos-foto-APS-divulgacao.jpg\" \/>\n\t<meta property=\"og:image:width\" content=\"1280\" \/>\n\t<meta property=\"og:image:height\" content=\"784\" \/>\n\t<meta property=\"og:image:type\" content=\"image\/jpeg\" \/>\n<meta name=\"author\" content=\"Ag\u00eancia iNFRA\" \/>\n<meta name=\"twitter:card\" content=\"summary_large_image\" \/>\n<meta name=\"twitter:creator\" content=\"@agencia_infra\" \/>\n<meta name=\"twitter:site\" content=\"@agencia_infra\" \/>\n<meta name=\"twitter:label1\" content=\"Escrito por\" \/>\n\t<meta name=\"twitter:data1\" content=\"Ag\u00eancia iNFRA\" \/>\n\t<meta name=\"twitter:label2\" content=\"Est. tempo de leitura\" \/>\n\t<meta name=\"twitter:data2\" content=\"4 minutos\" \/>\n<script type=\"application\/ld+json\" class=\"yoast-schema-graph\">{\"@context\":\"https:\\\/\\\/schema.org\",\"@graph\":[{\"@type\":\"Article\",\"@id\":\"https:\\\/\\\/agenciainfra.com\\\/blog\\\/tecon-10-acao-de-maersk-e-msc-no-cade-para-leilao-deve-ser-reavaliada\\\/#article\",\"isPartOf\":{\"@id\":\"https:\\\/\\\/agenciainfra.com\\\/blog\\\/tecon-10-acao-de-maersk-e-msc-no-cade-para-leilao-deve-ser-reavaliada\\\/\"},\"author\":{\"name\":\"Ag\u00eancia iNFRA\",\"@id\":\"https:\\\/\\\/agenciainfra.com\\\/blog\\\/#\\\/schema\\\/person\\\/34af08dff6adea4cb22b06612ba7acfa\"},\"headline\":\"Tecon 10: a\u00e7\u00e3o de Maersk e MSC no Cade para leil\u00e3o deve ser reavaliada\",\"datePublished\":\"2026-09-04T19:58:38+00:00\",\"dateModified\":\"2026-09-04T20:08:15+00:00\",\"mainEntityOfPage\":{\"@id\":\"https:\\\/\\\/agenciainfra.com\\\/blog\\\/tecon-10-acao-de-maersk-e-msc-no-cade-para-leilao-deve-ser-reavaliada\\\/\"},\"wordCount\":904,\"publisher\":{\"@id\":\"https:\\\/\\\/agenciainfra.com\\\/blog\\\/#organization\"},\"image\":{\"@id\":\"https:\\\/\\\/agenciainfra.com\\\/blog\\\/tecon-10-acao-de-maersk-e-msc-no-cade-para-leilao-deve-ser-reavaliada\\\/#primaryimage\"},\"thumbnailUrl\":\"https:\\\/\\\/agenciainfra.com\\\/blog\\\/wp-content\\\/uploads\\\/2025\\\/08\\\/porto-de-santos-foto-APS-divulgacao.jpg\",\"keywords\":[\"ANTAQ\",\"BTP\",\"Cade\",\"leil\u00e3o do Tecon Santos 10\",\"Maersk\",\"MSC\",\"Porto de Santos\",\"terminal de cont\u00eaineres\"],\"articleSection\":[\"Destaque lista\"],\"inLanguage\":\"pt-BR\",\"copyrightYear\":\"2026\",\"copyrightHolder\":{\"@id\":\"https:\\\/\\\/agenciainfra.com\\\/blog\\\/#organization\"}},{\"@type\":\"WebPage\",\"@id\":\"https:\\\/\\\/agenciainfra.com\\\/blog\\\/tecon-10-acao-de-maersk-e-msc-no-cade-para-leilao-deve-ser-reavaliada\\\/\",\"url\":\"https:\\\/\\\/agenciainfra.com\\\/blog\\\/tecon-10-acao-de-maersk-e-msc-no-cade-para-leilao-deve-ser-reavaliada\\\/\",\"name\":\"Tecon 10: a\u00e7\u00e3o de Maersk e MSC no Cade para leil\u00e3o deve ser reavaliada - Ag\u00eancia iNFRA\",\"isPartOf\":{\"@id\":\"https:\\\/\\\/agenciainfra.com\\\/blog\\\/#website\"},\"primaryImageOfPage\":{\"@id\":\"https:\\\/\\\/agenciainfra.com\\\/blog\\\/tecon-10-acao-de-maersk-e-msc-no-cade-para-leilao-deve-ser-reavaliada\\\/#primaryimage\"},\"image\":{\"@id\":\"https:\\\/\\\/agenciainfra.com\\\/blog\\\/tecon-10-acao-de-maersk-e-msc-no-cade-para-leilao-deve-ser-reavaliada\\\/#primaryimage\"},\"thumbnailUrl\":\"https:\\\/\\\/agenciainfra.com\\\/blog\\\/wp-content\\\/uploads\\\/2025\\\/08\\\/porto-de-santos-foto-APS-divulgacao.jpg\",\"datePublished\":\"2026-09-04T19:58:38+00:00\",\"dateModified\":\"2026-09-04T20:08:15+00:00\",\"breadcrumb\":{\"@id\":\"https:\\\/\\\/agenciainfra.com\\\/blog\\\/tecon-10-acao-de-maersk-e-msc-no-cade-para-leilao-deve-ser-reavaliada\\\/#breadcrumb\"},\"inLanguage\":\"pt-BR\",\"potentialAction\":[{\"@type\":\"ReadAction\",\"target\":[\"https:\\\/\\\/agenciainfra.com\\\/blog\\\/tecon-10-acao-de-maersk-e-msc-no-cade-para-leilao-deve-ser-reavaliada\\\/\"]}]},{\"@type\":\"ImageObject\",\"inLanguage\":\"pt-BR\",\"@id\":\"https:\\\/\\\/agenciainfra.com\\\/blog\\\/tecon-10-acao-de-maersk-e-msc-no-cade-para-leilao-deve-ser-reavaliada\\\/#primaryimage\",\"url\":\"https:\\\/\\\/agenciainfra.com\\\/blog\\\/wp-content\\\/uploads\\\/2025\\\/08\\\/porto-de-santos-foto-APS-divulgacao.jpg\",\"contentUrl\":\"https:\\\/\\\/agenciainfra.com\\\/blog\\\/wp-content\\\/uploads\\\/2025\\\/08\\\/porto-de-santos-foto-APS-divulgacao.jpg\",\"width\":1280,\"height\":784,\"caption\":\"Foto: Autoridade Portu\u00e1ria de Santos\"},{\"@type\":\"BreadcrumbList\",\"@id\":\"https:\\\/\\\/agenciainfra.com\\\/blog\\\/tecon-10-acao-de-maersk-e-msc-no-cade-para-leilao-deve-ser-reavaliada\\\/#breadcrumb\",\"itemListElement\":[{\"@type\":\"ListItem\",\"position\":1,\"name\":\"In\u00edcio\",\"item\":\"https:\\\/\\\/agenciainfra.com\\\/blog\\\/\"},{\"@type\":\"ListItem\",\"position\":2,\"name\":\"Tecon 10: a\u00e7\u00e3o de Maersk e MSC no Cade para leil\u00e3o deve ser reavaliada\"}]},{\"@type\":\"WebSite\",\"@id\":\"https:\\\/\\\/agenciainfra.com\\\/blog\\\/#website\",\"url\":\"https:\\\/\\\/agenciainfra.com\\\/blog\\\/\",\"name\":\"Ag\u00eancia iNFRA\",\"description\":\"Multiplataforma de informa\u00e7\u00e3o jornal\u00edstica refer\u00eancia na \u00e1rea de infraestrutura no Brasil!\",\"publisher\":{\"@id\":\"https:\\\/\\\/agenciainfra.com\\\/blog\\\/#organization\"},\"potentialAction\":[{\"@type\":\"SearchAction\",\"target\":{\"@type\":\"EntryPoint\",\"urlTemplate\":\"https:\\\/\\\/agenciainfra.com\\\/blog\\\/?s={search_term_string}\"},\"query-input\":{\"@type\":\"PropertyValueSpecification\",\"valueRequired\":true,\"valueName\":\"search_term_string\"}}],\"inLanguage\":\"pt-BR\"},{\"@type\":\"Organization\",\"@id\":\"https:\\\/\\\/agenciainfra.com\\\/blog\\\/#organization\",\"name\":\"Ag\u00eancia iNFRA\",\"url\":\"https:\\\/\\\/agenciainfra.com\\\/blog\\\/\",\"logo\":{\"@type\":\"ImageObject\",\"inLanguage\":\"pt-BR\",\"@id\":\"https:\\\/\\\/agenciainfra.com\\\/blog\\\/#\\\/schema\\\/logo\\\/image\\\/\",\"url\":\"https:\\\/\\\/agenciainfra.com\\\/blog\\\/wp-content\\\/uploads\\\/2023\\\/09\\\/iNFRA_5-e1761735885940.png\",\"contentUrl\":\"https:\\\/\\\/agenciainfra.com\\\/blog\\\/wp-content\\\/uploads\\\/2023\\\/09\\\/iNFRA_5-e1761735885940.png\",\"width\":1672,\"height\":454,\"caption\":\"Ag\u00eancia iNFRA\"},\"image\":{\"@id\":\"https:\\\/\\\/agenciainfra.com\\\/blog\\\/#\\\/schema\\\/logo\\\/image\\\/\"},\"sameAs\":[\"https:\\\/\\\/www.facebook.com\\\/ageninfra\",\"https:\\\/\\\/x.com\\\/agencia_infra\",\"https:\\\/\\\/www.linkedin.com\\\/company\\\/ag\u00eanciainfra\\\/\",\"https:\\\/\\\/www.instagram.com\\\/agenciainfra\\\/\"]},{\"@type\":\"Person\",\"@id\":\"https:\\\/\\\/agenciainfra.com\\\/blog\\\/#\\\/schema\\\/person\\\/34af08dff6adea4cb22b06612ba7acfa\",\"name\":\"Ag\u00eancia iNFRA\",\"image\":{\"@type\":\"ImageObject\",\"inLanguage\":\"pt-BR\",\"@id\":\"https:\\\/\\\/secure.gravatar.com\\\/avatar\\\/d189e01678f06d8eb84d4e01f08eb848b3fffe3f8443818d3c356c66892f5be8?s=96&d=mm&r=g\",\"url\":\"https:\\\/\\\/secure.gravatar.com\\\/avatar\\\/d189e01678f06d8eb84d4e01f08eb848b3fffe3f8443818d3c356c66892f5be8?s=96&d=mm&r=g\",\"contentUrl\":\"https:\\\/\\\/secure.gravatar.com\\\/avatar\\\/d189e01678f06d8eb84d4e01f08eb848b3fffe3f8443818d3c356c66892f5be8?s=96&d=mm&r=g\",\"caption\":\"Ag\u00eancia iNFRA\"},\"url\":\"https:\\\/\\\/agenciainfra.com\\\/blog\\\/author\\\/admin\\\/\"}]}<\/script>\n<!-- \/ Yoast SEO Premium plugin. -->","yoast_head_json":{"title":"Tecon 10: a\u00e7\u00e3o de Maersk e MSC no Cade para leil\u00e3o deve ser reavaliada - Ag\u00eancia iNFRA","robots":{"index":"index","follow":"follow","max-snippet":"max-snippet:-1","max-image-preview":"max-image-preview:large","max-video-preview":"max-video-preview:-1"},"canonical":"https:\/\/agenciainfra.com\/blog\/tecon-10-acao-de-maersk-e-msc-no-cade-para-leilao-deve-ser-reavaliada\/","og_locale":"pt_BR","og_type":"article","og_title":"Tecon 10: a\u00e7\u00e3o de Maersk e MSC no Cade para leil\u00e3o deve ser reavaliada","og_description":"da Ag\u00eancia iNFRA O presidente do Cade (Conselho Administrativo de Defesa Econ\u00f4mica), Diogo Thomson, pediu que o tribunal do \u00f3rg\u00e3o antitruste avalie o processo que discute a potencial reorganiza\u00e7\u00e3o societ\u00e1ria envolvendo a BTP (Brasil Terminal Portu\u00e1rio), operadora do segundo maior terminal de cont\u00eaineres do Porto de Santos numa sociedade da Maersk com a MSC. A [&hellip;]","og_url":"https:\/\/agenciainfra.com\/blog\/tecon-10-acao-de-maersk-e-msc-no-cade-para-leilao-deve-ser-reavaliada\/","og_site_name":"Ag\u00eancia iNFRA","article_publisher":"https:\/\/www.facebook.com\/ageninfra","article_published_time":"2026-09-04T19:58:38+00:00","article_modified_time":"2026-09-04T20:08:15+00:00","og_image":[{"width":1280,"height":784,"url":"https:\/\/agenciainfra.com\/blog\/wp-content\/uploads\/2025\/08\/porto-de-santos-foto-APS-divulgacao.jpg","type":"image\/jpeg"}],"author":"Ag\u00eancia iNFRA","twitter_card":"summary_large_image","twitter_creator":"@agencia_infra","twitter_site":"@agencia_infra","twitter_misc":{"Escrito por":"Ag\u00eancia iNFRA","Est. tempo de leitura":"4 minutos"},"schema":{"@context":"https:\/\/schema.org","@graph":[{"@type":"Article","@id":"https:\/\/agenciainfra.com\/blog\/tecon-10-acao-de-maersk-e-msc-no-cade-para-leilao-deve-ser-reavaliada\/#article","isPartOf":{"@id":"https:\/\/agenciainfra.com\/blog\/tecon-10-acao-de-maersk-e-msc-no-cade-para-leilao-deve-ser-reavaliada\/"},"author":{"name":"Ag\u00eancia iNFRA","@id":"https:\/\/agenciainfra.com\/blog\/#\/schema\/person\/34af08dff6adea4cb22b06612ba7acfa"},"headline":"Tecon 10: a\u00e7\u00e3o de Maersk e MSC no Cade para leil\u00e3o deve ser reavaliada","datePublished":"2026-09-04T19:58:38+00:00","dateModified":"2026-09-04T20:08:15+00:00","mainEntityOfPage":{"@id":"https:\/\/agenciainfra.com\/blog\/tecon-10-acao-de-maersk-e-msc-no-cade-para-leilao-deve-ser-reavaliada\/"},"wordCount":904,"publisher":{"@id":"https:\/\/agenciainfra.com\/blog\/#organization"},"image":{"@id":"https:\/\/agenciainfra.com\/blog\/tecon-10-acao-de-maersk-e-msc-no-cade-para-leilao-deve-ser-reavaliada\/#primaryimage"},"thumbnailUrl":"https:\/\/agenciainfra.com\/blog\/wp-content\/uploads\/2025\/08\/porto-de-santos-foto-APS-divulgacao.jpg","keywords":["ANTAQ","BTP","Cade","leil\u00e3o do Tecon Santos 10","Maersk","MSC","Porto de Santos","terminal de cont\u00eaineres"],"articleSection":["Destaque lista"],"inLanguage":"pt-BR","copyrightYear":"2026","copyrightHolder":{"@id":"https:\/\/agenciainfra.com\/blog\/#organization"}},{"@type":"WebPage","@id":"https:\/\/agenciainfra.com\/blog\/tecon-10-acao-de-maersk-e-msc-no-cade-para-leilao-deve-ser-reavaliada\/","url":"https:\/\/agenciainfra.com\/blog\/tecon-10-acao-de-maersk-e-msc-no-cade-para-leilao-deve-ser-reavaliada\/","name":"Tecon 10: a\u00e7\u00e3o de Maersk e MSC no Cade para leil\u00e3o deve ser reavaliada - Ag\u00eancia iNFRA","isPartOf":{"@id":"https:\/\/agenciainfra.com\/blog\/#website"},"primaryImageOfPage":{"@id":"https:\/\/agenciainfra.com\/blog\/tecon-10-acao-de-maersk-e-msc-no-cade-para-leilao-deve-ser-reavaliada\/#primaryimage"},"image":{"@id":"https:\/\/agenciainfra.com\/blog\/tecon-10-acao-de-maersk-e-msc-no-cade-para-leilao-deve-ser-reavaliada\/#primaryimage"},"thumbnailUrl":"https:\/\/agenciainfra.com\/blog\/wp-content\/uploads\/2025\/08\/porto-de-santos-foto-APS-divulgacao.jpg","datePublished":"2026-09-04T19:58:38+00:00","dateModified":"2026-09-04T20:08:15+00:00","breadcrumb":{"@id":"https:\/\/agenciainfra.com\/blog\/tecon-10-acao-de-maersk-e-msc-no-cade-para-leilao-deve-ser-reavaliada\/#breadcrumb"},"inLanguage":"pt-BR","potentialAction":[{"@type":"ReadAction","target":["https:\/\/agenciainfra.com\/blog\/tecon-10-acao-de-maersk-e-msc-no-cade-para-leilao-deve-ser-reavaliada\/"]}]},{"@type":"ImageObject","inLanguage":"pt-BR","@id":"https:\/\/agenciainfra.com\/blog\/tecon-10-acao-de-maersk-e-msc-no-cade-para-leilao-deve-ser-reavaliada\/#primaryimage","url":"https:\/\/agenciainfra.com\/blog\/wp-content\/uploads\/2025\/08\/porto-de-santos-foto-APS-divulgacao.jpg","contentUrl":"https:\/\/agenciainfra.com\/blog\/wp-content\/uploads\/2025\/08\/porto-de-santos-foto-APS-divulgacao.jpg","width":1280,"height":784,"caption":"Foto: Autoridade Portu\u00e1ria de Santos"},{"@type":"BreadcrumbList","@id":"https:\/\/agenciainfra.com\/blog\/tecon-10-acao-de-maersk-e-msc-no-cade-para-leilao-deve-ser-reavaliada\/#breadcrumb","itemListElement":[{"@type":"ListItem","position":1,"name":"In\u00edcio","item":"https:\/\/agenciainfra.com\/blog\/"},{"@type":"ListItem","position":2,"name":"Tecon 10: a\u00e7\u00e3o de Maersk e MSC no Cade para leil\u00e3o deve ser reavaliada"}]},{"@type":"WebSite","@id":"https:\/\/agenciainfra.com\/blog\/#website","url":"https:\/\/agenciainfra.com\/blog\/","name":"Ag\u00eancia iNFRA","description":"Multiplataforma de informa\u00e7\u00e3o jornal\u00edstica refer\u00eancia na \u00e1rea de infraestrutura no Brasil!","publisher":{"@id":"https:\/\/agenciainfra.com\/blog\/#organization"},"potentialAction":[{"@type":"SearchAction","target":{"@type":"EntryPoint","urlTemplate":"https:\/\/agenciainfra.com\/blog\/?s={search_term_string}"},"query-input":{"@type":"PropertyValueSpecification","valueRequired":true,"valueName":"search_term_string"}}],"inLanguage":"pt-BR"},{"@type":"Organization","@id":"https:\/\/agenciainfra.com\/blog\/#organization","name":"Ag\u00eancia iNFRA","url":"https:\/\/agenciainfra.com\/blog\/","logo":{"@type":"ImageObject","inLanguage":"pt-BR","@id":"https:\/\/agenciainfra.com\/blog\/#\/schema\/logo\/image\/","url":"https:\/\/agenciainfra.com\/blog\/wp-content\/uploads\/2023\/09\/iNFRA_5-e1761735885940.png","contentUrl":"https:\/\/agenciainfra.com\/blog\/wp-content\/uploads\/2023\/09\/iNFRA_5-e1761735885940.png","width":1672,"height":454,"caption":"Ag\u00eancia iNFRA"},"image":{"@id":"https:\/\/agenciainfra.com\/blog\/#\/schema\/logo\/image\/"},"sameAs":["https:\/\/www.facebook.com\/ageninfra","https:\/\/x.com\/agencia_infra","https:\/\/www.linkedin.com\/company\/ag\u00eanciainfra\/","https:\/\/www.instagram.com\/agenciainfra\/"]},{"@type":"Person","@id":"https:\/\/agenciainfra.com\/blog\/#\/schema\/person\/34af08dff6adea4cb22b06612ba7acfa","name":"Ag\u00eancia iNFRA","image":{"@type":"ImageObject","inLanguage":"pt-BR","@id":"https:\/\/secure.gravatar.com\/avatar\/d189e01678f06d8eb84d4e01f08eb848b3fffe3f8443818d3c356c66892f5be8?s=96&d=mm&r=g","url":"https:\/\/secure.gravatar.com\/avatar\/d189e01678f06d8eb84d4e01f08eb848b3fffe3f8443818d3c356c66892f5be8?s=96&d=mm&r=g","contentUrl":"https:\/\/secure.gravatar.com\/avatar\/d189e01678f06d8eb84d4e01f08eb848b3fffe3f8443818d3c356c66892f5be8?s=96&d=mm&r=g","caption":"Ag\u00eancia iNFRA"},"url":"https:\/\/agenciainfra.com\/blog\/author\/admin\/"}]}},"_links":{"self":[{"href":"https:\/\/agenciainfra.com\/blog\/wp-json\/wp\/v2\/posts\/47004","targetHints":{"allow":["GET"]}}],"collection":[{"href":"https:\/\/agenciainfra.com\/blog\/wp-json\/wp\/v2\/posts"}],"about":[{"href":"https:\/\/agenciainfra.com\/blog\/wp-json\/wp\/v2\/types\/post"}],"author":[{"embeddable":true,"href":"https:\/\/agenciainfra.com\/blog\/wp-json\/wp\/v2\/users\/1"}],"replies":[{"embeddable":true,"href":"https:\/\/agenciainfra.com\/blog\/wp-json\/wp\/v2\/comments?post=47004"}],"version-history":[{"count":3,"href":"https:\/\/agenciainfra.com\/blog\/wp-json\/wp\/v2\/posts\/47004\/revisions"}],"predecessor-version":[{"id":47007,"href":"https:\/\/agenciainfra.com\/blog\/wp-json\/wp\/v2\/posts\/47004\/revisions\/47007"}],"wp:featuredmedia":[{"embeddable":true,"href":"https:\/\/agenciainfra.com\/blog\/wp-json\/wp\/v2\/media\/26678"}],"wp:attachment":[{"href":"https:\/\/agenciainfra.com\/blog\/wp-json\/wp\/v2\/media?parent=47004"}],"wp:term":[{"taxonomy":"category","embeddable":true,"href":"https:\/\/agenciainfra.com\/blog\/wp-json\/wp\/v2\/categories?post=47004"},{"taxonomy":"post_tag","embeddable":true,"href":"https:\/\/agenciainfra.com\/blog\/wp-json\/wp\/v2\/tags?post=47004"}],"curies":[{"name":"wp","href":"https:\/\/api.w.org\/{rel}","templated":true}]}}